{"id":1114,"date":"2018-06-11T19:20:34","date_gmt":"2018-06-11T17:20:34","guid":{"rendered":"https:\/\/www.znakowo.pl\/blog\/?p=1114"},"modified":"2019-03-04T10:09:24","modified_gmt":"2019-03-04T09:09:24","slug":"minimalne-wymagania-dla-znakow-swietlnych","status":"publish","type":"post","link":"https:\/\/www.znakowo.pl\/blog\/minimalne-wymagania-dla-znakow-swietlnych\/","title":{"rendered":"Minimalne wymagania dla znak\u00f3w \u015bwietlnych"},"content":{"rendered":"<p>Znaki bezpiecze\u0144stwa, a\u00a0w\u00a0szczeg\u00f3lno\u015bci znaki ewakuacyjne i\u00a0przeciwpo\u017carowe, powinny by\u0107 dobrze widoczne zar\u00f3wno przy \u015bwietle dziennym, jak i\u00a0sztucznym, a\u00a0tak\u017ce w\u00a0miejscach niedo\u015bwietlonych i\u00a0w\u00a0przypadku braku o\u015bwietlenia (np. podczas awarii zasilania). Z\u00a0tego powodu stosuje si\u0119 <a href=\"https:\/\/www.znakowo.pl\/blog\/fotoluminescencyjne-znaki-bezpieczenstwa\/\">znaki fotoluminescencyjne<\/a> i\u00a0pod\u015bwietlane. Minimalne wymagania dla znak\u00f3w \u015bwietlnych opisane zosta\u0142y w\u00a0za\u0142\u0105czniku VI do Dyrektywy 92\/58\/EWG z\u00a0dnia 24 czerwca 1992\u00a0r.\u00a0w\u00a0sprawie minimalnych wymaga\u0144 dotycz\u0105cych znak\u00f3w bezpiecze\u0144stwa i\/lub zdrowia w\u00a0miejscu pracy.<\/p>\n<p><!--more--><\/p>\n<h2>Znaki \u015bwietlne \u2013 charakterystyka<\/h2>\n<p>\u015awiat\u0142o, kt\u00f3re emitowane jest przez znak, musi wytwarza\u0107 wyra\u017any kontrast \u2013 odpowiedni dla jego otoczenia, zgodnie z\u00a0warunkami stosowania znaku, ale bez wytwarzania zbyt silnego \u015bwiat\u0142a lub s\u0142abej widoczno\u015bci spowodowanej niedostatecznym \u015bwiat\u0142em. Powierzchnia \u015bwiec\u0105ca znaku mo\u017ce mie\u0107 tylko jedn\u0105 barw\u0119 lub piktogram na okre\u015blonym tle. Pojedyncze barwy, o\u00a0kt\u00f3rych mowa, musz\u0105 by\u0107 zgodne z\u00a0nast\u0119puj\u0105cymi wytycznymi:<\/p>\n<p><strong>Znaki koloru czerwonego<\/strong><\/p>\n<p><img loading=\"lazy\" decoding=\"async\" class=\"alignleft wp-image-1115 size-full\" src=\"https:\/\/www.znakowo.pl\/blog\/wp-content\/uploads\/2018\/06\/znaki-czerwone.jpg\" alt=\"znaki koloru czerwonego\" width=\"641\" height=\"190\" srcset=\"https:\/\/www.znakowo.pl\/blog\/wp-content\/uploads\/2018\/06\/znaki-czerwone.jpg 641w, https:\/\/www.znakowo.pl\/blog\/wp-content\/uploads\/2018\/06\/znaki-czerwone-300x89.jpg 300w\" sizes=\"auto, (max-width: 709px) 85vw, (max-width: 909px) 67vw, (max-width: 984px) 61vw, (max-width: 1362px) 45vw, 600px\" \/><\/p>\n<p style=\"text-align: left;\"><strong>Znaki koloru \u017c\u00f3\u0142tego lub bursztynowego<\/strong><\/p>\n<p><img loading=\"lazy\" decoding=\"async\" class=\"alignleft wp-image-1116 size-full\" src=\"https:\/\/www.znakowo.pl\/blog\/wp-content\/uploads\/2018\/06\/znaki-\u017c\u00f3\u0142te.jpg\" alt=\"Znaki koloru \u017c\u00f3\u0142tego lub bursztynowego\" width=\"638\" height=\"103\" srcset=\"https:\/\/www.znakowo.pl\/blog\/wp-content\/uploads\/2018\/06\/znaki-\u017c\u00f3\u0142te.jpg 638w, https:\/\/www.znakowo.pl\/blog\/wp-content\/uploads\/2018\/06\/znaki-\u017c\u00f3\u0142te-300x48.jpg 300w\" sizes=\"auto, (max-width: 709px) 85vw, (max-width: 909px) 67vw, (max-width: 984px) 61vw, (max-width: 1362px) 45vw, 600px\" \/><\/p>\n<p><strong>Znaki koloru niebieskiego<\/strong><\/p>\n<p><img loading=\"lazy\" decoding=\"async\" class=\"alignleft wp-image-1117 size-full\" src=\"https:\/\/www.znakowo.pl\/blog\/wp-content\/uploads\/2018\/06\/znaki-niebieskie.jpg\" alt=\"Znaki koloru niebieskiego\" width=\"628\" height=\"104\" srcset=\"https:\/\/www.znakowo.pl\/blog\/wp-content\/uploads\/2018\/06\/znaki-niebieskie.jpg 628w, https:\/\/www.znakowo.pl\/blog\/wp-content\/uploads\/2018\/06\/znaki-niebieskie-300x50.jpg 300w\" sizes=\"auto, (max-width: 709px) 85vw, (max-width: 909px) 67vw, (max-width: 984px) 61vw, (max-width: 1362px) 45vw, 600px\" \/><\/p>\n<p><strong>Znaki koloru zielonego<\/strong><\/p>\n<p><img loading=\"lazy\" decoding=\"async\" class=\"alignleft wp-image-1118 size-full\" src=\"https:\/\/www.znakowo.pl\/blog\/wp-content\/uploads\/2018\/06\/znaki-zielone.jpg\" alt=\"Znaki koloru zielonego\" width=\"600\" height=\"105\" srcset=\"https:\/\/www.znakowo.pl\/blog\/wp-content\/uploads\/2018\/06\/znaki-zielone.jpg 600w, https:\/\/www.znakowo.pl\/blog\/wp-content\/uploads\/2018\/06\/znaki-zielone-300x53.jpg 300w\" sizes=\"auto, (max-width: 709px) 85vw, (max-width: 909px) 67vw, (max-width: 984px) 61vw, (max-width: 1362px) 45vw, 600px\" \/><\/p>\n<p>Piktogramy na znakach musz\u0105 odpowiada\u0107 tym, kt\u00f3re u\u017cywane s\u0105 na <a href=\"https:\/\/www.znakowo.pl\/blog\/dyrektywa-92-58-ewg-stosowane-znaki-bezpieczenstwa\/\">przyj\u0119tych znakach bezpiecze\u0144stwa<\/a>.<\/p>\n<div class=\"product-small-box-content display-flex\">\n          <a href=\"https:\/\/www.znakowo.pl\/produkt\/lampa-oprawa-awaryjna-led-wskazujaca-kierunek-ewakuacji-ontec-e,tm-ontec-e,9155.html\" class=\"product-small\">\n          <div class=\"product-small-box\">\n              <div class=\"product-small-img\">\n                                    <img decoding=\"async\" src=\"https:\/\/tdc.znakowo.pl\/thumbs\/lampa-oprawa-awaryjna-led-wskazujaca-kierunek-ewakuacji-ontec-e-18155-9155-160-160-0.jpg\" alt=\"Lampa oprawa awaryjna LED - wskazuj\u0105ca kierunek ewakuacji ONTEC E - Minimalne wymagania dla znak\u00f3w \u015bwietlnych\" title=\"Lampa oprawa awaryjna LED - wskazuj\u0105ca kierunek ewakuacji ONTEC E - Minimalne wymagania dla znak\u00f3w \u015bwietlnych\" \/>\n              <\/div>\n              <div class=\"product-small-title\">\n                  Lampa oprawa awaryjna LED - wskazuj\u0105ca kierunek ewakuacji ONTEC E              <\/div>\n          <\/div>\n      <\/a>    \n            <a href=\"https:\/\/www.znakowo.pl\/produkt\/lampa-oprawa-awaryjna-led-wskazujaca-kierunek-ewakuacji-ontec-g,tm-ontec-g,9154.html\" class=\"product-small\">\n          <div class=\"product-small-box\">\n              <div class=\"product-small-img\">\n                                    <img decoding=\"async\" src=\"https:\/\/tdc.znakowo.pl\/thumbs\/lampa-oprawa-awaryjna-led-wskazujaca-kierunek-ewakuacji-ontec-g-18148-9154-160-160-0.jpg\" alt=\"Lampa oprawa awaryjna LED - wskazuj\u0105ca kierunek ewakuacji ONTEC G - Minimalne wymagania dla znak\u00f3w \u015bwietlnych\" title=\"Lampa oprawa awaryjna LED - wskazuj\u0105ca kierunek ewakuacji ONTEC G - Minimalne wymagania dla znak\u00f3w \u015bwietlnych\" \/>\n              <\/div>\n              <div class=\"product-small-title\">\n                  Lampa oprawa awaryjna LED - wskazuj\u0105ca kierunek ewakuacji ONTEC G              <\/div>\n          <\/div>\n      <\/a>    \n            <a href=\"https:\/\/www.znakowo.pl\/produkt\/zestaw-do-montazu-podtynkowego-ontec-g,tm-akcog001,9140.html\" class=\"product-small\">\n          <div class=\"product-small-box\">\n              <div class=\"product-small-img\">\n                                    <img decoding=\"async\" src=\"https:\/\/tdc.znakowo.pl\/thumbs\/zestaw-do-montazu-podtynkowego-ontec-g-18068-9140-160-160-0.jpg\" alt=\"Zestaw do monta\u017cu podtynkowego ONTEC G - Minimalne wymagania dla znak\u00f3w \u015bwietlnych\" title=\"Zestaw do monta\u017cu podtynkowego ONTEC G - Minimalne wymagania dla znak\u00f3w \u015bwietlnych\" \/>\n              <\/div>\n              <div class=\"product-small-title\">\n                  Zestaw do monta\u017cu podtynkowego ONTEC G              <\/div>\n          <\/div>\n      <\/a>    \n        \n    <div class=\"clearfix\"><\/div>    \n<\/div>\n\n<h2>Minimalne wymagania dla znak\u00f3w \u015bwietlnych \u2013 zasady stosowania<\/h2>\n<p>Je\u017celi urz\u0105dzenie mo\u017ce emitowa\u0107 zar\u00f3wno znak ci\u0105g\u0142y, jak i\u00a0przerywany, to znak przerywany powinien by\u0107 stosowany do wskazywania wi\u0119kszego poziomu niebezpiecze\u0144stwa lub pilniejszej potrzeby przeprowadzenia interwencji czy akcji, ani\u017celi znak ci\u0105g\u0142y.<\/p>\n<p>D\u0142ugo\u015b\u0107 ka\u017cdego b\u0142ysku oraz cz\u0119stotliwo\u015b\u0107 migania przerywanego znaku \u015bwietlnego musi:<\/p>\n<ul>\n<li>Zapewnia\u0107 w\u0142a\u015bciwe pojmowanie przekazywanych informacji.<\/li>\n<li>Zapobiega\u0107 jakimkolwiek pomy\u0142kom z\u00a0innymi znakami \u015bwietlnymi lub z\u00a0ci\u0105g\u0142ym znakiem \u015bwietlnym.<\/li>\n<\/ul>\n<p>W\u00a0przypadku, gdy znak b\u0142yskaj\u0105cy stosowany jest zamiast (lub razem) ze znakiem akustycznym, nale\u017cy zastosowa\u0107 identyczne kody. Je\u015bli natomiast istnieje powa\u017cne zagro\u017cenie, urz\u0105dzenie do emitowania znak\u00f3w b\u0142yskaj\u0105cych musz\u0105 znajdowa\u0107 si\u0119 pod specjalnym nadzorem lub by\u0107 zsynchronizowane z\u00a0lamp\u0105 pomocnicz\u0105.<\/p>\n","protected":false},"excerpt":{"rendered":"<p>Znaki bezpiecze\u0144stwa, a\u00a0w\u00a0szczeg\u00f3lno\u015bci znaki ewakuacyjne i\u00a0przeciwpo\u017carowe, powinny by\u0107 dobrze widoczne zar\u00f3wno przy \u015bwietle dziennym, jak i\u00a0sztucznym, a\u00a0tak\u017ce w\u00a0miejscach niedo\u015bwietlonych i\u00a0w\u00a0przypadku braku o\u015bwietlenia (np. podczas awarii zasilania). Z\u00a0tego powodu stosuje si\u0119 znaki fotoluminescencyjne i\u00a0pod\u015bwietlane. Minimalne wymagania dla znak\u00f3w \u015bwietlnych opisane zosta\u0142y w\u00a0za\u0142\u0105czniku VI do Dyrektywy 92\/58\/EWG z\u00a0dnia 24 czerwca 1992\u00a0r.\u00a0w\u00a0sprawie minimalnych wymaga\u0144 dotycz\u0105cych znak\u00f3w bezpiecze\u0144stwa i\/lub &hellip; <a href=\"https:\/\/www.znakowo.pl\/blog\/minimalne-wymagania-dla-znakow-swietlnych\/\" class=\"more-link\">Zobacz<\/a><\/p>\n","protected":false},"author":3,"featured_media":1129,"comment_status":"closed","ping_status":"closed","sticky":false,"template":"","format":"standard","meta":{"_acf_changed":false,"footnotes":""},"categories":[1],"tags":[],"class_list":["post-1114","post","type-post","status-publish","format-standard","has-post-thumbnail","hentry","category-przepisy-ustawy"],"acf":[],"yoast_head":"<!-- This site is optimized with the Yoast SEO plugin v27.4 - https:\/\/yoast.com\/product\/yoast-seo-wordpress\/ -->\n<title>Minimalne wymagania dla znak\u00f3w \u015bwietlnych - Blog znakowo.pl<\/title>\n<meta name=\"description\" content=\"Dyrektywa 92\/58\/EWG - minimalne wymagania dla znak\u00f3w \u015bwietlnych. Jakie piktogramy i barwy nale\u017cy stosowa\u0107 do znak\u00f3w pod\u015bwietlanych?\" \/>\n<meta name=\"robots\" content=\"index, follow, max-snippet:-1, max-image-preview:large, max-video-preview:-1\" \/>\n<link rel=\"canonical\" href=\"https:\/\/www.znakowo.pl\/blog\/minimalne-wymagania-dla-znakow-swietlnych\/\" \/>\n<meta property=\"og:locale\" content=\"pl_PL\" \/>\n<meta property=\"og:type\" content=\"article\" \/>\n<meta property=\"og:title\" content=\"Minimalne wymagania dla znak\u00f3w \u015bwietlnych - Blog znakowo.pl\" \/>\n<meta property=\"og:description\" content=\"Dyrektywa 92\/58\/EWG - minimalne wymagania dla znak\u00f3w \u015bwietlnych. Jakie piktogramy i barwy nale\u017cy stosowa\u0107 do znak\u00f3w pod\u015bwietlanych?\" \/>\n<meta property=\"og:url\" content=\"https:\/\/www.znakowo.pl\/blog\/minimalne-wymagania-dla-znakow-swietlnych\/\" \/>\n<meta property=\"og:site_name\" content=\"Blog znakowo.pl\" \/>\n<meta property=\"article:publisher\" content=\"https:\/\/www.facebook.com\/Znakowo\/\" \/>\n<meta property=\"article:published_time\" content=\"2018-06-11T17:20:34+00:00\" \/>\n<meta property=\"article:modified_time\" content=\"2019-03-04T09:09:24+00:00\" \/>\n<meta property=\"og:image\" content=\"https:\/\/www.znakowo.pl\/blog\/wp-content\/uploads\/2018\/06\/Depositphotos_98681536_xl-2015_preview.jpeg\" \/>\n\t<meta property=\"og:image:width\" content=\"1280\" \/>\n\t<meta property=\"og:image:height\" content=\"931\" \/>\n\t<meta property=\"og:image:type\" content=\"image\/jpeg\" \/>\n<meta name=\"author\" content=\"Julita Krzemi\u0144ska\" \/>\n<meta name=\"twitter:card\" content=\"summary_large_image\" \/>\n<meta name=\"twitter:label1\" content=\"Napisane przez\" \/>\n\t<meta name=\"twitter:data1\" content=\"Julita Krzemi\u0144ska\" \/>\n\t<meta name=\"twitter:label2\" content=\"Szacowany czas czytania\" \/>\n\t<meta name=\"twitter:data2\" content=\"2 minuty\" \/>\n<script type=\"application\/ld+json\" class=\"yoast-schema-graph\">{\"@context\":\"https:\\\/\\\/schema.org\",\"@graph\":[{\"@type\":\"Article\",\"@id\":\"https:\\\/\\\/www.znakowo.pl\\\/blog\\\/minimalne-wymagania-dla-znakow-swietlnych\\\/#article\",\"isPartOf\":{\"@id\":\"https:\\\/\\\/www.znakowo.pl\\\/blog\\\/minimalne-wymagania-dla-znakow-swietlnych\\\/\"},\"author\":{\"name\":\"Julita Krzemi\u0144ska\",\"@id\":\"https:\\\/\\\/www.znakowo.pl\\\/blog\\\/#\\\/schema\\\/person\\\/a29ddb53515b4cfd337f1582146267d9\"},\"headline\":\"Minimalne wymagania dla znak\u00f3w \u015bwietlnych\",\"datePublished\":\"2018-06-11T17:20:34+00:00\",\"dateModified\":\"2019-03-04T09:09:24+00:00\",\"mainEntityOfPage\":{\"@id\":\"https:\\\/\\\/www.znakowo.pl\\\/blog\\\/minimalne-wymagania-dla-znakow-swietlnych\\\/\"},\"wordCount\":335,\"publisher\":{\"@id\":\"https:\\\/\\\/www.znakowo.pl\\\/blog\\\/#organization\"},\"image\":{\"@id\":\"https:\\\/\\\/www.znakowo.pl\\\/blog\\\/minimalne-wymagania-dla-znakow-swietlnych\\\/#primaryimage\"},\"thumbnailUrl\":\"https:\\\/\\\/www.znakowo.pl\\\/blog\\\/wp-content\\\/uploads\\\/2018\\\/06\\\/Depositphotos_98681536_xl-2015_preview.jpeg\",\"articleSection\":[\"Przepisy, ustawy\"],\"inLanguage\":\"pl-PL\"},{\"@type\":\"WebPage\",\"@id\":\"https:\\\/\\\/www.znakowo.pl\\\/blog\\\/minimalne-wymagania-dla-znakow-swietlnych\\\/\",\"url\":\"https:\\\/\\\/www.znakowo.pl\\\/blog\\\/minimalne-wymagania-dla-znakow-swietlnych\\\/\",\"name\":\"Minimalne wymagania dla znak\u00f3w \u015bwietlnych - Blog znakowo.pl\",\"isPartOf\":{\"@id\":\"https:\\\/\\\/www.znakowo.pl\\\/blog\\\/#website\"},\"primaryImageOfPage\":{\"@id\":\"https:\\\/\\\/www.znakowo.pl\\\/blog\\\/minimalne-wymagania-dla-znakow-swietlnych\\\/#primaryimage\"},\"image\":{\"@id\":\"https:\\\/\\\/www.znakowo.pl\\\/blog\\\/minimalne-wymagania-dla-znakow-swietlnych\\\/#primaryimage\"},\"thumbnailUrl\":\"https:\\\/\\\/www.znakowo.pl\\\/blog\\\/wp-content\\\/uploads\\\/2018\\\/06\\\/Depositphotos_98681536_xl-2015_preview.jpeg\",\"datePublished\":\"2018-06-11T17:20:34+00:00\",\"dateModified\":\"2019-03-04T09:09:24+00:00\",\"description\":\"Dyrektywa 92\\\/58\\\/EWG - minimalne wymagania dla znak\u00f3w \u015bwietlnych. Jakie piktogramy i barwy nale\u017cy stosowa\u0107 do znak\u00f3w pod\u015bwietlanych?\",\"breadcrumb\":{\"@id\":\"https:\\\/\\\/www.znakowo.pl\\\/blog\\\/minimalne-wymagania-dla-znakow-swietlnych\\\/#breadcrumb\"},\"inLanguage\":\"pl-PL\",\"potentialAction\":[{\"@type\":\"ReadAction\",\"target\":[\"https:\\\/\\\/www.znakowo.pl\\\/blog\\\/minimalne-wymagania-dla-znakow-swietlnych\\\/\"]}]},{\"@type\":\"ImageObject\",\"inLanguage\":\"pl-PL\",\"@id\":\"https:\\\/\\\/www.znakowo.pl\\\/blog\\\/minimalne-wymagania-dla-znakow-swietlnych\\\/#primaryimage\",\"url\":\"https:\\\/\\\/www.znakowo.pl\\\/blog\\\/wp-content\\\/uploads\\\/2018\\\/06\\\/Depositphotos_98681536_xl-2015_preview.jpeg\",\"contentUrl\":\"https:\\\/\\\/www.znakowo.pl\\\/blog\\\/wp-content\\\/uploads\\\/2018\\\/06\\\/Depositphotos_98681536_xl-2015_preview.jpeg\",\"width\":1280,\"height\":931},{\"@type\":\"BreadcrumbList\",\"@id\":\"https:\\\/\\\/www.znakowo.pl\\\/blog\\\/minimalne-wymagania-dla-znakow-swietlnych\\\/#breadcrumb\",\"itemListElement\":[{\"@type\":\"ListItem\",\"position\":1,\"name\":\"Strona g\u0142\u00f3wna\",\"item\":\"https:\\\/\\\/www.znakowo.pl\\\/blog\\\/\"},{\"@type\":\"ListItem\",\"position\":2,\"name\":\"Minimalne wymagania dla znak\u00f3w \u015bwietlnych\"}]},{\"@type\":\"WebSite\",\"@id\":\"https:\\\/\\\/www.znakowo.pl\\\/blog\\\/#website\",\"url\":\"https:\\\/\\\/www.znakowo.pl\\\/blog\\\/\",\"name\":\"Blog znakowo.pl\",\"description\":\"\",\"publisher\":{\"@id\":\"https:\\\/\\\/www.znakowo.pl\\\/blog\\\/#organization\"},\"potentialAction\":[{\"@type\":\"SearchAction\",\"target\":{\"@type\":\"EntryPoint\",\"urlTemplate\":\"https:\\\/\\\/www.znakowo.pl\\\/blog\\\/?s={search_term_string}\"},\"query-input\":{\"@type\":\"PropertyValueSpecification\",\"valueRequired\":true,\"valueName\":\"search_term_string\"}}],\"inLanguage\":\"pl-PL\"},{\"@type\":\"Organization\",\"@id\":\"https:\\\/\\\/www.znakowo.pl\\\/blog\\\/#organization\",\"name\":\"Znakowo.pl\",\"url\":\"https:\\\/\\\/www.znakowo.pl\\\/blog\\\/\",\"logo\":{\"@type\":\"ImageObject\",\"inLanguage\":\"pl-PL\",\"@id\":\"https:\\\/\\\/www.znakowo.pl\\\/blog\\\/#\\\/schema\\\/logo\\\/image\\\/\",\"url\":\"https:\\\/\\\/www.znakowo.pl\\\/blog\\\/wp-content\\\/uploads\\\/2017\\\/05\\\/logo_1.png\",\"contentUrl\":\"https:\\\/\\\/www.znakowo.pl\\\/blog\\\/wp-content\\\/uploads\\\/2017\\\/05\\\/logo_1.png\",\"width\":277,\"height\":94,\"caption\":\"Znakowo.pl\"},\"image\":{\"@id\":\"https:\\\/\\\/www.znakowo.pl\\\/blog\\\/#\\\/schema\\\/logo\\\/image\\\/\"},\"sameAs\":[\"https:\\\/\\\/www.facebook.com\\\/Znakowo\\\/\"]},{\"@type\":\"Person\",\"@id\":\"https:\\\/\\\/www.znakowo.pl\\\/blog\\\/#\\\/schema\\\/person\\\/a29ddb53515b4cfd337f1582146267d9\",\"name\":\"Julita Krzemi\u0144ska\",\"image\":{\"@type\":\"ImageObject\",\"inLanguage\":\"pl-PL\",\"@id\":\"https:\\\/\\\/secure.gravatar.com\\\/avatar\\\/e6adac54b1d18b21f8567cc6208ef43409e661f1070cf8be2e6912306b99d439?s=96&d=mm&r=g\",\"url\":\"https:\\\/\\\/secure.gravatar.com\\\/avatar\\\/e6adac54b1d18b21f8567cc6208ef43409e661f1070cf8be2e6912306b99d439?s=96&d=mm&r=g\",\"contentUrl\":\"https:\\\/\\\/secure.gravatar.com\\\/avatar\\\/e6adac54b1d18b21f8567cc6208ef43409e661f1070cf8be2e6912306b99d439?s=96&d=mm&r=g\",\"caption\":\"Julita Krzemi\u0144ska\"},\"url\":\"https:\\\/\\\/www.znakowo.pl\\\/blog\\\/author\\\/jkrzeminska\\\/\"}]}<\/script>\n<!-- \/ Yoast SEO plugin. -->","yoast_head_json":{"title":"Minimalne wymagania dla znak\u00f3w \u015bwietlnych - Blog znakowo.pl","description":"Dyrektywa 92\/58\/EWG - minimalne wymagania dla znak\u00f3w \u015bwietlnych. Jakie piktogramy i barwy nale\u017cy stosowa\u0107 do znak\u00f3w pod\u015bwietlanych?","robots":{"index":"index","follow":"follow","max-snippet":"max-snippet:-1","max-image-preview":"max-image-preview:large","max-video-preview":"max-video-preview:-1"},"canonical":"https:\/\/www.znakowo.pl\/blog\/minimalne-wymagania-dla-znakow-swietlnych\/","og_locale":"pl_PL","og_type":"article","og_title":"Minimalne wymagania dla znak\u00f3w \u015bwietlnych - Blog znakowo.pl","og_description":"Dyrektywa 92\/58\/EWG - minimalne wymagania dla znak\u00f3w \u015bwietlnych. Jakie piktogramy i barwy nale\u017cy stosowa\u0107 do znak\u00f3w pod\u015bwietlanych?","og_url":"https:\/\/www.znakowo.pl\/blog\/minimalne-wymagania-dla-znakow-swietlnych\/","og_site_name":"Blog znakowo.pl","article_publisher":"https:\/\/www.facebook.com\/Znakowo\/","article_published_time":"2018-06-11T17:20:34+00:00","article_modified_time":"2019-03-04T09:09:24+00:00","og_image":[{"width":1280,"height":931,"url":"https:\/\/www.znakowo.pl\/blog\/wp-content\/uploads\/2018\/06\/Depositphotos_98681536_xl-2015_preview.jpeg","type":"image\/jpeg"}],"author":"Julita Krzemi\u0144ska","twitter_card":"summary_large_image","twitter_misc":{"Napisane przez":"Julita Krzemi\u0144ska","Szacowany czas czytania":"2 minuty"},"schema":{"@context":"https:\/\/schema.org","@graph":[{"@type":"Article","@id":"https:\/\/www.znakowo.pl\/blog\/minimalne-wymagania-dla-znakow-swietlnych\/#article","isPartOf":{"@id":"https:\/\/www.znakowo.pl\/blog\/minimalne-wymagania-dla-znakow-swietlnych\/"},"author":{"name":"Julita Krzemi\u0144ska","@id":"https:\/\/www.znakowo.pl\/blog\/#\/schema\/person\/a29ddb53515b4cfd337f1582146267d9"},"headline":"Minimalne wymagania dla znak\u00f3w \u015bwietlnych","datePublished":"2018-06-11T17:20:34+00:00","dateModified":"2019-03-04T09:09:24+00:00","mainEntityOfPage":{"@id":"https:\/\/www.znakowo.pl\/blog\/minimalne-wymagania-dla-znakow-swietlnych\/"},"wordCount":335,"publisher":{"@id":"https:\/\/www.znakowo.pl\/blog\/#organization"},"image":{"@id":"https:\/\/www.znakowo.pl\/blog\/minimalne-wymagania-dla-znakow-swietlnych\/#primaryimage"},"thumbnailUrl":"https:\/\/www.znakowo.pl\/blog\/wp-content\/uploads\/2018\/06\/Depositphotos_98681536_xl-2015_preview.jpeg","articleSection":["Przepisy, ustawy"],"inLanguage":"pl-PL"},{"@type":"WebPage","@id":"https:\/\/www.znakowo.pl\/blog\/minimalne-wymagania-dla-znakow-swietlnych\/","url":"https:\/\/www.znakowo.pl\/blog\/minimalne-wymagania-dla-znakow-swietlnych\/","name":"Minimalne wymagania dla znak\u00f3w \u015bwietlnych - Blog znakowo.pl","isPartOf":{"@id":"https:\/\/www.znakowo.pl\/blog\/#website"},"primaryImageOfPage":{"@id":"https:\/\/www.znakowo.pl\/blog\/minimalne-wymagania-dla-znakow-swietlnych\/#primaryimage"},"image":{"@id":"https:\/\/www.znakowo.pl\/blog\/minimalne-wymagania-dla-znakow-swietlnych\/#primaryimage"},"thumbnailUrl":"https:\/\/www.znakowo.pl\/blog\/wp-content\/uploads\/2018\/06\/Depositphotos_98681536_xl-2015_preview.jpeg","datePublished":"2018-06-11T17:20:34+00:00","dateModified":"2019-03-04T09:09:24+00:00","description":"Dyrektywa 92\/58\/EWG - minimalne wymagania dla znak\u00f3w \u015bwietlnych. Jakie piktogramy i barwy nale\u017cy stosowa\u0107 do znak\u00f3w pod\u015bwietlanych?","breadcrumb":{"@id":"https:\/\/www.znakowo.pl\/blog\/minimalne-wymagania-dla-znakow-swietlnych\/#breadcrumb"},"inLanguage":"pl-PL","potentialAction":[{"@type":"ReadAction","target":["https:\/\/www.znakowo.pl\/blog\/minimalne-wymagania-dla-znakow-swietlnych\/"]}]},{"@type":"ImageObject","inLanguage":"pl-PL","@id":"https:\/\/www.znakowo.pl\/blog\/minimalne-wymagania-dla-znakow-swietlnych\/#primaryimage","url":"https:\/\/www.znakowo.pl\/blog\/wp-content\/uploads\/2018\/06\/Depositphotos_98681536_xl-2015_preview.jpeg","contentUrl":"https:\/\/www.znakowo.pl\/blog\/wp-content\/uploads\/2018\/06\/Depositphotos_98681536_xl-2015_preview.jpeg","width":1280,"height":931},{"@type":"BreadcrumbList","@id":"https:\/\/www.znakowo.pl\/blog\/minimalne-wymagania-dla-znakow-swietlnych\/#breadcrumb","itemListElement":[{"@type":"ListItem","position":1,"name":"Strona g\u0142\u00f3wna","item":"https:\/\/www.znakowo.pl\/blog\/"},{"@type":"ListItem","position":2,"name":"Minimalne wymagania dla znak\u00f3w \u015bwietlnych"}]},{"@type":"WebSite","@id":"https:\/\/www.znakowo.pl\/blog\/#website","url":"https:\/\/www.znakowo.pl\/blog\/","name":"Blog znakowo.pl","description":"","publisher":{"@id":"https:\/\/www.znakowo.pl\/blog\/#organization"},"potentialAction":[{"@type":"SearchAction","target":{"@type":"EntryPoint","urlTemplate":"https:\/\/www.znakowo.pl\/blog\/?s={search_term_string}"},"query-input":{"@type":"PropertyValueSpecification","valueRequired":true,"valueName":"search_term_string"}}],"inLanguage":"pl-PL"},{"@type":"Organization","@id":"https:\/\/www.znakowo.pl\/blog\/#organization","name":"Znakowo.pl","url":"https:\/\/www.znakowo.pl\/blog\/","logo":{"@type":"ImageObject","inLanguage":"pl-PL","@id":"https:\/\/www.znakowo.pl\/blog\/#\/schema\/logo\/image\/","url":"https:\/\/www.znakowo.pl\/blog\/wp-content\/uploads\/2017\/05\/logo_1.png","contentUrl":"https:\/\/www.znakowo.pl\/blog\/wp-content\/uploads\/2017\/05\/logo_1.png","width":277,"height":94,"caption":"Znakowo.pl"},"image":{"@id":"https:\/\/www.znakowo.pl\/blog\/#\/schema\/logo\/image\/"},"sameAs":["https:\/\/www.facebook.com\/Znakowo\/"]},{"@type":"Person","@id":"https:\/\/www.znakowo.pl\/blog\/#\/schema\/person\/a29ddb53515b4cfd337f1582146267d9","name":"Julita Krzemi\u0144ska","image":{"@type":"ImageObject","inLanguage":"pl-PL","@id":"https:\/\/secure.gravatar.com\/avatar\/e6adac54b1d18b21f8567cc6208ef43409e661f1070cf8be2e6912306b99d439?s=96&d=mm&r=g","url":"https:\/\/secure.gravatar.com\/avatar\/e6adac54b1d18b21f8567cc6208ef43409e661f1070cf8be2e6912306b99d439?s=96&d=mm&r=g","contentUrl":"https:\/\/secure.gravatar.com\/avatar\/e6adac54b1d18b21f8567cc6208ef43409e661f1070cf8be2e6912306b99d439?s=96&d=mm&r=g","caption":"Julita Krzemi\u0144ska"},"url":"https:\/\/www.znakowo.pl\/blog\/author\/jkrzeminska\/"}]}},"_links":{"self":[{"href":"https:\/\/www.znakowo.pl\/blog\/wp-json\/wp\/v2\/posts\/1114","targetHints":{"allow":["GET"]}}],"collection":[{"href":"https:\/\/www.znakowo.pl\/blog\/wp-json\/wp\/v2\/posts"}],"about":[{"href":"https:\/\/www.znakowo.pl\/blog\/wp-json\/wp\/v2\/types\/post"}],"author":[{"embeddable":true,"href":"https:\/\/www.znakowo.pl\/blog\/wp-json\/wp\/v2\/users\/3"}],"replies":[{"embeddable":true,"href":"https:\/\/www.znakowo.pl\/blog\/wp-json\/wp\/v2\/comments?post=1114"}],"version-history":[{"count":8,"href":"https:\/\/www.znakowo.pl\/blog\/wp-json\/wp\/v2\/posts\/1114\/revisions"}],"predecessor-version":[{"id":1594,"href":"https:\/\/www.znakowo.pl\/blog\/wp-json\/wp\/v2\/posts\/1114\/revisions\/1594"}],"wp:featuredmedia":[{"embeddable":true,"href":"https:\/\/www.znakowo.pl\/blog\/wp-json\/wp\/v2\/media\/1129"}],"wp:attachment":[{"href":"https:\/\/www.znakowo.pl\/blog\/wp-json\/wp\/v2\/media?parent=1114"}],"wp:term":[{"taxonomy":"category","embeddable":true,"href":"https:\/\/www.znakowo.pl\/blog\/wp-json\/wp\/v2\/categories?post=1114"},{"taxonomy":"post_tag","embeddable":true,"href":"https:\/\/www.znakowo.pl\/blog\/wp-json\/wp\/v2\/tags?post=1114"}],"curies":[{"name":"wp","href":"https:\/\/api.w.org\/{rel}","templated":true}]}}