{"id":1142,"date":"2018-06-26T09:44:16","date_gmt":"2018-06-26T07:44:16","guid":{"rendered":"https:\/\/www.znakowo.pl\/blog\/?p=1142"},"modified":"2019-02-25T10:46:27","modified_gmt":"2019-02-25T09:46:27","slug":"minimalne-wymagania-dla-komunikatow-werbalnych","status":"publish","type":"post","link":"https:\/\/www.znakowo.pl\/blog\/minimalne-wymagania-dla-komunikatow-werbalnych\/","title":{"rendered":"Minimalne wymagania dla komunikat\u00f3w werbalnych"},"content":{"rendered":"<p>Znaki bezpiecze\u0144stwa mog\u0105 przybiera\u0107 r\u00f3\u017cne formy. Najbardziej oczywist\u0105 i\u00a0chyba najcz\u0119\u015bciej spotykan\u0105 form\u0105 s\u0105 tabliczki z\u00a0piktogramami, ale mo\u017cemy spotka\u0107 si\u0119 r\u00f3wnie\u017c ze <a href=\"https:\/\/www.znakowo.pl\/blog\/minimalne-wymagania-dla-znakow-swietlnych\/\">znakami \u015bwietlnymi<\/a>, akustycznymi, r\u0119cznymi czy komunikatami werbalnymi. Minimalne wymagania dla komunikat\u00f3w werbalnych znajdziemy w\u00a0unijnej dyrektywie 92\/58\/EWG. Co trzeba o\u00a0nich wiedzie\u0107 i\u00a0czym si\u0119 charakteryzuj\u0105?<\/p>\n<p><!--more--><\/p>\n<h2>Komunikaty werbalne \u2013 cechy charakterystyczne<\/h2>\n<p>Komunikat werbalny mi\u0119dzy osob\u0105 przemawiaj\u0105c\u0105 (lub specjalnym urz\u0105dzeniem emituj\u0105cym) a\u00a0jednym lub wi\u0119ksz\u0105 liczb\u0105 s\u0142uchaczy powinien przyjmowa\u0107 form\u0119, niekiedy zakodowan\u0105, kr\u00f3tkich tekst\u00f3w, zwrot\u00f3w, grup s\u0142\u00f3w lub pojedynczych s\u0142\u00f3w. Wymagania dla komunikat\u00f3w werbalnych okre\u015blaj\u0105 r\u00f3wnie\u017c to, jakie powinny by\u0107 wszelkie wypowiadane informacje \u2013 niezmiernie wa\u017cne, by by\u0142y one mo\u017cliwie kr\u00f3tkie, proste i\u00a0jasne. Zar\u00f3wno werbalne umiej\u0119tno\u015bci osoby nadaj\u0105cej tego rodzaju komunikaty, jak i\u00a0zdolno\u015bci s\u0142uchowe osoby lub os\u00f3b, b\u0119d\u0105cych ich adresatami, musz\u0105 by\u0107 takie, aby zapewni\u0107 niezawodn\u0105, niczym niezak\u0142\u00f3con\u0105 komunikacj\u0119 werbaln\u0105.<\/p>\n<p>Komunikaty werbalne dzielimy na:<\/p>\n<ul>\n<li>bezpo\u015brednie \u2013 nadawane za pomoc\u0105 g\u0142osu ludzkiego,<\/li>\n<li>po\u015brednie \u2013 nadawane za pomoc\u0105 g\u0142osu ludzkiego lub sztucznego, emitowanego przez jakiekolwiek stosowne urz\u0105dzenie.<\/li>\n<\/ul>\n<div class=\"product-big\">\r\n    <div class=\"col-xs-12 col-md-5\">\r\n        <div class=\"product-big-img\"> \r\n                        <a href=\"https:\/\/www.znakowo.pl\/produkt\/lampa-oprawa-awaryjna-led-wskazujaca-kierunek-ewakuacji-ontec-e,tm-ontec-e,9155.html\" \/><img decoding=\"async\" src=\"https:\/\/tdc.znakowo.pl\/thumbs\/lampa-oprawa-awaryjna-led-wskazujaca-kierunek-ewakuacji-ontec-e-18155-9155-500-500-0.jpg\" alt=\"Lampa oprawa awaryjna LED - wskazuj\u0105ca kierunek ewakuacji ONTEC E - Minimalne wymagania dla komunikat\u00f3w werbalnych\" title=\"Lampa oprawa awaryjna LED - wskazuj\u0105ca kierunek ewakuacji ONTEC E - Minimalne wymagania dla komunikat\u00f3w werbalnych\" \/><\/a>\r\n        <\/div>  \r\n    <\/div>    \r\n    <div class=\"col-xs-12 col-md-7\">\r\n        <div class=\"product-big-content\">\r\n            <div class=\"product-big-title\">\r\n                <a href=\"https:\/\/www.znakowo.pl\/produkt\/lampa-oprawa-awaryjna-led-wskazujaca-kierunek-ewakuacji-ontec-e,tm-ontec-e,9155.html\">Lampa oprawa awaryjna LED - wskazuj\u0105ca kierunek ewakuacji ONTEC E<\/a>\r\n            <\/div>    \r\n            <div class=\"product-big-content\">\r\n                            <\/div>\r\n            <div class=\"product-buttons\">\r\n                                <a href=\"https:\/\/www.znakowo.pl\/produkt\/lampa-oprawa-awaryjna-led-wskazujaca-kierunek-ewakuacji-ontec-e,tm-ontec-e,9155.html\" class=\"product-link\">Kup<\/a>\r\n            <\/div>\r\n        <\/div>\r\n    <\/div> \r\n    <div class=\"clearfix\"><\/div>  \r\n<\/div>\r\n\r\n\n<h2>Wymagania dla komunikat\u00f3w werbalnych \u2013 szczeg\u00f3lne zasady stosowania<\/h2>\n<p>Osoby zaanga\u017cowane, odpowiedzialne za nadawanie komunikat\u00f3w, musz\u0105 dobrze zna\u0107 u\u017cywany j\u0119zyk. Jest to konieczne, aby nie tylko prawid\u0142owo wypowiedzie\u0107, ale i\u00a0zrozumie\u0107 wypowiadan\u0105 wiadomo\u015b\u0107, a\u00a0co za tym idzie, zachowywa\u0107 si\u0119 w\u00a0spos\u00f3b adekwatny.<\/p>\n<p>Je\u017celi komunikat werbalny u\u017cywany jest zamiast lub razem z\u00a0gestami, powinno si\u0119 u\u017cywa\u0107 nast\u0119puj\u0105cych wyraz\u00f3w zakodowanych:<\/p>\n<ul>\n<li>START \u2013 aby wskaza\u0107 pocz\u0105tek komendy.<\/li>\n<li>STOP \u2013 aby przerwa\u0107 lub zago\u0144czych ruch.<\/li>\n<li>KONIEC \u2013 aby zatrzyma\u0107 dzia\u0142anie.<\/li>\n<li>PODNIE\u015a\u0106 \u2013 aby podnie\u015b\u0107 \u0142adunek do g\u00f3ry.<\/li>\n<li>OPU\u015aCI\u0106 \u2013 aby opu\u015bci\u0107 \u0142adunek<\/li>\n<li>DO PRZODU \u2013 aby skoordynowa\u0107 z\u00a0odpowiednimi sygna\u0142ami r\u0119cznymi.<\/li>\n<li>DO TY\u0141U \u2013 aby skoordynowa\u0107 z\u00a0odpowiednimi sygna\u0142ami r\u0119cznymi.<\/li>\n<li>W PRAWO \u2013 aby skoordynowa\u0107 z\u00a0odpowiednimi sygna\u0142ami r\u0119cznymi.<\/li>\n<li>W LEWO \u2013 aby skoordynowa\u0107 z\u00a0odpowiednimi sygna\u0142ami r\u0119cznymi.<\/li>\n<li>NIEBEZPIECZE\u0143STWO \u2013 zatrzymanie si\u0119 w\u00a0nag\u0142ym przypadku.<\/li>\n<li>SZYBKO \u2013 przyspieszenie ruchu z\u00a0powod\u00f3w bezpiecze\u0144stwa.<\/li>\n<\/ul>\n<div class=\"product-box display-flex\">\r\n          <div class=\"col-xs-12 col-sm-4\">\r\n          <div class=\"col-xs-12\">\r\n              <div class=\"product-panel-img\">\r\n                                    <a href=\"https:\/\/www.znakowo.pl\/produkt\/tablica-sygnalow-alarmowych-obrony-cywilnej-kraju-instrukcja-ppoz-db024,db024,214.html\" \/><img decoding=\"async\" src=\"https:\/\/tdc.znakowo.pl\/thumbs\/tablica-sygnalow-alarmowych-obrony-cywilnej-kraju-instrukcja-ppoz-db024-9757-214-630-300-0.jpg\" alt=\"Tablica sygna\u0142\u00f3w alarmowych obrony cywilnej kraju - instrukcja ppo\u017c - DB024 - Minimalne wymagania dla komunikat\u00f3w werbalnych\" title=\"Tablica sygna\u0142\u00f3w alarmowych obrony cywilnej kraju - instrukcja ppo\u017c - DB024 - Minimalne wymagania dla komunikat\u00f3w werbalnych\" \/><\/a>\r\n              <\/div>  \r\n          <\/div>    \r\n          <div class=\"col-xs-12\">\r\n              <div class=\"product-panel-content\">\r\n                  <div class=\"product-panel-title\">\r\n                      <a href=\"https:\/\/www.znakowo.pl\/produkt\/tablica-sygnalow-alarmowych-obrony-cywilnej-kraju-instrukcja-ppoz-db024,db024,214.html\">Tablica sygna\u0142\u00f3w alarmowych obrony cywilnej kraju - instrukcja ppo\u017c - DB024<\/a>\r\n                  <\/div>    \r\n                  <div class=\"product-panel-content\">\r\n                                        <\/div>\r\n                  <div class=\"product-buttons\">\r\n                                              <a class=\"product-price\">od <span>39,24<\/span> z\u0142<\/a>\r\n                        \r\n                      <a href=\"https:\/\/www.znakowo.pl\/produkt\/tablica-sygnalow-alarmowych-obrony-cywilnej-kraju-instrukcja-ppoz-db024,db024,214.html\" class=\"product-link\">Kup<\/a>\r\n                      <div class=\"clearfix\"><\/div>  \r\n                  <\/div>\r\n              <\/div>\r\n          <\/div> \r\n          <div class=\"clearfix\"><\/div>  \r\n      <\/div>\r\n          <div class=\"clearfix\"><\/div>  \r\n<\/div>    \n","protected":false},"excerpt":{"rendered":"<p>Znaki bezpiecze\u0144stwa mog\u0105 przybiera\u0107 r\u00f3\u017cne formy. Najbardziej oczywist\u0105 i\u00a0chyba najcz\u0119\u015bciej spotykan\u0105 form\u0105 s\u0105 tabliczki z\u00a0piktogramami, ale mo\u017cemy spotka\u0107 si\u0119 r\u00f3wnie\u017c ze znakami \u015bwietlnymi, akustycznymi, r\u0119cznymi czy komunikatami werbalnymi. Minimalne wymagania dla komunikat\u00f3w werbalnych znajdziemy w\u00a0unijnej dyrektywie 92\/58\/EWG. Co trzeba o\u00a0nich wiedzie\u0107 i\u00a0czym si\u0119 charakteryzuj\u0105?<\/p>\n","protected":false},"author":3,"featured_media":1148,"comment_status":"closed","ping_status":"closed","sticky":false,"template":"","format":"standard","meta":{"_acf_changed":false,"footnotes":""},"categories":[118,1],"tags":[],"class_list":["post-1142","post","type-post","status-publish","format-standard","has-post-thumbnail","hentry","category-oznakowanie-obiektow","category-przepisy-ustawy"],"acf":[],"yoast_head":"<!-- This site is optimized with the Yoast SEO plugin v27.4 - https:\/\/yoast.com\/product\/yoast-seo-wordpress\/ -->\n<title>Minimalne wymagania dla komunikat\u00f3w werbalnych - Blog znakowo.pl<\/title>\n<meta name=\"description\" content=\"Minimalne wymagania dla komunikat\u00f3w werbalnych wed\u0142ug unijnej dyrektywy 92\/58\/EWG. Co trzeba wiedzie\u0107 o komunikatach werbalnych?\" \/>\n<meta name=\"robots\" content=\"index, follow, max-snippet:-1, max-image-preview:large, max-video-preview:-1\" \/>\n<link rel=\"canonical\" href=\"https:\/\/www.znakowo.pl\/blog\/minimalne-wymagania-dla-komunikatow-werbalnych\/\" \/>\n<meta property=\"og:locale\" content=\"pl_PL\" \/>\n<meta property=\"og:type\" content=\"article\" \/>\n<meta property=\"og:title\" content=\"Minimalne wymagania dla komunikat\u00f3w werbalnych - Blog znakowo.pl\" \/>\n<meta property=\"og:description\" content=\"Minimalne wymagania dla komunikat\u00f3w werbalnych wed\u0142ug unijnej dyrektywy 92\/58\/EWG. Co trzeba wiedzie\u0107 o komunikatach werbalnych?\" \/>\n<meta property=\"og:url\" content=\"https:\/\/www.znakowo.pl\/blog\/minimalne-wymagania-dla-komunikatow-werbalnych\/\" \/>\n<meta property=\"og:site_name\" content=\"Blog znakowo.pl\" \/>\n<meta property=\"article:publisher\" content=\"https:\/\/www.facebook.com\/Znakowo\/\" \/>\n<meta property=\"article:published_time\" content=\"2018-06-26T07:44:16+00:00\" \/>\n<meta property=\"article:modified_time\" content=\"2019-02-25T09:46:27+00:00\" \/>\n<meta property=\"og:image\" content=\"https:\/\/www.znakowo.pl\/blog\/wp-content\/uploads\/2018\/06\/Depositphotos_161453576_xl-2015_preview.jpeg\" \/>\n\t<meta property=\"og:image:width\" content=\"1280\" \/>\n\t<meta property=\"og:image:height\" content=\"854\" \/>\n\t<meta property=\"og:image:type\" content=\"image\/jpeg\" \/>\n<meta name=\"author\" content=\"Julita Krzemi\u0144ska\" \/>\n<meta name=\"twitter:card\" content=\"summary_large_image\" \/>\n<meta name=\"twitter:label1\" content=\"Napisane przez\" \/>\n\t<meta name=\"twitter:data1\" content=\"Julita Krzemi\u0144ska\" \/>\n\t<meta name=\"twitter:label2\" content=\"Szacowany czas czytania\" \/>\n\t<meta name=\"twitter:data2\" content=\"2 minuty\" \/>\n<script type=\"application\/ld+json\" class=\"yoast-schema-graph\">{\"@context\":\"https:\\\/\\\/schema.org\",\"@graph\":[{\"@type\":\"Article\",\"@id\":\"https:\\\/\\\/www.znakowo.pl\\\/blog\\\/minimalne-wymagania-dla-komunikatow-werbalnych\\\/#article\",\"isPartOf\":{\"@id\":\"https:\\\/\\\/www.znakowo.pl\\\/blog\\\/minimalne-wymagania-dla-komunikatow-werbalnych\\\/\"},\"author\":{\"name\":\"Julita Krzemi\u0144ska\",\"@id\":\"https:\\\/\\\/www.znakowo.pl\\\/blog\\\/#\\\/schema\\\/person\\\/a29ddb53515b4cfd337f1582146267d9\"},\"headline\":\"Minimalne wymagania dla komunikat\u00f3w werbalnych\",\"datePublished\":\"2018-06-26T07:44:16+00:00\",\"dateModified\":\"2019-02-25T09:46:27+00:00\",\"mainEntityOfPage\":{\"@id\":\"https:\\\/\\\/www.znakowo.pl\\\/blog\\\/minimalne-wymagania-dla-komunikatow-werbalnych\\\/\"},\"wordCount\":367,\"publisher\":{\"@id\":\"https:\\\/\\\/www.znakowo.pl\\\/blog\\\/#organization\"},\"image\":{\"@id\":\"https:\\\/\\\/www.znakowo.pl\\\/blog\\\/minimalne-wymagania-dla-komunikatow-werbalnych\\\/#primaryimage\"},\"thumbnailUrl\":\"https:\\\/\\\/www.znakowo.pl\\\/blog\\\/wp-content\\\/uploads\\\/2018\\\/06\\\/Depositphotos_161453576_xl-2015_preview.jpeg\",\"articleSection\":[\"Oznakowanie obiekt\u00f3w\",\"Przepisy, ustawy\"],\"inLanguage\":\"pl-PL\"},{\"@type\":\"WebPage\",\"@id\":\"https:\\\/\\\/www.znakowo.pl\\\/blog\\\/minimalne-wymagania-dla-komunikatow-werbalnych\\\/\",\"url\":\"https:\\\/\\\/www.znakowo.pl\\\/blog\\\/minimalne-wymagania-dla-komunikatow-werbalnych\\\/\",\"name\":\"Minimalne wymagania dla komunikat\u00f3w werbalnych - Blog znakowo.pl\",\"isPartOf\":{\"@id\":\"https:\\\/\\\/www.znakowo.pl\\\/blog\\\/#website\"},\"primaryImageOfPage\":{\"@id\":\"https:\\\/\\\/www.znakowo.pl\\\/blog\\\/minimalne-wymagania-dla-komunikatow-werbalnych\\\/#primaryimage\"},\"image\":{\"@id\":\"https:\\\/\\\/www.znakowo.pl\\\/blog\\\/minimalne-wymagania-dla-komunikatow-werbalnych\\\/#primaryimage\"},\"thumbnailUrl\":\"https:\\\/\\\/www.znakowo.pl\\\/blog\\\/wp-content\\\/uploads\\\/2018\\\/06\\\/Depositphotos_161453576_xl-2015_preview.jpeg\",\"datePublished\":\"2018-06-26T07:44:16+00:00\",\"dateModified\":\"2019-02-25T09:46:27+00:00\",\"description\":\"Minimalne wymagania dla komunikat\u00f3w werbalnych wed\u0142ug unijnej dyrektywy 92\\\/58\\\/EWG. Co trzeba wiedzie\u0107 o komunikatach werbalnych?\",\"breadcrumb\":{\"@id\":\"https:\\\/\\\/www.znakowo.pl\\\/blog\\\/minimalne-wymagania-dla-komunikatow-werbalnych\\\/#breadcrumb\"},\"inLanguage\":\"pl-PL\",\"potentialAction\":[{\"@type\":\"ReadAction\",\"target\":[\"https:\\\/\\\/www.znakowo.pl\\\/blog\\\/minimalne-wymagania-dla-komunikatow-werbalnych\\\/\"]}]},{\"@type\":\"ImageObject\",\"inLanguage\":\"pl-PL\",\"@id\":\"https:\\\/\\\/www.znakowo.pl\\\/blog\\\/minimalne-wymagania-dla-komunikatow-werbalnych\\\/#primaryimage\",\"url\":\"https:\\\/\\\/www.znakowo.pl\\\/blog\\\/wp-content\\\/uploads\\\/2018\\\/06\\\/Depositphotos_161453576_xl-2015_preview.jpeg\",\"contentUrl\":\"https:\\\/\\\/www.znakowo.pl\\\/blog\\\/wp-content\\\/uploads\\\/2018\\\/06\\\/Depositphotos_161453576_xl-2015_preview.jpeg\",\"width\":1280,\"height\":854,\"caption\":\"wymagania dla komunikat\u00f3w werbalnych\"},{\"@type\":\"BreadcrumbList\",\"@id\":\"https:\\\/\\\/www.znakowo.pl\\\/blog\\\/minimalne-wymagania-dla-komunikatow-werbalnych\\\/#breadcrumb\",\"itemListElement\":[{\"@type\":\"ListItem\",\"position\":1,\"name\":\"Strona g\u0142\u00f3wna\",\"item\":\"https:\\\/\\\/www.znakowo.pl\\\/blog\\\/\"},{\"@type\":\"ListItem\",\"position\":2,\"name\":\"Minimalne wymagania dla komunikat\u00f3w werbalnych\"}]},{\"@type\":\"WebSite\",\"@id\":\"https:\\\/\\\/www.znakowo.pl\\\/blog\\\/#website\",\"url\":\"https:\\\/\\\/www.znakowo.pl\\\/blog\\\/\",\"name\":\"Blog znakowo.pl\",\"description\":\"\",\"publisher\":{\"@id\":\"https:\\\/\\\/www.znakowo.pl\\\/blog\\\/#organization\"},\"potentialAction\":[{\"@type\":\"SearchAction\",\"target\":{\"@type\":\"EntryPoint\",\"urlTemplate\":\"https:\\\/\\\/www.znakowo.pl\\\/blog\\\/?s={search_term_string}\"},\"query-input\":{\"@type\":\"PropertyValueSpecification\",\"valueRequired\":true,\"valueName\":\"search_term_string\"}}],\"inLanguage\":\"pl-PL\"},{\"@type\":\"Organization\",\"@id\":\"https:\\\/\\\/www.znakowo.pl\\\/blog\\\/#organization\",\"name\":\"Znakowo.pl\",\"url\":\"https:\\\/\\\/www.znakowo.pl\\\/blog\\\/\",\"logo\":{\"@type\":\"ImageObject\",\"inLanguage\":\"pl-PL\",\"@id\":\"https:\\\/\\\/www.znakowo.pl\\\/blog\\\/#\\\/schema\\\/logo\\\/image\\\/\",\"url\":\"https:\\\/\\\/www.znakowo.pl\\\/blog\\\/wp-content\\\/uploads\\\/2017\\\/05\\\/logo_1.png\",\"contentUrl\":\"https:\\\/\\\/www.znakowo.pl\\\/blog\\\/wp-content\\\/uploads\\\/2017\\\/05\\\/logo_1.png\",\"width\":277,\"height\":94,\"caption\":\"Znakowo.pl\"},\"image\":{\"@id\":\"https:\\\/\\\/www.znakowo.pl\\\/blog\\\/#\\\/schema\\\/logo\\\/image\\\/\"},\"sameAs\":[\"https:\\\/\\\/www.facebook.com\\\/Znakowo\\\/\"]},{\"@type\":\"Person\",\"@id\":\"https:\\\/\\\/www.znakowo.pl\\\/blog\\\/#\\\/schema\\\/person\\\/a29ddb53515b4cfd337f1582146267d9\",\"name\":\"Julita Krzemi\u0144ska\",\"image\":{\"@type\":\"ImageObject\",\"inLanguage\":\"pl-PL\",\"@id\":\"https:\\\/\\\/secure.gravatar.com\\\/avatar\\\/e6adac54b1d18b21f8567cc6208ef43409e661f1070cf8be2e6912306b99d439?s=96&d=mm&r=g\",\"url\":\"https:\\\/\\\/secure.gravatar.com\\\/avatar\\\/e6adac54b1d18b21f8567cc6208ef43409e661f1070cf8be2e6912306b99d439?s=96&d=mm&r=g\",\"contentUrl\":\"https:\\\/\\\/secure.gravatar.com\\\/avatar\\\/e6adac54b1d18b21f8567cc6208ef43409e661f1070cf8be2e6912306b99d439?s=96&d=mm&r=g\",\"caption\":\"Julita Krzemi\u0144ska\"},\"url\":\"https:\\\/\\\/www.znakowo.pl\\\/blog\\\/author\\\/jkrzeminska\\\/\"}]}<\/script>\n<!-- \/ Yoast SEO plugin. -->","yoast_head_json":{"title":"Minimalne wymagania dla komunikat\u00f3w werbalnych - Blog znakowo.pl","description":"Minimalne wymagania dla komunikat\u00f3w werbalnych wed\u0142ug unijnej dyrektywy 92\/58\/EWG. Co trzeba wiedzie\u0107 o komunikatach werbalnych?","robots":{"index":"index","follow":"follow","max-snippet":"max-snippet:-1","max-image-preview":"max-image-preview:large","max-video-preview":"max-video-preview:-1"},"canonical":"https:\/\/www.znakowo.pl\/blog\/minimalne-wymagania-dla-komunikatow-werbalnych\/","og_locale":"pl_PL","og_type":"article","og_title":"Minimalne wymagania dla komunikat\u00f3w werbalnych - Blog znakowo.pl","og_description":"Minimalne wymagania dla komunikat\u00f3w werbalnych wed\u0142ug unijnej dyrektywy 92\/58\/EWG. Co trzeba wiedzie\u0107 o komunikatach werbalnych?","og_url":"https:\/\/www.znakowo.pl\/blog\/minimalne-wymagania-dla-komunikatow-werbalnych\/","og_site_name":"Blog znakowo.pl","article_publisher":"https:\/\/www.facebook.com\/Znakowo\/","article_published_time":"2018-06-26T07:44:16+00:00","article_modified_time":"2019-02-25T09:46:27+00:00","og_image":[{"width":1280,"height":854,"url":"https:\/\/www.znakowo.pl\/blog\/wp-content\/uploads\/2018\/06\/Depositphotos_161453576_xl-2015_preview.jpeg","type":"image\/jpeg"}],"author":"Julita Krzemi\u0144ska","twitter_card":"summary_large_image","twitter_misc":{"Napisane przez":"Julita Krzemi\u0144ska","Szacowany czas czytania":"2 minuty"},"schema":{"@context":"https:\/\/schema.org","@graph":[{"@type":"Article","@id":"https:\/\/www.znakowo.pl\/blog\/minimalne-wymagania-dla-komunikatow-werbalnych\/#article","isPartOf":{"@id":"https:\/\/www.znakowo.pl\/blog\/minimalne-wymagania-dla-komunikatow-werbalnych\/"},"author":{"name":"Julita Krzemi\u0144ska","@id":"https:\/\/www.znakowo.pl\/blog\/#\/schema\/person\/a29ddb53515b4cfd337f1582146267d9"},"headline":"Minimalne wymagania dla komunikat\u00f3w werbalnych","datePublished":"2018-06-26T07:44:16+00:00","dateModified":"2019-02-25T09:46:27+00:00","mainEntityOfPage":{"@id":"https:\/\/www.znakowo.pl\/blog\/minimalne-wymagania-dla-komunikatow-werbalnych\/"},"wordCount":367,"publisher":{"@id":"https:\/\/www.znakowo.pl\/blog\/#organization"},"image":{"@id":"https:\/\/www.znakowo.pl\/blog\/minimalne-wymagania-dla-komunikatow-werbalnych\/#primaryimage"},"thumbnailUrl":"https:\/\/www.znakowo.pl\/blog\/wp-content\/uploads\/2018\/06\/Depositphotos_161453576_xl-2015_preview.jpeg","articleSection":["Oznakowanie obiekt\u00f3w","Przepisy, ustawy"],"inLanguage":"pl-PL"},{"@type":"WebPage","@id":"https:\/\/www.znakowo.pl\/blog\/minimalne-wymagania-dla-komunikatow-werbalnych\/","url":"https:\/\/www.znakowo.pl\/blog\/minimalne-wymagania-dla-komunikatow-werbalnych\/","name":"Minimalne wymagania dla komunikat\u00f3w werbalnych - Blog znakowo.pl","isPartOf":{"@id":"https:\/\/www.znakowo.pl\/blog\/#website"},"primaryImageOfPage":{"@id":"https:\/\/www.znakowo.pl\/blog\/minimalne-wymagania-dla-komunikatow-werbalnych\/#primaryimage"},"image":{"@id":"https:\/\/www.znakowo.pl\/blog\/minimalne-wymagania-dla-komunikatow-werbalnych\/#primaryimage"},"thumbnailUrl":"https:\/\/www.znakowo.pl\/blog\/wp-content\/uploads\/2018\/06\/Depositphotos_161453576_xl-2015_preview.jpeg","datePublished":"2018-06-26T07:44:16+00:00","dateModified":"2019-02-25T09:46:27+00:00","description":"Minimalne wymagania dla komunikat\u00f3w werbalnych wed\u0142ug unijnej dyrektywy 92\/58\/EWG. Co trzeba wiedzie\u0107 o komunikatach werbalnych?","breadcrumb":{"@id":"https:\/\/www.znakowo.pl\/blog\/minimalne-wymagania-dla-komunikatow-werbalnych\/#breadcrumb"},"inLanguage":"pl-PL","potentialAction":[{"@type":"ReadAction","target":["https:\/\/www.znakowo.pl\/blog\/minimalne-wymagania-dla-komunikatow-werbalnych\/"]}]},{"@type":"ImageObject","inLanguage":"pl-PL","@id":"https:\/\/www.znakowo.pl\/blog\/minimalne-wymagania-dla-komunikatow-werbalnych\/#primaryimage","url":"https:\/\/www.znakowo.pl\/blog\/wp-content\/uploads\/2018\/06\/Depositphotos_161453576_xl-2015_preview.jpeg","contentUrl":"https:\/\/www.znakowo.pl\/blog\/wp-content\/uploads\/2018\/06\/Depositphotos_161453576_xl-2015_preview.jpeg","width":1280,"height":854,"caption":"wymagania dla komunikat\u00f3w werbalnych"},{"@type":"BreadcrumbList","@id":"https:\/\/www.znakowo.pl\/blog\/minimalne-wymagania-dla-komunikatow-werbalnych\/#breadcrumb","itemListElement":[{"@type":"ListItem","position":1,"name":"Strona g\u0142\u00f3wna","item":"https:\/\/www.znakowo.pl\/blog\/"},{"@type":"ListItem","position":2,"name":"Minimalne wymagania dla komunikat\u00f3w werbalnych"}]},{"@type":"WebSite","@id":"https:\/\/www.znakowo.pl\/blog\/#website","url":"https:\/\/www.znakowo.pl\/blog\/","name":"Blog znakowo.pl","description":"","publisher":{"@id":"https:\/\/www.znakowo.pl\/blog\/#organization"},"potentialAction":[{"@type":"SearchAction","target":{"@type":"EntryPoint","urlTemplate":"https:\/\/www.znakowo.pl\/blog\/?s={search_term_string}"},"query-input":{"@type":"PropertyValueSpecification","valueRequired":true,"valueName":"search_term_string"}}],"inLanguage":"pl-PL"},{"@type":"Organization","@id":"https:\/\/www.znakowo.pl\/blog\/#organization","name":"Znakowo.pl","url":"https:\/\/www.znakowo.pl\/blog\/","logo":{"@type":"ImageObject","inLanguage":"pl-PL","@id":"https:\/\/www.znakowo.pl\/blog\/#\/schema\/logo\/image\/","url":"https:\/\/www.znakowo.pl\/blog\/wp-content\/uploads\/2017\/05\/logo_1.png","contentUrl":"https:\/\/www.znakowo.pl\/blog\/wp-content\/uploads\/2017\/05\/logo_1.png","width":277,"height":94,"caption":"Znakowo.pl"},"image":{"@id":"https:\/\/www.znakowo.pl\/blog\/#\/schema\/logo\/image\/"},"sameAs":["https:\/\/www.facebook.com\/Znakowo\/"]},{"@type":"Person","@id":"https:\/\/www.znakowo.pl\/blog\/#\/schema\/person\/a29ddb53515b4cfd337f1582146267d9","name":"Julita Krzemi\u0144ska","image":{"@type":"ImageObject","inLanguage":"pl-PL","@id":"https:\/\/secure.gravatar.com\/avatar\/e6adac54b1d18b21f8567cc6208ef43409e661f1070cf8be2e6912306b99d439?s=96&d=mm&r=g","url":"https:\/\/secure.gravatar.com\/avatar\/e6adac54b1d18b21f8567cc6208ef43409e661f1070cf8be2e6912306b99d439?s=96&d=mm&r=g","contentUrl":"https:\/\/secure.gravatar.com\/avatar\/e6adac54b1d18b21f8567cc6208ef43409e661f1070cf8be2e6912306b99d439?s=96&d=mm&r=g","caption":"Julita Krzemi\u0144ska"},"url":"https:\/\/www.znakowo.pl\/blog\/author\/jkrzeminska\/"}]}},"_links":{"self":[{"href":"https:\/\/www.znakowo.pl\/blog\/wp-json\/wp\/v2\/posts\/1142","targetHints":{"allow":["GET"]}}],"collection":[{"href":"https:\/\/www.znakowo.pl\/blog\/wp-json\/wp\/v2\/posts"}],"about":[{"href":"https:\/\/www.znakowo.pl\/blog\/wp-json\/wp\/v2\/types\/post"}],"author":[{"embeddable":true,"href":"https:\/\/www.znakowo.pl\/blog\/wp-json\/wp\/v2\/users\/3"}],"replies":[{"embeddable":true,"href":"https:\/\/www.znakowo.pl\/blog\/wp-json\/wp\/v2\/comments?post=1142"}],"version-history":[{"count":4,"href":"https:\/\/www.znakowo.pl\/blog\/wp-json\/wp\/v2\/posts\/1142\/revisions"}],"predecessor-version":[{"id":1558,"href":"https:\/\/www.znakowo.pl\/blog\/wp-json\/wp\/v2\/posts\/1142\/revisions\/1558"}],"wp:featuredmedia":[{"embeddable":true,"href":"https:\/\/www.znakowo.pl\/blog\/wp-json\/wp\/v2\/media\/1148"}],"wp:attachment":[{"href":"https:\/\/www.znakowo.pl\/blog\/wp-json\/wp\/v2\/media?parent=1142"}],"wp:term":[{"taxonomy":"category","embeddable":true,"href":"https:\/\/www.znakowo.pl\/blog\/wp-json\/wp\/v2\/categories?post=1142"},{"taxonomy":"post_tag","embeddable":true,"href":"https:\/\/www.znakowo.pl\/blog\/wp-json\/wp\/v2\/tags?post=1142"}],"curies":[{"name":"wp","href":"https:\/\/api.w.org\/{rel}","templated":true}]}}