{"id":1212,"date":"2018-07-31T12:07:05","date_gmt":"2018-07-31T10:07:05","guid":{"rendered":"https:\/\/www.znakowo.pl\/blog\/?p=1212"},"modified":"2022-07-05T14:31:06","modified_gmt":"2022-07-05T12:31:06","slug":"deklaracja-zgodnosci-produkcji-we","status":"publish","type":"post","link":"https:\/\/www.znakowo.pl\/blog\/deklaracja-zgodnosci-produkcji-we\/","title":{"rendered":"Deklaracja zgodno\u015bci produkcji WE"},"content":{"rendered":"<p>Deklaracja zgodno\u015bci produkcji WE to dokument, kt\u00f3ry potwierdza, \u017ce dany wyr\u00f3b zgodny jest z\u00a0wymaganiami dyrektyw Unii Europejskiej. Co wa\u017cne, wyroby, podlegaj\u0105ce ocenie zgodno\u015bci, czyli m.in. \u015brodki ochrony indywidualnej o\u00a0z\u0142o\u017conej konstrukcji, kt\u00f3re nie posiadaj\u0105 deklaracji zgodno\u015bci, nie mog\u0105 by\u0107 wprowadzone do obrotu lub oddane do u\u017cytkowania na terenie UE. Co jeszcze warto wiedzie\u0107 o\u00a0tym dokumencie?<\/p>\n<p><!--more--><\/p>\n<p>Zgodnie z Dyrektyw\u0105 89\/686\/EWG deklaracja zgodno\u015bci produkcji WE jest procedur\u0105, na mocy kt\u00f3rej producent za\u015bwiadcza, \u017ce wytwarzane i\u00a0wprowadzane przez niego \u015brodki ochrony indywidualnej na rynek zgodne s\u0105 z\u00a0postanowieniami dyrektywy i\u00a0spe\u0142niaj\u0105 wymogi UE, kt\u00f3re ich dotycz\u0105. Deklaracja zgodno\u015bci WE jest o\u015bwiadczeniem pisemnym, sk\u0142adanym jednorazowo.<\/p>\n<p style=\"text-align: center;\"><strong>Deklaracja zgodno\u015bci WE &#8211; wz\u00f3r\u00a0<\/strong><\/p>\n<p><img loading=\"lazy\" decoding=\"async\" class=\"aligncenter wp-image-1213 size-full\" src=\"https:\/\/www.znakowo.pl\/blog\/wp-content\/uploads\/2018\/07\/deklaracja-zgodno\u015bci-we-zdj\u0119cie-1.jpg\" alt=\"Deklaracja zgodno\u015bci WE - wz\u00f3r\" width=\"481\" height=\"730\" srcset=\"https:\/\/www.znakowo.pl\/blog\/wp-content\/uploads\/2018\/07\/deklaracja-zgodno\u015bci-we-zdj\u0119cie-1.jpg 481w, https:\/\/www.znakowo.pl\/blog\/wp-content\/uploads\/2018\/07\/deklaracja-zgodno\u015bci-we-zdj\u0119cie-1-198x300.jpg 198w\" sizes=\"auto, (max-width: 481px) 85vw, 481px\" \/><\/p>\n<h2>Deklaracja zgodno\u015bci produkcji WE \u2013 znak zgodno\u015bci WE<\/h2>\n<p>Na \u015brodkach ochrony indywidualnej, kt\u00f3re posiadaj\u0105 deklaracj\u0119 zgodno\u015bci producent umieszcza znak zgodno\u015bci WE. Znak ten sk\u0142ada si\u0119 z\u00a0liter \u201eCE\u201d, za kt\u00f3rymi znajduj\u0105 si\u0119 dwie ostatnie cyfry roku, w\u00a0kt\u00f3rym zosta\u0142 przyznany. W\u00a0przypadku udzia\u0142u jednostki notyfikowanej w\u00a0<a href=\"https:\/\/www.znakowo.pl\/blog\/ocena-typu-we\/\">badaniu typu WE<\/a> na znaku powinien by\u0107 umieszczony tak\u017ce numer identyfikacyjny tej jednostki. Poszczeg\u00f3lne sk\u0142adniku znaku WE powinny mie\u0107 takie samy wymiary pionowe, przy czym wymiary te nie mog\u0105 by\u0107 mniejsze ni\u017c 5 mm.<\/p>\n<p style=\"text-align: center;\"><strong>Znak zgodno\u015b\u0107 WE &#8211; wz\u00f3r<\/strong><\/p>\n<p><img loading=\"lazy\" decoding=\"async\" class=\"aligncenter wp-image-1214 size-medium\" src=\"https:\/\/www.znakowo.pl\/blog\/wp-content\/uploads\/2018\/07\/deklaracja-zgodno\u015b\u0107i-we-zdj\u0119cie-2-300x106.jpg\" alt=\"znak zgodno\u015bci we - wz\u00f3r\" width=\"300\" height=\"106\" srcset=\"https:\/\/www.znakowo.pl\/blog\/wp-content\/uploads\/2018\/07\/deklaracja-zgodno\u015b\u0107i-we-zdj\u0119cie-2-300x106.jpg 300w, https:\/\/www.znakowo.pl\/blog\/wp-content\/uploads\/2018\/07\/deklaracja-zgodno\u015b\u0107i-we-zdj\u0119cie-2-768x272.jpg 768w, https:\/\/www.znakowo.pl\/blog\/wp-content\/uploads\/2018\/07\/deklaracja-zgodno\u015b\u0107i-we-zdj\u0119cie-2.jpg 978w\" sizes=\"auto, (max-width: 300px) 85vw, 300px\" \/><\/p>\n<h3>Gdzie powinien by\u0107 umieszczony znak WE?<\/h3>\n<p>Znak WE powinien by\u0107 umieszczony na ka\u017cdym egzemplarzu danego \u015brodka ochrony indywidualnej, kt\u00f3ry posiada deklaracj\u0119 zgodno\u015bci WE, a\u00a0tak\u017ce na jego opakowaniu. Znak musi by\u0107 widoczny, czytelny i\u00a0odporny na zatarcie przez ca\u0142y okres u\u017cytkowania \u015aOI. Na \u015brodkach ochrony indywidualnej nie mog\u0105 by\u0107 umieszczone inne znaki lub napisy, kt\u00f3re mo\u017cna pomyli\u0107 ze znakiem WE.<\/p>\n","protected":false},"excerpt":{"rendered":"<p>Deklaracja zgodno\u015bci produkcji WE to dokument, kt\u00f3ry potwierdza, \u017ce dany wyr\u00f3b zgodny jest z\u00a0wymaganiami dyrektyw Unii Europejskiej. Co wa\u017cne, wyroby, podlegaj\u0105ce ocenie zgodno\u015bci, czyli m.in. \u015brodki ochrony indywidualnej o\u00a0z\u0142o\u017conej konstrukcji, kt\u00f3re nie posiadaj\u0105 deklaracji zgodno\u015bci, nie mog\u0105 by\u0107 wprowadzone do obrotu lub oddane do u\u017cytkowania na terenie UE. Co jeszcze warto wiedzie\u0107 o\u00a0tym dokumencie?<\/p>\n","protected":false},"author":3,"featured_media":1223,"comment_status":"closed","ping_status":"closed","sticky":false,"template":"","format":"standard","meta":{"_acf_changed":false,"footnotes":""},"categories":[1],"tags":[],"class_list":["post-1212","post","type-post","status-publish","format-standard","has-post-thumbnail","hentry","category-przepisy-ustawy"],"acf":[],"yoast_head":"<!-- This site is optimized with the Yoast SEO plugin v27.4 - https:\/\/yoast.com\/product\/yoast-seo-wordpress\/ -->\n<title>Deklaracja zgodno\u015bci produkcji WE - Blog znakowo.pl<\/title>\n<meta name=\"description\" content=\"Deklaracja zgodno\u015bci produkcji WE jest dokumentem za\u015bwiadczaj\u0105cym, \u017ce wyprodukowane \u015brodki ochrony indywidualnej s\u0105 zgodne z unijnymi normami.\" \/>\n<meta name=\"robots\" content=\"index, follow, max-snippet:-1, max-image-preview:large, max-video-preview:-1\" \/>\n<link rel=\"canonical\" href=\"https:\/\/www.znakowo.pl\/blog\/deklaracja-zgodnosci-produkcji-we\/\" \/>\n<meta property=\"og:locale\" content=\"pl_PL\" \/>\n<meta property=\"og:type\" content=\"article\" \/>\n<meta property=\"og:title\" content=\"Deklaracja zgodno\u015bci produkcji WE - Blog znakowo.pl\" \/>\n<meta property=\"og:description\" content=\"Deklaracja zgodno\u015bci produkcji WE jest dokumentem za\u015bwiadczaj\u0105cym, \u017ce wyprodukowane \u015brodki ochrony indywidualnej s\u0105 zgodne z unijnymi normami.\" \/>\n<meta property=\"og:url\" content=\"https:\/\/www.znakowo.pl\/blog\/deklaracja-zgodnosci-produkcji-we\/\" \/>\n<meta property=\"og:site_name\" content=\"Blog znakowo.pl\" \/>\n<meta property=\"article:publisher\" content=\"https:\/\/www.facebook.com\/Znakowo\/\" \/>\n<meta property=\"article:published_time\" content=\"2018-07-31T10:07:05+00:00\" \/>\n<meta property=\"article:modified_time\" content=\"2022-07-05T12:31:06+00:00\" \/>\n<meta property=\"og:image\" content=\"https:\/\/www.znakowo.pl\/blog\/wp-content\/uploads\/2018\/07\/dep3.jpeg\" \/>\n\t<meta property=\"og:image:width\" content=\"1280\" \/>\n\t<meta property=\"og:image:height\" content=\"869\" \/>\n\t<meta property=\"og:image:type\" content=\"image\/jpeg\" \/>\n<meta name=\"author\" content=\"Julita Krzemi\u0144ska\" \/>\n<meta name=\"twitter:card\" content=\"summary_large_image\" \/>\n<meta name=\"twitter:label1\" content=\"Napisane przez\" \/>\n\t<meta name=\"twitter:data1\" content=\"Julita Krzemi\u0144ska\" \/>\n\t<meta name=\"twitter:label2\" content=\"Szacowany czas czytania\" \/>\n\t<meta name=\"twitter:data2\" content=\"2 minuty\" \/>\n<script type=\"application\/ld+json\" class=\"yoast-schema-graph\">{\"@context\":\"https:\\\/\\\/schema.org\",\"@graph\":[{\"@type\":\"Article\",\"@id\":\"https:\\\/\\\/www.znakowo.pl\\\/blog\\\/deklaracja-zgodnosci-produkcji-we\\\/#article\",\"isPartOf\":{\"@id\":\"https:\\\/\\\/www.znakowo.pl\\\/blog\\\/deklaracja-zgodnosci-produkcji-we\\\/\"},\"author\":{\"name\":\"Julita Krzemi\u0144ska\",\"@id\":\"https:\\\/\\\/www.znakowo.pl\\\/blog\\\/#\\\/schema\\\/person\\\/a29ddb53515b4cfd337f1582146267d9\"},\"headline\":\"Deklaracja zgodno\u015bci produkcji WE\",\"datePublished\":\"2018-07-31T10:07:05+00:00\",\"dateModified\":\"2022-07-05T12:31:06+00:00\",\"mainEntityOfPage\":{\"@id\":\"https:\\\/\\\/www.znakowo.pl\\\/blog\\\/deklaracja-zgodnosci-produkcji-we\\\/\"},\"wordCount\":299,\"publisher\":{\"@id\":\"https:\\\/\\\/www.znakowo.pl\\\/blog\\\/#organization\"},\"image\":{\"@id\":\"https:\\\/\\\/www.znakowo.pl\\\/blog\\\/deklaracja-zgodnosci-produkcji-we\\\/#primaryimage\"},\"thumbnailUrl\":\"https:\\\/\\\/www.znakowo.pl\\\/blog\\\/wp-content\\\/uploads\\\/2018\\\/07\\\/dep3.jpeg\",\"articleSection\":[\"Przepisy, ustawy\"],\"inLanguage\":\"pl-PL\"},{\"@type\":\"WebPage\",\"@id\":\"https:\\\/\\\/www.znakowo.pl\\\/blog\\\/deklaracja-zgodnosci-produkcji-we\\\/\",\"url\":\"https:\\\/\\\/www.znakowo.pl\\\/blog\\\/deklaracja-zgodnosci-produkcji-we\\\/\",\"name\":\"Deklaracja zgodno\u015bci produkcji WE - Blog znakowo.pl\",\"isPartOf\":{\"@id\":\"https:\\\/\\\/www.znakowo.pl\\\/blog\\\/#website\"},\"primaryImageOfPage\":{\"@id\":\"https:\\\/\\\/www.znakowo.pl\\\/blog\\\/deklaracja-zgodnosci-produkcji-we\\\/#primaryimage\"},\"image\":{\"@id\":\"https:\\\/\\\/www.znakowo.pl\\\/blog\\\/deklaracja-zgodnosci-produkcji-we\\\/#primaryimage\"},\"thumbnailUrl\":\"https:\\\/\\\/www.znakowo.pl\\\/blog\\\/wp-content\\\/uploads\\\/2018\\\/07\\\/dep3.jpeg\",\"datePublished\":\"2018-07-31T10:07:05+00:00\",\"dateModified\":\"2022-07-05T12:31:06+00:00\",\"description\":\"Deklaracja zgodno\u015bci produkcji WE jest dokumentem za\u015bwiadczaj\u0105cym, \u017ce wyprodukowane \u015brodki ochrony indywidualnej s\u0105 zgodne z unijnymi normami.\",\"breadcrumb\":{\"@id\":\"https:\\\/\\\/www.znakowo.pl\\\/blog\\\/deklaracja-zgodnosci-produkcji-we\\\/#breadcrumb\"},\"inLanguage\":\"pl-PL\",\"potentialAction\":[{\"@type\":\"ReadAction\",\"target\":[\"https:\\\/\\\/www.znakowo.pl\\\/blog\\\/deklaracja-zgodnosci-produkcji-we\\\/\"]}]},{\"@type\":\"ImageObject\",\"inLanguage\":\"pl-PL\",\"@id\":\"https:\\\/\\\/www.znakowo.pl\\\/blog\\\/deklaracja-zgodnosci-produkcji-we\\\/#primaryimage\",\"url\":\"https:\\\/\\\/www.znakowo.pl\\\/blog\\\/wp-content\\\/uploads\\\/2018\\\/07\\\/dep3.jpeg\",\"contentUrl\":\"https:\\\/\\\/www.znakowo.pl\\\/blog\\\/wp-content\\\/uploads\\\/2018\\\/07\\\/dep3.jpeg\",\"width\":1280,\"height\":869,\"caption\":\"Deklaracja zgodno\u015bci produkcji WE\"},{\"@type\":\"BreadcrumbList\",\"@id\":\"https:\\\/\\\/www.znakowo.pl\\\/blog\\\/deklaracja-zgodnosci-produkcji-we\\\/#breadcrumb\",\"itemListElement\":[{\"@type\":\"ListItem\",\"position\":1,\"name\":\"Strona g\u0142\u00f3wna\",\"item\":\"https:\\\/\\\/www.znakowo.pl\\\/blog\\\/\"},{\"@type\":\"ListItem\",\"position\":2,\"name\":\"Deklaracja zgodno\u015bci produkcji WE\"}]},{\"@type\":\"WebSite\",\"@id\":\"https:\\\/\\\/www.znakowo.pl\\\/blog\\\/#website\",\"url\":\"https:\\\/\\\/www.znakowo.pl\\\/blog\\\/\",\"name\":\"Blog znakowo.pl\",\"description\":\"\",\"publisher\":{\"@id\":\"https:\\\/\\\/www.znakowo.pl\\\/blog\\\/#organization\"},\"potentialAction\":[{\"@type\":\"SearchAction\",\"target\":{\"@type\":\"EntryPoint\",\"urlTemplate\":\"https:\\\/\\\/www.znakowo.pl\\\/blog\\\/?s={search_term_string}\"},\"query-input\":{\"@type\":\"PropertyValueSpecification\",\"valueRequired\":true,\"valueName\":\"search_term_string\"}}],\"inLanguage\":\"pl-PL\"},{\"@type\":\"Organization\",\"@id\":\"https:\\\/\\\/www.znakowo.pl\\\/blog\\\/#organization\",\"name\":\"Znakowo.pl\",\"url\":\"https:\\\/\\\/www.znakowo.pl\\\/blog\\\/\",\"logo\":{\"@type\":\"ImageObject\",\"inLanguage\":\"pl-PL\",\"@id\":\"https:\\\/\\\/www.znakowo.pl\\\/blog\\\/#\\\/schema\\\/logo\\\/image\\\/\",\"url\":\"https:\\\/\\\/www.znakowo.pl\\\/blog\\\/wp-content\\\/uploads\\\/2017\\\/05\\\/logo_1.png\",\"contentUrl\":\"https:\\\/\\\/www.znakowo.pl\\\/blog\\\/wp-content\\\/uploads\\\/2017\\\/05\\\/logo_1.png\",\"width\":277,\"height\":94,\"caption\":\"Znakowo.pl\"},\"image\":{\"@id\":\"https:\\\/\\\/www.znakowo.pl\\\/blog\\\/#\\\/schema\\\/logo\\\/image\\\/\"},\"sameAs\":[\"https:\\\/\\\/www.facebook.com\\\/Znakowo\\\/\"]},{\"@type\":\"Person\",\"@id\":\"https:\\\/\\\/www.znakowo.pl\\\/blog\\\/#\\\/schema\\\/person\\\/a29ddb53515b4cfd337f1582146267d9\",\"name\":\"Julita Krzemi\u0144ska\",\"image\":{\"@type\":\"ImageObject\",\"inLanguage\":\"pl-PL\",\"@id\":\"https:\\\/\\\/secure.gravatar.com\\\/avatar\\\/e6adac54b1d18b21f8567cc6208ef43409e661f1070cf8be2e6912306b99d439?s=96&d=mm&r=g\",\"url\":\"https:\\\/\\\/secure.gravatar.com\\\/avatar\\\/e6adac54b1d18b21f8567cc6208ef43409e661f1070cf8be2e6912306b99d439?s=96&d=mm&r=g\",\"contentUrl\":\"https:\\\/\\\/secure.gravatar.com\\\/avatar\\\/e6adac54b1d18b21f8567cc6208ef43409e661f1070cf8be2e6912306b99d439?s=96&d=mm&r=g\",\"caption\":\"Julita Krzemi\u0144ska\"},\"url\":\"https:\\\/\\\/www.znakowo.pl\\\/blog\\\/author\\\/jkrzeminska\\\/\"}]}<\/script>\n<!-- \/ Yoast SEO plugin. -->","yoast_head_json":{"title":"Deklaracja zgodno\u015bci produkcji WE - Blog znakowo.pl","description":"Deklaracja zgodno\u015bci produkcji WE jest dokumentem za\u015bwiadczaj\u0105cym, \u017ce wyprodukowane \u015brodki ochrony indywidualnej s\u0105 zgodne z unijnymi normami.","robots":{"index":"index","follow":"follow","max-snippet":"max-snippet:-1","max-image-preview":"max-image-preview:large","max-video-preview":"max-video-preview:-1"},"canonical":"https:\/\/www.znakowo.pl\/blog\/deklaracja-zgodnosci-produkcji-we\/","og_locale":"pl_PL","og_type":"article","og_title":"Deklaracja zgodno\u015bci produkcji WE - Blog znakowo.pl","og_description":"Deklaracja zgodno\u015bci produkcji WE jest dokumentem za\u015bwiadczaj\u0105cym, \u017ce wyprodukowane \u015brodki ochrony indywidualnej s\u0105 zgodne z unijnymi normami.","og_url":"https:\/\/www.znakowo.pl\/blog\/deklaracja-zgodnosci-produkcji-we\/","og_site_name":"Blog znakowo.pl","article_publisher":"https:\/\/www.facebook.com\/Znakowo\/","article_published_time":"2018-07-31T10:07:05+00:00","article_modified_time":"2022-07-05T12:31:06+00:00","og_image":[{"width":1280,"height":869,"url":"https:\/\/www.znakowo.pl\/blog\/wp-content\/uploads\/2018\/07\/dep3.jpeg","type":"image\/jpeg"}],"author":"Julita Krzemi\u0144ska","twitter_card":"summary_large_image","twitter_misc":{"Napisane przez":"Julita Krzemi\u0144ska","Szacowany czas czytania":"2 minuty"},"schema":{"@context":"https:\/\/schema.org","@graph":[{"@type":"Article","@id":"https:\/\/www.znakowo.pl\/blog\/deklaracja-zgodnosci-produkcji-we\/#article","isPartOf":{"@id":"https:\/\/www.znakowo.pl\/blog\/deklaracja-zgodnosci-produkcji-we\/"},"author":{"name":"Julita Krzemi\u0144ska","@id":"https:\/\/www.znakowo.pl\/blog\/#\/schema\/person\/a29ddb53515b4cfd337f1582146267d9"},"headline":"Deklaracja zgodno\u015bci produkcji WE","datePublished":"2018-07-31T10:07:05+00:00","dateModified":"2022-07-05T12:31:06+00:00","mainEntityOfPage":{"@id":"https:\/\/www.znakowo.pl\/blog\/deklaracja-zgodnosci-produkcji-we\/"},"wordCount":299,"publisher":{"@id":"https:\/\/www.znakowo.pl\/blog\/#organization"},"image":{"@id":"https:\/\/www.znakowo.pl\/blog\/deklaracja-zgodnosci-produkcji-we\/#primaryimage"},"thumbnailUrl":"https:\/\/www.znakowo.pl\/blog\/wp-content\/uploads\/2018\/07\/dep3.jpeg","articleSection":["Przepisy, ustawy"],"inLanguage":"pl-PL"},{"@type":"WebPage","@id":"https:\/\/www.znakowo.pl\/blog\/deklaracja-zgodnosci-produkcji-we\/","url":"https:\/\/www.znakowo.pl\/blog\/deklaracja-zgodnosci-produkcji-we\/","name":"Deklaracja zgodno\u015bci produkcji WE - Blog znakowo.pl","isPartOf":{"@id":"https:\/\/www.znakowo.pl\/blog\/#website"},"primaryImageOfPage":{"@id":"https:\/\/www.znakowo.pl\/blog\/deklaracja-zgodnosci-produkcji-we\/#primaryimage"},"image":{"@id":"https:\/\/www.znakowo.pl\/blog\/deklaracja-zgodnosci-produkcji-we\/#primaryimage"},"thumbnailUrl":"https:\/\/www.znakowo.pl\/blog\/wp-content\/uploads\/2018\/07\/dep3.jpeg","datePublished":"2018-07-31T10:07:05+00:00","dateModified":"2022-07-05T12:31:06+00:00","description":"Deklaracja zgodno\u015bci produkcji WE jest dokumentem za\u015bwiadczaj\u0105cym, \u017ce wyprodukowane \u015brodki ochrony indywidualnej s\u0105 zgodne z unijnymi normami.","breadcrumb":{"@id":"https:\/\/www.znakowo.pl\/blog\/deklaracja-zgodnosci-produkcji-we\/#breadcrumb"},"inLanguage":"pl-PL","potentialAction":[{"@type":"ReadAction","target":["https:\/\/www.znakowo.pl\/blog\/deklaracja-zgodnosci-produkcji-we\/"]}]},{"@type":"ImageObject","inLanguage":"pl-PL","@id":"https:\/\/www.znakowo.pl\/blog\/deklaracja-zgodnosci-produkcji-we\/#primaryimage","url":"https:\/\/www.znakowo.pl\/blog\/wp-content\/uploads\/2018\/07\/dep3.jpeg","contentUrl":"https:\/\/www.znakowo.pl\/blog\/wp-content\/uploads\/2018\/07\/dep3.jpeg","width":1280,"height":869,"caption":"Deklaracja zgodno\u015bci produkcji WE"},{"@type":"BreadcrumbList","@id":"https:\/\/www.znakowo.pl\/blog\/deklaracja-zgodnosci-produkcji-we\/#breadcrumb","itemListElement":[{"@type":"ListItem","position":1,"name":"Strona g\u0142\u00f3wna","item":"https:\/\/www.znakowo.pl\/blog\/"},{"@type":"ListItem","position":2,"name":"Deklaracja zgodno\u015bci produkcji WE"}]},{"@type":"WebSite","@id":"https:\/\/www.znakowo.pl\/blog\/#website","url":"https:\/\/www.znakowo.pl\/blog\/","name":"Blog znakowo.pl","description":"","publisher":{"@id":"https:\/\/www.znakowo.pl\/blog\/#organization"},"potentialAction":[{"@type":"SearchAction","target":{"@type":"EntryPoint","urlTemplate":"https:\/\/www.znakowo.pl\/blog\/?s={search_term_string}"},"query-input":{"@type":"PropertyValueSpecification","valueRequired":true,"valueName":"search_term_string"}}],"inLanguage":"pl-PL"},{"@type":"Organization","@id":"https:\/\/www.znakowo.pl\/blog\/#organization","name":"Znakowo.pl","url":"https:\/\/www.znakowo.pl\/blog\/","logo":{"@type":"ImageObject","inLanguage":"pl-PL","@id":"https:\/\/www.znakowo.pl\/blog\/#\/schema\/logo\/image\/","url":"https:\/\/www.znakowo.pl\/blog\/wp-content\/uploads\/2017\/05\/logo_1.png","contentUrl":"https:\/\/www.znakowo.pl\/blog\/wp-content\/uploads\/2017\/05\/logo_1.png","width":277,"height":94,"caption":"Znakowo.pl"},"image":{"@id":"https:\/\/www.znakowo.pl\/blog\/#\/schema\/logo\/image\/"},"sameAs":["https:\/\/www.facebook.com\/Znakowo\/"]},{"@type":"Person","@id":"https:\/\/www.znakowo.pl\/blog\/#\/schema\/person\/a29ddb53515b4cfd337f1582146267d9","name":"Julita Krzemi\u0144ska","image":{"@type":"ImageObject","inLanguage":"pl-PL","@id":"https:\/\/secure.gravatar.com\/avatar\/e6adac54b1d18b21f8567cc6208ef43409e661f1070cf8be2e6912306b99d439?s=96&d=mm&r=g","url":"https:\/\/secure.gravatar.com\/avatar\/e6adac54b1d18b21f8567cc6208ef43409e661f1070cf8be2e6912306b99d439?s=96&d=mm&r=g","contentUrl":"https:\/\/secure.gravatar.com\/avatar\/e6adac54b1d18b21f8567cc6208ef43409e661f1070cf8be2e6912306b99d439?s=96&d=mm&r=g","caption":"Julita Krzemi\u0144ska"},"url":"https:\/\/www.znakowo.pl\/blog\/author\/jkrzeminska\/"}]}},"_links":{"self":[{"href":"https:\/\/www.znakowo.pl\/blog\/wp-json\/wp\/v2\/posts\/1212","targetHints":{"allow":["GET"]}}],"collection":[{"href":"https:\/\/www.znakowo.pl\/blog\/wp-json\/wp\/v2\/posts"}],"about":[{"href":"https:\/\/www.znakowo.pl\/blog\/wp-json\/wp\/v2\/types\/post"}],"author":[{"embeddable":true,"href":"https:\/\/www.znakowo.pl\/blog\/wp-json\/wp\/v2\/users\/3"}],"replies":[{"embeddable":true,"href":"https:\/\/www.znakowo.pl\/blog\/wp-json\/wp\/v2\/comments?post=1212"}],"version-history":[{"count":9,"href":"https:\/\/www.znakowo.pl\/blog\/wp-json\/wp\/v2\/posts\/1212\/revisions"}],"predecessor-version":[{"id":4845,"href":"https:\/\/www.znakowo.pl\/blog\/wp-json\/wp\/v2\/posts\/1212\/revisions\/4845"}],"wp:featuredmedia":[{"embeddable":true,"href":"https:\/\/www.znakowo.pl\/blog\/wp-json\/wp\/v2\/media\/1223"}],"wp:attachment":[{"href":"https:\/\/www.znakowo.pl\/blog\/wp-json\/wp\/v2\/media?parent=1212"}],"wp:term":[{"taxonomy":"category","embeddable":true,"href":"https:\/\/www.znakowo.pl\/blog\/wp-json\/wp\/v2\/categories?post=1212"},{"taxonomy":"post_tag","embeddable":true,"href":"https:\/\/www.znakowo.pl\/blog\/wp-json\/wp\/v2\/tags?post=1212"}],"curies":[{"name":"wp","href":"https:\/\/api.w.org\/{rel}","templated":true}]}}