{"id":1325,"date":"2022-05-23T20:24:00","date_gmt":"2022-05-23T18:24:00","guid":{"rendered":"https:\/\/www.znakowo.pl\/blog\/?p=1325"},"modified":"2022-05-26T13:46:34","modified_gmt":"2022-05-26T11:46:34","slug":"oswietlenie-w-miejscu-pracy","status":"publish","type":"post","link":"https:\/\/www.znakowo.pl\/blog\/oswietlenie-w-miejscu-pracy\/","title":{"rendered":"O\u015bwietlenie w miejscu i na stanowisku pracy \u2013 normy i zasady prawid\u0142owego o\u015bwietlenia\u00a0"},"content":{"rendered":"<p>W\u0142a\u015bciwe o\u015bwietlenie miejsca pracy i stanowiska pracy jest bardzo wa\u017cnym elementem, kt\u00f3ry wp\u0142ywa nie tylko na wykonywanie czynno\u015bci, ale r\u00f3wnie\u017c oddzia\u0142uje na samopoczucie i zdrowie pracownik\u00f3w. Je\u015bli jest nieprawid\u0142owe, obci\u0105\u017ca wzrok, co czynni je czynnikiem szkodliwym. Jakie wymagania powinno spe\u0142nia\u0107 o\u015bwietlenie w\u00a0miejscu pracy?<\/p>\n<p><!--more--><\/p>\n<div class=\"product-big\">\r\n    <div class=\"col-xs-12 col-md-5\">\r\n        <div class=\"product-big-img\"> \r\n                        <a href=\"https:\/\/www.znakowo.pl\/produkt\/wylacznik-swiatla-znak-naklejka-kolejowa-sd025,sd025,2084.html\" \/><img decoding=\"async\" src=\"https:\/\/tdc.znakowo.pl\/thumbs\/wylacznik-swiatla-znak-naklejka-kolejowa-sd025-6700-2084-500-500-0.jpg\" alt=\"Wy\u0142\u0105cznik \u015bwiat\u0142a - znak, naklejka kolejowa - SD025 - O\u015bwietlenie w miejscu i na stanowisku pracy \u2013 normy i zasady prawid\u0142owego o\u015bwietlenia\u00a0\" title=\"Wy\u0142\u0105cznik \u015bwiat\u0142a - znak, naklejka kolejowa - SD025 - O\u015bwietlenie w miejscu i na stanowisku pracy \u2013 normy i zasady prawid\u0142owego o\u015bwietlenia\u00a0\" \/><\/a>\r\n        <\/div>  \r\n    <\/div>    \r\n    <div class=\"col-xs-12 col-md-7\">\r\n        <div class=\"product-big-content\">\r\n            <div class=\"product-big-title\">\r\n                <a href=\"https:\/\/www.znakowo.pl\/produkt\/wylacznik-swiatla-znak-naklejka-kolejowa-sd025,sd025,2084.html\">Wy\u0142\u0105cznik \u015bwiat\u0142a - znak, naklejka kolejowa - SD025<\/a>\r\n            <\/div>    \r\n            <div class=\"product-big-content\">\r\n                            <\/div>\r\n            <div class=\"product-buttons\">\r\n                                  <a class=\"product-price\">od <span>7,34<\/span> z\u0142<\/a>\r\n                                <a href=\"https:\/\/www.znakowo.pl\/produkt\/wylacznik-swiatla-znak-naklejka-kolejowa-sd025,sd025,2084.html\" class=\"product-link\">Kup<\/a>\r\n            <\/div>\r\n        <\/div>\r\n    <\/div> \r\n    <div class=\"clearfix\"><\/div>  \r\n<\/div>\r\n\r\n\n<p>Pracodawca ma obowi\u0105zek zapewni\u0107 pracownikom odpowiednie warunki pracy. Chodzi m.in. o wdra\u017canie odpowiednich rozwi\u0105za\u0144 maj\u0105cych na celu minimalizowanie zagro\u017ce\u0144 i niepo\u017c\u0105danych zdarze\u0144, kt\u00f3re mog\u0105 negatywnie wp\u0142ywa\u0107 na stan zdrowia os\u00f3b zatrudnionych. Rozporz\u0105dzenie w sprawie og\u00f3lnych przepis\u00f3w BHP wskazuje, \u017ce pomieszczenia pracy i ich wyposa\u017cenie powinny zapewnia\u0107 pracownikom bezpieczne i higieniczne warunki pracy. W szczeg\u00f3lno\u015bci w pomieszczeniach pracy nale\u017cy zapewni\u0107:<\/p>\n<ul>\n<li>o\u015bwietlenie \u2013 naturalne i sztuczne,<\/li>\n<li>odpowiedni\u0105 temperatur\u0119,<\/li>\n<li>wymian\u0119 powietrza,<\/li>\n<li>zabezpieczenie przed wilgoci\u0105, niekorzystnymi warunkami cieplnymi i nas\u0142onecznieniem, drganiami oraz innymi czynnikami szkodliwymi dla zdrowia i uci\u0105\u017cliwo\u015bciami.<\/li>\n<\/ul>\n<div id=\"ez-toc-container\" class=\"ez-toc-v2_0_82_2 counter-hierarchy ez-toc-counter ez-toc-grey ez-toc-container-direction\">\n<div class=\"ez-toc-title-container\">\n<p class=\"ez-toc-title\" style=\"cursor:inherit\">Spis tre\u015bci<\/p>\n<span class=\"ez-toc-title-toggle\"><a href=\"#\" class=\"ez-toc-pull-right ez-toc-btn ez-toc-btn-xs ez-toc-btn-default ez-toc-toggle\" aria-label=\"Prze\u0142\u0105cznik Spisu Tre\u015bci\"><span class=\"ez-toc-js-icon-con\"><span class=\"\"><span class=\"eztoc-hide\" style=\"display:none;\">Toggle<\/span><span class=\"ez-toc-icon-toggle-span\"><svg style=\"fill: #999;color:#999\" xmlns=\"http:\/\/www.w3.org\/2000\/svg\" class=\"list-377408\" width=\"20px\" height=\"20px\" viewBox=\"0 0 24 24\" fill=\"none\"><path d=\"M6 6H4v2h2V6zm14 0H8v2h12V6zM4 11h2v2H4v-2zm16 0H8v2h12v-2zM4 16h2v2H4v-2zm16 0H8v2h12v-2z\" fill=\"currentColor\"><\/path><\/svg><svg style=\"fill: #999;color:#999\" class=\"arrow-unsorted-368013\" xmlns=\"http:\/\/www.w3.org\/2000\/svg\" width=\"10px\" height=\"10px\" viewBox=\"0 0 24 24\" version=\"1.2\" baseProfile=\"tiny\"><path d=\"M18.2 9.3l-6.2-6.3-6.2 6.3c-.2.2-.3.4-.3.7s.1.5.3.7c.2.2.4.3.7.3h11c.3 0 .5-.1.7-.3.2-.2.3-.5.3-.7s-.1-.5-.3-.7zM5.8 14.7l6.2 6.3 6.2-6.3c.2-.2.3-.5.3-.7s-.1-.5-.3-.7c-.2-.2-.4-.3-.7-.3h-11c-.3 0-.5.1-.7.3-.2.2-.3.5-.3.7s.1.5.3.7z\"\/><\/svg><\/span><\/span><\/span><\/a><\/span><\/div>\n<nav><ul class='ez-toc-list ez-toc-list-level-1 ' ><li class='ez-toc-page-1 ez-toc-heading-level-2'><a class=\"ez-toc-link ez-toc-heading-1\" href=\"https:\/\/www.znakowo.pl\/blog\/oswietlenie-w-miejscu-pracy\/#Oswietlenie_pomieszczen_i_stanowisk_pracy_a_przepisy_BHP\" >O\u015bwietlenie pomieszcze\u0144 i stanowisk pracy a przepisy BHP<\/a><ul class='ez-toc-list-level-3' ><li class='ez-toc-heading-level-3'><a class=\"ez-toc-link ez-toc-heading-2\" href=\"https:\/\/www.znakowo.pl\/blog\/oswietlenie-w-miejscu-pracy\/#Oswietlenie_dzienne_w_pomieszczeniach_pracy\" >O\u015bwietlenie dzienne w pomieszczeniach pracy<\/a><\/li><li class='ez-toc-page-1 ez-toc-heading-level-3'><a class=\"ez-toc-link ez-toc-heading-3\" href=\"https:\/\/www.znakowo.pl\/blog\/oswietlenie-w-miejscu-pracy\/#Natezenie_swiatla_w_miejscu_pracy\" >Nat\u0119\u017cenie \u015bwiat\u0142a w miejscu pracy<\/a><\/li><li class='ez-toc-page-1 ez-toc-heading-level-3'><a class=\"ez-toc-link ez-toc-heading-4\" href=\"https:\/\/www.znakowo.pl\/blog\/oswietlenie-w-miejscu-pracy\/#Oswietlenie_awaryjne\" >O\u015bwietlenie awaryjne<\/a><\/li><li class='ez-toc-page-1 ez-toc-heading-level-3'><a class=\"ez-toc-link ez-toc-heading-5\" href=\"https:\/\/www.znakowo.pl\/blog\/oswietlenie-w-miejscu-pracy\/#Instalacje_oswietleniowe_a_bezpieczenstwo\" >Instalacje o\u015bwietleniowe a bezpiecze\u0144stwo<\/a><\/li><\/ul><\/li><li class='ez-toc-page-1 ez-toc-heading-level-2'><a class=\"ez-toc-link ez-toc-heading-6\" href=\"https:\/\/www.znakowo.pl\/blog\/oswietlenie-w-miejscu-pracy\/#Okna_i_swietliki\" >Okna i \u015bwietliki<\/a><\/li><li class='ez-toc-page-1 ez-toc-heading-level-2'><a class=\"ez-toc-link ez-toc-heading-7\" href=\"https:\/\/www.znakowo.pl\/blog\/oswietlenie-w-miejscu-pracy\/#Oswietlenie_na_stanowisku_pracy_z_komputerem\" >O\u015bwietlenie na stanowisku pracy z komputerem<\/a><\/li><li class='ez-toc-page-1 ez-toc-heading-level-2'><a class=\"ez-toc-link ez-toc-heading-8\" href=\"https:\/\/www.znakowo.pl\/blog\/oswietlenie-w-miejscu-pracy\/#Normy_oswietlenia_na_stanowisku_pracy\" >Normy o\u015bwietlenia na stanowisku pracy<\/a><ul class='ez-toc-list-level-3' ><li class='ez-toc-heading-level-3'><a class=\"ez-toc-link ez-toc-heading-9\" href=\"https:\/\/www.znakowo.pl\/blog\/oswietlenie-w-miejscu-pracy\/#Oswietlenie_w_pracy_%E2%80%93_jakie_powinno_spelniac_kryteria\" >O\u015bwietlenie w pracy \u2013 jakie powinno spe\u0142nia\u0107 kryteria?<\/a><\/li><\/ul><\/li><\/ul><\/nav><\/div>\n<h2><span class=\"ez-toc-section\" id=\"Oswietlenie_pomieszczen_i_stanowisk_pracy_a_przepisy_BHP\"><\/span>O\u015bwietlenie pomieszcze\u0144 i stanowisk pracy a przepisy BHP<span class=\"ez-toc-section-end\"><\/span><\/h2>\n<p><img loading=\"lazy\" decoding=\"async\" class=\"wp-image-4686 size-large alignleft\" src=\"https:\/\/www.znakowo.pl\/blog\/wp-content\/uploads\/2018\/10\/brown-table-surrounded-with-green-chairs-lamps-room-1024x683.jpg\" alt=\"Oswietlenie w miejscu pracy a przepisy BHP\" width=\"840\" height=\"560\" srcset=\"https:\/\/www.znakowo.pl\/blog\/wp-content\/uploads\/2018\/10\/brown-table-surrounded-with-green-chairs-lamps-room-1024x683.jpg 1024w, https:\/\/www.znakowo.pl\/blog\/wp-content\/uploads\/2018\/10\/brown-table-surrounded-with-green-chairs-lamps-room-300x200.jpg 300w, https:\/\/www.znakowo.pl\/blog\/wp-content\/uploads\/2018\/10\/brown-table-surrounded-with-green-chairs-lamps-room-768x512.jpg 768w, https:\/\/www.znakowo.pl\/blog\/wp-content\/uploads\/2018\/10\/brown-table-surrounded-with-green-chairs-lamps-room-1536x1024.jpg 1536w, https:\/\/www.znakowo.pl\/blog\/wp-content\/uploads\/2018\/10\/brown-table-surrounded-with-green-chairs-lamps-room-2048x1365.jpg 2048w, https:\/\/www.znakowo.pl\/blog\/wp-content\/uploads\/2018\/10\/brown-table-surrounded-with-green-chairs-lamps-room-1200x800.jpg 1200w\" sizes=\"auto, (max-width: 709px) 85vw, (max-width: 909px) 67vw, (max-width: 1362px) 62vw, 840px\" \/><\/p>\n<p>Zgodnie z zapisami rozporz\u0105dzenia w sprawie og\u00f3lnych przepis\u00f3w BHP we wszystkich miejscach pracy na terenie zak\u0142adu pracy, w kt\u00f3rych mog\u0105 przebywa\u0107 pracownicy, pracodawca ma obowi\u0105zek zapewni\u0107 o\u015bwietlenie elektryczne \u2013 w porze nocnej lub je\u015bli o\u015bwietlenie dzienne jest niewystarczaj\u0105ce. Wymagania dotycz\u0105ce o\u015bwietlenia okre\u015blaj\u0105 Polskie Normy.<\/p>\n<h3><span class=\"ez-toc-section\" id=\"Oswietlenie_dzienne_w_pomieszczeniach_pracy\"><\/span>O\u015bwietlenie dzienne w pomieszczeniach pracy<span class=\"ez-toc-section-end\"><\/span><\/h3>\n<p>O\u015bwietlenie w\u00a0miejscu pracy nale\u017cy zapewni\u0107 we wszystkich pomieszczeniach sta\u0142ej pracy. Wyj\u0105tkiem s\u0105 sytuacje, w\u00a0kt\u00f3rych jest to niemo\u017cliwe lub niewskazane ze wzgl\u0119du na technologi\u0119 produkcji. W\u00a0takich wypadkach pracodawca musi uzyska\u0107 zgod\u0119 w\u0142a\u015bciwego pa\u0144stwowego wojew\u00f3dzkiego inspektora sanitarnego na stosowanie o\u015bwietlenia wy\u0142\u0105cznie elektrycznego. Zgoda taka powinna by\u0107 wydana w\u00a0porozumieniu z\u00a0okr\u0119gowym inspektorem pracy.<\/p>\n<p>O\u015bwietlenie dzienne w miejscu pracy, na poszczeg\u00f3lnych stanowiskach, powinno by\u0107 dostosowane do rodzaju wykonywanych prac i\u00a0wymaganej dok\u0142adno\u015bci. Powinno r\u00f3wnie\u017c spe\u0142nia\u0107 wymagania okre\u015blone w\u00a0Polskiej Normie. Niezale\u017cnie od o\u015bwietlenia dziennego w\u00a0pomieszczeniach pracy nale\u017cy zapewni\u0107 r\u00f3wnie\u017c o\u015bwietlenie elektryczne \u2013 o\u00a0parametrach zgodnych z\u00a0Polskimi Normami.<\/p>\n<h3><span class=\"ez-toc-section\" id=\"Natezenie_swiatla_w_miejscu_pracy\"><\/span>Nat\u0119\u017cenie \u015bwiat\u0142a w miejscu pracy<span class=\"ez-toc-section-end\"><\/span><\/h3>\n<p>Stosunek warto\u015bci \u015brednich nat\u0119\u017cenia o\u015bwietlenia w\u00a0pomieszczeniach s\u0105siaduj\u0105cych ze sob\u0105, przez kt\u00f3re odbywa si\u0119 komunikacja wewn\u0119trzna, nie powinien by\u0107 wi\u0119kszy ni\u017c 5 do 1. Przy wyj\u015bciu z\u00a0pomieszcze\u0144, w\u00a0kt\u00f3rych ze wzgl\u0119d\u00f3w technologicznych praca jest wykonywana w\u00a0ciemno\u015bci (np. ciemnie optyczne), powinny by\u0107 zapewnione warunki umo\u017cliwiaj\u0105ce stopniow\u0105 adaptacj\u0119 wzroku.<\/p>\n<p>A ile lux\u00f3w powinno wynosi\u0107 o\u015bwietlenie na stanowisku pracy? Wszystko zale\u017cy od konkretnego stanowiska i precyzyjno\u015bci dzia\u0142a\u0144, np. w magazynach wymagane jest o\u015bwietlenie o nat\u0119\u017ceniu 100 lx, w strefach pakowania i wysy\u0142ki \u2013 300 lx, w salach lekcyjnych \u2013 300 lx. Pracownicy biurowi powinni mie\u0107 zapewnione o\u015bwietlenie o nat\u0119\u017ceniu 500 lx, natomiast przy bardzo precyzyjnych pracach mo\u017ce by\u0107 konieczne nawet o\u015bwietlenie 1000 lx.<\/p>\n<p><img loading=\"lazy\" decoding=\"async\" class=\"size-large wp-image-4687 alignleft\" src=\"https:\/\/www.znakowo.pl\/blog\/wp-content\/uploads\/2018\/10\/modern-interior-meeting-room-marketing-office-with-evening-sunset-empty-large-loft-style-conference-space-with-chairs-tables-furniture-clean-glass-windows-1024x523.jpg\" alt=\"Natezenie swiatla w miejscu pracy - wymagania\" width=\"840\" height=\"429\" srcset=\"https:\/\/www.znakowo.pl\/blog\/wp-content\/uploads\/2018\/10\/modern-interior-meeting-room-marketing-office-with-evening-sunset-empty-large-loft-style-conference-space-with-chairs-tables-furniture-clean-glass-windows-1024x523.jpg 1024w, https:\/\/www.znakowo.pl\/blog\/wp-content\/uploads\/2018\/10\/modern-interior-meeting-room-marketing-office-with-evening-sunset-empty-large-loft-style-conference-space-with-chairs-tables-furniture-clean-glass-windows-300x153.jpg 300w, https:\/\/www.znakowo.pl\/blog\/wp-content\/uploads\/2018\/10\/modern-interior-meeting-room-marketing-office-with-evening-sunset-empty-large-loft-style-conference-space-with-chairs-tables-furniture-clean-glass-windows-768x392.jpg 768w, https:\/\/www.znakowo.pl\/blog\/wp-content\/uploads\/2018\/10\/modern-interior-meeting-room-marketing-office-with-evening-sunset-empty-large-loft-style-conference-space-with-chairs-tables-furniture-clean-glass-windows-1536x785.jpg 1536w, https:\/\/www.znakowo.pl\/blog\/wp-content\/uploads\/2018\/10\/modern-interior-meeting-room-marketing-office-with-evening-sunset-empty-large-loft-style-conference-space-with-chairs-tables-furniture-clean-glass-windows-2048x1046.jpg 2048w, https:\/\/www.znakowo.pl\/blog\/wp-content\/uploads\/2018\/10\/modern-interior-meeting-room-marketing-office-with-evening-sunset-empty-large-loft-style-conference-space-with-chairs-tables-furniture-clean-glass-windows-1200x613.jpg 1200w\" sizes=\"auto, (max-width: 709px) 85vw, (max-width: 909px) 67vw, (max-width: 1362px) 62vw, 840px\" \/><\/p>\n<h3><span class=\"ez-toc-section\" id=\"Oswietlenie_awaryjne\"><\/span>O\u015bwietlenie awaryjne<span class=\"ez-toc-section-end\"><\/span><\/h3>\n<p>W\u00a0pomieszczeniach i\u00a0miejscach pracy, w\u00a0kt\u00f3rych w\u00a0razie awarii o\u015bwietlenia mog\u0105 wyst\u0105pi\u0107 zagro\u017cenia dla \u017cycia lub zdrowia pracownik\u00f3w, nale\u017cy zapewni\u0107 o\u015bwietlenie awaryjne. Awaryjne o\u015bwietlenie w\u00a0miejscu pracy powinno spe\u0142nia\u0107 wymagania okre\u015blone w\u00a0odr\u0119bnych przepisach i\u00a0Polskich Normach.<\/p>\n<p>Obowi\u0105zek stosowania o\u015bwietlenia awaryjnego wynika r\u00f3wnie\u017c z zapis\u00f3w rozporz\u0105dzenia w sprawie warunk\u00f3w technicznych, jakim powinny odpowiada\u0107 budynki i ich usytuowanie. Nale\u017cy je stosowa\u0107 w pomieszczeniach, w kt\u00f3rych po zaniku o\u015bwietlenia podstawowego istnieje konieczno\u015b\u0107 kontynuowania\u00a0 czynno\u015bci w niezmieniony spos\u00f3b lub ich bezpiecznego zako\u0144czenia. Czas dzia\u0142ania o\u015bwietlenia awaryjnego powinien by\u0107 dostosowany do warunk\u00f3w wynikaj\u0105cych z wykonywanych czynno\u015bci oraz warunk\u00f3w wyst\u0119puj\u0105cych w danym pomieszczeniu.<\/p>\n<h4>Rodzaje o\u015bwietlenia awaryjnego<\/h4>\n<p><strong>O\u015bwietlenie ewakuacyjne <\/strong>\u2013 minimalizuje ryzyko wybuchu paniki w sytuacji, gdy dojdzie do zaniku o\u015bwietlenia podstawowego. Pozwala bezpiecznie wydosta\u0107 si\u0119 z zagro\u017conej strefy.<\/p>\n<ul>\n<li>O\u015bwietlenie drogi ewakuacyjnej \u2013 umo\u017cliwia sprawne i bezpieczne poruszanie si\u0119 po drodze ewakuacyjnej i zlokalizowanie sprz\u0119tu ppo\u017c.<\/li>\n<li>O\u015bwietlenie strefy otwartej (o\u015bwietlenie antypaniczne) \u2013 znajduje zastosowanie szczeg\u00f3lnie w przestrzeniach typu open space; pozwala ustali\u0107 orientacj\u0119 i przedosta\u0107 si\u0119 bezpiecznie ze stanowiska pracy na drog\u0119 ewakuacyjn\u0105.<\/li>\n<li>O\u015bwietlenie strefy wysokiego ryzyka \u2013 pozwala bezpiecznie zako\u0144czy\u0107 prac\u0119 na stanowiskach, na kt\u00f3rych wykonywane s\u0105 czynno\u015bci potencjalnie niebezpieczne.<\/li>\n<\/ul>\n<div class=\"product-small-box-content display-flex\">\n          <a href=\"https:\/\/www.znakowo.pl\/produkt\/oprawa-awaryjna-led-oswietlenie-antypaniczne-itech,tm-itech-a,9125.html\" class=\"product-small\">\n          <div class=\"product-small-box\">\n              <div class=\"product-small-img\">\n                                    <img decoding=\"async\" src=\"https:\/\/tdc.znakowo.pl\/thumbs\/oprawa-awaryjna-led-oswietlenie-antypaniczne-itech-18009-9125-160-160-0.jpg\" alt=\"Oprawa awaryjna LED - o\u015bwietlenie antypaniczne ITECH - O\u015bwietlenie w miejscu i na stanowisku pracy \u2013 normy i zasady prawid\u0142owego o\u015bwietlenia\u00a0\" title=\"Oprawa awaryjna LED - o\u015bwietlenie antypaniczne ITECH - O\u015bwietlenie w miejscu i na stanowisku pracy \u2013 normy i zasady prawid\u0142owego o\u015bwietlenia\u00a0\" \/>\n              <\/div>\n              <div class=\"product-small-title\">\n                  Oprawa awaryjna LED - o\u015bwietlenie antypaniczne ITECH              <\/div>\n          <\/div>\n      <\/a>    \n            <a href=\"https:\/\/www.znakowo.pl\/produkt\/oprawa-awaryjna-led-ontec-s-antypaniczne-wyznaczanie-kierunku-ewakuacji,tm-ontec-s-aw,10193.html\" class=\"product-small\">\n          <div class=\"product-small-box\">\n              <div class=\"product-small-img\">\n                                    <img decoding=\"async\" src=\"https:\/\/tdc.znakowo.pl\/thumbs\/oprawa-awaryjna-led-ontec-s-antypaniczne-wyznaczanie-kierunku-ewakuacji-23287-10193-160-160-0.jpg\" alt=\"Oprawa awaryjna LED - ONTEC S, antypaniczne \/ wyznaczanie kierunku ewakuacji - O\u015bwietlenie w miejscu i na stanowisku pracy \u2013 normy i zasady prawid\u0142owego o\u015bwietlenia\u00a0\" title=\"Oprawa awaryjna LED - ONTEC S, antypaniczne \/ wyznaczanie kierunku ewakuacji - O\u015bwietlenie w miejscu i na stanowisku pracy \u2013 normy i zasady prawid\u0142owego o\u015bwietlenia\u00a0\" \/>\n              <\/div>\n              <div class=\"product-small-title\">\n                  Oprawa awaryjna LED - ONTEC S, antypaniczne \/ wyznaczanie kierunku ewakuacji              <\/div>\n          <\/div>\n      <\/a>    \n            <a href=\"https:\/\/www.znakowo.pl\/produkt\/oprawa-awaryjna-led-oswietlenie-antypaniczne-ontec-c,tm-ontec-c-a,9127.html\" class=\"product-small\">\n          <div class=\"product-small-box\">\n              <div class=\"product-small-img\">\n                                    <img decoding=\"async\" src=\"https:\/\/tdc.znakowo.pl\/thumbs\/oprawa-awaryjna-led-oswietlenie-antypaniczne-ontec-c-18031-9127-160-160-0.jpg\" alt=\"Oprawa awaryjna LED - o\u015bwietlenie antypaniczne ONTEC C - O\u015bwietlenie w miejscu i na stanowisku pracy \u2013 normy i zasady prawid\u0142owego o\u015bwietlenia\u00a0\" title=\"Oprawa awaryjna LED - o\u015bwietlenie antypaniczne ONTEC C - O\u015bwietlenie w miejscu i na stanowisku pracy \u2013 normy i zasady prawid\u0142owego o\u015bwietlenia\u00a0\" \/>\n              <\/div>\n              <div class=\"product-small-title\">\n                  Oprawa awaryjna LED - o\u015bwietlenie antypaniczne ONTEC C              <\/div>\n          <\/div>\n      <\/a>    \n        \n    <div class=\"clearfix\"><\/div>    \n<\/div>\n\n<p><strong>O\u015bwietlenie zapasowe \u2013 <\/strong>pozwala kontynuowa\u0107 czynno\u015bci, pe\u0142ni\u0105c przez jaki\u015b czas funkcj\u0119 o\u015bwietlenia podstawowego, lub bezpiecznie zako\u0144czy\u0107 czynno\u015bci; znajduje zastosowanie, gdy zanik zasilania nie wi\u0105\u017ce si\u0119 z zagro\u017ceniem.<\/p>\n<h3><span class=\"ez-toc-section\" id=\"Instalacje_oswietleniowe_a_bezpieczenstwo\"><\/span>Instalacje o\u015bwietleniowe a bezpiecze\u0144stwo<span class=\"ez-toc-section-end\"><\/span><\/h3>\n<p>Instalacje o\u015bwietleniowe w pomieszczeniach, w kt\u00f3rych znajduj\u0105 si\u0119 miejsca pracy, oraz w korytarzach powinny by\u0107 dobrane i wykonane tak, aby nie nara\u017ca\u0142y pracownika na wypadek powodowany rodzajem zainstalowanego o\u015bwietlenia.<\/p>\n<div class=\"product-big\">\r\n    <div class=\"col-xs-12 col-md-5\">\r\n        <div class=\"product-big-img\"> \r\n                        <a href=\"https:\/\/www.znakowo.pl\/produkt\/wylacznik-oswietlenia-znak-elektryczny,hh032,919.html\" \/><img decoding=\"async\" src=\"https:\/\/tdc.znakowo.pl\/thumbs\/wylacznik-oswietlenia-znak-elektryczny-5443-919-500-500-0.jpg\" alt=\"Wy\u0142\u0105cznik o\u015bwietlenia - znak elektryczny - O\u015bwietlenie w miejscu i na stanowisku pracy \u2013 normy i zasady prawid\u0142owego o\u015bwietlenia\u00a0\" title=\"Wy\u0142\u0105cznik o\u015bwietlenia - znak elektryczny - O\u015bwietlenie w miejscu i na stanowisku pracy \u2013 normy i zasady prawid\u0142owego o\u015bwietlenia\u00a0\" \/><\/a>\r\n        <\/div>  \r\n    <\/div>    \r\n    <div class=\"col-xs-12 col-md-7\">\r\n        <div class=\"product-big-content\">\r\n            <div class=\"product-big-title\">\r\n                <a href=\"https:\/\/www.znakowo.pl\/produkt\/wylacznik-oswietlenia-znak-elektryczny,hh032,919.html\">Wy\u0142\u0105cznik o\u015bwietlenia - znak elektryczny<\/a>\r\n            <\/div>    \r\n            <div class=\"product-big-content\">\r\n                            <\/div>\r\n            <div class=\"product-buttons\">\r\n                                  <a class=\"product-price\">od <span>3,15<\/span> z\u0142<\/a>\r\n                                <a href=\"https:\/\/www.znakowo.pl\/produkt\/wylacznik-oswietlenia-znak-elektryczny,hh032,919.html\" class=\"product-link\">Kup<\/a>\r\n            <\/div>\r\n        <\/div>\r\n    <\/div> \r\n    <div class=\"clearfix\"><\/div>  \r\n<\/div>\r\n\r\n\n<h2><span class=\"ez-toc-section\" id=\"Okna_i_swietliki\"><\/span>Okna i \u015bwietliki<span class=\"ez-toc-section-end\"><\/span><\/h2>\n<p>Okna, \u015bwietliki oraz na\u015bwietla w\u00a0pomieszczeniach pracy o\u00a0du\u017cej wilgotno\u015bci powietrza powinny by\u0107 wykonane w\u00a0spos\u00f3b zapobiegaj\u0105cy skraplaniu si\u0119 w\u00a0nich pary wodnej. Je\u017celi w\u00a0pomieszczeniu wyst\u0119puje szczeg\u00f3lnie du\u017ce zaparowanie i\u00a0istnieje mo\u017cliwo\u015b\u0107 spadania kropel wody na stanowisko pracy, nale\u017cy zainstalowa\u0107 rynienki lub inne urz\u0105dzenia odprowadzaj\u0105ce wod\u0119 z\u00a0okien, \u015bwietlik\u00f3w i\u00a0na\u015bwietli.<\/p>\n<p>Szyby w\u00a0oknach i\u00a0\u015bwietlikach powinny by\u0107 czyste. Powinny r\u00f3wnie\u017c przepuszcza\u0107 dostateczn\u0105 ilo\u015b\u0107 \u015bwiat\u0142a. Do mycia okien i\u00a0\u015bwietlik\u00f3w powinien by\u0107 zapewniony dogodny i\u00a0bezpieczny dost\u0119p. Okna i\u00a0\u015bwietliki powinny by\u0107 wyposa\u017cone w\u00a0odpowiednie urz\u0105dzenia, eliminuj\u0105ce nadmierne operowanie promieni s\u0142onecznych, padaj\u0105cych na stanowiska pracy.<\/p>\n<p>Okna i\u00a0\u015bwietliki przeznaczone do wietrzenia pomieszcze\u0144 nale\u017cy wyposa\u017cy\u0107 w\u00a0urz\u0105dzenia, kt\u00f3re b\u0119d\u0105 pozwala\u0142y na ich otwieranie w\u00a0spos\u00f3b \u0142atwy i\u00a0bezpieczny z\u00a0poziomu pod\u0142ogi oraz ustawienie cz\u0119\u015bci otwieranych w\u00a0po\u017c\u0105danych po\u0142o\u017ceniu.<\/p>\n<div class=\"product-big\">\r\n    <div class=\"col-xs-12 col-md-5\">\r\n        <div class=\"product-big-img\"> \r\n                        <a href=\"https:\/\/www.znakowo.pl\/produkt\/oszczedzaj-swiatlo-znak-informacyjny-pa009,pa009,1562.html\" \/><img decoding=\"async\" src=\"https:\/\/tdc.znakowo.pl\/thumbs\/oszczedzaj-swiatlo-znak-informacyjny-pa009-6061-1562-500-500-0.jpg\" alt=\"Oszcz\u0119dzaj \u015bwiat\u0142o - znak informacyjny - PA009 - O\u015bwietlenie w miejscu i na stanowisku pracy \u2013 normy i zasady prawid\u0142owego o\u015bwietlenia\u00a0\" title=\"Oszcz\u0119dzaj \u015bwiat\u0142o - znak informacyjny - PA009 - O\u015bwietlenie w miejscu i na stanowisku pracy \u2013 normy i zasady prawid\u0142owego o\u015bwietlenia\u00a0\" \/><\/a>\r\n        <\/div>  \r\n    <\/div>    \r\n    <div class=\"col-xs-12 col-md-7\">\r\n        <div class=\"product-big-content\">\r\n            <div class=\"product-big-title\">\r\n                <a href=\"https:\/\/www.znakowo.pl\/produkt\/oszczedzaj-swiatlo-znak-informacyjny-pa009,pa009,1562.html\">Oszcz\u0119dzaj \u015bwiat\u0142o - znak informacyjny - PA009<\/a>\r\n            <\/div>    \r\n            <div class=\"product-big-content\">\r\n                            <\/div>\r\n            <div class=\"product-buttons\">\r\n                                  <a class=\"product-price\">od <span>8,84<\/span> z\u0142<\/a>\r\n                                <a href=\"https:\/\/www.znakowo.pl\/produkt\/oszczedzaj-swiatlo-znak-informacyjny-pa009,pa009,1562.html\" class=\"product-link\">Kup<\/a>\r\n            <\/div>\r\n        <\/div>\r\n    <\/div> \r\n    <div class=\"clearfix\"><\/div>  \r\n<\/div>\r\n\r\n\n<h2><span class=\"ez-toc-section\" id=\"Oswietlenie_na_stanowisku_pracy_z_komputerem\"><\/span>O\u015bwietlenie na stanowisku pracy z komputerem<span class=\"ez-toc-section-end\"><\/span><\/h2>\n<p>Prawid\u0142owe o\u015bwietlenie jest bardzo istotne m.in. na stanowisku pracy z komputerem. T\u0119 kwesti\u0119 reguluje rozporz\u0105dzenie w sprawie BHP na stanowiskach wyposa\u017conych w monitory ekranowe. Zapisy wskazuj\u0119, \u017ce o\u015bwietlenie na takim stanowisku powinno zapewnia\u0107 komfort pracy wzrokowej, a szczeg\u00f3lnie:<\/p>\n<ul>\n<li>poziom nat\u0119\u017cenia o\u015bwietlenia powinien spe\u0142nia\u0107 wymagania okre\u015blone w Polskich Normach,<\/li>\n<li>nale\u017cy ograniczy\u0107 ol\u015bnienie bezpo\u015brednie od odpraw, okien, przezroczystych lub p\u00f3\u0142przezroczystych \u015bcian albo jasnych p\u0142aszczyzn pomieszczenia przez ol\u015bnienie odbiciowe od ekranu monitora, w szczeg\u00f3lno\u015bci przez stosowanie odpowiednich opraw o\u015bwietlenia o\u015bwietleniowych, instalowanie \u017caluzji lub zas\u0142on w oknach.<\/li>\n<\/ul>\n<p>Przepisy dopuszczaj\u0105 stosowanie opraw o\u015bwietlenia miejscowego \u2013 musz\u0105 to by\u0107 oprawy, kt\u00f3re nie powoduj\u0105 ol\u015bnienia.<\/p>\n<p><img loading=\"lazy\" decoding=\"async\" class=\"size-large wp-image-4685 alignleft\" src=\"https:\/\/www.znakowo.pl\/blog\/wp-content\/uploads\/2018\/10\/149Z_2107.w015.n001.493B.p15.493-1024x461.jpg\" alt=\"Oswietlenie na stanowisku pracy przy komputerze\" width=\"840\" height=\"378\" srcset=\"https:\/\/www.znakowo.pl\/blog\/wp-content\/uploads\/2018\/10\/149Z_2107.w015.n001.493B.p15.493-1024x461.jpg 1024w, https:\/\/www.znakowo.pl\/blog\/wp-content\/uploads\/2018\/10\/149Z_2107.w015.n001.493B.p15.493-300x135.jpg 300w, https:\/\/www.znakowo.pl\/blog\/wp-content\/uploads\/2018\/10\/149Z_2107.w015.n001.493B.p15.493-768x346.jpg 768w, https:\/\/www.znakowo.pl\/blog\/wp-content\/uploads\/2018\/10\/149Z_2107.w015.n001.493B.p15.493-1536x691.jpg 1536w, https:\/\/www.znakowo.pl\/blog\/wp-content\/uploads\/2018\/10\/149Z_2107.w015.n001.493B.p15.493-2048x922.jpg 2048w, https:\/\/www.znakowo.pl\/blog\/wp-content\/uploads\/2018\/10\/149Z_2107.w015.n001.493B.p15.493-1200x540.jpg 1200w\" sizes=\"auto, (max-width: 709px) 85vw, (max-width: 909px) 67vw, (max-width: 1362px) 62vw, 840px\" \/><\/p>\n<h2><span class=\"ez-toc-section\" id=\"Normy_oswietlenia_na_stanowisku_pracy\"><\/span>Normy o\u015bwietlenia na stanowisku pracy<span class=\"ez-toc-section-end\"><\/span><\/h2>\n<p>Kryteria, jakie powinno spe\u0142nia\u0107 o\u015bwietlenie w miejscu pracy we wn\u0119trzach, okre\u015bla norma PN-EN 12464-1:2022-01 (\u015awiat\u0142o i o\u015bwietlenie &#8212; O\u015bwietlenie miejsc pracy &#8212; Cz\u0119\u015b\u0107 1: Miejsca pracy we wn\u0119trzach). Dla miejsc pracy na zewn\u0105trz \u2013 EN 12464-2 (\u015awiat\u0142o i o\u015bwietlenie &#8212; O\u015bwietlenie miejsc pracy &#8212; Cz\u0119\u015b\u0107 2: Miejsca pracy na zewn\u0105trz), natomiast dla o\u015bwietlenia awaryjnego \u2013 PN-EN 1838:2013-11 (Zastosowania o\u015bwietlenia &#8212; O\u015bwietlenie awaryjne) oraz PN-EN 13032-3:2022-04 (wiat\u0142o i o\u015bwietlenie &#8212; Pomiar i prezentacja danych fotometrycznych lamp i opraw o\u015bwietleniowych &#8212; Cz\u0119\u015b\u0107 3: Prezentacja danych dla o\u015bwietlenia awaryjnego miejsc pracy).<\/p>\n<h3><span class=\"ez-toc-section\" id=\"Oswietlenie_w_pracy_%E2%80%93_jakie_powinno_spelniac_kryteria\"><\/span>O\u015bwietlenie w pracy \u2013 jakie powinno spe\u0142nia\u0107 kryteria?<span class=\"ez-toc-section-end\"><\/span><\/h3>\n<p>Niew\u0142a\u015bciwe o\u015bwietlenie stanowiska pracy, np. niedostateczne lub zbyt mocne \u015bwiat\u0142o, obci\u0105\u017ca wzrok \u00a0i stanowi czynnik szkodliwy \u2013 mo\u017ce prowadzi\u0107 do pogorszenia stanu zdrowia pracownika (powstawanie lub pog\u0142\u0119bianie si\u0119 wad wzroku). Pogarsza r\u00f3wnie\u017c samopoczucie, wp\u0142ywa na zmniejszenie koncentracji, zdolno\u015bci postrzegania i efektywno\u015bci pracy. Jest te\u017c cz\u0119st\u0105 przyczyn\u0105 wypadk\u00f3w przy pracy. Normy szczeg\u00f3\u0142owo okre\u015blaj\u0105 kryteria, jakie powinno spe\u0142nia\u0107 o\u015bwietlenie w pracy. Kluczowe s\u0105 nast\u0119puj\u0105ce parametry:<\/p>\n<ul>\n<li>nat\u0119\u017cenie \u015bwiat\u0142a<\/li>\n<li>kierunkowo\u015b\u0107 \u015bwiat\u0142a,<\/li>\n<li>rozk\u0142ad luminacji,<\/li>\n<li>migotanie,<\/li>\n<li>ol\u015bnienie,<\/li>\n<li>r\u00f3wnomierno\u015b\u0107,<\/li>\n<li>temperatura barwowa i zdolno\u015bci oddawania barw.<\/li>\n<\/ul>\n","protected":false},"excerpt":{"rendered":"<p>W\u0142a\u015bciwe o\u015bwietlenie miejsca pracy i stanowiska pracy jest bardzo wa\u017cnym elementem, kt\u00f3ry wp\u0142ywa nie tylko na wykonywanie czynno\u015bci, ale r\u00f3wnie\u017c oddzia\u0142uje na samopoczucie i zdrowie pracownik\u00f3w. Je\u015bli jest nieprawid\u0142owe, obci\u0105\u017ca wzrok, co czynni je czynnikiem szkodliwym. Jakie wymagania powinno spe\u0142nia\u0107 o\u015bwietlenie w\u00a0miejscu pracy?<\/p>\n","protected":false},"author":3,"featured_media":1328,"comment_status":"closed","ping_status":"closed","sticky":false,"template":"","format":"standard","meta":{"_acf_changed":false,"footnotes":""},"categories":[1],"tags":[],"class_list":["post-1325","post","type-post","status-publish","format-standard","has-post-thumbnail","hentry","category-przepisy-ustawy"],"acf":[],"yoast_head":"<!-- This site is optimized with the Yoast SEO plugin v27.4 - https:\/\/yoast.com\/product\/yoast-seo-wordpress\/ -->\n<title>O\u015bwietlenie w miejscu pracy: jak prawid\u0142owo o\u015bwietli\u0107 stanowisko?<\/title>\n<meta name=\"description\" content=\"Prawid\u0142owe o\u015bwietlenie w miejscu pracy przyczynia si\u0119 do wzrostu efektywno\u015bci. Jakie s\u0105 normy, przepisy i jakie nat\u0119\u017cenie powinno by\u0107 na stanowisku pracy?\" \/>\n<meta name=\"robots\" content=\"index, follow, max-snippet:-1, max-image-preview:large, max-video-preview:-1\" \/>\n<link rel=\"canonical\" href=\"https:\/\/www.znakowo.pl\/blog\/oswietlenie-w-miejscu-pracy\/\" \/>\n<meta property=\"og:locale\" content=\"pl_PL\" \/>\n<meta property=\"og:type\" content=\"article\" \/>\n<meta property=\"og:title\" content=\"O\u015bwietlenie w miejscu pracy: jak prawid\u0142owo o\u015bwietli\u0107 stanowisko?\" \/>\n<meta property=\"og:description\" content=\"Prawid\u0142owe o\u015bwietlenie w miejscu pracy przyczynia si\u0119 do wzrostu efektywno\u015bci. Jakie s\u0105 normy, przepisy i jakie nat\u0119\u017cenie powinno by\u0107 na stanowisku pracy?\" \/>\n<meta property=\"og:url\" content=\"https:\/\/www.znakowo.pl\/blog\/oswietlenie-w-miejscu-pracy\/\" \/>\n<meta property=\"og:site_name\" content=\"Blog znakowo.pl\" \/>\n<meta property=\"article:publisher\" content=\"https:\/\/www.facebook.com\/Znakowo\/\" \/>\n<meta property=\"article:published_time\" content=\"2022-05-23T18:24:00+00:00\" \/>\n<meta property=\"article:modified_time\" content=\"2022-05-26T11:46:34+00:00\" \/>\n<meta property=\"og:image\" content=\"https:\/\/www.znakowo.pl\/blog\/wp-content\/uploads\/2018\/10\/dep1-1.jpeg\" \/>\n\t<meta property=\"og:image:width\" content=\"1280\" \/>\n\t<meta property=\"og:image:height\" content=\"854\" \/>\n\t<meta property=\"og:image:type\" content=\"image\/jpeg\" \/>\n<meta name=\"author\" content=\"Julita Krzemi\u0144ska\" \/>\n<meta name=\"twitter:card\" content=\"summary_large_image\" \/>\n<meta name=\"twitter:label1\" content=\"Napisane przez\" \/>\n\t<meta name=\"twitter:data1\" content=\"Julita Krzemi\u0144ska\" \/>\n\t<meta name=\"twitter:label2\" content=\"Szacowany czas czytania\" \/>\n\t<meta name=\"twitter:data2\" content=\"7 minut\" \/>\n<script type=\"application\/ld+json\" class=\"yoast-schema-graph\">{\"@context\":\"https:\\\/\\\/schema.org\",\"@graph\":[{\"@type\":\"Article\",\"@id\":\"https:\\\/\\\/www.znakowo.pl\\\/blog\\\/oswietlenie-w-miejscu-pracy\\\/#article\",\"isPartOf\":{\"@id\":\"https:\\\/\\\/www.znakowo.pl\\\/blog\\\/oswietlenie-w-miejscu-pracy\\\/\"},\"author\":{\"name\":\"Julita Krzemi\u0144ska\",\"@id\":\"https:\\\/\\\/www.znakowo.pl\\\/blog\\\/#\\\/schema\\\/person\\\/a29ddb53515b4cfd337f1582146267d9\"},\"headline\":\"O\u015bwietlenie w miejscu i na stanowisku pracy \u2013 normy i zasady prawid\u0142owego o\u015bwietlenia\u00a0\",\"datePublished\":\"2022-05-23T18:24:00+00:00\",\"dateModified\":\"2022-05-26T11:46:34+00:00\",\"mainEntityOfPage\":{\"@id\":\"https:\\\/\\\/www.znakowo.pl\\\/blog\\\/oswietlenie-w-miejscu-pracy\\\/\"},\"wordCount\":1351,\"publisher\":{\"@id\":\"https:\\\/\\\/www.znakowo.pl\\\/blog\\\/#organization\"},\"image\":{\"@id\":\"https:\\\/\\\/www.znakowo.pl\\\/blog\\\/oswietlenie-w-miejscu-pracy\\\/#primaryimage\"},\"thumbnailUrl\":\"https:\\\/\\\/www.znakowo.pl\\\/blog\\\/wp-content\\\/uploads\\\/2018\\\/10\\\/dep1-1.jpeg\",\"articleSection\":[\"Przepisy, ustawy\"],\"inLanguage\":\"pl-PL\"},{\"@type\":\"WebPage\",\"@id\":\"https:\\\/\\\/www.znakowo.pl\\\/blog\\\/oswietlenie-w-miejscu-pracy\\\/\",\"url\":\"https:\\\/\\\/www.znakowo.pl\\\/blog\\\/oswietlenie-w-miejscu-pracy\\\/\",\"name\":\"O\u015bwietlenie w miejscu pracy: jak prawid\u0142owo o\u015bwietli\u0107 stanowisko?\",\"isPartOf\":{\"@id\":\"https:\\\/\\\/www.znakowo.pl\\\/blog\\\/#website\"},\"primaryImageOfPage\":{\"@id\":\"https:\\\/\\\/www.znakowo.pl\\\/blog\\\/oswietlenie-w-miejscu-pracy\\\/#primaryimage\"},\"image\":{\"@id\":\"https:\\\/\\\/www.znakowo.pl\\\/blog\\\/oswietlenie-w-miejscu-pracy\\\/#primaryimage\"},\"thumbnailUrl\":\"https:\\\/\\\/www.znakowo.pl\\\/blog\\\/wp-content\\\/uploads\\\/2018\\\/10\\\/dep1-1.jpeg\",\"datePublished\":\"2022-05-23T18:24:00+00:00\",\"dateModified\":\"2022-05-26T11:46:34+00:00\",\"description\":\"Prawid\u0142owe o\u015bwietlenie w miejscu pracy przyczynia si\u0119 do wzrostu efektywno\u015bci. Jakie s\u0105 normy, przepisy i jakie nat\u0119\u017cenie powinno by\u0107 na stanowisku pracy?\",\"breadcrumb\":{\"@id\":\"https:\\\/\\\/www.znakowo.pl\\\/blog\\\/oswietlenie-w-miejscu-pracy\\\/#breadcrumb\"},\"inLanguage\":\"pl-PL\",\"potentialAction\":[{\"@type\":\"ReadAction\",\"target\":[\"https:\\\/\\\/www.znakowo.pl\\\/blog\\\/oswietlenie-w-miejscu-pracy\\\/\"]}]},{\"@type\":\"ImageObject\",\"inLanguage\":\"pl-PL\",\"@id\":\"https:\\\/\\\/www.znakowo.pl\\\/blog\\\/oswietlenie-w-miejscu-pracy\\\/#primaryimage\",\"url\":\"https:\\\/\\\/www.znakowo.pl\\\/blog\\\/wp-content\\\/uploads\\\/2018\\\/10\\\/dep1-1.jpeg\",\"contentUrl\":\"https:\\\/\\\/www.znakowo.pl\\\/blog\\\/wp-content\\\/uploads\\\/2018\\\/10\\\/dep1-1.jpeg\",\"width\":1280,\"height\":854,\"caption\":\"O\u015bwietlenie w miejscu pracy\"},{\"@type\":\"BreadcrumbList\",\"@id\":\"https:\\\/\\\/www.znakowo.pl\\\/blog\\\/oswietlenie-w-miejscu-pracy\\\/#breadcrumb\",\"itemListElement\":[{\"@type\":\"ListItem\",\"position\":1,\"name\":\"Strona g\u0142\u00f3wna\",\"item\":\"https:\\\/\\\/www.znakowo.pl\\\/blog\\\/\"},{\"@type\":\"ListItem\",\"position\":2,\"name\":\"O\u015bwietlenie w miejscu i na stanowisku pracy \u2013 normy i zasady prawid\u0142owego o\u015bwietlenia\u00a0\"}]},{\"@type\":\"WebSite\",\"@id\":\"https:\\\/\\\/www.znakowo.pl\\\/blog\\\/#website\",\"url\":\"https:\\\/\\\/www.znakowo.pl\\\/blog\\\/\",\"name\":\"Blog znakowo.pl\",\"description\":\"\",\"publisher\":{\"@id\":\"https:\\\/\\\/www.znakowo.pl\\\/blog\\\/#organization\"},\"potentialAction\":[{\"@type\":\"SearchAction\",\"target\":{\"@type\":\"EntryPoint\",\"urlTemplate\":\"https:\\\/\\\/www.znakowo.pl\\\/blog\\\/?s={search_term_string}\"},\"query-input\":{\"@type\":\"PropertyValueSpecification\",\"valueRequired\":true,\"valueName\":\"search_term_string\"}}],\"inLanguage\":\"pl-PL\"},{\"@type\":\"Organization\",\"@id\":\"https:\\\/\\\/www.znakowo.pl\\\/blog\\\/#organization\",\"name\":\"Znakowo.pl\",\"url\":\"https:\\\/\\\/www.znakowo.pl\\\/blog\\\/\",\"logo\":{\"@type\":\"ImageObject\",\"inLanguage\":\"pl-PL\",\"@id\":\"https:\\\/\\\/www.znakowo.pl\\\/blog\\\/#\\\/schema\\\/logo\\\/image\\\/\",\"url\":\"https:\\\/\\\/www.znakowo.pl\\\/blog\\\/wp-content\\\/uploads\\\/2017\\\/05\\\/logo_1.png\",\"contentUrl\":\"https:\\\/\\\/www.znakowo.pl\\\/blog\\\/wp-content\\\/uploads\\\/2017\\\/05\\\/logo_1.png\",\"width\":277,\"height\":94,\"caption\":\"Znakowo.pl\"},\"image\":{\"@id\":\"https:\\\/\\\/www.znakowo.pl\\\/blog\\\/#\\\/schema\\\/logo\\\/image\\\/\"},\"sameAs\":[\"https:\\\/\\\/www.facebook.com\\\/Znakowo\\\/\"]},{\"@type\":\"Person\",\"@id\":\"https:\\\/\\\/www.znakowo.pl\\\/blog\\\/#\\\/schema\\\/person\\\/a29ddb53515b4cfd337f1582146267d9\",\"name\":\"Julita Krzemi\u0144ska\",\"image\":{\"@type\":\"ImageObject\",\"inLanguage\":\"pl-PL\",\"@id\":\"https:\\\/\\\/secure.gravatar.com\\\/avatar\\\/e6adac54b1d18b21f8567cc6208ef43409e661f1070cf8be2e6912306b99d439?s=96&d=mm&r=g\",\"url\":\"https:\\\/\\\/secure.gravatar.com\\\/avatar\\\/e6adac54b1d18b21f8567cc6208ef43409e661f1070cf8be2e6912306b99d439?s=96&d=mm&r=g\",\"contentUrl\":\"https:\\\/\\\/secure.gravatar.com\\\/avatar\\\/e6adac54b1d18b21f8567cc6208ef43409e661f1070cf8be2e6912306b99d439?s=96&d=mm&r=g\",\"caption\":\"Julita Krzemi\u0144ska\"},\"url\":\"https:\\\/\\\/www.znakowo.pl\\\/blog\\\/author\\\/jkrzeminska\\\/\"}]}<\/script>\n<!-- \/ Yoast SEO plugin. -->","yoast_head_json":{"title":"O\u015bwietlenie w miejscu pracy: jak prawid\u0142owo o\u015bwietli\u0107 stanowisko?","description":"Prawid\u0142owe o\u015bwietlenie w miejscu pracy przyczynia si\u0119 do wzrostu efektywno\u015bci. Jakie s\u0105 normy, przepisy i jakie nat\u0119\u017cenie powinno by\u0107 na stanowisku pracy?","robots":{"index":"index","follow":"follow","max-snippet":"max-snippet:-1","max-image-preview":"max-image-preview:large","max-video-preview":"max-video-preview:-1"},"canonical":"https:\/\/www.znakowo.pl\/blog\/oswietlenie-w-miejscu-pracy\/","og_locale":"pl_PL","og_type":"article","og_title":"O\u015bwietlenie w miejscu pracy: jak prawid\u0142owo o\u015bwietli\u0107 stanowisko?","og_description":"Prawid\u0142owe o\u015bwietlenie w miejscu pracy przyczynia si\u0119 do wzrostu efektywno\u015bci. Jakie s\u0105 normy, przepisy i jakie nat\u0119\u017cenie powinno by\u0107 na stanowisku pracy?","og_url":"https:\/\/www.znakowo.pl\/blog\/oswietlenie-w-miejscu-pracy\/","og_site_name":"Blog znakowo.pl","article_publisher":"https:\/\/www.facebook.com\/Znakowo\/","article_published_time":"2022-05-23T18:24:00+00:00","article_modified_time":"2022-05-26T11:46:34+00:00","og_image":[{"width":1280,"height":854,"url":"https:\/\/www.znakowo.pl\/blog\/wp-content\/uploads\/2018\/10\/dep1-1.jpeg","type":"image\/jpeg"}],"author":"Julita Krzemi\u0144ska","twitter_card":"summary_large_image","twitter_misc":{"Napisane przez":"Julita Krzemi\u0144ska","Szacowany czas czytania":"7 minut"},"schema":{"@context":"https:\/\/schema.org","@graph":[{"@type":"Article","@id":"https:\/\/www.znakowo.pl\/blog\/oswietlenie-w-miejscu-pracy\/#article","isPartOf":{"@id":"https:\/\/www.znakowo.pl\/blog\/oswietlenie-w-miejscu-pracy\/"},"author":{"name":"Julita Krzemi\u0144ska","@id":"https:\/\/www.znakowo.pl\/blog\/#\/schema\/person\/a29ddb53515b4cfd337f1582146267d9"},"headline":"O\u015bwietlenie w miejscu i na stanowisku pracy \u2013 normy i zasady prawid\u0142owego o\u015bwietlenia\u00a0","datePublished":"2022-05-23T18:24:00+00:00","dateModified":"2022-05-26T11:46:34+00:00","mainEntityOfPage":{"@id":"https:\/\/www.znakowo.pl\/blog\/oswietlenie-w-miejscu-pracy\/"},"wordCount":1351,"publisher":{"@id":"https:\/\/www.znakowo.pl\/blog\/#organization"},"image":{"@id":"https:\/\/www.znakowo.pl\/blog\/oswietlenie-w-miejscu-pracy\/#primaryimage"},"thumbnailUrl":"https:\/\/www.znakowo.pl\/blog\/wp-content\/uploads\/2018\/10\/dep1-1.jpeg","articleSection":["Przepisy, ustawy"],"inLanguage":"pl-PL"},{"@type":"WebPage","@id":"https:\/\/www.znakowo.pl\/blog\/oswietlenie-w-miejscu-pracy\/","url":"https:\/\/www.znakowo.pl\/blog\/oswietlenie-w-miejscu-pracy\/","name":"O\u015bwietlenie w miejscu pracy: jak prawid\u0142owo o\u015bwietli\u0107 stanowisko?","isPartOf":{"@id":"https:\/\/www.znakowo.pl\/blog\/#website"},"primaryImageOfPage":{"@id":"https:\/\/www.znakowo.pl\/blog\/oswietlenie-w-miejscu-pracy\/#primaryimage"},"image":{"@id":"https:\/\/www.znakowo.pl\/blog\/oswietlenie-w-miejscu-pracy\/#primaryimage"},"thumbnailUrl":"https:\/\/www.znakowo.pl\/blog\/wp-content\/uploads\/2018\/10\/dep1-1.jpeg","datePublished":"2022-05-23T18:24:00+00:00","dateModified":"2022-05-26T11:46:34+00:00","description":"Prawid\u0142owe o\u015bwietlenie w miejscu pracy przyczynia si\u0119 do wzrostu efektywno\u015bci. Jakie s\u0105 normy, przepisy i jakie nat\u0119\u017cenie powinno by\u0107 na stanowisku pracy?","breadcrumb":{"@id":"https:\/\/www.znakowo.pl\/blog\/oswietlenie-w-miejscu-pracy\/#breadcrumb"},"inLanguage":"pl-PL","potentialAction":[{"@type":"ReadAction","target":["https:\/\/www.znakowo.pl\/blog\/oswietlenie-w-miejscu-pracy\/"]}]},{"@type":"ImageObject","inLanguage":"pl-PL","@id":"https:\/\/www.znakowo.pl\/blog\/oswietlenie-w-miejscu-pracy\/#primaryimage","url":"https:\/\/www.znakowo.pl\/blog\/wp-content\/uploads\/2018\/10\/dep1-1.jpeg","contentUrl":"https:\/\/www.znakowo.pl\/blog\/wp-content\/uploads\/2018\/10\/dep1-1.jpeg","width":1280,"height":854,"caption":"O\u015bwietlenie w miejscu pracy"},{"@type":"BreadcrumbList","@id":"https:\/\/www.znakowo.pl\/blog\/oswietlenie-w-miejscu-pracy\/#breadcrumb","itemListElement":[{"@type":"ListItem","position":1,"name":"Strona g\u0142\u00f3wna","item":"https:\/\/www.znakowo.pl\/blog\/"},{"@type":"ListItem","position":2,"name":"O\u015bwietlenie w miejscu i na stanowisku pracy \u2013 normy i zasady prawid\u0142owego o\u015bwietlenia\u00a0"}]},{"@type":"WebSite","@id":"https:\/\/www.znakowo.pl\/blog\/#website","url":"https:\/\/www.znakowo.pl\/blog\/","name":"Blog znakowo.pl","description":"","publisher":{"@id":"https:\/\/www.znakowo.pl\/blog\/#organization"},"potentialAction":[{"@type":"SearchAction","target":{"@type":"EntryPoint","urlTemplate":"https:\/\/www.znakowo.pl\/blog\/?s={search_term_string}"},"query-input":{"@type":"PropertyValueSpecification","valueRequired":true,"valueName":"search_term_string"}}],"inLanguage":"pl-PL"},{"@type":"Organization","@id":"https:\/\/www.znakowo.pl\/blog\/#organization","name":"Znakowo.pl","url":"https:\/\/www.znakowo.pl\/blog\/","logo":{"@type":"ImageObject","inLanguage":"pl-PL","@id":"https:\/\/www.znakowo.pl\/blog\/#\/schema\/logo\/image\/","url":"https:\/\/www.znakowo.pl\/blog\/wp-content\/uploads\/2017\/05\/logo_1.png","contentUrl":"https:\/\/www.znakowo.pl\/blog\/wp-content\/uploads\/2017\/05\/logo_1.png","width":277,"height":94,"caption":"Znakowo.pl"},"image":{"@id":"https:\/\/www.znakowo.pl\/blog\/#\/schema\/logo\/image\/"},"sameAs":["https:\/\/www.facebook.com\/Znakowo\/"]},{"@type":"Person","@id":"https:\/\/www.znakowo.pl\/blog\/#\/schema\/person\/a29ddb53515b4cfd337f1582146267d9","name":"Julita Krzemi\u0144ska","image":{"@type":"ImageObject","inLanguage":"pl-PL","@id":"https:\/\/secure.gravatar.com\/avatar\/e6adac54b1d18b21f8567cc6208ef43409e661f1070cf8be2e6912306b99d439?s=96&d=mm&r=g","url":"https:\/\/secure.gravatar.com\/avatar\/e6adac54b1d18b21f8567cc6208ef43409e661f1070cf8be2e6912306b99d439?s=96&d=mm&r=g","contentUrl":"https:\/\/secure.gravatar.com\/avatar\/e6adac54b1d18b21f8567cc6208ef43409e661f1070cf8be2e6912306b99d439?s=96&d=mm&r=g","caption":"Julita Krzemi\u0144ska"},"url":"https:\/\/www.znakowo.pl\/blog\/author\/jkrzeminska\/"}]}},"_links":{"self":[{"href":"https:\/\/www.znakowo.pl\/blog\/wp-json\/wp\/v2\/posts\/1325","targetHints":{"allow":["GET"]}}],"collection":[{"href":"https:\/\/www.znakowo.pl\/blog\/wp-json\/wp\/v2\/posts"}],"about":[{"href":"https:\/\/www.znakowo.pl\/blog\/wp-json\/wp\/v2\/types\/post"}],"author":[{"embeddable":true,"href":"https:\/\/www.znakowo.pl\/blog\/wp-json\/wp\/v2\/users\/3"}],"replies":[{"embeddable":true,"href":"https:\/\/www.znakowo.pl\/blog\/wp-json\/wp\/v2\/comments?post=1325"}],"version-history":[{"count":3,"href":"https:\/\/www.znakowo.pl\/blog\/wp-json\/wp\/v2\/posts\/1325\/revisions"}],"predecessor-version":[{"id":4689,"href":"https:\/\/www.znakowo.pl\/blog\/wp-json\/wp\/v2\/posts\/1325\/revisions\/4689"}],"wp:featuredmedia":[{"embeddable":true,"href":"https:\/\/www.znakowo.pl\/blog\/wp-json\/wp\/v2\/media\/1328"}],"wp:attachment":[{"href":"https:\/\/www.znakowo.pl\/blog\/wp-json\/wp\/v2\/media?parent=1325"}],"wp:term":[{"taxonomy":"category","embeddable":true,"href":"https:\/\/www.znakowo.pl\/blog\/wp-json\/wp\/v2\/categories?post=1325"},{"taxonomy":"post_tag","embeddable":true,"href":"https:\/\/www.znakowo.pl\/blog\/wp-json\/wp\/v2\/tags?post=1325"}],"curies":[{"name":"wp","href":"https:\/\/api.w.org\/{rel}","templated":true}]}}