{"id":1542,"date":"2019-02-28T09:45:18","date_gmt":"2019-02-28T08:45:18","guid":{"rendered":"https:\/\/www.znakowo.pl\/blog\/?p=1542"},"modified":"2023-04-13T15:36:27","modified_gmt":"2023-04-13T13:36:27","slug":"drogi-ewakuacyjne-oznakowanie-pasami-z-materialu-fotoluminescencyjnego","status":"publish","type":"post","link":"https:\/\/www.znakowo.pl\/blog\/drogi-ewakuacyjne-oznakowanie-pasami-z-materialu-fotoluminescencyjnego\/","title":{"rendered":"Drogi ewakuacyjne &#8211; oznakowanie pasami z materia\u0142u fotoluminescencyjnego"},"content":{"rendered":"\n<p>Niezale\u017cnie od zastosowanych znak\u00f3w ewakuacyjnych, umieszczonych nad drzwiami wyj\u015bciowymi z&nbsp;pomieszcze\u0144 i&nbsp;nad drzwiami na drogach ewakuacyjnych mo\u017cna zastosowa\u0107 dodatkowe oznakowania o\u015bcie\u017cnicy tych drzwi \u2013 pasami z&nbsp;materia\u0142u fotoluminescencyjnego. Mo\u017cna r\u00f3wnie\u017c stosowa\u0107 oznakowanie pasami z&nbsp;materia\u0142u fotoluminescencyjnego, kt\u00f3re podkre\u015blaj\u0105 zarysy klamek i&nbsp;zasuw.<\/p>\n\n\n<p><!--more--><\/p>\n\n\n<div id=\"ez-toc-container\" class=\"ez-toc-v2_0_82_2 counter-hierarchy ez-toc-counter ez-toc-grey ez-toc-container-direction\">\n<div class=\"ez-toc-title-container\">\n<p class=\"ez-toc-title\" style=\"cursor:inherit\">Spis tre\u015bci<\/p>\n<span class=\"ez-toc-title-toggle\"><a href=\"#\" class=\"ez-toc-pull-right ez-toc-btn ez-toc-btn-xs ez-toc-btn-default ez-toc-toggle\" aria-label=\"Prze\u0142\u0105cznik Spisu Tre\u015bci\"><span class=\"ez-toc-js-icon-con\"><span class=\"\"><span class=\"eztoc-hide\" style=\"display:none;\">Toggle<\/span><span class=\"ez-toc-icon-toggle-span\"><svg style=\"fill: #999;color:#999\" xmlns=\"http:\/\/www.w3.org\/2000\/svg\" class=\"list-377408\" width=\"20px\" height=\"20px\" viewBox=\"0 0 24 24\" fill=\"none\"><path d=\"M6 6H4v2h2V6zm14 0H8v2h12V6zM4 11h2v2H4v-2zm16 0H8v2h12v-2zM4 16h2v2H4v-2zm16 0H8v2h12v-2z\" fill=\"currentColor\"><\/path><\/svg><svg style=\"fill: #999;color:#999\" class=\"arrow-unsorted-368013\" xmlns=\"http:\/\/www.w3.org\/2000\/svg\" width=\"10px\" height=\"10px\" viewBox=\"0 0 24 24\" version=\"1.2\" baseProfile=\"tiny\"><path d=\"M18.2 9.3l-6.2-6.3-6.2 6.3c-.2.2-.3.4-.3.7s.1.5.3.7c.2.2.4.3.7.3h11c.3 0 .5-.1.7-.3.2-.2.3-.5.3-.7s-.1-.5-.3-.7zM5.8 14.7l6.2 6.3 6.2-6.3c.2-.2.3-.5.3-.7s-.1-.5-.3-.7c-.2-.2-.4-.3-.7-.3h-11c-.3 0-.5.1-.7.3-.2.2-.3.5-.3.7s.1.5.3.7z\"\/><\/svg><\/span><\/span><\/span><\/a><\/span><\/div>\n<nav><ul class='ez-toc-list ez-toc-list-level-1 ' ><li class='ez-toc-page-1 ez-toc-heading-level-2'><a class=\"ez-toc-link ez-toc-heading-1\" href=\"https:\/\/www.znakowo.pl\/blog\/drogi-ewakuacyjne-oznakowanie-pasami-z-materialu-fotoluminescencyjnego\/#Oznakowanie_pasami_z_materialu_fotoluminescyjnego\" >Oznakowanie pasami z&nbsp;materia\u0142u fotoluminescyjnego<\/a><\/li><li class='ez-toc-page-1 ez-toc-heading-level-2'><a class=\"ez-toc-link ez-toc-heading-2\" href=\"https:\/\/www.znakowo.pl\/blog\/drogi-ewakuacyjne-oznakowanie-pasami-z-materialu-fotoluminescencyjnego\/#Oznakowanie_przeszkod\" >Oznakowanie przeszk\u00f3d<\/a><\/li><li class='ez-toc-page-1 ez-toc-heading-level-2'><a class=\"ez-toc-link ez-toc-heading-3\" href=\"https:\/\/www.znakowo.pl\/blog\/drogi-ewakuacyjne-oznakowanie-pasami-z-materialu-fotoluminescencyjnego\/#Material_fotoluminescencyjne_jako_tlo_drog_ewakuacyjnych\" >Materia\u0142 fotoluminescencyjne jako t\u0142o dr\u00f3g ewakuacyjnych<\/a><\/li><\/ul><\/nav><\/div>\n<h2 class=\"wp-block-heading\"><span class=\"ez-toc-section\" id=\"Oznakowanie_pasami_z_materialu_fotoluminescyjnego\"><\/span>Oznakowanie pasami z&nbsp;materia\u0142u fotoluminescyjnego<span class=\"ez-toc-section-end\"><\/span><\/h2>\n\n\n\n<p>W&nbsp;przypadku, gdy mo\u017ce nast\u0105pi\u0107 przerwanie ci\u0105g\u0142o\u015bci\ninformacji wizualnej, dostarczanej przez znaki, lub gdy przebieg dr\u00f3g\newakuacyjnych jest skomplikowany mo\u017cna zastosowa\u0107 ci\u0105g\u0142e oznakowanie linii dr\u00f3g\n<a href=\"https:\/\/www.znakowo.pl\/blog\/fotoluminescencyjne-znaki-bezpieczenstwa\/\">pasami\nz&nbsp;materia\u0142u fotoluminescencyjnego<\/a>, umieszczonymi na pod\u0142odze lub na\n\u015bcianach bocznych korytarzy. <\/p>\n\n\n\n<p>Oznakowania pod\u0142ogowe dr\u00f3g ewakuacyjnych powinny mie\u0107 posta\u0107\nlinii ci\u0105g\u0142ej, biegn\u0105cej na \u015brodku drogi ewakuacyjnej, lub dw\u00f3ch linii\nograniczaj\u0105cych po obu jej stronach. Oznakowanie pod\u0142ogowe pasami\nz&nbsp;materia\u0142u fotoluminescencyjnego mo\u017ce te\u017c mie\u0107 form\u0119 strza\u0142ek umieszonych\nna pod\u0142odze, wskazuj\u0105cych kierunek ewakuacji. <\/p>\n\n\n\n<div class=\"product-small-box-content display-flex\">\n          <a href=\"https:\/\/www.znakowo.pl\/produkt\/ciagnac-aby-otworzyc-drzwi-prawe-znak-ewakuacyjny-aae057,aae057,4224.html\" class=\"product-small\">\n          <div class=\"product-small-box\">\n              <div class=\"product-small-img\">\n                                    <img decoding=\"async\" src=\"https:\/\/tdc.znakowo.pl\/thumbs\/ciagnac-aby-otworzyc-drzwi-prawe-znak-ewakuacyjny-aae057-9374-4224-160-160-0.jpg\" alt=\"Ci\u0105gn\u0105\u0107 aby otworzy\u0107 drzwi (prawe) - znak ewakuacyjny - AAE057 - Drogi ewakuacyjne &#8211; oznakowanie pasami z materia\u0142u fotoluminescencyjnego\" title=\"Ci\u0105gn\u0105\u0107 aby otworzy\u0107 drzwi (prawe) - znak ewakuacyjny - AAE057 - Drogi ewakuacyjne &#8211; oznakowanie pasami z materia\u0142u fotoluminescencyjnego\" \/>\n              <\/div>\n              <div class=\"product-small-title\">\n                  Ci\u0105gn\u0105\u0107 aby otworzy\u0107 drzwi (prawe) - znak ewakuacyjny - AAE057              <\/div>\n          <\/div>\n      <\/a>    \n            <a href=\"https:\/\/www.znakowo.pl\/produkt\/tasma-fotoluminescencyjna-ostrzegawcza-samoprzylepna-510cm-x-1m-zolta,eb003,8909.html\" class=\"product-small\">\n          <div class=\"product-small-box\">\n              <div class=\"product-small-img\">\n                                    <img decoding=\"async\" src=\"https:\/\/tdc.znakowo.pl\/thumbs\/tasma-fotoluminescencyjna-ostrzegawcza-samoprzylepna-510cm-x-1m-zolta-20543-8909-160-160-0.jpg\" alt=\"Ta\u015bma fotoluminescencyjna ostrzegawcza samoprzylepna 5\/10cm x 1m - \u017c\u00f3\u0142ta - Drogi ewakuacyjne &#8211; oznakowanie pasami z materia\u0142u fotoluminescencyjnego\" title=\"Ta\u015bma fotoluminescencyjna ostrzegawcza samoprzylepna 5\/10cm x 1m - \u017c\u00f3\u0142ta - Drogi ewakuacyjne &#8211; oznakowanie pasami z materia\u0142u fotoluminescencyjnego\" \/>\n              <\/div>\n              <div class=\"product-small-title\">\n                  Ta\u015bma fotoluminescencyjna ostrzegawcza samoprzylepna 5\/10cm x 1m - \u017c\u00f3\u0142ta              <\/div>\n          <\/div>\n      <\/a>    \n            <a href=\"https:\/\/www.znakowo.pl\/produkt\/drzwi-przesuwane-w-celu-otwarcia-znak-ewakuacyjny-aae033,aae033,4213.html\" class=\"product-small\">\n          <div class=\"product-small-box\">\n              <div class=\"product-small-img\">\n                                    <img decoding=\"async\" src=\"https:\/\/tdc.znakowo.pl\/thumbs\/drzwi-przesuwane-w-celu-otwarcia-znak-ewakuacyjny-aae033-9363-4213-160-160-0.jpg\" alt=\"Drzwi przesuwane w celu otwarcia - znak ewakuacyjny - AAE033 - Drogi ewakuacyjne &#8211; oznakowanie pasami z materia\u0142u fotoluminescencyjnego\" title=\"Drzwi przesuwane w celu otwarcia - znak ewakuacyjny - AAE033 - Drogi ewakuacyjne &#8211; oznakowanie pasami z materia\u0142u fotoluminescencyjnego\" \/>\n              <\/div>\n              <div class=\"product-small-title\">\n                  Drzwi przesuwane w celu otwarcia - znak ewakuacyjny - AAE033              <\/div>\n          <\/div>\n      <\/a>    \n        \n    <div class=\"clearfix\"><\/div>    \n<\/div>\n\n\n\n\n<p>Boczne oznakowania schod\u00f3w na powierzchni \u015bcian powinny mie\u0107\nszeroko\u015b\u0107 co najmniej 5 cm i&nbsp;powinny biec wzd\u0142u\u017c miejsca zetkni\u0119cia\nstopnia i&nbsp;\u015bciany. Mo\u017cna r\u00f3wnie\u017c oznacza\u0107 kraw\u0119dzi stopni schod\u00f3w paskiem\no&nbsp;szeroko\u015bci co najmniej 1 cm. Je\u017celi istnieje taka mo\u017cliwo\u015b\u0107, nale\u017cy\ntak\u017ce oznakowa\u0107 por\u0119cze schod\u00f3w, co mo\u017ce by\u0107 dodatkowo pomocne\nw&nbsp;orientacji. Warto pami\u0119ta\u0107, \u017ce oznakowanie schod\u00f3w powinno mie\u0107\npocz\u0105tek, przebieg oraz zako\u0144czenie jednoznacznie okre\u015blone.<\/p>\n\n\n\n<h2 class=\"wp-block-heading\"><span class=\"ez-toc-section\" id=\"Oznakowanie_przeszkod\"><\/span>Oznakowanie przeszk\u00f3d<span class=\"ez-toc-section-end\"><\/span><\/h2>\n\n\n\n<p>Przeszkody na drodze (np. niebezpieczne wyst\u0119py muru,\nkolumny, obni\u017cone stropy, rury biegn\u0105ce do\u0142em czy przedmioty utrudniaj\u0105ce ruch)\nnale\u017cy oznaczy\u0107 specjaln\u0105 ta\u015bm\u0105 w&nbsp;\u017c\u00f3\u0142to-czarne uko\u015bne pasy i, ewentualnie,\nlini\u0105 omijaj\u0105c\u0105 w&nbsp;postaci pasa z&nbsp;materia\u0142u fotoluminescencyjnego\no&nbsp;szeroko\u015bci co najmniej 5 cm, umieszczonego na pod\u0142odze.<\/p>\n\n\n\n<div class=\"product-small-box-content display-flex\">\n          <a href=\"https:\/\/www.znakowo.pl\/produkt\/tasma-fotoluminescencyjna-ostrzegawcza-samoprzylepna-510cm-x-1m-czarno-zolta,eb002,8908.html\" class=\"product-small\">\n          <div class=\"product-small-box\">\n              <div class=\"product-small-img\">\n                                    <img decoding=\"async\" src=\"https:\/\/tdc.znakowo.pl\/thumbs\/tasma-fotoluminescencyjna-ostrzegawcza-samoprzylepna-510cm-x-1m-czarno-zolta-20545-8908-160-160-0.jpg\" alt=\"Ta\u015bma fotoluminescencyjna ostrzegawcza samoprzylepna 5\/10cm x 1m - czarno-\u017c\u00f3\u0142ta - Drogi ewakuacyjne &#8211; oznakowanie pasami z materia\u0142u fotoluminescencyjnego\" title=\"Ta\u015bma fotoluminescencyjna ostrzegawcza samoprzylepna 5\/10cm x 1m - czarno-\u017c\u00f3\u0142ta - Drogi ewakuacyjne &#8211; oznakowanie pasami z materia\u0142u fotoluminescencyjnego\" \/>\n              <\/div>\n              <div class=\"product-small-title\">\n                  Ta\u015bma fotoluminescencyjna ostrzegawcza samoprzylepna 5\/10cm x 1m - czarno-\u017c\u00f3\u0142ta              <\/div>\n          <\/div>\n      <\/a>    \n            <a href=\"https:\/\/www.znakowo.pl\/produkt\/okno-ewakuacyjne-z-drabina-ewakuacyjna-znak-ewakuacyjny-aae016,aae016,3614.html\" class=\"product-small\">\n          <div class=\"product-small-box\">\n              <div class=\"product-small-img\">\n                                    <img decoding=\"async\" src=\"https:\/\/tdc.znakowo.pl\/thumbs\/okno-ewakuacyjne-z-drabina-ewakuacyjna-znak-ewakuacyjny-aae016-7640-3614-160-160-0.jpg\" alt=\"Okno ewakuacyjne z drabin\u0105 ewakuacyjn\u0105 - znak ewakuacyjny - AAE016 - Drogi ewakuacyjne &#8211; oznakowanie pasami z materia\u0142u fotoluminescencyjnego\" title=\"Okno ewakuacyjne z drabin\u0105 ewakuacyjn\u0105 - znak ewakuacyjny - AAE016 - Drogi ewakuacyjne &#8211; oznakowanie pasami z materia\u0142u fotoluminescencyjnego\" \/>\n              <\/div>\n              <div class=\"product-small-title\">\n                  Okno ewakuacyjne z drabin\u0105 ewakuacyjn\u0105 - znak ewakuacyjny - AAE016              <\/div>\n          <\/div>\n      <\/a>    \n            <a href=\"https:\/\/www.znakowo.pl\/produkt\/tasma-antyposlizgowa-samoprzylepna-na-podloge-25510-cm-x-18m-czarna-z-paskiem-fluorescencyjnym,ep_ap_f_1,10262.html\" class=\"product-small\">\n          <div class=\"product-small-box\">\n              <div class=\"product-small-img\">\n                                    <img decoding=\"async\" src=\"https:\/\/tdc.znakowo.pl\/thumbs\/tasma-antyposlizgowa-samoprzylepna-na-podloge-25510-cm-x-18m-czarna-z-paskiem-fluorescencyjnym-24078-10262-160-160-0.jpg\" alt=\"Ta\u015bma antypo\u015blizgowa samoprzylepna na pod\u0142og\u0119 2,5\/5\/10 cm x 18m - czarna z paskiem fluorescencyjnym - Drogi ewakuacyjne &#8211; oznakowanie pasami z materia\u0142u fotoluminescencyjnego\" title=\"Ta\u015bma antypo\u015blizgowa samoprzylepna na pod\u0142og\u0119 2,5\/5\/10 cm x 18m - czarna z paskiem fluorescencyjnym - Drogi ewakuacyjne &#8211; oznakowanie pasami z materia\u0142u fotoluminescencyjnego\" \/>\n              <\/div>\n              <div class=\"product-small-title\">\n                  Ta\u015bma antypo\u015blizgowa samoprzylepna na pod\u0142og\u0119 2,5\/5\/10 cm x 18m - czarna z paskiem fluorescencyjnym              <\/div>\n          <\/div>\n      <\/a>    \n        \n    <div class=\"clearfix\"><\/div>    \n<\/div>\n\n\n\n\n<h2 class=\"wp-block-heading\"><span class=\"ez-toc-section\" id=\"Material_fotoluminescencyjne_jako_tlo_drog_ewakuacyjnych\"><\/span>Materia\u0142 fotoluminescencyjne jako t\u0142o dr\u00f3g ewakuacyjnych<span class=\"ez-toc-section-end\"><\/span><\/h2>\n\n\n\n<p>Materia\u0142 fotoluminescencyjny mo\u017ce by\u0107 stosowany r\u00f3wnie\u017c jako\nt\u0142o plan\u00f3w dr\u00f3g ewakuacyjnych. Schemat, symbole oraz opisy powinny by\u0107 w\u00f3wczas\nwykonane w&nbsp;taki spos\u00f3b, by osi\u0105gn\u0105\u0107 odpowiedni kontrast ciemnego pisma na\njasnym tle. Wysoko\u015b\u0107 liter nie mo\u017ce by\u0107 mniejsza ni\u017c 0,5 cm. Jako symbole\nnale\u017cy stosowa\u0107 zminiaturyzowane rysunki znak\u00f3w bezpiecze\u0144stwa. <\/p>\n","protected":false},"excerpt":{"rendered":"<p>Niezale\u017cnie od zastosowanych znak\u00f3w ewakuacyjnych, umieszczonych nad drzwiami wyj\u015bciowymi z&nbsp;pomieszcze\u0144 i&nbsp;nad drzwiami na drogach ewakuacyjnych mo\u017cna zastosowa\u0107 dodatkowe oznakowania o\u015bcie\u017cnicy tych drzwi \u2013 pasami z&nbsp;materia\u0142u fotoluminescencyjnego. Mo\u017cna r\u00f3wnie\u017c stosowa\u0107 oznakowanie pasami z&nbsp;materia\u0142u fotoluminescencyjnego, kt\u00f3re podkre\u015blaj\u0105 zarysy klamek i&nbsp;zasuw.<\/p>\n","protected":false},"author":3,"featured_media":1588,"comment_status":"closed","ping_status":"closed","sticky":false,"template":"","format":"standard","meta":{"_acf_changed":false,"footnotes":""},"categories":[118,420],"tags":[],"class_list":["post-1542","post","type-post","status-publish","format-standard","has-post-thumbnail","hentry","category-oznakowanie-obiektow","category-ppoz"],"acf":[],"yoast_head":"<!-- This site is optimized with the Yoast SEO plugin v27.4 - https:\/\/yoast.com\/product\/yoast-seo-wordpress\/ -->\n<title>Drogi ewakuacyjne - oznakowanie pasami z materia\u0142u fotoluminescencyjnego - Blog znakowo.pl<\/title>\n<meta name=\"description\" content=\"Drogi ewakuacyjne - oznakowanie pasami z materia\u0142u fotoluminescencyjnego. Czemu s\u0142u\u017cy i jak powinno by\u0107 stosowane tego rodzaju oznakowanie?\" \/>\n<meta name=\"robots\" content=\"index, follow, max-snippet:-1, max-image-preview:large, max-video-preview:-1\" \/>\n<link rel=\"canonical\" href=\"https:\/\/www.znakowo.pl\/blog\/drogi-ewakuacyjne-oznakowanie-pasami-z-materialu-fotoluminescencyjnego\/\" \/>\n<meta property=\"og:locale\" content=\"pl_PL\" \/>\n<meta property=\"og:type\" content=\"article\" \/>\n<meta property=\"og:title\" content=\"Drogi ewakuacyjne - oznakowanie pasami z materia\u0142u fotoluminescencyjnego - Blog znakowo.pl\" \/>\n<meta property=\"og:description\" content=\"Drogi ewakuacyjne - oznakowanie pasami z materia\u0142u fotoluminescencyjnego. Czemu s\u0142u\u017cy i jak powinno by\u0107 stosowane tego rodzaju oznakowanie?\" \/>\n<meta property=\"og:url\" content=\"https:\/\/www.znakowo.pl\/blog\/drogi-ewakuacyjne-oznakowanie-pasami-z-materialu-fotoluminescencyjnego\/\" \/>\n<meta property=\"og:site_name\" content=\"Blog znakowo.pl\" \/>\n<meta property=\"article:publisher\" content=\"https:\/\/www.facebook.com\/Znakowo\/\" \/>\n<meta property=\"article:published_time\" content=\"2019-02-28T08:45:18+00:00\" \/>\n<meta property=\"article:modified_time\" content=\"2023-04-13T13:36:27+00:00\" \/>\n<meta property=\"og:image\" content=\"https:\/\/www.znakowo.pl\/blog\/wp-content\/uploads\/2019\/02\/dep1-3.jpeg\" \/>\n\t<meta property=\"og:image:width\" content=\"1280\" \/>\n\t<meta property=\"og:image:height\" content=\"853\" \/>\n\t<meta property=\"og:image:type\" content=\"image\/jpeg\" \/>\n<meta name=\"author\" content=\"Julita Krzemi\u0144ska\" \/>\n<meta name=\"twitter:card\" content=\"summary_large_image\" \/>\n<meta name=\"twitter:label1\" content=\"Napisane przez\" \/>\n\t<meta name=\"twitter:data1\" content=\"Julita Krzemi\u0144ska\" \/>\n\t<meta name=\"twitter:label2\" content=\"Szacowany czas czytania\" \/>\n\t<meta name=\"twitter:data2\" content=\"2 minuty\" \/>\n<script type=\"application\/ld+json\" class=\"yoast-schema-graph\">{\"@context\":\"https:\\\/\\\/schema.org\",\"@graph\":[{\"@type\":\"Article\",\"@id\":\"https:\\\/\\\/www.znakowo.pl\\\/blog\\\/drogi-ewakuacyjne-oznakowanie-pasami-z-materialu-fotoluminescencyjnego\\\/#article\",\"isPartOf\":{\"@id\":\"https:\\\/\\\/www.znakowo.pl\\\/blog\\\/drogi-ewakuacyjne-oznakowanie-pasami-z-materialu-fotoluminescencyjnego\\\/\"},\"author\":{\"name\":\"Julita Krzemi\u0144ska\",\"@id\":\"https:\\\/\\\/www.znakowo.pl\\\/blog\\\/#\\\/schema\\\/person\\\/a29ddb53515b4cfd337f1582146267d9\"},\"headline\":\"Drogi ewakuacyjne &#8211; oznakowanie pasami z materia\u0142u fotoluminescencyjnego\",\"datePublished\":\"2019-02-28T08:45:18+00:00\",\"dateModified\":\"2023-04-13T13:36:27+00:00\",\"mainEntityOfPage\":{\"@id\":\"https:\\\/\\\/www.znakowo.pl\\\/blog\\\/drogi-ewakuacyjne-oznakowanie-pasami-z-materialu-fotoluminescencyjnego\\\/\"},\"wordCount\":403,\"publisher\":{\"@id\":\"https:\\\/\\\/www.znakowo.pl\\\/blog\\\/#organization\"},\"image\":{\"@id\":\"https:\\\/\\\/www.znakowo.pl\\\/blog\\\/drogi-ewakuacyjne-oznakowanie-pasami-z-materialu-fotoluminescencyjnego\\\/#primaryimage\"},\"thumbnailUrl\":\"https:\\\/\\\/www.znakowo.pl\\\/blog\\\/wp-content\\\/uploads\\\/2019\\\/02\\\/dep1-3.jpeg\",\"articleSection\":[\"Oznakowanie obiekt\u00f3w\",\"PPO\u017b\"],\"inLanguage\":\"pl-PL\"},{\"@type\":\"WebPage\",\"@id\":\"https:\\\/\\\/www.znakowo.pl\\\/blog\\\/drogi-ewakuacyjne-oznakowanie-pasami-z-materialu-fotoluminescencyjnego\\\/\",\"url\":\"https:\\\/\\\/www.znakowo.pl\\\/blog\\\/drogi-ewakuacyjne-oznakowanie-pasami-z-materialu-fotoluminescencyjnego\\\/\",\"name\":\"Drogi ewakuacyjne - oznakowanie pasami z materia\u0142u fotoluminescencyjnego - Blog znakowo.pl\",\"isPartOf\":{\"@id\":\"https:\\\/\\\/www.znakowo.pl\\\/blog\\\/#website\"},\"primaryImageOfPage\":{\"@id\":\"https:\\\/\\\/www.znakowo.pl\\\/blog\\\/drogi-ewakuacyjne-oznakowanie-pasami-z-materialu-fotoluminescencyjnego\\\/#primaryimage\"},\"image\":{\"@id\":\"https:\\\/\\\/www.znakowo.pl\\\/blog\\\/drogi-ewakuacyjne-oznakowanie-pasami-z-materialu-fotoluminescencyjnego\\\/#primaryimage\"},\"thumbnailUrl\":\"https:\\\/\\\/www.znakowo.pl\\\/blog\\\/wp-content\\\/uploads\\\/2019\\\/02\\\/dep1-3.jpeg\",\"datePublished\":\"2019-02-28T08:45:18+00:00\",\"dateModified\":\"2023-04-13T13:36:27+00:00\",\"description\":\"Drogi ewakuacyjne - oznakowanie pasami z materia\u0142u fotoluminescencyjnego. Czemu s\u0142u\u017cy i jak powinno by\u0107 stosowane tego rodzaju oznakowanie?\",\"breadcrumb\":{\"@id\":\"https:\\\/\\\/www.znakowo.pl\\\/blog\\\/drogi-ewakuacyjne-oznakowanie-pasami-z-materialu-fotoluminescencyjnego\\\/#breadcrumb\"},\"inLanguage\":\"pl-PL\",\"potentialAction\":[{\"@type\":\"ReadAction\",\"target\":[\"https:\\\/\\\/www.znakowo.pl\\\/blog\\\/drogi-ewakuacyjne-oznakowanie-pasami-z-materialu-fotoluminescencyjnego\\\/\"]}]},{\"@type\":\"ImageObject\",\"inLanguage\":\"pl-PL\",\"@id\":\"https:\\\/\\\/www.znakowo.pl\\\/blog\\\/drogi-ewakuacyjne-oznakowanie-pasami-z-materialu-fotoluminescencyjnego\\\/#primaryimage\",\"url\":\"https:\\\/\\\/www.znakowo.pl\\\/blog\\\/wp-content\\\/uploads\\\/2019\\\/02\\\/dep1-3.jpeg\",\"contentUrl\":\"https:\\\/\\\/www.znakowo.pl\\\/blog\\\/wp-content\\\/uploads\\\/2019\\\/02\\\/dep1-3.jpeg\",\"width\":1280,\"height\":853,\"caption\":\"oznakowanie pasami z materia\u0142u fotoluminescencyjnego\"},{\"@type\":\"BreadcrumbList\",\"@id\":\"https:\\\/\\\/www.znakowo.pl\\\/blog\\\/drogi-ewakuacyjne-oznakowanie-pasami-z-materialu-fotoluminescencyjnego\\\/#breadcrumb\",\"itemListElement\":[{\"@type\":\"ListItem\",\"position\":1,\"name\":\"Strona g\u0142\u00f3wna\",\"item\":\"https:\\\/\\\/www.znakowo.pl\\\/blog\\\/\"},{\"@type\":\"ListItem\",\"position\":2,\"name\":\"Drogi ewakuacyjne &#8211; oznakowanie pasami z materia\u0142u fotoluminescencyjnego\"}]},{\"@type\":\"WebSite\",\"@id\":\"https:\\\/\\\/www.znakowo.pl\\\/blog\\\/#website\",\"url\":\"https:\\\/\\\/www.znakowo.pl\\\/blog\\\/\",\"name\":\"Blog znakowo.pl\",\"description\":\"\",\"publisher\":{\"@id\":\"https:\\\/\\\/www.znakowo.pl\\\/blog\\\/#organization\"},\"potentialAction\":[{\"@type\":\"SearchAction\",\"target\":{\"@type\":\"EntryPoint\",\"urlTemplate\":\"https:\\\/\\\/www.znakowo.pl\\\/blog\\\/?s={search_term_string}\"},\"query-input\":{\"@type\":\"PropertyValueSpecification\",\"valueRequired\":true,\"valueName\":\"search_term_string\"}}],\"inLanguage\":\"pl-PL\"},{\"@type\":\"Organization\",\"@id\":\"https:\\\/\\\/www.znakowo.pl\\\/blog\\\/#organization\",\"name\":\"Znakowo.pl\",\"url\":\"https:\\\/\\\/www.znakowo.pl\\\/blog\\\/\",\"logo\":{\"@type\":\"ImageObject\",\"inLanguage\":\"pl-PL\",\"@id\":\"https:\\\/\\\/www.znakowo.pl\\\/blog\\\/#\\\/schema\\\/logo\\\/image\\\/\",\"url\":\"https:\\\/\\\/www.znakowo.pl\\\/blog\\\/wp-content\\\/uploads\\\/2017\\\/05\\\/logo_1.png\",\"contentUrl\":\"https:\\\/\\\/www.znakowo.pl\\\/blog\\\/wp-content\\\/uploads\\\/2017\\\/05\\\/logo_1.png\",\"width\":277,\"height\":94,\"caption\":\"Znakowo.pl\"},\"image\":{\"@id\":\"https:\\\/\\\/www.znakowo.pl\\\/blog\\\/#\\\/schema\\\/logo\\\/image\\\/\"},\"sameAs\":[\"https:\\\/\\\/www.facebook.com\\\/Znakowo\\\/\"]},{\"@type\":\"Person\",\"@id\":\"https:\\\/\\\/www.znakowo.pl\\\/blog\\\/#\\\/schema\\\/person\\\/a29ddb53515b4cfd337f1582146267d9\",\"name\":\"Julita Krzemi\u0144ska\",\"image\":{\"@type\":\"ImageObject\",\"inLanguage\":\"pl-PL\",\"@id\":\"https:\\\/\\\/secure.gravatar.com\\\/avatar\\\/e6adac54b1d18b21f8567cc6208ef43409e661f1070cf8be2e6912306b99d439?s=96&d=mm&r=g\",\"url\":\"https:\\\/\\\/secure.gravatar.com\\\/avatar\\\/e6adac54b1d18b21f8567cc6208ef43409e661f1070cf8be2e6912306b99d439?s=96&d=mm&r=g\",\"contentUrl\":\"https:\\\/\\\/secure.gravatar.com\\\/avatar\\\/e6adac54b1d18b21f8567cc6208ef43409e661f1070cf8be2e6912306b99d439?s=96&d=mm&r=g\",\"caption\":\"Julita Krzemi\u0144ska\"},\"url\":\"https:\\\/\\\/www.znakowo.pl\\\/blog\\\/author\\\/jkrzeminska\\\/\"}]}<\/script>\n<!-- \/ Yoast SEO plugin. -->","yoast_head_json":{"title":"Drogi ewakuacyjne - oznakowanie pasami z materia\u0142u fotoluminescencyjnego - Blog znakowo.pl","description":"Drogi ewakuacyjne - oznakowanie pasami z materia\u0142u fotoluminescencyjnego. Czemu s\u0142u\u017cy i jak powinno by\u0107 stosowane tego rodzaju oznakowanie?","robots":{"index":"index","follow":"follow","max-snippet":"max-snippet:-1","max-image-preview":"max-image-preview:large","max-video-preview":"max-video-preview:-1"},"canonical":"https:\/\/www.znakowo.pl\/blog\/drogi-ewakuacyjne-oznakowanie-pasami-z-materialu-fotoluminescencyjnego\/","og_locale":"pl_PL","og_type":"article","og_title":"Drogi ewakuacyjne - oznakowanie pasami z materia\u0142u fotoluminescencyjnego - Blog znakowo.pl","og_description":"Drogi ewakuacyjne - oznakowanie pasami z materia\u0142u fotoluminescencyjnego. Czemu s\u0142u\u017cy i jak powinno by\u0107 stosowane tego rodzaju oznakowanie?","og_url":"https:\/\/www.znakowo.pl\/blog\/drogi-ewakuacyjne-oznakowanie-pasami-z-materialu-fotoluminescencyjnego\/","og_site_name":"Blog znakowo.pl","article_publisher":"https:\/\/www.facebook.com\/Znakowo\/","article_published_time":"2019-02-28T08:45:18+00:00","article_modified_time":"2023-04-13T13:36:27+00:00","og_image":[{"width":1280,"height":853,"url":"https:\/\/www.znakowo.pl\/blog\/wp-content\/uploads\/2019\/02\/dep1-3.jpeg","type":"image\/jpeg"}],"author":"Julita Krzemi\u0144ska","twitter_card":"summary_large_image","twitter_misc":{"Napisane przez":"Julita Krzemi\u0144ska","Szacowany czas czytania":"2 minuty"},"schema":{"@context":"https:\/\/schema.org","@graph":[{"@type":"Article","@id":"https:\/\/www.znakowo.pl\/blog\/drogi-ewakuacyjne-oznakowanie-pasami-z-materialu-fotoluminescencyjnego\/#article","isPartOf":{"@id":"https:\/\/www.znakowo.pl\/blog\/drogi-ewakuacyjne-oznakowanie-pasami-z-materialu-fotoluminescencyjnego\/"},"author":{"name":"Julita Krzemi\u0144ska","@id":"https:\/\/www.znakowo.pl\/blog\/#\/schema\/person\/a29ddb53515b4cfd337f1582146267d9"},"headline":"Drogi ewakuacyjne &#8211; oznakowanie pasami z materia\u0142u fotoluminescencyjnego","datePublished":"2019-02-28T08:45:18+00:00","dateModified":"2023-04-13T13:36:27+00:00","mainEntityOfPage":{"@id":"https:\/\/www.znakowo.pl\/blog\/drogi-ewakuacyjne-oznakowanie-pasami-z-materialu-fotoluminescencyjnego\/"},"wordCount":403,"publisher":{"@id":"https:\/\/www.znakowo.pl\/blog\/#organization"},"image":{"@id":"https:\/\/www.znakowo.pl\/blog\/drogi-ewakuacyjne-oznakowanie-pasami-z-materialu-fotoluminescencyjnego\/#primaryimage"},"thumbnailUrl":"https:\/\/www.znakowo.pl\/blog\/wp-content\/uploads\/2019\/02\/dep1-3.jpeg","articleSection":["Oznakowanie obiekt\u00f3w","PPO\u017b"],"inLanguage":"pl-PL"},{"@type":"WebPage","@id":"https:\/\/www.znakowo.pl\/blog\/drogi-ewakuacyjne-oznakowanie-pasami-z-materialu-fotoluminescencyjnego\/","url":"https:\/\/www.znakowo.pl\/blog\/drogi-ewakuacyjne-oznakowanie-pasami-z-materialu-fotoluminescencyjnego\/","name":"Drogi ewakuacyjne - oznakowanie pasami z materia\u0142u fotoluminescencyjnego - Blog znakowo.pl","isPartOf":{"@id":"https:\/\/www.znakowo.pl\/blog\/#website"},"primaryImageOfPage":{"@id":"https:\/\/www.znakowo.pl\/blog\/drogi-ewakuacyjne-oznakowanie-pasami-z-materialu-fotoluminescencyjnego\/#primaryimage"},"image":{"@id":"https:\/\/www.znakowo.pl\/blog\/drogi-ewakuacyjne-oznakowanie-pasami-z-materialu-fotoluminescencyjnego\/#primaryimage"},"thumbnailUrl":"https:\/\/www.znakowo.pl\/blog\/wp-content\/uploads\/2019\/02\/dep1-3.jpeg","datePublished":"2019-02-28T08:45:18+00:00","dateModified":"2023-04-13T13:36:27+00:00","description":"Drogi ewakuacyjne - oznakowanie pasami z materia\u0142u fotoluminescencyjnego. Czemu s\u0142u\u017cy i jak powinno by\u0107 stosowane tego rodzaju oznakowanie?","breadcrumb":{"@id":"https:\/\/www.znakowo.pl\/blog\/drogi-ewakuacyjne-oznakowanie-pasami-z-materialu-fotoluminescencyjnego\/#breadcrumb"},"inLanguage":"pl-PL","potentialAction":[{"@type":"ReadAction","target":["https:\/\/www.znakowo.pl\/blog\/drogi-ewakuacyjne-oznakowanie-pasami-z-materialu-fotoluminescencyjnego\/"]}]},{"@type":"ImageObject","inLanguage":"pl-PL","@id":"https:\/\/www.znakowo.pl\/blog\/drogi-ewakuacyjne-oznakowanie-pasami-z-materialu-fotoluminescencyjnego\/#primaryimage","url":"https:\/\/www.znakowo.pl\/blog\/wp-content\/uploads\/2019\/02\/dep1-3.jpeg","contentUrl":"https:\/\/www.znakowo.pl\/blog\/wp-content\/uploads\/2019\/02\/dep1-3.jpeg","width":1280,"height":853,"caption":"oznakowanie pasami z materia\u0142u fotoluminescencyjnego"},{"@type":"BreadcrumbList","@id":"https:\/\/www.znakowo.pl\/blog\/drogi-ewakuacyjne-oznakowanie-pasami-z-materialu-fotoluminescencyjnego\/#breadcrumb","itemListElement":[{"@type":"ListItem","position":1,"name":"Strona g\u0142\u00f3wna","item":"https:\/\/www.znakowo.pl\/blog\/"},{"@type":"ListItem","position":2,"name":"Drogi ewakuacyjne &#8211; oznakowanie pasami z materia\u0142u fotoluminescencyjnego"}]},{"@type":"WebSite","@id":"https:\/\/www.znakowo.pl\/blog\/#website","url":"https:\/\/www.znakowo.pl\/blog\/","name":"Blog znakowo.pl","description":"","publisher":{"@id":"https:\/\/www.znakowo.pl\/blog\/#organization"},"potentialAction":[{"@type":"SearchAction","target":{"@type":"EntryPoint","urlTemplate":"https:\/\/www.znakowo.pl\/blog\/?s={search_term_string}"},"query-input":{"@type":"PropertyValueSpecification","valueRequired":true,"valueName":"search_term_string"}}],"inLanguage":"pl-PL"},{"@type":"Organization","@id":"https:\/\/www.znakowo.pl\/blog\/#organization","name":"Znakowo.pl","url":"https:\/\/www.znakowo.pl\/blog\/","logo":{"@type":"ImageObject","inLanguage":"pl-PL","@id":"https:\/\/www.znakowo.pl\/blog\/#\/schema\/logo\/image\/","url":"https:\/\/www.znakowo.pl\/blog\/wp-content\/uploads\/2017\/05\/logo_1.png","contentUrl":"https:\/\/www.znakowo.pl\/blog\/wp-content\/uploads\/2017\/05\/logo_1.png","width":277,"height":94,"caption":"Znakowo.pl"},"image":{"@id":"https:\/\/www.znakowo.pl\/blog\/#\/schema\/logo\/image\/"},"sameAs":["https:\/\/www.facebook.com\/Znakowo\/"]},{"@type":"Person","@id":"https:\/\/www.znakowo.pl\/blog\/#\/schema\/person\/a29ddb53515b4cfd337f1582146267d9","name":"Julita Krzemi\u0144ska","image":{"@type":"ImageObject","inLanguage":"pl-PL","@id":"https:\/\/secure.gravatar.com\/avatar\/e6adac54b1d18b21f8567cc6208ef43409e661f1070cf8be2e6912306b99d439?s=96&d=mm&r=g","url":"https:\/\/secure.gravatar.com\/avatar\/e6adac54b1d18b21f8567cc6208ef43409e661f1070cf8be2e6912306b99d439?s=96&d=mm&r=g","contentUrl":"https:\/\/secure.gravatar.com\/avatar\/e6adac54b1d18b21f8567cc6208ef43409e661f1070cf8be2e6912306b99d439?s=96&d=mm&r=g","caption":"Julita Krzemi\u0144ska"},"url":"https:\/\/www.znakowo.pl\/blog\/author\/jkrzeminska\/"}]}},"_links":{"self":[{"href":"https:\/\/www.znakowo.pl\/blog\/wp-json\/wp\/v2\/posts\/1542","targetHints":{"allow":["GET"]}}],"collection":[{"href":"https:\/\/www.znakowo.pl\/blog\/wp-json\/wp\/v2\/posts"}],"about":[{"href":"https:\/\/www.znakowo.pl\/blog\/wp-json\/wp\/v2\/types\/post"}],"author":[{"embeddable":true,"href":"https:\/\/www.znakowo.pl\/blog\/wp-json\/wp\/v2\/users\/3"}],"replies":[{"embeddable":true,"href":"https:\/\/www.znakowo.pl\/blog\/wp-json\/wp\/v2\/comments?post=1542"}],"version-history":[{"count":2,"href":"https:\/\/www.znakowo.pl\/blog\/wp-json\/wp\/v2\/posts\/1542\/revisions"}],"predecessor-version":[{"id":5604,"href":"https:\/\/www.znakowo.pl\/blog\/wp-json\/wp\/v2\/posts\/1542\/revisions\/5604"}],"wp:featuredmedia":[{"embeddable":true,"href":"https:\/\/www.znakowo.pl\/blog\/wp-json\/wp\/v2\/media\/1588"}],"wp:attachment":[{"href":"https:\/\/www.znakowo.pl\/blog\/wp-json\/wp\/v2\/media?parent=1542"}],"wp:term":[{"taxonomy":"category","embeddable":true,"href":"https:\/\/www.znakowo.pl\/blog\/wp-json\/wp\/v2\/categories?post=1542"},{"taxonomy":"post_tag","embeddable":true,"href":"https:\/\/www.znakowo.pl\/blog\/wp-json\/wp\/v2\/tags?post=1542"}],"curies":[{"name":"wp","href":"https:\/\/api.w.org\/{rel}","templated":true}]}}