{"id":1904,"date":"2019-08-21T13:54:16","date_gmt":"2019-08-21T11:54:16","guid":{"rendered":"https:\/\/www.znakowo.pl\/blog\/?p=1904"},"modified":"2024-03-22T11:32:21","modified_gmt":"2024-03-22T10:32:21","slug":"progi-podrzutowe-u-17","status":"publish","type":"post","link":"https:\/\/www.znakowo.pl\/blog\/progi-podrzutowe-u-17\/","title":{"rendered":"Progi podrzutowe U-17"},"content":{"rendered":"\n<p><a href=\"https:\/\/www.znakowo.pl\/progi-podrzutowe-u-17\/\">Progi podrzutowe U-17<\/a> to urz\u0105dzenia BRD, kt\u00f3re s\u0142u\u017c\u0105 do fizycznego wymuszenia ograniczenia pr\u0119dko\u015bci pojazd\u00f3w. Uspokajaj\u0105 ruch oraz wp\u0142ywaj\u0105 na popraw\u0119 bezpiecze\u0144stwa. <\/p>\n\n\n<p><!--more--><\/p>\n\n\n<div id=\"ez-toc-container\" class=\"ez-toc-v2_0_82_2 counter-hierarchy ez-toc-counter ez-toc-grey ez-toc-container-direction\">\n<div class=\"ez-toc-title-container\">\n<p class=\"ez-toc-title\" style=\"cursor:inherit\">Spis tre\u015bci<\/p>\n<span class=\"ez-toc-title-toggle\"><a href=\"#\" class=\"ez-toc-pull-right ez-toc-btn ez-toc-btn-xs ez-toc-btn-default ez-toc-toggle\" aria-label=\"Prze\u0142\u0105cznik Spisu Tre\u015bci\"><span class=\"ez-toc-js-icon-con\"><span class=\"\"><span class=\"eztoc-hide\" style=\"display:none;\">Toggle<\/span><span class=\"ez-toc-icon-toggle-span\"><svg style=\"fill: #999;color:#999\" xmlns=\"http:\/\/www.w3.org\/2000\/svg\" class=\"list-377408\" width=\"20px\" height=\"20px\" viewBox=\"0 0 24 24\" fill=\"none\"><path d=\"M6 6H4v2h2V6zm14 0H8v2h12V6zM4 11h2v2H4v-2zm16 0H8v2h12v-2zM4 16h2v2H4v-2zm16 0H8v2h12v-2z\" fill=\"currentColor\"><\/path><\/svg><svg style=\"fill: #999;color:#999\" class=\"arrow-unsorted-368013\" xmlns=\"http:\/\/www.w3.org\/2000\/svg\" width=\"10px\" height=\"10px\" viewBox=\"0 0 24 24\" version=\"1.2\" baseProfile=\"tiny\"><path d=\"M18.2 9.3l-6.2-6.3-6.2 6.3c-.2.2-.3.4-.3.7s.1.5.3.7c.2.2.4.3.7.3h11c.3 0 .5-.1.7-.3.2-.2.3-.5.3-.7s-.1-.5-.3-.7zM5.8 14.7l6.2 6.3 6.2-6.3c.2-.2.3-.5.3-.7s-.1-.5-.3-.7c-.2-.2-.4-.3-.7-.3h-11c-.3 0-.5.1-.7.3-.2.2-.3.5-.3.7s.1.5.3.7z\"\/><\/svg><\/span><\/span><\/span><\/a><\/span><\/div>\n<nav><ul class='ez-toc-list ez-toc-list-level-1 ' ><li class='ez-toc-page-1 ez-toc-heading-level-2'><a class=\"ez-toc-link ez-toc-heading-1\" href=\"https:\/\/www.znakowo.pl\/blog\/progi-podrzutowe-u-17\/#Urzadzenia_do_ograniczania_predkosci_pojazdow\" >Urz\u0105dzenia\ndo ograniczania pr\u0119dko\u015bci pojazd\u00f3w<\/a><\/li><li class='ez-toc-page-1 ez-toc-heading-level-2'><a class=\"ez-toc-link ez-toc-heading-2\" href=\"https:\/\/www.znakowo.pl\/blog\/progi-podrzutowe-u-17\/#Gdzie_mozna_stosowac_progi_podrzutowe\" >Gdzie\nmo\u017cna stosowa\u0107 progi podrzutowe?<\/a><\/li><li class='ez-toc-page-1 ez-toc-heading-level-2'><a class=\"ez-toc-link ez-toc-heading-3\" href=\"https:\/\/www.znakowo.pl\/blog\/progi-podrzutowe-u-17\/#Progi_podrzutowe_na_drogach_publicznych\" >Progi\npodrzutowe na drogach publicznych<\/a><\/li><\/ul><\/nav><\/div>\n<h2 class=\"wp-block-heading\"><span class=\"ez-toc-section\" id=\"Urzadzenia_do_ograniczania_predkosci_pojazdow\"><\/span>Urz\u0105dzenia\ndo ograniczania pr\u0119dko\u015bci pojazd\u00f3w<span class=\"ez-toc-section-end\"><\/span><\/h2>\n\n\n\n<p>Do fizycznego wymuszenia ograniczenia pr\u0119dko\u015bci pojazd\u00f3w stosuje si\u0119 <a href=\"https:\/\/www.znakowo.pl\/progi-zwalniajace\/\">progi zwalniaj\u0105ce U-16<\/a> oraz <a href=\"https:\/\/www.znakowo.pl\/progi-podrzutowe-u-17\/\">progi podrzutowe U-17<\/a>. <\/p>\n\n\n\n<p>Dopuszczaln\u0105 pr\u0119dko\u015b\u0107, przy kt\u00f3rej samoch\u00f3d osobowy \u015bredniej wielko\u015bci mo\u017ce przejecha\u0107 przez pr\u00f3g, bez wyra\u017anych niedogodno\u015bci ruchu oraz bez wp\u0142ywu na bezpiecze\u0144stwo ruchu, okre\u015bla si\u0119 mianem granicznej pr\u0119dko\u015bci przejazdu. Wyra\u017ca si\u0119 j\u0105 w km\/h. <\/p>\n\n\n\n<p>Tego rodzaju urz\u0105dzenia mo\u017cna stosowa\u0107 wy\u0142\u0105cznie w&nbsp;miejscach i&nbsp;na odcinkach dr\u00f3g, na kt\u00f3rych konieczne jest skuteczne ograniczenie pr\u0119dko\u015bci pojazd\u00f3w. Jest jednak warunek &#8211;  inne metody nie mog\u0105 by\u0107 stosowane lub je\u015bli ich skuteczno\u015b\u0107 jest zbyt ma\u0142a. <\/p>\n\n\n\n<div class=\"product-small-box-content display-flex\">\n          <a href=\"https:\/\/www.znakowo.pl\/produkt\/prog-podrzutowy-u-17-|-7-cm-drogowy-najazd-405-cm,u-17_7,9112.html\" class=\"product-small\">\n          <div class=\"product-small-box\">\n              <div class=\"product-small-img\">\n                                    <img decoding=\"async\" src=\"https:\/\/tdc.znakowo.pl\/thumbs\/prog-podrzutowy-u-17-|-7-cm-drogowy-najazd-405-cm-21396-9112-160-160-0.jpg\" alt=\"Pr\u00f3g podrzutowy U-17 | 7 cm, drogowy, najazd 40,5 cm - Progi podrzutowe U-17\" title=\"Pr\u00f3g podrzutowy U-17 | 7 cm, drogowy, najazd 40,5 cm - Progi podrzutowe U-17\" \/>\n              <\/div>\n              <div class=\"product-small-title\">\n                  Pr\u00f3g podrzutowy U-17 | 7 cm, drogowy, najazd 40,5 cm              <\/div>\n          <\/div>\n      <\/a>    \n            <a href=\"https:\/\/www.znakowo.pl\/produkt\/najazd-kablowy-prog-najazd-na-kable-ochraniacz-kabli-podrzutowy-pcv-44x50x7-cm,o-okp,9232.html\" class=\"product-small\">\n          <div class=\"product-small-box\">\n              <div class=\"product-small-img\">\n                                    <img decoding=\"async\" src=\"https:\/\/tdc.znakowo.pl\/thumbs\/najazd-kablowy-prog-najazd-na-kable-ochraniacz-kabli-podrzutowy-pcv-44x50x7-cm-23609-9232-160-160-0.jpg\" alt=\"Najazd kablowy, pr\u00f3g, najazd na kable ochraniacz kabli podrzutowy PCV 44x50x7 cm - Progi podrzutowe U-17\" title=\"Najazd kablowy, pr\u00f3g, najazd na kable ochraniacz kabli podrzutowy PCV 44x50x7 cm - Progi podrzutowe U-17\" \/>\n              <\/div>\n              <div class=\"product-small-title\">\n                  Najazd kablowy, pr\u00f3g, najazd na kable ochraniacz kabli podrzutowy PCV 44x50x7 cm              <\/div>\n          <\/div>\n      <\/a>    \n            <a href=\"https:\/\/www.znakowo.pl\/produkt\/prog-podrzutowy-u-17-|-5-cm-drogowy-najazd-34-cm,u-17_5,9111.html\" class=\"product-small\">\n          <div class=\"product-small-box\">\n              <div class=\"product-small-img\">\n                                    <img decoding=\"async\" src=\"https:\/\/tdc.znakowo.pl\/thumbs\/prog-podrzutowy-u-17-|-5-cm-drogowy-najazd-34-cm-21395-9111-160-160-0.jpg\" alt=\"Pr\u00f3g podrzutowy U-17 | 5 cm, drogowy, najazd 34 cm - Progi podrzutowe U-17\" title=\"Pr\u00f3g podrzutowy U-17 | 5 cm, drogowy, najazd 34 cm - Progi podrzutowe U-17\" \/>\n              <\/div>\n              <div class=\"product-small-title\">\n                  Pr\u00f3g podrzutowy U-17 | 5 cm, drogowy, najazd 34 cm              <\/div>\n          <\/div>\n      <\/a>    \n        \n    <div class=\"clearfix\"><\/div>    \n<\/div>\n\n\n\n\n<h2 class=\"wp-block-heading\"><span class=\"ez-toc-section\" id=\"Gdzie_mozna_stosowac_progi_podrzutowe\"><\/span>Gdzie\nmo\u017cna stosowa\u0107 progi podrzutowe?<span class=\"ez-toc-section-end\"><\/span><\/h2>\n\n\n\n<p>Progi podrzutowe mo\u017cna stosowa\u0107 poza drogami publicznymi:<\/p>\n\n\n\n<ul class=\"wp-block-list\">\n<li>Na obszarach o&nbsp;ograniczonej dost\u0119pno\u015bci lub na obszarach zamkni\u0119tych (np. na drogach po\u0142o\u017conych wewn\u0105trz osiedli i&nbsp;innych zwartych obszar\u00f3w zabudowy mieszkaniowej, na terenach zak\u0142adowych czy parkingach). Ich stosowanie jest dopuszczalne jedynie w\u00f3wczas, gdy konieczne jest ograniczenie pr\u0119dko\u015bci pojazd\u00f3w do ok. 5 \u2013 8 km\/h.<\/li>\n\n\n\n<li>Przy wjazdach na parkingi, tereny zak\u0142adowe, tereny jednostek u\u017cyteczno\u015bci publicznej itp. \u2013 je\u015bli s\u0105 tam zainstalowane urz\u0105dzenia zamykaj\u0105ce teren (<a href=\"https:\/\/www.znakowo.pl\/barierki-drogowe-i-chodnikowe\/\">bariery, zapory, furty itp.<\/a>). Spe\u0142niaj\u0105 w\u00f3wczas rol\u0119 \u015brodka wzmacniaj\u0105cego dzia\u0142anie tych urz\u0105dze\u0144 i\u00a0wymuszaj\u0105cego powolny wjazd na dany teren.<\/li>\n\n\n\n<li>Na parkingach i&nbsp;innych, podobnych terenach, jako \u015brodek dyscyplinuj\u0105cy ruch wewn\u0119trzny. <\/li>\n<\/ul>\n\n\n\n<div class=\"product-small-box-content display-flex\">\n          <a href=\"https:\/\/www.znakowo.pl\/produkt\/uwaga-wyjazd-z-budowy-znak-tablica-budowlana-oa094,oa094,1498.html\" class=\"product-small\">\n          <div class=\"product-small-box\">\n              <div class=\"product-small-img\">\n                                    <img decoding=\"async\" src=\"https:\/\/tdc.znakowo.pl\/thumbs\/uwaga-wyjazd-z-budowy-znak-tablica-budowlana-oa094-5969-1498-160-160-0.jpg\" alt=\"Uwaga! Wyjazd z budowy - znak, tablica budowlana - OA094 - Progi podrzutowe U-17\" title=\"Uwaga! Wyjazd z budowy - znak, tablica budowlana - OA094 - Progi podrzutowe U-17\" \/>\n              <\/div>\n              <div class=\"product-small-title\">\n                  Uwaga! Wyjazd z budowy - znak, tablica budowlana - OA094              <\/div>\n          <\/div>\n      <\/a>    \n            <a href=\"https:\/\/www.znakowo.pl\/produkt\/parking-znak-pcv,sa017,2009.html\" class=\"product-small\">\n          <div class=\"product-small-box\">\n              <div class=\"product-small-img\">\n                                    <img decoding=\"async\" src=\"https:\/\/tdc.znakowo.pl\/thumbs\/parking-znak-pcv-6623-2009-160-160-0.jpg\" alt=\"Parking - znak PCV - Progi podrzutowe U-17\" title=\"Parking - znak PCV - Progi podrzutowe U-17\" \/>\n              <\/div>\n              <div class=\"product-small-title\">\n                  Parking - znak PCV              <\/div>\n          <\/div>\n      <\/a>    \n            <a href=\"https:\/\/www.znakowo.pl\/produkt\/znak-d-46-droga-wewnetrzna-drogowy-informacyjny,sfd-46,2403.html\" class=\"product-small\">\n          <div class=\"product-small-box\">\n              <div class=\"product-small-img\">\n                                    <img decoding=\"async\" src=\"https:\/\/tdc.znakowo.pl\/thumbs\/znak-d-46-droga-wewnetrzna-drogowy-informacyjny-6922-2403-160-160-0.jpg\" alt=\"Znak D-46 Droga wewn\u0119trzna - drogowy informacyjny - Progi podrzutowe U-17\" title=\"Znak D-46 Droga wewn\u0119trzna - drogowy informacyjny - Progi podrzutowe U-17\" \/>\n              <\/div>\n              <div class=\"product-small-title\">\n                  Znak D-46 Droga wewn\u0119trzna - drogowy informacyjny              <\/div>\n          <\/div>\n      <\/a>    \n        \n    <div class=\"clearfix\"><\/div>    \n<\/div>\n\n\n\n\n<h2 class=\"wp-block-heading\"><span class=\"ez-toc-section\" id=\"Progi_podrzutowe_na_drogach_publicznych\"><\/span>Progi\npodrzutowe na drogach publicznych<span class=\"ez-toc-section-end\"><\/span><\/h2>\n\n\n\n<p>Na drogach publicznych dopuszcza si\u0119 stosowanie prog\u00f3w podrzutowych na obszarze przej\u015bcia granicznego. Stanowi\u0105 w\u00f3wczas element, kt\u00f3ry uzupe\u0142nia zapor\u0119 U-13b.<\/p>\n\n\n\n<p>Progi podrzutowe mog\u0105 by\u0107 wykonane z&nbsp;segment\u00f3w, z&nbsp;odr\u0119bnymi zako\u0144czeniami, kt\u00f3re umo\u017cliwiaj\u0105 ich instalacj\u0119. Mo\u017cna montowa\u0107 je na okres sta\u0142y lub czasowy (np. w&nbsp;trakcie festyn\u00f3w, wiec\u00f3w wyborczych czy <a href=\"https:\/\/www.znakowo.pl\/blog\/bezpieczenstwo-imprez-masowych\/\">imprez masowych<\/a> ). Na progach podrzutowych umieszcza si\u0119 znak poziomy P-25, przy czym znak nie jest konieczny w przypadku prog\u00f3w wykonywanych z&nbsp;segment\u00f3w o&nbsp;barwach, na przemian, czarnej i&nbsp;\u017c\u00f3\u0142tej. Na powierzchni najazdowej  prog\u00f3w wykonywanych z&nbsp;segment\u00f3w zaleca si\u0119 umieszczenie element\u00f3w odblaskowych. <div class=\"product-small-box-content display-flex\">\n          <a href=\"https:\/\/www.znakowo.pl\/produkt\/prog-podrzutowy-u-17-pw-p-|-5-cm-drogowy-zolty,o-pw-p-z,9588.html\" class=\"product-small\">\n          <div class=\"product-small-box\">\n              <div class=\"product-small-img\">\n                                    <img decoding=\"async\" src=\"https:\/\/tdc.znakowo.pl\/thumbs\/prog-podrzutowy-u-17-pw-p-|-5-cm-drogowy-zolty-20306-9588-160-160-0.jpg\" alt=\"Pr\u00f3g podrzutowy U-17, PW-P | 5 cm, drogowy, \u017c\u00f3\u0142ty - Progi podrzutowe U-17\" title=\"Pr\u00f3g podrzutowy U-17, PW-P | 5 cm, drogowy, \u017c\u00f3\u0142ty - Progi podrzutowe U-17\" \/>\n              <\/div>\n              <div class=\"product-small-title\">\n                  Pr\u00f3g podrzutowy U-17, PW-P | 5 cm, drogowy, \u017c\u00f3\u0142ty              <\/div>\n          <\/div>\n      <\/a>    \n            <a href=\"https:\/\/www.znakowo.pl\/produkt\/prog-podrzutowy-punktowy-u-17-pw-p-|-5-cm-drogowy-zolty,gh-ppp-z,9497.html\" class=\"product-small\">\n          <div class=\"product-small-box\">\n              <div class=\"product-small-img\">\n                                    <img decoding=\"async\" src=\"https:\/\/tdc.znakowo.pl\/thumbs\/prog-podrzutowy-punktowy-u-17-pw-p-|-5-cm-drogowy-zolty-20124-9497-160-160-0.jpg\" alt=\"Pr\u00f3g podrzutowy punktowy U-17, PW-P | 5 cm, drogowy, \u017c\u00f3\u0142ty - Progi podrzutowe U-17\" title=\"Pr\u00f3g podrzutowy punktowy U-17, PW-P | 5 cm, drogowy, \u017c\u00f3\u0142ty - Progi podrzutowe U-17\" \/>\n              <\/div>\n              <div class=\"product-small-title\">\n                  Pr\u00f3g podrzutowy punktowy U-17, PW-P | 5 cm, drogowy, \u017c\u00f3\u0142ty              <\/div>\n          <\/div>\n      <\/a>    \n            <a href=\"https:\/\/www.znakowo.pl\/produkt\/prog-podrzutowy-u-17-pw-30-|-55-cm-drogowy-najazd-35-cm,o-pw30,9578.html\" class=\"product-small\">\n          <div class=\"product-small-box\">\n              <div class=\"product-small-img\">\n                                    <img decoding=\"async\" src=\"https:\/\/tdc.znakowo.pl\/thumbs\/prog-podrzutowy-u-17-pw-30-|-55-cm-drogowy-najazd-35-cm-24696-9578-160-160-0.jpg\" alt=\"Pr\u00f3g podrzutowy U-17, PW-30 | 5,5 cm, drogowy, najazd 35 cm - Progi podrzutowe U-17\" title=\"Pr\u00f3g podrzutowy U-17, PW-30 | 5,5 cm, drogowy, najazd 35 cm - Progi podrzutowe U-17\" \/>\n              <\/div>\n              <div class=\"product-small-title\">\n                  Pr\u00f3g podrzutowy U-17, PW-30 | 5,5 cm, drogowy, najazd 35 cm              <\/div>\n          <\/div>\n      <\/a>    \n            <a href=\"https:\/\/www.znakowo.pl\/produkt\/prog-podrzutowy-u-17-pw-40-|-5-cm-drogowy-najazd-40-cm,o-pw40,9581.html\" class=\"product-small\">\n          <div class=\"product-small-box\">\n              <div class=\"product-small-img\">\n                                    <img decoding=\"async\" src=\"https:\/\/tdc.znakowo.pl\/thumbs\/prog-podrzutowy-u-17-pw-40-|-5-cm-drogowy-najazd-40-cm-24690-9581-160-160-0.jpg\" alt=\"Pr\u00f3g podrzutowy U-17, PW-40 | 5 cm, drogowy, najazd 40 cm - Progi podrzutowe U-17\" title=\"Pr\u00f3g podrzutowy U-17, PW-40 | 5 cm, drogowy, najazd 40 cm - Progi podrzutowe U-17\" \/>\n              <\/div>\n              <div class=\"product-small-title\">\n                  Pr\u00f3g podrzutowy U-17, PW-40 | 5 cm, drogowy, najazd 40 cm              <\/div>\n          <\/div>\n      <\/a>    \n            <a href=\"https:\/\/www.znakowo.pl\/produkt\/prog-podrzutowy-u-17-|-listwowy-5-cm-drogowy-najazd-60-cm,o-pw60,9590.html\" class=\"product-small\">\n          <div class=\"product-small-box\">\n              <div class=\"product-small-img\">\n                                    <img decoding=\"async\" src=\"https:\/\/tdc.znakowo.pl\/thumbs\/prog-podrzutowy-u-17-|-listwowy-5-cm-drogowy-najazd-60-cm-24686-9590-160-160-0.jpg\" alt=\"Pr\u00f3g podrzutowy U-17 | listwowy, 5 cm, drogowy, najazd 60 cm - Progi podrzutowe U-17\" title=\"Pr\u00f3g podrzutowy U-17 | listwowy, 5 cm, drogowy, najazd 60 cm - Progi podrzutowe U-17\" \/>\n              <\/div>\n              <div class=\"product-small-title\">\n                  Pr\u00f3g podrzutowy U-17 | listwowy, 5 cm, drogowy, najazd 60 cm              <\/div>\n          <\/div>\n      <\/a>    \n            <a href=\"https:\/\/www.znakowo.pl\/produkt\/prog-podrzutowy-u-17-pw-40m-|-5-cm-drogowy-najazd-40-cm,o-pw40m,9587.html\" class=\"product-small\">\n          <div class=\"product-small-box\">\n              <div class=\"product-small-img\">\n                                    <img decoding=\"async\" src=\"https:\/\/tdc.znakowo.pl\/thumbs\/prog-podrzutowy-u-17-pw-40m-|-5-cm-drogowy-najazd-40-cm-24693-9587-160-160-0.jpg\" alt=\"Pr\u00f3g podrzutowy U-17, PW-40M | 5 cm, drogowy, najazd 40 cm - Progi podrzutowe U-17\" title=\"Pr\u00f3g podrzutowy U-17, PW-40M | 5 cm, drogowy, najazd 40 cm - Progi podrzutowe U-17\" \/>\n              <\/div>\n              <div class=\"product-small-title\">\n                  Pr\u00f3g podrzutowy U-17, PW-40M | 5 cm, drogowy, najazd 40 cm              <\/div>\n          <\/div>\n      <\/a>    \n        \n    <div class=\"clearfix\"><\/div>    \n<\/div>\n <\/p>\n","protected":false},"excerpt":{"rendered":"<p>Progi podrzutowe U-17 to urz\u0105dzenia BRD, kt\u00f3re s\u0142u\u017c\u0105 do fizycznego wymuszenia ograniczenia pr\u0119dko\u015bci pojazd\u00f3w. Uspokajaj\u0105 ruch oraz wp\u0142ywaj\u0105 na popraw\u0119 bezpiecze\u0144stwa.<\/p>\n","protected":false},"author":3,"featured_media":1911,"comment_status":"closed","ping_status":"closed","sticky":false,"template":"","format":"standard","meta":{"_acf_changed":false,"footnotes":""},"categories":[657,1],"tags":[],"class_list":["post-1904","post","type-post","status-publish","format-standard","has-post-thumbnail","hentry","category-bezpieczenstwo-ruchu-drogowego","category-przepisy-ustawy"],"acf":[],"yoast_head":"<!-- This site is optimized with the Yoast SEO plugin v27.4 - https:\/\/yoast.com\/product\/yoast-seo-wordpress\/ -->\n<title>Progi podrzutowe U-17 - Blog znakowo.pl<\/title>\n<meta name=\"description\" content=\"Progi podrzutowe s\u0105 urz\u0105dzeniami bezpiecze\u0144stwa ruchu drogowego. Uspokajaj\u0105 ruch i wp\u0142ywaj\u0105 na popraw\u0119 bezpiecze\u0144stwa. Gdzie i kiedy mog\u0105 by\u0107 stosowane?\" \/>\n<meta name=\"robots\" content=\"index, follow, max-snippet:-1, max-image-preview:large, max-video-preview:-1\" \/>\n<link rel=\"canonical\" href=\"https:\/\/www.znakowo.pl\/blog\/progi-podrzutowe-u-17\/\" \/>\n<meta property=\"og:locale\" content=\"pl_PL\" \/>\n<meta property=\"og:type\" content=\"article\" \/>\n<meta property=\"og:title\" content=\"Progi podrzutowe U-17 - Blog znakowo.pl\" \/>\n<meta property=\"og:description\" content=\"Progi podrzutowe s\u0105 urz\u0105dzeniami bezpiecze\u0144stwa ruchu drogowego. Uspokajaj\u0105 ruch i wp\u0142ywaj\u0105 na popraw\u0119 bezpiecze\u0144stwa. Gdzie i kiedy mog\u0105 by\u0107 stosowane?\" \/>\n<meta property=\"og:url\" content=\"https:\/\/www.znakowo.pl\/blog\/progi-podrzutowe-u-17\/\" \/>\n<meta property=\"og:site_name\" content=\"Blog znakowo.pl\" \/>\n<meta property=\"article:publisher\" content=\"https:\/\/www.facebook.com\/Znakowo\/\" \/>\n<meta property=\"article:published_time\" content=\"2019-08-21T11:54:16+00:00\" \/>\n<meta property=\"article:modified_time\" content=\"2024-03-22T10:32:21+00:00\" \/>\n<meta property=\"og:image\" content=\"https:\/\/www.znakowo.pl\/blog\/wp-content\/uploads\/2019\/08\/yfmcheIA.jpeg\" \/>\n\t<meta property=\"og:image:width\" content=\"1600\" \/>\n\t<meta property=\"og:image:height\" content=\"1066\" \/>\n\t<meta property=\"og:image:type\" content=\"image\/jpeg\" \/>\n<meta name=\"author\" content=\"Julita Krzemi\u0144ska\" \/>\n<meta name=\"twitter:card\" content=\"summary_large_image\" \/>\n<meta name=\"twitter:label1\" content=\"Napisane przez\" \/>\n\t<meta name=\"twitter:data1\" content=\"Julita Krzemi\u0144ska\" \/>\n\t<meta name=\"twitter:label2\" content=\"Szacowany czas czytania\" \/>\n\t<meta name=\"twitter:data2\" content=\"3 minuty\" \/>\n<script type=\"application\/ld+json\" class=\"yoast-schema-graph\">{\"@context\":\"https:\\\/\\\/schema.org\",\"@graph\":[{\"@type\":\"Article\",\"@id\":\"https:\\\/\\\/www.znakowo.pl\\\/blog\\\/progi-podrzutowe-u-17\\\/#article\",\"isPartOf\":{\"@id\":\"https:\\\/\\\/www.znakowo.pl\\\/blog\\\/progi-podrzutowe-u-17\\\/\"},\"author\":{\"name\":\"Julita Krzemi\u0144ska\",\"@id\":\"https:\\\/\\\/www.znakowo.pl\\\/blog\\\/#\\\/schema\\\/person\\\/a29ddb53515b4cfd337f1582146267d9\"},\"headline\":\"Progi podrzutowe U-17\",\"datePublished\":\"2019-08-21T11:54:16+00:00\",\"dateModified\":\"2024-03-22T10:32:21+00:00\",\"mainEntityOfPage\":{\"@id\":\"https:\\\/\\\/www.znakowo.pl\\\/blog\\\/progi-podrzutowe-u-17\\\/\"},\"wordCount\":423,\"publisher\":{\"@id\":\"https:\\\/\\\/www.znakowo.pl\\\/blog\\\/#organization\"},\"image\":{\"@id\":\"https:\\\/\\\/www.znakowo.pl\\\/blog\\\/progi-podrzutowe-u-17\\\/#primaryimage\"},\"thumbnailUrl\":\"https:\\\/\\\/www.znakowo.pl\\\/blog\\\/wp-content\\\/uploads\\\/2019\\\/08\\\/yfmcheIA.jpeg\",\"articleSection\":[\"Bezpiecze\u0144stwo ruchu drogowego\",\"Przepisy, ustawy\"],\"inLanguage\":\"pl-PL\"},{\"@type\":\"WebPage\",\"@id\":\"https:\\\/\\\/www.znakowo.pl\\\/blog\\\/progi-podrzutowe-u-17\\\/\",\"url\":\"https:\\\/\\\/www.znakowo.pl\\\/blog\\\/progi-podrzutowe-u-17\\\/\",\"name\":\"Progi podrzutowe U-17 - Blog znakowo.pl\",\"isPartOf\":{\"@id\":\"https:\\\/\\\/www.znakowo.pl\\\/blog\\\/#website\"},\"primaryImageOfPage\":{\"@id\":\"https:\\\/\\\/www.znakowo.pl\\\/blog\\\/progi-podrzutowe-u-17\\\/#primaryimage\"},\"image\":{\"@id\":\"https:\\\/\\\/www.znakowo.pl\\\/blog\\\/progi-podrzutowe-u-17\\\/#primaryimage\"},\"thumbnailUrl\":\"https:\\\/\\\/www.znakowo.pl\\\/blog\\\/wp-content\\\/uploads\\\/2019\\\/08\\\/yfmcheIA.jpeg\",\"datePublished\":\"2019-08-21T11:54:16+00:00\",\"dateModified\":\"2024-03-22T10:32:21+00:00\",\"description\":\"Progi podrzutowe s\u0105 urz\u0105dzeniami bezpiecze\u0144stwa ruchu drogowego. Uspokajaj\u0105 ruch i wp\u0142ywaj\u0105 na popraw\u0119 bezpiecze\u0144stwa. Gdzie i kiedy mog\u0105 by\u0107 stosowane?\",\"breadcrumb\":{\"@id\":\"https:\\\/\\\/www.znakowo.pl\\\/blog\\\/progi-podrzutowe-u-17\\\/#breadcrumb\"},\"inLanguage\":\"pl-PL\",\"potentialAction\":[{\"@type\":\"ReadAction\",\"target\":[\"https:\\\/\\\/www.znakowo.pl\\\/blog\\\/progi-podrzutowe-u-17\\\/\"]}]},{\"@type\":\"ImageObject\",\"inLanguage\":\"pl-PL\",\"@id\":\"https:\\\/\\\/www.znakowo.pl\\\/blog\\\/progi-podrzutowe-u-17\\\/#primaryimage\",\"url\":\"https:\\\/\\\/www.znakowo.pl\\\/blog\\\/wp-content\\\/uploads\\\/2019\\\/08\\\/yfmcheIA.jpeg\",\"contentUrl\":\"https:\\\/\\\/www.znakowo.pl\\\/blog\\\/wp-content\\\/uploads\\\/2019\\\/08\\\/yfmcheIA.jpeg\",\"width\":1600,\"height\":1066,\"caption\":\"Progi podrzutowe\"},{\"@type\":\"BreadcrumbList\",\"@id\":\"https:\\\/\\\/www.znakowo.pl\\\/blog\\\/progi-podrzutowe-u-17\\\/#breadcrumb\",\"itemListElement\":[{\"@type\":\"ListItem\",\"position\":1,\"name\":\"Strona g\u0142\u00f3wna\",\"item\":\"https:\\\/\\\/www.znakowo.pl\\\/blog\\\/\"},{\"@type\":\"ListItem\",\"position\":2,\"name\":\"Progi podrzutowe U-17\"}]},{\"@type\":\"WebSite\",\"@id\":\"https:\\\/\\\/www.znakowo.pl\\\/blog\\\/#website\",\"url\":\"https:\\\/\\\/www.znakowo.pl\\\/blog\\\/\",\"name\":\"Blog znakowo.pl\",\"description\":\"\",\"publisher\":{\"@id\":\"https:\\\/\\\/www.znakowo.pl\\\/blog\\\/#organization\"},\"potentialAction\":[{\"@type\":\"SearchAction\",\"target\":{\"@type\":\"EntryPoint\",\"urlTemplate\":\"https:\\\/\\\/www.znakowo.pl\\\/blog\\\/?s={search_term_string}\"},\"query-input\":{\"@type\":\"PropertyValueSpecification\",\"valueRequired\":true,\"valueName\":\"search_term_string\"}}],\"inLanguage\":\"pl-PL\"},{\"@type\":\"Organization\",\"@id\":\"https:\\\/\\\/www.znakowo.pl\\\/blog\\\/#organization\",\"name\":\"Znakowo.pl\",\"url\":\"https:\\\/\\\/www.znakowo.pl\\\/blog\\\/\",\"logo\":{\"@type\":\"ImageObject\",\"inLanguage\":\"pl-PL\",\"@id\":\"https:\\\/\\\/www.znakowo.pl\\\/blog\\\/#\\\/schema\\\/logo\\\/image\\\/\",\"url\":\"https:\\\/\\\/www.znakowo.pl\\\/blog\\\/wp-content\\\/uploads\\\/2017\\\/05\\\/logo_1.png\",\"contentUrl\":\"https:\\\/\\\/www.znakowo.pl\\\/blog\\\/wp-content\\\/uploads\\\/2017\\\/05\\\/logo_1.png\",\"width\":277,\"height\":94,\"caption\":\"Znakowo.pl\"},\"image\":{\"@id\":\"https:\\\/\\\/www.znakowo.pl\\\/blog\\\/#\\\/schema\\\/logo\\\/image\\\/\"},\"sameAs\":[\"https:\\\/\\\/www.facebook.com\\\/Znakowo\\\/\"]},{\"@type\":\"Person\",\"@id\":\"https:\\\/\\\/www.znakowo.pl\\\/blog\\\/#\\\/schema\\\/person\\\/a29ddb53515b4cfd337f1582146267d9\",\"name\":\"Julita Krzemi\u0144ska\",\"image\":{\"@type\":\"ImageObject\",\"inLanguage\":\"pl-PL\",\"@id\":\"https:\\\/\\\/secure.gravatar.com\\\/avatar\\\/e6adac54b1d18b21f8567cc6208ef43409e661f1070cf8be2e6912306b99d439?s=96&d=mm&r=g\",\"url\":\"https:\\\/\\\/secure.gravatar.com\\\/avatar\\\/e6adac54b1d18b21f8567cc6208ef43409e661f1070cf8be2e6912306b99d439?s=96&d=mm&r=g\",\"contentUrl\":\"https:\\\/\\\/secure.gravatar.com\\\/avatar\\\/e6adac54b1d18b21f8567cc6208ef43409e661f1070cf8be2e6912306b99d439?s=96&d=mm&r=g\",\"caption\":\"Julita Krzemi\u0144ska\"},\"url\":\"https:\\\/\\\/www.znakowo.pl\\\/blog\\\/author\\\/jkrzeminska\\\/\"}]}<\/script>\n<!-- \/ Yoast SEO plugin. -->","yoast_head_json":{"title":"Progi podrzutowe U-17 - Blog znakowo.pl","description":"Progi podrzutowe s\u0105 urz\u0105dzeniami bezpiecze\u0144stwa ruchu drogowego. Uspokajaj\u0105 ruch i wp\u0142ywaj\u0105 na popraw\u0119 bezpiecze\u0144stwa. Gdzie i kiedy mog\u0105 by\u0107 stosowane?","robots":{"index":"index","follow":"follow","max-snippet":"max-snippet:-1","max-image-preview":"max-image-preview:large","max-video-preview":"max-video-preview:-1"},"canonical":"https:\/\/www.znakowo.pl\/blog\/progi-podrzutowe-u-17\/","og_locale":"pl_PL","og_type":"article","og_title":"Progi podrzutowe U-17 - Blog znakowo.pl","og_description":"Progi podrzutowe s\u0105 urz\u0105dzeniami bezpiecze\u0144stwa ruchu drogowego. Uspokajaj\u0105 ruch i wp\u0142ywaj\u0105 na popraw\u0119 bezpiecze\u0144stwa. Gdzie i kiedy mog\u0105 by\u0107 stosowane?","og_url":"https:\/\/www.znakowo.pl\/blog\/progi-podrzutowe-u-17\/","og_site_name":"Blog znakowo.pl","article_publisher":"https:\/\/www.facebook.com\/Znakowo\/","article_published_time":"2019-08-21T11:54:16+00:00","article_modified_time":"2024-03-22T10:32:21+00:00","og_image":[{"width":1600,"height":1066,"url":"https:\/\/www.znakowo.pl\/blog\/wp-content\/uploads\/2019\/08\/yfmcheIA.jpeg","type":"image\/jpeg"}],"author":"Julita Krzemi\u0144ska","twitter_card":"summary_large_image","twitter_misc":{"Napisane przez":"Julita Krzemi\u0144ska","Szacowany czas czytania":"3 minuty"},"schema":{"@context":"https:\/\/schema.org","@graph":[{"@type":"Article","@id":"https:\/\/www.znakowo.pl\/blog\/progi-podrzutowe-u-17\/#article","isPartOf":{"@id":"https:\/\/www.znakowo.pl\/blog\/progi-podrzutowe-u-17\/"},"author":{"name":"Julita Krzemi\u0144ska","@id":"https:\/\/www.znakowo.pl\/blog\/#\/schema\/person\/a29ddb53515b4cfd337f1582146267d9"},"headline":"Progi podrzutowe U-17","datePublished":"2019-08-21T11:54:16+00:00","dateModified":"2024-03-22T10:32:21+00:00","mainEntityOfPage":{"@id":"https:\/\/www.znakowo.pl\/blog\/progi-podrzutowe-u-17\/"},"wordCount":423,"publisher":{"@id":"https:\/\/www.znakowo.pl\/blog\/#organization"},"image":{"@id":"https:\/\/www.znakowo.pl\/blog\/progi-podrzutowe-u-17\/#primaryimage"},"thumbnailUrl":"https:\/\/www.znakowo.pl\/blog\/wp-content\/uploads\/2019\/08\/yfmcheIA.jpeg","articleSection":["Bezpiecze\u0144stwo ruchu drogowego","Przepisy, ustawy"],"inLanguage":"pl-PL"},{"@type":"WebPage","@id":"https:\/\/www.znakowo.pl\/blog\/progi-podrzutowe-u-17\/","url":"https:\/\/www.znakowo.pl\/blog\/progi-podrzutowe-u-17\/","name":"Progi podrzutowe U-17 - Blog znakowo.pl","isPartOf":{"@id":"https:\/\/www.znakowo.pl\/blog\/#website"},"primaryImageOfPage":{"@id":"https:\/\/www.znakowo.pl\/blog\/progi-podrzutowe-u-17\/#primaryimage"},"image":{"@id":"https:\/\/www.znakowo.pl\/blog\/progi-podrzutowe-u-17\/#primaryimage"},"thumbnailUrl":"https:\/\/www.znakowo.pl\/blog\/wp-content\/uploads\/2019\/08\/yfmcheIA.jpeg","datePublished":"2019-08-21T11:54:16+00:00","dateModified":"2024-03-22T10:32:21+00:00","description":"Progi podrzutowe s\u0105 urz\u0105dzeniami bezpiecze\u0144stwa ruchu drogowego. Uspokajaj\u0105 ruch i wp\u0142ywaj\u0105 na popraw\u0119 bezpiecze\u0144stwa. Gdzie i kiedy mog\u0105 by\u0107 stosowane?","breadcrumb":{"@id":"https:\/\/www.znakowo.pl\/blog\/progi-podrzutowe-u-17\/#breadcrumb"},"inLanguage":"pl-PL","potentialAction":[{"@type":"ReadAction","target":["https:\/\/www.znakowo.pl\/blog\/progi-podrzutowe-u-17\/"]}]},{"@type":"ImageObject","inLanguage":"pl-PL","@id":"https:\/\/www.znakowo.pl\/blog\/progi-podrzutowe-u-17\/#primaryimage","url":"https:\/\/www.znakowo.pl\/blog\/wp-content\/uploads\/2019\/08\/yfmcheIA.jpeg","contentUrl":"https:\/\/www.znakowo.pl\/blog\/wp-content\/uploads\/2019\/08\/yfmcheIA.jpeg","width":1600,"height":1066,"caption":"Progi podrzutowe"},{"@type":"BreadcrumbList","@id":"https:\/\/www.znakowo.pl\/blog\/progi-podrzutowe-u-17\/#breadcrumb","itemListElement":[{"@type":"ListItem","position":1,"name":"Strona g\u0142\u00f3wna","item":"https:\/\/www.znakowo.pl\/blog\/"},{"@type":"ListItem","position":2,"name":"Progi podrzutowe U-17"}]},{"@type":"WebSite","@id":"https:\/\/www.znakowo.pl\/blog\/#website","url":"https:\/\/www.znakowo.pl\/blog\/","name":"Blog znakowo.pl","description":"","publisher":{"@id":"https:\/\/www.znakowo.pl\/blog\/#organization"},"potentialAction":[{"@type":"SearchAction","target":{"@type":"EntryPoint","urlTemplate":"https:\/\/www.znakowo.pl\/blog\/?s={search_term_string}"},"query-input":{"@type":"PropertyValueSpecification","valueRequired":true,"valueName":"search_term_string"}}],"inLanguage":"pl-PL"},{"@type":"Organization","@id":"https:\/\/www.znakowo.pl\/blog\/#organization","name":"Znakowo.pl","url":"https:\/\/www.znakowo.pl\/blog\/","logo":{"@type":"ImageObject","inLanguage":"pl-PL","@id":"https:\/\/www.znakowo.pl\/blog\/#\/schema\/logo\/image\/","url":"https:\/\/www.znakowo.pl\/blog\/wp-content\/uploads\/2017\/05\/logo_1.png","contentUrl":"https:\/\/www.znakowo.pl\/blog\/wp-content\/uploads\/2017\/05\/logo_1.png","width":277,"height":94,"caption":"Znakowo.pl"},"image":{"@id":"https:\/\/www.znakowo.pl\/blog\/#\/schema\/logo\/image\/"},"sameAs":["https:\/\/www.facebook.com\/Znakowo\/"]},{"@type":"Person","@id":"https:\/\/www.znakowo.pl\/blog\/#\/schema\/person\/a29ddb53515b4cfd337f1582146267d9","name":"Julita Krzemi\u0144ska","image":{"@type":"ImageObject","inLanguage":"pl-PL","@id":"https:\/\/secure.gravatar.com\/avatar\/e6adac54b1d18b21f8567cc6208ef43409e661f1070cf8be2e6912306b99d439?s=96&d=mm&r=g","url":"https:\/\/secure.gravatar.com\/avatar\/e6adac54b1d18b21f8567cc6208ef43409e661f1070cf8be2e6912306b99d439?s=96&d=mm&r=g","contentUrl":"https:\/\/secure.gravatar.com\/avatar\/e6adac54b1d18b21f8567cc6208ef43409e661f1070cf8be2e6912306b99d439?s=96&d=mm&r=g","caption":"Julita Krzemi\u0144ska"},"url":"https:\/\/www.znakowo.pl\/blog\/author\/jkrzeminska\/"}]}},"_links":{"self":[{"href":"https:\/\/www.znakowo.pl\/blog\/wp-json\/wp\/v2\/posts\/1904","targetHints":{"allow":["GET"]}}],"collection":[{"href":"https:\/\/www.znakowo.pl\/blog\/wp-json\/wp\/v2\/posts"}],"about":[{"href":"https:\/\/www.znakowo.pl\/blog\/wp-json\/wp\/v2\/types\/post"}],"author":[{"embeddable":true,"href":"https:\/\/www.znakowo.pl\/blog\/wp-json\/wp\/v2\/users\/3"}],"replies":[{"embeddable":true,"href":"https:\/\/www.znakowo.pl\/blog\/wp-json\/wp\/v2\/comments?post=1904"}],"version-history":[{"count":10,"href":"https:\/\/www.znakowo.pl\/blog\/wp-json\/wp\/v2\/posts\/1904\/revisions"}],"predecessor-version":[{"id":6525,"href":"https:\/\/www.znakowo.pl\/blog\/wp-json\/wp\/v2\/posts\/1904\/revisions\/6525"}],"wp:featuredmedia":[{"embeddable":true,"href":"https:\/\/www.znakowo.pl\/blog\/wp-json\/wp\/v2\/media\/1911"}],"wp:attachment":[{"href":"https:\/\/www.znakowo.pl\/blog\/wp-json\/wp\/v2\/media?parent=1904"}],"wp:term":[{"taxonomy":"category","embeddable":true,"href":"https:\/\/www.znakowo.pl\/blog\/wp-json\/wp\/v2\/categories?post=1904"},{"taxonomy":"post_tag","embeddable":true,"href":"https:\/\/www.znakowo.pl\/blog\/wp-json\/wp\/v2\/tags?post=1904"}],"curies":[{"name":"wp","href":"https:\/\/api.w.org\/{rel}","templated":true}]}}