{"id":1945,"date":"2019-09-18T20:57:28","date_gmt":"2019-09-18T18:57:28","guid":{"rendered":"https:\/\/www.znakowo.pl\/blog\/?p=1945"},"modified":"2021-08-05T14:23:27","modified_gmt":"2021-08-05T12:23:27","slug":"magazynowanie-odpadow-o-wlasciwosciach-palnych","status":"publish","type":"post","link":"https:\/\/www.znakowo.pl\/blog\/magazynowanie-odpadow-o-wlasciwosciach-palnych\/","title":{"rendered":"Magazynowanie odpad\u00f3w o w\u0142a\u015bciwo\u015bciach palnych"},"content":{"rendered":"\n<p>Niekt\u00f3re rodzaje odpad\u00f3w, m.in. odpady medyczne, musz\u0105 by\u0107 magazynowane w&nbsp;odpowiedni spos\u00f3b. Co m\u00f3wi\u0105 przepisy, je\u015bli chodzi o magazynowanie odpad\u00f3w o w\u0142a\u015bciwo\u015bciach palnych?<\/p>\n\n\n<p><!--more--><\/p>\n\n\n<div id=\"ez-toc-container\" class=\"ez-toc-v2_0_82_2 counter-hierarchy ez-toc-counter ez-toc-grey ez-toc-container-direction\">\n<div class=\"ez-toc-title-container\">\n<p class=\"ez-toc-title\" style=\"cursor:inherit\">Spis tre\u015bci<\/p>\n<span class=\"ez-toc-title-toggle\"><a href=\"#\" class=\"ez-toc-pull-right ez-toc-btn ez-toc-btn-xs ez-toc-btn-default ez-toc-toggle\" aria-label=\"Prze\u0142\u0105cznik Spisu Tre\u015bci\"><span class=\"ez-toc-js-icon-con\"><span class=\"\"><span class=\"eztoc-hide\" style=\"display:none;\">Toggle<\/span><span class=\"ez-toc-icon-toggle-span\"><svg style=\"fill: #999;color:#999\" xmlns=\"http:\/\/www.w3.org\/2000\/svg\" class=\"list-377408\" width=\"20px\" height=\"20px\" viewBox=\"0 0 24 24\" fill=\"none\"><path d=\"M6 6H4v2h2V6zm14 0H8v2h12V6zM4 11h2v2H4v-2zm16 0H8v2h12v-2zM4 16h2v2H4v-2zm16 0H8v2h12v-2z\" fill=\"currentColor\"><\/path><\/svg><svg style=\"fill: #999;color:#999\" class=\"arrow-unsorted-368013\" xmlns=\"http:\/\/www.w3.org\/2000\/svg\" width=\"10px\" height=\"10px\" viewBox=\"0 0 24 24\" version=\"1.2\" baseProfile=\"tiny\"><path d=\"M18.2 9.3l-6.2-6.3-6.2 6.3c-.2.2-.3.4-.3.7s.1.5.3.7c.2.2.4.3.7.3h11c.3 0 .5-.1.7-.3.2-.2.3-.5.3-.7s-.1-.5-.3-.7zM5.8 14.7l6.2 6.3 6.2-6.3c.2-.2.3-.5.3-.7s-.1-.5-.3-.7c-.2-.2-.4-.3-.7-.3h-11c-.3 0-.5.1-.7.3-.2.2-.3.5-.3.7s.1.5.3.7z\"\/><\/svg><\/span><\/span><\/span><\/a><\/span><\/div>\n<nav><ul class='ez-toc-list ez-toc-list-level-1 ' ><li class='ez-toc-page-1 ez-toc-heading-level-2'><a class=\"ez-toc-link ez-toc-heading-1\" href=\"https:\/\/www.znakowo.pl\/blog\/magazynowanie-odpadow-o-wlasciwosciach-palnych\/#Magazynowanie_odpadow_o_wlasciwosciach_palnych_czyli_jakich\" >Magazynowanie\nodpad\u00f3w o w\u0142a\u015bciwo\u015bciach palnych, czyli jakich?<\/a><\/li><li class='ez-toc-page-1 ez-toc-heading-level-2'><a class=\"ez-toc-link ez-toc-heading-2\" href=\"https:\/\/www.znakowo.pl\/blog\/magazynowanie-odpadow-o-wlasciwosciach-palnych\/#Warunki_magazynowania\" >Warunki\nmagazynowania<\/a><\/li><li class='ez-toc-page-1 ez-toc-heading-level-2'><a class=\"ez-toc-link ez-toc-heading-3\" href=\"https:\/\/www.znakowo.pl\/blog\/magazynowanie-odpadow-o-wlasciwosciach-palnych\/#W_jaki_sposob_odbywa_sie_magazynowanie_odpadow_o_wlasciwosciach_palnych_i_niebezpiecznych\" >W&nbsp;jaki spos\u00f3b\nodbywa si\u0119 magazynowanie odpad\u00f3w o&nbsp;w\u0142a\u015bciwo\u015bciach palnych i&nbsp;niebezpiecznych?<\/a><\/li><li class='ez-toc-page-1 ez-toc-heading-level-2'><a class=\"ez-toc-link ez-toc-heading-4\" href=\"https:\/\/www.znakowo.pl\/blog\/magazynowanie-odpadow-o-wlasciwosciach-palnych\/#Magazynowanie_odpadow_o_wlasciwosciach_palnych_%E2%80%93_wentylacja\" >Magazynowanie\nodpad\u00f3w o&nbsp;w\u0142a\u015bciwo\u015bciach palnych \u2013 wentylacja<\/a><\/li><\/ul><\/nav><\/div>\n<h2 class=\"wp-block-heading\"><span class=\"ez-toc-section\" id=\"Magazynowanie_odpadow_o_wlasciwosciach_palnych_czyli_jakich\"><\/span>Magazynowanie\nodpad\u00f3w o w\u0142a\u015bciwo\u015bciach palnych, czyli jakich?<span class=\"ez-toc-section-end\"><\/span><\/h2>\n\n\n\n<p>Odpady o&nbsp;w\u0142a\u015bciwo\u015bciach palnych mog\u0105 stanowi\u0107:<\/p>\n\n\n\n<ol class=\"wp-block-list\"><li>Zmieszane odpady komunalne, magazynowane\nw&nbsp;ramach ich zbierania lub przetwarzania.<\/li><li>Odpady pochodz\u0105ce z&nbsp;przetworzenia odpad\u00f3w\nkomunalnych, w&nbsp;tym r\u00f3wnie\u017c frakcj\u0119 nadsitow\u0105 z&nbsp;procesu\nmechaniczno-biologicznego przetwarzania odpad\u00f3w.<\/li><li>Paliwo alternatywne oraz odpady przeznaczone\nbezpo\u015brednio do produkcji takiego paliwa.<\/li><li>Odpady selektywnie zebrane, w&nbsp;postaci\nodpad\u00f3w papieru, tektury, odpad\u00f3w tworzyw sztucznych, w&nbsp;tym folii, opon i&nbsp;innych\nodpad\u00f3w z&nbsp;gumy, tekstyli\u00f3w, drewna lub odpad\u00f3w materia\u0142\u00f3w\ndrewnopochodnych.<\/li><li>Odpady wielkogabarytowe, z&nbsp;wy\u0142\u0105czeniem\nodpad\u00f3w metali.<\/li><li>Odpady wielomateria\u0142owe, zawieraj\u0105ce materia\u0142y\nwymienione w&nbsp;punkcie 3.<\/li><\/ol>\n\n\n\n<div class=\"product-small-box-content display-flex\">\n          <a href=\"https:\/\/www.znakowo.pl\/produkt\/uchwyt-mocujacy-do-mobilnej-tablicy-oznaczenia-srodkow-transportujacych-odpady-pa094,pa094,4883.html\" class=\"product-small\">\n          <div class=\"product-small-box\">\n              <div class=\"product-small-img\">\n                                    <img decoding=\"async\" src=\"https:\/\/tdc.znakowo.pl\/thumbs\/uchwyt-mocujacy-do-mobilnej-tablicy-oznaczenia-srodkow-transportujacych-odpady-pa094-10801-4883-160-160-0.jpg\" alt=\"Uchwyt mocuj\u0105cy do mobilnej tablicy oznaczenia \u015brodk\u00f3w transportuj\u0105cych odpady - PA094 - Magazynowanie odpad\u00f3w o w\u0142a\u015bciwo\u015bciach palnych\" title=\"Uchwyt mocuj\u0105cy do mobilnej tablicy oznaczenia \u015brodk\u00f3w transportuj\u0105cych odpady - PA094 - Magazynowanie odpad\u00f3w o w\u0142a\u015bciwo\u015bciach palnych\" \/>\n              <\/div>\n              <div class=\"product-small-title\">\n                  Uchwyt mocuj\u0105cy do mobilnej tablicy oznaczenia \u015brodk\u00f3w transportuj\u0105cych odpady - PA094              <\/div>\n          <\/div>\n      <\/a>    \n            <a href=\"https:\/\/www.znakowo.pl\/produkt\/skladowanie-odpadow-surowo-zabronione-znak-informacyjny-pb091,pb091,1682.html\" class=\"product-small\">\n          <div class=\"product-small-box\">\n              <div class=\"product-small-img\">\n                                    <img decoding=\"async\" src=\"https:\/\/tdc.znakowo.pl\/thumbs\/skladowanie-odpadow-surowo-zabronione-znak-informacyjny-pb091-6214-1682-160-160-0.jpg\" alt=\"Sk\u0142adowanie odpad\u00f3w surowo zabronione - znak informacyjny - PB091 - Magazynowanie odpad\u00f3w o w\u0142a\u015bciwo\u015bciach palnych\" title=\"Sk\u0142adowanie odpad\u00f3w surowo zabronione - znak informacyjny - PB091 - Magazynowanie odpad\u00f3w o w\u0142a\u015bciwo\u015bciach palnych\" \/>\n              <\/div>\n              <div class=\"product-small-title\">\n                  Sk\u0142adowanie odpad\u00f3w surowo zabronione - znak informacyjny - PB091              <\/div>\n          <\/div>\n      <\/a>    \n            <a href=\"https:\/\/www.znakowo.pl\/produkt\/szklo-1-znak-informacyjny-segregacja-smieci-pa052,pa052,3942.html\" class=\"product-small\">\n          <div class=\"product-small-box\">\n              <div class=\"product-small-img\">\n                                    <img decoding=\"async\" src=\"https:\/\/tdc.znakowo.pl\/thumbs\/szklo-1-znak-informacyjny-segregacja-smieci-pa052-5976-3942-160-160-0.jpg\" alt=\"Szk\u0142o 1 - znak informacyjny, segregacja \u015bmieci - PA052 - Magazynowanie odpad\u00f3w o w\u0142a\u015bciwo\u015bciach palnych\" title=\"Szk\u0142o 1 - znak informacyjny, segregacja \u015bmieci - PA052 - Magazynowanie odpad\u00f3w o w\u0142a\u015bciwo\u015bciach palnych\" \/>\n              <\/div>\n              <div class=\"product-small-title\">\n                  Szk\u0142o 1 - znak informacyjny, segregacja \u015bmieci - PA052              <\/div>\n          <\/div>\n      <\/a>    \n        \n    <div class=\"clearfix\"><\/div>    \n<\/div>\n\n\n\n\n<h2 class=\"wp-block-heading\"><span class=\"ez-toc-section\" id=\"Warunki_magazynowania\"><\/span>Warunki\nmagazynowania<span class=\"ez-toc-section-end\"><\/span><\/h2>\n\n\n\n<p>Magazynowanie odpad\u00f3w o&nbsp;w\u0142a\u015bciwo\u015bciach palnych powinno\nodbywa\u0107 si\u0119 w&nbsp;przeznaczonych do tego miejscach i&nbsp;z&nbsp;zastosowaniem\nodpowiednich oznacze\u0144. Miejsca magazynowania odpad\u00f3w projektuje si\u0119\ni&nbsp;utrzymuje w&nbsp;spos\u00f3b, kt\u00f3ry zapewnia m.in. odpowiednie wyposa\u017cenie techniczne,\nodpowiedni\u0105 pojemno\u015b\u0107 miejsc magazynowania czy <a href=\"https:\/\/www.znakowo.pl\/produkt\/nieupowaznionym-wstep-wzbroniony-znak-bhp-zakazujacy-informujacy-gb039,gb039,3895.html\">zabezpieczenie\nprzed wst\u0119pem os\u00f3b nieupowa\u017cnionych<\/a>.<\/p>\n\n\n\n<p>Je\u017celi odpady o\u00a0w\u0142a\u015bciwo\u015bciach palnych stanowi\u0105 zagro\u017cenie dla \u015brodowiska i\u00a0organizm\u00f3w \u017cywych, to przestrzegane musz\u0105 by\u0107 dodatkowo odr\u0119bne przepisy, dotycz\u0105ce <a href=\"https:\/\/www.znakowo.pl\/blog\/odpady-niebezpieczne-etykiety\/\">magazynowania odpad\u00f3w niebezpiecznych<\/a>.<\/p>\n\n\n\n<h2 class=\"wp-block-heading\"><span class=\"ez-toc-section\" id=\"W_jaki_sposob_odbywa_sie_magazynowanie_odpadow_o_wlasciwosciach_palnych_i_niebezpiecznych\"><\/span>W&nbsp;jaki spos\u00f3b\nodbywa si\u0119 magazynowanie odpad\u00f3w o&nbsp;w\u0142a\u015bciwo\u015bciach palnych i&nbsp;niebezpiecznych?<span class=\"ez-toc-section-end\"><\/span><\/h2>\n\n\n\n<p>Magazynowanie odpad\u00f3w niebezpiecznych odbywa si\u0119\nw&nbsp;miejscach stanowi\u0105cych pomieszczenia (w&nbsp;tym w&nbsp;halach\nmagazynowych), w&nbsp;spos\u00f3b zapobiegaj\u0105cy:<\/p>\n\n\n\n<ul class=\"wp-block-list\"><li>przedostawaniu si\u0119 wody, <\/li><li>dost\u0119powi zwierz\u0105t (w&nbsp;szczeg\u00f3lno\u015bci gryzoni\ni&nbsp;ptak\u00f3w), <\/li><li>emisji odor\u00f3w,<\/li><li>pyleniu,<\/li><li>rozsypywaniu si\u0119 odpad\u00f3w.<\/li><\/ul>\n\n\n\n<p>W&nbsp;przypadku magazynowania tworzyw sztucznych,\nw&nbsp;szczeg\u00f3lno\u015bci folii oraz magazynowania opon i&nbsp;innych odpad\u00f3w\nz&nbsp;gumy w&nbsp;innym miejscu ni\u017c w&nbsp;miejscach stanowi\u0105cych\npomieszczenia, nale\u017cy magazynowa\u0107 odpady w&nbsp;spos\u00f3b:<\/p>\n\n\n\n<ul class=\"wp-block-list\"><li>zabezpieczaj\u0105cy przed wp\u0142ywem czynnik\u00f3w\natmosferycznych (np. w&nbsp;miejscu zadaszonym),<\/li><li>zapobiegaj\u0105cy przedostawaniu si\u0119 wody\ni&nbsp;rozsypywaniu si\u0119 odpad\u00f3w (stosuj\u0105c do tego w&nbsp;szczeg\u00f3lno\u015bci szczelne\npojemniki, kontenery lub szczelnie zabezpieczone bele lub brykiety).<\/li><\/ul>\n\n\n\n<div class=\"product-small-box-content display-flex\">\n          <a href=\"https:\/\/www.znakowo.pl\/produkt\/naklejka-etykieta-na-odpady-niebezpieczne,pa099,10065.html\" class=\"product-small\">\n          <div class=\"product-small-box\">\n              <div class=\"product-small-img\">\n                                    <img decoding=\"async\" src=\"https:\/\/tdc.znakowo.pl\/thumbs\/naklejka-etykieta-na-odpady-niebezpieczne-24288-10065-160-160-0.jpg\" alt=\"Naklejka - etykieta na odpady niebezpieczne - Magazynowanie odpad\u00f3w o w\u0142a\u015bciwo\u015bciach palnych\" title=\"Naklejka - etykieta na odpady niebezpieczne - Magazynowanie odpad\u00f3w o w\u0142a\u015bciwo\u015bciach palnych\" \/>\n              <\/div>\n              <div class=\"product-small-title\">\n                  Naklejka - etykieta na odpady niebezpieczne              <\/div>\n          <\/div>\n      <\/a>    \n            <a href=\"https:\/\/www.znakowo.pl\/produkt\/tablica-informacyjna-o-opakowaniach-i-odpadach-opakowaniowych-segregacja-smieci-pa090,pa090,4173.html\" class=\"product-small\">\n          <div class=\"product-small-box\">\n              <div class=\"product-small-img\">\n                                    <img decoding=\"async\" src=\"https:\/\/tdc.znakowo.pl\/thumbs\/tablica-informacyjna-o-opakowaniach-i-odpadach-opakowaniowych-segregacja-smieci-pa090-20068-4173-160-160-0.jpg\" alt=\"Tablica informacyjna o opakowaniach i odpadach opakowaniowych - segregacja \u015bmieci - PA090 - Magazynowanie odpad\u00f3w o w\u0142a\u015bciwo\u015bciach palnych\" title=\"Tablica informacyjna o opakowaniach i odpadach opakowaniowych - segregacja \u015bmieci - PA090 - Magazynowanie odpad\u00f3w o w\u0142a\u015bciwo\u015bciach palnych\" \/>\n              <\/div>\n              <div class=\"product-small-title\">\n                  Tablica informacyjna o opakowaniach i odpadach opakowaniowych - segregacja \u015bmieci - PA090              <\/div>\n          <\/div>\n      <\/a>    \n            <a href=\"https:\/\/www.znakowo.pl\/produkt\/niebezpieczenstwo-pozaru-materialy-latwopalne-znak-przeciwpozarowy-ppoz-ba014,ba014,99.html\" class=\"product-small\">\n          <div class=\"product-small-box\">\n              <div class=\"product-small-img\">\n                                    <img decoding=\"async\" src=\"https:\/\/tdc.znakowo.pl\/thumbs\/niebezpieczenstwo-pozaru-materialy-latwopalne-znak-przeciwpozarowy-ppoz-ba014-4807-99-160-160-0.jpg\" alt=\"Niebezpiecze\u0144stwo po\u017caru - materia\u0142y \u0142atwopalne - znak przeciwpo\u017carowy ppo\u017c - BA014 - Magazynowanie odpad\u00f3w o w\u0142a\u015bciwo\u015bciach palnych\" title=\"Niebezpiecze\u0144stwo po\u017caru - materia\u0142y \u0142atwopalne - znak przeciwpo\u017carowy ppo\u017c - BA014 - Magazynowanie odpad\u00f3w o w\u0142a\u015bciwo\u015bciach palnych\" \/>\n              <\/div>\n              <div class=\"product-small-title\">\n                  Niebezpiecze\u0144stwo po\u017caru - materia\u0142y \u0142atwopalne - znak przeciwpo\u017carowy ppo\u017c - BA014              <\/div>\n          <\/div>\n      <\/a>    \n        \n    <div class=\"clearfix\"><\/div>    \n<\/div>\n\n\n\n\n<h2 class=\"wp-block-heading\"><span class=\"ez-toc-section\" id=\"Magazynowanie_odpadow_o_wlasciwosciach_palnych_%E2%80%93_wentylacja\"><\/span>Magazynowanie\nodpad\u00f3w o&nbsp;w\u0142a\u015bciwo\u015bciach palnych \u2013 wentylacja<span class=\"ez-toc-section-end\"><\/span><\/h2>\n\n\n\n<p>Odpady, kt\u00f3re mog\u0105 powodowa\u0107 uci\u0105\u017cliwo\u015bci zapachowe\nmagazynuje si\u0119 wy\u0142\u0105cznie w&nbsp;pomieszczeniach, w&nbsp;tym halach\nmagazynowych, wyposa\u017conych w:<\/p>\n\n\n\n<ul class=\"wp-block-list\"><li>systemy wentylacyjne oraz urz\u0105dzenia\nwentylacyjne ograniczaj\u0105ce w&nbsp;szczeg\u00f3lno\u015bci przedostawanie si\u0119 py\u0142\u00f3w do\npowietrza, a&nbsp;tak\u017ce ograniczaj\u0105ce ewentualne uci\u0105\u017cliwo\u015bci zapachowe;<\/li><li>bramki szybkobie\u017cne.<\/li><\/ul>\n\n\n\n<div class=\"product-small-box-content display-flex\">\n          <a href=\"https:\/\/www.znakowo.pl\/produkt\/instrukcja-bhp-przy-obsludze-urzadzen-wentylacyjnych-i-odpylajacych-iam03,iam03,1058.html\" class=\"product-small\">\n          <div class=\"product-small-box\">\n              <div class=\"product-small-img\">\n                                    <img decoding=\"async\" src=\"https:\/\/tdc.znakowo.pl\/thumbs\/instrukcja-bhp-przy-obsludze-urzadzen-wentylacyjnych-i-odpylajacych-iam03-21728-1058-160-160-0.jpg\" alt=\"Instrukcja BHP przy obs\u0142udze urz\u0105dze\u0144 wentylacyjnych i odpylaj\u0105cych - IAM03 - Magazynowanie odpad\u00f3w o w\u0142a\u015bciwo\u015bciach palnych\" title=\"Instrukcja BHP przy obs\u0142udze urz\u0105dze\u0144 wentylacyjnych i odpylaj\u0105cych - IAM03 - Magazynowanie odpad\u00f3w o w\u0142a\u015bciwo\u015bciach palnych\" \/>\n              <\/div>\n              <div class=\"product-small-title\">\n                  Instrukcja BHP przy obs\u0142udze urz\u0105dze\u0144 wentylacyjnych i odpylaj\u0105cych - IAM03              <\/div>\n          <\/div>\n      <\/a>    \n            <a href=\"https:\/\/www.znakowo.pl\/produkt\/skladowanie-odpadow-surowo-zabronione-znak-tablica-budowlana-oa034,oa034,1438.html\" class=\"product-small\">\n          <div class=\"product-small-box\">\n              <div class=\"product-small-img\">\n                                    <img decoding=\"async\" src=\"https:\/\/tdc.znakowo.pl\/thumbs\/skladowanie-odpadow-surowo-zabronione-znak-tablica-budowlana-oa034-5908-1438-160-160-0.jpg\" alt=\"Sk\u0142adowanie odpad\u00f3w surowo zabronione - znak, tablica budowlana - OA034 - Magazynowanie odpad\u00f3w o w\u0142a\u015bciwo\u015bciach palnych\" title=\"Sk\u0142adowanie odpad\u00f3w surowo zabronione - znak, tablica budowlana - OA034 - Magazynowanie odpad\u00f3w o w\u0142a\u015bciwo\u015bciach palnych\" \/>\n              <\/div>\n              <div class=\"product-small-title\">\n                  Sk\u0142adowanie odpad\u00f3w surowo zabronione - znak, tablica budowlana - OA034              <\/div>\n          <\/div>\n      <\/a>    \n        \n    <div class=\"clearfix\"><\/div>    \n<\/div>\n\n","protected":false},"excerpt":{"rendered":"<p>Niekt\u00f3re rodzaje odpad\u00f3w, m.in. odpady medyczne, musz\u0105 by\u0107 magazynowane w&nbsp;odpowiedni spos\u00f3b. Co m\u00f3wi\u0105 przepisy, je\u015bli chodzi o magazynowanie odpad\u00f3w o w\u0142a\u015bciwo\u015bciach palnych?<\/p>\n","protected":false},"author":3,"featured_media":1951,"comment_status":"closed","ping_status":"closed","sticky":false,"template":"","format":"standard","meta":{"_acf_changed":false,"footnotes":""},"categories":[1],"tags":[],"class_list":["post-1945","post","type-post","status-publish","format-standard","has-post-thumbnail","hentry","category-przepisy-ustawy"],"acf":[],"yoast_head":"<!-- This site is optimized with the Yoast SEO plugin v27.4 - https:\/\/yoast.com\/product\/yoast-seo-wordpress\/ -->\n<title>Magazynowanie odpad\u00f3w o w\u0142a\u015bciwo\u015bciach palnych - Blog znakowo.pl<\/title>\n<meta name=\"description\" content=\"Magazynowanie odpad\u00f3w o w\u0142a\u015bciwo\u015bciach palnych. Jakie odpady mog\u0105 mie\u0107 w\u0142a\u015bciwo\u015bci palne? Gdzie i w jaki spos\u00f3b powinny by\u0107 sk\u0142adowane?\" \/>\n<meta name=\"robots\" content=\"index, follow, max-snippet:-1, max-image-preview:large, max-video-preview:-1\" \/>\n<link rel=\"canonical\" href=\"https:\/\/www.znakowo.pl\/blog\/magazynowanie-odpadow-o-wlasciwosciach-palnych\/\" \/>\n<meta property=\"og:locale\" content=\"pl_PL\" \/>\n<meta property=\"og:type\" content=\"article\" \/>\n<meta property=\"og:title\" content=\"Magazynowanie odpad\u00f3w o w\u0142a\u015bciwo\u015bciach palnych - Blog znakowo.pl\" \/>\n<meta property=\"og:description\" content=\"Magazynowanie odpad\u00f3w o w\u0142a\u015bciwo\u015bciach palnych. Jakie odpady mog\u0105 mie\u0107 w\u0142a\u015bciwo\u015bci palne? Gdzie i w jaki spos\u00f3b powinny by\u0107 sk\u0142adowane?\" \/>\n<meta property=\"og:url\" content=\"https:\/\/www.znakowo.pl\/blog\/magazynowanie-odpadow-o-wlasciwosciach-palnych\/\" \/>\n<meta property=\"og:site_name\" content=\"Blog znakowo.pl\" \/>\n<meta property=\"article:publisher\" content=\"https:\/\/www.facebook.com\/Znakowo\/\" \/>\n<meta property=\"article:published_time\" content=\"2019-09-18T18:57:28+00:00\" \/>\n<meta property=\"article:modified_time\" content=\"2021-08-05T12:23:27+00:00\" \/>\n<meta property=\"og:image\" content=\"https:\/\/www.znakowo.pl\/blog\/wp-content\/uploads\/2019\/09\/STJ5E58Q.jpeg\" \/>\n\t<meta property=\"og:image:width\" content=\"1600\" \/>\n\t<meta property=\"og:image:height\" content=\"1111\" \/>\n\t<meta property=\"og:image:type\" content=\"image\/jpeg\" \/>\n<meta name=\"author\" content=\"Julita Krzemi\u0144ska\" \/>\n<meta name=\"twitter:card\" content=\"summary_large_image\" \/>\n<meta name=\"twitter:label1\" content=\"Napisane przez\" \/>\n\t<meta name=\"twitter:data1\" content=\"Julita Krzemi\u0144ska\" \/>\n\t<meta name=\"twitter:label2\" content=\"Szacowany czas czytania\" \/>\n\t<meta name=\"twitter:data2\" content=\"2 minuty\" \/>\n<script type=\"application\/ld+json\" class=\"yoast-schema-graph\">{\"@context\":\"https:\\\/\\\/schema.org\",\"@graph\":[{\"@type\":\"Article\",\"@id\":\"https:\\\/\\\/www.znakowo.pl\\\/blog\\\/magazynowanie-odpadow-o-wlasciwosciach-palnych\\\/#article\",\"isPartOf\":{\"@id\":\"https:\\\/\\\/www.znakowo.pl\\\/blog\\\/magazynowanie-odpadow-o-wlasciwosciach-palnych\\\/\"},\"author\":{\"name\":\"Julita Krzemi\u0144ska\",\"@id\":\"https:\\\/\\\/www.znakowo.pl\\\/blog\\\/#\\\/schema\\\/person\\\/a29ddb53515b4cfd337f1582146267d9\"},\"headline\":\"Magazynowanie odpad\u00f3w o w\u0142a\u015bciwo\u015bciach palnych\",\"datePublished\":\"2019-09-18T18:57:28+00:00\",\"dateModified\":\"2021-08-05T12:23:27+00:00\",\"mainEntityOfPage\":{\"@id\":\"https:\\\/\\\/www.znakowo.pl\\\/blog\\\/magazynowanie-odpadow-o-wlasciwosciach-palnych\\\/\"},\"wordCount\":494,\"publisher\":{\"@id\":\"https:\\\/\\\/www.znakowo.pl\\\/blog\\\/#organization\"},\"image\":{\"@id\":\"https:\\\/\\\/www.znakowo.pl\\\/blog\\\/magazynowanie-odpadow-o-wlasciwosciach-palnych\\\/#primaryimage\"},\"thumbnailUrl\":\"https:\\\/\\\/www.znakowo.pl\\\/blog\\\/wp-content\\\/uploads\\\/2019\\\/09\\\/STJ5E58Q.jpeg\",\"articleSection\":[\"Przepisy, ustawy\"],\"inLanguage\":\"pl-PL\"},{\"@type\":\"WebPage\",\"@id\":\"https:\\\/\\\/www.znakowo.pl\\\/blog\\\/magazynowanie-odpadow-o-wlasciwosciach-palnych\\\/\",\"url\":\"https:\\\/\\\/www.znakowo.pl\\\/blog\\\/magazynowanie-odpadow-o-wlasciwosciach-palnych\\\/\",\"name\":\"Magazynowanie odpad\u00f3w o w\u0142a\u015bciwo\u015bciach palnych - Blog znakowo.pl\",\"isPartOf\":{\"@id\":\"https:\\\/\\\/www.znakowo.pl\\\/blog\\\/#website\"},\"primaryImageOfPage\":{\"@id\":\"https:\\\/\\\/www.znakowo.pl\\\/blog\\\/magazynowanie-odpadow-o-wlasciwosciach-palnych\\\/#primaryimage\"},\"image\":{\"@id\":\"https:\\\/\\\/www.znakowo.pl\\\/blog\\\/magazynowanie-odpadow-o-wlasciwosciach-palnych\\\/#primaryimage\"},\"thumbnailUrl\":\"https:\\\/\\\/www.znakowo.pl\\\/blog\\\/wp-content\\\/uploads\\\/2019\\\/09\\\/STJ5E58Q.jpeg\",\"datePublished\":\"2019-09-18T18:57:28+00:00\",\"dateModified\":\"2021-08-05T12:23:27+00:00\",\"description\":\"Magazynowanie odpad\u00f3w o w\u0142a\u015bciwo\u015bciach palnych. Jakie odpady mog\u0105 mie\u0107 w\u0142a\u015bciwo\u015bci palne? Gdzie i w jaki spos\u00f3b powinny by\u0107 sk\u0142adowane?\",\"breadcrumb\":{\"@id\":\"https:\\\/\\\/www.znakowo.pl\\\/blog\\\/magazynowanie-odpadow-o-wlasciwosciach-palnych\\\/#breadcrumb\"},\"inLanguage\":\"pl-PL\",\"potentialAction\":[{\"@type\":\"ReadAction\",\"target\":[\"https:\\\/\\\/www.znakowo.pl\\\/blog\\\/magazynowanie-odpadow-o-wlasciwosciach-palnych\\\/\"]}]},{\"@type\":\"ImageObject\",\"inLanguage\":\"pl-PL\",\"@id\":\"https:\\\/\\\/www.znakowo.pl\\\/blog\\\/magazynowanie-odpadow-o-wlasciwosciach-palnych\\\/#primaryimage\",\"url\":\"https:\\\/\\\/www.znakowo.pl\\\/blog\\\/wp-content\\\/uploads\\\/2019\\\/09\\\/STJ5E58Q.jpeg\",\"contentUrl\":\"https:\\\/\\\/www.znakowo.pl\\\/blog\\\/wp-content\\\/uploads\\\/2019\\\/09\\\/STJ5E58Q.jpeg\",\"width\":1600,\"height\":1111,\"caption\":\"magazynowanie odpadow o wlasciwosciach palnych\"},{\"@type\":\"BreadcrumbList\",\"@id\":\"https:\\\/\\\/www.znakowo.pl\\\/blog\\\/magazynowanie-odpadow-o-wlasciwosciach-palnych\\\/#breadcrumb\",\"itemListElement\":[{\"@type\":\"ListItem\",\"position\":1,\"name\":\"Strona g\u0142\u00f3wna\",\"item\":\"https:\\\/\\\/www.znakowo.pl\\\/blog\\\/\"},{\"@type\":\"ListItem\",\"position\":2,\"name\":\"Magazynowanie odpad\u00f3w o w\u0142a\u015bciwo\u015bciach palnych\"}]},{\"@type\":\"WebSite\",\"@id\":\"https:\\\/\\\/www.znakowo.pl\\\/blog\\\/#website\",\"url\":\"https:\\\/\\\/www.znakowo.pl\\\/blog\\\/\",\"name\":\"Blog znakowo.pl\",\"description\":\"\",\"publisher\":{\"@id\":\"https:\\\/\\\/www.znakowo.pl\\\/blog\\\/#organization\"},\"potentialAction\":[{\"@type\":\"SearchAction\",\"target\":{\"@type\":\"EntryPoint\",\"urlTemplate\":\"https:\\\/\\\/www.znakowo.pl\\\/blog\\\/?s={search_term_string}\"},\"query-input\":{\"@type\":\"PropertyValueSpecification\",\"valueRequired\":true,\"valueName\":\"search_term_string\"}}],\"inLanguage\":\"pl-PL\"},{\"@type\":\"Organization\",\"@id\":\"https:\\\/\\\/www.znakowo.pl\\\/blog\\\/#organization\",\"name\":\"Znakowo.pl\",\"url\":\"https:\\\/\\\/www.znakowo.pl\\\/blog\\\/\",\"logo\":{\"@type\":\"ImageObject\",\"inLanguage\":\"pl-PL\",\"@id\":\"https:\\\/\\\/www.znakowo.pl\\\/blog\\\/#\\\/schema\\\/logo\\\/image\\\/\",\"url\":\"https:\\\/\\\/www.znakowo.pl\\\/blog\\\/wp-content\\\/uploads\\\/2017\\\/05\\\/logo_1.png\",\"contentUrl\":\"https:\\\/\\\/www.znakowo.pl\\\/blog\\\/wp-content\\\/uploads\\\/2017\\\/05\\\/logo_1.png\",\"width\":277,\"height\":94,\"caption\":\"Znakowo.pl\"},\"image\":{\"@id\":\"https:\\\/\\\/www.znakowo.pl\\\/blog\\\/#\\\/schema\\\/logo\\\/image\\\/\"},\"sameAs\":[\"https:\\\/\\\/www.facebook.com\\\/Znakowo\\\/\"]},{\"@type\":\"Person\",\"@id\":\"https:\\\/\\\/www.znakowo.pl\\\/blog\\\/#\\\/schema\\\/person\\\/a29ddb53515b4cfd337f1582146267d9\",\"name\":\"Julita Krzemi\u0144ska\",\"image\":{\"@type\":\"ImageObject\",\"inLanguage\":\"pl-PL\",\"@id\":\"https:\\\/\\\/secure.gravatar.com\\\/avatar\\\/e6adac54b1d18b21f8567cc6208ef43409e661f1070cf8be2e6912306b99d439?s=96&d=mm&r=g\",\"url\":\"https:\\\/\\\/secure.gravatar.com\\\/avatar\\\/e6adac54b1d18b21f8567cc6208ef43409e661f1070cf8be2e6912306b99d439?s=96&d=mm&r=g\",\"contentUrl\":\"https:\\\/\\\/secure.gravatar.com\\\/avatar\\\/e6adac54b1d18b21f8567cc6208ef43409e661f1070cf8be2e6912306b99d439?s=96&d=mm&r=g\",\"caption\":\"Julita Krzemi\u0144ska\"},\"url\":\"https:\\\/\\\/www.znakowo.pl\\\/blog\\\/author\\\/jkrzeminska\\\/\"}]}<\/script>\n<!-- \/ Yoast SEO plugin. -->","yoast_head_json":{"title":"Magazynowanie odpad\u00f3w o w\u0142a\u015bciwo\u015bciach palnych - Blog znakowo.pl","description":"Magazynowanie odpad\u00f3w o w\u0142a\u015bciwo\u015bciach palnych. Jakie odpady mog\u0105 mie\u0107 w\u0142a\u015bciwo\u015bci palne? Gdzie i w jaki spos\u00f3b powinny by\u0107 sk\u0142adowane?","robots":{"index":"index","follow":"follow","max-snippet":"max-snippet:-1","max-image-preview":"max-image-preview:large","max-video-preview":"max-video-preview:-1"},"canonical":"https:\/\/www.znakowo.pl\/blog\/magazynowanie-odpadow-o-wlasciwosciach-palnych\/","og_locale":"pl_PL","og_type":"article","og_title":"Magazynowanie odpad\u00f3w o w\u0142a\u015bciwo\u015bciach palnych - Blog znakowo.pl","og_description":"Magazynowanie odpad\u00f3w o w\u0142a\u015bciwo\u015bciach palnych. Jakie odpady mog\u0105 mie\u0107 w\u0142a\u015bciwo\u015bci palne? Gdzie i w jaki spos\u00f3b powinny by\u0107 sk\u0142adowane?","og_url":"https:\/\/www.znakowo.pl\/blog\/magazynowanie-odpadow-o-wlasciwosciach-palnych\/","og_site_name":"Blog znakowo.pl","article_publisher":"https:\/\/www.facebook.com\/Znakowo\/","article_published_time":"2019-09-18T18:57:28+00:00","article_modified_time":"2021-08-05T12:23:27+00:00","og_image":[{"width":1600,"height":1111,"url":"https:\/\/www.znakowo.pl\/blog\/wp-content\/uploads\/2019\/09\/STJ5E58Q.jpeg","type":"image\/jpeg"}],"author":"Julita Krzemi\u0144ska","twitter_card":"summary_large_image","twitter_misc":{"Napisane przez":"Julita Krzemi\u0144ska","Szacowany czas czytania":"2 minuty"},"schema":{"@context":"https:\/\/schema.org","@graph":[{"@type":"Article","@id":"https:\/\/www.znakowo.pl\/blog\/magazynowanie-odpadow-o-wlasciwosciach-palnych\/#article","isPartOf":{"@id":"https:\/\/www.znakowo.pl\/blog\/magazynowanie-odpadow-o-wlasciwosciach-palnych\/"},"author":{"name":"Julita Krzemi\u0144ska","@id":"https:\/\/www.znakowo.pl\/blog\/#\/schema\/person\/a29ddb53515b4cfd337f1582146267d9"},"headline":"Magazynowanie odpad\u00f3w o w\u0142a\u015bciwo\u015bciach palnych","datePublished":"2019-09-18T18:57:28+00:00","dateModified":"2021-08-05T12:23:27+00:00","mainEntityOfPage":{"@id":"https:\/\/www.znakowo.pl\/blog\/magazynowanie-odpadow-o-wlasciwosciach-palnych\/"},"wordCount":494,"publisher":{"@id":"https:\/\/www.znakowo.pl\/blog\/#organization"},"image":{"@id":"https:\/\/www.znakowo.pl\/blog\/magazynowanie-odpadow-o-wlasciwosciach-palnych\/#primaryimage"},"thumbnailUrl":"https:\/\/www.znakowo.pl\/blog\/wp-content\/uploads\/2019\/09\/STJ5E58Q.jpeg","articleSection":["Przepisy, ustawy"],"inLanguage":"pl-PL"},{"@type":"WebPage","@id":"https:\/\/www.znakowo.pl\/blog\/magazynowanie-odpadow-o-wlasciwosciach-palnych\/","url":"https:\/\/www.znakowo.pl\/blog\/magazynowanie-odpadow-o-wlasciwosciach-palnych\/","name":"Magazynowanie odpad\u00f3w o w\u0142a\u015bciwo\u015bciach palnych - Blog znakowo.pl","isPartOf":{"@id":"https:\/\/www.znakowo.pl\/blog\/#website"},"primaryImageOfPage":{"@id":"https:\/\/www.znakowo.pl\/blog\/magazynowanie-odpadow-o-wlasciwosciach-palnych\/#primaryimage"},"image":{"@id":"https:\/\/www.znakowo.pl\/blog\/magazynowanie-odpadow-o-wlasciwosciach-palnych\/#primaryimage"},"thumbnailUrl":"https:\/\/www.znakowo.pl\/blog\/wp-content\/uploads\/2019\/09\/STJ5E58Q.jpeg","datePublished":"2019-09-18T18:57:28+00:00","dateModified":"2021-08-05T12:23:27+00:00","description":"Magazynowanie odpad\u00f3w o w\u0142a\u015bciwo\u015bciach palnych. Jakie odpady mog\u0105 mie\u0107 w\u0142a\u015bciwo\u015bci palne? Gdzie i w jaki spos\u00f3b powinny by\u0107 sk\u0142adowane?","breadcrumb":{"@id":"https:\/\/www.znakowo.pl\/blog\/magazynowanie-odpadow-o-wlasciwosciach-palnych\/#breadcrumb"},"inLanguage":"pl-PL","potentialAction":[{"@type":"ReadAction","target":["https:\/\/www.znakowo.pl\/blog\/magazynowanie-odpadow-o-wlasciwosciach-palnych\/"]}]},{"@type":"ImageObject","inLanguage":"pl-PL","@id":"https:\/\/www.znakowo.pl\/blog\/magazynowanie-odpadow-o-wlasciwosciach-palnych\/#primaryimage","url":"https:\/\/www.znakowo.pl\/blog\/wp-content\/uploads\/2019\/09\/STJ5E58Q.jpeg","contentUrl":"https:\/\/www.znakowo.pl\/blog\/wp-content\/uploads\/2019\/09\/STJ5E58Q.jpeg","width":1600,"height":1111,"caption":"magazynowanie odpadow o wlasciwosciach palnych"},{"@type":"BreadcrumbList","@id":"https:\/\/www.znakowo.pl\/blog\/magazynowanie-odpadow-o-wlasciwosciach-palnych\/#breadcrumb","itemListElement":[{"@type":"ListItem","position":1,"name":"Strona g\u0142\u00f3wna","item":"https:\/\/www.znakowo.pl\/blog\/"},{"@type":"ListItem","position":2,"name":"Magazynowanie odpad\u00f3w o w\u0142a\u015bciwo\u015bciach palnych"}]},{"@type":"WebSite","@id":"https:\/\/www.znakowo.pl\/blog\/#website","url":"https:\/\/www.znakowo.pl\/blog\/","name":"Blog znakowo.pl","description":"","publisher":{"@id":"https:\/\/www.znakowo.pl\/blog\/#organization"},"potentialAction":[{"@type":"SearchAction","target":{"@type":"EntryPoint","urlTemplate":"https:\/\/www.znakowo.pl\/blog\/?s={search_term_string}"},"query-input":{"@type":"PropertyValueSpecification","valueRequired":true,"valueName":"search_term_string"}}],"inLanguage":"pl-PL"},{"@type":"Organization","@id":"https:\/\/www.znakowo.pl\/blog\/#organization","name":"Znakowo.pl","url":"https:\/\/www.znakowo.pl\/blog\/","logo":{"@type":"ImageObject","inLanguage":"pl-PL","@id":"https:\/\/www.znakowo.pl\/blog\/#\/schema\/logo\/image\/","url":"https:\/\/www.znakowo.pl\/blog\/wp-content\/uploads\/2017\/05\/logo_1.png","contentUrl":"https:\/\/www.znakowo.pl\/blog\/wp-content\/uploads\/2017\/05\/logo_1.png","width":277,"height":94,"caption":"Znakowo.pl"},"image":{"@id":"https:\/\/www.znakowo.pl\/blog\/#\/schema\/logo\/image\/"},"sameAs":["https:\/\/www.facebook.com\/Znakowo\/"]},{"@type":"Person","@id":"https:\/\/www.znakowo.pl\/blog\/#\/schema\/person\/a29ddb53515b4cfd337f1582146267d9","name":"Julita Krzemi\u0144ska","image":{"@type":"ImageObject","inLanguage":"pl-PL","@id":"https:\/\/secure.gravatar.com\/avatar\/e6adac54b1d18b21f8567cc6208ef43409e661f1070cf8be2e6912306b99d439?s=96&d=mm&r=g","url":"https:\/\/secure.gravatar.com\/avatar\/e6adac54b1d18b21f8567cc6208ef43409e661f1070cf8be2e6912306b99d439?s=96&d=mm&r=g","contentUrl":"https:\/\/secure.gravatar.com\/avatar\/e6adac54b1d18b21f8567cc6208ef43409e661f1070cf8be2e6912306b99d439?s=96&d=mm&r=g","caption":"Julita Krzemi\u0144ska"},"url":"https:\/\/www.znakowo.pl\/blog\/author\/jkrzeminska\/"}]}},"_links":{"self":[{"href":"https:\/\/www.znakowo.pl\/blog\/wp-json\/wp\/v2\/posts\/1945","targetHints":{"allow":["GET"]}}],"collection":[{"href":"https:\/\/www.znakowo.pl\/blog\/wp-json\/wp\/v2\/posts"}],"about":[{"href":"https:\/\/www.znakowo.pl\/blog\/wp-json\/wp\/v2\/types\/post"}],"author":[{"embeddable":true,"href":"https:\/\/www.znakowo.pl\/blog\/wp-json\/wp\/v2\/users\/3"}],"replies":[{"embeddable":true,"href":"https:\/\/www.znakowo.pl\/blog\/wp-json\/wp\/v2\/comments?post=1945"}],"version-history":[{"count":5,"href":"https:\/\/www.znakowo.pl\/blog\/wp-json\/wp\/v2\/posts\/1945\/revisions"}],"predecessor-version":[{"id":3788,"href":"https:\/\/www.znakowo.pl\/blog\/wp-json\/wp\/v2\/posts\/1945\/revisions\/3788"}],"wp:featuredmedia":[{"embeddable":true,"href":"https:\/\/www.znakowo.pl\/blog\/wp-json\/wp\/v2\/media\/1951"}],"wp:attachment":[{"href":"https:\/\/www.znakowo.pl\/blog\/wp-json\/wp\/v2\/media?parent=1945"}],"wp:term":[{"taxonomy":"category","embeddable":true,"href":"https:\/\/www.znakowo.pl\/blog\/wp-json\/wp\/v2\/categories?post=1945"},{"taxonomy":"post_tag","embeddable":true,"href":"https:\/\/www.znakowo.pl\/blog\/wp-json\/wp\/v2\/tags?post=1945"}],"curies":[{"name":"wp","href":"https:\/\/api.w.org\/{rel}","templated":true}]}}