{"id":2155,"date":"2020-01-24T11:06:40","date_gmt":"2020-01-24T10:06:40","guid":{"rendered":"https:\/\/www.znakowo.pl\/blog\/?p=2155"},"modified":"2021-10-04T08:50:15","modified_gmt":"2021-10-04T06:50:15","slug":"tablice-barwy-pomaranczowej","status":"publish","type":"post","link":"https:\/\/www.znakowo.pl\/blog\/tablice-barwy-pomaranczowej\/","title":{"rendered":"Tablice barwy pomara\u0144czowej \u2013 wymagania"},"content":{"rendered":"\n<p>Jakie wymagania\npowinny spe\u0142nia\u0107 tablice barwy pomara\u0144czowej, stosowane w&nbsp;transporcie\nmateria\u0142\u00f3w niebezpiecznych?<\/p>\n\n\n<p><!--more--><\/p>\n\n\n<p>Tablice barwy\npomara\u0144czowej powinny mie\u0107 w\u0142a\u015bciwo\u015bci <a href=\"https:\/\/www.znakowo.pl\/blog\/folie-odblaskowe-na-znakach-drogowych\/\">odblaskowe<\/a>.\nMateria\u0142y u\u017cyte do ich wytworzenia musz\u0105 by\u0107 odporne na warunki atmosferyczne\ni&nbsp;zapewnia\u0107 trwa\u0142o\u015b\u0107 oznakowania. <\/p>\n\n\n\n<p>Tablica ma\nwymiary 30 cm (wysoko\u015b\u0107) x 40 cm (szeroko\u015b\u0107) i&nbsp;powinna by\u0107 otoczona\nczarnym obrze\u017cem o&nbsp;szeroko\u015bci 15 mm. Przez \u015brodek tablicy mo\u017ce przebiega\u0107\nczarna, pozioma linia o&nbsp;szeroko\u015bci 15 mm.<\/p>\n\n\n\n<p>Tabliczka\npowinna pozosta\u0107 w&nbsp;miejscu jej umocowania po 15 minutach przebywania\nw&nbsp;ogniu, niezale\u017cnie od pozycji, w&nbsp;kt\u00f3rej znajduje si\u0119 pojazd. <\/p>\n\n\n\n<div class=\"product-big\">\r\n    <div class=\"col-xs-12 col-md-5\">\r\n        <div class=\"product-big-img\"> \r\n                        <a href=\"https:\/\/www.znakowo.pl\/produkt\/tablica-adr-30x40cm-numeryczna-obrotowa-onpb-301202-331203,kx-0113,9646.html\" \/><img decoding=\"async\" src=\"https:\/\/tdc.znakowo.pl\/thumbs\/tablica-adr-30x40cm-numeryczna-obrotowa-onpb-301202-331203-20475-9646-500-500-0.jpg\" alt=\"Tablica ADR 30x40cm - numeryczna obrotowa ON\/PB 30,1202 \/ 33,1203 - Tablice barwy pomara\u0144czowej \u2013 wymagania\" title=\"Tablica ADR 30x40cm - numeryczna obrotowa ON\/PB 30,1202 \/ 33,1203 - Tablice barwy pomara\u0144czowej \u2013 wymagania\" \/><\/a>\r\n        <\/div>  \r\n    <\/div>    \r\n    <div class=\"col-xs-12 col-md-7\">\r\n        <div class=\"product-big-content\">\r\n            <div class=\"product-big-title\">\r\n                <a href=\"https:\/\/www.znakowo.pl\/produkt\/tablica-adr-30x40cm-numeryczna-obrotowa-onpb-301202-331203,kx-0113,9646.html\">Tablica ADR 30x40cm - numeryczna obrotowa ON\/PB 30,1202 \/ 33,1203<\/a>\r\n            <\/div>    \r\n            <div class=\"product-big-content\">\r\n                            <\/div>\r\n            <div class=\"product-buttons\">\r\n                                  <a class=\"product-price\">od <span>204,18<\/span> z\u0142<\/a>\r\n                                <a href=\"https:\/\/www.znakowo.pl\/produkt\/tablica-adr-30x40cm-numeryczna-obrotowa-onpb-301202-331203,kx-0113,9646.html\" class=\"product-link\">Kup<\/a>\r\n            <\/div>\r\n        <\/div>\r\n    <\/div> \r\n    <div class=\"clearfix\"><\/div>  \r\n<\/div>\r\n\r\n\n\n\n\n<div id=\"ez-toc-container\" class=\"ez-toc-v2_0_82_2 counter-hierarchy ez-toc-counter ez-toc-grey ez-toc-container-direction\">\n<div class=\"ez-toc-title-container\">\n<p class=\"ez-toc-title\" style=\"cursor:inherit\">Spis tre\u015bci<\/p>\n<span class=\"ez-toc-title-toggle\"><a href=\"#\" class=\"ez-toc-pull-right ez-toc-btn ez-toc-btn-xs ez-toc-btn-default ez-toc-toggle\" aria-label=\"Prze\u0142\u0105cznik Spisu Tre\u015bci\"><span class=\"ez-toc-js-icon-con\"><span class=\"\"><span class=\"eztoc-hide\" style=\"display:none;\">Toggle<\/span><span class=\"ez-toc-icon-toggle-span\"><svg style=\"fill: #999;color:#999\" xmlns=\"http:\/\/www.w3.org\/2000\/svg\" class=\"list-377408\" width=\"20px\" height=\"20px\" viewBox=\"0 0 24 24\" fill=\"none\"><path d=\"M6 6H4v2h2V6zm14 0H8v2h12V6zM4 11h2v2H4v-2zm16 0H8v2h12v-2zM4 16h2v2H4v-2zm16 0H8v2h12v-2z\" fill=\"currentColor\"><\/path><\/svg><svg style=\"fill: #999;color:#999\" class=\"arrow-unsorted-368013\" xmlns=\"http:\/\/www.w3.org\/2000\/svg\" width=\"10px\" height=\"10px\" viewBox=\"0 0 24 24\" version=\"1.2\" baseProfile=\"tiny\"><path d=\"M18.2 9.3l-6.2-6.3-6.2 6.3c-.2.2-.3.4-.3.7s.1.5.3.7c.2.2.4.3.7.3h11c.3 0 .5-.1.7-.3.2-.2.3-.5.3-.7s-.1-.5-.3-.7zM5.8 14.7l6.2 6.3 6.2-6.3c.2-.2.3-.5.3-.7s-.1-.5-.3-.7c-.2-.2-.4-.3-.7-.3h-11c-.3 0-.5.1-.7.3-.2.2-.3.5-.3.7s.1.5.3.7z\"\/><\/svg><\/span><\/span><\/span><\/a><\/span><\/div>\n<nav><ul class='ez-toc-list ez-toc-list-level-1 ' ><li class='ez-toc-page-1 ez-toc-heading-level-2'><a class=\"ez-toc-link ez-toc-heading-1\" href=\"https:\/\/www.znakowo.pl\/blog\/tablice-barwy-pomaranczowej\/#Tablice_barwy_pomaranczowej_%E2%80%93_umieszczenie_na_pojazdach\" >Tablice barwy pomara\u0144czowej \u2013 umieszczenie na pojazdach<\/a><\/li><li class='ez-toc-page-1 ez-toc-heading-level-2'><a class=\"ez-toc-link ez-toc-heading-2\" href=\"https:\/\/www.znakowo.pl\/blog\/tablice-barwy-pomaranczowej\/#Numer_identyfikacyjny_zagrozenia_i_numer_UN\" >Numer identyfikacyjny\nzagro\u017cenia i&nbsp;numer UN<\/a><ul class='ez-toc-list-level-3' ><li class='ez-toc-heading-level-3'><a class=\"ez-toc-link ez-toc-heading-3\" href=\"https:\/\/www.znakowo.pl\/blog\/tablice-barwy-pomaranczowej\/#Zmniejszone_cyfry\" >Zmniejszone cyfry<\/a><\/li><\/ul><\/li><li class='ez-toc-page-1 ez-toc-heading-level-2'><a class=\"ez-toc-link ez-toc-heading-4\" href=\"https:\/\/www.znakowo.pl\/blog\/tablice-barwy-pomaranczowej\/#Tablice_barwy_pomaranczowej_%E2%80%93_tolerancja_wymiarow\" >Tablice barwy pomara\u0144czowej  \u2013 tolerancja wymiar\u00f3w<\/a><\/li><\/ul><\/nav><\/div>\n<h2 class=\"wp-block-heading\"><span class=\"ez-toc-section\" id=\"Tablice_barwy_pomaranczowej_%E2%80%93_umieszczenie_na_pojazdach\"><\/span>Tablice barwy pomara\u0144czowej \u2013 umieszczenie na pojazdach<span class=\"ez-toc-section-end\"><\/span><\/h2>\n\n\n\n<p>Je\u017celi ze\nwzgl\u0119du na wielko\u015b\u0107 lub konstrukcj\u0119 pojazdu brak jest powierzchni\nwystarczaj\u0105cej do umieszczenia tablic, to jej wymiary mog\u0105 zosta\u0107 zmniejszone. Nie\nmog\u0105 by\u0107 jednak mniejsze ni\u017c:<\/p>\n\n\n\n<ul class=\"wp-block-list\"><li>300 mm \u2013 w&nbsp;przypadku szeroko\u015bci;<\/li><li>120 mm \u2013 w&nbsp;przypadku wysoko\u015bci;<\/li><li>10 mm \u2013 w&nbsp;przypadku szeroko\u015bci czarnego\nobrze\u017ca.<\/li><\/ul>\n\n\n\n<div class=\"product-small-box-content display-flex\">\n          <a href=\"https:\/\/www.znakowo.pl\/produkt\/kieszen-na-tablice-adr-30x30-cm,kx-0609,9638.html\" class=\"product-small\">\n          <div class=\"product-small-box\">\n              <div class=\"product-small-img\">\n                                    <img decoding=\"async\" src=\"https:\/\/tdc.znakowo.pl\/thumbs\/kieszen-na-tablice-adr-30x30-cm-20461-9638-160-160-0.jpg\" alt=\"Kiesze\u0144 na tablic\u0119 ADR 30x30 cm - Tablice barwy pomara\u0144czowej \u2013 wymagania\" title=\"Kiesze\u0144 na tablic\u0119 ADR 30x30 cm - Tablice barwy pomara\u0144czowej \u2013 wymagania\" \/>\n              <\/div>\n              <div class=\"product-small-title\">\n                  Kiesze\u0144 na tablic\u0119 ADR 30x30 cm              <\/div>\n          <\/div>\n      <\/a>    \n            <a href=\"https:\/\/www.znakowo.pl\/produkt\/klin-blokada-pod-kola-zolta-szerokosc-16cm,kx-1257,9626.html\" class=\"product-small\">\n          <div class=\"product-small-box\">\n              <div class=\"product-small-img\">\n                                    <img decoding=\"async\" src=\"https:\/\/tdc.znakowo.pl\/thumbs\/klin-blokada-pod-kola-zolta-szerokosc-16cm-20447-9626-160-160-0.jpg\" alt=\"Klin blokada pod ko\u0142a - \u017c\u00f3\u0142ta szeroko\u015b\u0107 16cm - Tablice barwy pomara\u0144czowej \u2013 wymagania\" title=\"Klin blokada pod ko\u0142a - \u017c\u00f3\u0142ta szeroko\u015b\u0107 16cm - Tablice barwy pomara\u0144czowej \u2013 wymagania\" \/>\n              <\/div>\n              <div class=\"product-small-title\">\n                  Klin blokada pod ko\u0142a - \u017c\u00f3\u0142ta szeroko\u015b\u0107 16cm              <\/div>\n          <\/div>\n      <\/a>    \n            <a href=\"https:\/\/www.znakowo.pl\/produkt\/lampa-sygnalizacyjna-ostrzegawcza-pale-led-na-2-baterie-r20,kx-3011,9630.html\" class=\"product-small\">\n          <div class=\"product-small-box\">\n              <div class=\"product-small-img\">\n                                    <img decoding=\"async\" src=\"https:\/\/tdc.znakowo.pl\/thumbs\/lampa-sygnalizacyjna-ostrzegawcza-pale-led-na-2-baterie-r20-20452-9630-160-160-0.jpg\" alt=\"Lampa sygnalizacyjna ostrzegawcza Pale LED na 2 baterie R20 - Tablice barwy pomara\u0144czowej \u2013 wymagania\" title=\"Lampa sygnalizacyjna ostrzegawcza Pale LED na 2 baterie R20 - Tablice barwy pomara\u0144czowej \u2013 wymagania\" \/>\n              <\/div>\n              <div class=\"product-small-title\">\n                  Lampa sygnalizacyjna ostrzegawcza Pale LED na 2 baterie R20              <\/div>\n          <\/div>\n      <\/a>    \n        \n    <div class=\"clearfix\"><\/div>    \n<\/div>\n\n\n\n\n<h2 class=\"wp-block-heading\"><span class=\"ez-toc-section\" id=\"Numer_identyfikacyjny_zagrozenia_i_numer_UN\"><\/span>Numer identyfikacyjny\nzagro\u017cenia i&nbsp;numer UN<span class=\"ez-toc-section-end\"><\/span><\/h2>\n\n\n\n<p>Numer identyfikacyjny\nzagro\u017cenia (2 lub 3 cyfry, poprzedzone odpowiednio liter\u0105 \u201eX\u201d) i&nbsp;numer UN (4\ncyfry) powinny by\u0107 naniesione na tablice barwy pomara\u0144czowej czarnymi cyframi\no&nbsp;wysoko\u015bci 100 mm i&nbsp;grubo\u015bci linii 15 mm. <\/p>\n\n\n\n<p>Numer identyfikacyjny\nzagro\u017cenia powinien znajdowa\u0107 si\u0119 w&nbsp;g\u00f3rnej cz\u0119\u015bci tablicy, a&nbsp;numer UN\n\u2013 w&nbsp;jej dolnej cz\u0119\u015bci. Numery powinny by\u0107 oddzielone czarn\u0105, poziom\u0105 lini\u0105\no&nbsp;szeroko\u015bci 15 mm, przebiegaj\u0105c\u0105 w&nbsp;po\u0142owie wysoko\u015bci tablicy. <\/p>\n\n\n\n<div class=\"product-small-box-content display-flex\">\n          <a href=\"https:\/\/www.znakowo.pl\/produkt\/cyfra-1szt-125x8cm-do-tablicy-adr-z-wymiennymi-cyframi,kx-cyfra,9649.html\" class=\"product-small\">\n          <div class=\"product-small-box\">\n              <div class=\"product-small-img\">\n                                    <img decoding=\"async\" src=\"https:\/\/tdc.znakowo.pl\/thumbs\/cyfra-1szt-125x8cm-do-tablicy-adr-z-wymiennymi-cyframi-20478-9649-160-160-0.jpg\" alt=\"Cyfra 1szt 12,5x8cm do tablicy ADR z wymiennymi cyframi - Tablice barwy pomara\u0144czowej \u2013 wymagania\" title=\"Cyfra 1szt 12,5x8cm do tablicy ADR z wymiennymi cyframi - Tablice barwy pomara\u0144czowej \u2013 wymagania\" \/>\n              <\/div>\n              <div class=\"product-small-title\">\n                  Cyfra 1szt 12,5x8cm do tablicy ADR z wymiennymi cyframi              <\/div>\n          <\/div>\n      <\/a>    \n            <a href=\"https:\/\/www.znakowo.pl\/produkt\/gasnica-proszkowa-2kg-abce-gaz-tech-gp-2x,1a001,3564.html\" class=\"product-small\">\n          <div class=\"product-small-box\">\n              <div class=\"product-small-img\">\n                                    <img decoding=\"async\" src=\"https:\/\/tdc.znakowo.pl\/thumbs\/gasnica-proszkowa-2kg-abce-gaz-tech-gp-2x-22368-3564-160-160-0.jpg\" alt=\"Ga\u015bnica proszkowa 2kg ABC\/E - Gaz-Tech GP-2X - Tablice barwy pomara\u0144czowej \u2013 wymagania\" title=\"Ga\u015bnica proszkowa 2kg ABC\/E - Gaz-Tech GP-2X - Tablice barwy pomara\u0144czowej \u2013 wymagania\" \/>\n              <\/div>\n              <div class=\"product-small-title\">\n                  Ga\u015bnica proszkowa 2kg ABC\/E - Gaz-Tech GP-2X              <\/div>\n          <\/div>\n      <\/a>    \n            <a href=\"https:\/\/www.znakowo.pl\/produkt\/tablica-adr-numeryczna-wymienna-30x40cm,kx-0124,9647.html\" class=\"product-small\">\n          <div class=\"product-small-box\">\n              <div class=\"product-small-img\">\n                                    <img decoding=\"async\" src=\"https:\/\/tdc.znakowo.pl\/thumbs\/tablica-adr-numeryczna-wymienna-30x40cm-20476-9647-160-160-0.jpg\" alt=\"Tablica ADR numeryczna wymienna 30x40cm - Tablice barwy pomara\u0144czowej \u2013 wymagania\" title=\"Tablica ADR numeryczna wymienna 30x40cm - Tablice barwy pomara\u0144czowej \u2013 wymagania\" \/>\n              <\/div>\n              <div class=\"product-small-title\">\n                  Tablica ADR numeryczna wymienna 30x40cm              <\/div>\n          <\/div>\n      <\/a>    \n        \n    <div class=\"clearfix\"><\/div>    \n<\/div>\n\n\n\n\n<p>Zar\u00f3wno numer identyfikacyjny\nzagro\u017cenia, jak i&nbsp;numer UN powinny by\u0107 nie\u015bcieralne. Powinny r\u00f3wnie\u017c\npozosta\u0107 czytelne po 15 minutach przebywania w&nbsp;ogniu. Wymienne cyfry\ni&nbsp;litery, wchodz\u0105ce w&nbsp;sk\u0142ad znajduj\u0105cego si\u0119 na tablicy numeru\nidentyfikacyjnego zagro\u017cenia i&nbsp;numeru UN, powinny pozostawa\u0107 podczas\nprzewozu na swoich miejscach, niezale\u017cnie od pozycji, w&nbsp;kt\u00f3rej znajduje\nsi\u0119 pojazd. <\/p>\n\n\n\n<h3 class=\"wp-block-heading\"><span class=\"ez-toc-section\" id=\"Zmniejszone_cyfry\"><\/span>Zmniejszone cyfry<span class=\"ez-toc-section-end\"><\/span><\/h3>\n\n\n\n<p>Je\u015bli stosuje si\u0119 zmniejszone tablice barwy pomara\u0144czowej w&nbsp;odniesieniu do opakowanego materia\u0142u <a href=\"https:\/\/www.znakowo.pl\/znaki-promieniowania-jonizujacego-ostrzegawcze\/\">promieniotw\u00f3rczego<\/a>, przewo\u017conego na warunkach u\u017cywania wy\u0142\u0105cznego, to wymagany jest tylko numer UN, a&nbsp;wysoko\u015b\u0107 cyfr mo\u017ce zosta\u0107 zmniejszona do 65 mm, natomiast szeroko\u015b\u0107 linii \u2013 do 10 mm.<\/p>\n\n\n\n<h2 class=\"wp-block-heading\"><span class=\"ez-toc-section\" id=\"Tablice_barwy_pomaranczowej_%E2%80%93_tolerancja_wymiarow\"><\/span>Tablice barwy pomara\u0144czowej  \u2013 tolerancja wymiar\u00f3w<span class=\"ez-toc-section-end\"><\/span><\/h2>\n\n\n\n<p>Dopuszcza si\u0119\ntolerancj\u0119 dla podanych wymiar\u00f3w +\/- 10%.<\/p>\n\n\n\n<div class=\"product-small-box-content display-flex\">\n          <a href=\"https:\/\/www.znakowo.pl\/produkt\/tablica-adr-12x30-cm-truck-lamana,kx-1866,9642.html\" class=\"product-small\">\n          <div class=\"product-small-box\">\n              <div class=\"product-small-img\">\n                                    <img decoding=\"async\" src=\"https:\/\/tdc.znakowo.pl\/thumbs\/tablica-adr-12x30-cm-truck-lamana-20469-9642-160-160-0.jpg\" alt=\"Tablica ADR 12x30 cm - Truck, \u0142amana - Tablice barwy pomara\u0144czowej \u2013 wymagania\" title=\"Tablica ADR 12x30 cm - Truck, \u0142amana - Tablice barwy pomara\u0144czowej \u2013 wymagania\" \/>\n              <\/div>\n              <div class=\"product-small-title\">\n                  Tablica ADR 12x30 cm - Truck, \u0142amana              <\/div>\n          <\/div>\n      <\/a>    \n            <a href=\"https:\/\/www.znakowo.pl\/produkt\/tablica-adr-30x40-cm-gladka,kx-1461,9639.html\" class=\"product-small\">\n          <div class=\"product-small-box\">\n              <div class=\"product-small-img\">\n                                    <img decoding=\"async\" src=\"https:\/\/tdc.znakowo.pl\/thumbs\/tablica-adr-30x40-cm-gladka-20463-9639-160-160-0.jpg\" alt=\"Tablica ADR 30x40 cm - g\u0142adka - Tablice barwy pomara\u0144czowej \u2013 wymagania\" title=\"Tablica ADR 30x40 cm - g\u0142adka - Tablice barwy pomara\u0144czowej \u2013 wymagania\" \/>\n              <\/div>\n              <div class=\"product-small-title\">\n                  Tablica ADR 30x40 cm - g\u0142adka              <\/div>\n          <\/div>\n      <\/a>    \n            <a href=\"https:\/\/www.znakowo.pl\/produkt\/wklad-pod-naklejke-do-kieszeni-na-tablice-adr-30x30-cm,kx-0305,9636.html\" class=\"product-small\">\n          <div class=\"product-small-box\">\n              <div class=\"product-small-img\">\n                                    <img decoding=\"async\" src=\"https:\/\/tdc.znakowo.pl\/thumbs\/wklad-pod-naklejke-do-kieszeni-na-tablice-adr-30x30-cm-20458-9636-160-160-0.jpg\" alt=\"Wk\u0142ad pod naklejk\u0119 do kieszeni na tablic\u0119 ADR 30x30 cm - Tablice barwy pomara\u0144czowej \u2013 wymagania\" title=\"Wk\u0142ad pod naklejk\u0119 do kieszeni na tablic\u0119 ADR 30x30 cm - Tablice barwy pomara\u0144czowej \u2013 wymagania\" \/>\n              <\/div>\n              <div class=\"product-small-title\">\n                  Wk\u0142ad pod naklejk\u0119 do kieszeni na tablic\u0119 ADR 30x30 cm              <\/div>\n          <\/div>\n      <\/a>    \n        \n    <div class=\"clearfix\"><\/div>    \n<\/div>\n\n\n\n\n<p>Je\u017celi tablice\nbarwy pomara\u0144czowej umieszczone s\u0105 w&nbsp;rozk\u0142adanych panelach, to panele te\npowinny by\u0107 tak zaprojektowane i&nbsp;zabezpieczone, aby zapobiec ich\nrozk\u0142adaniu si\u0119 lub obluzowaniu ich zamocowania podczas przewozu (szczeg\u00f3lnie\nw&nbsp;wyniku wstrz\u0105s\u00f3w lub niezamierzonych dzia\u0142a\u0144).<\/p>\n","protected":false},"excerpt":{"rendered":"<p>Jakie wymagania powinny spe\u0142nia\u0107 tablice barwy pomara\u0144czowej, stosowane w&nbsp;transporcie materia\u0142\u00f3w niebezpiecznych?<\/p>\n","protected":false},"author":3,"featured_media":2160,"comment_status":"closed","ping_status":"closed","sticky":false,"template":"","format":"standard","meta":{"_acf_changed":false,"footnotes":""},"categories":[1352],"tags":[],"class_list":["post-2155","post","type-post","status-publish","format-standard","has-post-thumbnail","hentry","category-adr"],"acf":[],"yoast_head":"<!-- This site is optimized with the Yoast SEO plugin v27.4 - https:\/\/yoast.com\/product\/yoast-seo-wordpress\/ -->\n<title>Tablice barwy pomara\u0144czowej \u2013 wymagania - Blog znakowo.pl<\/title>\n<meta name=\"description\" content=\"Tablice barwy pomara\u0144czowej na pojazdach realizuj\u0105cych transport ADR. Jakie powinny mie\u0107 wymiary, czym powinny si\u0119 charakteryzowa\u0107?\" \/>\n<meta name=\"robots\" content=\"index, follow, max-snippet:-1, max-image-preview:large, max-video-preview:-1\" \/>\n<link rel=\"canonical\" href=\"https:\/\/www.znakowo.pl\/blog\/tablice-barwy-pomaranczowej\/\" \/>\n<meta property=\"og:locale\" content=\"pl_PL\" \/>\n<meta property=\"og:type\" content=\"article\" \/>\n<meta property=\"og:title\" content=\"Tablice barwy pomara\u0144czowej \u2013 wymagania - Blog znakowo.pl\" \/>\n<meta property=\"og:description\" content=\"Tablice barwy pomara\u0144czowej na pojazdach realizuj\u0105cych transport ADR. Jakie powinny mie\u0107 wymiary, czym powinny si\u0119 charakteryzowa\u0107?\" \/>\n<meta property=\"og:url\" content=\"https:\/\/www.znakowo.pl\/blog\/tablice-barwy-pomaranczowej\/\" \/>\n<meta property=\"og:site_name\" content=\"Blog znakowo.pl\" \/>\n<meta property=\"article:publisher\" content=\"https:\/\/www.facebook.com\/Znakowo\/\" \/>\n<meta property=\"article:published_time\" content=\"2020-01-24T10:06:40+00:00\" \/>\n<meta property=\"article:modified_time\" content=\"2021-10-04T06:50:15+00:00\" \/>\n<meta property=\"og:image\" content=\"https:\/\/www.znakowo.pl\/blog\/wp-content\/uploads\/2020\/01\/OtRKk8Fg.jpeg\" \/>\n\t<meta property=\"og:image:width\" content=\"2048\" \/>\n\t<meta property=\"og:image:height\" content=\"1365\" \/>\n\t<meta property=\"og:image:type\" content=\"image\/jpeg\" \/>\n<meta name=\"author\" content=\"Julita Krzemi\u0144ska\" \/>\n<meta name=\"twitter:card\" content=\"summary_large_image\" \/>\n<meta name=\"twitter:label1\" content=\"Napisane przez\" \/>\n\t<meta name=\"twitter:data1\" content=\"Julita Krzemi\u0144ska\" \/>\n\t<meta name=\"twitter:label2\" content=\"Szacowany czas czytania\" \/>\n\t<meta name=\"twitter:data2\" content=\"2 minuty\" \/>\n<script type=\"application\/ld+json\" class=\"yoast-schema-graph\">{\"@context\":\"https:\\\/\\\/schema.org\",\"@graph\":[{\"@type\":\"Article\",\"@id\":\"https:\\\/\\\/www.znakowo.pl\\\/blog\\\/tablice-barwy-pomaranczowej\\\/#article\",\"isPartOf\":{\"@id\":\"https:\\\/\\\/www.znakowo.pl\\\/blog\\\/tablice-barwy-pomaranczowej\\\/\"},\"author\":{\"name\":\"Julita Krzemi\u0144ska\",\"@id\":\"https:\\\/\\\/www.znakowo.pl\\\/blog\\\/#\\\/schema\\\/person\\\/a29ddb53515b4cfd337f1582146267d9\"},\"headline\":\"Tablice barwy pomara\u0144czowej \u2013 wymagania\",\"datePublished\":\"2020-01-24T10:06:40+00:00\",\"dateModified\":\"2021-10-04T06:50:15+00:00\",\"mainEntityOfPage\":{\"@id\":\"https:\\\/\\\/www.znakowo.pl\\\/blog\\\/tablice-barwy-pomaranczowej\\\/\"},\"wordCount\":453,\"publisher\":{\"@id\":\"https:\\\/\\\/www.znakowo.pl\\\/blog\\\/#organization\"},\"image\":{\"@id\":\"https:\\\/\\\/www.znakowo.pl\\\/blog\\\/tablice-barwy-pomaranczowej\\\/#primaryimage\"},\"thumbnailUrl\":\"https:\\\/\\\/www.znakowo.pl\\\/blog\\\/wp-content\\\/uploads\\\/2020\\\/01\\\/OtRKk8Fg.jpeg\",\"articleSection\":[\"Oznakowanie i przepisy ADR\"],\"inLanguage\":\"pl-PL\"},{\"@type\":\"WebPage\",\"@id\":\"https:\\\/\\\/www.znakowo.pl\\\/blog\\\/tablice-barwy-pomaranczowej\\\/\",\"url\":\"https:\\\/\\\/www.znakowo.pl\\\/blog\\\/tablice-barwy-pomaranczowej\\\/\",\"name\":\"Tablice barwy pomara\u0144czowej \u2013 wymagania - Blog znakowo.pl\",\"isPartOf\":{\"@id\":\"https:\\\/\\\/www.znakowo.pl\\\/blog\\\/#website\"},\"primaryImageOfPage\":{\"@id\":\"https:\\\/\\\/www.znakowo.pl\\\/blog\\\/tablice-barwy-pomaranczowej\\\/#primaryimage\"},\"image\":{\"@id\":\"https:\\\/\\\/www.znakowo.pl\\\/blog\\\/tablice-barwy-pomaranczowej\\\/#primaryimage\"},\"thumbnailUrl\":\"https:\\\/\\\/www.znakowo.pl\\\/blog\\\/wp-content\\\/uploads\\\/2020\\\/01\\\/OtRKk8Fg.jpeg\",\"datePublished\":\"2020-01-24T10:06:40+00:00\",\"dateModified\":\"2021-10-04T06:50:15+00:00\",\"description\":\"Tablice barwy pomara\u0144czowej na pojazdach realizuj\u0105cych transport ADR. Jakie powinny mie\u0107 wymiary, czym powinny si\u0119 charakteryzowa\u0107?\",\"breadcrumb\":{\"@id\":\"https:\\\/\\\/www.znakowo.pl\\\/blog\\\/tablice-barwy-pomaranczowej\\\/#breadcrumb\"},\"inLanguage\":\"pl-PL\",\"potentialAction\":[{\"@type\":\"ReadAction\",\"target\":[\"https:\\\/\\\/www.znakowo.pl\\\/blog\\\/tablice-barwy-pomaranczowej\\\/\"]}]},{\"@type\":\"ImageObject\",\"inLanguage\":\"pl-PL\",\"@id\":\"https:\\\/\\\/www.znakowo.pl\\\/blog\\\/tablice-barwy-pomaranczowej\\\/#primaryimage\",\"url\":\"https:\\\/\\\/www.znakowo.pl\\\/blog\\\/wp-content\\\/uploads\\\/2020\\\/01\\\/OtRKk8Fg.jpeg\",\"contentUrl\":\"https:\\\/\\\/www.znakowo.pl\\\/blog\\\/wp-content\\\/uploads\\\/2020\\\/01\\\/OtRKk8Fg.jpeg\",\"width\":2048,\"height\":1365,\"caption\":\"Tablice barwy pomaranczowej\"},{\"@type\":\"BreadcrumbList\",\"@id\":\"https:\\\/\\\/www.znakowo.pl\\\/blog\\\/tablice-barwy-pomaranczowej\\\/#breadcrumb\",\"itemListElement\":[{\"@type\":\"ListItem\",\"position\":1,\"name\":\"Strona g\u0142\u00f3wna\",\"item\":\"https:\\\/\\\/www.znakowo.pl\\\/blog\\\/\"},{\"@type\":\"ListItem\",\"position\":2,\"name\":\"Tablice barwy pomara\u0144czowej \u2013 wymagania\"}]},{\"@type\":\"WebSite\",\"@id\":\"https:\\\/\\\/www.znakowo.pl\\\/blog\\\/#website\",\"url\":\"https:\\\/\\\/www.znakowo.pl\\\/blog\\\/\",\"name\":\"Blog znakowo.pl\",\"description\":\"\",\"publisher\":{\"@id\":\"https:\\\/\\\/www.znakowo.pl\\\/blog\\\/#organization\"},\"potentialAction\":[{\"@type\":\"SearchAction\",\"target\":{\"@type\":\"EntryPoint\",\"urlTemplate\":\"https:\\\/\\\/www.znakowo.pl\\\/blog\\\/?s={search_term_string}\"},\"query-input\":{\"@type\":\"PropertyValueSpecification\",\"valueRequired\":true,\"valueName\":\"search_term_string\"}}],\"inLanguage\":\"pl-PL\"},{\"@type\":\"Organization\",\"@id\":\"https:\\\/\\\/www.znakowo.pl\\\/blog\\\/#organization\",\"name\":\"Znakowo.pl\",\"url\":\"https:\\\/\\\/www.znakowo.pl\\\/blog\\\/\",\"logo\":{\"@type\":\"ImageObject\",\"inLanguage\":\"pl-PL\",\"@id\":\"https:\\\/\\\/www.znakowo.pl\\\/blog\\\/#\\\/schema\\\/logo\\\/image\\\/\",\"url\":\"https:\\\/\\\/www.znakowo.pl\\\/blog\\\/wp-content\\\/uploads\\\/2017\\\/05\\\/logo_1.png\",\"contentUrl\":\"https:\\\/\\\/www.znakowo.pl\\\/blog\\\/wp-content\\\/uploads\\\/2017\\\/05\\\/logo_1.png\",\"width\":277,\"height\":94,\"caption\":\"Znakowo.pl\"},\"image\":{\"@id\":\"https:\\\/\\\/www.znakowo.pl\\\/blog\\\/#\\\/schema\\\/logo\\\/image\\\/\"},\"sameAs\":[\"https:\\\/\\\/www.facebook.com\\\/Znakowo\\\/\"]},{\"@type\":\"Person\",\"@id\":\"https:\\\/\\\/www.znakowo.pl\\\/blog\\\/#\\\/schema\\\/person\\\/a29ddb53515b4cfd337f1582146267d9\",\"name\":\"Julita Krzemi\u0144ska\",\"image\":{\"@type\":\"ImageObject\",\"inLanguage\":\"pl-PL\",\"@id\":\"https:\\\/\\\/secure.gravatar.com\\\/avatar\\\/e6adac54b1d18b21f8567cc6208ef43409e661f1070cf8be2e6912306b99d439?s=96&d=mm&r=g\",\"url\":\"https:\\\/\\\/secure.gravatar.com\\\/avatar\\\/e6adac54b1d18b21f8567cc6208ef43409e661f1070cf8be2e6912306b99d439?s=96&d=mm&r=g\",\"contentUrl\":\"https:\\\/\\\/secure.gravatar.com\\\/avatar\\\/e6adac54b1d18b21f8567cc6208ef43409e661f1070cf8be2e6912306b99d439?s=96&d=mm&r=g\",\"caption\":\"Julita Krzemi\u0144ska\"},\"url\":\"https:\\\/\\\/www.znakowo.pl\\\/blog\\\/author\\\/jkrzeminska\\\/\"}]}<\/script>\n<!-- \/ Yoast SEO plugin. -->","yoast_head_json":{"title":"Tablice barwy pomara\u0144czowej \u2013 wymagania - Blog znakowo.pl","description":"Tablice barwy pomara\u0144czowej na pojazdach realizuj\u0105cych transport ADR. Jakie powinny mie\u0107 wymiary, czym powinny si\u0119 charakteryzowa\u0107?","robots":{"index":"index","follow":"follow","max-snippet":"max-snippet:-1","max-image-preview":"max-image-preview:large","max-video-preview":"max-video-preview:-1"},"canonical":"https:\/\/www.znakowo.pl\/blog\/tablice-barwy-pomaranczowej\/","og_locale":"pl_PL","og_type":"article","og_title":"Tablice barwy pomara\u0144czowej \u2013 wymagania - Blog znakowo.pl","og_description":"Tablice barwy pomara\u0144czowej na pojazdach realizuj\u0105cych transport ADR. Jakie powinny mie\u0107 wymiary, czym powinny si\u0119 charakteryzowa\u0107?","og_url":"https:\/\/www.znakowo.pl\/blog\/tablice-barwy-pomaranczowej\/","og_site_name":"Blog znakowo.pl","article_publisher":"https:\/\/www.facebook.com\/Znakowo\/","article_published_time":"2020-01-24T10:06:40+00:00","article_modified_time":"2021-10-04T06:50:15+00:00","og_image":[{"width":2048,"height":1365,"url":"https:\/\/www.znakowo.pl\/blog\/wp-content\/uploads\/2020\/01\/OtRKk8Fg.jpeg","type":"image\/jpeg"}],"author":"Julita Krzemi\u0144ska","twitter_card":"summary_large_image","twitter_misc":{"Napisane przez":"Julita Krzemi\u0144ska","Szacowany czas czytania":"2 minuty"},"schema":{"@context":"https:\/\/schema.org","@graph":[{"@type":"Article","@id":"https:\/\/www.znakowo.pl\/blog\/tablice-barwy-pomaranczowej\/#article","isPartOf":{"@id":"https:\/\/www.znakowo.pl\/blog\/tablice-barwy-pomaranczowej\/"},"author":{"name":"Julita Krzemi\u0144ska","@id":"https:\/\/www.znakowo.pl\/blog\/#\/schema\/person\/a29ddb53515b4cfd337f1582146267d9"},"headline":"Tablice barwy pomara\u0144czowej \u2013 wymagania","datePublished":"2020-01-24T10:06:40+00:00","dateModified":"2021-10-04T06:50:15+00:00","mainEntityOfPage":{"@id":"https:\/\/www.znakowo.pl\/blog\/tablice-barwy-pomaranczowej\/"},"wordCount":453,"publisher":{"@id":"https:\/\/www.znakowo.pl\/blog\/#organization"},"image":{"@id":"https:\/\/www.znakowo.pl\/blog\/tablice-barwy-pomaranczowej\/#primaryimage"},"thumbnailUrl":"https:\/\/www.znakowo.pl\/blog\/wp-content\/uploads\/2020\/01\/OtRKk8Fg.jpeg","articleSection":["Oznakowanie i przepisy ADR"],"inLanguage":"pl-PL"},{"@type":"WebPage","@id":"https:\/\/www.znakowo.pl\/blog\/tablice-barwy-pomaranczowej\/","url":"https:\/\/www.znakowo.pl\/blog\/tablice-barwy-pomaranczowej\/","name":"Tablice barwy pomara\u0144czowej \u2013 wymagania - Blog znakowo.pl","isPartOf":{"@id":"https:\/\/www.znakowo.pl\/blog\/#website"},"primaryImageOfPage":{"@id":"https:\/\/www.znakowo.pl\/blog\/tablice-barwy-pomaranczowej\/#primaryimage"},"image":{"@id":"https:\/\/www.znakowo.pl\/blog\/tablice-barwy-pomaranczowej\/#primaryimage"},"thumbnailUrl":"https:\/\/www.znakowo.pl\/blog\/wp-content\/uploads\/2020\/01\/OtRKk8Fg.jpeg","datePublished":"2020-01-24T10:06:40+00:00","dateModified":"2021-10-04T06:50:15+00:00","description":"Tablice barwy pomara\u0144czowej na pojazdach realizuj\u0105cych transport ADR. Jakie powinny mie\u0107 wymiary, czym powinny si\u0119 charakteryzowa\u0107?","breadcrumb":{"@id":"https:\/\/www.znakowo.pl\/blog\/tablice-barwy-pomaranczowej\/#breadcrumb"},"inLanguage":"pl-PL","potentialAction":[{"@type":"ReadAction","target":["https:\/\/www.znakowo.pl\/blog\/tablice-barwy-pomaranczowej\/"]}]},{"@type":"ImageObject","inLanguage":"pl-PL","@id":"https:\/\/www.znakowo.pl\/blog\/tablice-barwy-pomaranczowej\/#primaryimage","url":"https:\/\/www.znakowo.pl\/blog\/wp-content\/uploads\/2020\/01\/OtRKk8Fg.jpeg","contentUrl":"https:\/\/www.znakowo.pl\/blog\/wp-content\/uploads\/2020\/01\/OtRKk8Fg.jpeg","width":2048,"height":1365,"caption":"Tablice barwy pomaranczowej"},{"@type":"BreadcrumbList","@id":"https:\/\/www.znakowo.pl\/blog\/tablice-barwy-pomaranczowej\/#breadcrumb","itemListElement":[{"@type":"ListItem","position":1,"name":"Strona g\u0142\u00f3wna","item":"https:\/\/www.znakowo.pl\/blog\/"},{"@type":"ListItem","position":2,"name":"Tablice barwy pomara\u0144czowej \u2013 wymagania"}]},{"@type":"WebSite","@id":"https:\/\/www.znakowo.pl\/blog\/#website","url":"https:\/\/www.znakowo.pl\/blog\/","name":"Blog znakowo.pl","description":"","publisher":{"@id":"https:\/\/www.znakowo.pl\/blog\/#organization"},"potentialAction":[{"@type":"SearchAction","target":{"@type":"EntryPoint","urlTemplate":"https:\/\/www.znakowo.pl\/blog\/?s={search_term_string}"},"query-input":{"@type":"PropertyValueSpecification","valueRequired":true,"valueName":"search_term_string"}}],"inLanguage":"pl-PL"},{"@type":"Organization","@id":"https:\/\/www.znakowo.pl\/blog\/#organization","name":"Znakowo.pl","url":"https:\/\/www.znakowo.pl\/blog\/","logo":{"@type":"ImageObject","inLanguage":"pl-PL","@id":"https:\/\/www.znakowo.pl\/blog\/#\/schema\/logo\/image\/","url":"https:\/\/www.znakowo.pl\/blog\/wp-content\/uploads\/2017\/05\/logo_1.png","contentUrl":"https:\/\/www.znakowo.pl\/blog\/wp-content\/uploads\/2017\/05\/logo_1.png","width":277,"height":94,"caption":"Znakowo.pl"},"image":{"@id":"https:\/\/www.znakowo.pl\/blog\/#\/schema\/logo\/image\/"},"sameAs":["https:\/\/www.facebook.com\/Znakowo\/"]},{"@type":"Person","@id":"https:\/\/www.znakowo.pl\/blog\/#\/schema\/person\/a29ddb53515b4cfd337f1582146267d9","name":"Julita Krzemi\u0144ska","image":{"@type":"ImageObject","inLanguage":"pl-PL","@id":"https:\/\/secure.gravatar.com\/avatar\/e6adac54b1d18b21f8567cc6208ef43409e661f1070cf8be2e6912306b99d439?s=96&d=mm&r=g","url":"https:\/\/secure.gravatar.com\/avatar\/e6adac54b1d18b21f8567cc6208ef43409e661f1070cf8be2e6912306b99d439?s=96&d=mm&r=g","contentUrl":"https:\/\/secure.gravatar.com\/avatar\/e6adac54b1d18b21f8567cc6208ef43409e661f1070cf8be2e6912306b99d439?s=96&d=mm&r=g","caption":"Julita Krzemi\u0144ska"},"url":"https:\/\/www.znakowo.pl\/blog\/author\/jkrzeminska\/"}]}},"_links":{"self":[{"href":"https:\/\/www.znakowo.pl\/blog\/wp-json\/wp\/v2\/posts\/2155","targetHints":{"allow":["GET"]}}],"collection":[{"href":"https:\/\/www.znakowo.pl\/blog\/wp-json\/wp\/v2\/posts"}],"about":[{"href":"https:\/\/www.znakowo.pl\/blog\/wp-json\/wp\/v2\/types\/post"}],"author":[{"embeddable":true,"href":"https:\/\/www.znakowo.pl\/blog\/wp-json\/wp\/v2\/users\/3"}],"replies":[{"embeddable":true,"href":"https:\/\/www.znakowo.pl\/blog\/wp-json\/wp\/v2\/comments?post=2155"}],"version-history":[{"count":3,"href":"https:\/\/www.znakowo.pl\/blog\/wp-json\/wp\/v2\/posts\/2155\/revisions"}],"predecessor-version":[{"id":4047,"href":"https:\/\/www.znakowo.pl\/blog\/wp-json\/wp\/v2\/posts\/2155\/revisions\/4047"}],"wp:featuredmedia":[{"embeddable":true,"href":"https:\/\/www.znakowo.pl\/blog\/wp-json\/wp\/v2\/media\/2160"}],"wp:attachment":[{"href":"https:\/\/www.znakowo.pl\/blog\/wp-json\/wp\/v2\/media?parent=2155"}],"wp:term":[{"taxonomy":"category","embeddable":true,"href":"https:\/\/www.znakowo.pl\/blog\/wp-json\/wp\/v2\/categories?post=2155"},{"taxonomy":"post_tag","embeddable":true,"href":"https:\/\/www.znakowo.pl\/blog\/wp-json\/wp\/v2\/tags?post=2155"}],"curies":[{"name":"wp","href":"https:\/\/api.w.org\/{rel}","templated":true}]}}