{"id":2185,"date":"2020-02-13T12:49:01","date_gmt":"2020-02-13T11:49:01","guid":{"rendered":"https:\/\/www.znakowo.pl\/blog\/?p=2185"},"modified":"2021-08-05T14:04:17","modified_gmt":"2021-08-05T12:04:17","slug":"oznakowanie-drog-lesnych-niedostepnych-dla-ruchu","status":"publish","type":"post","link":"https:\/\/www.znakowo.pl\/blog\/oznakowanie-drog-lesnych-niedostepnych-dla-ruchu\/","title":{"rendered":"Oznakowanie dr\u00f3g le\u015bnych niedost\u0119pnych dla ruchu"},"content":{"rendered":"\n<p>Oznakowanie dr\u00f3g le\u015bnych niedost\u0119pnych dla ruchu \u2013 jakiego oznaczenia mog\u0105 spodziewa\u0107 si\u0119 kierowcy?<\/p>\n\n\n<p><!--more--><\/p>\n\n\n<div id=\"ez-toc-container\" class=\"ez-toc-v2_0_82_2 counter-hierarchy ez-toc-counter ez-toc-grey ez-toc-container-direction\">\n<div class=\"ez-toc-title-container\">\n<p class=\"ez-toc-title\" style=\"cursor:inherit\">Spis tre\u015bci<\/p>\n<span class=\"ez-toc-title-toggle\"><a href=\"#\" class=\"ez-toc-pull-right ez-toc-btn ez-toc-btn-xs ez-toc-btn-default ez-toc-toggle\" aria-label=\"Prze\u0142\u0105cznik Spisu Tre\u015bci\"><span class=\"ez-toc-js-icon-con\"><span class=\"\"><span class=\"eztoc-hide\" style=\"display:none;\">Toggle<\/span><span class=\"ez-toc-icon-toggle-span\"><svg style=\"fill: #999;color:#999\" xmlns=\"http:\/\/www.w3.org\/2000\/svg\" class=\"list-377408\" width=\"20px\" height=\"20px\" viewBox=\"0 0 24 24\" fill=\"none\"><path d=\"M6 6H4v2h2V6zm14 0H8v2h12V6zM4 11h2v2H4v-2zm16 0H8v2h12v-2zM4 16h2v2H4v-2zm16 0H8v2h12v-2z\" fill=\"currentColor\"><\/path><\/svg><svg style=\"fill: #999;color:#999\" class=\"arrow-unsorted-368013\" xmlns=\"http:\/\/www.w3.org\/2000\/svg\" width=\"10px\" height=\"10px\" viewBox=\"0 0 24 24\" version=\"1.2\" baseProfile=\"tiny\"><path d=\"M18.2 9.3l-6.2-6.3-6.2 6.3c-.2.2-.3.4-.3.7s.1.5.3.7c.2.2.4.3.7.3h11c.3 0 .5-.1.7-.3.2-.2.3-.5.3-.7s-.1-.5-.3-.7zM5.8 14.7l6.2 6.3 6.2-6.3c.2-.2.3-.5.3-.7s-.1-.5-.3-.7c-.2-.2-.4-.3-.7-.3h-11c-.3 0-.5.1-.7.3-.2.2-.3.5-.3.7s.1.5.3.7z\"\/><\/svg><\/span><\/span><\/span><\/a><\/span><\/div>\n<nav><ul class='ez-toc-list ez-toc-list-level-1 ' ><li class='ez-toc-page-1 ez-toc-heading-level-2'><a class=\"ez-toc-link ez-toc-heading-1\" href=\"https:\/\/www.znakowo.pl\/blog\/oznakowanie-drog-lesnych-niedostepnych-dla-ruchu\/#Kto_jest_odpowiedzialny_za_oznakowanie_drog_lesnych_niedostepnych_dla_ruchu\" >Kto jest odpowiedzialny za oznakowanie dr\u00f3g le\u015bnych niedost\u0119pnych dla ruchu?<\/a><\/li><li class='ez-toc-page-1 ez-toc-heading-level-2'><a class=\"ez-toc-link ez-toc-heading-2\" href=\"https:\/\/www.znakowo.pl\/blog\/oznakowanie-drog-lesnych-niedostepnych-dla-ruchu\/#Zasady_korzystania_z_drog_lesnych\" >Zasady korzystania z&nbsp;dr\u00f3g le\u015bnych<\/a><ul class='ez-toc-list-level-3' ><li class='ez-toc-heading-level-3'><a class=\"ez-toc-link ez-toc-heading-3\" href=\"https:\/\/www.znakowo.pl\/blog\/oznakowanie-drog-lesnych-niedostepnych-dla-ruchu\/#Oznakowanie_drog_lesnych_niedostepnych_dla_ruchu\" >Oznakowanie dr\u00f3g le\u015bnych niedost\u0119pnych dla ruchu<\/a><\/li><li class='ez-toc-page-1 ez-toc-heading-level-3'><a class=\"ez-toc-link ez-toc-heading-4\" href=\"https:\/\/www.znakowo.pl\/blog\/oznakowanie-drog-lesnych-niedostepnych-dla-ruchu\/#Oznakowanie_drog_lesnych_niedostepnych_dla_ruchu_%E2%80%93_wzor_tablicy\" >Oznakowanie dr\u00f3g le\u015bnych\nniedost\u0119pnych dla ruchu \u2013 wz\u00f3r tablicy<\/a><\/li><li class='ez-toc-page-1 ez-toc-heading-level-3'><a class=\"ez-toc-link ez-toc-heading-5\" href=\"https:\/\/www.znakowo.pl\/blog\/oznakowanie-drog-lesnych-niedostepnych-dla-ruchu\/#Gorna_listwa\" >G\u00f3rna listwa<\/a><\/li><li class='ez-toc-page-1 ez-toc-heading-level-3'><a class=\"ez-toc-link ez-toc-heading-6\" href=\"https:\/\/www.znakowo.pl\/blog\/oznakowanie-drog-lesnych-niedostepnych-dla-ruchu\/#Napis_%E2%80%9EDroga_lesna%E2%80%9D_i_symbol_znaku_B-1\" >Napis \u201eDroga le\u015bna\u201d\ni&nbsp;symbol znaku B-1<\/a><\/li><li class='ez-toc-page-1 ez-toc-heading-level-3'><a class=\"ez-toc-link ez-toc-heading-7\" href=\"https:\/\/www.znakowo.pl\/blog\/oznakowanie-drog-lesnych-niedostepnych-dla-ruchu\/#Tabliczka_%E2%80%9ENie_dotyczy%E2%80%A6%E2%80%9D\" >Tabliczka \u201eNie dotyczy\u2026\u201d<\/a><\/li><li class='ez-toc-page-1 ez-toc-heading-level-3'><a class=\"ez-toc-link ez-toc-heading-8\" href=\"https:\/\/www.znakowo.pl\/blog\/oznakowanie-drog-lesnych-niedostepnych-dla-ruchu\/#Dolna_listwa\" >Dolna listwa<\/a><\/li><\/ul><\/li><\/ul><\/nav><\/div>\n<h2 class=\"wp-block-heading\"><span class=\"ez-toc-section\" id=\"Kto_jest_odpowiedzialny_za_oznakowanie_drog_lesnych_niedostepnych_dla_ruchu\"><\/span>Kto jest odpowiedzialny za oznakowanie dr\u00f3g le\u015bnych niedost\u0119pnych dla ruchu?<span class=\"ez-toc-section-end\"><\/span><\/h2>\n\n\n\n<p>Ruch na drogach le\u015bnych mo\u017ce odbywa\u0107 si\u0119 jedynie w\u00f3wczas, gdy s\u0105 one oznakowane. W&nbsp;art. 8 ust. 1 i&nbsp;2 ustawy o&nbsp;drogach publicznych widnieje zapis, \u017ce oznakowanie dr\u00f3g wewn\u0119trznych oraz zarz\u0105dzanie nimi nale\u017cy do zarz\u0105dcy terenu. Z&nbsp;kolei zgodnie z&nbsp;art. 10 ust. 7 i&nbsp;10a Prawa o&nbsp;ruchu drogowym zarz\u0105dzanie ruchem na drogach wewn\u0119trznych oraz ich oznakowanie le\u017cy w&nbsp;gestii podmiotu zarz\u0105dzaj\u0105cego tymi drogami. Lasami, gruntami oraz innymi nieruchomo\u015bciami Skarbu Pa\u0144stwa, kt\u00f3re pozostaj\u0105 w&nbsp;zarz\u0105dzie Las\u00f3w Pa\u0144stwowych, zarz\u0105dza nadle\u015bniczy.<\/p>\n\n\n\n<div class=\"product-small-box-content display-flex\">\n          <a href=\"https:\/\/www.znakowo.pl\/produkt\/scinka-i-zrywka-drzew-nadlesnictwo-lasy-panstwowe-tablica-znak,sft-l004,9692.html\" class=\"product-small\">\n          <div class=\"product-small-box\">\n              <div class=\"product-small-img\">\n                                    <img decoding=\"async\" src=\"https:\/\/tdc.znakowo.pl\/thumbs\/scinka-i-zrywka-drzew-nadlesnictwo-lasy-panstwowe-tablica-znak-20626-9692-160-160-0.jpg\" alt=\"\u015acinka i zrywka drzew, nadle\u015bnictwo, lasy pa\u0144stwowe - tablica znak - Oznakowanie dr\u00f3g le\u015bnych niedost\u0119pnych dla ruchu\" title=\"\u015acinka i zrywka drzew, nadle\u015bnictwo, lasy pa\u0144stwowe - tablica znak - Oznakowanie dr\u00f3g le\u015bnych niedost\u0119pnych dla ruchu\" \/>\n              <\/div>\n              <div class=\"product-small-title\">\n                  \u015acinka i zrywka drzew, nadle\u015bnictwo, lasy pa\u0144stwowe - tablica znak              <\/div>\n          <\/div>\n      <\/a>    \n            <a href=\"https:\/\/www.znakowo.pl\/produkt\/nadlesnictwo-tablica-znak-do-oznaczania-terenu-jednostki-lasy-panstwowe,sft-l003,9691.html\" class=\"product-small\">\n          <div class=\"product-small-box\">\n              <div class=\"product-small-img\">\n                                    <img decoding=\"async\" src=\"https:\/\/tdc.znakowo.pl\/thumbs\/nadlesnictwo-tablica-znak-do-oznaczania-terenu-jednostki-lasy-panstwowe-20624-9691-160-160-0.jpg\" alt=\"Nadle\u015bnictwo - tablica znak do oznaczania terenu jednostki, lasy pa\u0144stwowe - Oznakowanie dr\u00f3g le\u015bnych niedost\u0119pnych dla ruchu\" title=\"Nadle\u015bnictwo - tablica znak do oznaczania terenu jednostki, lasy pa\u0144stwowe - Oznakowanie dr\u00f3g le\u015bnych niedost\u0119pnych dla ruchu\" \/>\n              <\/div>\n              <div class=\"product-small-title\">\n                  Nadle\u015bnictwo - tablica znak do oznaczania terenu jednostki, lasy pa\u0144stwowe              <\/div>\n          <\/div>\n      <\/a>    \n            <a href=\"https:\/\/www.znakowo.pl\/produkt\/zakaz-wstepu-znak-lasy-ob031,ob031,1530.html\" class=\"product-small\">\n          <div class=\"product-small-box\">\n              <div class=\"product-small-img\">\n                                    <img decoding=\"async\" src=\"https:\/\/tdc.znakowo.pl\/thumbs\/zakaz-wstepu-znak-lasy-ob031-6014-1530-160-160-0.jpg\" alt=\"Zakaz wst\u0119pu - znak, lasy - OB031 - Oznakowanie dr\u00f3g le\u015bnych niedost\u0119pnych dla ruchu\" title=\"Zakaz wst\u0119pu - znak, lasy - OB031 - Oznakowanie dr\u00f3g le\u015bnych niedost\u0119pnych dla ruchu\" \/>\n              <\/div>\n              <div class=\"product-small-title\">\n                  Zakaz wst\u0119pu - znak, lasy - OB031              <\/div>\n          <\/div>\n      <\/a>    \n        \n    <div class=\"clearfix\"><\/div>    \n<\/div>\n\n\n\n\n<h2 class=\"wp-block-heading\"><span class=\"ez-toc-section\" id=\"Zasady_korzystania_z_drog_lesnych\"><\/span>Zasady korzystania z&nbsp;dr\u00f3g le\u015bnych<span class=\"ez-toc-section-end\"><\/span><\/h2>\n\n\n\n<p>Po drogach\nle\u015bnych mog\u0105 porusza\u0107 si\u0119 pojazdy z&nbsp;osobami do tego uprawnionymi,\na&nbsp;zasady korzystania z&nbsp;tych dr\u00f3g okre\u015bla regulamin, wprowadzany przez\nnadle\u015bniczego odr\u0119bnym zarz\u0105dzeniem. <\/p>\n\n\n\n<p>Ruch pojazdem\nsilnikowym, zaprz\u0119gowym czy motorowerem w&nbsp;lesie jest dozwolony jedynie\ndrogami publicznymi. W&nbsp;przypadku dr\u00f3g le\u015bnych dozwolony jest jedynie\nw\u00f3wczas, gdy s\u0105 one oznakowane drogowskazami dopuszczaj\u0105cymi ruch. <\/p>\n\n\n\n<div class=\"product-small-box-content display-flex\">\n          <a href=\"https:\/\/www.znakowo.pl\/produkt\/droga-lesna-udostepniona-do-ruchu-publicznego-tl-2-nadlesnictwo-tablica-znak,sft-l002,9690.html\" class=\"product-small\">\n          <div class=\"product-small-box\">\n              <div class=\"product-small-img\">\n                                    <img decoding=\"async\" src=\"https:\/\/tdc.znakowo.pl\/thumbs\/droga-lesna-udostepniona-do-ruchu-publicznego-tl-2-nadlesnictwo-tablica-znak-20621-9690-160-160-0.jpg\" alt=\"Droga le\u015bna udost\u0119pniona do ruchu publicznego TL-2 - nadle\u015bnictwo - tablica znak - Oznakowanie dr\u00f3g le\u015bnych niedost\u0119pnych dla ruchu\" title=\"Droga le\u015bna udost\u0119pniona do ruchu publicznego TL-2 - nadle\u015bnictwo - tablica znak - Oznakowanie dr\u00f3g le\u015bnych niedost\u0119pnych dla ruchu\" \/>\n              <\/div>\n              <div class=\"product-small-title\">\n                  Droga le\u015bna udost\u0119pniona do ruchu publicznego TL-2 - nadle\u015bnictwo - tablica znak              <\/div>\n          <\/div>\n      <\/a>    \n            <a href=\"https:\/\/www.znakowo.pl\/produkt\/nadlesnictwo-numer-inwentarzowy-tablica-znak-lasy-panstwowe,sft-l005,9693.html\" class=\"product-small\">\n          <div class=\"product-small-box\">\n              <div class=\"product-small-img\">\n                                    <img decoding=\"async\" src=\"https:\/\/tdc.znakowo.pl\/thumbs\/nadlesnictwo-numer-inwentarzowy-tablica-znak-lasy-panstwowe-20627-9693-160-160-0.jpg\" alt=\"Nadle\u015bnictwo - numer inwentarzowy - tablica znak, lasy pa\u0144stwowe - Oznakowanie dr\u00f3g le\u015bnych niedost\u0119pnych dla ruchu\" title=\"Nadle\u015bnictwo - numer inwentarzowy - tablica znak, lasy pa\u0144stwowe - Oznakowanie dr\u00f3g le\u015bnych niedost\u0119pnych dla ruchu\" \/>\n              <\/div>\n              <div class=\"product-small-title\">\n                  Nadle\u015bnictwo - numer inwentarzowy - tablica znak, lasy pa\u0144stwowe              <\/div>\n          <\/div>\n      <\/a>    \n            <a href=\"https:\/\/www.znakowo.pl\/produkt\/zakaz-wjazdu-do-lasu-znak-lasy-ob016,ob016,1515.html\" class=\"product-small\">\n          <div class=\"product-small-box\">\n              <div class=\"product-small-img\">\n                                    <img decoding=\"async\" src=\"https:\/\/tdc.znakowo.pl\/thumbs\/zakaz-wjazdu-do-lasu-znak-lasy-ob016-5999-1515-160-160-0.jpg\" alt=\"Zakaz wjazdu do lasu - znak, lasy - OB016 - Oznakowanie dr\u00f3g le\u015bnych niedost\u0119pnych dla ruchu\" title=\"Zakaz wjazdu do lasu - znak, lasy - OB016 - Oznakowanie dr\u00f3g le\u015bnych niedost\u0119pnych dla ruchu\" \/>\n              <\/div>\n              <div class=\"product-small-title\">\n                  Zakaz wjazdu do lasu - znak, lasy - OB016              <\/div>\n          <\/div>\n      <\/a>    \n        \n    <div class=\"clearfix\"><\/div>    \n<\/div>\n\n\n\n\n<h3 class=\"wp-block-heading\"><span class=\"ez-toc-section\" id=\"Oznakowanie_drog_lesnych_niedostepnych_dla_ruchu\"><\/span>Oznakowanie dr\u00f3g le\u015bnych niedost\u0119pnych dla ruchu<span class=\"ez-toc-section-end\"><\/span><\/h3>\n\n\n\n<p>Oznakowanie dr\u00f3g\nle\u015bnych niedost\u0119pnych dla ruchu publicznego, powinno by\u0107 ograniczone do miejsc,\nw&nbsp;kt\u00f3rych kieruj\u0105cy pojazdem mo\u017ce mie\u0107 w\u0105tpliwo\u015bci dotycz\u0105ce statusu\ndrogi, z&nbsp;kt\u00f3rej korzysta. <\/p>\n\n\n\n<h3 class=\"wp-block-heading\"><span class=\"ez-toc-section\" id=\"Oznakowanie_drog_lesnych_niedostepnych_dla_ruchu_%E2%80%93_wzor_tablicy\"><\/span>Oznakowanie dr\u00f3g le\u015bnych\nniedost\u0119pnych dla ruchu \u2013 wz\u00f3r tablicy<span class=\"ez-toc-section-end\"><\/span><\/h3>\n\n\n\n<p>Do oznakowania\ndr\u00f3g le\u015bnych niedost\u0119pnych dla ruchu stosuje si\u0119 tablic\u0119 TL-1. Jej wymiary\npowinny wynosi\u0107&nbsp; 600 x 1000 mm. <\/p>\n\n\n\n<div class=\"product-box display-flex\">\r\n          <div class=\"col-xs-12 col-sm-4\">\r\n          <div class=\"col-xs-12\">\r\n              <div class=\"product-panel-img\">\r\n                                    <a href=\"https:\/\/www.znakowo.pl\/produkt\/droga-lesna-znak-tablica-tl-1-b-1-nie-dotyczy-rowerow-osob-uprawnionych-nadlesnictwo,sft-l001,9689.html\" \/><img decoding=\"async\" src=\"https:\/\/tdc.znakowo.pl\/thumbs\/droga-lesna-znak-tablica-tl-1-b-1-nie-dotyczy-rowerow-osob-uprawnionych-nadlesnictwo-20620-9689-630-300-0.jpg\" alt=\"Droga le\u015bna znak tablica TL-1 B-1, nie dotyczy rower\u00f3w, os\u00f3b uprawnionych, nadle\u015bnictwo - Oznakowanie dr\u00f3g le\u015bnych niedost\u0119pnych dla ruchu\" title=\"Droga le\u015bna znak tablica TL-1 B-1, nie dotyczy rower\u00f3w, os\u00f3b uprawnionych, nadle\u015bnictwo - Oznakowanie dr\u00f3g le\u015bnych niedost\u0119pnych dla ruchu\" \/><\/a>\r\n              <\/div>  \r\n          <\/div>    \r\n          <div class=\"col-xs-12\">\r\n              <div class=\"product-panel-content\">\r\n                  <div class=\"product-panel-title\">\r\n                      <a href=\"https:\/\/www.znakowo.pl\/produkt\/droga-lesna-znak-tablica-tl-1-b-1-nie-dotyczy-rowerow-osob-uprawnionych-nadlesnictwo,sft-l001,9689.html\">Droga le\u015bna znak tablica TL-1 B-1, nie dotyczy rower\u00f3w, os\u00f3b uprawnionych, nadle\u015bnictwo<\/a>\r\n                  <\/div>    \r\n                  <div class=\"product-panel-content\">\r\n                                        <\/div>\r\n                  <div class=\"product-buttons\">\r\n                                              <a class=\"product-price\">od <span>246,00<\/span> z\u0142<\/a>\r\n                        \r\n                      <a href=\"https:\/\/www.znakowo.pl\/produkt\/droga-lesna-znak-tablica-tl-1-b-1-nie-dotyczy-rowerow-osob-uprawnionych-nadlesnictwo,sft-l001,9689.html\" class=\"product-link\">Kup<\/a>\r\n                      <div class=\"clearfix\"><\/div>  \r\n                  <\/div>\r\n              <\/div>\r\n          <\/div> \r\n          <div class=\"clearfix\"><\/div>  \r\n      <\/div>\r\n          <div class=\"clearfix\"><\/div>  \r\n<\/div>    \n\n\n\n<h3 class=\"wp-block-heading\"><span class=\"ez-toc-section\" id=\"Gorna_listwa\"><\/span>G\u00f3rna listwa<span class=\"ez-toc-section-end\"><\/span><\/h3>\n\n\n\n<p>G\u00f3rna listwa\ntablicy ma wysoko\u015b\u0107 140 mm i&nbsp;pokryta jest firmow\u0105 zieleni\u0105. Znak firmowy\nzarz\u0105dcy drogi le\u015bnej umieszczony powinien by\u0107 w&nbsp;odleg\u0142o\u015bci 20 mm od lewej\nkraw\u0119dzi listwy oraz w&nbsp;r\u00f3wnych odleg\u0142o\u015bciach od jej g\u00f3rnej i&nbsp;dolnej\nkraw\u0119dzi. Z&nbsp;kolei odleg\u0142o\u015b\u0107 od prawej kraw\u0119dzi jest zmienna. <\/p>\n\n\n\n<p>Szeroko\u015b\u0107 znaku\nfirmowego zale\u017cy od d\u0142ugo\u015bci nazwy, a&nbsp;wysoko\u015b\u0107 jest wypadkow\u0105 szeroko\u015bci. Jednak,\nprzy zachowaniu proporcji, nie nale\u017cy przekracza\u0107 \u015brednicy 100 mm znaku\ngraficznego. <\/p>\n\n\n\n<h3 class=\"wp-block-heading\"><span class=\"ez-toc-section\" id=\"Napis_%E2%80%9EDroga_lesna%E2%80%9D_i_symbol_znaku_B-1\"><\/span>Napis \u201eDroga le\u015bna\u201d\ni&nbsp;symbol znaku B-1<span class=\"ez-toc-section-end\"><\/span><\/h3>\n\n\n\n<p>Napis \u201eDroga\nle\u015bna\u201d ma kolor czarny i&nbsp;umieszczony jest w&nbsp;osi pionowej tablicy.\nWysoko\u015b\u0107 litery \u201eD\u201d powinna wynosi\u0107 60 mm.<\/p>\n\n\n\n<p>Poni\u017cej napisu \u201eDroga le\u015bna\u201d znajduje si\u0119 symbol znaku B-1, o\u00a0\u015brednicy 300 mm. Symbol tego <a href=\"https:\/\/www.znakowo.pl\/znaki-drogowe-zakazu-b\/\">znaku zakazu<\/a> r\u00f3wnie\u017c umieszczony jest w\u00a0osi pionowej tablicy.<\/p>\n\n\n\n<h3 class=\"wp-block-heading\"><span class=\"ez-toc-section\" id=\"Tabliczka_%E2%80%9ENie_dotyczy%E2%80%A6%E2%80%9D\"><\/span>Tabliczka \u201eNie dotyczy\u2026\u201d<span class=\"ez-toc-section-end\"><\/span><\/h3>\n\n\n\n<p>Nast\u0119pny element\ntablicy TL-1 to odwzorowanie <a href=\"https:\/\/www.znakowo.pl\/blog\/tabliczki-znakow-drogowych-znaki-drogowe-cz-v\/\">tabliczki\ndo znaku<\/a> z&nbsp;napisem \u201eNie dotyczy\u2026\u201d, o&nbsp;maksymalnej wysoko\u015bci\n200 mm. Napis powinien by\u0107 naniesiony kolorem czarnym, krojem Arial,\na&nbsp;wysoko\u015b\u0107 wielkiej litery \u201eN\u201d powinna wynosi\u0107 25 mm. Dopuszcza si\u0119\ndostosowanie wysoko\u015bci tabliczki do ilo\u015bci tekstu.<\/p>\n\n\n\n<p>Poni\u017cej elementu\nodwzorowuj\u0105cego tabliczk\u0119 znajduje si\u0119 napis \u201ePodstawa prawna\u2026\u201d \u2013 napis\numieszcza si\u0119 w&nbsp;osi pionowej tablicy, a&nbsp;wysoko\u015b\u0107 litery \u201eP\u201d powinna\nwynosi\u0107 12 mm. Napis naniesiony jest kolorem czarnym, krojem Arial.<\/p>\n\n\n\n<h3 class=\"wp-block-heading\"><span class=\"ez-toc-section\" id=\"Dolna_listwa\"><\/span>Dolna listwa<span class=\"ez-toc-section-end\"><\/span><\/h3>\n\n\n\n<p>Wysoko\u015b\u0107 dolnej\nlistwy powinna wynosi\u0107 120 mm. Jej kolor to ziele\u0144 firmowa. Na listwie dolnej\numieszczone s\u0105 informacje o&nbsp;miejscu zamieszczenia regulaminu korzystania\nz&nbsp;dr\u00f3g le\u015bnych oraz numer telefonu jednostki organizacyjnej Las\u00f3w\nPa\u0144stwowych, kt\u00f3ra zarz\u0105dza t\u0105 drog\u0105. Wysoko\u015b\u0107 litery \u201eR\u201d powinna wynosi\u0107 15\nmm.<\/p>\n\n\n\n<p>Na dolnej\nlistwie znajduje si\u0119 r\u00f3wnie\u017c kod QR (wielko\u015b\u0107 45 x 45 mm), zawieraj\u0105cy dok\u0142adny\nodno\u015bnik do odpowiedniego regulaminu.<\/p>\n\n\n\n<p>Tablica TL-1 nie\nstanowi znaku w&nbsp;rozumieniu rozporz\u0105dzenia Ministra Infrastruktury oraz\nSpraw Wewn\u0119trznych i&nbsp;Administracji z&nbsp;dnia 31 lipca 2002\nw&nbsp;sprawie znak\u00f3w i&nbsp;sygna\u0142\u00f3w drogowych. <\/p>\n","protected":false},"excerpt":{"rendered":"<p>Oznakowanie dr\u00f3g le\u015bnych niedost\u0119pnych dla ruchu \u2013 jakiego oznaczenia mog\u0105 spodziewa\u0107 si\u0119 kierowcy?<\/p>\n","protected":false},"author":3,"featured_media":2202,"comment_status":"closed","ping_status":"closed","sticky":false,"template":"","format":"standard","meta":{"_acf_changed":false,"footnotes":""},"categories":[1],"tags":[],"class_list":["post-2185","post","type-post","status-publish","format-standard","has-post-thumbnail","hentry","category-przepisy-ustawy"],"acf":[],"yoast_head":"<!-- This site is optimized with the Yoast SEO plugin v27.4 - https:\/\/yoast.com\/product\/yoast-seo-wordpress\/ -->\n<title>Oznakowanie dr\u00f3g le\u015bnych niedost\u0119pnych dla ruchu - Blog znakowo.pl<\/title>\n<meta name=\"description\" content=\"Kto jest odpowiedzialny za oznakowanie dr\u00f3g le\u015bnych niedost\u0119pnych dla ruchu? Jakie znaku ustawia si\u0119 na drogach le\u015bnych z zakazem ruchu?\" \/>\n<meta name=\"robots\" content=\"index, follow, max-snippet:-1, max-image-preview:large, max-video-preview:-1\" \/>\n<link rel=\"canonical\" href=\"https:\/\/www.znakowo.pl\/blog\/oznakowanie-drog-lesnych-niedostepnych-dla-ruchu\/\" \/>\n<meta property=\"og:locale\" content=\"pl_PL\" \/>\n<meta property=\"og:type\" content=\"article\" \/>\n<meta property=\"og:title\" content=\"Oznakowanie dr\u00f3g le\u015bnych niedost\u0119pnych dla ruchu - Blog znakowo.pl\" \/>\n<meta property=\"og:description\" content=\"Kto jest odpowiedzialny za oznakowanie dr\u00f3g le\u015bnych niedost\u0119pnych dla ruchu? Jakie znaku ustawia si\u0119 na drogach le\u015bnych z zakazem ruchu?\" \/>\n<meta property=\"og:url\" content=\"https:\/\/www.znakowo.pl\/blog\/oznakowanie-drog-lesnych-niedostepnych-dla-ruchu\/\" \/>\n<meta property=\"og:site_name\" content=\"Blog znakowo.pl\" \/>\n<meta property=\"article:publisher\" content=\"https:\/\/www.facebook.com\/Znakowo\/\" \/>\n<meta property=\"article:published_time\" content=\"2020-02-13T11:49:01+00:00\" \/>\n<meta property=\"article:modified_time\" content=\"2021-08-05T12:04:17+00:00\" \/>\n<meta property=\"og:image\" content=\"https:\/\/www.znakowo.pl\/blog\/wp-content\/uploads\/2020\/02\/GC2xTspQ.jpeg\" \/>\n\t<meta property=\"og:image:width\" content=\"2048\" \/>\n\t<meta property=\"og:image:height\" content=\"1365\" \/>\n\t<meta property=\"og:image:type\" content=\"image\/jpeg\" \/>\n<meta name=\"author\" content=\"Julita Krzemi\u0144ska\" \/>\n<meta name=\"twitter:card\" content=\"summary_large_image\" \/>\n<meta name=\"twitter:label1\" content=\"Napisane przez\" \/>\n\t<meta name=\"twitter:data1\" content=\"Julita Krzemi\u0144ska\" \/>\n\t<meta name=\"twitter:label2\" content=\"Szacowany czas czytania\" \/>\n\t<meta name=\"twitter:data2\" content=\"3 minuty\" \/>\n<script type=\"application\/ld+json\" class=\"yoast-schema-graph\">{\"@context\":\"https:\\\/\\\/schema.org\",\"@graph\":[{\"@type\":\"Article\",\"@id\":\"https:\\\/\\\/www.znakowo.pl\\\/blog\\\/oznakowanie-drog-lesnych-niedostepnych-dla-ruchu\\\/#article\",\"isPartOf\":{\"@id\":\"https:\\\/\\\/www.znakowo.pl\\\/blog\\\/oznakowanie-drog-lesnych-niedostepnych-dla-ruchu\\\/\"},\"author\":{\"name\":\"Julita Krzemi\u0144ska\",\"@id\":\"https:\\\/\\\/www.znakowo.pl\\\/blog\\\/#\\\/schema\\\/person\\\/a29ddb53515b4cfd337f1582146267d9\"},\"headline\":\"Oznakowanie dr\u00f3g le\u015bnych niedost\u0119pnych dla ruchu\",\"datePublished\":\"2020-02-13T11:49:01+00:00\",\"dateModified\":\"2021-08-05T12:04:17+00:00\",\"mainEntityOfPage\":{\"@id\":\"https:\\\/\\\/www.znakowo.pl\\\/blog\\\/oznakowanie-drog-lesnych-niedostepnych-dla-ruchu\\\/\"},\"wordCount\":652,\"publisher\":{\"@id\":\"https:\\\/\\\/www.znakowo.pl\\\/blog\\\/#organization\"},\"image\":{\"@id\":\"https:\\\/\\\/www.znakowo.pl\\\/blog\\\/oznakowanie-drog-lesnych-niedostepnych-dla-ruchu\\\/#primaryimage\"},\"thumbnailUrl\":\"https:\\\/\\\/www.znakowo.pl\\\/blog\\\/wp-content\\\/uploads\\\/2020\\\/02\\\/GC2xTspQ.jpeg\",\"articleSection\":[\"Przepisy, ustawy\"],\"inLanguage\":\"pl-PL\"},{\"@type\":\"WebPage\",\"@id\":\"https:\\\/\\\/www.znakowo.pl\\\/blog\\\/oznakowanie-drog-lesnych-niedostepnych-dla-ruchu\\\/\",\"url\":\"https:\\\/\\\/www.znakowo.pl\\\/blog\\\/oznakowanie-drog-lesnych-niedostepnych-dla-ruchu\\\/\",\"name\":\"Oznakowanie dr\u00f3g le\u015bnych niedost\u0119pnych dla ruchu - Blog znakowo.pl\",\"isPartOf\":{\"@id\":\"https:\\\/\\\/www.znakowo.pl\\\/blog\\\/#website\"},\"primaryImageOfPage\":{\"@id\":\"https:\\\/\\\/www.znakowo.pl\\\/blog\\\/oznakowanie-drog-lesnych-niedostepnych-dla-ruchu\\\/#primaryimage\"},\"image\":{\"@id\":\"https:\\\/\\\/www.znakowo.pl\\\/blog\\\/oznakowanie-drog-lesnych-niedostepnych-dla-ruchu\\\/#primaryimage\"},\"thumbnailUrl\":\"https:\\\/\\\/www.znakowo.pl\\\/blog\\\/wp-content\\\/uploads\\\/2020\\\/02\\\/GC2xTspQ.jpeg\",\"datePublished\":\"2020-02-13T11:49:01+00:00\",\"dateModified\":\"2021-08-05T12:04:17+00:00\",\"description\":\"Kto jest odpowiedzialny za oznakowanie dr\u00f3g le\u015bnych niedost\u0119pnych dla ruchu? Jakie znaku ustawia si\u0119 na drogach le\u015bnych z zakazem ruchu?\",\"breadcrumb\":{\"@id\":\"https:\\\/\\\/www.znakowo.pl\\\/blog\\\/oznakowanie-drog-lesnych-niedostepnych-dla-ruchu\\\/#breadcrumb\"},\"inLanguage\":\"pl-PL\",\"potentialAction\":[{\"@type\":\"ReadAction\",\"target\":[\"https:\\\/\\\/www.znakowo.pl\\\/blog\\\/oznakowanie-drog-lesnych-niedostepnych-dla-ruchu\\\/\"]}]},{\"@type\":\"ImageObject\",\"inLanguage\":\"pl-PL\",\"@id\":\"https:\\\/\\\/www.znakowo.pl\\\/blog\\\/oznakowanie-drog-lesnych-niedostepnych-dla-ruchu\\\/#primaryimage\",\"url\":\"https:\\\/\\\/www.znakowo.pl\\\/blog\\\/wp-content\\\/uploads\\\/2020\\\/02\\\/GC2xTspQ.jpeg\",\"contentUrl\":\"https:\\\/\\\/www.znakowo.pl\\\/blog\\\/wp-content\\\/uploads\\\/2020\\\/02\\\/GC2xTspQ.jpeg\",\"width\":2048,\"height\":1365,\"caption\":\"oznakowanie drog lesnych niedostepnych dla ruchu\"},{\"@type\":\"BreadcrumbList\",\"@id\":\"https:\\\/\\\/www.znakowo.pl\\\/blog\\\/oznakowanie-drog-lesnych-niedostepnych-dla-ruchu\\\/#breadcrumb\",\"itemListElement\":[{\"@type\":\"ListItem\",\"position\":1,\"name\":\"Strona g\u0142\u00f3wna\",\"item\":\"https:\\\/\\\/www.znakowo.pl\\\/blog\\\/\"},{\"@type\":\"ListItem\",\"position\":2,\"name\":\"Oznakowanie dr\u00f3g le\u015bnych niedost\u0119pnych dla ruchu\"}]},{\"@type\":\"WebSite\",\"@id\":\"https:\\\/\\\/www.znakowo.pl\\\/blog\\\/#website\",\"url\":\"https:\\\/\\\/www.znakowo.pl\\\/blog\\\/\",\"name\":\"Blog znakowo.pl\",\"description\":\"\",\"publisher\":{\"@id\":\"https:\\\/\\\/www.znakowo.pl\\\/blog\\\/#organization\"},\"potentialAction\":[{\"@type\":\"SearchAction\",\"target\":{\"@type\":\"EntryPoint\",\"urlTemplate\":\"https:\\\/\\\/www.znakowo.pl\\\/blog\\\/?s={search_term_string}\"},\"query-input\":{\"@type\":\"PropertyValueSpecification\",\"valueRequired\":true,\"valueName\":\"search_term_string\"}}],\"inLanguage\":\"pl-PL\"},{\"@type\":\"Organization\",\"@id\":\"https:\\\/\\\/www.znakowo.pl\\\/blog\\\/#organization\",\"name\":\"Znakowo.pl\",\"url\":\"https:\\\/\\\/www.znakowo.pl\\\/blog\\\/\",\"logo\":{\"@type\":\"ImageObject\",\"inLanguage\":\"pl-PL\",\"@id\":\"https:\\\/\\\/www.znakowo.pl\\\/blog\\\/#\\\/schema\\\/logo\\\/image\\\/\",\"url\":\"https:\\\/\\\/www.znakowo.pl\\\/blog\\\/wp-content\\\/uploads\\\/2017\\\/05\\\/logo_1.png\",\"contentUrl\":\"https:\\\/\\\/www.znakowo.pl\\\/blog\\\/wp-content\\\/uploads\\\/2017\\\/05\\\/logo_1.png\",\"width\":277,\"height\":94,\"caption\":\"Znakowo.pl\"},\"image\":{\"@id\":\"https:\\\/\\\/www.znakowo.pl\\\/blog\\\/#\\\/schema\\\/logo\\\/image\\\/\"},\"sameAs\":[\"https:\\\/\\\/www.facebook.com\\\/Znakowo\\\/\"]},{\"@type\":\"Person\",\"@id\":\"https:\\\/\\\/www.znakowo.pl\\\/blog\\\/#\\\/schema\\\/person\\\/a29ddb53515b4cfd337f1582146267d9\",\"name\":\"Julita Krzemi\u0144ska\",\"image\":{\"@type\":\"ImageObject\",\"inLanguage\":\"pl-PL\",\"@id\":\"https:\\\/\\\/secure.gravatar.com\\\/avatar\\\/e6adac54b1d18b21f8567cc6208ef43409e661f1070cf8be2e6912306b99d439?s=96&d=mm&r=g\",\"url\":\"https:\\\/\\\/secure.gravatar.com\\\/avatar\\\/e6adac54b1d18b21f8567cc6208ef43409e661f1070cf8be2e6912306b99d439?s=96&d=mm&r=g\",\"contentUrl\":\"https:\\\/\\\/secure.gravatar.com\\\/avatar\\\/e6adac54b1d18b21f8567cc6208ef43409e661f1070cf8be2e6912306b99d439?s=96&d=mm&r=g\",\"caption\":\"Julita Krzemi\u0144ska\"},\"url\":\"https:\\\/\\\/www.znakowo.pl\\\/blog\\\/author\\\/jkrzeminska\\\/\"}]}<\/script>\n<!-- \/ Yoast SEO plugin. -->","yoast_head_json":{"title":"Oznakowanie dr\u00f3g le\u015bnych niedost\u0119pnych dla ruchu - Blog znakowo.pl","description":"Kto jest odpowiedzialny za oznakowanie dr\u00f3g le\u015bnych niedost\u0119pnych dla ruchu? Jakie znaku ustawia si\u0119 na drogach le\u015bnych z zakazem ruchu?","robots":{"index":"index","follow":"follow","max-snippet":"max-snippet:-1","max-image-preview":"max-image-preview:large","max-video-preview":"max-video-preview:-1"},"canonical":"https:\/\/www.znakowo.pl\/blog\/oznakowanie-drog-lesnych-niedostepnych-dla-ruchu\/","og_locale":"pl_PL","og_type":"article","og_title":"Oznakowanie dr\u00f3g le\u015bnych niedost\u0119pnych dla ruchu - Blog znakowo.pl","og_description":"Kto jest odpowiedzialny za oznakowanie dr\u00f3g le\u015bnych niedost\u0119pnych dla ruchu? Jakie znaku ustawia si\u0119 na drogach le\u015bnych z zakazem ruchu?","og_url":"https:\/\/www.znakowo.pl\/blog\/oznakowanie-drog-lesnych-niedostepnych-dla-ruchu\/","og_site_name":"Blog znakowo.pl","article_publisher":"https:\/\/www.facebook.com\/Znakowo\/","article_published_time":"2020-02-13T11:49:01+00:00","article_modified_time":"2021-08-05T12:04:17+00:00","og_image":[{"width":2048,"height":1365,"url":"https:\/\/www.znakowo.pl\/blog\/wp-content\/uploads\/2020\/02\/GC2xTspQ.jpeg","type":"image\/jpeg"}],"author":"Julita Krzemi\u0144ska","twitter_card":"summary_large_image","twitter_misc":{"Napisane przez":"Julita Krzemi\u0144ska","Szacowany czas czytania":"3 minuty"},"schema":{"@context":"https:\/\/schema.org","@graph":[{"@type":"Article","@id":"https:\/\/www.znakowo.pl\/blog\/oznakowanie-drog-lesnych-niedostepnych-dla-ruchu\/#article","isPartOf":{"@id":"https:\/\/www.znakowo.pl\/blog\/oznakowanie-drog-lesnych-niedostepnych-dla-ruchu\/"},"author":{"name":"Julita Krzemi\u0144ska","@id":"https:\/\/www.znakowo.pl\/blog\/#\/schema\/person\/a29ddb53515b4cfd337f1582146267d9"},"headline":"Oznakowanie dr\u00f3g le\u015bnych niedost\u0119pnych dla ruchu","datePublished":"2020-02-13T11:49:01+00:00","dateModified":"2021-08-05T12:04:17+00:00","mainEntityOfPage":{"@id":"https:\/\/www.znakowo.pl\/blog\/oznakowanie-drog-lesnych-niedostepnych-dla-ruchu\/"},"wordCount":652,"publisher":{"@id":"https:\/\/www.znakowo.pl\/blog\/#organization"},"image":{"@id":"https:\/\/www.znakowo.pl\/blog\/oznakowanie-drog-lesnych-niedostepnych-dla-ruchu\/#primaryimage"},"thumbnailUrl":"https:\/\/www.znakowo.pl\/blog\/wp-content\/uploads\/2020\/02\/GC2xTspQ.jpeg","articleSection":["Przepisy, ustawy"],"inLanguage":"pl-PL"},{"@type":"WebPage","@id":"https:\/\/www.znakowo.pl\/blog\/oznakowanie-drog-lesnych-niedostepnych-dla-ruchu\/","url":"https:\/\/www.znakowo.pl\/blog\/oznakowanie-drog-lesnych-niedostepnych-dla-ruchu\/","name":"Oznakowanie dr\u00f3g le\u015bnych niedost\u0119pnych dla ruchu - Blog znakowo.pl","isPartOf":{"@id":"https:\/\/www.znakowo.pl\/blog\/#website"},"primaryImageOfPage":{"@id":"https:\/\/www.znakowo.pl\/blog\/oznakowanie-drog-lesnych-niedostepnych-dla-ruchu\/#primaryimage"},"image":{"@id":"https:\/\/www.znakowo.pl\/blog\/oznakowanie-drog-lesnych-niedostepnych-dla-ruchu\/#primaryimage"},"thumbnailUrl":"https:\/\/www.znakowo.pl\/blog\/wp-content\/uploads\/2020\/02\/GC2xTspQ.jpeg","datePublished":"2020-02-13T11:49:01+00:00","dateModified":"2021-08-05T12:04:17+00:00","description":"Kto jest odpowiedzialny za oznakowanie dr\u00f3g le\u015bnych niedost\u0119pnych dla ruchu? Jakie znaku ustawia si\u0119 na drogach le\u015bnych z zakazem ruchu?","breadcrumb":{"@id":"https:\/\/www.znakowo.pl\/blog\/oznakowanie-drog-lesnych-niedostepnych-dla-ruchu\/#breadcrumb"},"inLanguage":"pl-PL","potentialAction":[{"@type":"ReadAction","target":["https:\/\/www.znakowo.pl\/blog\/oznakowanie-drog-lesnych-niedostepnych-dla-ruchu\/"]}]},{"@type":"ImageObject","inLanguage":"pl-PL","@id":"https:\/\/www.znakowo.pl\/blog\/oznakowanie-drog-lesnych-niedostepnych-dla-ruchu\/#primaryimage","url":"https:\/\/www.znakowo.pl\/blog\/wp-content\/uploads\/2020\/02\/GC2xTspQ.jpeg","contentUrl":"https:\/\/www.znakowo.pl\/blog\/wp-content\/uploads\/2020\/02\/GC2xTspQ.jpeg","width":2048,"height":1365,"caption":"oznakowanie drog lesnych niedostepnych dla ruchu"},{"@type":"BreadcrumbList","@id":"https:\/\/www.znakowo.pl\/blog\/oznakowanie-drog-lesnych-niedostepnych-dla-ruchu\/#breadcrumb","itemListElement":[{"@type":"ListItem","position":1,"name":"Strona g\u0142\u00f3wna","item":"https:\/\/www.znakowo.pl\/blog\/"},{"@type":"ListItem","position":2,"name":"Oznakowanie dr\u00f3g le\u015bnych niedost\u0119pnych dla ruchu"}]},{"@type":"WebSite","@id":"https:\/\/www.znakowo.pl\/blog\/#website","url":"https:\/\/www.znakowo.pl\/blog\/","name":"Blog znakowo.pl","description":"","publisher":{"@id":"https:\/\/www.znakowo.pl\/blog\/#organization"},"potentialAction":[{"@type":"SearchAction","target":{"@type":"EntryPoint","urlTemplate":"https:\/\/www.znakowo.pl\/blog\/?s={search_term_string}"},"query-input":{"@type":"PropertyValueSpecification","valueRequired":true,"valueName":"search_term_string"}}],"inLanguage":"pl-PL"},{"@type":"Organization","@id":"https:\/\/www.znakowo.pl\/blog\/#organization","name":"Znakowo.pl","url":"https:\/\/www.znakowo.pl\/blog\/","logo":{"@type":"ImageObject","inLanguage":"pl-PL","@id":"https:\/\/www.znakowo.pl\/blog\/#\/schema\/logo\/image\/","url":"https:\/\/www.znakowo.pl\/blog\/wp-content\/uploads\/2017\/05\/logo_1.png","contentUrl":"https:\/\/www.znakowo.pl\/blog\/wp-content\/uploads\/2017\/05\/logo_1.png","width":277,"height":94,"caption":"Znakowo.pl"},"image":{"@id":"https:\/\/www.znakowo.pl\/blog\/#\/schema\/logo\/image\/"},"sameAs":["https:\/\/www.facebook.com\/Znakowo\/"]},{"@type":"Person","@id":"https:\/\/www.znakowo.pl\/blog\/#\/schema\/person\/a29ddb53515b4cfd337f1582146267d9","name":"Julita Krzemi\u0144ska","image":{"@type":"ImageObject","inLanguage":"pl-PL","@id":"https:\/\/secure.gravatar.com\/avatar\/e6adac54b1d18b21f8567cc6208ef43409e661f1070cf8be2e6912306b99d439?s=96&d=mm&r=g","url":"https:\/\/secure.gravatar.com\/avatar\/e6adac54b1d18b21f8567cc6208ef43409e661f1070cf8be2e6912306b99d439?s=96&d=mm&r=g","contentUrl":"https:\/\/secure.gravatar.com\/avatar\/e6adac54b1d18b21f8567cc6208ef43409e661f1070cf8be2e6912306b99d439?s=96&d=mm&r=g","caption":"Julita Krzemi\u0144ska"},"url":"https:\/\/www.znakowo.pl\/blog\/author\/jkrzeminska\/"}]}},"_links":{"self":[{"href":"https:\/\/www.znakowo.pl\/blog\/wp-json\/wp\/v2\/posts\/2185","targetHints":{"allow":["GET"]}}],"collection":[{"href":"https:\/\/www.znakowo.pl\/blog\/wp-json\/wp\/v2\/posts"}],"about":[{"href":"https:\/\/www.znakowo.pl\/blog\/wp-json\/wp\/v2\/types\/post"}],"author":[{"embeddable":true,"href":"https:\/\/www.znakowo.pl\/blog\/wp-json\/wp\/v2\/users\/3"}],"replies":[{"embeddable":true,"href":"https:\/\/www.znakowo.pl\/blog\/wp-json\/wp\/v2\/comments?post=2185"}],"version-history":[{"count":4,"href":"https:\/\/www.znakowo.pl\/blog\/wp-json\/wp\/v2\/posts\/2185\/revisions"}],"predecessor-version":[{"id":3761,"href":"https:\/\/www.znakowo.pl\/blog\/wp-json\/wp\/v2\/posts\/2185\/revisions\/3761"}],"wp:featuredmedia":[{"embeddable":true,"href":"https:\/\/www.znakowo.pl\/blog\/wp-json\/wp\/v2\/media\/2202"}],"wp:attachment":[{"href":"https:\/\/www.znakowo.pl\/blog\/wp-json\/wp\/v2\/media?parent=2185"}],"wp:term":[{"taxonomy":"category","embeddable":true,"href":"https:\/\/www.znakowo.pl\/blog\/wp-json\/wp\/v2\/categories?post=2185"},{"taxonomy":"post_tag","embeddable":true,"href":"https:\/\/www.znakowo.pl\/blog\/wp-json\/wp\/v2\/tags?post=2185"}],"curies":[{"name":"wp","href":"https:\/\/api.w.org\/{rel}","templated":true}]}}