{"id":4483,"date":"2022-05-04T16:08:00","date_gmt":"2022-05-04T14:08:00","guid":{"rendered":"https:\/\/www.znakowo.pl\/blog\/?p=4483"},"modified":"2024-03-28T13:43:47","modified_gmt":"2024-03-28T12:43:47","slug":"pole-odkladcze-wymiary-oznakowanie","status":"publish","type":"post","link":"https:\/\/www.znakowo.pl\/blog\/pole-odkladcze-wymiary-oznakowanie\/","title":{"rendered":"Pole odk\u0142adcze a wymiary, oznakowanie miejsc i zastosowania"},"content":{"rendered":"\n<p>Przestrze\u0144 magazynu powinna by\u0107 dobrze przemy\u015blana i zaplanowana. Chodzi nie tylko o system rega\u0142\u00f3w, gdzie przechowywane s\u0105 \u0142adunki, ale r\u00f3wnie\u017c o <strong>odpowiednio przygotowane ci\u0105gi komunikacyjne i miejsca prze\u0142adunku \u2013 tzw. pola odk\u0142adcze<\/strong>. Jak powinny by\u0107 oznakowane i ile powinna wynosi\u0107 ich powierzchnia? Przyjrzymy si\u0119 r\u00f3wnie\u017c, o co jeszcze warto zadba\u0107 w magazynie lub na hali produkcyjnej.<\/p>\n\n\n<p><!--more--><\/p>\n\n\n<div id=\"ez-toc-container\" class=\"ez-toc-v2_0_82_2 counter-hierarchy ez-toc-counter ez-toc-grey ez-toc-container-direction\">\n<div class=\"ez-toc-title-container\">\n<p class=\"ez-toc-title\" style=\"cursor:inherit\">Spis tre\u015bci<\/p>\n<span class=\"ez-toc-title-toggle\"><a href=\"#\" class=\"ez-toc-pull-right ez-toc-btn ez-toc-btn-xs ez-toc-btn-default ez-toc-toggle\" aria-label=\"Prze\u0142\u0105cznik Spisu Tre\u015bci\"><span class=\"ez-toc-js-icon-con\"><span class=\"\"><span class=\"eztoc-hide\" style=\"display:none;\">Toggle<\/span><span class=\"ez-toc-icon-toggle-span\"><svg style=\"fill: #999;color:#999\" xmlns=\"http:\/\/www.w3.org\/2000\/svg\" class=\"list-377408\" width=\"20px\" height=\"20px\" viewBox=\"0 0 24 24\" fill=\"none\"><path d=\"M6 6H4v2h2V6zm14 0H8v2h12V6zM4 11h2v2H4v-2zm16 0H8v2h12v-2zM4 16h2v2H4v-2zm16 0H8v2h12v-2z\" fill=\"currentColor\"><\/path><\/svg><svg style=\"fill: #999;color:#999\" class=\"arrow-unsorted-368013\" xmlns=\"http:\/\/www.w3.org\/2000\/svg\" width=\"10px\" height=\"10px\" viewBox=\"0 0 24 24\" version=\"1.2\" baseProfile=\"tiny\"><path d=\"M18.2 9.3l-6.2-6.3-6.2 6.3c-.2.2-.3.4-.3.7s.1.5.3.7c.2.2.4.3.7.3h11c.3 0 .5-.1.7-.3.2-.2.3-.5.3-.7s-.1-.5-.3-.7zM5.8 14.7l6.2 6.3 6.2-6.3c.2-.2.3-.5.3-.7s-.1-.5-.3-.7c-.2-.2-.4-.3-.7-.3h-11c-.3 0-.5.1-.7.3-.2.2-.3.5-.3.7s.1.5.3.7z\"\/><\/svg><\/span><\/span><\/span><\/a><\/span><\/div>\n<nav><ul class='ez-toc-list ez-toc-list-level-1 ' ><li class='ez-toc-page-1 ez-toc-heading-level-2'><a class=\"ez-toc-link ez-toc-heading-1\" href=\"https:\/\/www.znakowo.pl\/blog\/pole-odkladcze-wymiary-oznakowanie\/#Pole_odkladcze_%E2%80%93_co_to_jest\" >Pole odk\u0142adcze \u2013 co to jest?<\/a><\/li><li class='ez-toc-page-1 ez-toc-heading-level-2'><a class=\"ez-toc-link ez-toc-heading-2\" href=\"https:\/\/www.znakowo.pl\/blog\/pole-odkladcze-wymiary-oznakowanie\/#Wymiary_pola_odkladczego\" >Wymiary pola odk\u0142adczego<\/a><\/li><li class='ez-toc-page-1 ez-toc-heading-level-2'><a class=\"ez-toc-link ez-toc-heading-3\" href=\"https:\/\/www.znakowo.pl\/blog\/pole-odkladcze-wymiary-oznakowanie\/#Oznakowanie_pol_odkladczych\" >Oznakowanie p\u00f3l odk\u0142adczych<\/a><\/li><li class='ez-toc-page-1 ez-toc-heading-level-2'><a class=\"ez-toc-link ez-toc-heading-4\" href=\"https:\/\/www.znakowo.pl\/blog\/pole-odkladcze-wymiary-oznakowanie\/#Nie_tylko_pola_odkladcze_%E2%80%93_jakie_oznakowanie_i_jakie_wyposazenie_przyda_sie_w_magazynie\" >Nie tylko pola odk\u0142adcze \u2013 jakie oznakowanie i jakie wyposa\u017cenie przyda si\u0119 w magazynie?<\/a><ul class='ez-toc-list-level-3' ><li class='ez-toc-heading-level-3'><a class=\"ez-toc-link ez-toc-heading-5\" href=\"https:\/\/www.znakowo.pl\/blog\/pole-odkladcze-wymiary-oznakowanie\/#Oznakowanie_ciagow_komunikacyjnych\" >Oznakowanie ci\u0105g\u00f3w komunikacyjnych<\/a><\/li><li class='ez-toc-page-1 ez-toc-heading-level-3'><a class=\"ez-toc-link ez-toc-heading-6\" href=\"https:\/\/www.znakowo.pl\/blog\/pole-odkladcze-wymiary-oznakowanie\/#Oznakowanie_regalow_i_alejek_w_magazynie\" >Oznakowanie rega\u0142\u00f3w i alejek w magazynie<\/a><\/li><li class='ez-toc-page-1 ez-toc-heading-level-3'><a class=\"ez-toc-link ez-toc-heading-7\" href=\"https:\/\/www.znakowo.pl\/blog\/pole-odkladcze-wymiary-oznakowanie\/#Odbojnice\" >Odbojnice<\/a><\/li><li class='ez-toc-page-1 ez-toc-heading-level-3'><a class=\"ez-toc-link ez-toc-heading-8\" href=\"https:\/\/www.znakowo.pl\/blog\/pole-odkladcze-wymiary-oznakowanie\/#Lustra_magazynowe\" >Lustra magazynowe<\/a><\/li><\/ul><\/li><\/ul><\/nav><\/div>\n<h2 class=\"wp-block-heading\"><span class=\"ez-toc-section\" id=\"Pole_odkladcze_%E2%80%93_co_to_jest\"><\/span><strong>Pole odk\u0142adcze \u2013 co to jest?<\/strong><span class=\"ez-toc-section-end\"><\/span><\/h2>\n\n\n\n<p><strong>Pole odk\u0142adcze to wyznaczona przestrze\u0144 w magazynie przeznaczona do tymczasowego sk\u0142adowania towar\u00f3w. Nie ma tam ustawionych rega\u0142\u00f3w \u2013 \u0142adunki umieszczane s\u0105 na odpowiednio oznaczonym miejscu na posadzce, np. na paletach, na kt\u00f3rych s\u0105 transportowane.<\/strong><\/p>\n\n\n\n<figure class=\"wp-block-image size-large\"><img loading=\"lazy\" decoding=\"async\" width=\"1024\" height=\"683\" src=\"https:\/\/www.znakowo.pl\/blog\/wp-content\/uploads\/2022\/05\/abstract-blur-furniture-decoration-warehouse-store-1024x683.jpg\" alt=\"Pole okladcze - co to jest?\" class=\"wp-image-4604\" srcset=\"https:\/\/www.znakowo.pl\/blog\/wp-content\/uploads\/2022\/05\/abstract-blur-furniture-decoration-warehouse-store-1024x683.jpg 1024w, https:\/\/www.znakowo.pl\/blog\/wp-content\/uploads\/2022\/05\/abstract-blur-furniture-decoration-warehouse-store-300x200.jpg 300w, https:\/\/www.znakowo.pl\/blog\/wp-content\/uploads\/2022\/05\/abstract-blur-furniture-decoration-warehouse-store-768x512.jpg 768w, https:\/\/www.znakowo.pl\/blog\/wp-content\/uploads\/2022\/05\/abstract-blur-furniture-decoration-warehouse-store-1536x1024.jpg 1536w, https:\/\/www.znakowo.pl\/blog\/wp-content\/uploads\/2022\/05\/abstract-blur-furniture-decoration-warehouse-store-2048x1365.jpg 2048w, https:\/\/www.znakowo.pl\/blog\/wp-content\/uploads\/2022\/05\/abstract-blur-furniture-decoration-warehouse-store-1200x800.jpg 1200w\" sizes=\"auto, (max-width: 709px) 85vw, (max-width: 909px) 67vw, (max-width: 1362px) 62vw, 840px\" \/><\/figure>\n\n\n\n<p>Specjalnie zorganizowane miejsce usprawnia prac\u0119 podczas wy\u0142adunku lub za\u0142adunku transportu, umo\u017cliwiaj\u0105c m.in. bezproblemowe poruszanie si\u0119 w\u00f3zk\u00f3w wid\u0142owych i innych pojazd\u00f3w. <strong>Jak to wygl\u0105da w praktyce?<\/strong> Zasada jest prosta. \u0141adunki najpierw trafiaj\u0105 na miejsce odk\u0142adcze, a dopiero p\u00f3\u017aniej na odpowiednie rega\u0142y (je\u015bli towary s\u0105 przyjmowane do magazynu) lub do pojazdu (je\u015bli towary s\u0105 z magazynu wysy\u0142ane).<\/p>\n\n\n\n<div class=\"product-small-box-content display-flex\">\n          <a href=\"https:\/\/www.znakowo.pl\/produkt\/znak-podlogowy-naklejka-oznacznik-do-pol-odkladczych-ksztalt-`l`-pelny,zp-zpo-l-p,9392.html\" class=\"product-small\">\n          <div class=\"product-small-box\">\n              <div class=\"product-small-img\">\n                                    <img decoding=\"async\" src=\"https:\/\/tdc.znakowo.pl\/thumbs\/znak-podlogowy-naklejka-oznacznik-do-pol-odkladczych-ksztalt-`l`-pelny-19656-9392-160-160-0.jpg\" alt=\"Znak pod\u0142ogowy, naklejka - oznacznik do p\u00f3l odk\u0142adczych - kszta\u0142t `L` pe\u0142ny - Pole odk\u0142adcze a wymiary, oznakowanie miejsc i zastosowania\" title=\"Znak pod\u0142ogowy, naklejka - oznacznik do p\u00f3l odk\u0142adczych - kszta\u0142t `L` pe\u0142ny - Pole odk\u0142adcze a wymiary, oznakowanie miejsc i zastosowania\" \/>\n              <\/div>\n              <div class=\"product-small-title\">\n                  Znak pod\u0142ogowy, naklejka - oznacznik do p\u00f3l odk\u0142adczych - kszta\u0142t `L` pe\u0142ny              <\/div>\n          <\/div>\n      <\/a>    \n            <a href=\"https:\/\/www.znakowo.pl\/produkt\/znak-podlogowy-naklejka-oznacznik-do-pol-odkladczych-ksztalt-`t`,zp-zpo-t,9393.html\" class=\"product-small\">\n          <div class=\"product-small-box\">\n              <div class=\"product-small-img\">\n                                    <img decoding=\"async\" src=\"https:\/\/tdc.znakowo.pl\/thumbs\/znak-podlogowy-naklejka-oznacznik-do-pol-odkladczych-ksztalt-`t`-19661-9393-160-160-0.jpg\" alt=\"Znak pod\u0142ogowy, naklejka - oznacznik do p\u00f3l odk\u0142adczych - kszta\u0142t `T` - Pole odk\u0142adcze a wymiary, oznakowanie miejsc i zastosowania\" title=\"Znak pod\u0142ogowy, naklejka - oznacznik do p\u00f3l odk\u0142adczych - kszta\u0142t `T` - Pole odk\u0142adcze a wymiary, oznakowanie miejsc i zastosowania\" \/>\n              <\/div>\n              <div class=\"product-small-title\">\n                  Znak pod\u0142ogowy, naklejka - oznacznik do p\u00f3l odk\u0142adczych - kszta\u0142t `T`              <\/div>\n          <\/div>\n      <\/a>    \n        \n    <div class=\"clearfix\"><\/div>    \n<\/div>\n\n\n\n\n<p>Pole odk\u0142adcze jest wi\u0119c<strong> miejscem przej\u015bciowym<\/strong>. Poniewa\u017c \u0142adunki nie s\u0105 wypakowywane od razu na rega\u0142y ani nie s\u0105 od razu za\u0142adowywane z rega\u0142\u00f3w do pojazd\u00f3w, pracownikom magazynu o wiele pro\u015bciej skontrolowa\u0107, czy zam\u00f3wienie jest kompletne i czy wszystko si\u0119 zgadza. Dobrze zorganizowane pole odk\u0142adcze sprzyja lepszej organizacji pracy i minimalizuje ryzyko pomy\u0142ek.<\/p>\n\n\n\n<h2 class=\"wp-block-heading\"><span class=\"ez-toc-section\" id=\"Wymiary_pola_odkladczego\"><\/span><strong>Wymiary pola odk\u0142adczego<\/strong><span class=\"ez-toc-section-end\"><\/span><\/h2>\n\n\n\n<p>Wa\u017cne, \u017ceby pole odk\u0142adcze znajdowa\u0142o si\u0119 w odpowiednim miejscu, tak aby sk\u0142adowane tam towary nie przeszkadza\u0142y w normalnym funkcjonowaniu magazynu i pozwala\u0142y na swobodne poruszanie si\u0119 ludzi i maszyn transportowych. Opr\u00f3cz tego musi by\u0107 odpowiednio du\u017ce.<\/p>\n\n\n\n<div class=\"product-small-box-content display-flex\">\n          <a href=\"https:\/\/www.znakowo.pl\/produkt\/znak-podlogowy-naklejka-oznacznik-do-pol-odkladczych-ksztalt-`i`,zp-zpo-i,9390.html\" class=\"product-small\">\n          <div class=\"product-small-box\">\n              <div class=\"product-small-img\">\n                                    <img decoding=\"async\" src=\"https:\/\/tdc.znakowo.pl\/thumbs\/znak-podlogowy-naklejka-oznacznik-do-pol-odkladczych-ksztalt-`i`-19644-9390-160-160-0.jpg\" alt=\"Znak pod\u0142ogowy, naklejka - oznacznik do p\u00f3l odk\u0142adczych - kszta\u0142t `I` - Pole odk\u0142adcze a wymiary, oznakowanie miejsc i zastosowania\" title=\"Znak pod\u0142ogowy, naklejka - oznacznik do p\u00f3l odk\u0142adczych - kszta\u0142t `I` - Pole odk\u0142adcze a wymiary, oznakowanie miejsc i zastosowania\" \/>\n              <\/div>\n              <div class=\"product-small-title\">\n                  Znak pod\u0142ogowy, naklejka - oznacznik do p\u00f3l odk\u0142adczych - kszta\u0142t `I`              <\/div>\n          <\/div>\n      <\/a>    \n            <a href=\"https:\/\/www.znakowo.pl\/produkt\/znak-podlogowy-naklejka-oznacznik-do-pol-odkladczych-ksztalt-`l`-modulowy,zp-zpo-l-m,9391.html\" class=\"product-small\">\n          <div class=\"product-small-box\">\n              <div class=\"product-small-img\">\n                                    <img decoding=\"async\" src=\"https:\/\/tdc.znakowo.pl\/thumbs\/znak-podlogowy-naklejka-oznacznik-do-pol-odkladczych-ksztalt-`l`-modulowy-19649-9391-160-160-0.jpg\" alt=\"Znak pod\u0142ogowy, naklejka - oznacznik do p\u00f3l odk\u0142adczych - kszta\u0142t `L` modu\u0142owy - Pole odk\u0142adcze a wymiary, oznakowanie miejsc i zastosowania\" title=\"Znak pod\u0142ogowy, naklejka - oznacznik do p\u00f3l odk\u0142adczych - kszta\u0142t `L` modu\u0142owy - Pole odk\u0142adcze a wymiary, oznakowanie miejsc i zastosowania\" \/>\n              <\/div>\n              <div class=\"product-small-title\">\n                  Znak pod\u0142ogowy, naklejka - oznacznik do p\u00f3l odk\u0142adczych - kszta\u0142t `L` modu\u0142owy              <\/div>\n          <\/div>\n      <\/a>    \n        \n    <div class=\"clearfix\"><\/div>    \n<\/div>\n\n\n\n\n<p><strong>Wymiary pola odk\u0142adczego<\/strong> powinny by\u0107 dostosowane do specyfiki danego magazynu. Przygotowuj\u0105c przestrze\u0144 przeznaczon\u0105 do sk\u0142adowania towar\u00f3w, nale\u017cy wzi\u0105\u0107 pod uwag\u0119 r\u00f3\u017cne czynniki, m.in.:&nbsp;<\/p>\n\n\n\n<ul class=\"wp-block-list\">\n<li>pojemno\u015b\u0107 magazynu,&nbsp;<\/li>\n\n\n\n<li>w\u0142a\u015bciwo\u015bci produkt\u00f3w (szczeg\u00f3lnie gabaryty)&nbsp;<\/li>\n\n\n\n<li>czy spos\u00f3b przep\u0142ywu \u0142adunk\u00f3w.&nbsp;<\/li>\n<\/ul>\n\n\n\n<p>Do transportu produkt\u00f3w bardzo cz\u0119sto wykorzystuje si\u0119 palety \u2013 w takim wypadku warto dostosowa\u0107 wielko\u015b\u0107 miejsca odk\u0142adczego do wymiar\u00f3w palety.<\/p>\n\n\n\n<p><strong>Palety europalet EPAL stosowane w transporcie i magazynowaniu:<\/strong><\/p>\n\n\n\n<ul class=\"wp-block-list\">\n<li>europaleta EPAL 1 (najbardziej popularny typ palety) \u2013 d\u0142ugo\u015b\u0107: 800, szeroko\u015b\u0107: 1200 mm, wysoko\u015b\u0107: 144 mm;<\/li>\n\n\n\n<li>EPAL 2 (paleta ISO) \u2013 d\u0142ugo\u015b\u0107: 1200 mm, szeroko\u015b\u0107: 1000 mm, wysoko\u015b\u0107: 162 mm;<\/li>\n\n\n\n<li>EPAL 3 \u2013 d\u0142ugo\u015b\u0107 1000 mm, szeroko\u015b\u0107 1200 mm, wysoko\u015b\u0107: 144 mm;<\/li>\n\n\n\n<li>&nbsp;EPAL 6 (p\u00f3\u0142paleta) \u2013 d\u0142ugo\u015b\u0107: 800 mm, szeroko\u015b\u0107: 600 mm, wysoko\u015b\u0107: 144 mm;<\/li>\n\n\n\n<li>EPAL 7 \u2013 d\u0142ugo\u015b\u0107: 800 mm, szeroko\u015b\u0107 600 mm, wysoko\u015b\u0107: 160 mm.<\/li>\n<\/ul>\n\n\n\n<p><strong>Do wymiaru palety nale\u017cy doda\u0107 100 mm do d\u0142ugo\u015bci i 100 mm do szeroko\u015bci, przyk\u0142adowo wymiary pola odk\u0142adczego dla palety euro to 900 x 1300 mm.<\/strong><\/p>\n\n\n\n<h2 class=\"wp-block-heading\"><span class=\"ez-toc-section\" id=\"Oznakowanie_pol_odkladczych\"><\/span><strong>Oznakowanie p\u00f3l odk\u0142adczych<\/strong><span class=\"ez-toc-section-end\"><\/span><\/h2>\n\n\n\n<figure class=\"wp-block-image size-large\"><img loading=\"lazy\" decoding=\"async\" width=\"1024\" height=\"683\" src=\"https:\/\/www.znakowo.pl\/blog\/wp-content\/uploads\/2022\/04\/view-full-warehouse-with-forklift-1024x683.jpg\" alt=\"Oznakowanie pol odkladczych\" class=\"wp-image-4567\" srcset=\"https:\/\/www.znakowo.pl\/blog\/wp-content\/uploads\/2022\/04\/view-full-warehouse-with-forklift-1024x683.jpg 1024w, https:\/\/www.znakowo.pl\/blog\/wp-content\/uploads\/2022\/04\/view-full-warehouse-with-forklift-300x200.jpg 300w, https:\/\/www.znakowo.pl\/blog\/wp-content\/uploads\/2022\/04\/view-full-warehouse-with-forklift-768x512.jpg 768w, https:\/\/www.znakowo.pl\/blog\/wp-content\/uploads\/2022\/04\/view-full-warehouse-with-forklift-1536x1024.jpg 1536w, https:\/\/www.znakowo.pl\/blog\/wp-content\/uploads\/2022\/04\/view-full-warehouse-with-forklift-2048x1365.jpg 2048w, https:\/\/www.znakowo.pl\/blog\/wp-content\/uploads\/2022\/04\/view-full-warehouse-with-forklift-1200x800.jpg 1200w\" sizes=\"auto, (max-width: 709px) 85vw, (max-width: 909px) 67vw, (max-width: 1362px) 62vw, 840px\" \/><\/figure>\n\n\n\n<p>Odpowiednio oznakowane pola odk\u0142adcze s\u0105 wa\u017cne nie tylko ze wzgl\u0119du na organizacj\u0119 pracy, ale i bezpiecze\u0144stwo pracownik\u00f3w. Konieczno\u015b\u0107 oznakowania takich miejsc w magazynie, jakimi s\u0105 m.in. pola odk\u0142adcze, wynika z \u00a7 12 za\u0142\u0105cznika nr 2 do rozporz\u0105dzenia w sprawie og\u00f3lnych przepis\u00f3w BHP. Zgodnie z nim miejsca w zak\u0142adzie pracy, do kt\u00f3rych pracownicy maj\u0105 dost\u0119p podczas pracy, a w kt\u00f3rych istnieje ryzyko kolizji z przeszkodami, upadku lub spadania przedmiot\u00f3w, powinny by\u0107 oznakowane kolorowymi sko\u015bnymi pasami \u2013 na przemian \u017c\u00f3\u0142tymi i czarnymi lub czerwonymi i bia\u0142ymi.<\/p>\n\n\n\n<p>Do wyznaczania przestrzeni do wy\u0142adunku i za\u0142adunku towar\u00f3w mo\u017cna wykorzysta\u0107 np. <a href=\"https:\/\/www.znakowo.pl\/oznaczniki-do-pol-miejsc-odkladczych\/\">naklejki pod\u0142ogowe do p\u00f3l odk\u0142adczych<\/a>. To praktyczne i wygodne rozwi\u0105zanie, kt\u00f3re sprawdzi si\u0119 w ka\u017cdym magazynie. Ich du\u017c\u0105 zalet\u0105 jest \u0142atwo\u015b\u0107 aplikacji. Warto postawi\u0107 na naklejki z mocnym klejem, kt\u00f3re b\u0119d\u0105 dobrze trzyma\u0107 si\u0119 pod\u0142o\u017ca. Oznaczniki p\u00f3l odk\u0142adczych powinny by\u0107 dobrze widoczne i odporne na \u015bcieranie. Klas\u0119 odporno\u015bci oznacznik\u00f3w warto dostosowa\u0107 do specyfiki miejsca (poziom nat\u0119\u017cenie ruchu, czy dominuje ruch pieszy, czy do transportu wewn\u0119trznego wykorzystywane s\u0105 maszyny).<\/p>\n\n\n\n<p><strong>Klasy odporno\u015bci na \u015bcieranie:<\/strong><\/p>\n\n\n\n<ul class=\"wp-block-list\">\n<li><strong>klasa I <\/strong>\u2013 oznakowanie odporne na ruch pieszych i poruszaj\u0105ce si\u0119 r\u0119czne w\u00f3zki paletowe;<\/li>\n\n\n\n<li><strong>klasa II <\/strong>\u2013 oznakowanie odporne na ruch pieszych, poruszaj\u0105ce si\u0119 r\u0119czne w\u00f3zki paletowe i wid\u0142owe (nie jest jednak wskazane manewrowanie w\u00f3zkiem wid\u0142owym bezpo\u015brednio po naklejce);<\/li>\n<\/ul>\n\n\n\n<p><strong>klasa III<\/strong> &#8211; oznakowanie odporne na ruch pieszych, poruszaj\u0105ce si\u0119 r\u0119czne w\u00f3zki paletowe i wid\u0142owe.<\/p>\n\n\n\n<h2 class=\"wp-block-heading\"><span class=\"ez-toc-section\" id=\"Nie_tylko_pola_odkladcze_%E2%80%93_jakie_oznakowanie_i_jakie_wyposazenie_przyda_sie_w_magazynie\"><\/span>Nie tylko pola odk\u0142adcze \u2013 jakie oznakowanie i jakie wyposa\u017cenie przyda si\u0119 w magazynie?<span class=\"ez-toc-section-end\"><\/span><\/h2>\n\n\n\n<h3 class=\"wp-block-heading\"><span class=\"ez-toc-section\" id=\"Oznakowanie_ciagow_komunikacyjnych\"><\/span><strong>Oznakowanie ci\u0105g\u00f3w komunikacyjnych<\/strong><span class=\"ez-toc-section-end\"><\/span><\/h3>\n\n\n\n<p>Zgodnie z rozporz\u0105dzeniem w sprawie og\u00f3lnych przepis\u00f3w BHP na terenie zak\u0142adu pracy nale\u017cy odpowiednio oznakowa\u0107 drogi komunikacyjne i transportowe oraz drogi dla pieszych. Opr\u00f3cz tego niezb\u0119dne jest oznakowanie miejsc niebezpiecznych na przej\u015bciach \u2013 takich, w kt\u00f3rych istnieje ryzyko potkni\u0119cia si\u0119, upadku lub uderzenia (np. stopni). W tym celu mo\u017cna stosowa\u0107 np.<a href=\"https:\/\/www.znakowo.pl\/tasmy-samoprzylepne-podlogowe-i-do-scian\/\"> ta\u015bmy samoprzylepne<\/a>.<\/p>\n\n\n\n<p>Doskonale sprawdz\u0105 si\u0119 ta\u015bmy w czerwono-bia\u0142e lub \u017c\u00f3\u0142to-czarne pasy. \u017bywe, kontrastuj\u0105ce ze sob\u0105 kolory sprawiaj\u0105, \u017ce oznakowanie jest doskonale widoczne i dobrze spe\u0142nia swoj\u0105 funkcj\u0119, wyznaczaj\u0105c ci\u0105gi komunikacyjne lub ostrzegaj\u0105c o miejscach potencjalnie niebezpiecznych.<\/p>\n\n\n\n<div class=\"product-small-box-content display-flex\">\n          <a href=\"https:\/\/www.znakowo.pl\/produkt\/tasma-samoprzylepna-na-podloge-510-cm-x-33m-zolto-czarna,ep_sp6,9959.html\" class=\"product-small\">\n          <div class=\"product-small-box\">\n              <div class=\"product-small-img\">\n                                    <img decoding=\"async\" src=\"https:\/\/tdc.znakowo.pl\/thumbs\/tasma-winylowa-zolto-czarna-24859-9959-160-160-0.jpg\" alt=\"Ta\u015bma samoprzylepna na pod\u0142og\u0119 5\/10 cm x 33m - \u017c\u00f3\u0142to-czarna - Pole odk\u0142adcze a wymiary, oznakowanie miejsc i zastosowania\" title=\"Ta\u015bma samoprzylepna na pod\u0142og\u0119 5\/10 cm x 33m - \u017c\u00f3\u0142to-czarna - Pole odk\u0142adcze a wymiary, oznakowanie miejsc i zastosowania\" \/>\n              <\/div>\n              <div class=\"product-small-title\">\n                  Ta\u015bma samoprzylepna na pod\u0142og\u0119 5\/10 cm x 33m - \u017c\u00f3\u0142to-czarna              <\/div>\n          <\/div>\n      <\/a>    \n            <a href=\"https:\/\/www.znakowo.pl\/produkt\/tasma-samoprzylepna-na-podloge-510-cm-x-33m-zolta,ep_sp1,9954.html\" class=\"product-small\">\n          <div class=\"product-small-box\">\n              <div class=\"product-small-img\">\n                                    <img decoding=\"async\" src=\"https:\/\/tdc.znakowo.pl\/thumbs\/tasma-samoprzylepna-na-podloge-510-cm-x-33m-zolta-24852-9954-160-160-0.jpg\" alt=\"Ta\u015bma samoprzylepna na pod\u0142og\u0119 5\/10 cm x 33m - \u017c\u00f3\u0142ta - Pole odk\u0142adcze a wymiary, oznakowanie miejsc i zastosowania\" title=\"Ta\u015bma samoprzylepna na pod\u0142og\u0119 5\/10 cm x 33m - \u017c\u00f3\u0142ta - Pole odk\u0142adcze a wymiary, oznakowanie miejsc i zastosowania\" \/>\n              <\/div>\n              <div class=\"product-small-title\">\n                  Ta\u015bma samoprzylepna na pod\u0142og\u0119 5\/10 cm x 33m - \u017c\u00f3\u0142ta              <\/div>\n          <\/div>\n      <\/a>    \n            <a href=\"https:\/\/www.znakowo.pl\/produkt\/tasma-samoprzylepna-na-podloge-510-cm-x-33m-czerwona,ep_sp5,9958.html\" class=\"product-small\">\n          <div class=\"product-small-box\">\n              <div class=\"product-small-img\">\n                                    <img decoding=\"async\" src=\"https:\/\/tdc.znakowo.pl\/thumbs\/tasma-samoprzylepna-na-podloge-510-cm-x-33m-czerwona-24856-9958-160-160-0.jpg\" alt=\"Ta\u015bma samoprzylepna na pod\u0142og\u0119 5\/10 cm x 33m - czerwona - Pole odk\u0142adcze a wymiary, oznakowanie miejsc i zastosowania\" title=\"Ta\u015bma samoprzylepna na pod\u0142og\u0119 5\/10 cm x 33m - czerwona - Pole odk\u0142adcze a wymiary, oznakowanie miejsc i zastosowania\" \/>\n              <\/div>\n              <div class=\"product-small-title\">\n                  Ta\u015bma samoprzylepna na pod\u0142og\u0119 5\/10 cm x 33m - czerwona              <\/div>\n          <\/div>\n      <\/a>    \n        \n    <div class=\"clearfix\"><\/div>    \n<\/div>\n\n\n\n\n<h3 class=\"wp-block-heading\"><span class=\"ez-toc-section\" id=\"Oznakowanie_regalow_i_alejek_w_magazynie\"><\/span>Oznakowanie rega\u0142\u00f3w i alejek w magazynie<span class=\"ez-toc-section-end\"><\/span><\/h3>\n\n\n\n<p>Niezwykle istotn\u0105 kwesti\u0105 w ka\u017cdym magazynie jest <strong>w\u0142a\u015bciwe oznakowanie poszczeg\u00f3lnych stref, ci\u0105g\u00f3w alejek i znajduj\u0105cych si\u0119 w nich rega\u0142\u00f3w<\/strong>. Monta\u017c czytelnych, odpowiednio du\u017cych tabliczek z numerami to proste rozwi\u0105zanie, kt\u00f3re u\u0142atwi poruszanie si\u0119 po hali. W dobrze zorganizowanej i oznakowanej przestrzeni znalezienie okre\u015blonego produktu nie powinno sprawia\u0107 problemu. Dla bezpiecze\u0144stwa wskazane jest r\u00f3wnie\u017c umieszczenie tabliczek informuj\u0105cych o dopuszczalnym obci\u0105\u017ceniu p\u00f3\u0142ek lub rega\u0142\u00f3w.<\/p>\n\n\n\n<div class=\"product-small-box-content display-flex\">\n          <a href=\"https:\/\/www.znakowo.pl\/produkt\/dopuszczalne-obciazenie-regalu-kg-znak-informacyjny-pa018,pa018,1571.html\" class=\"product-small\">\n          <div class=\"product-small-box\">\n              <div class=\"product-small-img\">\n                                    <img decoding=\"async\" src=\"https:\/\/tdc.znakowo.pl\/thumbs\/dopuszczalne-obciazenie-regalu-kg-znak-informacyjny-pa018-6070-1571-160-160-0.jpg\" alt=\"Dopuszczalne obci\u0105\u017cenie rega\u0142u ....... kg - znak informacyjny - PA018 - Pole odk\u0142adcze a wymiary, oznakowanie miejsc i zastosowania\" title=\"Dopuszczalne obci\u0105\u017cenie rega\u0142u ....... kg - znak informacyjny - PA018 - Pole odk\u0142adcze a wymiary, oznakowanie miejsc i zastosowania\" \/>\n              <\/div>\n              <div class=\"product-small-title\">\n                  Dopuszczalne obci\u0105\u017cenie rega\u0142u ....... kg - znak informacyjny - PA018              <\/div>\n          <\/div>\n      <\/a>    \n            <a href=\"https:\/\/www.znakowo.pl\/produkt\/dopuszczalne-obciazenie-polki-kg-znak-informacyjny-pa034,pa034,1585.html\" class=\"product-small\">\n          <div class=\"product-small-box\">\n              <div class=\"product-small-img\">\n                                    <img decoding=\"async\" src=\"https:\/\/tdc.znakowo.pl\/thumbs\/dopuszczalne-obciazenie-polki-kg-znak-informacyjny-pa034-6085-1585-160-160-0.jpg\" alt=\"Dopuszczalne obci\u0105\u017cenie p\u00f3\u0142ki ....... kg - znak informacyjny - PA034 - Pole odk\u0142adcze a wymiary, oznakowanie miejsc i zastosowania\" title=\"Dopuszczalne obci\u0105\u017cenie p\u00f3\u0142ki ....... kg - znak informacyjny - PA034 - Pole odk\u0142adcze a wymiary, oznakowanie miejsc i zastosowania\" \/>\n              <\/div>\n              <div class=\"product-small-title\">\n                  Dopuszczalne obci\u0105\u017cenie p\u00f3\u0142ki ....... kg - znak informacyjny - PA034              <\/div>\n          <\/div>\n      <\/a>    \n            <a href=\"https:\/\/www.znakowo.pl\/produkt\/numer-1-znak-informacyjny-pb501,pb501,2861.html\" class=\"product-small\">\n          <div class=\"product-small-box\">\n              <div class=\"product-small-img\">\n                                    <img decoding=\"async\" src=\"https:\/\/tdc.znakowo.pl\/thumbs\/numer-1-znak-informacyjny-pb501-6284-2861-160-160-0.jpg\" alt=\"Numer 1 - znak informacyjny - PB501 - Pole odk\u0142adcze a wymiary, oznakowanie miejsc i zastosowania\" title=\"Numer 1 - znak informacyjny - PB501 - Pole odk\u0142adcze a wymiary, oznakowanie miejsc i zastosowania\" \/>\n              <\/div>\n              <div class=\"product-small-title\">\n                  Numer 1 - znak informacyjny - PB501              <\/div>\n          <\/div>\n      <\/a>    \n        \n    <div class=\"clearfix\"><\/div>    \n<\/div>\n\n\n\n\n<h3 class=\"wp-block-heading\"><span class=\"ez-toc-section\" id=\"Odbojnice\"><\/span><strong>Odbojnice<\/strong><span class=\"ez-toc-section-end\"><\/span><\/h3>\n\n\n\n<p>Poruszaj\u0105ce si\u0119 po magazynie w\u00f3zki wid\u0142owe i inne urz\u0105dzenia transportowe stanowi\u0105 <strong>potencjalne zagro\u017cenie dla bezpiecze\u0144stwa pieszych<\/strong>. To dlatego tak wa\u017cne jest prawid\u0142owe oznakowanie ci\u0105g\u00f3w komunikacyjnych i rozmieszczenie odpowiednich <a href=\"https:\/\/www.znakowo.pl\/znaki-bhp\/\">znak\u00f3w BHP<\/a> (np. ostrzegaj\u0105cych przed poruszaj\u0105cymi si\u0119 urz\u0105dzeniami lub zakazuj\u0105ce przej\u015bcia w danym miejscu). Pojazdy mog\u0105 powodowa\u0107 r\u00f3wnie\u017c straty materialne, np. przypadkowo uderzaj\u0105c o \u015bcian\u0119, elementy wyposa\u017cenia lub inne elementy konstrukcyjne pomieszczenia.&nbsp;Do zabezpieczenia infrastruktury w hali magazynowej (np. rega\u0142\u00f3w, \u015bcian dzia\u0142owych, s\u0142up\u00f3w konstrukcyjnych itp.) stosuje si\u0119 <a href=\"https:\/\/www.znakowo.pl\/odbojnice-przemyslowe\/\">odbojnice przemys\u0142owe<\/a>. Odbojnice maj\u0105 r\u00f3\u017cne kszta\u0142ty, dlatego bez problemu mo\u017cna znale\u017a\u0107 urz\u0105dzenie odpowiednie do ochrony danego miejsca czy elementu.<\/p>\n\n\n\n<div class=\"product-small-box-content display-flex\">\n          <a href=\"https:\/\/www.znakowo.pl\/produkt\/odbojnica-przemyslowa-magazynowa-typu-u,odb-u,10152.html\" class=\"product-small\">\n          <div class=\"product-small-box\">\n              <div class=\"product-small-img\">\n                                    <img decoding=\"async\" src=\"https:\/\/tdc.znakowo.pl\/thumbs\/odbojnica-przemyslowa-magazynowa-typu-u-23540-10152-160-160-0.jpg\" alt=\"Odbojnica przemys\u0142owa magazynowa - typu U - Pole odk\u0142adcze a wymiary, oznakowanie miejsc i zastosowania\" title=\"Odbojnica przemys\u0142owa magazynowa - typu U - Pole odk\u0142adcze a wymiary, oznakowanie miejsc i zastosowania\" \/>\n              <\/div>\n              <div class=\"product-small-title\">\n                  Odbojnica przemys\u0142owa magazynowa - typu U              <\/div>\n          <\/div>\n      <\/a>    \n            <a href=\"https:\/\/www.znakowo.pl\/produkt\/odbojnik-ochraniacz-profil-narozny-gumowy-odblaskowy,odb-gum,9110.html\" class=\"product-small\">\n          <div class=\"product-small-box\">\n              <div class=\"product-small-img\">\n                                    <img decoding=\"async\" src=\"https:\/\/tdc.znakowo.pl\/thumbs\/naroznik-ochronny-na-sciane-25090-9110-160-160-0.jpg\" alt=\"Odbojnik, ochraniacz, profil naro\u017cny, gumowy, odblaskowy - Pole odk\u0142adcze a wymiary, oznakowanie miejsc i zastosowania\" title=\"Odbojnik, ochraniacz, profil naro\u017cny, gumowy, odblaskowy - Pole odk\u0142adcze a wymiary, oznakowanie miejsc i zastosowania\" \/>\n              <\/div>\n              <div class=\"product-small-title\">\n                  Odbojnik, ochraniacz, profil naro\u017cny, gumowy, odblaskowy              <\/div>\n          <\/div>\n      <\/a>    \n            <a href=\"https:\/\/www.znakowo.pl\/produkt\/odbojnica-przemyslowa-magazynowa-liniowa-elastyczna,sm-06,9756.html\" class=\"product-small\">\n          <div class=\"product-small-box\">\n              <div class=\"product-small-img\">\n                                    <img decoding=\"async\" src=\"https:\/\/tdc.znakowo.pl\/thumbs\/odbojnica-przemyslowa-magazynowa-liniowa-elastyczna-20740-9756-160-160-0.jpg\" alt=\"Odbojnica przemys\u0142owa magazynowa - liniowa, elastyczna - Pole odk\u0142adcze a wymiary, oznakowanie miejsc i zastosowania\" title=\"Odbojnica przemys\u0142owa magazynowa - liniowa, elastyczna - Pole odk\u0142adcze a wymiary, oznakowanie miejsc i zastosowania\" \/>\n              <\/div>\n              <div class=\"product-small-title\">\n                  Odbojnica przemys\u0142owa magazynowa - liniowa, elastyczna              <\/div>\n          <\/div>\n      <\/a>    \n        \n    <div class=\"clearfix\"><\/div>    \n<\/div>\n\n\n\n\n<h3 class=\"wp-block-heading\"><span class=\"ez-toc-section\" id=\"Lustra_magazynowe\"><\/span><strong>Lustra magazynowe<\/strong><span class=\"ez-toc-section-end\"><\/span><\/h3>\n\n\n\n<p>Aby zwi\u0119kszy\u0107 bezpiecze\u0144stwo w magazynie, warto zadba\u0107 r\u00f3wnie\u017c o <a href=\"https:\/\/www.znakowo.pl\/lustra-magazynowe-przemyslowe\/\">lustra przemys\u0142owe<\/a>. To proste rozwi\u0105zanie, dzi\u0119ki kt\u00f3remu mo\u017cna<strong> poprawi\u0107 widoczno\u015b\u0107 i wyeliminowa\u0107 martwe punkty<\/strong>, np. w miejscach przecinania si\u0119 alejek. <a href=\"https:\/\/www.znakowo.pl\/lustra-sferyczne\/\">Lustra sferyczne<\/a> umo\u017cliwiaj\u0105 obserwacj\u0119 np. ci\u0105g\u00f3w komunikacyjnych, co minimalizuje ryzyko wypadk\u00f3w z udzia\u0142em pieszych i kolizji w\u00f3zk\u00f3w i innych urz\u0105dze\u0144 transportowych. Na rynku dost\u0119pne s\u0105 r\u00f3\u017cne rodzaje luster przemys\u0142owych (o r\u00f3\u017cnym polu obserwacji) \u2013 najwa\u017cniejsze, by zapewnia\u0142y wysok\u0105 jako\u015b\u0107 odbijanego obrazu.<\/p>\n\n\n\n<div class=\"product-small-box-content display-flex\">\n          <a href=\"https:\/\/www.znakowo.pl\/produkt\/lustro-sferyczne-12-kuli-paraboliczne-\u2013-sufitowe-przemyslowe,u-18s-d12,6011.html\" class=\"product-small\">\n          <div class=\"product-small-box\">\n              <div class=\"product-small-img\">\n                                    <img decoding=\"async\" src=\"https:\/\/tdc.znakowo.pl\/thumbs\/lustro-sferyczne-12-kuli-paraboliczne-\u2013-sufitowe-przemyslowe-18924-6011-160-160-0.jpg\" alt=\"Lustro sferyczne 1\/2 kuli, paraboliczne \u2013 sufitowe, przemys\u0142owe - Pole odk\u0142adcze a wymiary, oznakowanie miejsc i zastosowania\" title=\"Lustro sferyczne 1\/2 kuli, paraboliczne \u2013 sufitowe, przemys\u0142owe - Pole odk\u0142adcze a wymiary, oznakowanie miejsc i zastosowania\" \/>\n              <\/div>\n              <div class=\"product-small-title\">\n                  Lustro sferyczne 1\/2 kuli, paraboliczne \u2013 sufitowe, przemys\u0142owe              <\/div>\n          <\/div>\n      <\/a>    \n            <a href=\"https:\/\/www.znakowo.pl\/produkt\/lustro-sferyczne-14-kuli-\u2013-przemyslowe-magazynowe-akrylowe,u-18s-d14,6012.html\" class=\"product-small\">\n          <div class=\"product-small-box\">\n              <div class=\"product-small-img\">\n                                    <img decoding=\"async\" src=\"https:\/\/tdc.znakowo.pl\/thumbs\/lustro-sferyczne-14-kuli-\u2013-przemyslowe-magazynowe-akrylowe-23548-6012-160-160-0.jpg\" alt=\"Lustro sferyczne 1\/4 kuli \u2013 przemys\u0142owe magazynowe, akrylowe - Pole odk\u0142adcze a wymiary, oznakowanie miejsc i zastosowania\" title=\"Lustro sferyczne 1\/4 kuli \u2013 przemys\u0142owe magazynowe, akrylowe - Pole odk\u0142adcze a wymiary, oznakowanie miejsc i zastosowania\" \/>\n              <\/div>\n              <div class=\"product-small-title\">\n                  Lustro sferyczne 1\/4 kuli \u2013 przemys\u0142owe magazynowe, akrylowe              <\/div>\n          <\/div>\n      <\/a>    \n            <a href=\"https:\/\/www.znakowo.pl\/produkt\/lustro-sferyczne-18-kuli-\u2013-przemyslowe-magazynowe-akrylowe,u-18s-d18,6013.html\" class=\"product-small\">\n          <div class=\"product-small-box\">\n              <div class=\"product-small-img\">\n                                    <img decoding=\"async\" src=\"https:\/\/tdc.znakowo.pl\/thumbs\/lustro-sferyczne-18-kuli-\u2013-przemyslowe-magazynowe-akrylowe-23549-6013-160-160-0.jpg\" alt=\"Lustro sferyczne 1\/8 kuli \u2013 przemys\u0142owe magazynowe, akrylowe - Pole odk\u0142adcze a wymiary, oznakowanie miejsc i zastosowania\" title=\"Lustro sferyczne 1\/8 kuli \u2013 przemys\u0142owe magazynowe, akrylowe - Pole odk\u0142adcze a wymiary, oznakowanie miejsc i zastosowania\" \/>\n              <\/div>\n              <div class=\"product-small-title\">\n                  Lustro sferyczne 1\/8 kuli \u2013 przemys\u0142owe magazynowe, akrylowe              <\/div>\n          <\/div>\n      <\/a>    \n        \n    <div class=\"clearfix\"><\/div>    \n<\/div>\n\n","protected":false},"excerpt":{"rendered":"<p>Przestrze\u0144 magazynu powinna by\u0107 dobrze przemy\u015blana i zaplanowana. Chodzi nie tylko o system rega\u0142\u00f3w, gdzie przechowywane s\u0105 \u0142adunki, ale r\u00f3wnie\u017c o odpowiednio przygotowane ci\u0105gi komunikacyjne i miejsca prze\u0142adunku \u2013 tzw. pola odk\u0142adcze. Jak powinny by\u0107 oznakowane i ile powinna wynosi\u0107 ich powierzchnia? Przyjrzymy si\u0119 r\u00f3wnie\u017c, o co jeszcze warto zadba\u0107 w magazynie lub na hali &hellip; <a href=\"https:\/\/www.znakowo.pl\/blog\/pole-odkladcze-wymiary-oznakowanie\/\" class=\"more-link\">Zobacz<\/a><\/p>\n","protected":false},"author":3,"featured_media":4605,"comment_status":"closed","ping_status":"closed","sticky":false,"template":"","format":"standard","meta":{"_acf_changed":false,"footnotes":""},"categories":[1],"tags":[],"class_list":["post-4483","post","type-post","status-publish","format-standard","has-post-thumbnail","hentry","category-przepisy-ustawy"],"acf":[],"yoast_head":"<!-- This site is optimized with the Yoast SEO plugin v27.4 - https:\/\/yoast.com\/product\/yoast-seo-wordpress\/ -->\n<title>Pole odk\u0142adcze: wymiary, oznakowanie i zastosowania<\/title>\n<meta name=\"description\" content=\"Czym s\u0105 pola odk\u0142adcze? Jakie powinny mie\u0107 wymiary? Jak powinny by\u0107 oznakowane i co jeszcze b\u0119dzie potrzebne w magazynie? Sprawd\u017a podpowiedzi!\" \/>\n<meta name=\"robots\" content=\"index, follow, max-snippet:-1, max-image-preview:large, max-video-preview:-1\" \/>\n<link rel=\"canonical\" href=\"https:\/\/www.znakowo.pl\/blog\/pole-odkladcze-wymiary-oznakowanie\/\" \/>\n<meta property=\"og:locale\" content=\"pl_PL\" \/>\n<meta property=\"og:type\" content=\"article\" \/>\n<meta property=\"og:title\" content=\"Pole odk\u0142adcze: wymiary, oznakowanie i zastosowania\" \/>\n<meta property=\"og:description\" content=\"Czym s\u0105 pola odk\u0142adcze? Jakie powinny mie\u0107 wymiary? Jak powinny by\u0107 oznakowane i co jeszcze b\u0119dzie potrzebne w magazynie? Sprawd\u017a podpowiedzi!\" \/>\n<meta property=\"og:url\" content=\"https:\/\/www.znakowo.pl\/blog\/pole-odkladcze-wymiary-oznakowanie\/\" \/>\n<meta property=\"og:site_name\" content=\"Blog znakowo.pl\" \/>\n<meta property=\"article:publisher\" content=\"https:\/\/www.facebook.com\/Znakowo\/\" \/>\n<meta property=\"article:published_time\" content=\"2022-05-04T14:08:00+00:00\" \/>\n<meta property=\"article:modified_time\" content=\"2024-03-28T12:43:47+00:00\" \/>\n<meta property=\"og:image\" content=\"https:\/\/www.znakowo.pl\/blog\/wp-content\/uploads\/2022\/05\/man-with-helmet-working-warehouse-scaled.jpg\" \/>\n\t<meta property=\"og:image:width\" content=\"2560\" \/>\n\t<meta property=\"og:image:height\" content=\"1617\" \/>\n\t<meta property=\"og:image:type\" content=\"image\/jpeg\" \/>\n<meta name=\"author\" content=\"Julita Krzemi\u0144ska\" \/>\n<meta name=\"twitter:card\" content=\"summary_large_image\" \/>\n<meta name=\"twitter:label1\" content=\"Napisane przez\" \/>\n\t<meta name=\"twitter:data1\" content=\"Julita Krzemi\u0144ska\" \/>\n\t<meta name=\"twitter:label2\" content=\"Szacowany czas czytania\" \/>\n\t<meta name=\"twitter:data2\" content=\"7 minut\" \/>\n<script type=\"application\/ld+json\" class=\"yoast-schema-graph\">{\"@context\":\"https:\\\/\\\/schema.org\",\"@graph\":[{\"@type\":\"Article\",\"@id\":\"https:\\\/\\\/www.znakowo.pl\\\/blog\\\/pole-odkladcze-wymiary-oznakowanie\\\/#article\",\"isPartOf\":{\"@id\":\"https:\\\/\\\/www.znakowo.pl\\\/blog\\\/pole-odkladcze-wymiary-oznakowanie\\\/\"},\"author\":{\"name\":\"Julita Krzemi\u0144ska\",\"@id\":\"https:\\\/\\\/www.znakowo.pl\\\/blog\\\/#\\\/schema\\\/person\\\/a29ddb53515b4cfd337f1582146267d9\"},\"headline\":\"Pole odk\u0142adcze a wymiary, oznakowanie miejsc i zastosowania\",\"datePublished\":\"2022-05-04T14:08:00+00:00\",\"dateModified\":\"2024-03-28T12:43:47+00:00\",\"mainEntityOfPage\":{\"@id\":\"https:\\\/\\\/www.znakowo.pl\\\/blog\\\/pole-odkladcze-wymiary-oznakowanie\\\/\"},\"wordCount\":1184,\"publisher\":{\"@id\":\"https:\\\/\\\/www.znakowo.pl\\\/blog\\\/#organization\"},\"image\":{\"@id\":\"https:\\\/\\\/www.znakowo.pl\\\/blog\\\/pole-odkladcze-wymiary-oznakowanie\\\/#primaryimage\"},\"thumbnailUrl\":\"https:\\\/\\\/www.znakowo.pl\\\/blog\\\/wp-content\\\/uploads\\\/2022\\\/05\\\/man-with-helmet-working-warehouse-scaled.jpg\",\"articleSection\":[\"Przepisy, ustawy\"],\"inLanguage\":\"pl-PL\"},{\"@type\":\"WebPage\",\"@id\":\"https:\\\/\\\/www.znakowo.pl\\\/blog\\\/pole-odkladcze-wymiary-oznakowanie\\\/\",\"url\":\"https:\\\/\\\/www.znakowo.pl\\\/blog\\\/pole-odkladcze-wymiary-oznakowanie\\\/\",\"name\":\"Pole odk\u0142adcze: wymiary, oznakowanie i zastosowania\",\"isPartOf\":{\"@id\":\"https:\\\/\\\/www.znakowo.pl\\\/blog\\\/#website\"},\"primaryImageOfPage\":{\"@id\":\"https:\\\/\\\/www.znakowo.pl\\\/blog\\\/pole-odkladcze-wymiary-oznakowanie\\\/#primaryimage\"},\"image\":{\"@id\":\"https:\\\/\\\/www.znakowo.pl\\\/blog\\\/pole-odkladcze-wymiary-oznakowanie\\\/#primaryimage\"},\"thumbnailUrl\":\"https:\\\/\\\/www.znakowo.pl\\\/blog\\\/wp-content\\\/uploads\\\/2022\\\/05\\\/man-with-helmet-working-warehouse-scaled.jpg\",\"datePublished\":\"2022-05-04T14:08:00+00:00\",\"dateModified\":\"2024-03-28T12:43:47+00:00\",\"description\":\"Czym s\u0105 pola odk\u0142adcze? Jakie powinny mie\u0107 wymiary? Jak powinny by\u0107 oznakowane i co jeszcze b\u0119dzie potrzebne w magazynie? Sprawd\u017a podpowiedzi!\",\"breadcrumb\":{\"@id\":\"https:\\\/\\\/www.znakowo.pl\\\/blog\\\/pole-odkladcze-wymiary-oznakowanie\\\/#breadcrumb\"},\"inLanguage\":\"pl-PL\",\"potentialAction\":[{\"@type\":\"ReadAction\",\"target\":[\"https:\\\/\\\/www.znakowo.pl\\\/blog\\\/pole-odkladcze-wymiary-oznakowanie\\\/\"]}]},{\"@type\":\"ImageObject\",\"inLanguage\":\"pl-PL\",\"@id\":\"https:\\\/\\\/www.znakowo.pl\\\/blog\\\/pole-odkladcze-wymiary-oznakowanie\\\/#primaryimage\",\"url\":\"https:\\\/\\\/www.znakowo.pl\\\/blog\\\/wp-content\\\/uploads\\\/2022\\\/05\\\/man-with-helmet-working-warehouse-scaled.jpg\",\"contentUrl\":\"https:\\\/\\\/www.znakowo.pl\\\/blog\\\/wp-content\\\/uploads\\\/2022\\\/05\\\/man-with-helmet-working-warehouse-scaled.jpg\",\"width\":2560,\"height\":1617,\"caption\":\"Pola odkladcze - wymiary, oznakowanie, zastosowanie\"},{\"@type\":\"BreadcrumbList\",\"@id\":\"https:\\\/\\\/www.znakowo.pl\\\/blog\\\/pole-odkladcze-wymiary-oznakowanie\\\/#breadcrumb\",\"itemListElement\":[{\"@type\":\"ListItem\",\"position\":1,\"name\":\"Strona g\u0142\u00f3wna\",\"item\":\"https:\\\/\\\/www.znakowo.pl\\\/blog\\\/\"},{\"@type\":\"ListItem\",\"position\":2,\"name\":\"Pole odk\u0142adcze a wymiary, oznakowanie miejsc i zastosowania\"}]},{\"@type\":\"WebSite\",\"@id\":\"https:\\\/\\\/www.znakowo.pl\\\/blog\\\/#website\",\"url\":\"https:\\\/\\\/www.znakowo.pl\\\/blog\\\/\",\"name\":\"Blog znakowo.pl\",\"description\":\"\",\"publisher\":{\"@id\":\"https:\\\/\\\/www.znakowo.pl\\\/blog\\\/#organization\"},\"potentialAction\":[{\"@type\":\"SearchAction\",\"target\":{\"@type\":\"EntryPoint\",\"urlTemplate\":\"https:\\\/\\\/www.znakowo.pl\\\/blog\\\/?s={search_term_string}\"},\"query-input\":{\"@type\":\"PropertyValueSpecification\",\"valueRequired\":true,\"valueName\":\"search_term_string\"}}],\"inLanguage\":\"pl-PL\"},{\"@type\":\"Organization\",\"@id\":\"https:\\\/\\\/www.znakowo.pl\\\/blog\\\/#organization\",\"name\":\"Znakowo.pl\",\"url\":\"https:\\\/\\\/www.znakowo.pl\\\/blog\\\/\",\"logo\":{\"@type\":\"ImageObject\",\"inLanguage\":\"pl-PL\",\"@id\":\"https:\\\/\\\/www.znakowo.pl\\\/blog\\\/#\\\/schema\\\/logo\\\/image\\\/\",\"url\":\"https:\\\/\\\/www.znakowo.pl\\\/blog\\\/wp-content\\\/uploads\\\/2017\\\/05\\\/logo_1.png\",\"contentUrl\":\"https:\\\/\\\/www.znakowo.pl\\\/blog\\\/wp-content\\\/uploads\\\/2017\\\/05\\\/logo_1.png\",\"width\":277,\"height\":94,\"caption\":\"Znakowo.pl\"},\"image\":{\"@id\":\"https:\\\/\\\/www.znakowo.pl\\\/blog\\\/#\\\/schema\\\/logo\\\/image\\\/\"},\"sameAs\":[\"https:\\\/\\\/www.facebook.com\\\/Znakowo\\\/\"]},{\"@type\":\"Person\",\"@id\":\"https:\\\/\\\/www.znakowo.pl\\\/blog\\\/#\\\/schema\\\/person\\\/a29ddb53515b4cfd337f1582146267d9\",\"name\":\"Julita Krzemi\u0144ska\",\"image\":{\"@type\":\"ImageObject\",\"inLanguage\":\"pl-PL\",\"@id\":\"https:\\\/\\\/secure.gravatar.com\\\/avatar\\\/e6adac54b1d18b21f8567cc6208ef43409e661f1070cf8be2e6912306b99d439?s=96&d=mm&r=g\",\"url\":\"https:\\\/\\\/secure.gravatar.com\\\/avatar\\\/e6adac54b1d18b21f8567cc6208ef43409e661f1070cf8be2e6912306b99d439?s=96&d=mm&r=g\",\"contentUrl\":\"https:\\\/\\\/secure.gravatar.com\\\/avatar\\\/e6adac54b1d18b21f8567cc6208ef43409e661f1070cf8be2e6912306b99d439?s=96&d=mm&r=g\",\"caption\":\"Julita Krzemi\u0144ska\"},\"url\":\"https:\\\/\\\/www.znakowo.pl\\\/blog\\\/author\\\/jkrzeminska\\\/\"}]}<\/script>\n<!-- \/ Yoast SEO plugin. -->","yoast_head_json":{"title":"Pole odk\u0142adcze: wymiary, oznakowanie i zastosowania","description":"Czym s\u0105 pola odk\u0142adcze? Jakie powinny mie\u0107 wymiary? Jak powinny by\u0107 oznakowane i co jeszcze b\u0119dzie potrzebne w magazynie? Sprawd\u017a podpowiedzi!","robots":{"index":"index","follow":"follow","max-snippet":"max-snippet:-1","max-image-preview":"max-image-preview:large","max-video-preview":"max-video-preview:-1"},"canonical":"https:\/\/www.znakowo.pl\/blog\/pole-odkladcze-wymiary-oznakowanie\/","og_locale":"pl_PL","og_type":"article","og_title":"Pole odk\u0142adcze: wymiary, oznakowanie i zastosowania","og_description":"Czym s\u0105 pola odk\u0142adcze? Jakie powinny mie\u0107 wymiary? Jak powinny by\u0107 oznakowane i co jeszcze b\u0119dzie potrzebne w magazynie? Sprawd\u017a podpowiedzi!","og_url":"https:\/\/www.znakowo.pl\/blog\/pole-odkladcze-wymiary-oznakowanie\/","og_site_name":"Blog znakowo.pl","article_publisher":"https:\/\/www.facebook.com\/Znakowo\/","article_published_time":"2022-05-04T14:08:00+00:00","article_modified_time":"2024-03-28T12:43:47+00:00","og_image":[{"width":2560,"height":1617,"url":"https:\/\/www.znakowo.pl\/blog\/wp-content\/uploads\/2022\/05\/man-with-helmet-working-warehouse-scaled.jpg","type":"image\/jpeg"}],"author":"Julita Krzemi\u0144ska","twitter_card":"summary_large_image","twitter_misc":{"Napisane przez":"Julita Krzemi\u0144ska","Szacowany czas czytania":"7 minut"},"schema":{"@context":"https:\/\/schema.org","@graph":[{"@type":"Article","@id":"https:\/\/www.znakowo.pl\/blog\/pole-odkladcze-wymiary-oznakowanie\/#article","isPartOf":{"@id":"https:\/\/www.znakowo.pl\/blog\/pole-odkladcze-wymiary-oznakowanie\/"},"author":{"name":"Julita Krzemi\u0144ska","@id":"https:\/\/www.znakowo.pl\/blog\/#\/schema\/person\/a29ddb53515b4cfd337f1582146267d9"},"headline":"Pole odk\u0142adcze a wymiary, oznakowanie miejsc i zastosowania","datePublished":"2022-05-04T14:08:00+00:00","dateModified":"2024-03-28T12:43:47+00:00","mainEntityOfPage":{"@id":"https:\/\/www.znakowo.pl\/blog\/pole-odkladcze-wymiary-oznakowanie\/"},"wordCount":1184,"publisher":{"@id":"https:\/\/www.znakowo.pl\/blog\/#organization"},"image":{"@id":"https:\/\/www.znakowo.pl\/blog\/pole-odkladcze-wymiary-oznakowanie\/#primaryimage"},"thumbnailUrl":"https:\/\/www.znakowo.pl\/blog\/wp-content\/uploads\/2022\/05\/man-with-helmet-working-warehouse-scaled.jpg","articleSection":["Przepisy, ustawy"],"inLanguage":"pl-PL"},{"@type":"WebPage","@id":"https:\/\/www.znakowo.pl\/blog\/pole-odkladcze-wymiary-oznakowanie\/","url":"https:\/\/www.znakowo.pl\/blog\/pole-odkladcze-wymiary-oznakowanie\/","name":"Pole odk\u0142adcze: wymiary, oznakowanie i zastosowania","isPartOf":{"@id":"https:\/\/www.znakowo.pl\/blog\/#website"},"primaryImageOfPage":{"@id":"https:\/\/www.znakowo.pl\/blog\/pole-odkladcze-wymiary-oznakowanie\/#primaryimage"},"image":{"@id":"https:\/\/www.znakowo.pl\/blog\/pole-odkladcze-wymiary-oznakowanie\/#primaryimage"},"thumbnailUrl":"https:\/\/www.znakowo.pl\/blog\/wp-content\/uploads\/2022\/05\/man-with-helmet-working-warehouse-scaled.jpg","datePublished":"2022-05-04T14:08:00+00:00","dateModified":"2024-03-28T12:43:47+00:00","description":"Czym s\u0105 pola odk\u0142adcze? Jakie powinny mie\u0107 wymiary? Jak powinny by\u0107 oznakowane i co jeszcze b\u0119dzie potrzebne w magazynie? Sprawd\u017a podpowiedzi!","breadcrumb":{"@id":"https:\/\/www.znakowo.pl\/blog\/pole-odkladcze-wymiary-oznakowanie\/#breadcrumb"},"inLanguage":"pl-PL","potentialAction":[{"@type":"ReadAction","target":["https:\/\/www.znakowo.pl\/blog\/pole-odkladcze-wymiary-oznakowanie\/"]}]},{"@type":"ImageObject","inLanguage":"pl-PL","@id":"https:\/\/www.znakowo.pl\/blog\/pole-odkladcze-wymiary-oznakowanie\/#primaryimage","url":"https:\/\/www.znakowo.pl\/blog\/wp-content\/uploads\/2022\/05\/man-with-helmet-working-warehouse-scaled.jpg","contentUrl":"https:\/\/www.znakowo.pl\/blog\/wp-content\/uploads\/2022\/05\/man-with-helmet-working-warehouse-scaled.jpg","width":2560,"height":1617,"caption":"Pola odkladcze - wymiary, oznakowanie, zastosowanie"},{"@type":"BreadcrumbList","@id":"https:\/\/www.znakowo.pl\/blog\/pole-odkladcze-wymiary-oznakowanie\/#breadcrumb","itemListElement":[{"@type":"ListItem","position":1,"name":"Strona g\u0142\u00f3wna","item":"https:\/\/www.znakowo.pl\/blog\/"},{"@type":"ListItem","position":2,"name":"Pole odk\u0142adcze a wymiary, oznakowanie miejsc i zastosowania"}]},{"@type":"WebSite","@id":"https:\/\/www.znakowo.pl\/blog\/#website","url":"https:\/\/www.znakowo.pl\/blog\/","name":"Blog znakowo.pl","description":"","publisher":{"@id":"https:\/\/www.znakowo.pl\/blog\/#organization"},"potentialAction":[{"@type":"SearchAction","target":{"@type":"EntryPoint","urlTemplate":"https:\/\/www.znakowo.pl\/blog\/?s={search_term_string}"},"query-input":{"@type":"PropertyValueSpecification","valueRequired":true,"valueName":"search_term_string"}}],"inLanguage":"pl-PL"},{"@type":"Organization","@id":"https:\/\/www.znakowo.pl\/blog\/#organization","name":"Znakowo.pl","url":"https:\/\/www.znakowo.pl\/blog\/","logo":{"@type":"ImageObject","inLanguage":"pl-PL","@id":"https:\/\/www.znakowo.pl\/blog\/#\/schema\/logo\/image\/","url":"https:\/\/www.znakowo.pl\/blog\/wp-content\/uploads\/2017\/05\/logo_1.png","contentUrl":"https:\/\/www.znakowo.pl\/blog\/wp-content\/uploads\/2017\/05\/logo_1.png","width":277,"height":94,"caption":"Znakowo.pl"},"image":{"@id":"https:\/\/www.znakowo.pl\/blog\/#\/schema\/logo\/image\/"},"sameAs":["https:\/\/www.facebook.com\/Znakowo\/"]},{"@type":"Person","@id":"https:\/\/www.znakowo.pl\/blog\/#\/schema\/person\/a29ddb53515b4cfd337f1582146267d9","name":"Julita Krzemi\u0144ska","image":{"@type":"ImageObject","inLanguage":"pl-PL","@id":"https:\/\/secure.gravatar.com\/avatar\/e6adac54b1d18b21f8567cc6208ef43409e661f1070cf8be2e6912306b99d439?s=96&d=mm&r=g","url":"https:\/\/secure.gravatar.com\/avatar\/e6adac54b1d18b21f8567cc6208ef43409e661f1070cf8be2e6912306b99d439?s=96&d=mm&r=g","contentUrl":"https:\/\/secure.gravatar.com\/avatar\/e6adac54b1d18b21f8567cc6208ef43409e661f1070cf8be2e6912306b99d439?s=96&d=mm&r=g","caption":"Julita Krzemi\u0144ska"},"url":"https:\/\/www.znakowo.pl\/blog\/author\/jkrzeminska\/"}]}},"_links":{"self":[{"href":"https:\/\/www.znakowo.pl\/blog\/wp-json\/wp\/v2\/posts\/4483","targetHints":{"allow":["GET"]}}],"collection":[{"href":"https:\/\/www.znakowo.pl\/blog\/wp-json\/wp\/v2\/posts"}],"about":[{"href":"https:\/\/www.znakowo.pl\/blog\/wp-json\/wp\/v2\/types\/post"}],"author":[{"embeddable":true,"href":"https:\/\/www.znakowo.pl\/blog\/wp-json\/wp\/v2\/users\/3"}],"replies":[{"embeddable":true,"href":"https:\/\/www.znakowo.pl\/blog\/wp-json\/wp\/v2\/comments?post=4483"}],"version-history":[{"count":5,"href":"https:\/\/www.znakowo.pl\/blog\/wp-json\/wp\/v2\/posts\/4483\/revisions"}],"predecessor-version":[{"id":6587,"href":"https:\/\/www.znakowo.pl\/blog\/wp-json\/wp\/v2\/posts\/4483\/revisions\/6587"}],"wp:featuredmedia":[{"embeddable":true,"href":"https:\/\/www.znakowo.pl\/blog\/wp-json\/wp\/v2\/media\/4605"}],"wp:attachment":[{"href":"https:\/\/www.znakowo.pl\/blog\/wp-json\/wp\/v2\/media?parent=4483"}],"wp:term":[{"taxonomy":"category","embeddable":true,"href":"https:\/\/www.znakowo.pl\/blog\/wp-json\/wp\/v2\/categories?post=4483"},{"taxonomy":"post_tag","embeddable":true,"href":"https:\/\/www.znakowo.pl\/blog\/wp-json\/wp\/v2\/tags?post=4483"}],"curies":[{"name":"wp","href":"https:\/\/api.w.org\/{rel}","templated":true}]}}