{"id":4803,"date":"2022-06-29T17:41:35","date_gmt":"2022-06-29T15:41:35","guid":{"rendered":"https:\/\/www.znakowo.pl\/blog\/?p=4803"},"modified":"2025-04-14T19:08:31","modified_gmt":"2025-04-14T17:08:31","slug":"drogi-transportowe-w-magazynie-lub-na-hali","status":"publish","type":"post","link":"https:\/\/www.znakowo.pl\/blog\/drogi-transportowe-w-magazynie-lub-na-hali\/","title":{"rendered":"Drogi transportowe w magazynie lub na hali \u2013 szeroko\u015b\u0107, przepisy i oznakowanie"},"content":{"rendered":"\n<p>Ze wzgl\u0119d\u00f3w bezpiecze\u0144stwa wewn\u0105trzzak\u0142adowe drogi transportowe musz\u0105 spe\u0142nia\u0107 okre\u015blone wymagania i by\u0107 odpowiednio oznakowane. Sprawdzamy, co na temat ci\u0105g\u00f3w komunikacyjnych w takich miejscach jak magazyny czy hale produkcyjne m\u00f3wi\u0105 przepisy i o czym trzeba pami\u0119ta\u0107, wyznaczaj\u0105c drogi komunikacyjne.<\/p>\n\n\n<p><!--more--><\/p>\n\n\n<div id=\"ez-toc-container\" class=\"ez-toc-v2_0_82_2 counter-hierarchy ez-toc-counter ez-toc-grey ez-toc-container-direction\">\n<div class=\"ez-toc-title-container\">\n<p class=\"ez-toc-title\" style=\"cursor:inherit\">Spis tre\u015bci<\/p>\n<span class=\"ez-toc-title-toggle\"><a href=\"#\" class=\"ez-toc-pull-right ez-toc-btn ez-toc-btn-xs ez-toc-btn-default ez-toc-toggle\" aria-label=\"Prze\u0142\u0105cznik Spisu Tre\u015bci\"><span class=\"ez-toc-js-icon-con\"><span class=\"\"><span class=\"eztoc-hide\" style=\"display:none;\">Toggle<\/span><span class=\"ez-toc-icon-toggle-span\"><svg style=\"fill: #999;color:#999\" xmlns=\"http:\/\/www.w3.org\/2000\/svg\" class=\"list-377408\" width=\"20px\" height=\"20px\" viewBox=\"0 0 24 24\" fill=\"none\"><path d=\"M6 6H4v2h2V6zm14 0H8v2h12V6zM4 11h2v2H4v-2zm16 0H8v2h12v-2zM4 16h2v2H4v-2zm16 0H8v2h12v-2z\" fill=\"currentColor\"><\/path><\/svg><svg style=\"fill: #999;color:#999\" class=\"arrow-unsorted-368013\" xmlns=\"http:\/\/www.w3.org\/2000\/svg\" width=\"10px\" height=\"10px\" viewBox=\"0 0 24 24\" version=\"1.2\" baseProfile=\"tiny\"><path d=\"M18.2 9.3l-6.2-6.3-6.2 6.3c-.2.2-.3.4-.3.7s.1.5.3.7c.2.2.4.3.7.3h11c.3 0 .5-.1.7-.3.2-.2.3-.5.3-.7s-.1-.5-.3-.7zM5.8 14.7l6.2 6.3 6.2-6.3c.2-.2.3-.5.3-.7s-.1-.5-.3-.7c-.2-.2-.4-.3-.7-.3h-11c-.3 0-.5.1-.7.3-.2.2-.3.5-.3.7s.1.5.3.7z\"\/><\/svg><\/span><\/span><\/span><\/a><\/span><\/div>\n<nav><ul class='ez-toc-list ez-toc-list-level-1 ' ><li class='ez-toc-page-1 ez-toc-heading-level-2'><a class=\"ez-toc-link ez-toc-heading-1\" href=\"https:\/\/www.znakowo.pl\/blog\/drogi-transportowe-w-magazynie-lub-na-hali\/#Drogi_transportowe_w_swietle_przepisow_BHP\" >Drogi transportowe w \u015bwietle przepis\u00f3w BHP<\/a><ul class='ez-toc-list-level-3' ><li class='ez-toc-heading-level-3'><a class=\"ez-toc-link ez-toc-heading-2\" href=\"https:\/\/www.znakowo.pl\/blog\/drogi-transportowe-w-magazynie-lub-na-hali\/#Wymiary_i_sposoby_oznakowania_drog_komunikacyjnych_i_transportowych\" >Wymiary i sposoby oznakowania dr\u00f3g komunikacyjnych i transportowych<\/a><\/li><li class='ez-toc-page-1 ez-toc-heading-level-3'><a class=\"ez-toc-link ez-toc-heading-3\" href=\"https:\/\/www.znakowo.pl\/blog\/drogi-transportowe-w-magazynie-lub-na-hali\/#Wymagania_jakim_powinna_odpowiadac_nawierzchnia_drog_transportowych\" >Wymagania, jakim powinna odpowiada\u0107 nawierzchnia dr\u00f3g transportowych<\/a><\/li><li class='ez-toc-page-1 ez-toc-heading-level-3'><a class=\"ez-toc-link ez-toc-heading-4\" href=\"https:\/\/www.znakowo.pl\/blog\/drogi-transportowe-w-magazynie-lub-na-hali\/#Roznice_poziomow_na_drogach_transportowych\" >R\u00f3\u017cnice poziom\u00f3w na drogach transportowych<\/a><\/li><li class='ez-toc-page-1 ez-toc-heading-level-3'><a class=\"ez-toc-link ez-toc-heading-5\" href=\"https:\/\/www.znakowo.pl\/blog\/drogi-transportowe-w-magazynie-lub-na-hali\/#Zabezpieczenie_zagrozen\" >Zabezpieczenie zagro\u017ce\u0144<\/a><\/li><li class='ez-toc-page-1 ez-toc-heading-level-3'><a class=\"ez-toc-link ez-toc-heading-6\" href=\"https:\/\/www.znakowo.pl\/blog\/drogi-transportowe-w-magazynie-lub-na-hali\/#Zasady_poruszania_sie_na_drogach_wewnatrzzakladowych\" >Zasady poruszania si\u0119 na drogach wewn\u0105trzzak\u0142adowych<\/a><\/li><\/ul><\/li><li class='ez-toc-page-1 ez-toc-heading-level-2'><a class=\"ez-toc-link ez-toc-heading-7\" href=\"https:\/\/www.znakowo.pl\/blog\/drogi-transportowe-w-magazynie-lub-na-hali\/#Szerokosc_drog_transportowych_a_normy\" >Szeroko\u015b\u0107 dr\u00f3g transportowych a normy<\/a><ul class='ez-toc-list-level-3' ><li class='ez-toc-heading-level-3'><a class=\"ez-toc-link ez-toc-heading-8\" href=\"https:\/\/www.znakowo.pl\/blog\/drogi-transportowe-w-magazynie-lub-na-hali\/#Droga_przeznaczona_tylko_dla_ruchu_pieszego\" >Droga przeznaczona tylko dla ruchu pieszego<\/a><\/li><li class='ez-toc-page-1 ez-toc-heading-level-3'><a class=\"ez-toc-link ez-toc-heading-9\" href=\"https:\/\/www.znakowo.pl\/blog\/drogi-transportowe-w-magazynie-lub-na-hali\/#Droga_przeznaczona_tylko_dla_srodkow_transportowych\" >Droga przeznaczona tylko dla \u015brodk\u00f3w transportowych<\/a><\/li><li class='ez-toc-page-1 ez-toc-heading-level-3'><a class=\"ez-toc-link ez-toc-heading-10\" href=\"https:\/\/www.znakowo.pl\/blog\/drogi-transportowe-w-magazynie-lub-na-hali\/#Droga_przeznaczona_dla_srodkow_transportowych_i_ruchu_pieszych\" >Droga przeznaczona dla \u015brodk\u00f3w transportowych i ruchu pieszych<\/a><\/li><\/ul><\/li><li class='ez-toc-page-1 ez-toc-heading-level-2'><a class=\"ez-toc-link ez-toc-heading-11\" href=\"https:\/\/www.znakowo.pl\/blog\/drogi-transportowe-w-magazynie-lub-na-hali\/#Oznakowanie_i_zabezpieczenie_drog_w_magazynie_i_na_halach_przemyslowych\" >Oznakowanie i zabezpieczenie dr\u00f3g w magazynie i na halach przemys\u0142owych<\/a><ul class='ez-toc-list-level-3' ><li class='ez-toc-heading-level-3'><a class=\"ez-toc-link ez-toc-heading-12\" href=\"https:\/\/www.znakowo.pl\/blog\/drogi-transportowe-w-magazynie-lub-na-hali\/#Tasmy_samoprzylepne\" >Ta\u015bmy samoprzylepne<\/a><\/li><li class='ez-toc-page-1 ez-toc-heading-level-3'><a class=\"ez-toc-link ez-toc-heading-13\" href=\"https:\/\/www.znakowo.pl\/blog\/drogi-transportowe-w-magazynie-lub-na-hali\/#Znaki_podlogowe_BHP\" >Znaki pod\u0142ogowe BHP<\/a><\/li><li class='ez-toc-page-1 ez-toc-heading-level-3'><a class=\"ez-toc-link ez-toc-heading-14\" href=\"https:\/\/www.znakowo.pl\/blog\/drogi-transportowe-w-magazynie-lub-na-hali\/#Znaki_drogowe\" >Znaki drogowe<\/a><\/li><\/ul><\/li><\/ul><\/nav><\/div>\n<h2 class=\"wp-block-heading\"><span class=\"ez-toc-section\" id=\"Drogi_transportowe_w_swietle_przepisow_BHP\"><\/span><strong>Drogi transportowe w \u015bwietle przepis\u00f3w BHP<\/strong><span class=\"ez-toc-section-end\"><\/span><\/h2>\n\n\n\n<p>Wytyczne dotycz\u0105ce dr\u00f3g transportowych znajduj\u0105 si\u0119 m.in. w rozporz\u0105dzeniu Ministra Gospodarki, Pracy i Polityki Spo\u0142ecznej w sprawie og\u00f3lnych przepis\u00f3w BHP. Zgodnie z tym rozporz\u0105dzeniem obowi\u0105zkiem pracodawcy jest zapewnienie na terenie zak\u0142adu pracy dr\u00f3g komunikacyjnych i transportowych, dr\u00f3g dla pieszych (przej\u015b\u0107) i dojazd\u00f3w po\u017carowych.&nbsp;<\/p>\n\n\n\n<p>Musz\u0105 by\u0107 one wykonane i oznakowane zgodnie z Polskimi Normami i w\u0142a\u015bciwymi przepisami. Konieczne jest tak\u017ce utrzymanie ich w stanie niestwarzaj\u0105cym zagro\u017ce\u0144 dla u\u017cytkownik\u00f3w. W my\u015bl przepis\u00f3w drogi i przej\u015bcia oraz dojazdy po\u017carowe nie mog\u0105 prowadzi\u0107 przez miejsca, w kt\u00f3rych wyst\u0119puj\u0105 zagro\u017cenia dla ich u\u017cytkownik\u00f3w.<\/p>\n\n\n\n<h3 class=\"wp-block-heading\"><span class=\"ez-toc-section\" id=\"Wymiary_i_sposoby_oznakowania_drog_komunikacyjnych_i_transportowych\"><\/span><strong>Wymiary i sposoby oznakowania dr\u00f3g komunikacyjnych i transportowych<\/strong><span class=\"ez-toc-section-end\"><\/span><\/h3>\n\n\n\n<p>Minimalne wymiary dr\u00f3g i przej\u015b\u0107 zosta\u0142y okre\u015blone w Polskich Normach. Rozporz\u0105dzenie w sprawie og\u00f3lnych przepis\u00f3w BHP wskazuje, \u017ce powinny by\u0107 one uzale\u017cnione od:<\/p>\n\n\n\n<ul class=\"wp-block-list\">\n<li>liczby potencjalnych u\u017cytkownik\u00f3w,<\/li>\n\n\n\n<li>rodzaj\u00f3w i wielko\u015bci stosowanych urz\u0105dze\u0144 transportowych oraz przemieszczanych \u0142adunk\u00f3w.<\/li>\n<\/ul>\n\n\n\n<p>Kwesti\u0119 oznakowania ci\u0105g\u00f3w komunikacyjnych precyzuje za\u0142\u0105cznik nr 1 do wspomnianego rozporz\u0105dzenia. Zgodnie z \u00a713 <strong>drogi w budynkach powinny by\u0107 wyra\u017anie wyznaczone za pomoc\u0105 ci\u0105g\u0142ych pas\u00f3w o dobrze widocznej barwie<\/strong> (z uwzgl\u0119dnieniem barwy pod\u0142o\u017ca) \u2013 najlepiej \u017c\u00f3\u0142tej lub bia\u0142ej.&nbsp;<\/p>\n\n\n\n<p>Pasy wyznaczaj\u0105ce drogi powinny by\u0107 rozmieszczone w spos\u00f3b uwzgl\u0119dniaj\u0105cy bezpieczn\u0105 odleg\u0142o\u015b\u0107 mi\u0119dzy pojazdami i jakimikolwiek przeszkodami, kt\u00f3re mog\u0105 znajdowa\u0107 si\u0119 w pobli\u017cu, a tak\u017ce mi\u0119dzy pieszymi a pojazdami.<\/p>\n\n\n\n<h3 class=\"wp-block-heading\"><span class=\"ez-toc-section\" id=\"Wymagania_jakim_powinna_odpowiadac_nawierzchnia_drog_transportowych\"><\/span><strong>Wymagania, jakim powinna odpowiada\u0107 nawierzchnia dr\u00f3g transportowych<\/strong><span class=\"ez-toc-section-end\"><\/span><\/h3>\n\n\n\n<p>Nawierzchnia dr\u00f3g, ale tak\u017ce plac\u00f3w manewrowych, postojowych i sk\u0142adowych, dojazd\u00f3w po\u017carowych i przej\u015b\u0107 powinna:<\/p>\n\n\n\n<ul class=\"wp-block-list\">\n<li>by\u0107 r\u00f3wna i twarda lub utwardzona,<\/li>\n\n\n\n<li>posiada\u0107 no\u015bno\u015b\u0107 odpowiedni\u0105 do obci\u0105\u017cenia wynikaj\u0105cego ze stosowanie \u015brodk\u00f3w transportowych oraz przemieszczanych i sk\u0142adowanych materia\u0142\u00f3w.<\/li>\n<\/ul>\n\n\n\n<p><strong>Ponadto drogi, przej\u015bcia oraz place manewrowe, postojowe i sk\u0142adowe powinny posiada\u0107 urz\u0105dzenia lub inne rozwi\u0105zania techniczne, kt\u00f3re zapewniaj\u0105 odprowadzanie w\u00f3d opadowych.<\/strong><\/p>\n\n\n\n<h3 class=\"wp-block-heading\"><span class=\"ez-toc-section\" id=\"Roznice_poziomow_na_drogach_transportowych\"><\/span><strong>R\u00f3\u017cnice poziom\u00f3w na drogach transportowych<\/strong><span class=\"ez-toc-section-end\"><\/span><\/h3>\n\n\n\n<p>Zgodnie z rozporz\u0105dzeniem w sprawie og\u00f3lnych przepis\u00f3w BHP na drogach transportowych i w magazynach nie powinny wyst\u0119powa\u0107 drogi ani stopnie. Wszelkie zr\u00f3\u017cnicowania poziom\u00f3w pod\u0142ogi wyr\u00f3wnuje si\u0119 pochylniami.&nbsp;<\/p>\n\n\n\n<p><em>Ich nachylenie powinno by\u0107 dostosowane do rodzaju u\u017cywanego \u015brodka transportu, ale nie wi\u0119ksze ni\u017c 8%. Pochylnie powinny nie tylko umo\u017cliwia\u0107 bezpieczne poruszanie si\u0119 pracownik\u00f3w, ale r\u00f3wnie\u017c dogodny transport \u0142adunk\u00f3w.<\/em><\/p>\n\n\n\n<h3 class=\"wp-block-heading\"><span class=\"ez-toc-section\" id=\"Zabezpieczenie_zagrozen\"><\/span><strong>Zabezpieczenie zagro\u017ce\u0144<\/strong><span class=\"ez-toc-section-end\"><\/span><\/h3>\n\n\n\n<p>Przepisy m\u00f3wi\u0105, \u017ce miejsca w zak\u0142adzie pracy, w kt\u00f3rych wyst\u0119puj\u0105 zagro\u017cenia, powinny by\u0107 oznakowane odpowiednimi barwami lub <a href=\"https:\/\/www.znakowo.pl\/znaki-bezpieczenstwa\/\">znakami bezpiecze\u0144stwa<\/a>. Je\u015bli oznakowanie nie jest wystarczaj\u0105ce dla zapewnienia bezpiecze\u0144stwa i ochrony zdrowia pracownika, miejsca te powinny by\u0107 wy\u0142\u0105czone z u\u017cytkowania, np. poprzez wygrodzenie.&nbsp;<\/p>\n\n\n\n<p>Je\u015bli chodzi o ci\u0105gi komunikacyjne, to:<\/p>\n\n\n\n<ul class=\"wp-block-list\">\n<li><strong>otwory i zag\u0142\u0119bienia<\/strong> powinny by\u0107 zamkni\u0119te odpowiednimi pokrywami, a je\u015bli to niemo\u017cliwe \u2013 ogrodzone i oznakowane;<\/li>\n\n\n\n<li><strong>miejsca niebezpieczne na drogach dla pieszych<\/strong> (zagra\u017caj\u0105ce potkni\u0119ciem si\u0119, upadkiem lub uderzeniem) powinny by\u0107 pomalowane barwami bezpiecze\u0144stwa zgodnie z Polskimi Normami;<\/li>\n\n\n\n<li><strong>na drogach komunikacyjnych i transportowych<\/strong> \u2013 w miejscach, w kt\u00f3rych istnieje ryzyko niespodziewanego wtargni\u0119cia pieszych \u2013 nale\u017cy ustawi\u0107 barierki lub wdro\u017cy\u0107 inne skuteczne \u015brodki ochronne.<\/li>\n<\/ul>\n\n\n\n<p><em>Wewn\u0105trzzak\u0142adowe rogi transportowe, drogi dla pieszych oraz dojazdy po\u017carowe nie mog\u0105 by\u0107 zastawiane materia\u0142ami, \u015brodkami transportu, sprz\u0119tem czy innymi przedmiotami. Na skrzy\u017cowaniach dr\u00f3g powinna by\u0107 zapewniona dobra widoczno\u015b\u0107.<\/em><\/p>\n\n\n\n<p>O bezpiecze\u0144stwie na drogach transportowych w magazynach i na halach produkcyjnych m\u00f3wi r\u00f3wnie\u017c <strong>rozporz\u0105dzenie w sprawie bhp przy u\u017cytkowaniu w\u00f3zk\u00f3w jezdniowych z nap\u0119dem silnikowym<\/strong>. Zgodnie z obowi\u0105zuj\u0105cymi przepisami przed rozpocz\u0119ciem pracy organizator (pracodawca lub inna osoba powierzaj\u0105ca obs\u0142ug\u0119 w\u00f3zka operatorowi) ma obowi\u0105zek poinformowa\u0107 operatora w\u00f3zka o dopuszczalnej pr\u0119dko\u015bci ruchu w\u00f3zk\u00f3w na poszczeg\u00f3lnych odcinkach tras przejazdu. Uwzgl\u0119dni\u0107 nale\u017cy przy tym nasilenie ruchu, rodzaj transportowanych \u0142adunk\u00f3w, szeroko\u015b\u0107 i stan dr\u00f3g oraz widoczno\u015b\u0107.&nbsp;<\/p>\n\n\n\n<p>Opr\u00f3cz tego do powinno\u015bci organizatora nale\u017cy podejmowanie \u015brodk\u00f3w zapobiegaj\u0105cych wtargni\u0119ciu os\u00f3b na teren pracy w\u00f3zk\u00f3w jezdniowych. Je\u015bli ze wzgl\u0119du na rodzaj wykonywanej pracy nie jest to mo\u017cliwe, konieczne jest stosowanie odpowiednich \u015brodk\u00f3w w celu ochrony os\u00f3b przed skutkami zagro\u017ce\u0144 powodowanych dzia\u0142aniem w\u00f3zk\u00f3w jezdniowych.<\/p>\n\n\n\n<h3 class=\"wp-block-heading\"><span class=\"ez-toc-section\" id=\"Zasady_poruszania_sie_na_drogach_wewnatrzzakladowych\"><\/span><strong>Zasady poruszania si\u0119 na drogach wewn\u0105trzzak\u0142adowych<\/strong><span class=\"ez-toc-section-end\"><\/span><\/h3>\n\n\n\n<p>Pracodawca ma obowi\u0105zek zapewni\u0107 <strong>opracowanie zasad ruchu na drogach wewn\u0105trzzak\u0142adowych <\/strong>\u2013 zgodnych z przepisami prawa o ruchu drogowym. Powinny one okre\u015bla\u0107 w szczeg\u00f3lno\u015bci maksymalne pr\u0119dko\u015bci \u015brodk\u00f3w transportu i komunikacji na drogach wewn\u0105trzzak\u0142adowych oraz w pomieszczeniach zak\u0142adu pracy, uzale\u017cnione od takich czynnik\u00f3w jak szeroko\u015b\u0107 dr\u00f3g, nat\u0119\u017cenie ruchu, widoczno\u015b\u0107 itp. Drogi transportowe na terenie zak\u0142adu pracy powinny by\u0107 oznakowane znakami drogowymi zgodnymi z przepisami drogowymi.<\/p>\n\n\n\n<h2 class=\"wp-block-heading\"><span class=\"ez-toc-section\" id=\"Szerokosc_drog_transportowych_a_normy\"><\/span><strong>Szeroko\u015b\u0107 dr\u00f3g transportowych a normy<\/strong><span class=\"ez-toc-section-end\"><\/span><\/h2>\n\n\n\n<figure class=\"wp-block-image size-large\"><img loading=\"lazy\" decoding=\"async\" width=\"1024\" height=\"614\" src=\"https:\/\/www.znakowo.pl\/blog\/wp-content\/uploads\/2022\/06\/warehouse-indoor-view-1-1024x614.jpg\" alt=\"szerokosc drog transportowych\" class=\"wp-image-4805\" srcset=\"https:\/\/www.znakowo.pl\/blog\/wp-content\/uploads\/2022\/06\/warehouse-indoor-view-1-1024x614.jpg 1024w, https:\/\/www.znakowo.pl\/blog\/wp-content\/uploads\/2022\/06\/warehouse-indoor-view-1-300x180.jpg 300w, https:\/\/www.znakowo.pl\/blog\/wp-content\/uploads\/2022\/06\/warehouse-indoor-view-1-768x461.jpg 768w, https:\/\/www.znakowo.pl\/blog\/wp-content\/uploads\/2022\/06\/warehouse-indoor-view-1-1536x922.jpg 1536w, https:\/\/www.znakowo.pl\/blog\/wp-content\/uploads\/2022\/06\/warehouse-indoor-view-1-2048x1229.jpg 2048w, https:\/\/www.znakowo.pl\/blog\/wp-content\/uploads\/2022\/06\/warehouse-indoor-view-1-1200x720.jpg 1200w\" sizes=\"auto, (max-width: 709px) 85vw, (max-width: 909px) 67vw, (max-width: 1362px) 62vw, 840px\" \/><\/figure>\n\n\n\n<p><strong>Wymiary dr\u00f3g wewn\u0105trzzak\u0142adowych<\/strong> powinny by\u0107 uzale\u017cnione od nat\u0119\u017cenia ruchu, specyfiki urz\u0105dze\u0144 transportowych, kt\u00f3re b\u0119d\u0105 si\u0119 po nich porusza\u0107, a tak\u017ce wielko\u015bci i rodzaj\u00f3w przemieszczanych \u0142adunk\u00f3w. Konkretne wytyczne dotycz\u0105ce projektowania dr\u00f3g transportowych i otwor\u00f3w drzwiowych w budynkach przemys\u0142owych i magazynowych okre\u015blone zosta\u0142y w normie PN-M-78010:1968) Transport wewn\u0119trzny &#8212; Drogi i otwory drzwiowe &#8212; Wytyczne projektowania). Chocia\u017c norm\u0119 wycofano w 2015 r. i nie zast\u0105piona zosta\u0142a inn\u0105, mo\u017ce by\u0107 nadal stosowana.&nbsp;<\/p>\n\n\n\n<p>Przy projektowaniu ci\u0105g\u00f3w komunikacyjnych, pod uwag\u0119 nale\u017cy wzi\u0105\u0107:<\/p>\n\n\n\n<ul class=\"wp-block-list\">\n<li><strong>przeznaczenie drogi (<\/strong>tylko dla ruchu pieszego, tylko dla \u015brodk\u00f3w transportowych, dla \u015brodk\u00f3w transportowych i pieszych),<\/li>\n\n\n\n<li><strong>czy droga jest jedno-, czy dwukierunkowa<\/strong>,<\/li>\n\n\n\n<li><strong>rodzaj \u015brodk\u00f3w transportu<\/strong> \u2013 bezsilnikowe, silnikowe.<\/li>\n<\/ul>\n\n\n\n<h3 class=\"wp-block-heading\"><span class=\"ez-toc-section\" id=\"Droga_przeznaczona_tylko_dla_ruchu_pieszego\"><\/span><strong>Droga przeznaczona tylko dla ruchu pieszego<\/strong><span class=\"ez-toc-section-end\"><\/span><\/h3>\n\n\n\n<figure class=\"wp-block-table\"><table><tbody><tr><td>&nbsp;<\/td><td class=\"has-text-align-center\" data-align=\"center\"><strong>Ruch jednokierunkowy<\/strong><\/td><td class=\"has-text-align-center\" data-align=\"center\"><strong>Ruch dwukierunkowy<\/strong><\/td><\/tr><tr><td>&nbsp;<strong>\u015arodki transportowe bezsilnikowe<\/strong><\/td><td class=\"has-text-align-center\" data-align=\"center\">&nbsp;b = a + 30 (nie mniej ni\u017c 120 cm)<\/td><td class=\"has-text-align-center\" data-align=\"center\">&nbsp;b = 2a + 60<\/td><\/tr><\/tbody><\/table><\/figure>\n\n\n\n<h3 class=\"wp-block-heading\"><span class=\"ez-toc-section\" id=\"Droga_przeznaczona_tylko_dla_srodkow_transportowych\"><\/span><strong>Droga przeznaczona tylko dla \u015brodk\u00f3w transportowych<\/strong><span class=\"ez-toc-section-end\"><\/span><\/h3>\n\n\n\n<figure class=\"wp-block-table\"><table><tbody><tr><td>&nbsp;<\/td><td class=\"has-text-align-center\" data-align=\"center\"><strong>Ruch jednokierunkowy<\/strong><\/td><td class=\"has-text-align-center\" data-align=\"center\"><strong>Ruch dwukierunkowy<\/strong><\/td><\/tr><tr><td><strong>&nbsp;<\/strong><strong>\u015arodki transportowe bezsilnikowe<\/strong><\/td><td class=\"has-text-align-center\" data-align=\"center\">&nbsp;b = a + 60 (nie mniej ni\u017c 120 cm)<\/td><td class=\"has-text-align-center\" data-align=\"center\">&nbsp;b = 2a + 90<\/td><\/tr><tr><td><strong>&nbsp;<\/strong><strong>\u015arodki transportowe silnikowe<\/strong><\/td><td class=\"has-text-align-center\" data-align=\"center\">&nbsp;b = a + 60 (nie mniej ni\u017c 120 cm)<\/td><td class=\"has-text-align-center\" data-align=\"center\">&nbsp;b = 2a + 90<\/td><\/tr><\/tbody><\/table><\/figure>\n\n\n\n<h3 class=\"wp-block-heading\"><span class=\"ez-toc-section\" id=\"Droga_przeznaczona_dla_srodkow_transportowych_i_ruchu_pieszych\"><\/span><strong>Droga przeznaczona dla \u015brodk\u00f3w transportowych i ruchu pieszych<\/strong><span class=\"ez-toc-section-end\"><\/span><\/h3>\n\n\n\n<figure class=\"wp-block-table\"><table><tbody><tr><td>&nbsp;<\/td><td class=\"has-text-align-center\" data-align=\"center\"><strong>Ruch jednokierunkowy<\/strong><\/td><td class=\"has-text-align-center\" data-align=\"center\"><strong>Ruch dwukierunkowy<\/strong><\/td><\/tr><tr><td>&nbsp;<strong>\u015arodki transportowe bezsilnikowe<\/strong><\/td><td class=\"has-text-align-center\" data-align=\"center\">&nbsp;b = a + 90&nbsp;<\/td><td class=\"has-text-align-center\" data-align=\"center\">&nbsp;b = 2a + 180<\/td><\/tr><tr><td>&nbsp;<strong>\u015arodki transportowe silnikowe<\/strong><\/td><td class=\"has-text-align-center\" data-align=\"center\">&nbsp;b = a + 100&nbsp;<\/td><td class=\"has-text-align-center\" data-align=\"center\">&nbsp;b = 2a + 200<\/td><\/tr><\/tbody><\/table><\/figure>\n\n\n\n<p>b = szeroko\u015b\u0107 drogi transportowej [cm]<\/p>\n\n\n\n<p>a = szeroko\u015b\u0107 pieszego z \u0142adunkiem \/ \u015brodka transportowego \/ szeroko\u015b\u0107 \u0142adunku \u2013 je\u015bli szeroko\u015b\u0107 \u0142adunku jest wi\u0119ksza ni\u017c szeroko\u015b\u0107 w\u00f3zka lub innej maszyny transportowej<\/p>\n\n\n\n<h2 class=\"wp-block-heading\"><span class=\"ez-toc-section\" id=\"Oznakowanie_i_zabezpieczenie_drog_w_magazynie_i_na_halach_przemyslowych\"><\/span><strong>Oznakowanie i zabezpieczenie dr\u00f3g w magazynie i na halach przemys\u0142owych<\/strong><span class=\"ez-toc-section-end\"><\/span><\/h2>\n\n\n\n<figure class=\"wp-block-image size-large\"><img loading=\"lazy\" decoding=\"async\" width=\"1024\" height=\"512\" src=\"https:\/\/www.znakowo.pl\/blog\/wp-content\/uploads\/2022\/06\/1777-1024x512.jpg\" alt=\"Oznakowanie i zabezpieczenie drog w magazynie i na hali\" class=\"wp-image-4804\" srcset=\"https:\/\/www.znakowo.pl\/blog\/wp-content\/uploads\/2022\/06\/1777-1024x512.jpg 1024w, https:\/\/www.znakowo.pl\/blog\/wp-content\/uploads\/2022\/06\/1777-300x150.jpg 300w, https:\/\/www.znakowo.pl\/blog\/wp-content\/uploads\/2022\/06\/1777-768x384.jpg 768w, https:\/\/www.znakowo.pl\/blog\/wp-content\/uploads\/2022\/06\/1777-1536x768.jpg 1536w, https:\/\/www.znakowo.pl\/blog\/wp-content\/uploads\/2022\/06\/1777-2048x1024.jpg 2048w, https:\/\/www.znakowo.pl\/blog\/wp-content\/uploads\/2022\/06\/1777-1200x600.jpg 1200w\" sizes=\"auto, (max-width: 709px) 85vw, (max-width: 909px) 67vw, (max-width: 1362px) 62vw, 840px\" \/><\/figure>\n\n\n\n<h3 class=\"wp-block-heading\"><span class=\"ez-toc-section\" id=\"Tasmy_samoprzylepne\"><\/span><strong>Ta\u015bmy samoprzylepne<\/strong><span class=\"ez-toc-section-end\"><\/span><\/h3>\n\n\n\n<p>Do wyznaczania wewn\u0105trzzak\u0142adowych dr\u00f3g komunikacyjnych bardzo dobrze sprawdz\u0105 si\u0119<a href=\"https:\/\/www.znakowo.pl\/tasmy-samoprzylepne-podlogowe-i-do-scian\/\"> ta\u015bmy samoprzylepne<\/a>. S\u0105 bardzo \u0142atwe w aplikacji, dzi\u0119ki nim mo\u017cna w prosty spos\u00f3b oznakowa\u0107 nie tylko ci\u0105gi komunikacyjne w magazynie lub na hali, ale r\u00f3wnie\u017c <a href=\"https:\/\/www.znakowo.pl\/blog\/pole-odkladcze-wymiary-oznakowanie\/\">pola odk\u0142adcze<\/a> czy stanowiska pracy.&nbsp;<\/p>\n\n\n\n<p><strong>Wa\u017cne, by ta\u015bmy mia\u0142y mocny klej, dzi\u0119ki kt\u00f3rym b\u0119d\u0105 dobrze trzyma\u0107 si\u0119 pod\u0142o\u017ca, i by\u0142y odporne na \u015bcieranie.<\/strong> Do oznakowania dr\u00f3g transportowych sprawdz\u0105 si\u0119 ta\u015bmy w wyrazistych kolorach, np. w czarno-\u017c\u00f3\u0142te lub bia\u0142o-czerwone pasy.<\/p>\n\n\n\n<div class=\"product-small-box-content display-flex\">\n          <a href=\"https:\/\/www.znakowo.pl\/produkt\/tasma-samoprzylepna-na-podloge-510-cm-x-33m-zolto-czarna,ep_sp6,9959.html\" class=\"product-small\">\n          <div class=\"product-small-box\">\n              <div class=\"product-small-img\">\n                                    <img decoding=\"async\" src=\"https:\/\/tdc.znakowo.pl\/thumbs\/tasma-winylowa-zolto-czarna-24859-9959-160-160-0.jpg\" alt=\"Ta\u015bma samoprzylepna na pod\u0142og\u0119 5\/10 cm x 33m - \u017c\u00f3\u0142to-czarna - Drogi transportowe w magazynie lub na hali \u2013 szeroko\u015b\u0107, przepisy i oznakowanie\" title=\"Ta\u015bma samoprzylepna na pod\u0142og\u0119 5\/10 cm x 33m - \u017c\u00f3\u0142to-czarna - Drogi transportowe w magazynie lub na hali \u2013 szeroko\u015b\u0107, przepisy i oznakowanie\" \/>\n              <\/div>\n              <div class=\"product-small-title\">\n                  Ta\u015bma samoprzylepna na pod\u0142og\u0119 5\/10 cm x 33m - \u017c\u00f3\u0142to-czarna              <\/div>\n          <\/div>\n      <\/a>    \n            <a href=\"https:\/\/www.znakowo.pl\/produkt\/tasma-samoprzylepna-na-podloge-510-cm-x-33m-czerwona,ep_sp5,9958.html\" class=\"product-small\">\n          <div class=\"product-small-box\">\n              <div class=\"product-small-img\">\n                                    <img decoding=\"async\" src=\"https:\/\/tdc.znakowo.pl\/thumbs\/tasma-samoprzylepna-na-podloge-510-cm-x-33m-czerwona-24856-9958-160-160-0.jpg\" alt=\"Ta\u015bma samoprzylepna na pod\u0142og\u0119 5\/10 cm x 33m - czerwona - Drogi transportowe w magazynie lub na hali \u2013 szeroko\u015b\u0107, przepisy i oznakowanie\" title=\"Ta\u015bma samoprzylepna na pod\u0142og\u0119 5\/10 cm x 33m - czerwona - Drogi transportowe w magazynie lub na hali \u2013 szeroko\u015b\u0107, przepisy i oznakowanie\" \/>\n              <\/div>\n              <div class=\"product-small-title\">\n                  Ta\u015bma samoprzylepna na pod\u0142og\u0119 5\/10 cm x 33m - czerwona              <\/div>\n          <\/div>\n      <\/a>    \n            <a href=\"https:\/\/www.znakowo.pl\/produkt\/tasma-samoprzylepna-na-podloge-510-cm-x-33m-zolta,ep_sp1,9954.html\" class=\"product-small\">\n          <div class=\"product-small-box\">\n              <div class=\"product-small-img\">\n                                    <img decoding=\"async\" src=\"https:\/\/tdc.znakowo.pl\/thumbs\/tasma-samoprzylepna-na-podloge-510-cm-x-33m-zolta-24852-9954-160-160-0.jpg\" alt=\"Ta\u015bma samoprzylepna na pod\u0142og\u0119 5\/10 cm x 33m - \u017c\u00f3\u0142ta - Drogi transportowe w magazynie lub na hali \u2013 szeroko\u015b\u0107, przepisy i oznakowanie\" title=\"Ta\u015bma samoprzylepna na pod\u0142og\u0119 5\/10 cm x 33m - \u017c\u00f3\u0142ta - Drogi transportowe w magazynie lub na hali \u2013 szeroko\u015b\u0107, przepisy i oznakowanie\" \/>\n              <\/div>\n              <div class=\"product-small-title\">\n                  Ta\u015bma samoprzylepna na pod\u0142og\u0119 5\/10 cm x 33m - \u017c\u00f3\u0142ta              <\/div>\n          <\/div>\n      <\/a>    \n        \n    <div class=\"clearfix\"><\/div>    \n<\/div>\n\n\n\n\n<h3 class=\"wp-block-heading\"><span class=\"ez-toc-section\" id=\"Znaki_podlogowe_BHP\"><\/span><strong>Znaki pod\u0142ogowe BHP<\/strong><span class=\"ez-toc-section-end\"><\/span><\/h3>\n\n\n\n<p>Znaki BHP przekazuj\u0105 wa\u017cne informacje dotycz\u0105ce wyst\u0119puj\u0105cych w danym miejscu lub na danej przestrzeni zagro\u017ce\u0144. Do oznakowania hal przemys\u0142owych i magazynowych sprawdz\u0105 si\u0119 nie tylko tradycyjne tabliczki, ale r\u00f3wnie\u017c znaki pod\u0142ogowe. <a href=\"https:\/\/www.znakowo.pl\/naklejki-podlogowe-bhp\/\">Naklejki BHP<\/a> na drogach transportowych powinny mie\u0107 odpowiedni\u0105 klas\u0119 odporno\u015bci na \u015bcieranie \u2013 w zale\u017cno\u015bci od nat\u0119\u017cenia ruchu i tego, czy po drodze poruszaj\u0105 si\u0119 tylko piesi, czy r\u00f3wnie\u017c maszyny transportowe.<\/p>\n\n\n\n<div class=\"product-small-box-content display-flex\">\n          <a href=\"https:\/\/www.znakowo.pl\/produkt\/znak-podlogowy-naklejka-bhp-ograniczenie-predkosci,zp-bhp-23,9416.html\" class=\"product-small\">\n          <div class=\"product-small-box\">\n              <div class=\"product-small-img\">\n                                    <img decoding=\"async\" src=\"https:\/\/tdc.znakowo.pl\/thumbs\/znak-podlogowy-naklejka-bhp-ograniczenie-predkosci-19820-9416-160-160-0.jpg\" alt=\"Znak pod\u0142ogowy, naklejka BHP - Ograniczenie pr\u0119dko\u015bci - Drogi transportowe w magazynie lub na hali \u2013 szeroko\u015b\u0107, przepisy i oznakowanie\" title=\"Znak pod\u0142ogowy, naklejka BHP - Ograniczenie pr\u0119dko\u015bci - Drogi transportowe w magazynie lub na hali \u2013 szeroko\u015b\u0107, przepisy i oznakowanie\" \/>\n              <\/div>\n              <div class=\"product-small-title\">\n                  Znak pod\u0142ogowy, naklejka BHP - Ograniczenie pr\u0119dko\u015bci              <\/div>\n          <\/div>\n      <\/a>    \n            <a href=\"https:\/\/www.znakowo.pl\/produkt\/znak-podlogowy-naklejka-bhp-uwaga-ruch-wozkow-widlowych,zp-bhp-47,9440.html\" class=\"product-small\">\n          <div class=\"product-small-box\">\n              <div class=\"product-small-img\">\n                                    <img decoding=\"async\" src=\"https:\/\/tdc.znakowo.pl\/thumbs\/znak-podlogowy-naklejka-bhp-uwaga-ruch-wozkow-widlowych-19995-9440-160-160-0.jpg\" alt=\"Znak pod\u0142ogowy, naklejka BHP - Uwaga! Ruch w\u00f3zk\u00f3w wid\u0142owych - Drogi transportowe w magazynie lub na hali \u2013 szeroko\u015b\u0107, przepisy i oznakowanie\" title=\"Znak pod\u0142ogowy, naklejka BHP - Uwaga! Ruch w\u00f3zk\u00f3w wid\u0142owych - Drogi transportowe w magazynie lub na hali \u2013 szeroko\u015b\u0107, przepisy i oznakowanie\" \/>\n              <\/div>\n              <div class=\"product-small-title\">\n                  Znak pod\u0142ogowy, naklejka BHP - Uwaga! Ruch w\u00f3zk\u00f3w wid\u0142owych              <\/div>\n          <\/div>\n      <\/a>    \n            <a href=\"https:\/\/www.znakowo.pl\/produkt\/znak-podlogowy-naklejka-bhp-zakaz-przejscia,zp-bhp-19,9412.html\" class=\"product-small\">\n          <div class=\"product-small-box\">\n              <div class=\"product-small-img\">\n                                    <img decoding=\"async\" src=\"https:\/\/tdc.znakowo.pl\/thumbs\/znak-podlogowy-naklejka-bhp-zakaz-przejscia-19792-9412-160-160-0.jpg\" alt=\"Znak pod\u0142ogowy, naklejka BHP - Zakaz przej\u015bcia - Drogi transportowe w magazynie lub na hali \u2013 szeroko\u015b\u0107, przepisy i oznakowanie\" title=\"Znak pod\u0142ogowy, naklejka BHP - Zakaz przej\u015bcia - Drogi transportowe w magazynie lub na hali \u2013 szeroko\u015b\u0107, przepisy i oznakowanie\" \/>\n              <\/div>\n              <div class=\"product-small-title\">\n                  Znak pod\u0142ogowy, naklejka BHP - Zakaz przej\u015bcia              <\/div>\n          <\/div>\n      <\/a>    \n            <a href=\"https:\/\/www.znakowo.pl\/produkt\/znak-podlogowy-naklejka-bhp-z-opisem-uzywaj-sygnalu-dzwiekowego,zp-bhp-10,9403.html\" class=\"product-small\">\n          <div class=\"product-small-box\">\n              <div class=\"product-small-img\">\n                                    <img decoding=\"async\" src=\"https:\/\/tdc.znakowo.pl\/thumbs\/znak-podlogowy-naklejka-bhp-z-opisem-uzywaj-sygnalu-dzwiekowego-19729-9403-160-160-0.jpg\" alt=\"Znak pod\u0142ogowy, naklejka BHP z opisem - U\u017cywaj sygna\u0142u d\u017awi\u0119kowego - Drogi transportowe w magazynie lub na hali \u2013 szeroko\u015b\u0107, przepisy i oznakowanie\" title=\"Znak pod\u0142ogowy, naklejka BHP z opisem - U\u017cywaj sygna\u0142u d\u017awi\u0119kowego - Drogi transportowe w magazynie lub na hali \u2013 szeroko\u015b\u0107, przepisy i oznakowanie\" \/>\n              <\/div>\n              <div class=\"product-small-title\">\n                  Znak pod\u0142ogowy, naklejka BHP z opisem - U\u017cywaj sygna\u0142u d\u017awi\u0119kowego              <\/div>\n          <\/div>\n      <\/a>    \n            <a href=\"https:\/\/www.znakowo.pl\/produkt\/znak-podlogowy-naklejka-bhp-uwaga-niebezpieczenstwo,zp-bhp-49,9442.html\" class=\"product-small\">\n          <div class=\"product-small-box\">\n              <div class=\"product-small-img\">\n                                    <img decoding=\"async\" src=\"https:\/\/tdc.znakowo.pl\/thumbs\/znak-podlogowy-naklejka-bhp-uwaga-niebezpieczenstwo-20011-9442-160-160-0.jpg\" alt=\"Znak pod\u0142ogowy, naklejka BHP - Uwaga! Niebezpiecze\u0144stwo - Drogi transportowe w magazynie lub na hali \u2013 szeroko\u015b\u0107, przepisy i oznakowanie\" title=\"Znak pod\u0142ogowy, naklejka BHP - Uwaga! Niebezpiecze\u0144stwo - Drogi transportowe w magazynie lub na hali \u2013 szeroko\u015b\u0107, przepisy i oznakowanie\" \/>\n              <\/div>\n              <div class=\"product-small-title\">\n                  Znak pod\u0142ogowy, naklejka BHP - Uwaga! Niebezpiecze\u0144stwo              <\/div>\n          <\/div>\n      <\/a>    \n            <a href=\"https:\/\/www.znakowo.pl\/produkt\/znak-podlogowy-naklejka-bhp-zakaz-wjazdu-wozkami-spalinowymi,zp-bhp-22,9415.html\" class=\"product-small\">\n          <div class=\"product-small-box\">\n              <div class=\"product-small-img\">\n                                    <img decoding=\"async\" src=\"https:\/\/tdc.znakowo.pl\/thumbs\/znak-podlogowy-naklejka-bhp-zakaz-wjazdu-wozkami-spalinowymi-19813-9415-160-160-0.jpg\" alt=\"Znak pod\u0142ogowy, naklejka BHP - Zakaz wjazdu w\u00f3zkami spalinowymi - Drogi transportowe w magazynie lub na hali \u2013 szeroko\u015b\u0107, przepisy i oznakowanie\" title=\"Znak pod\u0142ogowy, naklejka BHP - Zakaz wjazdu w\u00f3zkami spalinowymi - Drogi transportowe w magazynie lub na hali \u2013 szeroko\u015b\u0107, przepisy i oznakowanie\" \/>\n              <\/div>\n              <div class=\"product-small-title\">\n                  Znak pod\u0142ogowy, naklejka BHP - Zakaz wjazdu w\u00f3zkami spalinowymi              <\/div>\n          <\/div>\n      <\/a>    \n        \n    <div class=\"clearfix\"><\/div>    \n<\/div>\n\n\n\n\n<h3 class=\"wp-block-heading\"><span class=\"ez-toc-section\" id=\"Znaki_drogowe\"><\/span><strong>Znaki drogowe<\/strong><span class=\"ez-toc-section-end\"><\/span><\/h3>\n\n\n\n<p>Na drogach transportowych powinny obowi\u0105zywa\u0107 zasady ruchu zgodne z Kodeksem drogowym. Aby operatorom w\u00f3zk\u00f3w przekaza\u0107 istotne informacje i u\u0142atwi\u0107 im poruszanie si\u0119 po ci\u0105gach komunikacyjnych, mo\u017cna stosowa\u0107 zgodne z obowi\u0105zuj\u0105cymi przepisami<a href=\"https:\/\/www.znakowo.pl\/znaki-drogowe\/\"> znaki drogowe<\/a>.<\/p>\n\n\n\n<div class=\"product-big\">\r\n    <div class=\"col-xs-12 col-md-5\">\r\n        <div class=\"product-big-img\"> \r\n                        <a href=\"https:\/\/www.znakowo.pl\/produkt\/farba-drogowa-biala-zolta-w-sprayu-m-markers-do-betonu-do-malowania-linii,m-markers,10408.html\" \/><img decoding=\"async\" src=\"https:\/\/tdc.znakowo.pl\/thumbs\/farba-drogowa-biala-zolta-w-sprayu-m-markers-do-betonu-do-malowania-linii-25325-10408-500-500-0.jpg\" alt=\"Farba drogowa bia\u0142a, \u017c\u00f3\u0142ta w sprayu M-Markers do betonu, do malowania linii - Drogi transportowe w magazynie lub na hali \u2013 szeroko\u015b\u0107, przepisy i oznakowanie\" title=\"Farba drogowa bia\u0142a, \u017c\u00f3\u0142ta w sprayu M-Markers do betonu, do malowania linii - Drogi transportowe w magazynie lub na hali \u2013 szeroko\u015b\u0107, przepisy i oznakowanie\" \/><\/a>\r\n        <\/div>  \r\n    <\/div>    \r\n    <div class=\"col-xs-12 col-md-7\">\r\n        <div class=\"product-big-content\">\r\n            <div class=\"product-big-title\">\r\n                <a href=\"https:\/\/www.znakowo.pl\/produkt\/farba-drogowa-biala-zolta-w-sprayu-m-markers-do-betonu-do-malowania-linii,m-markers,10408.html\">Farba drogowa bia\u0142a, \u017c\u00f3\u0142ta w sprayu M-Markers do betonu, do malowania linii<\/a>\r\n            <\/div>    \r\n            <div class=\"product-big-content\">\r\n                            <\/div>\r\n            <div class=\"product-buttons\">\r\n                                  <a class=\"product-price\">od <span>49,20<\/span> z\u0142<\/a>\r\n                                <a href=\"https:\/\/www.znakowo.pl\/produkt\/farba-drogowa-biala-zolta-w-sprayu-m-markers-do-betonu-do-malowania-linii,m-markers,10408.html\" class=\"product-link\">Kup<\/a>\r\n            <\/div>\r\n        <\/div>\r\n    <\/div> \r\n    <div class=\"clearfix\"><\/div>  \r\n<\/div>\r\n\r\n\n\n\n<div class=\"product-big\">\r\n    <div class=\"col-xs-12 col-md-5\">\r\n        <div class=\"product-big-img\"> \r\n                        <a href=\"https:\/\/www.znakowo.pl\/produkt\/wozek-do-malowania-linii-drogowych-sprayem-m-markers,m-markers-wozek,10409.html\" \/><img decoding=\"async\" src=\"https:\/\/tdc.znakowo.pl\/thumbs\/malowanie-linii-wozkiem-do-sprayow-drogowych-25245-10409-500-500-0.jpg\" alt=\"W\u00f3zek do malowania linii drogowych sprayem M-Markers - Drogi transportowe w magazynie lub na hali \u2013 szeroko\u015b\u0107, przepisy i oznakowanie\" title=\"W\u00f3zek do malowania linii drogowych sprayem M-Markers - Drogi transportowe w magazynie lub na hali \u2013 szeroko\u015b\u0107, przepisy i oznakowanie\" \/><\/a>\r\n        <\/div>  \r\n    <\/div>    \r\n    <div class=\"col-xs-12 col-md-7\">\r\n        <div class=\"product-big-content\">\r\n            <div class=\"product-big-title\">\r\n                <a href=\"https:\/\/www.znakowo.pl\/produkt\/wozek-do-malowania-linii-drogowych-sprayem-m-markers,m-markers-wozek,10409.html\">W\u00f3zek do malowania linii drogowych sprayem M-Markers<\/a>\r\n            <\/div>    \r\n            <div class=\"product-big-content\">\r\n                            <\/div>\r\n            <div class=\"product-buttons\">\r\n                                  <a class=\"product-price\">od <span>503,07<\/span> z\u0142<\/a>\r\n                                <a href=\"https:\/\/www.znakowo.pl\/produkt\/wozek-do-malowania-linii-drogowych-sprayem-m-markers,m-markers-wozek,10409.html\" class=\"product-link\">Kup<\/a>\r\n            <\/div>\r\n        <\/div>\r\n    <\/div> \r\n    <div class=\"clearfix\"><\/div>  \r\n<\/div>\r\n\r\n\n","protected":false},"excerpt":{"rendered":"<p>Ze wzgl\u0119d\u00f3w bezpiecze\u0144stwa wewn\u0105trzzak\u0142adowe drogi transportowe musz\u0105 spe\u0142nia\u0107 okre\u015blone wymagania i by\u0107 odpowiednio oznakowane. Sprawdzamy, co na temat ci\u0105g\u00f3w komunikacyjnych w takich miejscach jak magazyny czy hale produkcyjne m\u00f3wi\u0105 przepisy i o czym trzeba pami\u0119ta\u0107, wyznaczaj\u0105c drogi komunikacyjne.<\/p>\n","protected":false},"author":3,"featured_media":4806,"comment_status":"closed","ping_status":"closed","sticky":false,"template":"","format":"standard","meta":{"_acf_changed":false,"footnotes":""},"categories":[118,1307],"tags":[],"class_list":["post-4803","post","type-post","status-publish","format-standard","has-post-thumbnail","hentry","category-oznakowanie-obiektow","category-bhp"],"acf":[],"yoast_head":"<!-- This site is optimized with the Yoast SEO plugin v27.4 - https:\/\/yoast.com\/product\/yoast-seo-wordpress\/ -->\n<title>Drogi transportowe w magazynie, na hali: szeroko\u015b\u0107, przepisy i oznakowanie<\/title>\n<meta name=\"description\" content=\"Jak powinny wygl\u0105da\u0107 drogi transportowe w magazynie, lub na hali? Jaka powinny mie\u0107 szeroko\u015b\u0107, co m\u00f3wi\u0105 przepisy i kt\u00f3re elementy s\u0105 przydatne przy oznakowaniu?\" \/>\n<meta name=\"robots\" content=\"index, follow, max-snippet:-1, max-image-preview:large, max-video-preview:-1\" \/>\n<link rel=\"canonical\" href=\"https:\/\/www.znakowo.pl\/blog\/drogi-transportowe-w-magazynie-lub-na-hali\/\" \/>\n<meta property=\"og:locale\" content=\"pl_PL\" \/>\n<meta property=\"og:type\" content=\"article\" \/>\n<meta property=\"og:title\" content=\"Drogi transportowe w magazynie, na hali: szeroko\u015b\u0107, przepisy i oznakowanie\" \/>\n<meta property=\"og:description\" content=\"Jak powinny wygl\u0105da\u0107 drogi transportowe w magazynie, lub na hali? Jaka powinny mie\u0107 szeroko\u015b\u0107, co m\u00f3wi\u0105 przepisy i kt\u00f3re elementy s\u0105 przydatne przy oznakowaniu?\" \/>\n<meta property=\"og:url\" content=\"https:\/\/www.znakowo.pl\/blog\/drogi-transportowe-w-magazynie-lub-na-hali\/\" \/>\n<meta property=\"og:site_name\" content=\"Blog znakowo.pl\" \/>\n<meta property=\"article:publisher\" content=\"https:\/\/www.facebook.com\/Znakowo\/\" \/>\n<meta property=\"article:published_time\" content=\"2022-06-29T15:41:35+00:00\" \/>\n<meta property=\"article:modified_time\" content=\"2025-04-14T17:08:31+00:00\" \/>\n<meta property=\"og:image\" content=\"https:\/\/www.znakowo.pl\/blog\/wp-content\/uploads\/2022\/06\/warehouse-industrial-building-interior-with-people-forklifts-handling-goods-storage-area-scaled.jpg\" \/>\n\t<meta property=\"og:image:width\" content=\"2560\" \/>\n\t<meta property=\"og:image:height\" content=\"1709\" \/>\n\t<meta property=\"og:image:type\" content=\"image\/jpeg\" \/>\n<meta name=\"author\" content=\"Julita Krzemi\u0144ska\" \/>\n<meta name=\"twitter:card\" content=\"summary_large_image\" \/>\n<meta name=\"twitter:label1\" content=\"Napisane przez\" \/>\n\t<meta name=\"twitter:data1\" content=\"Julita Krzemi\u0144ska\" \/>\n\t<meta name=\"twitter:label2\" content=\"Szacowany czas czytania\" \/>\n\t<meta name=\"twitter:data2\" content=\"8 minut\" \/>\n<script type=\"application\/ld+json\" class=\"yoast-schema-graph\">{\"@context\":\"https:\\\/\\\/schema.org\",\"@graph\":[{\"@type\":\"Article\",\"@id\":\"https:\\\/\\\/www.znakowo.pl\\\/blog\\\/drogi-transportowe-w-magazynie-lub-na-hali\\\/#article\",\"isPartOf\":{\"@id\":\"https:\\\/\\\/www.znakowo.pl\\\/blog\\\/drogi-transportowe-w-magazynie-lub-na-hali\\\/\"},\"author\":{\"name\":\"Julita Krzemi\u0144ska\",\"@id\":\"https:\\\/\\\/www.znakowo.pl\\\/blog\\\/#\\\/schema\\\/person\\\/a29ddb53515b4cfd337f1582146267d9\"},\"headline\":\"Drogi transportowe w magazynie lub na hali \u2013 szeroko\u015b\u0107, przepisy i oznakowanie\",\"datePublished\":\"2022-06-29T15:41:35+00:00\",\"dateModified\":\"2025-04-14T17:08:31+00:00\",\"mainEntityOfPage\":{\"@id\":\"https:\\\/\\\/www.znakowo.pl\\\/blog\\\/drogi-transportowe-w-magazynie-lub-na-hali\\\/\"},\"wordCount\":1420,\"publisher\":{\"@id\":\"https:\\\/\\\/www.znakowo.pl\\\/blog\\\/#organization\"},\"image\":{\"@id\":\"https:\\\/\\\/www.znakowo.pl\\\/blog\\\/drogi-transportowe-w-magazynie-lub-na-hali\\\/#primaryimage\"},\"thumbnailUrl\":\"https:\\\/\\\/www.znakowo.pl\\\/blog\\\/wp-content\\\/uploads\\\/2022\\\/06\\\/warehouse-industrial-building-interior-with-people-forklifts-handling-goods-storage-area-scaled.jpg\",\"articleSection\":[\"Oznakowanie obiekt\u00f3w\",\"Przepisy BHP\"],\"inLanguage\":\"pl-PL\"},{\"@type\":\"WebPage\",\"@id\":\"https:\\\/\\\/www.znakowo.pl\\\/blog\\\/drogi-transportowe-w-magazynie-lub-na-hali\\\/\",\"url\":\"https:\\\/\\\/www.znakowo.pl\\\/blog\\\/drogi-transportowe-w-magazynie-lub-na-hali\\\/\",\"name\":\"Drogi transportowe w magazynie, na hali: szeroko\u015b\u0107, przepisy i oznakowanie\",\"isPartOf\":{\"@id\":\"https:\\\/\\\/www.znakowo.pl\\\/blog\\\/#website\"},\"primaryImageOfPage\":{\"@id\":\"https:\\\/\\\/www.znakowo.pl\\\/blog\\\/drogi-transportowe-w-magazynie-lub-na-hali\\\/#primaryimage\"},\"image\":{\"@id\":\"https:\\\/\\\/www.znakowo.pl\\\/blog\\\/drogi-transportowe-w-magazynie-lub-na-hali\\\/#primaryimage\"},\"thumbnailUrl\":\"https:\\\/\\\/www.znakowo.pl\\\/blog\\\/wp-content\\\/uploads\\\/2022\\\/06\\\/warehouse-industrial-building-interior-with-people-forklifts-handling-goods-storage-area-scaled.jpg\",\"datePublished\":\"2022-06-29T15:41:35+00:00\",\"dateModified\":\"2025-04-14T17:08:31+00:00\",\"description\":\"Jak powinny wygl\u0105da\u0107 drogi transportowe w magazynie, lub na hali? Jaka powinny mie\u0107 szeroko\u015b\u0107, co m\u00f3wi\u0105 przepisy i kt\u00f3re elementy s\u0105 przydatne przy oznakowaniu?\",\"breadcrumb\":{\"@id\":\"https:\\\/\\\/www.znakowo.pl\\\/blog\\\/drogi-transportowe-w-magazynie-lub-na-hali\\\/#breadcrumb\"},\"inLanguage\":\"pl-PL\",\"potentialAction\":[{\"@type\":\"ReadAction\",\"target\":[\"https:\\\/\\\/www.znakowo.pl\\\/blog\\\/drogi-transportowe-w-magazynie-lub-na-hali\\\/\"]}]},{\"@type\":\"ImageObject\",\"inLanguage\":\"pl-PL\",\"@id\":\"https:\\\/\\\/www.znakowo.pl\\\/blog\\\/drogi-transportowe-w-magazynie-lub-na-hali\\\/#primaryimage\",\"url\":\"https:\\\/\\\/www.znakowo.pl\\\/blog\\\/wp-content\\\/uploads\\\/2022\\\/06\\\/warehouse-industrial-building-interior-with-people-forklifts-handling-goods-storage-area-scaled.jpg\",\"contentUrl\":\"https:\\\/\\\/www.znakowo.pl\\\/blog\\\/wp-content\\\/uploads\\\/2022\\\/06\\\/warehouse-industrial-building-interior-with-people-forklifts-handling-goods-storage-area-scaled.jpg\",\"width\":2560,\"height\":1709,\"caption\":\"Warehouse industrial building interior with people and forklifts handling goods in storage area.\"},{\"@type\":\"BreadcrumbList\",\"@id\":\"https:\\\/\\\/www.znakowo.pl\\\/blog\\\/drogi-transportowe-w-magazynie-lub-na-hali\\\/#breadcrumb\",\"itemListElement\":[{\"@type\":\"ListItem\",\"position\":1,\"name\":\"Strona g\u0142\u00f3wna\",\"item\":\"https:\\\/\\\/www.znakowo.pl\\\/blog\\\/\"},{\"@type\":\"ListItem\",\"position\":2,\"name\":\"Drogi transportowe w magazynie lub na hali \u2013 szeroko\u015b\u0107, przepisy i oznakowanie\"}]},{\"@type\":\"WebSite\",\"@id\":\"https:\\\/\\\/www.znakowo.pl\\\/blog\\\/#website\",\"url\":\"https:\\\/\\\/www.znakowo.pl\\\/blog\\\/\",\"name\":\"Blog znakowo.pl\",\"description\":\"\",\"publisher\":{\"@id\":\"https:\\\/\\\/www.znakowo.pl\\\/blog\\\/#organization\"},\"potentialAction\":[{\"@type\":\"SearchAction\",\"target\":{\"@type\":\"EntryPoint\",\"urlTemplate\":\"https:\\\/\\\/www.znakowo.pl\\\/blog\\\/?s={search_term_string}\"},\"query-input\":{\"@type\":\"PropertyValueSpecification\",\"valueRequired\":true,\"valueName\":\"search_term_string\"}}],\"inLanguage\":\"pl-PL\"},{\"@type\":\"Organization\",\"@id\":\"https:\\\/\\\/www.znakowo.pl\\\/blog\\\/#organization\",\"name\":\"Znakowo.pl\",\"url\":\"https:\\\/\\\/www.znakowo.pl\\\/blog\\\/\",\"logo\":{\"@type\":\"ImageObject\",\"inLanguage\":\"pl-PL\",\"@id\":\"https:\\\/\\\/www.znakowo.pl\\\/blog\\\/#\\\/schema\\\/logo\\\/image\\\/\",\"url\":\"https:\\\/\\\/www.znakowo.pl\\\/blog\\\/wp-content\\\/uploads\\\/2017\\\/05\\\/logo_1.png\",\"contentUrl\":\"https:\\\/\\\/www.znakowo.pl\\\/blog\\\/wp-content\\\/uploads\\\/2017\\\/05\\\/logo_1.png\",\"width\":277,\"height\":94,\"caption\":\"Znakowo.pl\"},\"image\":{\"@id\":\"https:\\\/\\\/www.znakowo.pl\\\/blog\\\/#\\\/schema\\\/logo\\\/image\\\/\"},\"sameAs\":[\"https:\\\/\\\/www.facebook.com\\\/Znakowo\\\/\"]},{\"@type\":\"Person\",\"@id\":\"https:\\\/\\\/www.znakowo.pl\\\/blog\\\/#\\\/schema\\\/person\\\/a29ddb53515b4cfd337f1582146267d9\",\"name\":\"Julita Krzemi\u0144ska\",\"image\":{\"@type\":\"ImageObject\",\"inLanguage\":\"pl-PL\",\"@id\":\"https:\\\/\\\/secure.gravatar.com\\\/avatar\\\/e6adac54b1d18b21f8567cc6208ef43409e661f1070cf8be2e6912306b99d439?s=96&d=mm&r=g\",\"url\":\"https:\\\/\\\/secure.gravatar.com\\\/avatar\\\/e6adac54b1d18b21f8567cc6208ef43409e661f1070cf8be2e6912306b99d439?s=96&d=mm&r=g\",\"contentUrl\":\"https:\\\/\\\/secure.gravatar.com\\\/avatar\\\/e6adac54b1d18b21f8567cc6208ef43409e661f1070cf8be2e6912306b99d439?s=96&d=mm&r=g\",\"caption\":\"Julita Krzemi\u0144ska\"},\"url\":\"https:\\\/\\\/www.znakowo.pl\\\/blog\\\/author\\\/jkrzeminska\\\/\"}]}<\/script>\n<!-- \/ Yoast SEO plugin. -->","yoast_head_json":{"title":"Drogi transportowe w magazynie, na hali: szeroko\u015b\u0107, przepisy i oznakowanie","description":"Jak powinny wygl\u0105da\u0107 drogi transportowe w magazynie, lub na hali? Jaka powinny mie\u0107 szeroko\u015b\u0107, co m\u00f3wi\u0105 przepisy i kt\u00f3re elementy s\u0105 przydatne przy oznakowaniu?","robots":{"index":"index","follow":"follow","max-snippet":"max-snippet:-1","max-image-preview":"max-image-preview:large","max-video-preview":"max-video-preview:-1"},"canonical":"https:\/\/www.znakowo.pl\/blog\/drogi-transportowe-w-magazynie-lub-na-hali\/","og_locale":"pl_PL","og_type":"article","og_title":"Drogi transportowe w magazynie, na hali: szeroko\u015b\u0107, przepisy i oznakowanie","og_description":"Jak powinny wygl\u0105da\u0107 drogi transportowe w magazynie, lub na hali? Jaka powinny mie\u0107 szeroko\u015b\u0107, co m\u00f3wi\u0105 przepisy i kt\u00f3re elementy s\u0105 przydatne przy oznakowaniu?","og_url":"https:\/\/www.znakowo.pl\/blog\/drogi-transportowe-w-magazynie-lub-na-hali\/","og_site_name":"Blog znakowo.pl","article_publisher":"https:\/\/www.facebook.com\/Znakowo\/","article_published_time":"2022-06-29T15:41:35+00:00","article_modified_time":"2025-04-14T17:08:31+00:00","og_image":[{"width":2560,"height":1709,"url":"https:\/\/www.znakowo.pl\/blog\/wp-content\/uploads\/2022\/06\/warehouse-industrial-building-interior-with-people-forklifts-handling-goods-storage-area-scaled.jpg","type":"image\/jpeg"}],"author":"Julita Krzemi\u0144ska","twitter_card":"summary_large_image","twitter_misc":{"Napisane przez":"Julita Krzemi\u0144ska","Szacowany czas czytania":"8 minut"},"schema":{"@context":"https:\/\/schema.org","@graph":[{"@type":"Article","@id":"https:\/\/www.znakowo.pl\/blog\/drogi-transportowe-w-magazynie-lub-na-hali\/#article","isPartOf":{"@id":"https:\/\/www.znakowo.pl\/blog\/drogi-transportowe-w-magazynie-lub-na-hali\/"},"author":{"name":"Julita Krzemi\u0144ska","@id":"https:\/\/www.znakowo.pl\/blog\/#\/schema\/person\/a29ddb53515b4cfd337f1582146267d9"},"headline":"Drogi transportowe w magazynie lub na hali \u2013 szeroko\u015b\u0107, przepisy i oznakowanie","datePublished":"2022-06-29T15:41:35+00:00","dateModified":"2025-04-14T17:08:31+00:00","mainEntityOfPage":{"@id":"https:\/\/www.znakowo.pl\/blog\/drogi-transportowe-w-magazynie-lub-na-hali\/"},"wordCount":1420,"publisher":{"@id":"https:\/\/www.znakowo.pl\/blog\/#organization"},"image":{"@id":"https:\/\/www.znakowo.pl\/blog\/drogi-transportowe-w-magazynie-lub-na-hali\/#primaryimage"},"thumbnailUrl":"https:\/\/www.znakowo.pl\/blog\/wp-content\/uploads\/2022\/06\/warehouse-industrial-building-interior-with-people-forklifts-handling-goods-storage-area-scaled.jpg","articleSection":["Oznakowanie obiekt\u00f3w","Przepisy BHP"],"inLanguage":"pl-PL"},{"@type":"WebPage","@id":"https:\/\/www.znakowo.pl\/blog\/drogi-transportowe-w-magazynie-lub-na-hali\/","url":"https:\/\/www.znakowo.pl\/blog\/drogi-transportowe-w-magazynie-lub-na-hali\/","name":"Drogi transportowe w magazynie, na hali: szeroko\u015b\u0107, przepisy i oznakowanie","isPartOf":{"@id":"https:\/\/www.znakowo.pl\/blog\/#website"},"primaryImageOfPage":{"@id":"https:\/\/www.znakowo.pl\/blog\/drogi-transportowe-w-magazynie-lub-na-hali\/#primaryimage"},"image":{"@id":"https:\/\/www.znakowo.pl\/blog\/drogi-transportowe-w-magazynie-lub-na-hali\/#primaryimage"},"thumbnailUrl":"https:\/\/www.znakowo.pl\/blog\/wp-content\/uploads\/2022\/06\/warehouse-industrial-building-interior-with-people-forklifts-handling-goods-storage-area-scaled.jpg","datePublished":"2022-06-29T15:41:35+00:00","dateModified":"2025-04-14T17:08:31+00:00","description":"Jak powinny wygl\u0105da\u0107 drogi transportowe w magazynie, lub na hali? Jaka powinny mie\u0107 szeroko\u015b\u0107, co m\u00f3wi\u0105 przepisy i kt\u00f3re elementy s\u0105 przydatne przy oznakowaniu?","breadcrumb":{"@id":"https:\/\/www.znakowo.pl\/blog\/drogi-transportowe-w-magazynie-lub-na-hali\/#breadcrumb"},"inLanguage":"pl-PL","potentialAction":[{"@type":"ReadAction","target":["https:\/\/www.znakowo.pl\/blog\/drogi-transportowe-w-magazynie-lub-na-hali\/"]}]},{"@type":"ImageObject","inLanguage":"pl-PL","@id":"https:\/\/www.znakowo.pl\/blog\/drogi-transportowe-w-magazynie-lub-na-hali\/#primaryimage","url":"https:\/\/www.znakowo.pl\/blog\/wp-content\/uploads\/2022\/06\/warehouse-industrial-building-interior-with-people-forklifts-handling-goods-storage-area-scaled.jpg","contentUrl":"https:\/\/www.znakowo.pl\/blog\/wp-content\/uploads\/2022\/06\/warehouse-industrial-building-interior-with-people-forklifts-handling-goods-storage-area-scaled.jpg","width":2560,"height":1709,"caption":"Warehouse industrial building interior with people and forklifts handling goods in storage area."},{"@type":"BreadcrumbList","@id":"https:\/\/www.znakowo.pl\/blog\/drogi-transportowe-w-magazynie-lub-na-hali\/#breadcrumb","itemListElement":[{"@type":"ListItem","position":1,"name":"Strona g\u0142\u00f3wna","item":"https:\/\/www.znakowo.pl\/blog\/"},{"@type":"ListItem","position":2,"name":"Drogi transportowe w magazynie lub na hali \u2013 szeroko\u015b\u0107, przepisy i oznakowanie"}]},{"@type":"WebSite","@id":"https:\/\/www.znakowo.pl\/blog\/#website","url":"https:\/\/www.znakowo.pl\/blog\/","name":"Blog znakowo.pl","description":"","publisher":{"@id":"https:\/\/www.znakowo.pl\/blog\/#organization"},"potentialAction":[{"@type":"SearchAction","target":{"@type":"EntryPoint","urlTemplate":"https:\/\/www.znakowo.pl\/blog\/?s={search_term_string}"},"query-input":{"@type":"PropertyValueSpecification","valueRequired":true,"valueName":"search_term_string"}}],"inLanguage":"pl-PL"},{"@type":"Organization","@id":"https:\/\/www.znakowo.pl\/blog\/#organization","name":"Znakowo.pl","url":"https:\/\/www.znakowo.pl\/blog\/","logo":{"@type":"ImageObject","inLanguage":"pl-PL","@id":"https:\/\/www.znakowo.pl\/blog\/#\/schema\/logo\/image\/","url":"https:\/\/www.znakowo.pl\/blog\/wp-content\/uploads\/2017\/05\/logo_1.png","contentUrl":"https:\/\/www.znakowo.pl\/blog\/wp-content\/uploads\/2017\/05\/logo_1.png","width":277,"height":94,"caption":"Znakowo.pl"},"image":{"@id":"https:\/\/www.znakowo.pl\/blog\/#\/schema\/logo\/image\/"},"sameAs":["https:\/\/www.facebook.com\/Znakowo\/"]},{"@type":"Person","@id":"https:\/\/www.znakowo.pl\/blog\/#\/schema\/person\/a29ddb53515b4cfd337f1582146267d9","name":"Julita Krzemi\u0144ska","image":{"@type":"ImageObject","inLanguage":"pl-PL","@id":"https:\/\/secure.gravatar.com\/avatar\/e6adac54b1d18b21f8567cc6208ef43409e661f1070cf8be2e6912306b99d439?s=96&d=mm&r=g","url":"https:\/\/secure.gravatar.com\/avatar\/e6adac54b1d18b21f8567cc6208ef43409e661f1070cf8be2e6912306b99d439?s=96&d=mm&r=g","contentUrl":"https:\/\/secure.gravatar.com\/avatar\/e6adac54b1d18b21f8567cc6208ef43409e661f1070cf8be2e6912306b99d439?s=96&d=mm&r=g","caption":"Julita Krzemi\u0144ska"},"url":"https:\/\/www.znakowo.pl\/blog\/author\/jkrzeminska\/"}]}},"_links":{"self":[{"href":"https:\/\/www.znakowo.pl\/blog\/wp-json\/wp\/v2\/posts\/4803","targetHints":{"allow":["GET"]}}],"collection":[{"href":"https:\/\/www.znakowo.pl\/blog\/wp-json\/wp\/v2\/posts"}],"about":[{"href":"https:\/\/www.znakowo.pl\/blog\/wp-json\/wp\/v2\/types\/post"}],"author":[{"embeddable":true,"href":"https:\/\/www.znakowo.pl\/blog\/wp-json\/wp\/v2\/users\/3"}],"replies":[{"embeddable":true,"href":"https:\/\/www.znakowo.pl\/blog\/wp-json\/wp\/v2\/comments?post=4803"}],"version-history":[{"count":9,"href":"https:\/\/www.znakowo.pl\/blog\/wp-json\/wp\/v2\/posts\/4803\/revisions"}],"predecessor-version":[{"id":7677,"href":"https:\/\/www.znakowo.pl\/blog\/wp-json\/wp\/v2\/posts\/4803\/revisions\/7677"}],"wp:featuredmedia":[{"embeddable":true,"href":"https:\/\/www.znakowo.pl\/blog\/wp-json\/wp\/v2\/media\/4806"}],"wp:attachment":[{"href":"https:\/\/www.znakowo.pl\/blog\/wp-json\/wp\/v2\/media?parent=4803"}],"wp:term":[{"taxonomy":"category","embeddable":true,"href":"https:\/\/www.znakowo.pl\/blog\/wp-json\/wp\/v2\/categories?post=4803"},{"taxonomy":"post_tag","embeddable":true,"href":"https:\/\/www.znakowo.pl\/blog\/wp-json\/wp\/v2\/tags?post=4803"}],"curies":[{"name":"wp","href":"https:\/\/api.w.org\/{rel}","templated":true}]}}