{"id":5067,"date":"2022-09-12T12:05:54","date_gmt":"2022-09-12T10:05:54","guid":{"rendered":"https:\/\/www.znakowo.pl\/blog\/?p=5067"},"modified":"2022-09-12T12:05:56","modified_gmt":"2022-09-12T10:05:56","slug":"przeciwpozarowy-wylacznik-pradu","status":"publish","type":"post","link":"https:\/\/www.znakowo.pl\/blog\/przeciwpozarowy-wylacznik-pradu\/","title":{"rendered":"Przeciwpo\u017carowy wy\u0142\u0105cznik pr\u0105du"},"content":{"rendered":"\n<p>Przeciwpo\u017carowy wy\u0142\u0105cznik pr\u0105du nale\u017cy do urz\u0105dze\u0144 ochrony ppo\u017c. W razie pojawienia si\u0119 ognia umo\u017cliwia od\u0142\u0105czenie dop\u0142ywu pr\u0105du i bezpieczne prowadzenie akcji ga\u015bniczej. Czy musi by\u0107 oznakowany? Jak wygl\u0105da znak przeciwpo\u017carowego wy\u0142\u0105cznika pr\u0105du i gdzie powinien by\u0107 zlokalizowany?<\/p>\n\n\n<p><!--more--><\/p>\n\n\n<p>W my\u015bl rozporz\u0105dzenia Ministra Spraw Wewn\u0119trznych i Administracji z dnia 7 czerwca 2010 r. w sprawie ochrony przeciwpo\u017carowej budynk\u00f3w, innych obiekt\u00f3w budowlanych i teren\u00f3w urz\u0105dzenia przeciwpo\u017carowe to urz\u0105dzenia s\u0142u\u017c\u0105ce do zapobiegania powstawaniu, wykrywania oraz zwalczania po\u017car\u00f3w lub ograniczania ich skutk\u00f3w (mog\u0105 to by\u0107 urz\u0105dzenia sta\u0142e lub p\u00f3\u0142sta\u0142e, uruchamiane r\u0119cznie lub samoczynnie). Jednym z urz\u0105dze\u0144 ppo\u017c. jest wy\u0142\u0105cznik pr\u0105du.<\/p>\n\n\n\n<div class=\"product-small-box-content display-flex\">\n          <a href=\"https:\/\/www.znakowo.pl\/produkt\/alarm-pozarowy-znak-przeciwpozarowy-ppoz-baf005,baf005,3599.html\" class=\"product-small\">\n          <div class=\"product-small-box\">\n              <div class=\"product-small-img\">\n                                    <img decoding=\"async\" src=\"https:\/\/tdc.znakowo.pl\/thumbs\/alarm-pozarowy-znak-przeciwpozarowy-ppoz-baf005-4814-3599-160-160-0.jpg\" alt=\"Alarm po\u017carowy - znak przeciwpo\u017carowy ppo\u017c - BAF005 - Przeciwpo\u017carowy wy\u0142\u0105cznik pr\u0105du\" title=\"Alarm po\u017carowy - znak przeciwpo\u017carowy ppo\u017c - BAF005 - Przeciwpo\u017carowy wy\u0142\u0105cznik pr\u0105du\" \/>\n              <\/div>\n              <div class=\"product-small-title\">\n                  Alarm po\u017carowy - znak przeciwpo\u017carowy ppo\u017c - BAF005              <\/div>\n          <\/div>\n      <\/a>    \n            <a href=\"https:\/\/www.znakowo.pl\/produkt\/gasnica-kolowa-znak-przeciwpozarowy-ppoz-baf009,baf009,4229.html\" class=\"product-small\">\n          <div class=\"product-small-box\">\n              <div class=\"product-small-img\">\n                                    <img decoding=\"async\" src=\"https:\/\/tdc.znakowo.pl\/thumbs\/gasnica-kolowa-znak-przeciwpozarowy-ppoz-baf009-9379-4229-160-160-0.jpg\" alt=\"Ga\u015bnica ko\u0142owa - znak przeciwpo\u017carowy ppo\u017c - BAF009 - Przeciwpo\u017carowy wy\u0142\u0105cznik pr\u0105du\" title=\"Ga\u015bnica ko\u0142owa - znak przeciwpo\u017carowy ppo\u017c - BAF009 - Przeciwpo\u017carowy wy\u0142\u0105cznik pr\u0105du\" \/>\n              <\/div>\n              <div class=\"product-small-title\">\n                  Ga\u015bnica ko\u0142owa - znak przeciwpo\u017carowy ppo\u017c - BAF009              <\/div>\n          <\/div>\n      <\/a>    \n            <a href=\"https:\/\/www.znakowo.pl\/produkt\/zamocowana-butla-gasnicza-znak-przeciwpozarowy-ppoz-baf013,baf013,4233.html\" class=\"product-small\">\n          <div class=\"product-small-box\">\n              <div class=\"product-small-img\">\n                                    <img decoding=\"async\" src=\"https:\/\/tdc.znakowo.pl\/thumbs\/zamocowana-butla-gasnicza-znak-przeciwpozarowy-ppoz-baf013-9383-4233-160-160-0.jpg\" alt=\"Zamocowana butla ga\u015bnicza - znak przeciwpo\u017carowy ppo\u017c - BAF013 - Przeciwpo\u017carowy wy\u0142\u0105cznik pr\u0105du\" title=\"Zamocowana butla ga\u015bnicza - znak przeciwpo\u017carowy ppo\u017c - BAF013 - Przeciwpo\u017carowy wy\u0142\u0105cznik pr\u0105du\" \/>\n              <\/div>\n              <div class=\"product-small-title\">\n                  Zamocowana butla ga\u015bnicza - znak przeciwpo\u017carowy ppo\u017c - BAF013              <\/div>\n          <\/div>\n      <\/a>    \n        \n    <div class=\"clearfix\"><\/div>    \n<\/div>\n\n\n\n\n<p>Konieczno\u015b\u0107 stosowania przeciwpo\u017carowych wy\u0142\u0105cznik\u00f3w pr\u0105du w instalacjach elektrycznych w budynkach wynika z zapis\u00f3w rozporz\u0105dzenia Ministra Infrastruktury w sprawie warunk\u00f3w technicznych, jakim powinny odpowiada\u0107 budynki i ich usytuowanie. M\u00f3wi o tym r\u00f3wnie\u017c rozporz\u0105dzenie w sprawie ochrony ppo\u017c. budynk\u00f3w:<\/p>\n\n\n\n<p><em>W\u0142a\u015bciciele, zarz\u0105dcy lub u\u017cytkownicy budynk\u00f3w oraz plac\u00f3w sk\u0142adowych i wiat, z wyj\u0105tkiem budynk\u00f3w mieszkalnych jednorodzinnych wyposa\u017caj\u0105 obiekty w przeciwpo\u017carowe wy\u0142\u0105czniki pr\u0105du zgodnie z przepisami techniczno-budowlanymi.<\/em><\/p>\n\n\n\n<h2 class=\"wp-block-heading\">Przeciwpo\u017carowy wy\u0142\u0105cznik pr\u0105du \u2013 przepisy<\/h2>\n\n\n\n<div class=\"product-small-box-content display-flex\">\n          <a href=\"https:\/\/www.znakowo.pl\/produkt\/znak-przeciwpozarowy-wylacznik-pradu,bb012,113.html\" class=\"product-small\">\n          <div class=\"product-small-box\">\n              <div class=\"product-small-img\">\n                                    <img decoding=\"async\" src=\"https:\/\/tdc.znakowo.pl\/thumbs\/znak-przeciwpozarowego-wylacznika-pradu-4827-113-160-160-0.jpg\" alt=\"Znak Przeciwpo\u017carowy wy\u0142\u0105cznik pr\u0105du - Przeciwpo\u017carowy wy\u0142\u0105cznik pr\u0105du\" title=\"Znak Przeciwpo\u017carowy wy\u0142\u0105cznik pr\u0105du - Przeciwpo\u017carowy wy\u0142\u0105cznik pr\u0105du\" \/>\n              <\/div>\n              <div class=\"product-small-title\">\n                  Znak Przeciwpo\u017carowy wy\u0142\u0105cznik pr\u0105du              <\/div>\n          <\/div>\n      <\/a>    \n        \n    <div class=\"clearfix\"><\/div>    \n<\/div>\n\n\n\n\n<ul class=\"wp-block-list\"><li><strong>Do czego s\u0142u\u017cy?<\/strong><\/li><\/ul>\n\n\n\n<p>Przeciwpo\u017carowy wy\u0142\u0105cznik pr\u0105du odcina dop\u0142yw pr\u0105du do wszystkich obwod\u00f3w, z wyj\u0105tkiem obwod\u00f3w zasilaj\u0105cych instalacje i urz\u0105dzenia, kt\u00f3rych funkcjonowanie jest niezb\u0119dne podczas po\u017caru.<\/p>\n\n\n\n<ul class=\"wp-block-list\"><li><strong>W jakich strefach po\u017carowych musi si\u0119 znajdowa\u0107?<\/strong><\/li><\/ul>\n\n\n\n<p>Zgodnie z przepisami wy\u0142\u0105cznik nale\u017cy stosowa\u0107 w strefach po\u017carowych przekraczaj\u0105cych 1000 m<sup>3<\/sup> lub zawieraj\u0105cych strefy zagro\u017cone wybuchem.<\/p>\n\n\n\n<ul class=\"wp-block-list\"><li><strong>Gdzie powinien by\u0107 zlokalizowany przeciwpo\u017carowy wy\u0142\u0105cznik pr\u0105du?<\/strong><\/li><\/ul>\n\n\n\n<p>Wy\u0142\u0105cznik powinien by\u0107 umieszczone w pobli\u017cu g\u0142\u00f3wnego wej\u015bcia do budynku lub z\u0142\u0105cza. Wa\u017cne, by by\u0142 umieszczony w widocznym i \u0142atwo dost\u0119pnym miejscu, aby w razie konieczno\u015bci mo\u017cna by\u0142o go szybko zlokalizowa\u0107 i odci\u0105\u0107 dop\u0142yw pr\u0105du.<\/p>\n\n\n\n<ul class=\"wp-block-list\"><li><strong>Oznakowanie<\/strong><\/li><\/ul>\n\n\n\n<p>Ppo\u017c. wy\u0142\u0105cznik pr\u0105du musi by\u0107 odpowiednio oznakowany. Do oznaczenia stosuje si\u0119 tabliczk\u0119 zgodn\u0105 z norm\u0105 PN-N-01256-4:1997 (Znaki bezpiecze\u0144stwa &#8212; Techniczne \u015brodki przeciwpo\u017carowe).<\/p>\n\n\n\n<h2 class=\"wp-block-heading\">Przeciwpo\u017carowy wy\u0142\u0105cznik pr\u0105du a &nbsp;inne \u017ar\u00f3d\u0142a energii i o\u015bwietlenie awaryjne<\/h2>\n\n\n\n<p>Przepisy wskazuj\u0105, \u017ce odci\u0119cie dop\u0142ywu pr\u0105du przeciwpo\u017carowym w\u0142\u0105cznikiem nie mo\u017ce powodowa\u0107 samoczynnego za\u0142\u0105czenia drugiego \u017ar\u00f3d\u0142a energii elektrycznej, w tym zespo\u0142u pr\u0105dotw\u00f3rczego, z wyj\u0105tkiem \u017ar\u00f3d\u0142a zasilaj\u0105cego <a href=\"https:\/\/www.znakowo.pl\/oswietlenie-antypaniczne-awaryjne\/\">o\u015bwietlenie awaryjne<\/a> (je\u015bli wyst\u0119puje ono w budynku).<\/p>\n","protected":false},"excerpt":{"rendered":"<p>Przeciwpo\u017carowy wy\u0142\u0105cznik pr\u0105du nale\u017cy do urz\u0105dze\u0144 ochrony ppo\u017c. W razie pojawienia si\u0119 ognia umo\u017cliwia od\u0142\u0105czenie dop\u0142ywu pr\u0105du i bezpieczne prowadzenie akcji ga\u015bniczej. Czy musi by\u0107 oznakowany? Jak wygl\u0105da znak przeciwpo\u017carowego wy\u0142\u0105cznika pr\u0105du i gdzie powinien by\u0107 zlokalizowany?<\/p>\n","protected":false},"author":3,"featured_media":5088,"comment_status":"closed","ping_status":"closed","sticky":false,"template":"","format":"standard","meta":{"_acf_changed":false,"footnotes":""},"categories":[420],"tags":[],"class_list":["post-5067","post","type-post","status-publish","format-standard","has-post-thumbnail","hentry","category-ppoz"],"acf":[],"yoast_head":"<!-- This site is optimized with the Yoast SEO plugin v27.4 - https:\/\/yoast.com\/product\/yoast-seo-wordpress\/ -->\n<title>Przeciwpo\u017carowy wy\u0142\u0105cznik pr\u0105du - oznakowanie, przepisy<\/title>\n<meta name=\"description\" content=\"Do czego s\u0142u\u017cy przeciwpo\u017carowy wy\u0142\u0105cznik pr\u0105du i gdzie powinien si\u0119 znajdowa\u0107? Jak\u0105 tabliczk\u0105 oznakowuje si\u0119 ppo\u017c. wy\u0142\u0105cznik pr\u0105du?\" \/>\n<meta name=\"robots\" content=\"index, follow, max-snippet:-1, max-image-preview:large, max-video-preview:-1\" \/>\n<link rel=\"canonical\" href=\"https:\/\/www.znakowo.pl\/blog\/przeciwpozarowy-wylacznik-pradu\/\" \/>\n<meta property=\"og:locale\" content=\"pl_PL\" \/>\n<meta property=\"og:type\" content=\"article\" \/>\n<meta property=\"og:title\" content=\"Przeciwpo\u017carowy wy\u0142\u0105cznik pr\u0105du - oznakowanie, przepisy\" \/>\n<meta property=\"og:description\" content=\"Do czego s\u0142u\u017cy przeciwpo\u017carowy wy\u0142\u0105cznik pr\u0105du i gdzie powinien si\u0119 znajdowa\u0107? Jak\u0105 tabliczk\u0105 oznakowuje si\u0119 ppo\u017c. wy\u0142\u0105cznik pr\u0105du?\" \/>\n<meta property=\"og:url\" content=\"https:\/\/www.znakowo.pl\/blog\/przeciwpozarowy-wylacznik-pradu\/\" \/>\n<meta property=\"og:site_name\" content=\"Blog znakowo.pl\" \/>\n<meta property=\"article:publisher\" content=\"https:\/\/www.facebook.com\/Znakowo\/\" \/>\n<meta property=\"article:published_time\" content=\"2022-09-12T10:05:54+00:00\" \/>\n<meta property=\"article:modified_time\" content=\"2022-09-12T10:05:56+00:00\" \/>\n<meta property=\"og:image\" content=\"https:\/\/www.znakowo.pl\/blog\/wp-content\/uploads\/2022\/09\/ep10-scaled.jpg\" \/>\n\t<meta property=\"og:image:width\" content=\"2560\" \/>\n\t<meta property=\"og:image:height\" content=\"2560\" \/>\n\t<meta property=\"og:image:type\" content=\"image\/jpeg\" \/>\n<meta name=\"author\" content=\"Julita Krzemi\u0144ska\" \/>\n<meta name=\"twitter:card\" content=\"summary_large_image\" \/>\n<meta name=\"twitter:label1\" content=\"Napisane przez\" \/>\n\t<meta name=\"twitter:data1\" content=\"Julita Krzemi\u0144ska\" \/>\n\t<meta name=\"twitter:label2\" content=\"Szacowany czas czytania\" \/>\n\t<meta name=\"twitter:data2\" content=\"2 minuty\" \/>\n<script type=\"application\/ld+json\" class=\"yoast-schema-graph\">{\"@context\":\"https:\\\/\\\/schema.org\",\"@graph\":[{\"@type\":\"Article\",\"@id\":\"https:\\\/\\\/www.znakowo.pl\\\/blog\\\/przeciwpozarowy-wylacznik-pradu\\\/#article\",\"isPartOf\":{\"@id\":\"https:\\\/\\\/www.znakowo.pl\\\/blog\\\/przeciwpozarowy-wylacznik-pradu\\\/\"},\"author\":{\"name\":\"Julita Krzemi\u0144ska\",\"@id\":\"https:\\\/\\\/www.znakowo.pl\\\/blog\\\/#\\\/schema\\\/person\\\/a29ddb53515b4cfd337f1582146267d9\"},\"headline\":\"Przeciwpo\u017carowy wy\u0142\u0105cznik pr\u0105du\",\"datePublished\":\"2022-09-12T10:05:54+00:00\",\"dateModified\":\"2022-09-12T10:05:56+00:00\",\"mainEntityOfPage\":{\"@id\":\"https:\\\/\\\/www.znakowo.pl\\\/blog\\\/przeciwpozarowy-wylacznik-pradu\\\/\"},\"wordCount\":460,\"publisher\":{\"@id\":\"https:\\\/\\\/www.znakowo.pl\\\/blog\\\/#organization\"},\"image\":{\"@id\":\"https:\\\/\\\/www.znakowo.pl\\\/blog\\\/przeciwpozarowy-wylacznik-pradu\\\/#primaryimage\"},\"thumbnailUrl\":\"https:\\\/\\\/www.znakowo.pl\\\/blog\\\/wp-content\\\/uploads\\\/2022\\\/09\\\/ep10-scaled.jpg\",\"articleSection\":[\"PPO\u017b\"],\"inLanguage\":\"pl-PL\"},{\"@type\":\"WebPage\",\"@id\":\"https:\\\/\\\/www.znakowo.pl\\\/blog\\\/przeciwpozarowy-wylacznik-pradu\\\/\",\"url\":\"https:\\\/\\\/www.znakowo.pl\\\/blog\\\/przeciwpozarowy-wylacznik-pradu\\\/\",\"name\":\"Przeciwpo\u017carowy wy\u0142\u0105cznik pr\u0105du - oznakowanie, przepisy\",\"isPartOf\":{\"@id\":\"https:\\\/\\\/www.znakowo.pl\\\/blog\\\/#website\"},\"primaryImageOfPage\":{\"@id\":\"https:\\\/\\\/www.znakowo.pl\\\/blog\\\/przeciwpozarowy-wylacznik-pradu\\\/#primaryimage\"},\"image\":{\"@id\":\"https:\\\/\\\/www.znakowo.pl\\\/blog\\\/przeciwpozarowy-wylacznik-pradu\\\/#primaryimage\"},\"thumbnailUrl\":\"https:\\\/\\\/www.znakowo.pl\\\/blog\\\/wp-content\\\/uploads\\\/2022\\\/09\\\/ep10-scaled.jpg\",\"datePublished\":\"2022-09-12T10:05:54+00:00\",\"dateModified\":\"2022-09-12T10:05:56+00:00\",\"description\":\"Do czego s\u0142u\u017cy przeciwpo\u017carowy wy\u0142\u0105cznik pr\u0105du i gdzie powinien si\u0119 znajdowa\u0107? Jak\u0105 tabliczk\u0105 oznakowuje si\u0119 ppo\u017c. wy\u0142\u0105cznik pr\u0105du?\",\"breadcrumb\":{\"@id\":\"https:\\\/\\\/www.znakowo.pl\\\/blog\\\/przeciwpozarowy-wylacznik-pradu\\\/#breadcrumb\"},\"inLanguage\":\"pl-PL\",\"potentialAction\":[{\"@type\":\"ReadAction\",\"target\":[\"https:\\\/\\\/www.znakowo.pl\\\/blog\\\/przeciwpozarowy-wylacznik-pradu\\\/\"]}]},{\"@type\":\"ImageObject\",\"inLanguage\":\"pl-PL\",\"@id\":\"https:\\\/\\\/www.znakowo.pl\\\/blog\\\/przeciwpozarowy-wylacznik-pradu\\\/#primaryimage\",\"url\":\"https:\\\/\\\/www.znakowo.pl\\\/blog\\\/wp-content\\\/uploads\\\/2022\\\/09\\\/ep10-scaled.jpg\",\"contentUrl\":\"https:\\\/\\\/www.znakowo.pl\\\/blog\\\/wp-content\\\/uploads\\\/2022\\\/09\\\/ep10-scaled.jpg\",\"width\":2560,\"height\":2560,\"caption\":\"Przeciwpozarowy wylacznik pradu\"},{\"@type\":\"BreadcrumbList\",\"@id\":\"https:\\\/\\\/www.znakowo.pl\\\/blog\\\/przeciwpozarowy-wylacznik-pradu\\\/#breadcrumb\",\"itemListElement\":[{\"@type\":\"ListItem\",\"position\":1,\"name\":\"Strona g\u0142\u00f3wna\",\"item\":\"https:\\\/\\\/www.znakowo.pl\\\/blog\\\/\"},{\"@type\":\"ListItem\",\"position\":2,\"name\":\"Przeciwpo\u017carowy wy\u0142\u0105cznik pr\u0105du\"}]},{\"@type\":\"WebSite\",\"@id\":\"https:\\\/\\\/www.znakowo.pl\\\/blog\\\/#website\",\"url\":\"https:\\\/\\\/www.znakowo.pl\\\/blog\\\/\",\"name\":\"Blog znakowo.pl\",\"description\":\"\",\"publisher\":{\"@id\":\"https:\\\/\\\/www.znakowo.pl\\\/blog\\\/#organization\"},\"potentialAction\":[{\"@type\":\"SearchAction\",\"target\":{\"@type\":\"EntryPoint\",\"urlTemplate\":\"https:\\\/\\\/www.znakowo.pl\\\/blog\\\/?s={search_term_string}\"},\"query-input\":{\"@type\":\"PropertyValueSpecification\",\"valueRequired\":true,\"valueName\":\"search_term_string\"}}],\"inLanguage\":\"pl-PL\"},{\"@type\":\"Organization\",\"@id\":\"https:\\\/\\\/www.znakowo.pl\\\/blog\\\/#organization\",\"name\":\"Znakowo.pl\",\"url\":\"https:\\\/\\\/www.znakowo.pl\\\/blog\\\/\",\"logo\":{\"@type\":\"ImageObject\",\"inLanguage\":\"pl-PL\",\"@id\":\"https:\\\/\\\/www.znakowo.pl\\\/blog\\\/#\\\/schema\\\/logo\\\/image\\\/\",\"url\":\"https:\\\/\\\/www.znakowo.pl\\\/blog\\\/wp-content\\\/uploads\\\/2017\\\/05\\\/logo_1.png\",\"contentUrl\":\"https:\\\/\\\/www.znakowo.pl\\\/blog\\\/wp-content\\\/uploads\\\/2017\\\/05\\\/logo_1.png\",\"width\":277,\"height\":94,\"caption\":\"Znakowo.pl\"},\"image\":{\"@id\":\"https:\\\/\\\/www.znakowo.pl\\\/blog\\\/#\\\/schema\\\/logo\\\/image\\\/\"},\"sameAs\":[\"https:\\\/\\\/www.facebook.com\\\/Znakowo\\\/\"]},{\"@type\":\"Person\",\"@id\":\"https:\\\/\\\/www.znakowo.pl\\\/blog\\\/#\\\/schema\\\/person\\\/a29ddb53515b4cfd337f1582146267d9\",\"name\":\"Julita Krzemi\u0144ska\",\"image\":{\"@type\":\"ImageObject\",\"inLanguage\":\"pl-PL\",\"@id\":\"https:\\\/\\\/secure.gravatar.com\\\/avatar\\\/e6adac54b1d18b21f8567cc6208ef43409e661f1070cf8be2e6912306b99d439?s=96&d=mm&r=g\",\"url\":\"https:\\\/\\\/secure.gravatar.com\\\/avatar\\\/e6adac54b1d18b21f8567cc6208ef43409e661f1070cf8be2e6912306b99d439?s=96&d=mm&r=g\",\"contentUrl\":\"https:\\\/\\\/secure.gravatar.com\\\/avatar\\\/e6adac54b1d18b21f8567cc6208ef43409e661f1070cf8be2e6912306b99d439?s=96&d=mm&r=g\",\"caption\":\"Julita Krzemi\u0144ska\"},\"url\":\"https:\\\/\\\/www.znakowo.pl\\\/blog\\\/author\\\/jkrzeminska\\\/\"}]}<\/script>\n<!-- \/ Yoast SEO plugin. -->","yoast_head_json":{"title":"Przeciwpo\u017carowy wy\u0142\u0105cznik pr\u0105du - oznakowanie, przepisy","description":"Do czego s\u0142u\u017cy przeciwpo\u017carowy wy\u0142\u0105cznik pr\u0105du i gdzie powinien si\u0119 znajdowa\u0107? Jak\u0105 tabliczk\u0105 oznakowuje si\u0119 ppo\u017c. wy\u0142\u0105cznik pr\u0105du?","robots":{"index":"index","follow":"follow","max-snippet":"max-snippet:-1","max-image-preview":"max-image-preview:large","max-video-preview":"max-video-preview:-1"},"canonical":"https:\/\/www.znakowo.pl\/blog\/przeciwpozarowy-wylacznik-pradu\/","og_locale":"pl_PL","og_type":"article","og_title":"Przeciwpo\u017carowy wy\u0142\u0105cznik pr\u0105du - oznakowanie, przepisy","og_description":"Do czego s\u0142u\u017cy przeciwpo\u017carowy wy\u0142\u0105cznik pr\u0105du i gdzie powinien si\u0119 znajdowa\u0107? Jak\u0105 tabliczk\u0105 oznakowuje si\u0119 ppo\u017c. wy\u0142\u0105cznik pr\u0105du?","og_url":"https:\/\/www.znakowo.pl\/blog\/przeciwpozarowy-wylacznik-pradu\/","og_site_name":"Blog znakowo.pl","article_publisher":"https:\/\/www.facebook.com\/Znakowo\/","article_published_time":"2022-09-12T10:05:54+00:00","article_modified_time":"2022-09-12T10:05:56+00:00","og_image":[{"width":2560,"height":2560,"url":"https:\/\/www.znakowo.pl\/blog\/wp-content\/uploads\/2022\/09\/ep10-scaled.jpg","type":"image\/jpeg"}],"author":"Julita Krzemi\u0144ska","twitter_card":"summary_large_image","twitter_misc":{"Napisane przez":"Julita Krzemi\u0144ska","Szacowany czas czytania":"2 minuty"},"schema":{"@context":"https:\/\/schema.org","@graph":[{"@type":"Article","@id":"https:\/\/www.znakowo.pl\/blog\/przeciwpozarowy-wylacznik-pradu\/#article","isPartOf":{"@id":"https:\/\/www.znakowo.pl\/blog\/przeciwpozarowy-wylacznik-pradu\/"},"author":{"name":"Julita Krzemi\u0144ska","@id":"https:\/\/www.znakowo.pl\/blog\/#\/schema\/person\/a29ddb53515b4cfd337f1582146267d9"},"headline":"Przeciwpo\u017carowy wy\u0142\u0105cznik pr\u0105du","datePublished":"2022-09-12T10:05:54+00:00","dateModified":"2022-09-12T10:05:56+00:00","mainEntityOfPage":{"@id":"https:\/\/www.znakowo.pl\/blog\/przeciwpozarowy-wylacznik-pradu\/"},"wordCount":460,"publisher":{"@id":"https:\/\/www.znakowo.pl\/blog\/#organization"},"image":{"@id":"https:\/\/www.znakowo.pl\/blog\/przeciwpozarowy-wylacznik-pradu\/#primaryimage"},"thumbnailUrl":"https:\/\/www.znakowo.pl\/blog\/wp-content\/uploads\/2022\/09\/ep10-scaled.jpg","articleSection":["PPO\u017b"],"inLanguage":"pl-PL"},{"@type":"WebPage","@id":"https:\/\/www.znakowo.pl\/blog\/przeciwpozarowy-wylacznik-pradu\/","url":"https:\/\/www.znakowo.pl\/blog\/przeciwpozarowy-wylacznik-pradu\/","name":"Przeciwpo\u017carowy wy\u0142\u0105cznik pr\u0105du - oznakowanie, przepisy","isPartOf":{"@id":"https:\/\/www.znakowo.pl\/blog\/#website"},"primaryImageOfPage":{"@id":"https:\/\/www.znakowo.pl\/blog\/przeciwpozarowy-wylacznik-pradu\/#primaryimage"},"image":{"@id":"https:\/\/www.znakowo.pl\/blog\/przeciwpozarowy-wylacznik-pradu\/#primaryimage"},"thumbnailUrl":"https:\/\/www.znakowo.pl\/blog\/wp-content\/uploads\/2022\/09\/ep10-scaled.jpg","datePublished":"2022-09-12T10:05:54+00:00","dateModified":"2022-09-12T10:05:56+00:00","description":"Do czego s\u0142u\u017cy przeciwpo\u017carowy wy\u0142\u0105cznik pr\u0105du i gdzie powinien si\u0119 znajdowa\u0107? Jak\u0105 tabliczk\u0105 oznakowuje si\u0119 ppo\u017c. wy\u0142\u0105cznik pr\u0105du?","breadcrumb":{"@id":"https:\/\/www.znakowo.pl\/blog\/przeciwpozarowy-wylacznik-pradu\/#breadcrumb"},"inLanguage":"pl-PL","potentialAction":[{"@type":"ReadAction","target":["https:\/\/www.znakowo.pl\/blog\/przeciwpozarowy-wylacznik-pradu\/"]}]},{"@type":"ImageObject","inLanguage":"pl-PL","@id":"https:\/\/www.znakowo.pl\/blog\/przeciwpozarowy-wylacznik-pradu\/#primaryimage","url":"https:\/\/www.znakowo.pl\/blog\/wp-content\/uploads\/2022\/09\/ep10-scaled.jpg","contentUrl":"https:\/\/www.znakowo.pl\/blog\/wp-content\/uploads\/2022\/09\/ep10-scaled.jpg","width":2560,"height":2560,"caption":"Przeciwpozarowy wylacznik pradu"},{"@type":"BreadcrumbList","@id":"https:\/\/www.znakowo.pl\/blog\/przeciwpozarowy-wylacznik-pradu\/#breadcrumb","itemListElement":[{"@type":"ListItem","position":1,"name":"Strona g\u0142\u00f3wna","item":"https:\/\/www.znakowo.pl\/blog\/"},{"@type":"ListItem","position":2,"name":"Przeciwpo\u017carowy wy\u0142\u0105cznik pr\u0105du"}]},{"@type":"WebSite","@id":"https:\/\/www.znakowo.pl\/blog\/#website","url":"https:\/\/www.znakowo.pl\/blog\/","name":"Blog znakowo.pl","description":"","publisher":{"@id":"https:\/\/www.znakowo.pl\/blog\/#organization"},"potentialAction":[{"@type":"SearchAction","target":{"@type":"EntryPoint","urlTemplate":"https:\/\/www.znakowo.pl\/blog\/?s={search_term_string}"},"query-input":{"@type":"PropertyValueSpecification","valueRequired":true,"valueName":"search_term_string"}}],"inLanguage":"pl-PL"},{"@type":"Organization","@id":"https:\/\/www.znakowo.pl\/blog\/#organization","name":"Znakowo.pl","url":"https:\/\/www.znakowo.pl\/blog\/","logo":{"@type":"ImageObject","inLanguage":"pl-PL","@id":"https:\/\/www.znakowo.pl\/blog\/#\/schema\/logo\/image\/","url":"https:\/\/www.znakowo.pl\/blog\/wp-content\/uploads\/2017\/05\/logo_1.png","contentUrl":"https:\/\/www.znakowo.pl\/blog\/wp-content\/uploads\/2017\/05\/logo_1.png","width":277,"height":94,"caption":"Znakowo.pl"},"image":{"@id":"https:\/\/www.znakowo.pl\/blog\/#\/schema\/logo\/image\/"},"sameAs":["https:\/\/www.facebook.com\/Znakowo\/"]},{"@type":"Person","@id":"https:\/\/www.znakowo.pl\/blog\/#\/schema\/person\/a29ddb53515b4cfd337f1582146267d9","name":"Julita Krzemi\u0144ska","image":{"@type":"ImageObject","inLanguage":"pl-PL","@id":"https:\/\/secure.gravatar.com\/avatar\/e6adac54b1d18b21f8567cc6208ef43409e661f1070cf8be2e6912306b99d439?s=96&d=mm&r=g","url":"https:\/\/secure.gravatar.com\/avatar\/e6adac54b1d18b21f8567cc6208ef43409e661f1070cf8be2e6912306b99d439?s=96&d=mm&r=g","contentUrl":"https:\/\/secure.gravatar.com\/avatar\/e6adac54b1d18b21f8567cc6208ef43409e661f1070cf8be2e6912306b99d439?s=96&d=mm&r=g","caption":"Julita Krzemi\u0144ska"},"url":"https:\/\/www.znakowo.pl\/blog\/author\/jkrzeminska\/"}]}},"_links":{"self":[{"href":"https:\/\/www.znakowo.pl\/blog\/wp-json\/wp\/v2\/posts\/5067","targetHints":{"allow":["GET"]}}],"collection":[{"href":"https:\/\/www.znakowo.pl\/blog\/wp-json\/wp\/v2\/posts"}],"about":[{"href":"https:\/\/www.znakowo.pl\/blog\/wp-json\/wp\/v2\/types\/post"}],"author":[{"embeddable":true,"href":"https:\/\/www.znakowo.pl\/blog\/wp-json\/wp\/v2\/users\/3"}],"replies":[{"embeddable":true,"href":"https:\/\/www.znakowo.pl\/blog\/wp-json\/wp\/v2\/comments?post=5067"}],"version-history":[{"count":1,"href":"https:\/\/www.znakowo.pl\/blog\/wp-json\/wp\/v2\/posts\/5067\/revisions"}],"predecessor-version":[{"id":5068,"href":"https:\/\/www.znakowo.pl\/blog\/wp-json\/wp\/v2\/posts\/5067\/revisions\/5068"}],"wp:featuredmedia":[{"embeddable":true,"href":"https:\/\/www.znakowo.pl\/blog\/wp-json\/wp\/v2\/media\/5088"}],"wp:attachment":[{"href":"https:\/\/www.znakowo.pl\/blog\/wp-json\/wp\/v2\/media?parent=5067"}],"wp:term":[{"taxonomy":"category","embeddable":true,"href":"https:\/\/www.znakowo.pl\/blog\/wp-json\/wp\/v2\/categories?post=5067"},{"taxonomy":"post_tag","embeddable":true,"href":"https:\/\/www.znakowo.pl\/blog\/wp-json\/wp\/v2\/tags?post=5067"}],"curies":[{"name":"wp","href":"https:\/\/api.w.org\/{rel}","templated":true}]}}