{"id":5398,"date":"2023-01-05T13:44:52","date_gmt":"2023-01-05T12:44:52","guid":{"rendered":"https:\/\/www.znakowo.pl\/blog\/?p=5398"},"modified":"2024-03-26T10:56:17","modified_gmt":"2024-03-26T09:56:17","slug":"wyposazenie-auta-za-granica-o-czym-warto-pamietac","status":"publish","type":"post","link":"https:\/\/www.znakowo.pl\/blog\/wyposazenie-auta-za-granica-o-czym-warto-pamietac\/","title":{"rendered":"Wyposa\u017cenie auta za granic\u0105 \u2013 o czym warto pami\u0119ta\u0107?"},"content":{"rendered":"\n<p>Wyposa\u017cenie auta za granic\u0105, czyli co warto mie\u0107 w samochodzie, wyruszaj\u0105c w podr\u00f3\u017c. Sprawd\u017a, jakie elementy wyposa\u017cenia s\u0105 obowi\u0105zkowe w innych krajach i czy za ich brak mo\u017cna zosta\u0107 ukaranym mandatem.<\/p>\n\n\n<p><!--more--><\/p>\n\n\n<div id=\"ez-toc-container\" class=\"ez-toc-v2_0_82_2 counter-hierarchy ez-toc-counter ez-toc-grey ez-toc-container-direction\">\n<div class=\"ez-toc-title-container\">\n<p class=\"ez-toc-title\" style=\"cursor:inherit\">Spis tre\u015bci<\/p>\n<span class=\"ez-toc-title-toggle\"><a href=\"#\" class=\"ez-toc-pull-right ez-toc-btn ez-toc-btn-xs ez-toc-btn-default ez-toc-toggle\" aria-label=\"Prze\u0142\u0105cznik Spisu Tre\u015bci\"><span class=\"ez-toc-js-icon-con\"><span class=\"\"><span class=\"eztoc-hide\" style=\"display:none;\">Toggle<\/span><span class=\"ez-toc-icon-toggle-span\"><svg style=\"fill: #999;color:#999\" xmlns=\"http:\/\/www.w3.org\/2000\/svg\" class=\"list-377408\" width=\"20px\" height=\"20px\" viewBox=\"0 0 24 24\" fill=\"none\"><path d=\"M6 6H4v2h2V6zm14 0H8v2h12V6zM4 11h2v2H4v-2zm16 0H8v2h12v-2zM4 16h2v2H4v-2zm16 0H8v2h12v-2z\" fill=\"currentColor\"><\/path><\/svg><svg style=\"fill: #999;color:#999\" class=\"arrow-unsorted-368013\" xmlns=\"http:\/\/www.w3.org\/2000\/svg\" width=\"10px\" height=\"10px\" viewBox=\"0 0 24 24\" version=\"1.2\" baseProfile=\"tiny\"><path d=\"M18.2 9.3l-6.2-6.3-6.2 6.3c-.2.2-.3.4-.3.7s.1.5.3.7c.2.2.4.3.7.3h11c.3 0 .5-.1.7-.3.2-.2.3-.5.3-.7s-.1-.5-.3-.7zM5.8 14.7l6.2 6.3 6.2-6.3c.2-.2.3-.5.3-.7s-.1-.5-.3-.7c-.2-.2-.4-.3-.7-.3h-11c-.3 0-.5.1-.7.3-.2.2-.3.5-.3.7s.1.5.3.7z\"\/><\/svg><\/span><\/span><\/span><\/a><\/span><\/div>\n<nav><ul class='ez-toc-list ez-toc-list-level-1 ' ><li class='ez-toc-page-1 ez-toc-heading-level-2'><a class=\"ez-toc-link ez-toc-heading-1\" href=\"https:\/\/www.znakowo.pl\/blog\/wyposazenie-auta-za-granica-o-czym-warto-pamietac\/#Obowiazkowe_elementy_wyposazenia_samochodu_w_Polsce\" >Obowi\u0105zkowe elementy wyposa\u017cenia samochodu w Polsce<\/a><\/li><li class='ez-toc-page-1 ez-toc-heading-level-2'><a class=\"ez-toc-link ez-toc-heading-2\" href=\"https:\/\/www.znakowo.pl\/blog\/wyposazenie-auta-za-granica-o-czym-warto-pamietac\/#Konwencja_Wiedenska_%E2%80%93_teoria_a_praktyka\" >Konwencja Wiede\u0144ska \u2013 teoria a praktyka<\/a><\/li><li class='ez-toc-page-1 ez-toc-heading-level-2'><a class=\"ez-toc-link ez-toc-heading-3\" href=\"https:\/\/www.znakowo.pl\/blog\/wyposazenie-auta-za-granica-o-czym-warto-pamietac\/#Obowiazkowe_wyposazenie_auta_za_granica\" >Obowi\u0105zkowe wyposa\u017cenie auta za granic\u0105<\/a><\/li><\/ul><\/nav><\/div>\n<h2 class=\"wp-block-heading\"><span class=\"ez-toc-section\" id=\"Obowiazkowe_elementy_wyposazenia_samochodu_w_Polsce\"><\/span>Obowi\u0105zkowe elementy wyposa\u017cenia samochodu w Polsce<span class=\"ez-toc-section-end\"><\/span><\/h2>\n\n\n\n<p>Obowi\u0105zkowymi elementami wyposa\u017cenia dla prywatnych samochod\u00f3w osobowych zarejestrowanych w Polsce s\u0105:<\/p>\n\n\n\n<ul class=\"wp-block-list\">\n<li>odblaskowy tr\u00f3jk\u0105t ostrzegawczy,<\/li>\n\n\n\n<li>ga\u015bnica.<\/li>\n<\/ul>\n\n\n<div class=\"product-small-box-content display-flex\">\n          <a href=\"https:\/\/www.znakowo.pl\/produkt\/gasnica-proszkowa-1kg-bc-gaz-tech-gp-1z-samochodowa,1a010,4293.html\" class=\"product-small\">\n          <div class=\"product-small-box\">\n              <div class=\"product-small-img\">\n                                    <img decoding=\"async\" src=\"https:\/\/tdc.znakowo.pl\/thumbs\/gasnica-proszkowa-1kg-bc-gaz-tech-gp-1z-samochodowa-22383-4293-160-160-0.jpg\" alt=\"Ga\u015bnica proszkowa 1kg B\/C - Gaz-Tech GP-1Z - samochodowa - Wyposa\u017cenie auta za granic\u0105 \u2013 o czym warto pami\u0119ta\u0107?\" title=\"Ga\u015bnica proszkowa 1kg B\/C - Gaz-Tech GP-1Z - samochodowa - Wyposa\u017cenie auta za granic\u0105 \u2013 o czym warto pami\u0119ta\u0107?\" \/>\n              <\/div>\n              <div class=\"product-small-title\">\n                  Ga\u015bnica proszkowa 1kg B\/C - Gaz-Tech GP-1Z - samochodowa              <\/div>\n          <\/div>\n      <\/a>    \n            <a href=\"https:\/\/www.znakowo.pl\/produkt\/trojkat-ostrzegawczy,2b011,4046.html\" class=\"product-small\">\n          <div class=\"product-small-box\">\n              <div class=\"product-small-img\">\n                                    <img decoding=\"async\" src=\"https:\/\/tdc.znakowo.pl\/thumbs\/trojkat-ostrzegawczy-25174-4046-160-160-0.jpg\" alt=\"Tr\u00f3jk\u0105t ostrzegawczy - Wyposa\u017cenie auta za granic\u0105 \u2013 o czym warto pami\u0119ta\u0107?\" title=\"Tr\u00f3jk\u0105t ostrzegawczy - Wyposa\u017cenie auta za granic\u0105 \u2013 o czym warto pami\u0119ta\u0107?\" \/>\n              <\/div>\n              <div class=\"product-small-title\">\n                  Tr\u00f3jk\u0105t ostrzegawczy              <\/div>\n          <\/div>\n      <\/a>    \n        \n    <div class=\"clearfix\"><\/div>    \n<\/div>\n\n\n\n\n<p>W aucie warto wozi\u0107 r\u00f3wnie\u017c <a href=\"https:\/\/www.znakowo.pl\/apteczki-samochodowe-autobusowe-przewoz-osob\/\" target=\"_blank\" rel=\"noreferrer noopener\">apteczki samochodowe<\/a> oraz kamizelk\u0119 odblaskow\u0105. Dlaczego? <a href=\"https:\/\/www.znakowo.pl\/wyposazenie-apteczki-pierwszej-pomocy-i-akcesoria\/\">Wyposa\u017cenie apteczki<\/a> u\u0142atwia udzielenie pierwszej pomocy przedmedycznej, a zgodnie z przepisami ka\u017cdy, kto jest \u015bwiadkiem wypadku, ma obowi\u0105zek udzielenia pomocy poszkodowanym. Z kolei kamizelka odblaskowa mo\u017ce przyda\u0107 si\u0119 poza terenem zabudowanym, np. je\u015bli auto uleg\u0142o awarii. Kierowca, wychodz\u0105c z samochodu, staje si\u0119 pieszym. Zgodnie z Kodeksem drogowym poza obszarem zabudowanym piesi maj\u0105 obowi\u0105zek noszenia odblask\u00f3w.<\/p>\n\n\n<div class=\"product-small-box-content display-flex\">\n          <a href=\"https:\/\/www.znakowo.pl\/produkt\/apteczka-samochodowa-din-13164,pk-din-material,6181.html\" class=\"product-small\">\n          <div class=\"product-small-box\">\n              <div class=\"product-small-img\">\n                                    <img decoding=\"async\" src=\"https:\/\/tdc.znakowo.pl\/thumbs\/apteczka-pierwszej-pomocy-samochodowa-z-wyposazeniem-din-13164-25207-6181-160-160-0.jpg\" alt=\"Apteczka samochodowa DIN 13164 - Wyposa\u017cenie auta za granic\u0105 \u2013 o czym warto pami\u0119ta\u0107?\" title=\"Apteczka samochodowa DIN 13164 - Wyposa\u017cenie auta za granic\u0105 \u2013 o czym warto pami\u0119ta\u0107?\" \/>\n              <\/div>\n              <div class=\"product-small-title\">\n                  Apteczka samochodowa DIN 13164              <\/div>\n          <\/div>\n      <\/a>    \n            <a href=\"https:\/\/www.znakowo.pl\/produkt\/kamizelka-ostrzegawcza-odblaskowa,2b010,4045.html\" class=\"product-small\">\n          <div class=\"product-small-box\">\n              <div class=\"product-small-img\">\n                                    <img decoding=\"async\" src=\"https:\/\/tdc.znakowo.pl\/thumbs\/kamizelka-ostrzegawcza-odblaskowa-7164-4045-160-160-0.jpg\" alt=\"Kamizelka ostrzegawcza odblaskowa - Wyposa\u017cenie auta za granic\u0105 \u2013 o czym warto pami\u0119ta\u0107?\" title=\"Kamizelka ostrzegawcza odblaskowa - Wyposa\u017cenie auta za granic\u0105 \u2013 o czym warto pami\u0119ta\u0107?\" \/>\n              <\/div>\n              <div class=\"product-small-title\">\n                  Kamizelka ostrzegawcza odblaskowa              <\/div>\n          <\/div>\n      <\/a>    \n        \n    <div class=\"clearfix\"><\/div>    \n<\/div>\n\n\n\n\n<h2 class=\"wp-block-heading\"><span class=\"ez-toc-section\" id=\"Konwencja_Wiedenska_%E2%80%93_teoria_a_praktyka\"><\/span>Konwencja Wiede\u0144ska \u2013 teoria a praktyka<span class=\"ez-toc-section-end\"><\/span><\/h2>\n\n\n\n<p>Zgodnie z Konwencj\u0105 Wiede\u0144sk\u0105 samoch\u00f3d poruszaj\u0105cy si\u0119 po krajach, kt\u00f3re s\u0105 stronami tej konwencji, musi by\u0107 wyposa\u017cony jedynie w te elementy, kt\u00f3re s\u0105 obowi\u0105zkowe w kraju jego zarejestrowania. Oznacza to, \u017ce jad\u0105c do Czech samochodem zarejestrowanym w Polsce, nie musimy mie\u0107 kompletu bezpiecznik\u00f3w lub \u017car\u00f3wek, kt\u00f3re s\u0105 wymagane przez tamtejsze przepisy. W teorii policjant nie ma prawa ukara\u0107 nas mandatem. A w praktyce? Bywa r\u00f3\u017cnie, szczeg\u00f3lnie je\u015bli trafi si\u0119 nadgorliwy policjant. Dla spokoju lepiej zaopatrzy\u0107 si\u0119 w elementy wyposa\u017cenia, kt\u00f3re s\u0105 obowi\u0105zkowe w danym kraju.<\/p>\n\n\n\n<h2 class=\"wp-block-heading\"><span class=\"ez-toc-section\" id=\"Obowiazkowe_wyposazenie_auta_za_granica\"><\/span>Obowi\u0105zkowe wyposa\u017cenie auta za granic\u0105<span class=\"ez-toc-section-end\"><\/span><\/h2>\n\n\n\n<p>W Polsce trzeba mie\u0107 w samochodzie jedynie ga\u015bnic\u0119 i tr\u00f3jk\u0105t. A jakie jest obowi\u0105zkowe wyposa\u017cenie auta za granic\u0105? Sprawd\u017a, jak wygl\u0105da to w niekt\u00f3rych europejskich krajach.<\/p>\n\n\n\n<ul class=\"wp-block-list\">\n<li><strong>Niemcy<\/strong>: apteczka, tr\u00f3jk\u0105t, kamizelka.<\/li>\n\n\n\n<li><strong>Czechy<\/strong>: ga\u015bnica, apteczka, tr\u00f3jk\u0105t, kamizelka, komplet bezpiecznik\u00f3w i \u017car\u00f3wek, ko\u0142o zapasowe i narz\u0119dzia.<\/li>\n\n\n\n<li><strong>S\u0142owacja: <\/strong>ga\u015bnica, apteczka, tr\u00f3jk\u0105t, kamizelka, komplet bezpiecznik\u00f3w i \u017car\u00f3wek, ko\u0142o zapasowe i narz\u0119dzia, linka holownicza.<\/li>\n\n\n\n<li><strong>W\u0142ochy: <\/strong>tr\u00f3jk\u0105t, kamizelka.<\/li>\n\n\n\n<li><strong>Grecja:<\/strong> ga\u015bnica, apteczka, tr\u00f3jk\u0105t.<\/li>\n\n\n\n<li><strong>Austria:<\/strong> ga\u015bnica, apteczka, tr\u00f3jk\u0105t, kamizelka.<\/li>\n\n\n\n<li><strong>Dania:<\/strong> tr\u00f3jk\u0105t.<\/li>\n\n\n\n<li><strong>Francja: <\/strong>tr\u00f3jk\u0105t, kamizelka, komplet bezpiecznik\u00f3w i \u017car\u00f3wek, zabezpieczenie antyw\u0142amaniowe.<\/li>\n\n\n\n<li><strong>Holandia:<\/strong> tr\u00f3jk\u0105t.<\/li>\n<\/ul>\n\n\n\n<div class=\"schema-faq wp-block-yoast-faq-block\"><div class=\"schema-faq-section\" id=\"faq-question-1672329895487\"><strong class=\"schema-faq-question\"><strong>W kt\u00f3rych krajach dzia\u0142a Konwencja Wiede\u0144ska?<\/strong><\/strong> <p class=\"schema-faq-answer\">Konwencja Wiede\u0144ska obowi\u0105zuje w wi\u0119kszo\u015bci europejskich kraj\u00f3w, a tak\u017ce w niekt\u00f3rych krajach azjatyckich, afryka\u0144skich oraz ameryki \u015brodkowej i po\u0142udniowej (<a href=\"https:\/\/treaties.un.org\/Pages\/ViewDetailsIII.aspx?src=TREATY&amp;mtdsg_no=XI-B-19&amp;chapter=11&amp;Temp=mtdsg3&amp;clang=_en#6\" target=\"_blank\" rel=\"noreferrer noopener\">pe\u0142ny wykaz<\/a>).<\/p> <\/div> <\/div>\n","protected":false},"excerpt":{"rendered":"<p>Wyposa\u017cenie auta za granic\u0105, czyli co warto mie\u0107 w samochodzie, wyruszaj\u0105c w podr\u00f3\u017c. Sprawd\u017a, jakie elementy wyposa\u017cenia s\u0105 obowi\u0105zkowe w innych krajach i czy za ich brak mo\u017cna zosta\u0107 ukaranym mandatem.<\/p>\n","protected":false},"author":3,"featured_media":5416,"comment_status":"closed","ping_status":"closed","sticky":false,"template":"","format":"standard","meta":{"_acf_changed":false,"footnotes":""},"categories":[657],"tags":[],"class_list":["post-5398","post","type-post","status-publish","format-standard","has-post-thumbnail","hentry","category-bezpieczenstwo-ruchu-drogowego"],"acf":[],"yoast_head":"<!-- This site is optimized with the Yoast SEO plugin v27.4 - https:\/\/yoast.com\/product\/yoast-seo-wordpress\/ -->\n<title>Wyposa\u017cenie auta za granic\u0105 - co warto mie\u0107 w samochodzie?<\/title>\n<meta name=\"description\" content=\"Czy wiesz, jakie jest obowi\u0105zkowe wyposa\u017cenie auta za granic\u0105? Sprawd\u017a, co warto mie\u0107 w samochodzie, wyruszaj\u0105c w podr\u00f3\u017c.\" \/>\n<meta name=\"robots\" content=\"index, follow, max-snippet:-1, max-image-preview:large, max-video-preview:-1\" \/>\n<link rel=\"canonical\" href=\"https:\/\/www.znakowo.pl\/blog\/wyposazenie-auta-za-granica-o-czym-warto-pamietac\/\" \/>\n<meta property=\"og:locale\" content=\"pl_PL\" \/>\n<meta property=\"og:type\" content=\"article\" \/>\n<meta property=\"og:title\" content=\"Wyposa\u017cenie auta za granic\u0105 - co warto mie\u0107 w samochodzie?\" \/>\n<meta property=\"og:description\" content=\"Czy wiesz, jakie jest obowi\u0105zkowe wyposa\u017cenie auta za granic\u0105? Sprawd\u017a, co warto mie\u0107 w samochodzie, wyruszaj\u0105c w podr\u00f3\u017c.\" \/>\n<meta property=\"og:url\" content=\"https:\/\/www.znakowo.pl\/blog\/wyposazenie-auta-za-granica-o-czym-warto-pamietac\/\" \/>\n<meta property=\"og:site_name\" content=\"Blog znakowo.pl\" \/>\n<meta property=\"article:publisher\" content=\"https:\/\/www.facebook.com\/Znakowo\/\" \/>\n<meta property=\"article:published_time\" content=\"2023-01-05T12:44:52+00:00\" \/>\n<meta property=\"article:modified_time\" content=\"2024-03-26T09:56:17+00:00\" \/>\n<meta property=\"og:image\" content=\"https:\/\/www.znakowo.pl\/blog\/wp-content\/uploads\/2022\/12\/6099952-scaled.jpg\" \/>\n\t<meta property=\"og:image:width\" content=\"2560\" \/>\n\t<meta property=\"og:image:height\" content=\"1707\" \/>\n\t<meta property=\"og:image:type\" content=\"image\/jpeg\" \/>\n<meta name=\"author\" content=\"Julita Krzemi\u0144ska\" \/>\n<meta name=\"twitter:card\" content=\"summary_large_image\" \/>\n<meta name=\"twitter:label1\" content=\"Napisane przez\" \/>\n\t<meta name=\"twitter:data1\" content=\"Julita Krzemi\u0144ska\" \/>\n\t<meta name=\"twitter:label2\" content=\"Szacowany czas czytania\" \/>\n\t<meta name=\"twitter:data2\" content=\"3 minuty\" \/>\n<script type=\"application\/ld+json\" class=\"yoast-schema-graph\">{\"@context\":\"https:\\\/\\\/schema.org\",\"@graph\":[{\"@type\":\"Article\",\"@id\":\"https:\\\/\\\/www.znakowo.pl\\\/blog\\\/wyposazenie-auta-za-granica-o-czym-warto-pamietac\\\/#article\",\"isPartOf\":{\"@id\":\"https:\\\/\\\/www.znakowo.pl\\\/blog\\\/wyposazenie-auta-za-granica-o-czym-warto-pamietac\\\/\"},\"author\":{\"name\":\"Julita Krzemi\u0144ska\",\"@id\":\"https:\\\/\\\/www.znakowo.pl\\\/blog\\\/#\\\/schema\\\/person\\\/a29ddb53515b4cfd337f1582146267d9\"},\"headline\":\"Wyposa\u017cenie auta za granic\u0105 \u2013 o czym warto pami\u0119ta\u0107?\",\"datePublished\":\"2023-01-05T12:44:52+00:00\",\"dateModified\":\"2024-03-26T09:56:17+00:00\",\"mainEntityOfPage\":{\"@id\":\"https:\\\/\\\/www.znakowo.pl\\\/blog\\\/wyposazenie-auta-za-granica-o-czym-warto-pamietac\\\/\"},\"wordCount\":440,\"publisher\":{\"@id\":\"https:\\\/\\\/www.znakowo.pl\\\/blog\\\/#organization\"},\"image\":{\"@id\":\"https:\\\/\\\/www.znakowo.pl\\\/blog\\\/wyposazenie-auta-za-granica-o-czym-warto-pamietac\\\/#primaryimage\"},\"thumbnailUrl\":\"https:\\\/\\\/www.znakowo.pl\\\/blog\\\/wp-content\\\/uploads\\\/2022\\\/12\\\/6099952-scaled.jpg\",\"articleSection\":[\"Bezpiecze\u0144stwo ruchu drogowego\"],\"inLanguage\":\"pl-PL\"},{\"@type\":[\"WebPage\",\"FAQPage\"],\"@id\":\"https:\\\/\\\/www.znakowo.pl\\\/blog\\\/wyposazenie-auta-za-granica-o-czym-warto-pamietac\\\/\",\"url\":\"https:\\\/\\\/www.znakowo.pl\\\/blog\\\/wyposazenie-auta-za-granica-o-czym-warto-pamietac\\\/\",\"name\":\"Wyposa\u017cenie auta za granic\u0105 - co warto mie\u0107 w samochodzie?\",\"isPartOf\":{\"@id\":\"https:\\\/\\\/www.znakowo.pl\\\/blog\\\/#website\"},\"primaryImageOfPage\":{\"@id\":\"https:\\\/\\\/www.znakowo.pl\\\/blog\\\/wyposazenie-auta-za-granica-o-czym-warto-pamietac\\\/#primaryimage\"},\"image\":{\"@id\":\"https:\\\/\\\/www.znakowo.pl\\\/blog\\\/wyposazenie-auta-za-granica-o-czym-warto-pamietac\\\/#primaryimage\"},\"thumbnailUrl\":\"https:\\\/\\\/www.znakowo.pl\\\/blog\\\/wp-content\\\/uploads\\\/2022\\\/12\\\/6099952-scaled.jpg\",\"datePublished\":\"2023-01-05T12:44:52+00:00\",\"dateModified\":\"2024-03-26T09:56:17+00:00\",\"description\":\"Czy wiesz, jakie jest obowi\u0105zkowe wyposa\u017cenie auta za granic\u0105? Sprawd\u017a, co warto mie\u0107 w samochodzie, wyruszaj\u0105c w podr\u00f3\u017c.\",\"breadcrumb\":{\"@id\":\"https:\\\/\\\/www.znakowo.pl\\\/blog\\\/wyposazenie-auta-za-granica-o-czym-warto-pamietac\\\/#breadcrumb\"},\"mainEntity\":[{\"@id\":\"https:\\\/\\\/www.znakowo.pl\\\/blog\\\/wyposazenie-auta-za-granica-o-czym-warto-pamietac\\\/#faq-question-1672329895487\"}],\"inLanguage\":\"pl-PL\",\"potentialAction\":[{\"@type\":\"ReadAction\",\"target\":[\"https:\\\/\\\/www.znakowo.pl\\\/blog\\\/wyposazenie-auta-za-granica-o-czym-warto-pamietac\\\/\"]}]},{\"@type\":\"ImageObject\",\"inLanguage\":\"pl-PL\",\"@id\":\"https:\\\/\\\/www.znakowo.pl\\\/blog\\\/wyposazenie-auta-za-granica-o-czym-warto-pamietac\\\/#primaryimage\",\"url\":\"https:\\\/\\\/www.znakowo.pl\\\/blog\\\/wp-content\\\/uploads\\\/2022\\\/12\\\/6099952-scaled.jpg\",\"contentUrl\":\"https:\\\/\\\/www.znakowo.pl\\\/blog\\\/wp-content\\\/uploads\\\/2022\\\/12\\\/6099952-scaled.jpg\",\"width\":2560,\"height\":1707,\"caption\":\"Wyposazenie auta za granica\"},{\"@type\":\"BreadcrumbList\",\"@id\":\"https:\\\/\\\/www.znakowo.pl\\\/blog\\\/wyposazenie-auta-za-granica-o-czym-warto-pamietac\\\/#breadcrumb\",\"itemListElement\":[{\"@type\":\"ListItem\",\"position\":1,\"name\":\"Strona g\u0142\u00f3wna\",\"item\":\"https:\\\/\\\/www.znakowo.pl\\\/blog\\\/\"},{\"@type\":\"ListItem\",\"position\":2,\"name\":\"Wyposa\u017cenie auta za granic\u0105 \u2013 o czym warto pami\u0119ta\u0107?\"}]},{\"@type\":\"WebSite\",\"@id\":\"https:\\\/\\\/www.znakowo.pl\\\/blog\\\/#website\",\"url\":\"https:\\\/\\\/www.znakowo.pl\\\/blog\\\/\",\"name\":\"Blog znakowo.pl\",\"description\":\"\",\"publisher\":{\"@id\":\"https:\\\/\\\/www.znakowo.pl\\\/blog\\\/#organization\"},\"potentialAction\":[{\"@type\":\"SearchAction\",\"target\":{\"@type\":\"EntryPoint\",\"urlTemplate\":\"https:\\\/\\\/www.znakowo.pl\\\/blog\\\/?s={search_term_string}\"},\"query-input\":{\"@type\":\"PropertyValueSpecification\",\"valueRequired\":true,\"valueName\":\"search_term_string\"}}],\"inLanguage\":\"pl-PL\"},{\"@type\":\"Organization\",\"@id\":\"https:\\\/\\\/www.znakowo.pl\\\/blog\\\/#organization\",\"name\":\"Znakowo.pl\",\"url\":\"https:\\\/\\\/www.znakowo.pl\\\/blog\\\/\",\"logo\":{\"@type\":\"ImageObject\",\"inLanguage\":\"pl-PL\",\"@id\":\"https:\\\/\\\/www.znakowo.pl\\\/blog\\\/#\\\/schema\\\/logo\\\/image\\\/\",\"url\":\"https:\\\/\\\/www.znakowo.pl\\\/blog\\\/wp-content\\\/uploads\\\/2017\\\/05\\\/logo_1.png\",\"contentUrl\":\"https:\\\/\\\/www.znakowo.pl\\\/blog\\\/wp-content\\\/uploads\\\/2017\\\/05\\\/logo_1.png\",\"width\":277,\"height\":94,\"caption\":\"Znakowo.pl\"},\"image\":{\"@id\":\"https:\\\/\\\/www.znakowo.pl\\\/blog\\\/#\\\/schema\\\/logo\\\/image\\\/\"},\"sameAs\":[\"https:\\\/\\\/www.facebook.com\\\/Znakowo\\\/\"]},{\"@type\":\"Person\",\"@id\":\"https:\\\/\\\/www.znakowo.pl\\\/blog\\\/#\\\/schema\\\/person\\\/a29ddb53515b4cfd337f1582146267d9\",\"name\":\"Julita Krzemi\u0144ska\",\"image\":{\"@type\":\"ImageObject\",\"inLanguage\":\"pl-PL\",\"@id\":\"https:\\\/\\\/secure.gravatar.com\\\/avatar\\\/e6adac54b1d18b21f8567cc6208ef43409e661f1070cf8be2e6912306b99d439?s=96&d=mm&r=g\",\"url\":\"https:\\\/\\\/secure.gravatar.com\\\/avatar\\\/e6adac54b1d18b21f8567cc6208ef43409e661f1070cf8be2e6912306b99d439?s=96&d=mm&r=g\",\"contentUrl\":\"https:\\\/\\\/secure.gravatar.com\\\/avatar\\\/e6adac54b1d18b21f8567cc6208ef43409e661f1070cf8be2e6912306b99d439?s=96&d=mm&r=g\",\"caption\":\"Julita Krzemi\u0144ska\"},\"url\":\"https:\\\/\\\/www.znakowo.pl\\\/blog\\\/author\\\/jkrzeminska\\\/\"},{\"@type\":\"Question\",\"@id\":\"https:\\\/\\\/www.znakowo.pl\\\/blog\\\/wyposazenie-auta-za-granica-o-czym-warto-pamietac\\\/#faq-question-1672329895487\",\"position\":1,\"url\":\"https:\\\/\\\/www.znakowo.pl\\\/blog\\\/wyposazenie-auta-za-granica-o-czym-warto-pamietac\\\/#faq-question-1672329895487\",\"name\":\"W kt\u00f3rych krajach dzia\u0142a Konwencja Wiede\u0144ska?\",\"answerCount\":1,\"acceptedAnswer\":{\"@type\":\"Answer\",\"text\":\"Konwencja Wiede\u0144ska obowi\u0105zuje w wi\u0119kszo\u015bci europejskich kraj\u00f3w, a tak\u017ce w niekt\u00f3rych krajach azjatyckich, afryka\u0144skich oraz ameryki \u015brodkowej i po\u0142udniowej (<a href=\\\"https:\\\/\\\/treaties.un.org\\\/Pages\\\/ViewDetailsIII.aspx?src=TREATY&amp;mtdsg_no=XI-B-19&amp;chapter=11&amp;Temp=mtdsg3&amp;clang=_en#6\\\" target=\\\"_blank\\\" rel=\\\"noreferrer noopener\\\">pe\u0142ny wykaz<\\\/a>).\",\"inLanguage\":\"pl-PL\"},\"inLanguage\":\"pl-PL\"}]}<\/script>\n<!-- \/ Yoast SEO plugin. -->","yoast_head_json":{"title":"Wyposa\u017cenie auta za granic\u0105 - co warto mie\u0107 w samochodzie?","description":"Czy wiesz, jakie jest obowi\u0105zkowe wyposa\u017cenie auta za granic\u0105? Sprawd\u017a, co warto mie\u0107 w samochodzie, wyruszaj\u0105c w podr\u00f3\u017c.","robots":{"index":"index","follow":"follow","max-snippet":"max-snippet:-1","max-image-preview":"max-image-preview:large","max-video-preview":"max-video-preview:-1"},"canonical":"https:\/\/www.znakowo.pl\/blog\/wyposazenie-auta-za-granica-o-czym-warto-pamietac\/","og_locale":"pl_PL","og_type":"article","og_title":"Wyposa\u017cenie auta za granic\u0105 - co warto mie\u0107 w samochodzie?","og_description":"Czy wiesz, jakie jest obowi\u0105zkowe wyposa\u017cenie auta za granic\u0105? Sprawd\u017a, co warto mie\u0107 w samochodzie, wyruszaj\u0105c w podr\u00f3\u017c.","og_url":"https:\/\/www.znakowo.pl\/blog\/wyposazenie-auta-za-granica-o-czym-warto-pamietac\/","og_site_name":"Blog znakowo.pl","article_publisher":"https:\/\/www.facebook.com\/Znakowo\/","article_published_time":"2023-01-05T12:44:52+00:00","article_modified_time":"2024-03-26T09:56:17+00:00","og_image":[{"width":2560,"height":1707,"url":"https:\/\/www.znakowo.pl\/blog\/wp-content\/uploads\/2022\/12\/6099952-scaled.jpg","type":"image\/jpeg"}],"author":"Julita Krzemi\u0144ska","twitter_card":"summary_large_image","twitter_misc":{"Napisane przez":"Julita Krzemi\u0144ska","Szacowany czas czytania":"3 minuty"},"schema":{"@context":"https:\/\/schema.org","@graph":[{"@type":"Article","@id":"https:\/\/www.znakowo.pl\/blog\/wyposazenie-auta-za-granica-o-czym-warto-pamietac\/#article","isPartOf":{"@id":"https:\/\/www.znakowo.pl\/blog\/wyposazenie-auta-za-granica-o-czym-warto-pamietac\/"},"author":{"name":"Julita Krzemi\u0144ska","@id":"https:\/\/www.znakowo.pl\/blog\/#\/schema\/person\/a29ddb53515b4cfd337f1582146267d9"},"headline":"Wyposa\u017cenie auta za granic\u0105 \u2013 o czym warto pami\u0119ta\u0107?","datePublished":"2023-01-05T12:44:52+00:00","dateModified":"2024-03-26T09:56:17+00:00","mainEntityOfPage":{"@id":"https:\/\/www.znakowo.pl\/blog\/wyposazenie-auta-za-granica-o-czym-warto-pamietac\/"},"wordCount":440,"publisher":{"@id":"https:\/\/www.znakowo.pl\/blog\/#organization"},"image":{"@id":"https:\/\/www.znakowo.pl\/blog\/wyposazenie-auta-za-granica-o-czym-warto-pamietac\/#primaryimage"},"thumbnailUrl":"https:\/\/www.znakowo.pl\/blog\/wp-content\/uploads\/2022\/12\/6099952-scaled.jpg","articleSection":["Bezpiecze\u0144stwo ruchu drogowego"],"inLanguage":"pl-PL"},{"@type":["WebPage","FAQPage"],"@id":"https:\/\/www.znakowo.pl\/blog\/wyposazenie-auta-za-granica-o-czym-warto-pamietac\/","url":"https:\/\/www.znakowo.pl\/blog\/wyposazenie-auta-za-granica-o-czym-warto-pamietac\/","name":"Wyposa\u017cenie auta za granic\u0105 - co warto mie\u0107 w samochodzie?","isPartOf":{"@id":"https:\/\/www.znakowo.pl\/blog\/#website"},"primaryImageOfPage":{"@id":"https:\/\/www.znakowo.pl\/blog\/wyposazenie-auta-za-granica-o-czym-warto-pamietac\/#primaryimage"},"image":{"@id":"https:\/\/www.znakowo.pl\/blog\/wyposazenie-auta-za-granica-o-czym-warto-pamietac\/#primaryimage"},"thumbnailUrl":"https:\/\/www.znakowo.pl\/blog\/wp-content\/uploads\/2022\/12\/6099952-scaled.jpg","datePublished":"2023-01-05T12:44:52+00:00","dateModified":"2024-03-26T09:56:17+00:00","description":"Czy wiesz, jakie jest obowi\u0105zkowe wyposa\u017cenie auta za granic\u0105? Sprawd\u017a, co warto mie\u0107 w samochodzie, wyruszaj\u0105c w podr\u00f3\u017c.","breadcrumb":{"@id":"https:\/\/www.znakowo.pl\/blog\/wyposazenie-auta-za-granica-o-czym-warto-pamietac\/#breadcrumb"},"mainEntity":[{"@id":"https:\/\/www.znakowo.pl\/blog\/wyposazenie-auta-za-granica-o-czym-warto-pamietac\/#faq-question-1672329895487"}],"inLanguage":"pl-PL","potentialAction":[{"@type":"ReadAction","target":["https:\/\/www.znakowo.pl\/blog\/wyposazenie-auta-za-granica-o-czym-warto-pamietac\/"]}]},{"@type":"ImageObject","inLanguage":"pl-PL","@id":"https:\/\/www.znakowo.pl\/blog\/wyposazenie-auta-za-granica-o-czym-warto-pamietac\/#primaryimage","url":"https:\/\/www.znakowo.pl\/blog\/wp-content\/uploads\/2022\/12\/6099952-scaled.jpg","contentUrl":"https:\/\/www.znakowo.pl\/blog\/wp-content\/uploads\/2022\/12\/6099952-scaled.jpg","width":2560,"height":1707,"caption":"Wyposazenie auta za granica"},{"@type":"BreadcrumbList","@id":"https:\/\/www.znakowo.pl\/blog\/wyposazenie-auta-za-granica-o-czym-warto-pamietac\/#breadcrumb","itemListElement":[{"@type":"ListItem","position":1,"name":"Strona g\u0142\u00f3wna","item":"https:\/\/www.znakowo.pl\/blog\/"},{"@type":"ListItem","position":2,"name":"Wyposa\u017cenie auta za granic\u0105 \u2013 o czym warto pami\u0119ta\u0107?"}]},{"@type":"WebSite","@id":"https:\/\/www.znakowo.pl\/blog\/#website","url":"https:\/\/www.znakowo.pl\/blog\/","name":"Blog znakowo.pl","description":"","publisher":{"@id":"https:\/\/www.znakowo.pl\/blog\/#organization"},"potentialAction":[{"@type":"SearchAction","target":{"@type":"EntryPoint","urlTemplate":"https:\/\/www.znakowo.pl\/blog\/?s={search_term_string}"},"query-input":{"@type":"PropertyValueSpecification","valueRequired":true,"valueName":"search_term_string"}}],"inLanguage":"pl-PL"},{"@type":"Organization","@id":"https:\/\/www.znakowo.pl\/blog\/#organization","name":"Znakowo.pl","url":"https:\/\/www.znakowo.pl\/blog\/","logo":{"@type":"ImageObject","inLanguage":"pl-PL","@id":"https:\/\/www.znakowo.pl\/blog\/#\/schema\/logo\/image\/","url":"https:\/\/www.znakowo.pl\/blog\/wp-content\/uploads\/2017\/05\/logo_1.png","contentUrl":"https:\/\/www.znakowo.pl\/blog\/wp-content\/uploads\/2017\/05\/logo_1.png","width":277,"height":94,"caption":"Znakowo.pl"},"image":{"@id":"https:\/\/www.znakowo.pl\/blog\/#\/schema\/logo\/image\/"},"sameAs":["https:\/\/www.facebook.com\/Znakowo\/"]},{"@type":"Person","@id":"https:\/\/www.znakowo.pl\/blog\/#\/schema\/person\/a29ddb53515b4cfd337f1582146267d9","name":"Julita Krzemi\u0144ska","image":{"@type":"ImageObject","inLanguage":"pl-PL","@id":"https:\/\/secure.gravatar.com\/avatar\/e6adac54b1d18b21f8567cc6208ef43409e661f1070cf8be2e6912306b99d439?s=96&d=mm&r=g","url":"https:\/\/secure.gravatar.com\/avatar\/e6adac54b1d18b21f8567cc6208ef43409e661f1070cf8be2e6912306b99d439?s=96&d=mm&r=g","contentUrl":"https:\/\/secure.gravatar.com\/avatar\/e6adac54b1d18b21f8567cc6208ef43409e661f1070cf8be2e6912306b99d439?s=96&d=mm&r=g","caption":"Julita Krzemi\u0144ska"},"url":"https:\/\/www.znakowo.pl\/blog\/author\/jkrzeminska\/"},{"@type":"Question","@id":"https:\/\/www.znakowo.pl\/blog\/wyposazenie-auta-za-granica-o-czym-warto-pamietac\/#faq-question-1672329895487","position":1,"url":"https:\/\/www.znakowo.pl\/blog\/wyposazenie-auta-za-granica-o-czym-warto-pamietac\/#faq-question-1672329895487","name":"W kt\u00f3rych krajach dzia\u0142a Konwencja Wiede\u0144ska?","answerCount":1,"acceptedAnswer":{"@type":"Answer","text":"Konwencja Wiede\u0144ska obowi\u0105zuje w wi\u0119kszo\u015bci europejskich kraj\u00f3w, a tak\u017ce w niekt\u00f3rych krajach azjatyckich, afryka\u0144skich oraz ameryki \u015brodkowej i po\u0142udniowej (<a href=\"https:\/\/treaties.un.org\/Pages\/ViewDetailsIII.aspx?src=TREATY&amp;mtdsg_no=XI-B-19&amp;chapter=11&amp;Temp=mtdsg3&amp;clang=_en#6\" target=\"_blank\" rel=\"noreferrer noopener\">pe\u0142ny wykaz<\/a>).","inLanguage":"pl-PL"},"inLanguage":"pl-PL"}]}},"_links":{"self":[{"href":"https:\/\/www.znakowo.pl\/blog\/wp-json\/wp\/v2\/posts\/5398","targetHints":{"allow":["GET"]}}],"collection":[{"href":"https:\/\/www.znakowo.pl\/blog\/wp-json\/wp\/v2\/posts"}],"about":[{"href":"https:\/\/www.znakowo.pl\/blog\/wp-json\/wp\/v2\/types\/post"}],"author":[{"embeddable":true,"href":"https:\/\/www.znakowo.pl\/blog\/wp-json\/wp\/v2\/users\/3"}],"replies":[{"embeddable":true,"href":"https:\/\/www.znakowo.pl\/blog\/wp-json\/wp\/v2\/comments?post=5398"}],"version-history":[{"count":5,"href":"https:\/\/www.znakowo.pl\/blog\/wp-json\/wp\/v2\/posts\/5398\/revisions"}],"predecessor-version":[{"id":6556,"href":"https:\/\/www.znakowo.pl\/blog\/wp-json\/wp\/v2\/posts\/5398\/revisions\/6556"}],"wp:featuredmedia":[{"embeddable":true,"href":"https:\/\/www.znakowo.pl\/blog\/wp-json\/wp\/v2\/media\/5416"}],"wp:attachment":[{"href":"https:\/\/www.znakowo.pl\/blog\/wp-json\/wp\/v2\/media?parent=5398"}],"wp:term":[{"taxonomy":"category","embeddable":true,"href":"https:\/\/www.znakowo.pl\/blog\/wp-json\/wp\/v2\/categories?post=5398"},{"taxonomy":"post_tag","embeddable":true,"href":"https:\/\/www.znakowo.pl\/blog\/wp-json\/wp\/v2\/tags?post=5398"}],"curies":[{"name":"wp","href":"https:\/\/api.w.org\/{rel}","templated":true}]}}