{"id":5453,"date":"2025-04-02T12:24:00","date_gmt":"2025-04-02T10:24:00","guid":{"rendered":"https:\/\/www.znakowo.pl\/blog\/?p=5453"},"modified":"2025-05-20T13:16:36","modified_gmt":"2025-05-20T11:16:36","slug":"zakaz-fotografowania","status":"publish","type":"post","link":"https:\/\/www.znakowo.pl\/blog\/zakaz-fotografowania\/","title":{"rendered":"<strong>Zakaz fotografowania: kiedy obowi\u0105zuje, jakie znaki wykorzysta\u0107 i co warto wiedzie\u0107?<\/strong>"},"content":{"rendered":"\n<p>Dzisiaj niemal ka\u017cdy ma w kieszeni smartfon, kt\u00f3ry pozwala na robienie zdj\u0119\u0107. Czy uwiecznianie r\u00f3\u017cnych obiekt\u00f3w zawsze jest zgodne z prawem? Sprawdzamy, czy s\u0105 miejsca i sytuacje, w kt\u00f3rych obowi\u0105zuje zakaz fotografowania, a je\u015bli tak \u2013 jaka jest podstawa prawna.<\/p>\n\n\n<p><!--more--><\/p>\n\n\n<div id=\"ez-toc-container\" class=\"ez-toc-v2_0_82_2 counter-hierarchy ez-toc-counter ez-toc-grey ez-toc-container-direction\">\n<div class=\"ez-toc-title-container\">\n<p class=\"ez-toc-title\" style=\"cursor:inherit\">Spis tre\u015bci<\/p>\n<span class=\"ez-toc-title-toggle\"><a href=\"#\" class=\"ez-toc-pull-right ez-toc-btn ez-toc-btn-xs ez-toc-btn-default ez-toc-toggle\" aria-label=\"Prze\u0142\u0105cznik Spisu Tre\u015bci\"><span class=\"ez-toc-js-icon-con\"><span class=\"\"><span class=\"eztoc-hide\" style=\"display:none;\">Toggle<\/span><span class=\"ez-toc-icon-toggle-span\"><svg style=\"fill: #999;color:#999\" xmlns=\"http:\/\/www.w3.org\/2000\/svg\" class=\"list-377408\" width=\"20px\" height=\"20px\" viewBox=\"0 0 24 24\" fill=\"none\"><path d=\"M6 6H4v2h2V6zm14 0H8v2h12V6zM4 11h2v2H4v-2zm16 0H8v2h12v-2zM4 16h2v2H4v-2zm16 0H8v2h12v-2z\" fill=\"currentColor\"><\/path><\/svg><svg style=\"fill: #999;color:#999\" class=\"arrow-unsorted-368013\" xmlns=\"http:\/\/www.w3.org\/2000\/svg\" width=\"10px\" height=\"10px\" viewBox=\"0 0 24 24\" version=\"1.2\" baseProfile=\"tiny\"><path d=\"M18.2 9.3l-6.2-6.3-6.2 6.3c-.2.2-.3.4-.3.7s.1.5.3.7c.2.2.4.3.7.3h11c.3 0 .5-.1.7-.3.2-.2.3-.5.3-.7s-.1-.5-.3-.7zM5.8 14.7l6.2 6.3 6.2-6.3c.2-.2.3-.5.3-.7s-.1-.5-.3-.7c-.2-.2-.4-.3-.7-.3h-11c-.3 0-.5.1-.7.3-.2.2-.3.5-.3.7s.1.5.3.7z\"\/><\/svg><\/span><\/span><\/span><\/a><\/span><\/div>\n<nav><ul class='ez-toc-list ez-toc-list-level-1 ' ><li class='ez-toc-page-1 ez-toc-heading-level-2'><a class=\"ez-toc-link ez-toc-heading-1\" href=\"https:\/\/www.znakowo.pl\/blog\/zakaz-fotografowania\/#Zakaz_fotografowania_i_nagrywania_obiektow_wojskowych\" >Zakaz fotografowania i nagrywania obiekt\u00f3w wojskowych<\/a><ul class='ez-toc-list-level-3' ><li class='ez-toc-heading-level-3'><a class=\"ez-toc-link ez-toc-heading-2\" href=\"https:\/\/www.znakowo.pl\/blog\/zakaz-fotografowania\/#Zakaz_fotografowania_%E2%80%93_wzor_znaku_zgodny_z_rozporzadzeniem\" >Zakaz fotografowania \u2013 wz\u00f3r znaku zgodny z rozporz\u0105dzeniem<\/a><\/li><\/ul><\/li><li class='ez-toc-page-1 ez-toc-heading-level-2'><a class=\"ez-toc-link ez-toc-heading-3\" href=\"https:\/\/www.znakowo.pl\/blog\/zakaz-fotografowania\/#Czy_mozna_robic_zdjecia_czyjegos_samochodu\" >Czy mo\u017cna robi\u0107 zdj\u0119cia czyjego\u015b samochodu?<\/a><ul class='ez-toc-list-level-3' ><li class='ez-toc-heading-level-3'><a class=\"ez-toc-link ez-toc-heading-4\" href=\"https:\/\/www.znakowo.pl\/blog\/zakaz-fotografowania\/#Zdjecie_auta_z_widoczna_tablica_rejestracyjna_%E2%80%93_czy_opublikowanie_takiego_zdjecia_narusza_przepisy_RODO\" >Zdj\u0119cie auta z widoczn\u0105 tablic\u0105 rejestracyjn\u0105 \u2013 czy opublikowanie takiego zdj\u0119cia narusza przepisy RODO?<\/a><\/li><\/ul><\/li><li class='ez-toc-page-1 ez-toc-heading-level-2'><a class=\"ez-toc-link ez-toc-heading-5\" href=\"https:\/\/www.znakowo.pl\/blog\/zakaz-fotografowania\/#Robienie_zdjec_posesji_bez_zgody_wlasciciela_%E2%80%93_co_mowia_przepisy\" >Robienie zdj\u0119\u0107 posesji bez zgody w\u0142a\u015bciciela \u2013 co m\u00f3wi\u0105 przepisy?<\/a><\/li><li class='ez-toc-page-1 ez-toc-heading-level-2'><a class=\"ez-toc-link ez-toc-heading-6\" href=\"https:\/\/www.znakowo.pl\/blog\/zakaz-fotografowania\/#Czy_mozna_robic_zdjecia_w_sklepie\" >Czy mo\u017cna robi\u0107 zdj\u0119cia w sklepie?<\/a><\/li><\/ul><\/nav><\/div>\n<h2 class=\"wp-block-heading\"><span class=\"ez-toc-section\" id=\"Zakaz_fotografowania_i_nagrywania_obiektow_wojskowych\"><\/span><strong>Zakaz fotografowania i nagrywania obiekt\u00f3w wojskowych<\/strong><span class=\"ez-toc-section-end\"><\/span><\/h2>\n\n\n\n<p>Tabliczka \u201ezakaz fotografowania\u201d kojarzy si\u0119 m.in. z obiektami wojskowymi. Istotnie, kiedy\u015b obowi\u0105zywa\u0142 zakaz robienia zdj\u0119\u0107 obiektom wojskowym i innym, wa\u017cnym dla obronno\u015bci pa\u0144stwa. Regulowa\u0142a to ustawa z dnia 14 grudnia 1982 r. o ochronie tajemnicy pa\u0144stwowej i s\u0142u\u017cbowej.&nbsp;<\/p>\n\n\n\n<p>Zgodnie z art. 17 tej ustawy naczelne i centralne organa pa\u0144stwowe oraz terenowe organa administracji pa\u0144stwowej stopnia wojew\u00f3dzkiego, a tak\u017ce dyrektorzy przedsi\u0119biorstw pa\u0144stwowych mia\u0142y obowi\u0105zek wprowadzenia oznakowania obiekt\u00f3w, kt\u00f3rych fotografowanie, szkicowanie i rysowanie bez zezwolenia by\u0142o zabronione ze wzgl\u0119du na zachowanie tajemnicy pa\u0144stwowej. Wygl\u0105d tabliczek stosowanych do oznaczania takich miejsc okre\u015bla\u0142o Zarz\u0105dzenie Ministra Spraw Wewn\u0119trznych z dnia 29 czerwca 1983 r. By\u0142a to bia\u0142a tablica w kszta\u0142cie prostok\u0105ta o podstawie 50 cm i wysoko\u015bci 40 cm, z czerwon\u0105 obw\u00f3dk\u0105 o szeroko\u015bci 5 cm, z umieszczonym w \u015brodku tablicy czarnym rysunkiem aparatu fotograficznego o wymiarach 20 x 15 cm, przekre\u015blonego po jego przek\u0105tnych liniami szeroko\u015bci 2 cm i d\u0142ugo\u015bci 30 cm w kolorze czerwonym. Pod rysunkiem aparatu fotograficznego umieszcza si\u0119 drukowanymi literami napis o wysoko\u015bci 4 cm \u201ezakaz fotografowania\u201d.<\/p>\n\n\n\n<p>Ustawa o ochronie tajemnicy pa\u0144stwowej straci\u0142a moc z dniem wej\u015bcia w \u017cycie ustawy z 22 stycznia 1999 r. o ochronie informacji niejawnych. <strong>Czy w \u015bwietle obowi\u0105zuj\u0105cych dzisiaj przepis\u00f3w nagrywanie obiekt\u00f3w wojskowych jest zabronione? Tak. <\/strong><\/p>\n\n\n\n<p>W Rozporz\u0105dzeniu Rady Ministr\u00f3w z dnia 21 kwietnia 2022 r. wymienione zosta\u0142y rodzaje obiekt\u00f3w, kt\u00f3re mog\u0105 by\u0107 szczeg\u00f3lnie wa\u017cne dla obronno\u015bci pa\u0144stwa. Rozporz\u0105dzenie wskazuje, \u017ce odpowiednie organy opracowuj\u0105 i aktualizuj\u0105 plany szczeg\u00f3lnej ochrony tych obiekt\u00f3w, jednak nigdzie nie wyst\u0119puje wprost zapis o zakazie fotografowania.<\/p>\n\n\n\n<p>Art. 616a ust. 1 ustawy z dnia 11 marca 2022 r. o obronie Ojczyzny wskazuje, \u017ce bez posiadania odpowiedniego zezwolenia <strong>zabronione jest fotografowanie, filmowanie lub utrwalanie w inny spos\u00f3b obrazu lub wizerunku obiekt\u00f3w szczeg\u00f3lnie wa\u017cnych dla bezpiecze\u0144stwa lub obronno\u015bci pa\u0144stwa, obiekt\u00f3w resortu obrony narodowej i obiekt\u00f3w infrastruktury krytycznej<\/strong>, je\u015bli zosta\u0142y one oznaczone tablic\u0105 \u201ezakaz fotografowania\u201d. Dotychczas jednak \u017caden akt prawny nie okre\u015bla\u0142 wzoru takiego znaku. Zmienia to rozporz\u0105dzenie Ministra Obrony Narodowej z dnia 27 marca 2025 r., kt\u00f3re wchodzi w \u017cycie 17 kwietnia 2025 r. Rozporz\u0105dzenie nie tylko wskazuje, jak powinna wygl\u0105da\u0107 tablica do oznakowania infrastruktury obj\u0119tej zakazem fotografowania, ale tak\u017ce tryb wydawania zezwole\u0144 na fotografowanie, filmowanie lub w inny spos\u00f3b uwiecznianie obiekt\u00f3w, o kt\u00f3rym mowa w art. 616a ust 1 ustawy o obronie Ojczyzny. <strong>Za z\u0142amanie zakazu grozi kara grzywny i utrata sprz\u0119tu.<\/strong><\/p>\n\n\n\n<h3 class=\"wp-block-heading\"><span class=\"ez-toc-section\" id=\"Zakaz_fotografowania_%E2%80%93_wzor_znaku_zgodny_z_rozporzadzeniem\"><\/span>Zakaz fotografowania \u2013 wz\u00f3r znaku zgodny z rozporz\u0105dzeniem<span class=\"ez-toc-section-end\"><\/span><\/h3>\n\n\n\n<div class=\"product-big\">\r\n    <div class=\"col-xs-12 col-md-5\">\r\n        <div class=\"product-big-img\"> \r\n                        <a href=\"https:\/\/www.znakowo.pl\/produkt\/zakaz-fotografowania-tablica-dla-wojska-i-obiektow-kluczowych-dla-bezpieczenstwa-panstwa,nf004,2930.html\" \/><img decoding=\"async\" src=\"https:\/\/tdc.znakowo.pl\/thumbs\/zakaz-fotografowania-tablica-dla-wojska-i-obiektow-kluczowych-dla-bezpieczenstwa-panstwa-24758-2930-500-500-0.jpg\" alt=\"Zakaz fotografowania - tablica dla wojska i obiekt\u00f3w kluczowych dla bezpiecze\u0144stwa pa\u0144stwa - <strong>Zakaz fotografowania: kiedy obowi\u0105zuje, jakie znaki wykorzysta\u0107 i co warto wiedzie\u0107?<\/strong>\" title=\"Zakaz fotografowania - tablica dla wojska i obiekt\u00f3w kluczowych dla bezpiecze\u0144stwa pa\u0144stwa - <strong>Zakaz fotografowania: kiedy obowi\u0105zuje, jakie znaki wykorzysta\u0107 i co warto wiedzie\u0107?<\/strong>\" \/><\/a>\r\n        <\/div>  \r\n    <\/div>    \r\n    <div class=\"col-xs-12 col-md-7\">\r\n        <div class=\"product-big-content\">\r\n            <div class=\"product-big-title\">\r\n                <a href=\"https:\/\/www.znakowo.pl\/produkt\/zakaz-fotografowania-tablica-dla-wojska-i-obiektow-kluczowych-dla-bezpieczenstwa-panstwa,nf004,2930.html\">Zakaz fotografowania - tablica dla wojska i obiekt\u00f3w kluczowych dla bezpiecze\u0144stwa pa\u0144stwa<\/a>\r\n            <\/div>    \r\n            <div class=\"product-big-content\">\r\n                            <\/div>\r\n            <div class=\"product-buttons\">\r\n                                  <a class=\"product-price\">od <span>72,57<\/span> z\u0142<\/a>\r\n                                <a href=\"https:\/\/www.znakowo.pl\/produkt\/zakaz-fotografowania-tablica-dla-wojska-i-obiektow-kluczowych-dla-bezpieczenstwa-panstwa,nf004,2930.html\" class=\"product-link\">Kup<\/a>\r\n            <\/div>\r\n        <\/div>\r\n    <\/div> \r\n    <div class=\"clearfix\"><\/div>  \r\n<\/div>\r\n\r\n\n\n\n\n<p>Zgodnie ze wzorem znajduj\u0105cym si\u0119 w za\u0142\u0105czniku do wspomnianego rozporz\u0105dzenia znak \u201ezakaz fotografowania\u201d to tablica w kszta\u0142cie kwadratu o boku 60 cm. Na bia\u0142ym tle z czerwon\u0105 obw\u00f3dk\u0105 umieszczone s\u0105: napis ZAKAZ FOTOGRAFOWANIA, piktogramy przedstawiaj\u0105ce kolejno aparat fotograficzny, kamer\u0119 i telefon kom\u00f3rkowy \u2013 przekre\u015blone na czerwono, napisy wyra\u017caj\u0105ce zakaz fotografowania w j\u0119zykach: angielskim, niemieckim, rosyjskim i arabskim.<\/p>\n\n\n\n<h2 class=\"wp-block-heading\"><span class=\"ez-toc-section\" id=\"Czy_mozna_robic_zdjecia_czyjegos_samochodu\"><\/span><strong>Czy mo\u017cna robi\u0107 zdj\u0119cia czyjego\u015b samochodu?<\/strong><span class=\"ez-toc-section-end\"><\/span><\/h2>\n\n\n\n<p><strong>Mog\u0142oby si\u0119 wydawa\u0107, \u017ce uwiecznianie przez osoby czyjej\u015b prywatnej w\u0142asno\u015bci, a tak\u0105 jest np. samoch\u00f3d, narusza przepisy prawa. Okazuje si\u0119, \u017ce niekoniecznie musi tak by\u0107. W Polsce obowi\u0105zuje tzw. prawo panoramy, zgodnie z kt\u00f3rym obiekty umieszczone w przestrzeni publicznej mog\u0105 by\u0107 fotografowane bez konieczno\u015bci uzyskania zgody ich tw\u00f3rc\u00f3w i w\u0142a\u015bcicieli.<\/strong>&nbsp;<\/p>\n\n\n\n<p>W zwi\u0105zku z tym ka\u017cdy mo\u017ce sfotografowa\u0107 auto stoj\u0105ce na chodniku przed domem, na og\u00f3lnodost\u0119pnym parkingu lub poruszaj\u0105ce si\u0119 po ulicy. Wydaje si\u0119 r\u00f3wnie\u017c, \u017ce nie istniej\u0105 formalne przeszkody, aby takie zdj\u0119cie publikowa\u0107 (o ile na g\u0142\u00f3wnym planie nie znajduje si\u0119 wizerunek osoby \u2013 rozpowszechnianie czyjego\u015b wizerunku wymaga uzyskania zgody).<\/p>\n\n\n\n<h3 class=\"wp-block-heading\"><span class=\"ez-toc-section\" id=\"Zdjecie_auta_z_widoczna_tablica_rejestracyjna_%E2%80%93_czy_opublikowanie_takiego_zdjecia_narusza_przepisy_RODO\"><\/span><strong>Zdj\u0119cie auta z widoczn\u0105 tablic\u0105 rejestracyjn\u0105 \u2013 czy opublikowanie takiego zdj\u0119cia narusza przepisy RODO?<\/strong><span class=\"ez-toc-section-end\"><\/span><\/h3>\n\n\n\n<p>Du\u017c\u0105 dyskusj\u0119 wywo\u0142uje kwestia publikacji zdj\u0119\u0107, na kt\u00f3rych widoczne s\u0105 numery rejestracyjne pojazd\u00f3w. Problem dotyczy tego, <strong>czy tablice rejestracyjne stanowi\u0105 dane osobowe<\/strong>. Sytuacja jest interesuj\u0105ca, bo chocia\u017c Prezes Urz\u0119du Ochrony Danych Osobowych uzna\u0142 je za takie, wed\u0142ug polskich s\u0105d\u00f3w rozpowszechnianie tablic z numerami rejestracyjnymi jest zgodne z prawem.<\/p>\n\n\n\n<p>W wyroku z 28 czerwca 2019 roku (I OSK 2063\/17) Naczelny S\u0105d Administracyjny wskaza\u0142, \u017ce <em>brak mo\u017cliwo\u015bci powi\u0105zania numer\u00f3w rejestracyjnych pojazd\u00f3w, bez nadmiernego wysi\u0142ku i koszt\u00f3w, z osobami fizycznymi, kt\u00f3re daj\u0105 si\u0119 zidentyfikowa\u0107, sprawia, \u017ce numer rejestracyjny pojazdu nie ma statusu danych osobowych<\/em>. W dalszej cz\u0119\u015bci przeczyta\u0107 mo\u017cna, <em>\u017ce numer rejestracyjny poniewa\u017c jest umieszczony na samochodzie, za zgod\u0105 w\u0142a\u015bciciela pojazdu, sam w sobie jest og\u00f3lnie dost\u0119pny dla bli\u017cej nieokre\u015blonej liczby os\u00f3b. Jednak nie oznacza to, \u017ce mo\u017cna go w spos\u00f3b prosty powi\u0105za\u0107 z konkretn\u0105 osob\u0105. Wskaza\u0107 bowiem nale\u017cy, \u017ce cz\u0119sto z tego samego pojazdu korzystaj\u0105 r\u00f3\u017cne osoby. Powy\u017csze niezbicie wskazuje, \u017ce nie jest mo\u017cliwe, w spos\u00f3b prosty i \u0142atwy, powi\u0105za\u0107 numer rejestracyjny pojazdu z konkretn\u0105 osob\u0105 &#8211; w\u0142a\u015bciciela (lub posiadacza) pojazdu.<\/em><\/p>\n\n\n\n<div class=\"product-small-box-content display-flex\">\n          <a href=\"https:\/\/www.znakowo.pl\/produkt\/zakaz-fotografowania-znak-informacyjny-ra505,ra505,1858.html\" class=\"product-small\">\n          <div class=\"product-small-box\">\n              <div class=\"product-small-img\">\n                                    <img decoding=\"async\" src=\"https:\/\/tdc.znakowo.pl\/thumbs\/zakaz-fotografowania-znak-informacyjny-ra505-6469-1858-160-160-0.jpg\" alt=\"Zakaz fotografowania - znak informacyjny - RA505 - <strong>Zakaz fotografowania: kiedy obowi\u0105zuje, jakie znaki wykorzysta\u0107 i co warto wiedzie\u0107?<\/strong>\" title=\"Zakaz fotografowania - znak informacyjny - RA505 - <strong>Zakaz fotografowania: kiedy obowi\u0105zuje, jakie znaki wykorzysta\u0107 i co warto wiedzie\u0107?<\/strong>\" \/>\n              <\/div>\n              <div class=\"product-small-title\">\n                  Zakaz fotografowania - znak informacyjny - RA505              <\/div>\n          <\/div>\n      <\/a>    \n            <a href=\"https:\/\/www.znakowo.pl\/produkt\/zakaz-fotografowania-z-uzyciem-lamp-blyskowych-znak-informacyjny-ra504,ra504,1857.html\" class=\"product-small\">\n          <div class=\"product-small-box\">\n              <div class=\"product-small-img\">\n                                    <img decoding=\"async\" src=\"https:\/\/tdc.znakowo.pl\/thumbs\/zakaz-fotografowania-z-uzyciem-lamp-blyskowych-znak-informacyjny-ra504-6468-1857-160-160-0.jpg\" alt=\"Zakaz fotografowania z u\u017cyciem lamp b\u0142yskowych - znak informacyjny - RA504 - <strong>Zakaz fotografowania: kiedy obowi\u0105zuje, jakie znaki wykorzysta\u0107 i co warto wiedzie\u0107?<\/strong>\" title=\"Zakaz fotografowania z u\u017cyciem lamp b\u0142yskowych - znak informacyjny - RA504 - <strong>Zakaz fotografowania: kiedy obowi\u0105zuje, jakie znaki wykorzysta\u0107 i co warto wiedzie\u0107?<\/strong>\" \/>\n              <\/div>\n              <div class=\"product-small-title\">\n                  Zakaz fotografowania z u\u017cyciem lamp b\u0142yskowych - znak informacyjny - RA504              <\/div>\n          <\/div>\n      <\/a>    \n            <a href=\"https:\/\/www.znakowo.pl\/produkt\/zakaz-filmowania-znak-informacyjny-pc104,pc104,2697.html\" class=\"product-small\">\n          <div class=\"product-small-box\">\n              <div class=\"product-small-img\">\n                                    <img decoding=\"async\" src=\"https:\/\/tdc.znakowo.pl\/thumbs\/zakaz-filmowania-znak-informacyjny-pc104-11920-2697-160-160-0.jpg\" alt=\"Zakaz filmowania - znak informacyjny - PC104 - <strong>Zakaz fotografowania: kiedy obowi\u0105zuje, jakie znaki wykorzysta\u0107 i co warto wiedzie\u0107?<\/strong>\" title=\"Zakaz filmowania - znak informacyjny - PC104 - <strong>Zakaz fotografowania: kiedy obowi\u0105zuje, jakie znaki wykorzysta\u0107 i co warto wiedzie\u0107?<\/strong>\" \/>\n              <\/div>\n              <div class=\"product-small-title\">\n                  Zakaz filmowania - znak informacyjny - PC104              <\/div>\n          <\/div>\n      <\/a>    \n        \n    <div class=\"clearfix\"><\/div>    \n<\/div>\n\n\n\n\n<p>Takie stanowisko podzieli\u0142 r\u00f3wnie\u017c Warszawski S\u0105d Okr\u0119gowy w czerwcu 2021 r., rozstrzygaj\u0105c sp\u00f3r dotycz\u0105cy publikacji zdj\u0119cia zabytkowego samochodu z widocznymi numerami rejestracyjnymi.<\/p>\n\n\n\n<h2 class=\"wp-block-heading\"><span class=\"ez-toc-section\" id=\"Robienie_zdjec_posesji_bez_zgody_wlasciciela_%E2%80%93_co_mowia_przepisy\"><\/span><strong>Robienie zdj\u0119\u0107 posesji bez zgody w\u0142a\u015bciciela \u2013 co m\u00f3wi\u0105 przepisy?<\/strong><span class=\"ez-toc-section-end\"><\/span><\/h2>\n\n\n<div class=\"wp-block-image\">\n<figure class=\"alignleft size-full\"><img loading=\"lazy\" decoding=\"async\" width=\"1000\" height=\"667\" src=\"https:\/\/www.znakowo.pl\/blog\/wp-content\/uploads\/2023\/01\/fotografowanie-posesji.jpg\" alt=\"fotografowanie posesji\" class=\"wp-image-5458\" srcset=\"https:\/\/www.znakowo.pl\/blog\/wp-content\/uploads\/2023\/01\/fotografowanie-posesji.jpg 1000w, https:\/\/www.znakowo.pl\/blog\/wp-content\/uploads\/2023\/01\/fotografowanie-posesji-300x200.jpg 300w, https:\/\/www.znakowo.pl\/blog\/wp-content\/uploads\/2023\/01\/fotografowanie-posesji-768x512.jpg 768w\" sizes=\"auto, (max-width: 709px) 85vw, (max-width: 909px) 67vw, (max-width: 1362px) 62vw, 840px\" \/><\/figure>\n<\/div>\n\n\n<p><\/p>\n\n\n\n<p><a href=\"https:\/\/www.znakowo.pl\/znaki-zakazu-bhp\/\">Znaki zakazuj\u0105ce<\/a> robienia zdj\u0119\u0107 cz\u0119sto montowane s\u0105 <a href=\"https:\/\/www.znakowo.pl\/tabliczki-znaki-teren-prywatny\/\">na ogrodzeniach prywatnych posesji<\/a>. To wyra\u017ana informacja, \u017ce ich w\u0142a\u015bciciele nie \u017cycz\u0105 sobie, aby kto\u015b je fotografowa\u0142. Czy maj\u0105 do tego prawo?&nbsp;<\/p>\n\n\n\n<p><strong>Jak wygl\u0105da kwestia zakazu robienia zdj\u0119\u0107, je\u015bli chodzi o obiekty prywatne? Czy mo\u017cna robi\u0107 zdj\u0119cia dom\u00f3w i czy trzeba stosowa\u0107 si\u0119 do znak\u00f3w zakazu? W \u015bwietle przepis\u00f3w robienie zdj\u0119\u0107 posesji bez zgody w\u0142a\u015bciciela nie jest nielegalne (o ile nie mo\u017cna zidentyfikowa\u0107, kto mieszka w danym domu, np. poprzez zamontowan\u0105 tabliczk\u0105 z nazwiskiem). <\/strong>&nbsp;<\/p>\n\n\n\n<p>W wi\u0119kszo\u015bci przypadk\u00f3w nie ma mowy o \u0142amaniu prawa autorskiego, poniewa\u017c nie ka\u017cdy budynek mo\u017ce zosta\u0107 uznany za utw\u00f3r. Je\u015bli nawet istniej\u0105 przes\u0142anki, by budynek uzna\u0107 za utw\u00f3r, zastosowanie ma tutaj prawo panoramy. Warto przywo\u0142a\u0107 art. 33 Ustawy z dnia 4 lutego 1994 r. o prawie autorskim i prawach pokrewnych. Wskazuje on, \u017ce wolno rozpowszechnia\u0107 utwory wystawione na sta\u0142e na og\u00f3lnodost\u0119pnych drogach, ulicach, placach lub ogrodach (z zastrze\u017ceniem, \u017ce nie do tego samego u\u017cytku).<\/p>\n\n\n\n<div class=\"product-small-box-content display-flex\">\n          <a href=\"https:\/\/www.znakowo.pl\/produkt\/zakaz-filmowania-znak-bhp-zakazujacy-gc046,gc046,590.html\" class=\"product-small\">\n          <div class=\"product-small-box\">\n              <div class=\"product-small-img\">\n                                    <img decoding=\"async\" src=\"https:\/\/tdc.znakowo.pl\/thumbs\/zakaz-filmowania-znak-bhp-zakazujacy-gc046-4404-590-160-160-0.jpg\" alt=\"Zakaz filmowania - znak bhp zakazuj\u0105cy - GC046 - <strong>Zakaz fotografowania: kiedy obowi\u0105zuje, jakie znaki wykorzysta\u0107 i co warto wiedzie\u0107?<\/strong>\" title=\"Zakaz filmowania - znak bhp zakazuj\u0105cy - GC046 - <strong>Zakaz fotografowania: kiedy obowi\u0105zuje, jakie znaki wykorzysta\u0107 i co warto wiedzie\u0107?<\/strong>\" \/>\n              <\/div>\n              <div class=\"product-small-title\">\n                  Zakaz filmowania - znak bhp zakazuj\u0105cy - GC046              <\/div>\n          <\/div>\n      <\/a>    \n            <a href=\"https:\/\/www.znakowo.pl\/produkt\/zakaz-fotografowania-znak-bhp-zakazujacy-gc045,gc045,589.html\" class=\"product-small\">\n          <div class=\"product-small-box\">\n              <div class=\"product-small-img\">\n                                    <img decoding=\"async\" src=\"https:\/\/tdc.znakowo.pl\/thumbs\/zakaz-fotografowania-znak-bhp-zakazujacy-gc045-4289-589-160-160-0.jpg\" alt=\"Zakaz fotografowania - znak bhp zakazuj\u0105cy - GC045 - <strong>Zakaz fotografowania: kiedy obowi\u0105zuje, jakie znaki wykorzysta\u0107 i co warto wiedzie\u0107?<\/strong>\" title=\"Zakaz fotografowania - znak bhp zakazuj\u0105cy - GC045 - <strong>Zakaz fotografowania: kiedy obowi\u0105zuje, jakie znaki wykorzysta\u0107 i co warto wiedzie\u0107?<\/strong>\" \/>\n              <\/div>\n              <div class=\"product-small-title\">\n                  Zakaz fotografowania - znak bhp zakazuj\u0105cy - GC045              <\/div>\n          <\/div>\n      <\/a>    \n            <a href=\"https:\/\/www.znakowo.pl\/produkt\/zakaz-fotografowania-znak-informacyjny-pc101,pc101,2694.html\" class=\"product-small\">\n          <div class=\"product-small-box\">\n              <div class=\"product-small-img\">\n                                    <img decoding=\"async\" src=\"https:\/\/tdc.znakowo.pl\/thumbs\/zakaz-fotografowania-znak-informacyjny-pc101-11917-2694-160-160-0.jpg\" alt=\"Zakaz fotografowania - znak informacyjny - PC101 - <strong>Zakaz fotografowania: kiedy obowi\u0105zuje, jakie znaki wykorzysta\u0107 i co warto wiedzie\u0107?<\/strong>\" title=\"Zakaz fotografowania - znak informacyjny - PC101 - <strong>Zakaz fotografowania: kiedy obowi\u0105zuje, jakie znaki wykorzysta\u0107 i co warto wiedzie\u0107?<\/strong>\" \/>\n              <\/div>\n              <div class=\"product-small-title\">\n                  Zakaz fotografowania - znak informacyjny - PC101              <\/div>\n          <\/div>\n      <\/a>    \n        \n    <div class=\"clearfix\"><\/div>    \n<\/div>\n\n\n\n\n<h2 class=\"wp-block-heading\"><span class=\"ez-toc-section\" id=\"Czy_mozna_robic_zdjecia_w_sklepie\"><\/span><strong>Czy mo\u017cna robi\u0107 zdj\u0119cia w sklepie?<\/strong><span class=\"ez-toc-section-end\"><\/span><\/h2>\n\n\n<div class=\"wp-block-image\">\n<figure class=\"alignleft size-full\"><img loading=\"lazy\" decoding=\"async\" width=\"1000\" height=\"667\" src=\"https:\/\/www.znakowo.pl\/blog\/wp-content\/uploads\/2023\/01\/robienie-zdjec-w-sklepie.jpg\" alt=\"robienie zdj\u0119\u0107 w sklepie\" class=\"wp-image-5457\" srcset=\"https:\/\/www.znakowo.pl\/blog\/wp-content\/uploads\/2023\/01\/robienie-zdjec-w-sklepie.jpg 1000w, https:\/\/www.znakowo.pl\/blog\/wp-content\/uploads\/2023\/01\/robienie-zdjec-w-sklepie-300x200.jpg 300w, https:\/\/www.znakowo.pl\/blog\/wp-content\/uploads\/2023\/01\/robienie-zdjec-w-sklepie-768x512.jpg 768w\" sizes=\"auto, (max-width: 709px) 85vw, (max-width: 909px) 67vw, (max-width: 1362px) 62vw, 840px\" \/><\/figure>\n<\/div>\n\n\n<p><\/p>\n\n\n\n<p>Sporo kontrowersji wzbudzaj\u0105 <strong>zakazy robienia zdj\u0119\u0107 w sklepach<\/strong>. Klienci fotografuj\u0105 ceny, kody kreskowe i same produkty, dzi\u0119ki czemu mog\u0105 por\u00f3wnywa\u0107 oferty sklep\u00f3w i sprowadza\u0107, jakie sk\u0142adniki zawieraj\u0105 interesuj\u0105ce ich produkty. <strong>Zgodnie ze stanowiskiem UOKiK por\u00f3wnywanie np. cen jest jednym z praw konsument\u00f3w, a utrudnianie im tego mo\u017ce by\u0107 uznane za nieuczciw\u0105 praktyk\u0119 rynkow\u0105.<\/strong><\/p>\n\n\n\n<p>W 2018 r. jasno w kwestii zakaz\u00f3w fotografowania wprowadzanych przez niekt\u00f3re sklepy wypowiedzia\u0142 si\u0119 \u00f3wczesny prezes UOKiK, Marek Niechcia\u0142. Wskazywa\u0142 on, \u017ce <em>sklepy nie mog\u0105 zakazywa\u0107 takich praktyk. Jednym z podstawowych praw konsumenta jest mo\u017cliwo\u015b\u0107 swobodnego wyboru oferty, kt\u00f3ra mu najbardziej odpowiada pod wzgl\u0119dem ceny czy w\u0142a\u015bciwo\u015bci produktu. Musi mie\u0107 wi\u0119c mo\u017cliwo\u015b\u0107 por\u00f3wnania, co mo\u017ce zrobi\u0107 na r\u00f3\u017cne sposoby, tak\u017ce poprzez aplikacje czy zdj\u0119cia<\/em>.<\/p>\n\n\n\n<div class=\"schema-faq wp-block-yoast-faq-block\"><div class=\"schema-faq-section\" id=\"faq-question-1675031012891\"><strong class=\"schema-faq-question\"><strong>Czy s\u0105siad mo\u017ce robi\u0107 zdj\u0119cia mojej posesji?<\/strong><\/strong> <p class=\"schema-faq-answer\">Obowi\u0105zuj\u0105ce w Polsce tzw. prawo panoramy, pozwala na fotografowanie i publikowanie zdj\u0119\u0107 r\u00f3\u017cnych obiekt\u00f3w (w tym obiekt\u00f3w prywatnych), kt\u00f3re znajduj\u0105 si\u0119 w przestrzeni publicznej. Dotyczy to nawet tych, kt\u00f3re w \u015bwietle prawa autorskiego mog\u0105 by\u0107 uznane za utwory. Zamontowanie tabliczki \u201ezakaz fotografowania\u201d nie zmienia sytuacji w \u017caden spos\u00f3b. Aby jednak robienie i upublicznianie takich zdj\u0119\u0107 by\u0142o zgodne z prawem, obiekty powinny by\u0107 fotografowane z miejsc powszechnie dost\u0119pnych, a nie z terenu prywatnej posesji.<\/p> <\/div> <div class=\"schema-faq-section\" id=\"faq-question-1675031027404\"><strong class=\"schema-faq-question\"><strong>Czy zakazy fotografowania w sklepach s\u0105 zgodne z prawem?<\/strong><\/strong> <p class=\"schema-faq-answer\">Zakazy fotografowania wprowadzane przez niekt\u00f3re sklepy s\u0105 nielegalne, a wed\u0142ug UOKiK-u mo\u017ce by\u0107 uznane za nieuczciw\u0105 praktyk\u0119 rynkow\u0105 naruszaj\u0105c\u0105 zbiorowe interesy konsument\u00f3w.<\/p> <\/div> <div class=\"schema-faq-section\" id=\"faq-question-1675031044573\"><strong class=\"schema-faq-question\"><strong>Czy mo\u017cna robi\u0107 zdj\u0119cia w muzeach?<\/strong><\/strong> <p class=\"schema-faq-answer\">W muzeach mo\u017cna spotka\u0107 si\u0119 tabliczk\u0105 \u201ezakaz fotografowania\u201d. Niekt\u00f3re umo\u017cliwiaj\u0105 robienie zdj\u0119\u0107, ale pod warunkiem uiszczenia op\u0142aty i uzyskania odpowiedniej zgody. Zgodnie z wyrokiem wydanym przez S\u0105d Okr\u0119gowy w Warszawie-S\u0105d Ochrony Konkurencji i Konsument\u00f3w (sygn. XVII AmC 1145\/09) takie klauzule s\u0105 niedozwolone. Oznacza to, \u017ce za robienie zdj\u0119\u0107 eksponat\u00f3w muzea nie mog\u0105 pobiera\u0107 dodatkowej op\u0142aty.<\/p> <\/div> <\/div>\n","protected":false},"excerpt":{"rendered":"<p>Dzisiaj niemal ka\u017cdy ma w kieszeni smartfon, kt\u00f3ry pozwala na robienie zdj\u0119\u0107. Czy uwiecznianie r\u00f3\u017cnych obiekt\u00f3w zawsze jest zgodne z prawem? Sprawdzamy, czy s\u0105 miejsca i sytuacje, w kt\u00f3rych obowi\u0105zuje zakaz fotografowania, a je\u015bli tak \u2013 jaka jest podstawa prawna.<\/p>\n","protected":false},"author":3,"featured_media":7795,"comment_status":"closed","ping_status":"closed","sticky":false,"template":"","format":"standard","meta":{"_acf_changed":false,"footnotes":""},"categories":[1],"tags":[],"class_list":["post-5453","post","type-post","status-publish","format-standard","has-post-thumbnail","hentry","category-przepisy-ustawy"],"acf":[],"yoast_head":"<!-- This site is optimized with the Yoast SEO plugin v27.4 - https:\/\/yoast.com\/product\/yoast-seo-wordpress\/ -->\n<title>Zakaz fotografowania: kiedy obowi\u0105zuje, jakie s\u0105 znaki i co wiedzie\u0107?<\/title>\n<meta name=\"description\" content=\"Zakaz fotografowania w pigu\u0142ce. Co m\u00f3wi\u0105 przepisy, jak mo\u017cna oznakowa\u0107 prywatn\u0105 przestrze\u0144 i gdzie bezwzgl\u0119dnie nale\u017cy wystrzega\u0107 si\u0119 robienia zdj\u0119\u0107?\" \/>\n<meta name=\"robots\" content=\"index, follow, max-snippet:-1, max-image-preview:large, max-video-preview:-1\" \/>\n<link rel=\"canonical\" href=\"https:\/\/www.znakowo.pl\/blog\/zakaz-fotografowania\/\" \/>\n<meta property=\"og:locale\" content=\"pl_PL\" \/>\n<meta property=\"og:type\" content=\"article\" \/>\n<meta property=\"og:title\" content=\"Zakaz fotografowania: kiedy obowi\u0105zuje, jakie s\u0105 znaki i co wiedzie\u0107?\" \/>\n<meta property=\"og:description\" content=\"Zakaz fotografowania w pigu\u0142ce. Co m\u00f3wi\u0105 przepisy, jak mo\u017cna oznakowa\u0107 prywatn\u0105 przestrze\u0144 i gdzie bezwzgl\u0119dnie nale\u017cy wystrzega\u0107 si\u0119 robienia zdj\u0119\u0107?\" \/>\n<meta property=\"og:url\" content=\"https:\/\/www.znakowo.pl\/blog\/zakaz-fotografowania\/\" \/>\n<meta property=\"og:site_name\" content=\"Blog znakowo.pl\" \/>\n<meta property=\"article:publisher\" content=\"https:\/\/www.facebook.com\/Znakowo\/\" \/>\n<meta property=\"article:published_time\" content=\"2025-04-02T10:24:00+00:00\" \/>\n<meta property=\"article:modified_time\" content=\"2025-05-20T11:16:36+00:00\" \/>\n<meta property=\"og:image\" content=\"https:\/\/www.znakowo.pl\/blog\/wp-content\/uploads\/2025\/05\/close-up-warning-sign-wall-scaled.jpg\" \/>\n\t<meta property=\"og:image:width\" content=\"1920\" \/>\n\t<meta property=\"og:image:height\" content=\"2560\" \/>\n\t<meta property=\"og:image:type\" content=\"image\/jpeg\" \/>\n<meta name=\"author\" content=\"Julita Krzemi\u0144ska\" \/>\n<meta name=\"twitter:card\" content=\"summary_large_image\" \/>\n<meta name=\"twitter:label1\" content=\"Napisane przez\" \/>\n\t<meta name=\"twitter:data1\" content=\"Julita Krzemi\u0144ska\" \/>\n\t<meta name=\"twitter:label2\" content=\"Szacowany czas czytania\" \/>\n\t<meta name=\"twitter:data2\" content=\"9 minut\" \/>\n<script type=\"application\/ld+json\" class=\"yoast-schema-graph\">{\"@context\":\"https:\\\/\\\/schema.org\",\"@graph\":[{\"@type\":\"Article\",\"@id\":\"https:\\\/\\\/www.znakowo.pl\\\/blog\\\/zakaz-fotografowania\\\/#article\",\"isPartOf\":{\"@id\":\"https:\\\/\\\/www.znakowo.pl\\\/blog\\\/zakaz-fotografowania\\\/\"},\"author\":{\"name\":\"Julita Krzemi\u0144ska\",\"@id\":\"https:\\\/\\\/www.znakowo.pl\\\/blog\\\/#\\\/schema\\\/person\\\/a29ddb53515b4cfd337f1582146267d9\"},\"headline\":\"Zakaz fotografowania: kiedy obowi\u0105zuje, jakie znaki wykorzysta\u0107 i co warto wiedzie\u0107?\",\"datePublished\":\"2025-04-02T10:24:00+00:00\",\"dateModified\":\"2025-05-20T11:16:36+00:00\",\"mainEntityOfPage\":{\"@id\":\"https:\\\/\\\/www.znakowo.pl\\\/blog\\\/zakaz-fotografowania\\\/\"},\"wordCount\":1510,\"publisher\":{\"@id\":\"https:\\\/\\\/www.znakowo.pl\\\/blog\\\/#organization\"},\"image\":{\"@id\":\"https:\\\/\\\/www.znakowo.pl\\\/blog\\\/zakaz-fotografowania\\\/#primaryimage\"},\"thumbnailUrl\":\"https:\\\/\\\/www.znakowo.pl\\\/blog\\\/wp-content\\\/uploads\\\/2025\\\/05\\\/close-up-warning-sign-wall-scaled.jpg\",\"articleSection\":[\"Przepisy, ustawy\"],\"inLanguage\":\"pl-PL\"},{\"@type\":[\"WebPage\",\"FAQPage\"],\"@id\":\"https:\\\/\\\/www.znakowo.pl\\\/blog\\\/zakaz-fotografowania\\\/\",\"url\":\"https:\\\/\\\/www.znakowo.pl\\\/blog\\\/zakaz-fotografowania\\\/\",\"name\":\"Zakaz fotografowania: kiedy obowi\u0105zuje, jakie s\u0105 znaki i co wiedzie\u0107?\",\"isPartOf\":{\"@id\":\"https:\\\/\\\/www.znakowo.pl\\\/blog\\\/#website\"},\"primaryImageOfPage\":{\"@id\":\"https:\\\/\\\/www.znakowo.pl\\\/blog\\\/zakaz-fotografowania\\\/#primaryimage\"},\"image\":{\"@id\":\"https:\\\/\\\/www.znakowo.pl\\\/blog\\\/zakaz-fotografowania\\\/#primaryimage\"},\"thumbnailUrl\":\"https:\\\/\\\/www.znakowo.pl\\\/blog\\\/wp-content\\\/uploads\\\/2025\\\/05\\\/close-up-warning-sign-wall-scaled.jpg\",\"datePublished\":\"2025-04-02T10:24:00+00:00\",\"dateModified\":\"2025-05-20T11:16:36+00:00\",\"description\":\"Zakaz fotografowania w pigu\u0142ce. Co m\u00f3wi\u0105 przepisy, jak mo\u017cna oznakowa\u0107 prywatn\u0105 przestrze\u0144 i gdzie bezwzgl\u0119dnie nale\u017cy wystrzega\u0107 si\u0119 robienia zdj\u0119\u0107?\",\"breadcrumb\":{\"@id\":\"https:\\\/\\\/www.znakowo.pl\\\/blog\\\/zakaz-fotografowania\\\/#breadcrumb\"},\"mainEntity\":[{\"@id\":\"https:\\\/\\\/www.znakowo.pl\\\/blog\\\/zakaz-fotografowania\\\/#faq-question-1675031012891\"},{\"@id\":\"https:\\\/\\\/www.znakowo.pl\\\/blog\\\/zakaz-fotografowania\\\/#faq-question-1675031027404\"},{\"@id\":\"https:\\\/\\\/www.znakowo.pl\\\/blog\\\/zakaz-fotografowania\\\/#faq-question-1675031044573\"}],\"inLanguage\":\"pl-PL\",\"potentialAction\":[{\"@type\":\"ReadAction\",\"target\":[\"https:\\\/\\\/www.znakowo.pl\\\/blog\\\/zakaz-fotografowania\\\/\"]}]},{\"@type\":\"ImageObject\",\"inLanguage\":\"pl-PL\",\"@id\":\"https:\\\/\\\/www.znakowo.pl\\\/blog\\\/zakaz-fotografowania\\\/#primaryimage\",\"url\":\"https:\\\/\\\/www.znakowo.pl\\\/blog\\\/wp-content\\\/uploads\\\/2025\\\/05\\\/close-up-warning-sign-wall-scaled.jpg\",\"contentUrl\":\"https:\\\/\\\/www.znakowo.pl\\\/blog\\\/wp-content\\\/uploads\\\/2025\\\/05\\\/close-up-warning-sign-wall-scaled.jpg\",\"width\":1920,\"height\":2560,\"caption\":\"Zakaz fotografowania: kiedy obowiazuje\"},{\"@type\":\"BreadcrumbList\",\"@id\":\"https:\\\/\\\/www.znakowo.pl\\\/blog\\\/zakaz-fotografowania\\\/#breadcrumb\",\"itemListElement\":[{\"@type\":\"ListItem\",\"position\":1,\"name\":\"Strona g\u0142\u00f3wna\",\"item\":\"https:\\\/\\\/www.znakowo.pl\\\/blog\\\/\"},{\"@type\":\"ListItem\",\"position\":2,\"name\":\"Zakaz fotografowania: kiedy obowi\u0105zuje, jakie znaki wykorzysta\u0107 i co warto wiedzie\u0107?\"}]},{\"@type\":\"WebSite\",\"@id\":\"https:\\\/\\\/www.znakowo.pl\\\/blog\\\/#website\",\"url\":\"https:\\\/\\\/www.znakowo.pl\\\/blog\\\/\",\"name\":\"Blog znakowo.pl\",\"description\":\"\",\"publisher\":{\"@id\":\"https:\\\/\\\/www.znakowo.pl\\\/blog\\\/#organization\"},\"potentialAction\":[{\"@type\":\"SearchAction\",\"target\":{\"@type\":\"EntryPoint\",\"urlTemplate\":\"https:\\\/\\\/www.znakowo.pl\\\/blog\\\/?s={search_term_string}\"},\"query-input\":{\"@type\":\"PropertyValueSpecification\",\"valueRequired\":true,\"valueName\":\"search_term_string\"}}],\"inLanguage\":\"pl-PL\"},{\"@type\":\"Organization\",\"@id\":\"https:\\\/\\\/www.znakowo.pl\\\/blog\\\/#organization\",\"name\":\"Znakowo.pl\",\"url\":\"https:\\\/\\\/www.znakowo.pl\\\/blog\\\/\",\"logo\":{\"@type\":\"ImageObject\",\"inLanguage\":\"pl-PL\",\"@id\":\"https:\\\/\\\/www.znakowo.pl\\\/blog\\\/#\\\/schema\\\/logo\\\/image\\\/\",\"url\":\"https:\\\/\\\/www.znakowo.pl\\\/blog\\\/wp-content\\\/uploads\\\/2017\\\/05\\\/logo_1.png\",\"contentUrl\":\"https:\\\/\\\/www.znakowo.pl\\\/blog\\\/wp-content\\\/uploads\\\/2017\\\/05\\\/logo_1.png\",\"width\":277,\"height\":94,\"caption\":\"Znakowo.pl\"},\"image\":{\"@id\":\"https:\\\/\\\/www.znakowo.pl\\\/blog\\\/#\\\/schema\\\/logo\\\/image\\\/\"},\"sameAs\":[\"https:\\\/\\\/www.facebook.com\\\/Znakowo\\\/\"]},{\"@type\":\"Person\",\"@id\":\"https:\\\/\\\/www.znakowo.pl\\\/blog\\\/#\\\/schema\\\/person\\\/a29ddb53515b4cfd337f1582146267d9\",\"name\":\"Julita Krzemi\u0144ska\",\"image\":{\"@type\":\"ImageObject\",\"inLanguage\":\"pl-PL\",\"@id\":\"https:\\\/\\\/secure.gravatar.com\\\/avatar\\\/e6adac54b1d18b21f8567cc6208ef43409e661f1070cf8be2e6912306b99d439?s=96&d=mm&r=g\",\"url\":\"https:\\\/\\\/secure.gravatar.com\\\/avatar\\\/e6adac54b1d18b21f8567cc6208ef43409e661f1070cf8be2e6912306b99d439?s=96&d=mm&r=g\",\"contentUrl\":\"https:\\\/\\\/secure.gravatar.com\\\/avatar\\\/e6adac54b1d18b21f8567cc6208ef43409e661f1070cf8be2e6912306b99d439?s=96&d=mm&r=g\",\"caption\":\"Julita Krzemi\u0144ska\"},\"url\":\"https:\\\/\\\/www.znakowo.pl\\\/blog\\\/author\\\/jkrzeminska\\\/\"},{\"@type\":\"Question\",\"@id\":\"https:\\\/\\\/www.znakowo.pl\\\/blog\\\/zakaz-fotografowania\\\/#faq-question-1675031012891\",\"position\":1,\"url\":\"https:\\\/\\\/www.znakowo.pl\\\/blog\\\/zakaz-fotografowania\\\/#faq-question-1675031012891\",\"name\":\"Czy s\u0105siad mo\u017ce robi\u0107 zdj\u0119cia mojej posesji?\",\"answerCount\":1,\"acceptedAnswer\":{\"@type\":\"Answer\",\"text\":\"Obowi\u0105zuj\u0105ce w Polsce tzw. prawo panoramy, pozwala na fotografowanie i publikowanie zdj\u0119\u0107 r\u00f3\u017cnych obiekt\u00f3w (w tym obiekt\u00f3w prywatnych), kt\u00f3re znajduj\u0105 si\u0119 w przestrzeni publicznej. Dotyczy to nawet tych, kt\u00f3re w \u015bwietle prawa autorskiego mog\u0105 by\u0107 uznane za utwory. Zamontowanie tabliczki \u201ezakaz fotografowania\u201d nie zmienia sytuacji w \u017caden spos\u00f3b. Aby jednak robienie i upublicznianie takich zdj\u0119\u0107 by\u0142o zgodne z prawem, obiekty powinny by\u0107 fotografowane z miejsc powszechnie dost\u0119pnych, a nie z terenu prywatnej posesji.\",\"inLanguage\":\"pl-PL\"},\"inLanguage\":\"pl-PL\"},{\"@type\":\"Question\",\"@id\":\"https:\\\/\\\/www.znakowo.pl\\\/blog\\\/zakaz-fotografowania\\\/#faq-question-1675031027404\",\"position\":2,\"url\":\"https:\\\/\\\/www.znakowo.pl\\\/blog\\\/zakaz-fotografowania\\\/#faq-question-1675031027404\",\"name\":\"Czy zakazy fotografowania w sklepach s\u0105 zgodne z prawem?\",\"answerCount\":1,\"acceptedAnswer\":{\"@type\":\"Answer\",\"text\":\"Zakazy fotografowania wprowadzane przez niekt\u00f3re sklepy s\u0105 nielegalne, a wed\u0142ug UOKiK-u mo\u017ce by\u0107 uznane za nieuczciw\u0105 praktyk\u0119 rynkow\u0105 naruszaj\u0105c\u0105 zbiorowe interesy konsument\u00f3w.\",\"inLanguage\":\"pl-PL\"},\"inLanguage\":\"pl-PL\"},{\"@type\":\"Question\",\"@id\":\"https:\\\/\\\/www.znakowo.pl\\\/blog\\\/zakaz-fotografowania\\\/#faq-question-1675031044573\",\"position\":3,\"url\":\"https:\\\/\\\/www.znakowo.pl\\\/blog\\\/zakaz-fotografowania\\\/#faq-question-1675031044573\",\"name\":\"Czy mo\u017cna robi\u0107 zdj\u0119cia w muzeach?\",\"answerCount\":1,\"acceptedAnswer\":{\"@type\":\"Answer\",\"text\":\"W muzeach mo\u017cna spotka\u0107 si\u0119 tabliczk\u0105 \u201ezakaz fotografowania\u201d. Niekt\u00f3re umo\u017cliwiaj\u0105 robienie zdj\u0119\u0107, ale pod warunkiem uiszczenia op\u0142aty i uzyskania odpowiedniej zgody. Zgodnie z wyrokiem wydanym przez S\u0105d Okr\u0119gowy w Warszawie-S\u0105d Ochrony Konkurencji i Konsument\u00f3w (sygn. XVII AmC 1145\\\/09) takie klauzule s\u0105 niedozwolone. Oznacza to, \u017ce za robienie zdj\u0119\u0107 eksponat\u00f3w muzea nie mog\u0105 pobiera\u0107 dodatkowej op\u0142aty.\",\"inLanguage\":\"pl-PL\"},\"inLanguage\":\"pl-PL\"}]}<\/script>\n<!-- \/ Yoast SEO plugin. -->","yoast_head_json":{"title":"Zakaz fotografowania: kiedy obowi\u0105zuje, jakie s\u0105 znaki i co wiedzie\u0107?","description":"Zakaz fotografowania w pigu\u0142ce. Co m\u00f3wi\u0105 przepisy, jak mo\u017cna oznakowa\u0107 prywatn\u0105 przestrze\u0144 i gdzie bezwzgl\u0119dnie nale\u017cy wystrzega\u0107 si\u0119 robienia zdj\u0119\u0107?","robots":{"index":"index","follow":"follow","max-snippet":"max-snippet:-1","max-image-preview":"max-image-preview:large","max-video-preview":"max-video-preview:-1"},"canonical":"https:\/\/www.znakowo.pl\/blog\/zakaz-fotografowania\/","og_locale":"pl_PL","og_type":"article","og_title":"Zakaz fotografowania: kiedy obowi\u0105zuje, jakie s\u0105 znaki i co wiedzie\u0107?","og_description":"Zakaz fotografowania w pigu\u0142ce. Co m\u00f3wi\u0105 przepisy, jak mo\u017cna oznakowa\u0107 prywatn\u0105 przestrze\u0144 i gdzie bezwzgl\u0119dnie nale\u017cy wystrzega\u0107 si\u0119 robienia zdj\u0119\u0107?","og_url":"https:\/\/www.znakowo.pl\/blog\/zakaz-fotografowania\/","og_site_name":"Blog znakowo.pl","article_publisher":"https:\/\/www.facebook.com\/Znakowo\/","article_published_time":"2025-04-02T10:24:00+00:00","article_modified_time":"2025-05-20T11:16:36+00:00","og_image":[{"width":1920,"height":2560,"url":"https:\/\/www.znakowo.pl\/blog\/wp-content\/uploads\/2025\/05\/close-up-warning-sign-wall-scaled.jpg","type":"image\/jpeg"}],"author":"Julita Krzemi\u0144ska","twitter_card":"summary_large_image","twitter_misc":{"Napisane przez":"Julita Krzemi\u0144ska","Szacowany czas czytania":"9 minut"},"schema":{"@context":"https:\/\/schema.org","@graph":[{"@type":"Article","@id":"https:\/\/www.znakowo.pl\/blog\/zakaz-fotografowania\/#article","isPartOf":{"@id":"https:\/\/www.znakowo.pl\/blog\/zakaz-fotografowania\/"},"author":{"name":"Julita Krzemi\u0144ska","@id":"https:\/\/www.znakowo.pl\/blog\/#\/schema\/person\/a29ddb53515b4cfd337f1582146267d9"},"headline":"Zakaz fotografowania: kiedy obowi\u0105zuje, jakie znaki wykorzysta\u0107 i co warto wiedzie\u0107?","datePublished":"2025-04-02T10:24:00+00:00","dateModified":"2025-05-20T11:16:36+00:00","mainEntityOfPage":{"@id":"https:\/\/www.znakowo.pl\/blog\/zakaz-fotografowania\/"},"wordCount":1510,"publisher":{"@id":"https:\/\/www.znakowo.pl\/blog\/#organization"},"image":{"@id":"https:\/\/www.znakowo.pl\/blog\/zakaz-fotografowania\/#primaryimage"},"thumbnailUrl":"https:\/\/www.znakowo.pl\/blog\/wp-content\/uploads\/2025\/05\/close-up-warning-sign-wall-scaled.jpg","articleSection":["Przepisy, ustawy"],"inLanguage":"pl-PL"},{"@type":["WebPage","FAQPage"],"@id":"https:\/\/www.znakowo.pl\/blog\/zakaz-fotografowania\/","url":"https:\/\/www.znakowo.pl\/blog\/zakaz-fotografowania\/","name":"Zakaz fotografowania: kiedy obowi\u0105zuje, jakie s\u0105 znaki i co wiedzie\u0107?","isPartOf":{"@id":"https:\/\/www.znakowo.pl\/blog\/#website"},"primaryImageOfPage":{"@id":"https:\/\/www.znakowo.pl\/blog\/zakaz-fotografowania\/#primaryimage"},"image":{"@id":"https:\/\/www.znakowo.pl\/blog\/zakaz-fotografowania\/#primaryimage"},"thumbnailUrl":"https:\/\/www.znakowo.pl\/blog\/wp-content\/uploads\/2025\/05\/close-up-warning-sign-wall-scaled.jpg","datePublished":"2025-04-02T10:24:00+00:00","dateModified":"2025-05-20T11:16:36+00:00","description":"Zakaz fotografowania w pigu\u0142ce. Co m\u00f3wi\u0105 przepisy, jak mo\u017cna oznakowa\u0107 prywatn\u0105 przestrze\u0144 i gdzie bezwzgl\u0119dnie nale\u017cy wystrzega\u0107 si\u0119 robienia zdj\u0119\u0107?","breadcrumb":{"@id":"https:\/\/www.znakowo.pl\/blog\/zakaz-fotografowania\/#breadcrumb"},"mainEntity":[{"@id":"https:\/\/www.znakowo.pl\/blog\/zakaz-fotografowania\/#faq-question-1675031012891"},{"@id":"https:\/\/www.znakowo.pl\/blog\/zakaz-fotografowania\/#faq-question-1675031027404"},{"@id":"https:\/\/www.znakowo.pl\/blog\/zakaz-fotografowania\/#faq-question-1675031044573"}],"inLanguage":"pl-PL","potentialAction":[{"@type":"ReadAction","target":["https:\/\/www.znakowo.pl\/blog\/zakaz-fotografowania\/"]}]},{"@type":"ImageObject","inLanguage":"pl-PL","@id":"https:\/\/www.znakowo.pl\/blog\/zakaz-fotografowania\/#primaryimage","url":"https:\/\/www.znakowo.pl\/blog\/wp-content\/uploads\/2025\/05\/close-up-warning-sign-wall-scaled.jpg","contentUrl":"https:\/\/www.znakowo.pl\/blog\/wp-content\/uploads\/2025\/05\/close-up-warning-sign-wall-scaled.jpg","width":1920,"height":2560,"caption":"Zakaz fotografowania: kiedy obowiazuje"},{"@type":"BreadcrumbList","@id":"https:\/\/www.znakowo.pl\/blog\/zakaz-fotografowania\/#breadcrumb","itemListElement":[{"@type":"ListItem","position":1,"name":"Strona g\u0142\u00f3wna","item":"https:\/\/www.znakowo.pl\/blog\/"},{"@type":"ListItem","position":2,"name":"Zakaz fotografowania: kiedy obowi\u0105zuje, jakie znaki wykorzysta\u0107 i co warto wiedzie\u0107?"}]},{"@type":"WebSite","@id":"https:\/\/www.znakowo.pl\/blog\/#website","url":"https:\/\/www.znakowo.pl\/blog\/","name":"Blog znakowo.pl","description":"","publisher":{"@id":"https:\/\/www.znakowo.pl\/blog\/#organization"},"potentialAction":[{"@type":"SearchAction","target":{"@type":"EntryPoint","urlTemplate":"https:\/\/www.znakowo.pl\/blog\/?s={search_term_string}"},"query-input":{"@type":"PropertyValueSpecification","valueRequired":true,"valueName":"search_term_string"}}],"inLanguage":"pl-PL"},{"@type":"Organization","@id":"https:\/\/www.znakowo.pl\/blog\/#organization","name":"Znakowo.pl","url":"https:\/\/www.znakowo.pl\/blog\/","logo":{"@type":"ImageObject","inLanguage":"pl-PL","@id":"https:\/\/www.znakowo.pl\/blog\/#\/schema\/logo\/image\/","url":"https:\/\/www.znakowo.pl\/blog\/wp-content\/uploads\/2017\/05\/logo_1.png","contentUrl":"https:\/\/www.znakowo.pl\/blog\/wp-content\/uploads\/2017\/05\/logo_1.png","width":277,"height":94,"caption":"Znakowo.pl"},"image":{"@id":"https:\/\/www.znakowo.pl\/blog\/#\/schema\/logo\/image\/"},"sameAs":["https:\/\/www.facebook.com\/Znakowo\/"]},{"@type":"Person","@id":"https:\/\/www.znakowo.pl\/blog\/#\/schema\/person\/a29ddb53515b4cfd337f1582146267d9","name":"Julita Krzemi\u0144ska","image":{"@type":"ImageObject","inLanguage":"pl-PL","@id":"https:\/\/secure.gravatar.com\/avatar\/e6adac54b1d18b21f8567cc6208ef43409e661f1070cf8be2e6912306b99d439?s=96&d=mm&r=g","url":"https:\/\/secure.gravatar.com\/avatar\/e6adac54b1d18b21f8567cc6208ef43409e661f1070cf8be2e6912306b99d439?s=96&d=mm&r=g","contentUrl":"https:\/\/secure.gravatar.com\/avatar\/e6adac54b1d18b21f8567cc6208ef43409e661f1070cf8be2e6912306b99d439?s=96&d=mm&r=g","caption":"Julita Krzemi\u0144ska"},"url":"https:\/\/www.znakowo.pl\/blog\/author\/jkrzeminska\/"},{"@type":"Question","@id":"https:\/\/www.znakowo.pl\/blog\/zakaz-fotografowania\/#faq-question-1675031012891","position":1,"url":"https:\/\/www.znakowo.pl\/blog\/zakaz-fotografowania\/#faq-question-1675031012891","name":"Czy s\u0105siad mo\u017ce robi\u0107 zdj\u0119cia mojej posesji?","answerCount":1,"acceptedAnswer":{"@type":"Answer","text":"Obowi\u0105zuj\u0105ce w Polsce tzw. prawo panoramy, pozwala na fotografowanie i publikowanie zdj\u0119\u0107 r\u00f3\u017cnych obiekt\u00f3w (w tym obiekt\u00f3w prywatnych), kt\u00f3re znajduj\u0105 si\u0119 w przestrzeni publicznej. Dotyczy to nawet tych, kt\u00f3re w \u015bwietle prawa autorskiego mog\u0105 by\u0107 uznane za utwory. Zamontowanie tabliczki \u201ezakaz fotografowania\u201d nie zmienia sytuacji w \u017caden spos\u00f3b. Aby jednak robienie i upublicznianie takich zdj\u0119\u0107 by\u0142o zgodne z prawem, obiekty powinny by\u0107 fotografowane z miejsc powszechnie dost\u0119pnych, a nie z terenu prywatnej posesji.","inLanguage":"pl-PL"},"inLanguage":"pl-PL"},{"@type":"Question","@id":"https:\/\/www.znakowo.pl\/blog\/zakaz-fotografowania\/#faq-question-1675031027404","position":2,"url":"https:\/\/www.znakowo.pl\/blog\/zakaz-fotografowania\/#faq-question-1675031027404","name":"Czy zakazy fotografowania w sklepach s\u0105 zgodne z prawem?","answerCount":1,"acceptedAnswer":{"@type":"Answer","text":"Zakazy fotografowania wprowadzane przez niekt\u00f3re sklepy s\u0105 nielegalne, a wed\u0142ug UOKiK-u mo\u017ce by\u0107 uznane za nieuczciw\u0105 praktyk\u0119 rynkow\u0105 naruszaj\u0105c\u0105 zbiorowe interesy konsument\u00f3w.","inLanguage":"pl-PL"},"inLanguage":"pl-PL"},{"@type":"Question","@id":"https:\/\/www.znakowo.pl\/blog\/zakaz-fotografowania\/#faq-question-1675031044573","position":3,"url":"https:\/\/www.znakowo.pl\/blog\/zakaz-fotografowania\/#faq-question-1675031044573","name":"Czy mo\u017cna robi\u0107 zdj\u0119cia w muzeach?","answerCount":1,"acceptedAnswer":{"@type":"Answer","text":"W muzeach mo\u017cna spotka\u0107 si\u0119 tabliczk\u0105 \u201ezakaz fotografowania\u201d. Niekt\u00f3re umo\u017cliwiaj\u0105 robienie zdj\u0119\u0107, ale pod warunkiem uiszczenia op\u0142aty i uzyskania odpowiedniej zgody. Zgodnie z wyrokiem wydanym przez S\u0105d Okr\u0119gowy w Warszawie-S\u0105d Ochrony Konkurencji i Konsument\u00f3w (sygn. XVII AmC 1145\/09) takie klauzule s\u0105 niedozwolone. Oznacza to, \u017ce za robienie zdj\u0119\u0107 eksponat\u00f3w muzea nie mog\u0105 pobiera\u0107 dodatkowej op\u0142aty.","inLanguage":"pl-PL"},"inLanguage":"pl-PL"}]}},"_links":{"self":[{"href":"https:\/\/www.znakowo.pl\/blog\/wp-json\/wp\/v2\/posts\/5453","targetHints":{"allow":["GET"]}}],"collection":[{"href":"https:\/\/www.znakowo.pl\/blog\/wp-json\/wp\/v2\/posts"}],"about":[{"href":"https:\/\/www.znakowo.pl\/blog\/wp-json\/wp\/v2\/types\/post"}],"author":[{"embeddable":true,"href":"https:\/\/www.znakowo.pl\/blog\/wp-json\/wp\/v2\/users\/3"}],"replies":[{"embeddable":true,"href":"https:\/\/www.znakowo.pl\/blog\/wp-json\/wp\/v2\/comments?post=5453"}],"version-history":[{"count":4,"href":"https:\/\/www.znakowo.pl\/blog\/wp-json\/wp\/v2\/posts\/5453\/revisions"}],"predecessor-version":[{"id":7611,"href":"https:\/\/www.znakowo.pl\/blog\/wp-json\/wp\/v2\/posts\/5453\/revisions\/7611"}],"wp:featuredmedia":[{"embeddable":true,"href":"https:\/\/www.znakowo.pl\/blog\/wp-json\/wp\/v2\/media\/7795"}],"wp:attachment":[{"href":"https:\/\/www.znakowo.pl\/blog\/wp-json\/wp\/v2\/media?parent=5453"}],"wp:term":[{"taxonomy":"category","embeddable":true,"href":"https:\/\/www.znakowo.pl\/blog\/wp-json\/wp\/v2\/categories?post=5453"},{"taxonomy":"post_tag","embeddable":true,"href":"https:\/\/www.znakowo.pl\/blog\/wp-json\/wp\/v2\/tags?post=5453"}],"curies":[{"name":"wp","href":"https:\/\/api.w.org\/{rel}","templated":true}]}}