{"id":5501,"date":"2023-02-23T14:21:50","date_gmt":"2023-02-23T13:21:50","guid":{"rendered":"https:\/\/www.znakowo.pl\/blog\/?p=5501"},"modified":"2023-02-23T14:24:41","modified_gmt":"2023-02-23T13:24:41","slug":"oznaczenie-progu-schodow-w-zakladzie-pracy-a-bhp","status":"publish","type":"post","link":"https:\/\/www.znakowo.pl\/blog\/oznaczenie-progu-schodow-w-zakladzie-pracy-a-bhp\/","title":{"rendered":"Oznaczenie progu lub schod\u00f3w w zak\u0142adzie pracy a BHP \u2013 jak zrobi\u0107 to odpowiednio?"},"content":{"rendered":"\n<p>Prawid\u0142owe oznaczenie schod\u00f3w i prog\u00f3w w zak\u0142adzie pracy zmniejsza ryzyko wypadk\u00f3w. Nie wiesz, jak prawid\u0142owo oznakowa\u0107 i zabezpieczy\u0107 schody? Sprawd\u017a, co na ten temat m\u00f3wi\u0105 przepisy BHP. W artykule przygl\u0105damy si\u0119 r\u00f3wnie\u017c, jak powinny by\u0107 oznakowane schody i progi na drogach ewakuacyjnych.<\/p>\n\n\n<p><!--more--><\/p>\n\n\n<p>Wymagania dla schod\u00f3w w budynkach okre\u015bla rozporz\u0105dzenie Ministra Infrastruktury z dnia 12 kwietnia 2002 r. w sprawie warunk\u00f3w technicznych, jakim powinny odpowiada\u0107 budynki i ich usytuowanie. Przepisy wskazuj\u0105 m.in. minimaln\u0105 szeroko\u015b\u0107 schod\u00f3w oraz podest\u00f3w i maksymalno\u015b\u0107 wysoko\u015b\u0107 stopni. S\u0105 one r\u00f3\u017cne dla r\u00f3\u017cnego rodzaju budynk\u00f3w, np.:<\/p>\n\n\n\n<ul class=\"wp-block-list\">\n<li>w budynkach u\u017cyteczno\u015bci publicznej, w budynkach produkcyjnych, w budynkach magazynowo-sk\u0142adowych oraz us\u0142ugowych, w kt\u00f3rych zatrudnia si\u0119 ponad 10 os\u00f3b, minimalna szeroko\u015b\u0107 biegu to 1,2 m, spocznika \u2013 1,5 m, natomiast maksymalna wysoko\u015b\u0107 stopni \u2013 0,175 m;<\/li>\n\n\n\n<li>w przedszkolach i \u017c\u0142obkach to odpowiednio: 1,2 m, 1,3 m, 0,15 m;<\/li>\n\n\n\n<li>w budynkach opieki zdrowotnej: 1,4 m, 1,5 m, 0,15 m.<\/li>\n<\/ul>\n\n\n\n<p>Zgodnie z \u00a7 69 Rozporz\u0105dzenia liczba stopni w jednym biegu schod\u00f3w sta\u0142ych powinna wynosi\u0107 maksymalnie 14 stopni w budynkach opieki zdrowotnej i 17 stopni w innych budynkach. Natomiast liczba stopni w jednym biegu schod\u00f3w zewn\u0119trznych nie powinna wynosi\u0107 wi\u0119cej ni\u017c 10.<\/p>\n\n\n\n<p>\u00a7 71 ust. 4 wskazuje, \u017ce <strong>kraw\u0119dzie stopni schod\u00f3w w budynkach mieszkalnych wielorodzinnych i u\u017cyteczno\u015bci publicznej powinny wyr\u00f3\u017cnia\u0107 si\u0119 kolorem kontrastuj\u0105cym z kolorem posadzki.<\/strong><\/p>\n\n\n\n<div id=\"ez-toc-container\" class=\"ez-toc-v2_0_82_2 counter-hierarchy ez-toc-counter ez-toc-grey ez-toc-container-direction\">\n<div class=\"ez-toc-title-container\">\n<p class=\"ez-toc-title\" style=\"cursor:inherit\">Spis tre\u015bci<\/p>\n<span class=\"ez-toc-title-toggle\"><a href=\"#\" class=\"ez-toc-pull-right ez-toc-btn ez-toc-btn-xs ez-toc-btn-default ez-toc-toggle\" aria-label=\"Prze\u0142\u0105cznik Spisu Tre\u015bci\"><span class=\"ez-toc-js-icon-con\"><span class=\"\"><span class=\"eztoc-hide\" style=\"display:none;\">Toggle<\/span><span class=\"ez-toc-icon-toggle-span\"><svg style=\"fill: #999;color:#999\" xmlns=\"http:\/\/www.w3.org\/2000\/svg\" class=\"list-377408\" width=\"20px\" height=\"20px\" viewBox=\"0 0 24 24\" fill=\"none\"><path d=\"M6 6H4v2h2V6zm14 0H8v2h12V6zM4 11h2v2H4v-2zm16 0H8v2h12v-2zM4 16h2v2H4v-2zm16 0H8v2h12v-2z\" fill=\"currentColor\"><\/path><\/svg><svg style=\"fill: #999;color:#999\" class=\"arrow-unsorted-368013\" xmlns=\"http:\/\/www.w3.org\/2000\/svg\" width=\"10px\" height=\"10px\" viewBox=\"0 0 24 24\" version=\"1.2\" baseProfile=\"tiny\"><path d=\"M18.2 9.3l-6.2-6.3-6.2 6.3c-.2.2-.3.4-.3.7s.1.5.3.7c.2.2.4.3.7.3h11c.3 0 .5-.1.7-.3.2-.2.3-.5.3-.7s-.1-.5-.3-.7zM5.8 14.7l6.2 6.3 6.2-6.3c.2-.2.3-.5.3-.7s-.1-.5-.3-.7c-.2-.2-.4-.3-.7-.3h-11c-.3 0-.5.1-.7.3-.2.2-.3.5-.3.7s.1.5.3.7z\"\/><\/svg><\/span><\/span><\/span><\/a><\/span><\/div>\n<nav><ul class='ez-toc-list ez-toc-list-level-1 ' ><li class='ez-toc-page-1 ez-toc-heading-level-2'><a class=\"ez-toc-link ez-toc-heading-1\" href=\"https:\/\/www.znakowo.pl\/blog\/oznaczenie-progu-schodow-w-zakladzie-pracy-a-bhp\/#Oznaczenie_schodow_w_budynkach_uzytecznosci_publicznej_i_w_zakladach_pracy\" >Oznaczenie schod\u00f3w w budynkach u\u017cyteczno\u015bci publicznej i w zak\u0142adach pracy<\/a><ul class='ez-toc-list-level-3' ><li class='ez-toc-heading-level-3'><a class=\"ez-toc-link ez-toc-heading-2\" href=\"https:\/\/www.znakowo.pl\/blog\/oznaczenie-progu-schodow-w-zakladzie-pracy-a-bhp\/#Balustrady\" >Balustrady<\/a><\/li><li class='ez-toc-page-1 ez-toc-heading-level-3'><a class=\"ez-toc-link ez-toc-heading-3\" href=\"https:\/\/www.znakowo.pl\/blog\/oznaczenie-progu-schodow-w-zakladzie-pracy-a-bhp\/#Nawierzchnia_schodow\" >Nawierzchnia schod\u00f3w<\/a><\/li><li class='ez-toc-page-1 ez-toc-heading-level-3'><a class=\"ez-toc-link ez-toc-heading-4\" href=\"https:\/\/www.znakowo.pl\/blog\/oznaczenie-progu-schodow-w-zakladzie-pracy-a-bhp\/#Oznakowanie_roznicy_poziomow\" >Oznakowanie r\u00f3\u017cnicy poziom\u00f3w<\/a><\/li><\/ul><\/li><li class='ez-toc-page-1 ez-toc-heading-level-2'><a class=\"ez-toc-link ez-toc-heading-5\" href=\"https:\/\/www.znakowo.pl\/blog\/oznaczenie-progu-schodow-w-zakladzie-pracy-a-bhp\/#Oznaczenie_progu_na_drogach_transportowych_i_w_magazynach_a_przepisy_BHP\" >Oznaczenie progu na drogach transportowych i w magazynach a przepisy BHP<\/a><ul class='ez-toc-list-level-3' ><li class='ez-toc-heading-level-3'><a class=\"ez-toc-link ez-toc-heading-6\" href=\"https:\/\/www.znakowo.pl\/blog\/oznaczenie-progu-schodow-w-zakladzie-pracy-a-bhp\/#Pasy_ostrzegawcze_zolto-czarne_a_przepisy_Kiedy_stosuje_sie_takie_oznaczenie\" >Pasy ostrzegawcze \u017c\u00f3\u0142to-czarne a przepisy. Kiedy stosuje si\u0119 takie oznaczenie?<\/a><\/li><\/ul><\/li><li class='ez-toc-page-1 ez-toc-heading-level-2'><a class=\"ez-toc-link ez-toc-heading-7\" href=\"https:\/\/www.znakowo.pl\/blog\/oznaczenie-progu-schodow-w-zakladzie-pracy-a-bhp\/#Schody_i_progi_na_drodze_ewakuacyjnej\" >Schody i progi na drodze ewakuacyjnej<\/a><ul class='ez-toc-list-level-3' ><li class='ez-toc-heading-level-3'><a class=\"ez-toc-link ez-toc-heading-8\" href=\"https:\/\/www.znakowo.pl\/blog\/oznaczenie-progu-schodow-w-zakladzie-pracy-a-bhp\/#Gdzie_powinny_znajdowac_sie_znaki_informujace_o_schodach_na_drodze_ewakuacyjnej\" >Gdzie powinny znajdowa\u0107 si\u0119 znaki informuj\u0105ce o schodach na drodze ewakuacyjnej?<\/a><\/li><\/ul><\/li><li class='ez-toc-page-1 ez-toc-heading-level-2'><a class=\"ez-toc-link ez-toc-heading-9\" href=\"https:\/\/www.znakowo.pl\/blog\/oznaczenie-progu-schodow-w-zakladzie-pracy-a-bhp\/#Oznakowanie_schodow_znakami_bezpieczenstwa\" >Oznakowanie schod\u00f3w znakami bezpiecze\u0144stwa<\/a><ul class='ez-toc-list-level-3' ><li class='ez-toc-heading-level-3'><a class=\"ez-toc-link ez-toc-heading-10\" href=\"https:\/\/www.znakowo.pl\/blog\/oznaczenie-progu-schodow-w-zakladzie-pracy-a-bhp\/#Czy_do_oznakowania_schodow_warto_stosowac_piktogramy_bezpieczenstwa\" >Czy do oznakowania schod\u00f3w warto stosowa\u0107 piktogramy bezpiecze\u0144stwa?<\/a><\/li><\/ul><\/li><li class='ez-toc-page-1 ez-toc-heading-level-2'><a class=\"ez-toc-link ez-toc-heading-11\" href=\"https:\/\/www.znakowo.pl\/blog\/oznaczenie-progu-schodow-w-zakladzie-pracy-a-bhp\/#Oznakowanie_i_zabezpieczenie_schodow_tasmami_antyposlizgowymi\" >Oznakowanie i zabezpieczenie schod\u00f3w ta\u015bmami antypo\u015blizgowymi<\/a><\/li><\/ul><\/nav><\/div>\n<h2 class=\"wp-block-heading\"><span class=\"ez-toc-section\" id=\"Oznaczenie_schodow_w_budynkach_uzytecznosci_publicznej_i_w_zakladach_pracy\"><\/span><strong>Oznaczenie schod\u00f3w w budynkach u\u017cyteczno\u015bci publicznej i w zak\u0142adach pracy<\/strong><span class=\"ez-toc-section-end\"><\/span><\/h2>\n\n\n\n<p>Zapisy dotycz\u0105ce prawid\u0142owego oznakowania i zabezpieczenia schod\u00f3w znajduj\u0105 si\u0119 r\u00f3wnie\u017c w dziale VII rozporz\u0105dzenia sprawie warunk\u00f3w technicznych, jakim powinny odpowiada\u0107 budynki i ich usytuowanie.<\/p>\n\n\n\n<h3 class=\"wp-block-heading\"><span class=\"ez-toc-section\" id=\"Balustrady\"><\/span><strong>Balustrady<\/strong><span class=\"ez-toc-section-end\"><\/span><\/h3>\n\n\n\n<p>Wed\u0142ug przepis\u00f3w <strong>schody (zar\u00f3wno zewn\u0119trzne, jak i wewn\u0119trzne), kt\u00f3re s\u0142u\u017c\u0105 do pokonania wysoko\u015bci przekraczaj\u0105cej 0,5 m, powinny by\u0107 zaopatrzone w balustrady lub inne zabezpieczenia od strony przestrzeni otwarte<\/strong>j. W budynkach u\u017cyteczno\u015bci publicznej schody powinny mie\u0107 balustrady lub por\u0119cze przy\u015bcienne, umo\u017cliwiaj\u0105ce prawo- lub lewostronne ich u\u017cytkowanie. Je\u015bli szeroko\u015b\u0107 biegu schod\u00f3w jest wi\u0119ksza ni\u017c 4 m, w\u00f3wczas nale\u017cy stosowa\u0107 dodatkow\u0105 balustrad\u0119 po\u015bredni\u0105.<\/p>\n\n\n\n<h3 class=\"wp-block-heading\"><span class=\"ez-toc-section\" id=\"Nawierzchnia_schodow\"><\/span><strong>Nawierzchnia schod\u00f3w<\/strong><span class=\"ez-toc-section-end\"><\/span><\/h3>\n\n\n\n<p>Nawierzchnia schod\u00f3w (a tak\u017ce nawierzchnia doj\u015b\u0107 do budynk\u00f3w, pochylni zewn\u0119trznych i wewn\u0119trznych, ci\u0105g\u00f3w komunikacyjnych w budynku oraz pod\u0142\u00f3g w pomieszczeniach przeznaczonych na pobyt ludzi i posadzek w gara\u017cach) <strong>powinna by\u0107 wykonana z materia\u0142\u00f3w niepowoduj\u0105cych niebezpiecze\u0144stwa po\u015blizgu<\/strong>.<\/p>\n\n\n\n<h3 class=\"wp-block-heading\"><span class=\"ez-toc-section\" id=\"Oznakowanie_roznicy_poziomow\"><\/span><strong>Oznakowanie r\u00f3\u017cnicy poziom\u00f3w<\/strong><span class=\"ez-toc-section-end\"><\/span><\/h3>\n\n\n\n<p>\u00a7 306 wspomnianego rozporz\u0105dzenia wskazuje, \u017ce <strong>w budynkach u\u017cyteczno\u015bci publicznej, produkcyjnych i magazynowych, w miejscach, w kt\u00f3rych nast\u0119puje zmiana poziomu pod\u0142ogi, nale\u017cy stosowa\u0107 rozwi\u0105zania techniczne, plastyczne lub inne w celu zasygnalizowania tej r\u00f3\u017cnicy<\/strong>. Powierzchnie spocznik\u00f3w (element\u00f3w rozdzielaj\u0105cych lub ko\u0144cz\u0105cych bieg schod\u00f3w) powinny mie\u0107 wyko\u0144czenie wyr\u00f3\u017cniaj\u0105ce je odcieniem, barw\u0105 lub faktur\u0105, co najmniej w pasie 30 cm od kraw\u0119dzi rozpoczynaj\u0105cej i ko\u0144cz\u0105cej bieg schod\u00f3w.<\/p>\n\n\n\n<h2 class=\"wp-block-heading\"><span class=\"ez-toc-section\" id=\"Oznaczenie_progu_na_drogach_transportowych_i_w_magazynach_a_przepisy_BHP\"><\/span><strong>Oznaczenie progu na drogach transportowych i w magazynach a przepisy BHP<\/strong><span class=\"ez-toc-section-end\"><\/span><\/h2>\n\n\n<div class=\"wp-block-image\">\n<figure class=\"alignleft size-full\"><img loading=\"lazy\" decoding=\"async\" width=\"1000\" height=\"624\" src=\"https:\/\/www.znakowo.pl\/blog\/wp-content\/uploads\/2023\/02\/oznaczenie-progu.jpg\" alt=\"oznaczenie progu\" class=\"wp-image-5503\" srcset=\"https:\/\/www.znakowo.pl\/blog\/wp-content\/uploads\/2023\/02\/oznaczenie-progu.jpg 1000w, https:\/\/www.znakowo.pl\/blog\/wp-content\/uploads\/2023\/02\/oznaczenie-progu-300x187.jpg 300w, https:\/\/www.znakowo.pl\/blog\/wp-content\/uploads\/2023\/02\/oznaczenie-progu-768x479.jpg 768w\" sizes=\"auto, (max-width: 709px) 85vw, (max-width: 909px) 67vw, (max-width: 1362px) 62vw, 840px\" \/><\/figure>\n<\/div>\n\n\n<p>Je\u015bli chodzi o oznaczenie schod\u00f3w i prog\u00f3w w zak\u0142adach pracy, warto si\u0119gn\u0105\u0107 do rozporz\u0105dzenia w sprawie og\u00f3lnych przepis\u00f3w BHP.<\/p>\n\n\n\n<p>Zgodnie z \u00a7 5 tego rozporz\u0105dzenia <strong>na drogach transportowych i w magazynach nie powinny wyst\u0119powa\u0107 progi ani stopnie<\/strong>. W przypadku zr\u00f3\u017cnicowania poziom\u00f3w pod\u0142ogi r\u00f3\u017cnice powinny by\u0107 wyr\u00f3wnane pochylniami o nachyleniu dostosowanym do rodzaju u\u017cywanego \u015brodka transportu, ale nie wi\u0119kszym ni\u017c 8%. Pochylnie powinny umo\u017cliwia\u0107 nie tylko dogodny transport \u0142adunk\u00f3w, ale r\u00f3wnie\u017c bezpieczne poruszanie si\u0119 pracownik\u00f3w. Dalej (\u00a7 6) znajduje si\u0119 nast\u0119puj\u0105cy zapis:<\/p>\n\n\n\n<ul class=\"wp-block-list\">\n<li><strong>miejsca niebezpieczne na przej\u015bciach, zagra\u017caj\u0105ce potkni\u0119ciem si\u0119, upadkiem lub uderzeniem (np. stopnie) powinny by\u0107 pomalowane barwami bezpiecze\u0144stwa zgodnie z Polskimi normami.<\/strong><\/li>\n<\/ul>\n\n\n\n<h3 class=\"wp-block-heading\"><span class=\"ez-toc-section\" id=\"Pasy_ostrzegawcze_zolto-czarne_a_przepisy_Kiedy_stosuje_sie_takie_oznaczenie\"><\/span><strong>Pasy ostrzegawcze \u017c\u00f3\u0142to-czarne a przepisy. Kiedy stosuje si\u0119 takie oznaczenie?<\/strong><span class=\"ez-toc-section-end\"><\/span><\/h3>\n\n\n\n<p>Przepisy wskazuj\u0105, \u017ce miejsca w zak\u0142adzie pracy, do kt\u00f3rych pracownicy maj\u0105 dost\u0119p podczas pracy, a w kt\u00f3rych istnieje ryzyko kolizji z przeszkodami, upadku lub spadania przedmiot\u00f3w, powinny by\u0107 oznakowane sko\u015bnymi pasami \u2013 na przemian<strong> \u017c\u00f3\u0142tymi i czarnymi lub czerwonymi i bia\u0142ymi<\/strong>.&nbsp;<\/p>\n\n\n\n<p>Przeszkody takie jak progi w przej\u015bciach czy stopnie stwarzaj\u0105 ryzyko upadku, wydaje si\u0119 wi\u0119c zasadne ich oznaczenie w taki spos\u00f3b. Pasy ostrzegawczy (\u017c\u00f3\u0142to-czarne lub czerwono-bia\u0142e) powinny mie\u0107 wymiary odpowiednie do rozmiaru przeszkody lub niebezpiecznego miejsca. Pasy powinny by\u0107 narysowane pod k\u0105tem ok. 45\u00b0 i mie\u0107 zbli\u017cone wymiary.<\/p>\n\n\n\n<h2 class=\"wp-block-heading\"><span class=\"ez-toc-section\" id=\"Schody_i_progi_na_drodze_ewakuacyjnej\"><\/span><strong>Schody i progi na drodze ewakuacyjnej<\/strong><span class=\"ez-toc-section-end\"><\/span><\/h2>\n\n\n\n<p><a href=\"https:\/\/www.znakowo.pl\/blog\/oznakowanie-drog-ewakuacyjnych\/\">Drogi ewakuacyjne<\/a> umo\u017cliwiaj\u0105 bezpieczne i sprawne wydostanie si\u0119 z budynku lub przedostanie si\u0119 do s\u0105siedniej strefy w razie po\u017caru lub innego zagro\u017cenia. Bardzo wa\u017cnym elementem na drogach ewakuacyjnych jest odpowiednie oznakowanie. Znaki u\u0142atwiaj\u0105 orientacj\u0119 i wskazuj\u0105 kierunek, w kt\u00f3rym nale\u017cy si\u0119 porusza\u0107. Mog\u0105 r\u00f3wnie\u017c ostrzega\u0107 o wyst\u0119puj\u0105cych na drodze przeszkodach, takich jak zw\u0119\u017cenia, wystaj\u0105ce kraw\u0119dzie, elementy konstrukcyjne, niskie stropy, stopnie, progi itp. Przekazywanie informacji o przeszkodach jest bardzo istotne dla bezpiecze\u0144stwa os\u00f3b ewakuuj\u0105cych si\u0119, a konieczno\u015b\u0107 stosowania takich znak\u00f3w jest podyktowana przepisami, \u00a7 244 ust. 3:<\/p>\n\n\n\n<ul class=\"wp-block-list\">\n<li><strong>na drogach ewakuacyjnych miejsca, w kt\u00f3rych zastosowano pochylnie lub stopnie umo\u017cliwiaj\u0105ce pokonanie r\u00f3\u017cnicy poziom\u00f3w, powinny by\u0107 wyra\u017anie oznakowane.<\/strong><\/li>\n<\/ul>\n\n\n\n<h3 class=\"wp-block-heading\"><span class=\"ez-toc-section\" id=\"Gdzie_powinny_znajdowac_sie_znaki_informujace_o_schodach_na_drodze_ewakuacyjnej\"><\/span><strong>Gdzie powinny znajdowa\u0107 si\u0119 znaki informuj\u0105ce o schodach na drodze ewakuacyjnej?<\/strong><span class=\"ez-toc-section-end\"><\/span><\/h3>\n\n\n\n<p>Odpowiednie tabliczki nale\u017cy umieszcza\u0107:<\/p>\n\n\n\n<ul class=\"wp-block-list\">\n<li><strong>na \u015bcianach<\/strong> przylegaj\u0105cych do biegu schod\u00f3w, przez kt\u00f3re prowadzi droga ewakuacyjna;<\/li>\n\n\n\n<li><strong>nad drogami ewakuacyjnymi<\/strong>, w osi biegu schod\u00f3w i prostopadle do kierunku, w kt\u00f3rym poruszaj\u0105 si\u0119 ludzie podczas ewakuacji;<\/li>\n\n\n\n<li><strong>nad drzwiami odgradzaj\u0105cymi <\/strong>drogi ewakuacyjne \u2013 je\u015bli bezpo\u015brednio za nimi znajduj\u0105 si\u0119 schody.<\/li>\n<\/ul>\n\n\n\n<h2 class=\"wp-block-heading\"><span class=\"ez-toc-section\" id=\"Oznakowanie_schodow_znakami_bezpieczenstwa\"><\/span><strong>Oznakowanie schod\u00f3w znakami bezpiecze\u0144stwa<\/strong><span class=\"ez-toc-section-end\"><\/span><\/h2>\n\n\n\n<figure class=\"wp-block-image size-full\"><img loading=\"lazy\" decoding=\"async\" width=\"1000\" height=\"664\" src=\"https:\/\/www.znakowo.pl\/blog\/wp-content\/uploads\/2023\/02\/oznakowanie-schodow.jpg\" alt=\"oznakowanie schod\u00f3w\" class=\"wp-image-5502\" srcset=\"https:\/\/www.znakowo.pl\/blog\/wp-content\/uploads\/2023\/02\/oznakowanie-schodow.jpg 1000w, https:\/\/www.znakowo.pl\/blog\/wp-content\/uploads\/2023\/02\/oznakowanie-schodow-300x199.jpg 300w, https:\/\/www.znakowo.pl\/blog\/wp-content\/uploads\/2023\/02\/oznakowanie-schodow-768x510.jpg 768w\" sizes=\"auto, (max-width: 709px) 85vw, (max-width: 909px) 67vw, (max-width: 1362px) 62vw, 840px\" \/><\/figure>\n\n\n\n<p>Og\u00f3lne przepisy BHP wskazuj\u0105, \u017ce miejsca w zak\u0142adzie pracy, w kt\u00f3rych wyst\u0119puj\u0105 zagro\u017cenia dla pracownik\u00f3w, powinny by\u0107 oznakowane widocznymi barwami lub znakami bezpiecze\u0144stwa. W celu uprzedzenia pracownik\u00f3w o wyst\u0119puj\u0105cych na drodze prog\u00f3w i stopni wykorzystuje si\u0119 m.in.<a href=\"https:\/\/www.znakowo.pl\/znaki-ostrzegawcze-bhp-z-opisem\/\"> znaki ostrzegawcze BHP<\/a>.<\/p>\n\n\n\n<div class=\"product-small-box-content display-flex\">\n          <a href=\"https:\/\/www.znakowo.pl\/produkt\/ostrzezenie-przed-niebezpieczenstwem-potkniecia-sie-znak-bhp-ostrzegajacy-gdw007,gdw007,3700.html\" class=\"product-small\">\n          <div class=\"product-small-box\">\n              <div class=\"product-small-img\">\n                                    <img decoding=\"async\" src=\"https:\/\/tdc.znakowo.pl\/thumbs\/ostrzezenie-przed-niebezpieczenstwem-potkniecia-sie-znak-bhp-ostrzegajacy-gdw007-4445-3700-160-160-0.jpg\" alt=\"Ostrze\u017cenie przed niebezpiecze\u0144stwem potkni\u0119cia si\u0119 - znak bhp ostrzegaj\u0105cy - GDW007 - Oznaczenie progu lub schod\u00f3w w zak\u0142adzie pracy a BHP \u2013 jak zrobi\u0107 to odpowiednio?\" title=\"Ostrze\u017cenie przed niebezpiecze\u0144stwem potkni\u0119cia si\u0119 - znak bhp ostrzegaj\u0105cy - GDW007 - Oznaczenie progu lub schod\u00f3w w zak\u0142adzie pracy a BHP \u2013 jak zrobi\u0107 to odpowiednio?\" \/>\n              <\/div>\n              <div class=\"product-small-title\">\n                  Ostrze\u017cenie przed niebezpiecze\u0144stwem potkni\u0119cia si\u0119 - znak bhp ostrzegaj\u0105cy - GDW007              <\/div>\n          <\/div>\n      <\/a>    \n            <a href=\"https:\/\/www.znakowo.pl\/produkt\/niebezpieczenstwo-potkniecia-sie-znak-bhp-ostrzegajacy-informujacy-ge020,ge020,3899.html\" class=\"product-small\">\n          <div class=\"product-small-box\">\n              <div class=\"product-small-img\">\n                                    <img decoding=\"async\" src=\"https:\/\/tdc.znakowo.pl\/thumbs\/niebezpieczenstwo-potkniecia-sie-znak-bhp-ostrzegajacy-informujacy-ge020-4425-3899-160-160-0.jpg\" alt=\"Niebezpiecze\u0144stwo potkni\u0119cia si\u0119 - znak bhp ostrzegaj\u0105cy, informuj\u0105cy - GE020 - Oznaczenie progu lub schod\u00f3w w zak\u0142adzie pracy a BHP \u2013 jak zrobi\u0107 to odpowiednio?\" title=\"Niebezpiecze\u0144stwo potkni\u0119cia si\u0119 - znak bhp ostrzegaj\u0105cy, informuj\u0105cy - GE020 - Oznaczenie progu lub schod\u00f3w w zak\u0142adzie pracy a BHP \u2013 jak zrobi\u0107 to odpowiednio?\" \/>\n              <\/div>\n              <div class=\"product-small-title\">\n                  Niebezpiecze\u0144stwo potkni\u0119cia si\u0119 - znak bhp ostrzegaj\u0105cy, informuj\u0105cy - GE020              <\/div>\n          <\/div>\n      <\/a>    \n            <a href=\"https:\/\/www.znakowo.pl\/produkt\/niebezpieczenstwo-potkniecia-sie-znak-bhp-ostrzegajacy-informujacy-gf038,gf038,674.html\" class=\"product-small\">\n          <div class=\"product-small-box\">\n              <div class=\"product-small-img\">\n                                    <img decoding=\"async\" src=\"https:\/\/tdc.znakowo.pl\/thumbs\/niebezpieczenstwo-potkniecia-sie-znak-bhp-ostrzegajacy-informujacy-gf038-7560-674-160-160-0.jpg\" alt=\"Niebezpiecze\u0144stwo potkni\u0119cia si\u0119 - znak bhp ostrzegaj\u0105cy, informuj\u0105cy - GF038 - Oznaczenie progu lub schod\u00f3w w zak\u0142adzie pracy a BHP \u2013 jak zrobi\u0107 to odpowiednio?\" title=\"Niebezpiecze\u0144stwo potkni\u0119cia si\u0119 - znak bhp ostrzegaj\u0105cy, informuj\u0105cy - GF038 - Oznaczenie progu lub schod\u00f3w w zak\u0142adzie pracy a BHP \u2013 jak zrobi\u0107 to odpowiednio?\" \/>\n              <\/div>\n              <div class=\"product-small-title\">\n                  Niebezpiecze\u0144stwo potkni\u0119cia si\u0119 - znak bhp ostrzegaj\u0105cy, informuj\u0105cy - GF038              <\/div>\n          <\/div>\n      <\/a>    \n        \n    <div class=\"clearfix\"><\/div>    \n<\/div>\n\n\n\n\n<p>W niekt\u00f3rych sytuacjach nale\u017cy stosowa\u0107 tablice informuj\u0105ce o dopuszczalnej wielko\u015bci obci\u0105\u017cenia schod\u00f3w. M\u00f3wi o tym \u00a7 307 rozporz\u0105dzenia w sprawie warunk\u00f3w technicznych, jakim powinny odpowiada\u0107 budynki i ich usytuowanie:<\/p>\n\n\n\n<ul class=\"wp-block-list\">\n<li><strong>w budynku produkcyjnym i magazynowym, w kt\u00f3rych mog\u0105 wyst\u0105pi\u0107 zmienne obci\u0105\u017cenia u\u017cytkowe strop\u00f3w, schod\u00f3w lub pomost\u00f3w roboczych, nale\u017cy w widocznym miejscu umie\u015bci\u0107 tablic\u0119 informacyjn\u0105, okre\u015blaj\u0105c\u0105 dopuszczaln\u0105 wielko\u015b\u0107 obci\u0105\u017cenia tych element\u00f3w.<\/strong><\/li>\n<\/ul>\n\n\n\n<h3 class=\"wp-block-heading\"><span class=\"ez-toc-section\" id=\"Czy_do_oznakowania_schodow_warto_stosowac_piktogramy_bezpieczenstwa\"><\/span><strong>Czy do oznakowania schod\u00f3w warto stosowa\u0107 piktogramy bezpiecze\u0144stwa?<\/strong><span class=\"ez-toc-section-end\"><\/span><\/h3>\n\n\n\n<p>Do oznakowania schod\u00f3w w miejscach publicznych doskonale sprawdz\u0105 si\u0119 klasyczne, bia\u0142o-niebieskie piktogramy informacyjne. Proste, uniwersalne grafiki umieszczone na znakach s\u0105 zrozumia\u0142e dla wszystkich. Ich znaczenie nie budzi w\u0105tpliwo\u015bci, nawet je\u015bli znak nie jest uzupe\u0142niony kr\u00f3tk\u0105 informacj\u0105 tekstow\u0105 (np. \u201eUwaga! Schody\u201d, \u201eSchody ruchome\u201d, \u201eSchody w g\u00f3r\u0119 \/ w d\u00f3\u0142\u201d, \u201eTrzymaj si\u0119 por\u0119czy).<\/p>\n\n\n\n<div class=\"product-small-box-content display-flex\">\n          <a href=\"https:\/\/www.znakowo.pl\/produkt\/trzymaj-sie-poreczy-schodzac-i-wchodzac-po-schodach-znak-informacyjny-ra119,ra119,1852.html\" class=\"product-small\">\n          <div class=\"product-small-box\">\n              <div class=\"product-small-img\">\n                                    <img decoding=\"async\" src=\"https:\/\/tdc.znakowo.pl\/thumbs\/trzymaj-sie-poreczy-schodzac-i-wchodzac-po-schodach-znak-informacyjny-ra119-7047-1852-160-160-0.jpg\" alt=\"Trzymaj si\u0119 por\u0119czy schodz\u0105c i wchodz\u0105c po schodach - znak informacyjny - RA119 - Oznaczenie progu lub schod\u00f3w w zak\u0142adzie pracy a BHP \u2013 jak zrobi\u0107 to odpowiednio?\" title=\"Trzymaj si\u0119 por\u0119czy schodz\u0105c i wchodz\u0105c po schodach - znak informacyjny - RA119 - Oznaczenie progu lub schod\u00f3w w zak\u0142adzie pracy a BHP \u2013 jak zrobi\u0107 to odpowiednio?\" \/>\n              <\/div>\n              <div class=\"product-small-title\">\n                  Trzymaj si\u0119 por\u0119czy schodz\u0105c i wchodz\u0105c po schodach - znak informacyjny - RA119              <\/div>\n          <\/div>\n      <\/a>    \n            <a href=\"https:\/\/www.znakowo.pl\/produkt\/uwaga-sliskie-schody-znak-informacyjny-ra108,ra108,1841.html\" class=\"product-small\">\n          <div class=\"product-small-box\">\n              <div class=\"product-small-img\">\n                                    <img decoding=\"async\" src=\"https:\/\/tdc.znakowo.pl\/thumbs\/uwaga-sliskie-schody-znak-informacyjny-ra108-6453-1841-160-160-0.jpg\" alt=\"Uwaga! \u015aliskie schody - znak informacyjny - RA108 - Oznaczenie progu lub schod\u00f3w w zak\u0142adzie pracy a BHP \u2013 jak zrobi\u0107 to odpowiednio?\" title=\"Uwaga! \u015aliskie schody - znak informacyjny - RA108 - Oznaczenie progu lub schod\u00f3w w zak\u0142adzie pracy a BHP \u2013 jak zrobi\u0107 to odpowiednio?\" \/>\n              <\/div>\n              <div class=\"product-small-title\">\n                  Uwaga! \u015aliskie schody - znak informacyjny - RA108              <\/div>\n          <\/div>\n      <\/a>    \n            <a href=\"https:\/\/www.znakowo.pl\/produkt\/schody-ruchome-znak-informacyjny-ra077,ra077,1810.html\" class=\"product-small\">\n          <div class=\"product-small-box\">\n              <div class=\"product-small-img\">\n                                    <img decoding=\"async\" src=\"https:\/\/tdc.znakowo.pl\/thumbs\/schody-ruchome-znak-informacyjny-ra077-6422-1810-160-160-0.jpg\" alt=\"Schody ruchome - znak informacyjny - RA077 - Oznaczenie progu lub schod\u00f3w w zak\u0142adzie pracy a BHP \u2013 jak zrobi\u0107 to odpowiednio?\" title=\"Schody ruchome - znak informacyjny - RA077 - Oznaczenie progu lub schod\u00f3w w zak\u0142adzie pracy a BHP \u2013 jak zrobi\u0107 to odpowiednio?\" \/>\n              <\/div>\n              <div class=\"product-small-title\">\n                  Schody ruchome - znak informacyjny - RA077              <\/div>\n          <\/div>\n      <\/a>    \n        \n    <div class=\"clearfix\"><\/div>    \n<\/div>\n\n\n\n\n<h2 class=\"wp-block-heading\"><span class=\"ez-toc-section\" id=\"Oznakowanie_i_zabezpieczenie_schodow_tasmami_antyposlizgowymi\"><\/span><strong>Oznakowanie i zabezpieczenie schod\u00f3w ta\u015bmami antypo\u015blizgowymi<\/strong><span class=\"ez-toc-section-end\"><\/span><\/h2>\n\n\n\n<p><a href=\"https:\/\/www.znakowo.pl\/tasmy-antyposlizgowe\/\">Antypo\u015blizgowe ta\u015bmy ostrzegawcze<\/a> nie s\u0105 wymagane przez przepisy, niemniej warto je stosowa\u0107 \u2013 zar\u00f3wno w magazynach, na halach produkcyjnych, jak i w budynkach u\u017cyteczno\u015bci publicznej, w biurowcach itp. Ta\u015bmy wykonuje si\u0119 ze specjalnego tworzywa o chropowatej nawierzchni, kt\u00f3ra przypomina papier \u015bcierny. Dzi\u0119ki wysokiemu wsp\u00f3\u0142czynnikowi tarcia ta\u015bma minimalizuje ryzyko po\u015blizgni\u0119\u0107. Naklejenie antypo\u015blizgowych pas\u00f3w na stopnie schod\u00f3w to prosty i niedrogi spos\u00f3b na zwi\u0119kszenie bezpiecze\u0144stwa w budynku.<\/p>\n\n\n\n<div class=\"product-small-box-content display-flex\">\n          <a href=\"https:\/\/www.znakowo.pl\/produkt\/tasma-antyposlizgowa-samoprzylepna-na-podloge-2551015-cm-x-18m-zolto-czarna,ep_ap3,9962.html\" class=\"product-small\">\n          <div class=\"product-small-box\">\n              <div class=\"product-small-img\">\n                                    <img decoding=\"async\" src=\"https:\/\/tdc.znakowo.pl\/thumbs\/tasma-antyposlizgowa-samoprzylepna-na-podloge-2551015-cm-x-18m-zolto-czarna-25280-9962-160-160-0.jpg\" alt=\"Ta\u015bma antypo\u015blizgowa samoprzylepna na pod\u0142og\u0119 2,5\/5\/10\/15 cm x 18m - \u017c\u00f3\u0142to-czarna - Oznaczenie progu lub schod\u00f3w w zak\u0142adzie pracy a BHP \u2013 jak zrobi\u0107 to odpowiednio?\" title=\"Ta\u015bma antypo\u015blizgowa samoprzylepna na pod\u0142og\u0119 2,5\/5\/10\/15 cm x 18m - \u017c\u00f3\u0142to-czarna - Oznaczenie progu lub schod\u00f3w w zak\u0142adzie pracy a BHP \u2013 jak zrobi\u0107 to odpowiednio?\" \/>\n              <\/div>\n              <div class=\"product-small-title\">\n                  Ta\u015bma antypo\u015blizgowa samoprzylepna na pod\u0142og\u0119 2,5\/5\/10\/15 cm x 18m - \u017c\u00f3\u0142to-czarna              <\/div>\n          <\/div>\n      <\/a>    \n            <a href=\"https:\/\/www.znakowo.pl\/produkt\/tasma-antyposlizgowa-samoprzylepna-na-podloge-25510-cm-x-18m-szara,ep_ap5,9963.html\" class=\"product-small\">\n          <div class=\"product-small-box\">\n              <div class=\"product-small-img\">\n                                    <img decoding=\"async\" src=\"https:\/\/tdc.znakowo.pl\/thumbs\/tasma-antyposlizgowa-samoprzylepna-na-podloge-25510-cm-x-18m-szara-24850-9963-160-160-0.jpg\" alt=\"Ta\u015bma antypo\u015blizgowa samoprzylepna na pod\u0142og\u0119 2,5\/5\/10 cm x 18m -  szara - Oznaczenie progu lub schod\u00f3w w zak\u0142adzie pracy a BHP \u2013 jak zrobi\u0107 to odpowiednio?\" title=\"Ta\u015bma antypo\u015blizgowa samoprzylepna na pod\u0142og\u0119 2,5\/5\/10 cm x 18m -  szara - Oznaczenie progu lub schod\u00f3w w zak\u0142adzie pracy a BHP \u2013 jak zrobi\u0107 to odpowiednio?\" \/>\n              <\/div>\n              <div class=\"product-small-title\">\n                  Ta\u015bma antypo\u015blizgowa samoprzylepna na pod\u0142og\u0119 2,5\/5\/10 cm x 18m -  szara              <\/div>\n          <\/div>\n      <\/a>    \n            <a href=\"https:\/\/www.znakowo.pl\/produkt\/tasma-antyposlizgowa-samoprzylepna-na-podloge-25510-cm-x-18m-zolta,ep_ap1,9960.html\" class=\"product-small\">\n          <div class=\"product-small-box\">\n              <div class=\"product-small-img\">\n                                    <img decoding=\"async\" src=\"https:\/\/tdc.znakowo.pl\/thumbs\/tasma-antyposlizgowa-samoprzylepna-na-podloge-25510-cm-x-18m-zolta-24848-9960-160-160-0.jpg\" alt=\"Ta\u015bma antypo\u015blizgowa samoprzylepna na pod\u0142og\u0119 2,5\/5\/10 cm x 18m - \u017c\u00f3\u0142ta - Oznaczenie progu lub schod\u00f3w w zak\u0142adzie pracy a BHP \u2013 jak zrobi\u0107 to odpowiednio?\" title=\"Ta\u015bma antypo\u015blizgowa samoprzylepna na pod\u0142og\u0119 2,5\/5\/10 cm x 18m - \u017c\u00f3\u0142ta - Oznaczenie progu lub schod\u00f3w w zak\u0142adzie pracy a BHP \u2013 jak zrobi\u0107 to odpowiednio?\" \/>\n              <\/div>\n              <div class=\"product-small-title\">\n                  Ta\u015bma antypo\u015blizgowa samoprzylepna na pod\u0142og\u0119 2,5\/5\/10 cm x 18m - \u017c\u00f3\u0142ta              <\/div>\n          <\/div>\n      <\/a>    \n        \n    <div class=\"clearfix\"><\/div>    \n<\/div>\n\n\n\n\n<div class=\"schema-faq wp-block-yoast-faq-block\"><div class=\"schema-faq-section\" id=\"faq-question-1677158471787\"><strong class=\"schema-faq-question\"><strong>Od jakiej wysoko\u015bci stopnia trzeba nakleja\u0107 ta\u015bm\u0119 ostrzegawcz\u0105?<\/strong><\/strong> <p class=\"schema-faq-answer\">Rozporz\u0105dzenie w sprawie og\u00f3lnych przepis\u00f3w BHP nie precyzuje, od jakiej wysoko\u015bci stopnia trzeba naklei\u0107 ta\u015bm\u0119 ostrzegawcz\u0105. Wydaje si\u0119 jednak, \u017ce ze wzgl\u0119d\u00f3w bezpiecze\u0144stwa warto oznakowa\u0107 wszystkie miejsca, w kt\u00f3rych istnieje ryzyko potkni\u0119cia si\u0119, niezale\u017cnie od wysoko\u015bci prog\u00f3w. Sprawdz\u0105 si\u0119 do tego np. wygodne w u\u017cyciu<a href=\"https:\/\/www.znakowo.pl\/tasmy-odblaskowe-samoprzylepne\/\"> samoprzylepne ta\u015bmy odblaskowe<\/a>. Koszt oznaczenia prog\u00f3w tego typu ta\u015bmami jest naprawd\u0119 niewielki. Dzi\u0119ki w\u0142a\u015bciwemu oznakowaniu stopnie s\u0105 lepiej widoczne, co minimalizuje ryzyko wypadk\u00f3w przy pracy.<\/p> <\/div> <div class=\"schema-faq-section\" id=\"faq-question-1677158483929\"><strong class=\"schema-faq-question\"><strong>Czy schody w budynku u\u017cyteczno\u015bci publicznej musz\u0105 by\u0107 oznakowane czarno-\u017c\u00f3\u0142tymi pasami?<\/strong><\/strong> <p class=\"schema-faq-answer\">Nie jest to koniecznie. Warto jednak zadba\u0107 o odpowiednie oznakowanie schod\u00f3w, np. oklejaj\u0105c kraw\u0119dzie stopni ta\u015bm\u0105 o jaskrawych kolorach (kolor powinien wyr\u00f3\u017cnia\u0107 si\u0119 na tle posadzki) \u2013 tak oklejony powinien by\u0107 przynajmniej pierwszy i ostatni stopie\u0144.<\/p> <\/div> <div class=\"schema-faq-section\" id=\"faq-question-1677158498445\"><strong class=\"schema-faq-question\"><strong>Jak oznakowa\u0107 wyst\u0119puj\u0105ce na drodze ewakuacyjnej przeszkody takie jak progi?<\/strong><\/strong> <p class=\"schema-faq-answer\">Do oznakowania prog\u00f3w i stopni wyst\u0119puj\u0105cych na drodze ewakuacyjnej nale\u017cy stosowa\u0107 znaki ewakuacyjne uzupe\u0142niaj\u0105ce. Informacje o przeszkodach pozwalaj\u0105 bezpiecznie wydosta\u0107 si\u0119 z miejsca zagro\u017cenia.<\/p> <\/div> <\/div>\n","protected":false},"excerpt":{"rendered":"<p>Prawid\u0142owe oznaczenie schod\u00f3w i prog\u00f3w w zak\u0142adzie pracy zmniejsza ryzyko wypadk\u00f3w. Nie wiesz, jak prawid\u0142owo oznakowa\u0107 i zabezpieczy\u0107 schody? Sprawd\u017a, co na ten temat m\u00f3wi\u0105 przepisy BHP. W artykule przygl\u0105damy si\u0119 r\u00f3wnie\u017c, jak powinny by\u0107 oznakowane schody i progi na drogach ewakuacyjnych.<\/p>\n","protected":false},"author":3,"featured_media":5504,"comment_status":"closed","ping_status":"closed","sticky":false,"template":"","format":"standard","meta":{"_acf_changed":false,"footnotes":""},"categories":[1],"tags":[],"class_list":["post-5501","post","type-post","status-publish","format-standard","has-post-thumbnail","hentry","category-przepisy-ustawy"],"acf":[],"yoast_head":"<!-- This site is optimized with the Yoast SEO plugin v27.4 - https:\/\/yoast.com\/product\/yoast-seo-wordpress\/ -->\n<title>Oznaczenie progu lub schod\u00f3w w zak\u0142adzie pracy a BHP<\/title>\n<meta name=\"description\" content=\"Jak prawid\u0142owo oznaczy\u0107 pr\u00f3g, lub schody w zak\u0142adzie pracy, lub budynku u\u017cyteczno\u015bci publicznej? Co mo\u017cna wykorzysta\u0107 i jak wygl\u0105daj\u0105 przepisy BHP?\" \/>\n<meta name=\"robots\" content=\"index, follow, max-snippet:-1, max-image-preview:large, max-video-preview:-1\" \/>\n<link rel=\"canonical\" href=\"https:\/\/www.znakowo.pl\/blog\/oznaczenie-progu-schodow-w-zakladzie-pracy-a-bhp\/\" \/>\n<meta property=\"og:locale\" content=\"pl_PL\" \/>\n<meta property=\"og:type\" content=\"article\" \/>\n<meta property=\"og:title\" content=\"Oznaczenie progu lub schod\u00f3w w zak\u0142adzie pracy a BHP\" \/>\n<meta property=\"og:description\" content=\"Jak prawid\u0142owo oznaczy\u0107 pr\u00f3g, lub schody w zak\u0142adzie pracy, lub budynku u\u017cyteczno\u015bci publicznej? Co mo\u017cna wykorzysta\u0107 i jak wygl\u0105daj\u0105 przepisy BHP?\" \/>\n<meta property=\"og:url\" content=\"https:\/\/www.znakowo.pl\/blog\/oznaczenie-progu-schodow-w-zakladzie-pracy-a-bhp\/\" \/>\n<meta property=\"og:site_name\" content=\"Blog znakowo.pl\" \/>\n<meta property=\"article:publisher\" content=\"https:\/\/www.facebook.com\/Znakowo\/\" \/>\n<meta property=\"article:published_time\" content=\"2023-02-23T13:21:50+00:00\" \/>\n<meta property=\"article:modified_time\" content=\"2023-02-23T13:24:41+00:00\" \/>\n<meta property=\"og:image\" content=\"https:\/\/www.znakowo.pl\/blog\/wp-content\/uploads\/2023\/02\/oznaczenie-schodow-lub-progu.jpg\" \/>\n\t<meta property=\"og:image:width\" content=\"1000\" \/>\n\t<meta property=\"og:image:height\" content=\"667\" \/>\n\t<meta property=\"og:image:type\" content=\"image\/jpeg\" \/>\n<meta name=\"author\" content=\"Julita Krzemi\u0144ska\" \/>\n<meta name=\"twitter:card\" content=\"summary_large_image\" \/>\n<meta name=\"twitter:label1\" content=\"Napisane przez\" \/>\n\t<meta name=\"twitter:data1\" content=\"Julita Krzemi\u0144ska\" \/>\n\t<meta name=\"twitter:label2\" content=\"Szacowany czas czytania\" \/>\n\t<meta name=\"twitter:data2\" content=\"8 minut\" \/>\n<script type=\"application\/ld+json\" class=\"yoast-schema-graph\">{\"@context\":\"https:\\\/\\\/schema.org\",\"@graph\":[{\"@type\":\"Article\",\"@id\":\"https:\\\/\\\/www.znakowo.pl\\\/blog\\\/oznaczenie-progu-schodow-w-zakladzie-pracy-a-bhp\\\/#article\",\"isPartOf\":{\"@id\":\"https:\\\/\\\/www.znakowo.pl\\\/blog\\\/oznaczenie-progu-schodow-w-zakladzie-pracy-a-bhp\\\/\"},\"author\":{\"name\":\"Julita Krzemi\u0144ska\",\"@id\":\"https:\\\/\\\/www.znakowo.pl\\\/blog\\\/#\\\/schema\\\/person\\\/a29ddb53515b4cfd337f1582146267d9\"},\"headline\":\"Oznaczenie progu lub schod\u00f3w w zak\u0142adzie pracy a BHP \u2013 jak zrobi\u0107 to odpowiednio?\",\"datePublished\":\"2023-02-23T13:21:50+00:00\",\"dateModified\":\"2023-02-23T13:24:41+00:00\",\"mainEntityOfPage\":{\"@id\":\"https:\\\/\\\/www.znakowo.pl\\\/blog\\\/oznaczenie-progu-schodow-w-zakladzie-pracy-a-bhp\\\/\"},\"wordCount\":1456,\"publisher\":{\"@id\":\"https:\\\/\\\/www.znakowo.pl\\\/blog\\\/#organization\"},\"image\":{\"@id\":\"https:\\\/\\\/www.znakowo.pl\\\/blog\\\/oznaczenie-progu-schodow-w-zakladzie-pracy-a-bhp\\\/#primaryimage\"},\"thumbnailUrl\":\"https:\\\/\\\/www.znakowo.pl\\\/blog\\\/wp-content\\\/uploads\\\/2023\\\/02\\\/oznaczenie-schodow-lub-progu.jpg\",\"articleSection\":[\"Przepisy, ustawy\"],\"inLanguage\":\"pl-PL\"},{\"@type\":[\"WebPage\",\"FAQPage\"],\"@id\":\"https:\\\/\\\/www.znakowo.pl\\\/blog\\\/oznaczenie-progu-schodow-w-zakladzie-pracy-a-bhp\\\/\",\"url\":\"https:\\\/\\\/www.znakowo.pl\\\/blog\\\/oznaczenie-progu-schodow-w-zakladzie-pracy-a-bhp\\\/\",\"name\":\"Oznaczenie progu lub schod\u00f3w w zak\u0142adzie pracy a BHP\",\"isPartOf\":{\"@id\":\"https:\\\/\\\/www.znakowo.pl\\\/blog\\\/#website\"},\"primaryImageOfPage\":{\"@id\":\"https:\\\/\\\/www.znakowo.pl\\\/blog\\\/oznaczenie-progu-schodow-w-zakladzie-pracy-a-bhp\\\/#primaryimage\"},\"image\":{\"@id\":\"https:\\\/\\\/www.znakowo.pl\\\/blog\\\/oznaczenie-progu-schodow-w-zakladzie-pracy-a-bhp\\\/#primaryimage\"},\"thumbnailUrl\":\"https:\\\/\\\/www.znakowo.pl\\\/blog\\\/wp-content\\\/uploads\\\/2023\\\/02\\\/oznaczenie-schodow-lub-progu.jpg\",\"datePublished\":\"2023-02-23T13:21:50+00:00\",\"dateModified\":\"2023-02-23T13:24:41+00:00\",\"description\":\"Jak prawid\u0142owo oznaczy\u0107 pr\u00f3g, lub schody w zak\u0142adzie pracy, lub budynku u\u017cyteczno\u015bci publicznej? Co mo\u017cna wykorzysta\u0107 i jak wygl\u0105daj\u0105 przepisy BHP?\",\"breadcrumb\":{\"@id\":\"https:\\\/\\\/www.znakowo.pl\\\/blog\\\/oznaczenie-progu-schodow-w-zakladzie-pracy-a-bhp\\\/#breadcrumb\"},\"mainEntity\":[{\"@id\":\"https:\\\/\\\/www.znakowo.pl\\\/blog\\\/oznaczenie-progu-schodow-w-zakladzie-pracy-a-bhp\\\/#faq-question-1677158471787\"},{\"@id\":\"https:\\\/\\\/www.znakowo.pl\\\/blog\\\/oznaczenie-progu-schodow-w-zakladzie-pracy-a-bhp\\\/#faq-question-1677158483929\"},{\"@id\":\"https:\\\/\\\/www.znakowo.pl\\\/blog\\\/oznaczenie-progu-schodow-w-zakladzie-pracy-a-bhp\\\/#faq-question-1677158498445\"}],\"inLanguage\":\"pl-PL\",\"potentialAction\":[{\"@type\":\"ReadAction\",\"target\":[\"https:\\\/\\\/www.znakowo.pl\\\/blog\\\/oznaczenie-progu-schodow-w-zakladzie-pracy-a-bhp\\\/\"]}]},{\"@type\":\"ImageObject\",\"inLanguage\":\"pl-PL\",\"@id\":\"https:\\\/\\\/www.znakowo.pl\\\/blog\\\/oznaczenie-progu-schodow-w-zakladzie-pracy-a-bhp\\\/#primaryimage\",\"url\":\"https:\\\/\\\/www.znakowo.pl\\\/blog\\\/wp-content\\\/uploads\\\/2023\\\/02\\\/oznaczenie-schodow-lub-progu.jpg\",\"contentUrl\":\"https:\\\/\\\/www.znakowo.pl\\\/blog\\\/wp-content\\\/uploads\\\/2023\\\/02\\\/oznaczenie-schodow-lub-progu.jpg\",\"width\":1000,\"height\":667,\"caption\":\"oznaczenie schod\u00f3w lub progu\"},{\"@type\":\"BreadcrumbList\",\"@id\":\"https:\\\/\\\/www.znakowo.pl\\\/blog\\\/oznaczenie-progu-schodow-w-zakladzie-pracy-a-bhp\\\/#breadcrumb\",\"itemListElement\":[{\"@type\":\"ListItem\",\"position\":1,\"name\":\"Strona g\u0142\u00f3wna\",\"item\":\"https:\\\/\\\/www.znakowo.pl\\\/blog\\\/\"},{\"@type\":\"ListItem\",\"position\":2,\"name\":\"Oznaczenie progu lub schod\u00f3w w zak\u0142adzie pracy a BHP \u2013 jak zrobi\u0107 to odpowiednio?\"}]},{\"@type\":\"WebSite\",\"@id\":\"https:\\\/\\\/www.znakowo.pl\\\/blog\\\/#website\",\"url\":\"https:\\\/\\\/www.znakowo.pl\\\/blog\\\/\",\"name\":\"Blog znakowo.pl\",\"description\":\"\",\"publisher\":{\"@id\":\"https:\\\/\\\/www.znakowo.pl\\\/blog\\\/#organization\"},\"potentialAction\":[{\"@type\":\"SearchAction\",\"target\":{\"@type\":\"EntryPoint\",\"urlTemplate\":\"https:\\\/\\\/www.znakowo.pl\\\/blog\\\/?s={search_term_string}\"},\"query-input\":{\"@type\":\"PropertyValueSpecification\",\"valueRequired\":true,\"valueName\":\"search_term_string\"}}],\"inLanguage\":\"pl-PL\"},{\"@type\":\"Organization\",\"@id\":\"https:\\\/\\\/www.znakowo.pl\\\/blog\\\/#organization\",\"name\":\"Znakowo.pl\",\"url\":\"https:\\\/\\\/www.znakowo.pl\\\/blog\\\/\",\"logo\":{\"@type\":\"ImageObject\",\"inLanguage\":\"pl-PL\",\"@id\":\"https:\\\/\\\/www.znakowo.pl\\\/blog\\\/#\\\/schema\\\/logo\\\/image\\\/\",\"url\":\"https:\\\/\\\/www.znakowo.pl\\\/blog\\\/wp-content\\\/uploads\\\/2017\\\/05\\\/logo_1.png\",\"contentUrl\":\"https:\\\/\\\/www.znakowo.pl\\\/blog\\\/wp-content\\\/uploads\\\/2017\\\/05\\\/logo_1.png\",\"width\":277,\"height\":94,\"caption\":\"Znakowo.pl\"},\"image\":{\"@id\":\"https:\\\/\\\/www.znakowo.pl\\\/blog\\\/#\\\/schema\\\/logo\\\/image\\\/\"},\"sameAs\":[\"https:\\\/\\\/www.facebook.com\\\/Znakowo\\\/\"]},{\"@type\":\"Person\",\"@id\":\"https:\\\/\\\/www.znakowo.pl\\\/blog\\\/#\\\/schema\\\/person\\\/a29ddb53515b4cfd337f1582146267d9\",\"name\":\"Julita Krzemi\u0144ska\",\"image\":{\"@type\":\"ImageObject\",\"inLanguage\":\"pl-PL\",\"@id\":\"https:\\\/\\\/secure.gravatar.com\\\/avatar\\\/e6adac54b1d18b21f8567cc6208ef43409e661f1070cf8be2e6912306b99d439?s=96&d=mm&r=g\",\"url\":\"https:\\\/\\\/secure.gravatar.com\\\/avatar\\\/e6adac54b1d18b21f8567cc6208ef43409e661f1070cf8be2e6912306b99d439?s=96&d=mm&r=g\",\"contentUrl\":\"https:\\\/\\\/secure.gravatar.com\\\/avatar\\\/e6adac54b1d18b21f8567cc6208ef43409e661f1070cf8be2e6912306b99d439?s=96&d=mm&r=g\",\"caption\":\"Julita Krzemi\u0144ska\"},\"url\":\"https:\\\/\\\/www.znakowo.pl\\\/blog\\\/author\\\/jkrzeminska\\\/\"},{\"@type\":\"Question\",\"@id\":\"https:\\\/\\\/www.znakowo.pl\\\/blog\\\/oznaczenie-progu-schodow-w-zakladzie-pracy-a-bhp\\\/#faq-question-1677158471787\",\"position\":1,\"url\":\"https:\\\/\\\/www.znakowo.pl\\\/blog\\\/oznaczenie-progu-schodow-w-zakladzie-pracy-a-bhp\\\/#faq-question-1677158471787\",\"name\":\"Od jakiej wysoko\u015bci stopnia trzeba nakleja\u0107 ta\u015bm\u0119 ostrzegawcz\u0105?\",\"answerCount\":1,\"acceptedAnswer\":{\"@type\":\"Answer\",\"text\":\"Rozporz\u0105dzenie w sprawie og\u00f3lnych przepis\u00f3w BHP nie precyzuje, od jakiej wysoko\u015bci stopnia trzeba naklei\u0107 ta\u015bm\u0119 ostrzegawcz\u0105. Wydaje si\u0119 jednak, \u017ce ze wzgl\u0119d\u00f3w bezpiecze\u0144stwa warto oznakowa\u0107 wszystkie miejsca, w kt\u00f3rych istnieje ryzyko potkni\u0119cia si\u0119, niezale\u017cnie od wysoko\u015bci prog\u00f3w. Sprawdz\u0105 si\u0119 do tego np. wygodne w u\u017cyciu<a href=\\\"https:\\\/\\\/www.znakowo.pl\\\/tasmy-odblaskowe-samoprzylepne\\\/\\\"> samoprzylepne ta\u015bmy odblaskowe<\\\/a>. Koszt oznaczenia prog\u00f3w tego typu ta\u015bmami jest naprawd\u0119 niewielki. Dzi\u0119ki w\u0142a\u015bciwemu oznakowaniu stopnie s\u0105 lepiej widoczne, co minimalizuje ryzyko wypadk\u00f3w przy pracy.\",\"inLanguage\":\"pl-PL\"},\"inLanguage\":\"pl-PL\"},{\"@type\":\"Question\",\"@id\":\"https:\\\/\\\/www.znakowo.pl\\\/blog\\\/oznaczenie-progu-schodow-w-zakladzie-pracy-a-bhp\\\/#faq-question-1677158483929\",\"position\":2,\"url\":\"https:\\\/\\\/www.znakowo.pl\\\/blog\\\/oznaczenie-progu-schodow-w-zakladzie-pracy-a-bhp\\\/#faq-question-1677158483929\",\"name\":\"Czy schody w budynku u\u017cyteczno\u015bci publicznej musz\u0105 by\u0107 oznakowane czarno-\u017c\u00f3\u0142tymi pasami?\",\"answerCount\":1,\"acceptedAnswer\":{\"@type\":\"Answer\",\"text\":\"Nie jest to koniecznie. Warto jednak zadba\u0107 o odpowiednie oznakowanie schod\u00f3w, np. oklejaj\u0105c kraw\u0119dzie stopni ta\u015bm\u0105 o jaskrawych kolorach (kolor powinien wyr\u00f3\u017cnia\u0107 si\u0119 na tle posadzki) \u2013 tak oklejony powinien by\u0107 przynajmniej pierwszy i ostatni stopie\u0144.\",\"inLanguage\":\"pl-PL\"},\"inLanguage\":\"pl-PL\"},{\"@type\":\"Question\",\"@id\":\"https:\\\/\\\/www.znakowo.pl\\\/blog\\\/oznaczenie-progu-schodow-w-zakladzie-pracy-a-bhp\\\/#faq-question-1677158498445\",\"position\":3,\"url\":\"https:\\\/\\\/www.znakowo.pl\\\/blog\\\/oznaczenie-progu-schodow-w-zakladzie-pracy-a-bhp\\\/#faq-question-1677158498445\",\"name\":\"Jak oznakowa\u0107 wyst\u0119puj\u0105ce na drodze ewakuacyjnej przeszkody takie jak progi?\",\"answerCount\":1,\"acceptedAnswer\":{\"@type\":\"Answer\",\"text\":\"Do oznakowania prog\u00f3w i stopni wyst\u0119puj\u0105cych na drodze ewakuacyjnej nale\u017cy stosowa\u0107 znaki ewakuacyjne uzupe\u0142niaj\u0105ce. Informacje o przeszkodach pozwalaj\u0105 bezpiecznie wydosta\u0107 si\u0119 z miejsca zagro\u017cenia.\",\"inLanguage\":\"pl-PL\"},\"inLanguage\":\"pl-PL\"}]}<\/script>\n<!-- \/ Yoast SEO plugin. -->","yoast_head_json":{"title":"Oznaczenie progu lub schod\u00f3w w zak\u0142adzie pracy a BHP","description":"Jak prawid\u0142owo oznaczy\u0107 pr\u00f3g, lub schody w zak\u0142adzie pracy, lub budynku u\u017cyteczno\u015bci publicznej? Co mo\u017cna wykorzysta\u0107 i jak wygl\u0105daj\u0105 przepisy BHP?","robots":{"index":"index","follow":"follow","max-snippet":"max-snippet:-1","max-image-preview":"max-image-preview:large","max-video-preview":"max-video-preview:-1"},"canonical":"https:\/\/www.znakowo.pl\/blog\/oznaczenie-progu-schodow-w-zakladzie-pracy-a-bhp\/","og_locale":"pl_PL","og_type":"article","og_title":"Oznaczenie progu lub schod\u00f3w w zak\u0142adzie pracy a BHP","og_description":"Jak prawid\u0142owo oznaczy\u0107 pr\u00f3g, lub schody w zak\u0142adzie pracy, lub budynku u\u017cyteczno\u015bci publicznej? Co mo\u017cna wykorzysta\u0107 i jak wygl\u0105daj\u0105 przepisy BHP?","og_url":"https:\/\/www.znakowo.pl\/blog\/oznaczenie-progu-schodow-w-zakladzie-pracy-a-bhp\/","og_site_name":"Blog znakowo.pl","article_publisher":"https:\/\/www.facebook.com\/Znakowo\/","article_published_time":"2023-02-23T13:21:50+00:00","article_modified_time":"2023-02-23T13:24:41+00:00","og_image":[{"width":1000,"height":667,"url":"https:\/\/www.znakowo.pl\/blog\/wp-content\/uploads\/2023\/02\/oznaczenie-schodow-lub-progu.jpg","type":"image\/jpeg"}],"author":"Julita Krzemi\u0144ska","twitter_card":"summary_large_image","twitter_misc":{"Napisane przez":"Julita Krzemi\u0144ska","Szacowany czas czytania":"8 minut"},"schema":{"@context":"https:\/\/schema.org","@graph":[{"@type":"Article","@id":"https:\/\/www.znakowo.pl\/blog\/oznaczenie-progu-schodow-w-zakladzie-pracy-a-bhp\/#article","isPartOf":{"@id":"https:\/\/www.znakowo.pl\/blog\/oznaczenie-progu-schodow-w-zakladzie-pracy-a-bhp\/"},"author":{"name":"Julita Krzemi\u0144ska","@id":"https:\/\/www.znakowo.pl\/blog\/#\/schema\/person\/a29ddb53515b4cfd337f1582146267d9"},"headline":"Oznaczenie progu lub schod\u00f3w w zak\u0142adzie pracy a BHP \u2013 jak zrobi\u0107 to odpowiednio?","datePublished":"2023-02-23T13:21:50+00:00","dateModified":"2023-02-23T13:24:41+00:00","mainEntityOfPage":{"@id":"https:\/\/www.znakowo.pl\/blog\/oznaczenie-progu-schodow-w-zakladzie-pracy-a-bhp\/"},"wordCount":1456,"publisher":{"@id":"https:\/\/www.znakowo.pl\/blog\/#organization"},"image":{"@id":"https:\/\/www.znakowo.pl\/blog\/oznaczenie-progu-schodow-w-zakladzie-pracy-a-bhp\/#primaryimage"},"thumbnailUrl":"https:\/\/www.znakowo.pl\/blog\/wp-content\/uploads\/2023\/02\/oznaczenie-schodow-lub-progu.jpg","articleSection":["Przepisy, ustawy"],"inLanguage":"pl-PL"},{"@type":["WebPage","FAQPage"],"@id":"https:\/\/www.znakowo.pl\/blog\/oznaczenie-progu-schodow-w-zakladzie-pracy-a-bhp\/","url":"https:\/\/www.znakowo.pl\/blog\/oznaczenie-progu-schodow-w-zakladzie-pracy-a-bhp\/","name":"Oznaczenie progu lub schod\u00f3w w zak\u0142adzie pracy a BHP","isPartOf":{"@id":"https:\/\/www.znakowo.pl\/blog\/#website"},"primaryImageOfPage":{"@id":"https:\/\/www.znakowo.pl\/blog\/oznaczenie-progu-schodow-w-zakladzie-pracy-a-bhp\/#primaryimage"},"image":{"@id":"https:\/\/www.znakowo.pl\/blog\/oznaczenie-progu-schodow-w-zakladzie-pracy-a-bhp\/#primaryimage"},"thumbnailUrl":"https:\/\/www.znakowo.pl\/blog\/wp-content\/uploads\/2023\/02\/oznaczenie-schodow-lub-progu.jpg","datePublished":"2023-02-23T13:21:50+00:00","dateModified":"2023-02-23T13:24:41+00:00","description":"Jak prawid\u0142owo oznaczy\u0107 pr\u00f3g, lub schody w zak\u0142adzie pracy, lub budynku u\u017cyteczno\u015bci publicznej? Co mo\u017cna wykorzysta\u0107 i jak wygl\u0105daj\u0105 przepisy BHP?","breadcrumb":{"@id":"https:\/\/www.znakowo.pl\/blog\/oznaczenie-progu-schodow-w-zakladzie-pracy-a-bhp\/#breadcrumb"},"mainEntity":[{"@id":"https:\/\/www.znakowo.pl\/blog\/oznaczenie-progu-schodow-w-zakladzie-pracy-a-bhp\/#faq-question-1677158471787"},{"@id":"https:\/\/www.znakowo.pl\/blog\/oznaczenie-progu-schodow-w-zakladzie-pracy-a-bhp\/#faq-question-1677158483929"},{"@id":"https:\/\/www.znakowo.pl\/blog\/oznaczenie-progu-schodow-w-zakladzie-pracy-a-bhp\/#faq-question-1677158498445"}],"inLanguage":"pl-PL","potentialAction":[{"@type":"ReadAction","target":["https:\/\/www.znakowo.pl\/blog\/oznaczenie-progu-schodow-w-zakladzie-pracy-a-bhp\/"]}]},{"@type":"ImageObject","inLanguage":"pl-PL","@id":"https:\/\/www.znakowo.pl\/blog\/oznaczenie-progu-schodow-w-zakladzie-pracy-a-bhp\/#primaryimage","url":"https:\/\/www.znakowo.pl\/blog\/wp-content\/uploads\/2023\/02\/oznaczenie-schodow-lub-progu.jpg","contentUrl":"https:\/\/www.znakowo.pl\/blog\/wp-content\/uploads\/2023\/02\/oznaczenie-schodow-lub-progu.jpg","width":1000,"height":667,"caption":"oznaczenie schod\u00f3w lub progu"},{"@type":"BreadcrumbList","@id":"https:\/\/www.znakowo.pl\/blog\/oznaczenie-progu-schodow-w-zakladzie-pracy-a-bhp\/#breadcrumb","itemListElement":[{"@type":"ListItem","position":1,"name":"Strona g\u0142\u00f3wna","item":"https:\/\/www.znakowo.pl\/blog\/"},{"@type":"ListItem","position":2,"name":"Oznaczenie progu lub schod\u00f3w w zak\u0142adzie pracy a BHP \u2013 jak zrobi\u0107 to odpowiednio?"}]},{"@type":"WebSite","@id":"https:\/\/www.znakowo.pl\/blog\/#website","url":"https:\/\/www.znakowo.pl\/blog\/","name":"Blog znakowo.pl","description":"","publisher":{"@id":"https:\/\/www.znakowo.pl\/blog\/#organization"},"potentialAction":[{"@type":"SearchAction","target":{"@type":"EntryPoint","urlTemplate":"https:\/\/www.znakowo.pl\/blog\/?s={search_term_string}"},"query-input":{"@type":"PropertyValueSpecification","valueRequired":true,"valueName":"search_term_string"}}],"inLanguage":"pl-PL"},{"@type":"Organization","@id":"https:\/\/www.znakowo.pl\/blog\/#organization","name":"Znakowo.pl","url":"https:\/\/www.znakowo.pl\/blog\/","logo":{"@type":"ImageObject","inLanguage":"pl-PL","@id":"https:\/\/www.znakowo.pl\/blog\/#\/schema\/logo\/image\/","url":"https:\/\/www.znakowo.pl\/blog\/wp-content\/uploads\/2017\/05\/logo_1.png","contentUrl":"https:\/\/www.znakowo.pl\/blog\/wp-content\/uploads\/2017\/05\/logo_1.png","width":277,"height":94,"caption":"Znakowo.pl"},"image":{"@id":"https:\/\/www.znakowo.pl\/blog\/#\/schema\/logo\/image\/"},"sameAs":["https:\/\/www.facebook.com\/Znakowo\/"]},{"@type":"Person","@id":"https:\/\/www.znakowo.pl\/blog\/#\/schema\/person\/a29ddb53515b4cfd337f1582146267d9","name":"Julita Krzemi\u0144ska","image":{"@type":"ImageObject","inLanguage":"pl-PL","@id":"https:\/\/secure.gravatar.com\/avatar\/e6adac54b1d18b21f8567cc6208ef43409e661f1070cf8be2e6912306b99d439?s=96&d=mm&r=g","url":"https:\/\/secure.gravatar.com\/avatar\/e6adac54b1d18b21f8567cc6208ef43409e661f1070cf8be2e6912306b99d439?s=96&d=mm&r=g","contentUrl":"https:\/\/secure.gravatar.com\/avatar\/e6adac54b1d18b21f8567cc6208ef43409e661f1070cf8be2e6912306b99d439?s=96&d=mm&r=g","caption":"Julita Krzemi\u0144ska"},"url":"https:\/\/www.znakowo.pl\/blog\/author\/jkrzeminska\/"},{"@type":"Question","@id":"https:\/\/www.znakowo.pl\/blog\/oznaczenie-progu-schodow-w-zakladzie-pracy-a-bhp\/#faq-question-1677158471787","position":1,"url":"https:\/\/www.znakowo.pl\/blog\/oznaczenie-progu-schodow-w-zakladzie-pracy-a-bhp\/#faq-question-1677158471787","name":"Od jakiej wysoko\u015bci stopnia trzeba nakleja\u0107 ta\u015bm\u0119 ostrzegawcz\u0105?","answerCount":1,"acceptedAnswer":{"@type":"Answer","text":"Rozporz\u0105dzenie w sprawie og\u00f3lnych przepis\u00f3w BHP nie precyzuje, od jakiej wysoko\u015bci stopnia trzeba naklei\u0107 ta\u015bm\u0119 ostrzegawcz\u0105. Wydaje si\u0119 jednak, \u017ce ze wzgl\u0119d\u00f3w bezpiecze\u0144stwa warto oznakowa\u0107 wszystkie miejsca, w kt\u00f3rych istnieje ryzyko potkni\u0119cia si\u0119, niezale\u017cnie od wysoko\u015bci prog\u00f3w. Sprawdz\u0105 si\u0119 do tego np. wygodne w u\u017cyciu<a href=\"https:\/\/www.znakowo.pl\/tasmy-odblaskowe-samoprzylepne\/\"> samoprzylepne ta\u015bmy odblaskowe<\/a>. Koszt oznaczenia prog\u00f3w tego typu ta\u015bmami jest naprawd\u0119 niewielki. Dzi\u0119ki w\u0142a\u015bciwemu oznakowaniu stopnie s\u0105 lepiej widoczne, co minimalizuje ryzyko wypadk\u00f3w przy pracy.","inLanguage":"pl-PL"},"inLanguage":"pl-PL"},{"@type":"Question","@id":"https:\/\/www.znakowo.pl\/blog\/oznaczenie-progu-schodow-w-zakladzie-pracy-a-bhp\/#faq-question-1677158483929","position":2,"url":"https:\/\/www.znakowo.pl\/blog\/oznaczenie-progu-schodow-w-zakladzie-pracy-a-bhp\/#faq-question-1677158483929","name":"Czy schody w budynku u\u017cyteczno\u015bci publicznej musz\u0105 by\u0107 oznakowane czarno-\u017c\u00f3\u0142tymi pasami?","answerCount":1,"acceptedAnswer":{"@type":"Answer","text":"Nie jest to koniecznie. Warto jednak zadba\u0107 o odpowiednie oznakowanie schod\u00f3w, np. oklejaj\u0105c kraw\u0119dzie stopni ta\u015bm\u0105 o jaskrawych kolorach (kolor powinien wyr\u00f3\u017cnia\u0107 si\u0119 na tle posadzki) \u2013 tak oklejony powinien by\u0107 przynajmniej pierwszy i ostatni stopie\u0144.","inLanguage":"pl-PL"},"inLanguage":"pl-PL"},{"@type":"Question","@id":"https:\/\/www.znakowo.pl\/blog\/oznaczenie-progu-schodow-w-zakladzie-pracy-a-bhp\/#faq-question-1677158498445","position":3,"url":"https:\/\/www.znakowo.pl\/blog\/oznaczenie-progu-schodow-w-zakladzie-pracy-a-bhp\/#faq-question-1677158498445","name":"Jak oznakowa\u0107 wyst\u0119puj\u0105ce na drodze ewakuacyjnej przeszkody takie jak progi?","answerCount":1,"acceptedAnswer":{"@type":"Answer","text":"Do oznakowania prog\u00f3w i stopni wyst\u0119puj\u0105cych na drodze ewakuacyjnej nale\u017cy stosowa\u0107 znaki ewakuacyjne uzupe\u0142niaj\u0105ce. Informacje o przeszkodach pozwalaj\u0105 bezpiecznie wydosta\u0107 si\u0119 z miejsca zagro\u017cenia.","inLanguage":"pl-PL"},"inLanguage":"pl-PL"}]}},"_links":{"self":[{"href":"https:\/\/www.znakowo.pl\/blog\/wp-json\/wp\/v2\/posts\/5501","targetHints":{"allow":["GET"]}}],"collection":[{"href":"https:\/\/www.znakowo.pl\/blog\/wp-json\/wp\/v2\/posts"}],"about":[{"href":"https:\/\/www.znakowo.pl\/blog\/wp-json\/wp\/v2\/types\/post"}],"author":[{"embeddable":true,"href":"https:\/\/www.znakowo.pl\/blog\/wp-json\/wp\/v2\/users\/3"}],"replies":[{"embeddable":true,"href":"https:\/\/www.znakowo.pl\/blog\/wp-json\/wp\/v2\/comments?post=5501"}],"version-history":[{"count":2,"href":"https:\/\/www.znakowo.pl\/blog\/wp-json\/wp\/v2\/posts\/5501\/revisions"}],"predecessor-version":[{"id":5506,"href":"https:\/\/www.znakowo.pl\/blog\/wp-json\/wp\/v2\/posts\/5501\/revisions\/5506"}],"wp:featuredmedia":[{"embeddable":true,"href":"https:\/\/www.znakowo.pl\/blog\/wp-json\/wp\/v2\/media\/5504"}],"wp:attachment":[{"href":"https:\/\/www.znakowo.pl\/blog\/wp-json\/wp\/v2\/media?parent=5501"}],"wp:term":[{"taxonomy":"category","embeddable":true,"href":"https:\/\/www.znakowo.pl\/blog\/wp-json\/wp\/v2\/categories?post=5501"},{"taxonomy":"post_tag","embeddable":true,"href":"https:\/\/www.znakowo.pl\/blog\/wp-json\/wp\/v2\/tags?post=5501"}],"curies":[{"name":"wp","href":"https:\/\/api.w.org\/{rel}","templated":true}]}}