{"id":5870,"date":"2023-08-10T14:33:32","date_gmt":"2023-08-10T12:33:32","guid":{"rendered":"https:\/\/www.znakowo.pl\/blog\/?p=5870"},"modified":"2025-08-17T14:51:05","modified_gmt":"2025-08-17T12:51:05","slug":"karta-parkingowa","status":"publish","type":"post","link":"https:\/\/www.znakowo.pl\/blog\/karta-parkingowa\/","title":{"rendered":"Karta parkingowa a mo\u017cliwo\u015b\u0107 niestosowania si\u0119 do znak\u00f3w drogowych"},"content":{"rendered":"\n<p>Karta parkingowa uprawnia osoby niepe\u0142nosprawne do parkowania na specjalnie oznaczonych miejscach. Warto r\u00f3wnie\u017c wiedzie\u0107, ze osoby legitymuj\u0105ce si\u0119 takim dokumentem, mog\u0105 nie stosowa\u0107 si\u0119 do niekt\u00f3rych znak\u00f3w drogowych. Sprawdzamy, jakie to znaki, i komu mo\u017ce by\u0107 wydana karta parkingowa.<\/p>\n\n\n<p><!--more--><\/p>\n\n\n<div id=\"ez-toc-container\" class=\"ez-toc-v2_0_82_2 counter-hierarchy ez-toc-counter ez-toc-grey ez-toc-container-direction\">\n<div class=\"ez-toc-title-container\">\n<p class=\"ez-toc-title\" style=\"cursor:inherit\">Spis tre\u015bci<\/p>\n<span class=\"ez-toc-title-toggle\"><a href=\"#\" class=\"ez-toc-pull-right ez-toc-btn ez-toc-btn-xs ez-toc-btn-default ez-toc-toggle\" aria-label=\"Prze\u0142\u0105cznik Spisu Tre\u015bci\"><span class=\"ez-toc-js-icon-con\"><span class=\"\"><span class=\"eztoc-hide\" style=\"display:none;\">Toggle<\/span><span class=\"ez-toc-icon-toggle-span\"><svg style=\"fill: #999;color:#999\" xmlns=\"http:\/\/www.w3.org\/2000\/svg\" class=\"list-377408\" width=\"20px\" height=\"20px\" viewBox=\"0 0 24 24\" fill=\"none\"><path d=\"M6 6H4v2h2V6zm14 0H8v2h12V6zM4 11h2v2H4v-2zm16 0H8v2h12v-2zM4 16h2v2H4v-2zm16 0H8v2h12v-2z\" fill=\"currentColor\"><\/path><\/svg><svg style=\"fill: #999;color:#999\" class=\"arrow-unsorted-368013\" xmlns=\"http:\/\/www.w3.org\/2000\/svg\" width=\"10px\" height=\"10px\" viewBox=\"0 0 24 24\" version=\"1.2\" baseProfile=\"tiny\"><path d=\"M18.2 9.3l-6.2-6.3-6.2 6.3c-.2.2-.3.4-.3.7s.1.5.3.7c.2.2.4.3.7.3h11c.3 0 .5-.1.7-.3.2-.2.3-.5.3-.7s-.1-.5-.3-.7zM5.8 14.7l6.2 6.3 6.2-6.3c.2-.2.3-.5.3-.7s-.1-.5-.3-.7c-.2-.2-.4-.3-.7-.3h-11c-.3 0-.5.1-.7.3-.2.2-.3.5-.3.7s.1.5.3.7z\"\/><\/svg><\/span><\/span><\/span><\/a><\/span><\/div>\n<nav><ul class='ez-toc-list ez-toc-list-level-1 ' ><li class='ez-toc-page-1 ez-toc-heading-level-2'><a class=\"ez-toc-link ez-toc-heading-1\" href=\"https:\/\/www.znakowo.pl\/blog\/karta-parkingowa\/#Karta_parkingowa_a_znaki_drogowe\" >Karta parkingowa a znaki drogowe<\/a><ul class='ez-toc-list-level-3' ><li class='ez-toc-heading-level-3'><a class=\"ez-toc-link ez-toc-heading-2\" href=\"https:\/\/www.znakowo.pl\/blog\/karta-parkingowa\/#Znaki_do_ktorych_moga_nie_stosowac_sie_osoby_niepelnosprawne\" >Znaki, do kt\u00f3rych mog\u0105 nie stosowa\u0107 si\u0119 osoby niepe\u0142nosprawne<\/a><\/li><\/ul><\/li><li class='ez-toc-page-1 ez-toc-heading-level-2'><a class=\"ez-toc-link ez-toc-heading-3\" href=\"https:\/\/www.znakowo.pl\/blog\/karta-parkingowa\/#Komu_i_na_jakiej_podstawie_moze_byc_wydana_karta_parkingowa\" >Komu i na jakiej podstawie mo\u017ce by\u0107 wydana karta parkingowa?<\/a><\/li><li class='ez-toc-page-1 ez-toc-heading-level-2'><a class=\"ez-toc-link ez-toc-heading-4\" href=\"https:\/\/www.znakowo.pl\/blog\/karta-parkingowa\/#Karta_parkingowa_a_mozliwosc_niestosowania_sie_do_znakow_drogowych_%E2%80%93_FAQ\" >Karta parkingowa a mo\u017cliwo\u015b\u0107 niestosowania si\u0119 do znak\u00f3w drogowych \u2013 FAQ<\/a><\/li><\/ul><\/nav><\/div>\n<h2 class=\"wp-block-heading\"><span class=\"ez-toc-section\" id=\"Karta_parkingowa_a_znaki_drogowe\"><\/span>Karta parkingowa a znaki drogowe<span class=\"ez-toc-section-end\"><\/span><\/h2>\n\n\n\n<p>Zgodnie z zapisami Kodeksu drogowego osoba niepe\u0142nosprawna, legitymuj\u0105ca si\u0119 kart\u0105 parkingow\u0105, kieruj\u0105ca pojazdem samochodowym oznaczonym tak\u0105 kart\u0105, mo\u017ce nie stosowa\u0107 si\u0119 do niekt\u00f3rych znak\u00f3w rogowych dotycz\u0105cych zakazu ruchu lub postoju. Przepis ten ma zastosowanie tak\u017ce w odniesieniu do:<\/p>\n\n\n\n<ul class=\"wp-block-list\">\n<li>kieruj\u0105cego pojazdem, kt\u00f3ry przewozi osob\u0119 niepe\u0142nosprawn\u0105 legitymuj\u0105c\u0105 si\u0119 kart\u0105 parkingow\u0105;<\/li>\n\n\n\n<li>kieruj\u0105cego pojazdem nale\u017c\u0105cym do plac\u00f3wki zajmuj\u0105cej si\u0119 opiek\u0105, rehabilitacj\u0105 lub edukacj\u0105 os\u00f3b niepe\u0142nosprawnych, przewo\u017c\u0105cego osob\u0119 maj\u0105c\u0105 znacznie ograniczone mo\u017cliwo\u015bci samodzielnego poruszania si\u0119, pozostaj\u0105cej pod opiek\u0105 takiej plac\u00f3wki.<\/li>\n<\/ul>\n\n\n\n<p>Karta parkingowa powinna by\u0107 umieszczona za przedni\u0105 szyb\u0105 pojazdu samochodowego, a je\u015bli pojazd nie posiada przedniej szyby \u2013 w widocznym miejscu w przedniej cz\u0119\u015bci pojazdu, w spos\u00f3b umo\u017cliwiaj\u0105cy odczytanie jej numeru i daty wa\u017cno\u015bci.<\/p>\n\n\n\n<h3 class=\"wp-block-heading\"><span class=\"ez-toc-section\" id=\"Znaki_do_ktorych_moga_nie_stosowac_sie_osoby_niepelnosprawne\"><\/span>Znaki, do kt\u00f3rych mog\u0105 nie stosowa\u0107 si\u0119 osoby niepe\u0142nosprawne<span class=\"ez-toc-section-end\"><\/span><\/h3>\n\n\n\n<p><strong>B-1 <\/strong>\u2013 zakaz ruchu w obu kierunkach<\/p>\n\n\n\n<p><strong>B-3 <\/strong>\u2013 zakaz wjazdu pojazd\u00f3w silnikowych, z wyj\u0105tkiem motocykli jedno\u015bladowych<\/p>\n\n\n\n<p><strong>B-3a <\/strong>\u2013 zakaz wjazdu autobus\u00f3w<\/p>\n\n\n\n<div class=\"product-small-box-content display-flex\">\n          <a href=\"https:\/\/www.znakowo.pl\/produkt\/znak-b-1-zakaz-ruchu-w-obu-kierunkach-drogowy-zakazu,sfb-1,2264.html\" class=\"product-small\">\n          <div class=\"product-small-box\">\n              <div class=\"product-small-img\">\n                                    <img decoding=\"async\" src=\"https:\/\/tdc.znakowo.pl\/thumbs\/znak-b-1-zakaz-ruchu-w-obu-kierunkach-drogowy-zakazu-6777-2264-160-160-0.jpg\" alt=\"Znak B-1 Zakaz ruchu w obu kierunkach - drogowy zakazu - Karta parkingowa a mo\u017cliwo\u015b\u0107 niestosowania si\u0119 do znak\u00f3w drogowych\" title=\"Znak B-1 Zakaz ruchu w obu kierunkach - drogowy zakazu - Karta parkingowa a mo\u017cliwo\u015b\u0107 niestosowania si\u0119 do znak\u00f3w drogowych\" \/>\n              <\/div>\n              <div class=\"product-small-title\">\n                  Znak B-1 Zakaz ruchu w obu kierunkach - drogowy zakazu              <\/div>\n          <\/div>\n      <\/a>    \n            <a href=\"https:\/\/www.znakowo.pl\/produkt\/znak-b-3-zakaz-wjazdu-pojazdow-silnikowych-z-wyjatkiem-motocykli-jednosladowych-drogowy-zakazu,sfb-3,2267.html\" class=\"product-small\">\n          <div class=\"product-small-box\">\n              <div class=\"product-small-img\">\n                                    <img decoding=\"async\" src=\"https:\/\/tdc.znakowo.pl\/thumbs\/znak-b-3-zakaz-wjazdu-pojazdow-silnikowych-z-wyjatkiem-motocykli-jednosladowych-drogowy-zakazu-6804-2267-160-160-0.jpg\" alt=\"Znak B-3 Zakaz wjazdu pojazd\u00f3w silnikowych z wyj\u0105tkiem motocykli jedno\u015bladowych - drogowy zakazu - Karta parkingowa a mo\u017cliwo\u015b\u0107 niestosowania si\u0119 do znak\u00f3w drogowych\" title=\"Znak B-3 Zakaz wjazdu pojazd\u00f3w silnikowych z wyj\u0105tkiem motocykli jedno\u015bladowych - drogowy zakazu - Karta parkingowa a mo\u017cliwo\u015b\u0107 niestosowania si\u0119 do znak\u00f3w drogowych\" \/>\n              <\/div>\n              <div class=\"product-small-title\">\n                  Znak B-3 Zakaz wjazdu pojazd\u00f3w silnikowych z wyj\u0105tkiem motocykli jedno\u015bladowych - drogowy zakazu              <\/div>\n          <\/div>\n      <\/a>    \n            <a href=\"https:\/\/www.znakowo.pl\/produkt\/znak-b-3a-zakaz-wjazdu-autobusow-drogowy-zakazu,sfb-3a,2268.html\" class=\"product-small\">\n          <div class=\"product-small-box\">\n              <div class=\"product-small-img\">\n                                    <img decoding=\"async\" src=\"https:\/\/tdc.znakowo.pl\/thumbs\/znak-b-3a-zakaz-wjazdu-autobusow-drogowy-zakazu-6821-2268-160-160-0.jpg\" alt=\"Znak B-3a Zakaz wjazdu autobus\u00f3w - drogowy zakazu - Karta parkingowa a mo\u017cliwo\u015b\u0107 niestosowania si\u0119 do znak\u00f3w drogowych\" title=\"Znak B-3a Zakaz wjazdu autobus\u00f3w - drogowy zakazu - Karta parkingowa a mo\u017cliwo\u015b\u0107 niestosowania si\u0119 do znak\u00f3w drogowych\" \/>\n              <\/div>\n              <div class=\"product-small-title\">\n                  Znak B-3a Zakaz wjazdu autobus\u00f3w - drogowy zakazu              <\/div>\n          <\/div>\n      <\/a>    \n        \n    <div class=\"clearfix\"><\/div>    \n<\/div>\n\n\n\n\n<p><strong>B-4<\/strong> \u2013 zakaz wjazdu motocykli<\/p>\n\n\n\n<p><strong>B-10 <\/strong>\u2013 zakaz wjazdu motorower\u00f3w<\/p>\n\n\n\n<p><strong>B-35 <\/strong>\u2013 zakaz postoju<\/p>\n\n\n\n<div class=\"product-small-box-content display-flex\">\n          <a href=\"https:\/\/www.znakowo.pl\/produkt\/znak-b-4-zakaz-wjazdu-motocykli-drogowy-zakazu,sfb-4,2271.html\" class=\"product-small\">\n          <div class=\"product-small-box\">\n              <div class=\"product-small-img\">\n                                    <img decoding=\"async\" src=\"https:\/\/tdc.znakowo.pl\/thumbs\/znak-b-4-zakaz-wjazdu-motocykli-drogowy-zakazu-6822-2271-160-160-0.jpg\" alt=\"Znak B-4 Zakaz wjazdu motocykli - drogowy zakazu - Karta parkingowa a mo\u017cliwo\u015b\u0107 niestosowania si\u0119 do znak\u00f3w drogowych\" title=\"Znak B-4 Zakaz wjazdu motocykli - drogowy zakazu - Karta parkingowa a mo\u017cliwo\u015b\u0107 niestosowania si\u0119 do znak\u00f3w drogowych\" \/>\n              <\/div>\n              <div class=\"product-small-title\">\n                  Znak B-4 Zakaz wjazdu motocykli - drogowy zakazu              <\/div>\n          <\/div>\n      <\/a>    \n            <a href=\"https:\/\/www.znakowo.pl\/produkt\/znak-b-10-zakaz-wjazdu-motorowerow-drogowy-zakazu,sfb-10,2280.html\" class=\"product-small\">\n          <div class=\"product-small-box\">\n              <div class=\"product-small-img\">\n                                    <img decoding=\"async\" src=\"https:\/\/tdc.znakowo.pl\/thumbs\/znak-b-10-zakaz-wjazdu-motorowerow-drogowy-zakazu-6778-2280-160-160-0.jpg\" alt=\"Znak B-10 Zakaz wjazdu motorower\u00f3w - drogowy zakazu - Karta parkingowa a mo\u017cliwo\u015b\u0107 niestosowania si\u0119 do znak\u00f3w drogowych\" title=\"Znak B-10 Zakaz wjazdu motorower\u00f3w - drogowy zakazu - Karta parkingowa a mo\u017cliwo\u015b\u0107 niestosowania si\u0119 do znak\u00f3w drogowych\" \/>\n              <\/div>\n              <div class=\"product-small-title\">\n                  Znak B-10 Zakaz wjazdu motorower\u00f3w - drogowy zakazu              <\/div>\n          <\/div>\n      <\/a>    \n            <a href=\"https:\/\/www.znakowo.pl\/produkt\/znak-b-35-zakaz-postoju-drogowy-zakazu,sfb-35,2312.html\" class=\"product-small\">\n          <div class=\"product-small-box\">\n              <div class=\"product-small-img\">\n                                    <img decoding=\"async\" src=\"https:\/\/tdc.znakowo.pl\/thumbs\/znak-b-35-zakaz-postoju-drogowy-zakazu-6815-2312-160-160-0.jpg\" alt=\"Znak B-35 Zakaz postoju - drogowy zakazu - Karta parkingowa a mo\u017cliwo\u015b\u0107 niestosowania si\u0119 do znak\u00f3w drogowych\" title=\"Znak B-35 Zakaz postoju - drogowy zakazu - Karta parkingowa a mo\u017cliwo\u015b\u0107 niestosowania si\u0119 do znak\u00f3w drogowych\" \/>\n              <\/div>\n              <div class=\"product-small-title\">\n                  Znak B-35 Zakaz postoju - drogowy zakazu              <\/div>\n          <\/div>\n      <\/a>    \n        \n    <div class=\"clearfix\"><\/div>    \n<\/div>\n\n\n\n\n<p><strong>B-37 <\/strong>\u2013 zakaz postoju w dni nieparzyste<\/p>\n\n\n\n<p><strong>B-38 <\/strong>\u2013 zakaz postoju w dni parzyste<\/p>\n\n\n\n<p><strong>B-39 <\/strong>\u2013 <a href=\"https:\/\/www.znakowo.pl\/blog\/strefa-ograniczonego-postoju\/\">strefa ograniczonego postoju<\/a><\/p>\n\n\n\n<div class=\"product-small-box-content display-flex\">\n          <a href=\"https:\/\/www.znakowo.pl\/produkt\/znak-b-37-zakaz-zatrzymywania-sie-w-dni-nieparzyste-drogowy-zakazu,sfb-37,2315.html\" class=\"product-small\">\n          <div class=\"product-small-box\">\n              <div class=\"product-small-img\">\n                                    <img decoding=\"async\" src=\"https:\/\/tdc.znakowo.pl\/thumbs\/znak-b-37-zakaz-zatrzymywania-sie-w-dni-nieparzyste-drogowy-zakazu-6818-2315-160-160-0.jpg\" alt=\"Znak B-37 Zakaz zatrzymywania si\u0119 w dni nieparzyste - drogowy zakazu - Karta parkingowa a mo\u017cliwo\u015b\u0107 niestosowania si\u0119 do znak\u00f3w drogowych\" title=\"Znak B-37 Zakaz zatrzymywania si\u0119 w dni nieparzyste - drogowy zakazu - Karta parkingowa a mo\u017cliwo\u015b\u0107 niestosowania si\u0119 do znak\u00f3w drogowych\" \/>\n              <\/div>\n              <div class=\"product-small-title\">\n                  Znak B-37 Zakaz zatrzymywania si\u0119 w dni nieparzyste - drogowy zakazu              <\/div>\n          <\/div>\n      <\/a>    \n            <a href=\"https:\/\/www.znakowo.pl\/produkt\/znak-b-38-zakaz-zatrzymywania-sie-w-dni-parzyste-drogowy-zakazu,sfb-38,2316.html\" class=\"product-small\">\n          <div class=\"product-small-box\">\n              <div class=\"product-small-img\">\n                                    <img decoding=\"async\" src=\"https:\/\/tdc.znakowo.pl\/thumbs\/znak-b-38-zakaz-zatrzymywania-sie-w-dni-parzyste-drogowy-zakazu-6819-2316-160-160-0.jpg\" alt=\"Znak B-38 Zakaz zatrzymywania si\u0119 w dni parzyste - drogowy zakazu - Karta parkingowa a mo\u017cliwo\u015b\u0107 niestosowania si\u0119 do znak\u00f3w drogowych\" title=\"Znak B-38 Zakaz zatrzymywania si\u0119 w dni parzyste - drogowy zakazu - Karta parkingowa a mo\u017cliwo\u015b\u0107 niestosowania si\u0119 do znak\u00f3w drogowych\" \/>\n              <\/div>\n              <div class=\"product-small-title\">\n                  Znak B-38 Zakaz zatrzymywania si\u0119 w dni parzyste - drogowy zakazu              <\/div>\n          <\/div>\n      <\/a>    \n            <a href=\"https:\/\/www.znakowo.pl\/produkt\/znak-b-39-strefa-ograniczonego-postoju-drogowy-zakazu,sfb-39,2317.html\" class=\"product-small\">\n          <div class=\"product-small-box\">\n              <div class=\"product-small-img\">\n                                    <img decoding=\"async\" src=\"https:\/\/tdc.znakowo.pl\/thumbs\/znak-b-39-strefa-ograniczonego-postoju-drogowy-zakazu-6820-2317-160-160-0.jpg\" alt=\"Znak B-39 Strefa ograniczonego postoju - drogowy zakazu - Karta parkingowa a mo\u017cliwo\u015b\u0107 niestosowania si\u0119 do znak\u00f3w drogowych\" title=\"Znak B-39 Strefa ograniczonego postoju - drogowy zakazu - Karta parkingowa a mo\u017cliwo\u015b\u0107 niestosowania si\u0119 do znak\u00f3w drogowych\" \/>\n              <\/div>\n              <div class=\"product-small-title\">\n                  Znak B-39 Strefa ograniczonego postoju - drogowy zakazu              <\/div>\n          <\/div>\n      <\/a>    \n        \n    <div class=\"clearfix\"><\/div>    \n<\/div>\n\n\n\n\n<p>Uwaga! W przypadku stwierdzenia wyst\u0119powania zagro\u017cenia bezpiecze\u0144stwa os\u00f3b, kt\u00f3rych dotyczy ten przepis, pod znakiem umieszcza si\u0119 tabliczk\u0119 z napisem \u201eDotyczy tak\u017ce\u201d i symbolem osoby niepe\u0142nosprawnej. Oznacza to, \u017ce do ustawionego znaku musi si\u0119 stosowa\u0107 r\u00f3wnie\u017c osoba legitymuj\u0105ca si\u0119 kart\u0105 parkingow\u0105 (lub kieruj\u0105cy pojazdem przewo\u017c\u0105cy tak\u0105 osob\u0119).<\/p>\n\n\n\n<h2 class=\"wp-block-heading\"><span class=\"ez-toc-section\" id=\"Komu_i_na_jakiej_podstawie_moze_byc_wydana_karta_parkingowa\"><\/span>Komu i na jakiej podstawie mo\u017ce by\u0107 wydana karta parkingowa?<span class=\"ez-toc-section-end\"><\/span><\/h2>\n\n\n\n<p>Karta parkingowa mo\u017ce by\u0107 wydana:<\/p>\n\n\n\n<ul class=\"wp-block-list\">\n<li>osobie niepe\u0142nosprawnej, zaliczonej do znacznego lub umiarkowanego stopnia niepe\u0142nosprawno\u015bci, maj\u0105cej znacznie ograniczone mo\u017cliwo\u015bci samodzielnego poruszania si\u0119;<\/li>\n\n\n\n<li>osobie niepe\u0142nosprawnej, kt\u00f3ra nie uko\u0144czy\u0142a 16 r.\u017c., maj\u0105cej znacznie ograniczone mo\u017cliwo\u015bci samodzielnego poruszania si\u0119;<\/li>\n\n\n\n<li>plac\u00f3wce zajmuj\u0105cej si\u0119 opiek\u0105, rehabilitacj\u0105 lub edukacj\u0105 os\u00f3b niepe\u0142nosprawnych, maj\u0105cych znacznie ograniczone mo\u017cliwo\u015bci samodzielnego poruszania si\u0119.<\/li>\n<\/ul>\n\n\n\n<p>Kart\u0119 wydaje si\u0119 na podstawie wydanego przez zesp\u00f3\u0142 d.s. orzekania niepe\u0142nosprawno\u015bci:<\/p>\n\n\n\n<ul class=\"wp-block-list\">\n<li>orzeczenia o niepe\u0142nosprawno\u015bci,<\/li>\n\n\n\n<li>orzeczenia o stopniu niepe\u0142nosprawno\u015bci,<\/li>\n\n\n\n<li>orzeczenia o wskazaniach do ulg i uprawnie\u0144.<\/li>\n<\/ul>\n\n\n\n<h2 class=\"wp-block-heading\"><span class=\"ez-toc-section\" id=\"Karta_parkingowa_a_mozliwosc_niestosowania_sie_do_znakow_drogowych_%E2%80%93_FAQ\"><\/span>Karta parkingowa a mo\u017cliwo\u015b\u0107 niestosowania si\u0119 do znak\u00f3w drogowych \u2013 FAQ<span class=\"ez-toc-section-end\"><\/span><\/h2>\n\n\n\n<div class=\"schema-faq wp-block-yoast-faq-block\"><div class=\"schema-faq-section\" id=\"faq-question-1755435012202\"><strong class=\"schema-faq-question\"><strong>Czy kieruj\u0105cy pojazdem, przewo\u017c\u0105cy osob\u0119 niepe\u0142nosprawn\u0105, mo\u017ce nie stosowa\u0107 si\u0119 do znaku zakazu postoju\u201d<\/strong><\/strong> <p class=\"schema-faq-answer\">Tak, ale tylko w\u00f3wczas, gdy przewozi osob\u0119 niepe\u0142nosprawn\u0105, kt\u00f3ra legitymuje si\u0119 kart\u0105 parkingow\u0105.<\/p> <\/div> <div class=\"schema-faq-section\" id=\"faq-question-1755435026175\"><strong class=\"schema-faq-question\"><strong>Czy maj\u0105c cudz\u0105 kart\u0119 parkingow\u0105, mo\u017cna zaparkowa\u0107 na kopercie dla niepe\u0142nosprawnych?<\/strong><\/strong> <p class=\"schema-faq-answer\">Nie, za pos\u0142ugiwanie si\u0119 kart\u0105 parkingow\u0105 bez uprawnie\u0144 i niestosowanie si\u0119 do znak\u00f3w dotycz\u0105cych parkowania grozi mandat w wysoko\u015bci 1200 z\u0142.<\/p> <\/div> <div class=\"schema-faq-section\" id=\"faq-question-1755435041808\"><strong class=\"schema-faq-question\"><strong>Jaka kara grozi za pos\u0142ugiwanie si\u0119 kart\u0105 parkingow\u0105 przez osob\u0119 nieuprawnion\u0105?<\/strong><\/strong> <p class=\"schema-faq-answer\">Za pos\u0142ugiwanie si\u0119 kart\u0105 parkingow\u0105 przez osob\u0119 nieuprawnion\u0105 grozi mandat w wysoko\u015bci 400 z\u0142. Mandat mo\u017ce by\u0107 wy\u017cszy, je\u015bli osoba pos\u0142uguje si\u0119 kart\u0105 parkingow\u0105 i niestosuje si\u0119 do znak\u00f3w: B-3 i B-4 \u2013 650 z\u0142, B-10 \u2013 500 z\u0142, zakazu postoju (B-35, B-37, B-38, B-39) \u2013 500 z\u0142, zwi\u0105zanych z parkowaniem (D-18 lub D-18b z tabliczk\u0105 T-29 lub D-18a z tabliczk\u0105 T-29, P-18 i P-24 lub P-20 i P24) \u2013 1200 z\u0142.<\/p> <\/div> <\/div>\n","protected":false},"excerpt":{"rendered":"<p>Karta parkingowa uprawnia osoby niepe\u0142nosprawne do parkowania na specjalnie oznaczonych miejscach. Warto r\u00f3wnie\u017c wiedzie\u0107, ze osoby legitymuj\u0105ce si\u0119 takim dokumentem, mog\u0105 nie stosowa\u0107 si\u0119 do niekt\u00f3rych znak\u00f3w drogowych. Sprawdzamy, jakie to znaki, i komu mo\u017ce by\u0107 wydana karta parkingowa.<\/p>\n","protected":false},"author":3,"featured_media":5884,"comment_status":"closed","ping_status":"closed","sticky":false,"template":"","format":"standard","meta":{"_acf_changed":false,"footnotes":""},"categories":[1],"tags":[],"class_list":["post-5870","post","type-post","status-publish","format-standard","has-post-thumbnail","hentry","category-przepisy-ustawy"],"acf":[],"yoast_head":"<!-- This site is optimized with the Yoast SEO plugin v27.4 - https:\/\/yoast.com\/product\/yoast-seo-wordpress\/ -->\n<title>Karta parkingowa a znaki drogowe<\/title>\n<meta name=\"description\" content=\"Karta parkingowa a mo\u017cliwo\u015b\u0107 niestosowania si\u0119 do niekt\u00f3rych znak\u00f3w drogowych. Jakie to znaki i kto mo\u017ce ubiega\u0107 si\u0119 o kart\u0119 parkingow\u0105?\" \/>\n<meta name=\"robots\" content=\"index, follow, max-snippet:-1, max-image-preview:large, max-video-preview:-1\" \/>\n<link rel=\"canonical\" href=\"https:\/\/www.znakowo.pl\/blog\/karta-parkingowa\/\" \/>\n<meta property=\"og:locale\" content=\"pl_PL\" \/>\n<meta property=\"og:type\" content=\"article\" \/>\n<meta property=\"og:title\" content=\"Karta parkingowa a znaki drogowe\" \/>\n<meta property=\"og:description\" content=\"Karta parkingowa a mo\u017cliwo\u015b\u0107 niestosowania si\u0119 do niekt\u00f3rych znak\u00f3w drogowych. Jakie to znaki i kto mo\u017ce ubiega\u0107 si\u0119 o kart\u0119 parkingow\u0105?\" \/>\n<meta property=\"og:url\" content=\"https:\/\/www.znakowo.pl\/blog\/karta-parkingowa\/\" \/>\n<meta property=\"og:site_name\" content=\"Blog znakowo.pl\" \/>\n<meta property=\"article:publisher\" content=\"https:\/\/www.facebook.com\/Znakowo\/\" \/>\n<meta property=\"article:published_time\" content=\"2023-08-10T12:33:32+00:00\" \/>\n<meta property=\"article:modified_time\" content=\"2025-08-17T12:51:05+00:00\" \/>\n<meta property=\"og:image\" content=\"https:\/\/www.znakowo.pl\/blog\/wp-content\/uploads\/2023\/08\/parking-space-disabled-people-disabled-parking-icon-parking-lot-other-cars-scaled.jpg\" \/>\n\t<meta property=\"og:image:width\" content=\"2560\" \/>\n\t<meta property=\"og:image:height\" content=\"1707\" \/>\n\t<meta property=\"og:image:type\" content=\"image\/jpeg\" \/>\n<meta name=\"author\" content=\"Julita Krzemi\u0144ska\" \/>\n<meta name=\"twitter:card\" content=\"summary_large_image\" \/>\n<meta name=\"twitter:label1\" content=\"Napisane przez\" \/>\n\t<meta name=\"twitter:data1\" content=\"Julita Krzemi\u0144ska\" \/>\n\t<meta name=\"twitter:label2\" content=\"Szacowany czas czytania\" \/>\n\t<meta name=\"twitter:data2\" content=\"3 minuty\" \/>\n<script type=\"application\/ld+json\" class=\"yoast-schema-graph\">{\"@context\":\"https:\\\/\\\/schema.org\",\"@graph\":[{\"@type\":\"Article\",\"@id\":\"https:\\\/\\\/www.znakowo.pl\\\/blog\\\/karta-parkingowa\\\/#article\",\"isPartOf\":{\"@id\":\"https:\\\/\\\/www.znakowo.pl\\\/blog\\\/karta-parkingowa\\\/\"},\"author\":{\"name\":\"Julita Krzemi\u0144ska\",\"@id\":\"https:\\\/\\\/www.znakowo.pl\\\/blog\\\/#\\\/schema\\\/person\\\/a29ddb53515b4cfd337f1582146267d9\"},\"headline\":\"Karta parkingowa a mo\u017cliwo\u015b\u0107 niestosowania si\u0119 do znak\u00f3w drogowych\",\"datePublished\":\"2023-08-10T12:33:32+00:00\",\"dateModified\":\"2025-08-17T12:51:05+00:00\",\"mainEntityOfPage\":{\"@id\":\"https:\\\/\\\/www.znakowo.pl\\\/blog\\\/karta-parkingowa\\\/\"},\"wordCount\":615,\"publisher\":{\"@id\":\"https:\\\/\\\/www.znakowo.pl\\\/blog\\\/#organization\"},\"image\":{\"@id\":\"https:\\\/\\\/www.znakowo.pl\\\/blog\\\/karta-parkingowa\\\/#primaryimage\"},\"thumbnailUrl\":\"https:\\\/\\\/www.znakowo.pl\\\/blog\\\/wp-content\\\/uploads\\\/2023\\\/08\\\/parking-space-disabled-people-disabled-parking-icon-parking-lot-other-cars-scaled.jpg\",\"articleSection\":[\"Przepisy, ustawy\"],\"inLanguage\":\"pl-PL\"},{\"@type\":[\"WebPage\",\"FAQPage\"],\"@id\":\"https:\\\/\\\/www.znakowo.pl\\\/blog\\\/karta-parkingowa\\\/\",\"url\":\"https:\\\/\\\/www.znakowo.pl\\\/blog\\\/karta-parkingowa\\\/\",\"name\":\"Karta parkingowa a znaki drogowe\",\"isPartOf\":{\"@id\":\"https:\\\/\\\/www.znakowo.pl\\\/blog\\\/#website\"},\"primaryImageOfPage\":{\"@id\":\"https:\\\/\\\/www.znakowo.pl\\\/blog\\\/karta-parkingowa\\\/#primaryimage\"},\"image\":{\"@id\":\"https:\\\/\\\/www.znakowo.pl\\\/blog\\\/karta-parkingowa\\\/#primaryimage\"},\"thumbnailUrl\":\"https:\\\/\\\/www.znakowo.pl\\\/blog\\\/wp-content\\\/uploads\\\/2023\\\/08\\\/parking-space-disabled-people-disabled-parking-icon-parking-lot-other-cars-scaled.jpg\",\"datePublished\":\"2023-08-10T12:33:32+00:00\",\"dateModified\":\"2025-08-17T12:51:05+00:00\",\"description\":\"Karta parkingowa a mo\u017cliwo\u015b\u0107 niestosowania si\u0119 do niekt\u00f3rych znak\u00f3w drogowych. Jakie to znaki i kto mo\u017ce ubiega\u0107 si\u0119 o kart\u0119 parkingow\u0105?\",\"breadcrumb\":{\"@id\":\"https:\\\/\\\/www.znakowo.pl\\\/blog\\\/karta-parkingowa\\\/#breadcrumb\"},\"mainEntity\":[{\"@id\":\"https:\\\/\\\/www.znakowo.pl\\\/blog\\\/karta-parkingowa\\\/#faq-question-1755435012202\"},{\"@id\":\"https:\\\/\\\/www.znakowo.pl\\\/blog\\\/karta-parkingowa\\\/#faq-question-1755435026175\"},{\"@id\":\"https:\\\/\\\/www.znakowo.pl\\\/blog\\\/karta-parkingowa\\\/#faq-question-1755435041808\"}],\"inLanguage\":\"pl-PL\",\"potentialAction\":[{\"@type\":\"ReadAction\",\"target\":[\"https:\\\/\\\/www.znakowo.pl\\\/blog\\\/karta-parkingowa\\\/\"]}]},{\"@type\":\"ImageObject\",\"inLanguage\":\"pl-PL\",\"@id\":\"https:\\\/\\\/www.znakowo.pl\\\/blog\\\/karta-parkingowa\\\/#primaryimage\",\"url\":\"https:\\\/\\\/www.znakowo.pl\\\/blog\\\/wp-content\\\/uploads\\\/2023\\\/08\\\/parking-space-disabled-people-disabled-parking-icon-parking-lot-other-cars-scaled.jpg\",\"contentUrl\":\"https:\\\/\\\/www.znakowo.pl\\\/blog\\\/wp-content\\\/uploads\\\/2023\\\/08\\\/parking-space-disabled-people-disabled-parking-icon-parking-lot-other-cars-scaled.jpg\",\"width\":2560,\"height\":1707,\"caption\":\"Karta parkingowa\"},{\"@type\":\"BreadcrumbList\",\"@id\":\"https:\\\/\\\/www.znakowo.pl\\\/blog\\\/karta-parkingowa\\\/#breadcrumb\",\"itemListElement\":[{\"@type\":\"ListItem\",\"position\":1,\"name\":\"Strona g\u0142\u00f3wna\",\"item\":\"https:\\\/\\\/www.znakowo.pl\\\/blog\\\/\"},{\"@type\":\"ListItem\",\"position\":2,\"name\":\"Karta parkingowa a mo\u017cliwo\u015b\u0107 niestosowania si\u0119 do znak\u00f3w drogowych\"}]},{\"@type\":\"WebSite\",\"@id\":\"https:\\\/\\\/www.znakowo.pl\\\/blog\\\/#website\",\"url\":\"https:\\\/\\\/www.znakowo.pl\\\/blog\\\/\",\"name\":\"Blog znakowo.pl\",\"description\":\"\",\"publisher\":{\"@id\":\"https:\\\/\\\/www.znakowo.pl\\\/blog\\\/#organization\"},\"potentialAction\":[{\"@type\":\"SearchAction\",\"target\":{\"@type\":\"EntryPoint\",\"urlTemplate\":\"https:\\\/\\\/www.znakowo.pl\\\/blog\\\/?s={search_term_string}\"},\"query-input\":{\"@type\":\"PropertyValueSpecification\",\"valueRequired\":true,\"valueName\":\"search_term_string\"}}],\"inLanguage\":\"pl-PL\"},{\"@type\":\"Organization\",\"@id\":\"https:\\\/\\\/www.znakowo.pl\\\/blog\\\/#organization\",\"name\":\"Znakowo.pl\",\"url\":\"https:\\\/\\\/www.znakowo.pl\\\/blog\\\/\",\"logo\":{\"@type\":\"ImageObject\",\"inLanguage\":\"pl-PL\",\"@id\":\"https:\\\/\\\/www.znakowo.pl\\\/blog\\\/#\\\/schema\\\/logo\\\/image\\\/\",\"url\":\"https:\\\/\\\/www.znakowo.pl\\\/blog\\\/wp-content\\\/uploads\\\/2017\\\/05\\\/logo_1.png\",\"contentUrl\":\"https:\\\/\\\/www.znakowo.pl\\\/blog\\\/wp-content\\\/uploads\\\/2017\\\/05\\\/logo_1.png\",\"width\":277,\"height\":94,\"caption\":\"Znakowo.pl\"},\"image\":{\"@id\":\"https:\\\/\\\/www.znakowo.pl\\\/blog\\\/#\\\/schema\\\/logo\\\/image\\\/\"},\"sameAs\":[\"https:\\\/\\\/www.facebook.com\\\/Znakowo\\\/\"]},{\"@type\":\"Person\",\"@id\":\"https:\\\/\\\/www.znakowo.pl\\\/blog\\\/#\\\/schema\\\/person\\\/a29ddb53515b4cfd337f1582146267d9\",\"name\":\"Julita Krzemi\u0144ska\",\"image\":{\"@type\":\"ImageObject\",\"inLanguage\":\"pl-PL\",\"@id\":\"https:\\\/\\\/secure.gravatar.com\\\/avatar\\\/e6adac54b1d18b21f8567cc6208ef43409e661f1070cf8be2e6912306b99d439?s=96&d=mm&r=g\",\"url\":\"https:\\\/\\\/secure.gravatar.com\\\/avatar\\\/e6adac54b1d18b21f8567cc6208ef43409e661f1070cf8be2e6912306b99d439?s=96&d=mm&r=g\",\"contentUrl\":\"https:\\\/\\\/secure.gravatar.com\\\/avatar\\\/e6adac54b1d18b21f8567cc6208ef43409e661f1070cf8be2e6912306b99d439?s=96&d=mm&r=g\",\"caption\":\"Julita Krzemi\u0144ska\"},\"url\":\"https:\\\/\\\/www.znakowo.pl\\\/blog\\\/author\\\/jkrzeminska\\\/\"},{\"@type\":\"Question\",\"@id\":\"https:\\\/\\\/www.znakowo.pl\\\/blog\\\/karta-parkingowa\\\/#faq-question-1755435012202\",\"position\":1,\"url\":\"https:\\\/\\\/www.znakowo.pl\\\/blog\\\/karta-parkingowa\\\/#faq-question-1755435012202\",\"name\":\"Czy kieruj\u0105cy pojazdem, przewo\u017c\u0105cy osob\u0119 niepe\u0142nosprawn\u0105, mo\u017ce nie stosowa\u0107 si\u0119 do znaku zakazu postoju\u201d\",\"answerCount\":1,\"acceptedAnswer\":{\"@type\":\"Answer\",\"text\":\"Tak, ale tylko w\u00f3wczas, gdy przewozi osob\u0119 niepe\u0142nosprawn\u0105, kt\u00f3ra legitymuje si\u0119 kart\u0105 parkingow\u0105.\",\"inLanguage\":\"pl-PL\"},\"inLanguage\":\"pl-PL\"},{\"@type\":\"Question\",\"@id\":\"https:\\\/\\\/www.znakowo.pl\\\/blog\\\/karta-parkingowa\\\/#faq-question-1755435026175\",\"position\":2,\"url\":\"https:\\\/\\\/www.znakowo.pl\\\/blog\\\/karta-parkingowa\\\/#faq-question-1755435026175\",\"name\":\"Czy maj\u0105c cudz\u0105 kart\u0119 parkingow\u0105, mo\u017cna zaparkowa\u0107 na kopercie dla niepe\u0142nosprawnych?\",\"answerCount\":1,\"acceptedAnswer\":{\"@type\":\"Answer\",\"text\":\"Nie, za pos\u0142ugiwanie si\u0119 kart\u0105 parkingow\u0105 bez uprawnie\u0144 i niestosowanie si\u0119 do znak\u00f3w dotycz\u0105cych parkowania grozi mandat w wysoko\u015bci 1200 z\u0142.\",\"inLanguage\":\"pl-PL\"},\"inLanguage\":\"pl-PL\"},{\"@type\":\"Question\",\"@id\":\"https:\\\/\\\/www.znakowo.pl\\\/blog\\\/karta-parkingowa\\\/#faq-question-1755435041808\",\"position\":3,\"url\":\"https:\\\/\\\/www.znakowo.pl\\\/blog\\\/karta-parkingowa\\\/#faq-question-1755435041808\",\"name\":\"Jaka kara grozi za pos\u0142ugiwanie si\u0119 kart\u0105 parkingow\u0105 przez osob\u0119 nieuprawnion\u0105?\",\"answerCount\":1,\"acceptedAnswer\":{\"@type\":\"Answer\",\"text\":\"Za pos\u0142ugiwanie si\u0119 kart\u0105 parkingow\u0105 przez osob\u0119 nieuprawnion\u0105 grozi mandat w wysoko\u015bci 400 z\u0142. Mandat mo\u017ce by\u0107 wy\u017cszy, je\u015bli osoba pos\u0142uguje si\u0119 kart\u0105 parkingow\u0105 i niestosuje si\u0119 do znak\u00f3w: B-3 i B-4 \u2013 650 z\u0142, B-10 \u2013 500 z\u0142, zakazu postoju (B-35, B-37, B-38, B-39) \u2013 500 z\u0142, zwi\u0105zanych z parkowaniem (D-18 lub D-18b z tabliczk\u0105 T-29 lub D-18a z tabliczk\u0105 T-29, P-18 i P-24 lub P-20 i P24) \u2013 1200 z\u0142.\",\"inLanguage\":\"pl-PL\"},\"inLanguage\":\"pl-PL\"}]}<\/script>\n<!-- \/ Yoast SEO plugin. -->","yoast_head_json":{"title":"Karta parkingowa a znaki drogowe","description":"Karta parkingowa a mo\u017cliwo\u015b\u0107 niestosowania si\u0119 do niekt\u00f3rych znak\u00f3w drogowych. Jakie to znaki i kto mo\u017ce ubiega\u0107 si\u0119 o kart\u0119 parkingow\u0105?","robots":{"index":"index","follow":"follow","max-snippet":"max-snippet:-1","max-image-preview":"max-image-preview:large","max-video-preview":"max-video-preview:-1"},"canonical":"https:\/\/www.znakowo.pl\/blog\/karta-parkingowa\/","og_locale":"pl_PL","og_type":"article","og_title":"Karta parkingowa a znaki drogowe","og_description":"Karta parkingowa a mo\u017cliwo\u015b\u0107 niestosowania si\u0119 do niekt\u00f3rych znak\u00f3w drogowych. Jakie to znaki i kto mo\u017ce ubiega\u0107 si\u0119 o kart\u0119 parkingow\u0105?","og_url":"https:\/\/www.znakowo.pl\/blog\/karta-parkingowa\/","og_site_name":"Blog znakowo.pl","article_publisher":"https:\/\/www.facebook.com\/Znakowo\/","article_published_time":"2023-08-10T12:33:32+00:00","article_modified_time":"2025-08-17T12:51:05+00:00","og_image":[{"width":2560,"height":1707,"url":"https:\/\/www.znakowo.pl\/blog\/wp-content\/uploads\/2023\/08\/parking-space-disabled-people-disabled-parking-icon-parking-lot-other-cars-scaled.jpg","type":"image\/jpeg"}],"author":"Julita Krzemi\u0144ska","twitter_card":"summary_large_image","twitter_misc":{"Napisane przez":"Julita Krzemi\u0144ska","Szacowany czas czytania":"3 minuty"},"schema":{"@context":"https:\/\/schema.org","@graph":[{"@type":"Article","@id":"https:\/\/www.znakowo.pl\/blog\/karta-parkingowa\/#article","isPartOf":{"@id":"https:\/\/www.znakowo.pl\/blog\/karta-parkingowa\/"},"author":{"name":"Julita Krzemi\u0144ska","@id":"https:\/\/www.znakowo.pl\/blog\/#\/schema\/person\/a29ddb53515b4cfd337f1582146267d9"},"headline":"Karta parkingowa a mo\u017cliwo\u015b\u0107 niestosowania si\u0119 do znak\u00f3w drogowych","datePublished":"2023-08-10T12:33:32+00:00","dateModified":"2025-08-17T12:51:05+00:00","mainEntityOfPage":{"@id":"https:\/\/www.znakowo.pl\/blog\/karta-parkingowa\/"},"wordCount":615,"publisher":{"@id":"https:\/\/www.znakowo.pl\/blog\/#organization"},"image":{"@id":"https:\/\/www.znakowo.pl\/blog\/karta-parkingowa\/#primaryimage"},"thumbnailUrl":"https:\/\/www.znakowo.pl\/blog\/wp-content\/uploads\/2023\/08\/parking-space-disabled-people-disabled-parking-icon-parking-lot-other-cars-scaled.jpg","articleSection":["Przepisy, ustawy"],"inLanguage":"pl-PL"},{"@type":["WebPage","FAQPage"],"@id":"https:\/\/www.znakowo.pl\/blog\/karta-parkingowa\/","url":"https:\/\/www.znakowo.pl\/blog\/karta-parkingowa\/","name":"Karta parkingowa a znaki drogowe","isPartOf":{"@id":"https:\/\/www.znakowo.pl\/blog\/#website"},"primaryImageOfPage":{"@id":"https:\/\/www.znakowo.pl\/blog\/karta-parkingowa\/#primaryimage"},"image":{"@id":"https:\/\/www.znakowo.pl\/blog\/karta-parkingowa\/#primaryimage"},"thumbnailUrl":"https:\/\/www.znakowo.pl\/blog\/wp-content\/uploads\/2023\/08\/parking-space-disabled-people-disabled-parking-icon-parking-lot-other-cars-scaled.jpg","datePublished":"2023-08-10T12:33:32+00:00","dateModified":"2025-08-17T12:51:05+00:00","description":"Karta parkingowa a mo\u017cliwo\u015b\u0107 niestosowania si\u0119 do niekt\u00f3rych znak\u00f3w drogowych. Jakie to znaki i kto mo\u017ce ubiega\u0107 si\u0119 o kart\u0119 parkingow\u0105?","breadcrumb":{"@id":"https:\/\/www.znakowo.pl\/blog\/karta-parkingowa\/#breadcrumb"},"mainEntity":[{"@id":"https:\/\/www.znakowo.pl\/blog\/karta-parkingowa\/#faq-question-1755435012202"},{"@id":"https:\/\/www.znakowo.pl\/blog\/karta-parkingowa\/#faq-question-1755435026175"},{"@id":"https:\/\/www.znakowo.pl\/blog\/karta-parkingowa\/#faq-question-1755435041808"}],"inLanguage":"pl-PL","potentialAction":[{"@type":"ReadAction","target":["https:\/\/www.znakowo.pl\/blog\/karta-parkingowa\/"]}]},{"@type":"ImageObject","inLanguage":"pl-PL","@id":"https:\/\/www.znakowo.pl\/blog\/karta-parkingowa\/#primaryimage","url":"https:\/\/www.znakowo.pl\/blog\/wp-content\/uploads\/2023\/08\/parking-space-disabled-people-disabled-parking-icon-parking-lot-other-cars-scaled.jpg","contentUrl":"https:\/\/www.znakowo.pl\/blog\/wp-content\/uploads\/2023\/08\/parking-space-disabled-people-disabled-parking-icon-parking-lot-other-cars-scaled.jpg","width":2560,"height":1707,"caption":"Karta parkingowa"},{"@type":"BreadcrumbList","@id":"https:\/\/www.znakowo.pl\/blog\/karta-parkingowa\/#breadcrumb","itemListElement":[{"@type":"ListItem","position":1,"name":"Strona g\u0142\u00f3wna","item":"https:\/\/www.znakowo.pl\/blog\/"},{"@type":"ListItem","position":2,"name":"Karta parkingowa a mo\u017cliwo\u015b\u0107 niestosowania si\u0119 do znak\u00f3w drogowych"}]},{"@type":"WebSite","@id":"https:\/\/www.znakowo.pl\/blog\/#website","url":"https:\/\/www.znakowo.pl\/blog\/","name":"Blog znakowo.pl","description":"","publisher":{"@id":"https:\/\/www.znakowo.pl\/blog\/#organization"},"potentialAction":[{"@type":"SearchAction","target":{"@type":"EntryPoint","urlTemplate":"https:\/\/www.znakowo.pl\/blog\/?s={search_term_string}"},"query-input":{"@type":"PropertyValueSpecification","valueRequired":true,"valueName":"search_term_string"}}],"inLanguage":"pl-PL"},{"@type":"Organization","@id":"https:\/\/www.znakowo.pl\/blog\/#organization","name":"Znakowo.pl","url":"https:\/\/www.znakowo.pl\/blog\/","logo":{"@type":"ImageObject","inLanguage":"pl-PL","@id":"https:\/\/www.znakowo.pl\/blog\/#\/schema\/logo\/image\/","url":"https:\/\/www.znakowo.pl\/blog\/wp-content\/uploads\/2017\/05\/logo_1.png","contentUrl":"https:\/\/www.znakowo.pl\/blog\/wp-content\/uploads\/2017\/05\/logo_1.png","width":277,"height":94,"caption":"Znakowo.pl"},"image":{"@id":"https:\/\/www.znakowo.pl\/blog\/#\/schema\/logo\/image\/"},"sameAs":["https:\/\/www.facebook.com\/Znakowo\/"]},{"@type":"Person","@id":"https:\/\/www.znakowo.pl\/blog\/#\/schema\/person\/a29ddb53515b4cfd337f1582146267d9","name":"Julita Krzemi\u0144ska","image":{"@type":"ImageObject","inLanguage":"pl-PL","@id":"https:\/\/secure.gravatar.com\/avatar\/e6adac54b1d18b21f8567cc6208ef43409e661f1070cf8be2e6912306b99d439?s=96&d=mm&r=g","url":"https:\/\/secure.gravatar.com\/avatar\/e6adac54b1d18b21f8567cc6208ef43409e661f1070cf8be2e6912306b99d439?s=96&d=mm&r=g","contentUrl":"https:\/\/secure.gravatar.com\/avatar\/e6adac54b1d18b21f8567cc6208ef43409e661f1070cf8be2e6912306b99d439?s=96&d=mm&r=g","caption":"Julita Krzemi\u0144ska"},"url":"https:\/\/www.znakowo.pl\/blog\/author\/jkrzeminska\/"},{"@type":"Question","@id":"https:\/\/www.znakowo.pl\/blog\/karta-parkingowa\/#faq-question-1755435012202","position":1,"url":"https:\/\/www.znakowo.pl\/blog\/karta-parkingowa\/#faq-question-1755435012202","name":"Czy kieruj\u0105cy pojazdem, przewo\u017c\u0105cy osob\u0119 niepe\u0142nosprawn\u0105, mo\u017ce nie stosowa\u0107 si\u0119 do znaku zakazu postoju\u201d","answerCount":1,"acceptedAnswer":{"@type":"Answer","text":"Tak, ale tylko w\u00f3wczas, gdy przewozi osob\u0119 niepe\u0142nosprawn\u0105, kt\u00f3ra legitymuje si\u0119 kart\u0105 parkingow\u0105.","inLanguage":"pl-PL"},"inLanguage":"pl-PL"},{"@type":"Question","@id":"https:\/\/www.znakowo.pl\/blog\/karta-parkingowa\/#faq-question-1755435026175","position":2,"url":"https:\/\/www.znakowo.pl\/blog\/karta-parkingowa\/#faq-question-1755435026175","name":"Czy maj\u0105c cudz\u0105 kart\u0119 parkingow\u0105, mo\u017cna zaparkowa\u0107 na kopercie dla niepe\u0142nosprawnych?","answerCount":1,"acceptedAnswer":{"@type":"Answer","text":"Nie, za pos\u0142ugiwanie si\u0119 kart\u0105 parkingow\u0105 bez uprawnie\u0144 i niestosowanie si\u0119 do znak\u00f3w dotycz\u0105cych parkowania grozi mandat w wysoko\u015bci 1200 z\u0142.","inLanguage":"pl-PL"},"inLanguage":"pl-PL"},{"@type":"Question","@id":"https:\/\/www.znakowo.pl\/blog\/karta-parkingowa\/#faq-question-1755435041808","position":3,"url":"https:\/\/www.znakowo.pl\/blog\/karta-parkingowa\/#faq-question-1755435041808","name":"Jaka kara grozi za pos\u0142ugiwanie si\u0119 kart\u0105 parkingow\u0105 przez osob\u0119 nieuprawnion\u0105?","answerCount":1,"acceptedAnswer":{"@type":"Answer","text":"Za pos\u0142ugiwanie si\u0119 kart\u0105 parkingow\u0105 przez osob\u0119 nieuprawnion\u0105 grozi mandat w wysoko\u015bci 400 z\u0142. Mandat mo\u017ce by\u0107 wy\u017cszy, je\u015bli osoba pos\u0142uguje si\u0119 kart\u0105 parkingow\u0105 i niestosuje si\u0119 do znak\u00f3w: B-3 i B-4 \u2013 650 z\u0142, B-10 \u2013 500 z\u0142, zakazu postoju (B-35, B-37, B-38, B-39) \u2013 500 z\u0142, zwi\u0105zanych z parkowaniem (D-18 lub D-18b z tabliczk\u0105 T-29 lub D-18a z tabliczk\u0105 T-29, P-18 i P-24 lub P-20 i P24) \u2013 1200 z\u0142.","inLanguage":"pl-PL"},"inLanguage":"pl-PL"}]}},"_links":{"self":[{"href":"https:\/\/www.znakowo.pl\/blog\/wp-json\/wp\/v2\/posts\/5870","targetHints":{"allow":["GET"]}}],"collection":[{"href":"https:\/\/www.znakowo.pl\/blog\/wp-json\/wp\/v2\/posts"}],"about":[{"href":"https:\/\/www.znakowo.pl\/blog\/wp-json\/wp\/v2\/types\/post"}],"author":[{"embeddable":true,"href":"https:\/\/www.znakowo.pl\/blog\/wp-json\/wp\/v2\/users\/3"}],"replies":[{"embeddable":true,"href":"https:\/\/www.znakowo.pl\/blog\/wp-json\/wp\/v2\/comments?post=5870"}],"version-history":[{"count":3,"href":"https:\/\/www.znakowo.pl\/blog\/wp-json\/wp\/v2\/posts\/5870\/revisions"}],"predecessor-version":[{"id":8125,"href":"https:\/\/www.znakowo.pl\/blog\/wp-json\/wp\/v2\/posts\/5870\/revisions\/8125"}],"wp:featuredmedia":[{"embeddable":true,"href":"https:\/\/www.znakowo.pl\/blog\/wp-json\/wp\/v2\/media\/5884"}],"wp:attachment":[{"href":"https:\/\/www.znakowo.pl\/blog\/wp-json\/wp\/v2\/media?parent=5870"}],"wp:term":[{"taxonomy":"category","embeddable":true,"href":"https:\/\/www.znakowo.pl\/blog\/wp-json\/wp\/v2\/categories?post=5870"},{"taxonomy":"post_tag","embeddable":true,"href":"https:\/\/www.znakowo.pl\/blog\/wp-json\/wp\/v2\/tags?post=5870"}],"curies":[{"name":"wp","href":"https:\/\/api.w.org\/{rel}","templated":true}]}}