{"id":5963,"date":"2023-09-28T14:48:36","date_gmt":"2023-09-28T12:48:36","guid":{"rendered":"https:\/\/www.znakowo.pl\/blog\/?p=5963"},"modified":"2023-09-28T14:48:37","modified_gmt":"2023-09-28T12:48:37","slug":"oznakowanie-progow-zwalniajacych","status":"publish","type":"post","link":"https:\/\/www.znakowo.pl\/blog\/oznakowanie-progow-zwalniajacych\/","title":{"rendered":"Oznakowanie prog\u00f3w zwalniaj\u0105cych"},"content":{"rendered":"\n<p>Progi zwalniaj\u0105ce stosuje si\u0119 do wymuszenia ograniczenia pr\u0119dko\u015bci samochod\u00f3w. Sprawdzamy, jak powinno wygl\u0105da\u0107 prawid\u0142owe oznakowanie prog\u00f3w zwalniaj\u0105cych.<\/p>\n\n\n<p><!--more--><\/p>\n\n\n<div id=\"ez-toc-container\" class=\"ez-toc-v2_0_82_2 counter-hierarchy ez-toc-counter ez-toc-grey ez-toc-container-direction\">\n<div class=\"ez-toc-title-container\">\n<p class=\"ez-toc-title\" style=\"cursor:inherit\">Spis tre\u015bci<\/p>\n<span class=\"ez-toc-title-toggle\"><a href=\"#\" class=\"ez-toc-pull-right ez-toc-btn ez-toc-btn-xs ez-toc-btn-default ez-toc-toggle\" aria-label=\"Prze\u0142\u0105cznik Spisu Tre\u015bci\"><span class=\"ez-toc-js-icon-con\"><span class=\"\"><span class=\"eztoc-hide\" style=\"display:none;\">Toggle<\/span><span class=\"ez-toc-icon-toggle-span\"><svg style=\"fill: #999;color:#999\" xmlns=\"http:\/\/www.w3.org\/2000\/svg\" class=\"list-377408\" width=\"20px\" height=\"20px\" viewBox=\"0 0 24 24\" fill=\"none\"><path d=\"M6 6H4v2h2V6zm14 0H8v2h12V6zM4 11h2v2H4v-2zm16 0H8v2h12v-2zM4 16h2v2H4v-2zm16 0H8v2h12v-2z\" fill=\"currentColor\"><\/path><\/svg><svg style=\"fill: #999;color:#999\" class=\"arrow-unsorted-368013\" xmlns=\"http:\/\/www.w3.org\/2000\/svg\" width=\"10px\" height=\"10px\" viewBox=\"0 0 24 24\" version=\"1.2\" baseProfile=\"tiny\"><path d=\"M18.2 9.3l-6.2-6.3-6.2 6.3c-.2.2-.3.4-.3.7s.1.5.3.7c.2.2.4.3.7.3h11c.3 0 .5-.1.7-.3.2-.2.3-.5.3-.7s-.1-.5-.3-.7zM5.8 14.7l6.2 6.3 6.2-6.3c.2-.2.3-.5.3-.7s-.1-.5-.3-.7c-.2-.2-.4-.3-.7-.3h-11c-.3 0-.5.1-.7.3-.2.2-.3.5-.3.7s.1.5.3.7z\"\/><\/svg><\/span><\/span><\/span><\/a><\/span><\/div>\n<nav><ul class='ez-toc-list ez-toc-list-level-1 ' ><li class='ez-toc-page-1 ez-toc-heading-level-2'><a class=\"ez-toc-link ez-toc-heading-1\" href=\"https:\/\/www.znakowo.pl\/blog\/oznakowanie-progow-zwalniajacych\/#Znaki_pionowe\" >Znaki pionowe<\/a><ul class='ez-toc-list-level-3' ><li class='ez-toc-heading-level-3'><a class=\"ez-toc-link ez-toc-heading-2\" href=\"https:\/\/www.znakowo.pl\/blog\/oznakowanie-progow-zwalniajacych\/#Znak_A-11a_%E2%80%9Eprog_zwalniajacy%E2%80%9D\" >Znak A-11a \u201epr\u00f3g zwalniaj\u0105cy\u201d<\/a><\/li><li class='ez-toc-page-1 ez-toc-heading-level-3'><a class=\"ez-toc-link ez-toc-heading-3\" href=\"https:\/\/www.znakowo.pl\/blog\/oznakowanie-progow-zwalniajacych\/#Progi_zwalniajace_a_ograniczenie_predkosci\" >Progi zwalniaj\u0105ce a ograniczenie pr\u0119dko\u015bci<\/a><\/li><\/ul><\/li><li class='ez-toc-page-1 ez-toc-heading-level-2'><a class=\"ez-toc-link ez-toc-heading-4\" href=\"https:\/\/www.znakowo.pl\/blog\/oznakowanie-progow-zwalniajacych\/#Oznakowanie_progow_zwalniajacych_%E2%80%93_znak_poziomy_P-25_i_elementy_odblaskowe\" >Oznakowanie prog\u00f3w zwalniaj\u0105cych \u2013 znak poziomy P-25 i elementy odblaskowe<\/a><ul class='ez-toc-list-level-3' ><li class='ez-toc-heading-level-3'><a class=\"ez-toc-link ez-toc-heading-5\" href=\"https:\/\/www.znakowo.pl\/blog\/oznakowanie-progow-zwalniajacych\/#Punktowe_elementy_odblaskowe\" >Punktowe elementy odblaskowe<\/a><\/li><li class='ez-toc-page-1 ez-toc-heading-level-3'><a class=\"ez-toc-link ez-toc-heading-6\" href=\"https:\/\/www.znakowo.pl\/blog\/oznakowanie-progow-zwalniajacych\/#Oznakowanie_progow_zwalniajacych_na_ktorych_wyznaczono_przejscie_dla_pieszych\" >Oznakowanie prog\u00f3w zwalniaj\u0105cych, na kt\u00f3rych wyznaczono przej\u015bcie dla pieszych<\/a><\/li><\/ul><\/li><\/ul><\/nav><\/div>\n<h2 class=\"wp-block-heading\"><span class=\"ez-toc-section\" id=\"Znaki_pionowe\"><\/span>Znaki pionowe<span class=\"ez-toc-section-end\"><\/span><\/h2>\n\n\n\n<h3 class=\"wp-block-heading\"><span class=\"ez-toc-section\" id=\"Znak_A-11a_%E2%80%9Eprog_zwalniajacy%E2%80%9D\"><\/span>Znak A-11a \u201epr\u00f3g zwalniaj\u0105cy\u201d<span class=\"ez-toc-section-end\"><\/span><\/h3>\n\n\n\n<div class=\"product-big\">\r\n    <div class=\"col-xs-12 col-md-5\">\r\n        <div class=\"product-big-img\"> \r\n                        <a href=\"https:\/\/www.znakowo.pl\/produkt\/znak-a-11a-prog-zwalniajacy-drogowy-ostrzegawczy,sfa-11a,2237.html\" \/><img decoding=\"async\" src=\"https:\/\/tdc.znakowo.pl\/thumbs\/znak-a-11a-prog-zwalniajacy-drogowy-ostrzegawczy-6736-2237-500-500-0.jpg\" alt=\"Znak A-11a Pr\u00f3g zwalniaj\u0105cy - drogowy ostrzegawczy - Oznakowanie prog\u00f3w zwalniaj\u0105cych\" title=\"Znak A-11a Pr\u00f3g zwalniaj\u0105cy - drogowy ostrzegawczy - Oznakowanie prog\u00f3w zwalniaj\u0105cych\" \/><\/a>\r\n        <\/div>  \r\n    <\/div>    \r\n    <div class=\"col-xs-12 col-md-7\">\r\n        <div class=\"product-big-content\">\r\n            <div class=\"product-big-title\">\r\n                <a href=\"https:\/\/www.znakowo.pl\/produkt\/znak-a-11a-prog-zwalniajacy-drogowy-ostrzegawczy,sfa-11a,2237.html\">Znak A-11a Pr\u00f3g zwalniaj\u0105cy - drogowy ostrzegawczy<\/a>\r\n            <\/div>    \r\n            <div class=\"product-big-content\">\r\n                            <\/div>\r\n            <div class=\"product-buttons\">\r\n                                  <a class=\"product-price\">od <span>103,94<\/span> z\u0142<\/a>\r\n                                <a href=\"https:\/\/www.znakowo.pl\/produkt\/znak-a-11a-prog-zwalniajacy-drogowy-ostrzegawczy,sfa-11a,2237.html\" class=\"product-link\">Kup<\/a>\r\n            <\/div>\r\n        <\/div>\r\n    <\/div> \r\n    <div class=\"clearfix\"><\/div>  \r\n<\/div>\r\n\r\n\n\n\n\n<p>Zgodnie z przepisami przed zamontowanymi na jezdni progami powinien by\u0107 zastosowany <a href=\"https:\/\/www.znakowo.pl\/znaki-drogowe-ostrzegawcze-a\/\">znak ostrzegawczy<\/a> A-11a.<\/p>\n\n\n\n<h3 class=\"wp-block-heading\"><span class=\"ez-toc-section\" id=\"Progi_zwalniajace_a_ograniczenie_predkosci\"><\/span>Progi zwalniaj\u0105ce a ograniczenie pr\u0119dko\u015bci<span class=\"ez-toc-section-end\"><\/span><\/h3>\n\n\n\n<p>Na odcinku drogi, na kt\u00f3rym zastosowano progi, pr\u0119dko\u015b\u0107 powinna by\u0107 ograniczona do warto\u015bci, przy kt\u00f3rej nast\u0119puje \u0142agodny przejazd przez urz\u0105dzenie. Wraz ze znakiem A-11a mo\u017ce wiec wyst\u0119powa\u0107 tak\u017ce znak B-33 \u201eograniczenie pr\u0119dko\u015bci\u201d. Je\u015bli jednak pr\u00f3g zwalniaj\u0105cy zamontowany jest w <a href=\"https:\/\/www.znakowo.pl\/blog\/strefa-ograniczonej-predkosci\/\">strefie ograniczonej<\/a> pr\u0119dko\u015bci (znak B-43) lub w <a href=\"https:\/\/www.znakowo.pl\/blog\/strefa-zamieszkania\/\">strefie zamieszkania<\/a> (znak B-40), a przejazd przez urz\u0105dzenie nie mo\u017ce odbywa\u0107 si\u0119 z pr\u0119dko\u015bci\u0105 wi\u0119ksz\u0105 lub r\u00f3wn\u0105 ustalonej dla tej strefy, to w\u00f3wczas mo\u017cna nie stosowa\u0107 znak\u00f3w B-33. Przepisy wskazuj\u0105, \u017ce je\u015bli na danym odcinku obowi\u0105zuje ograniczenie pr\u0119dko\u015bci umo\u017cliwiaj\u0105cej \u0142agodny przejazd przez pr\u00f3g, to przed progiem umieszcza si\u0119 tylko znak A-11a z tabliczk\u0105 T-1, kt\u00f3re okre\u015bla odleg\u0142o\u015b\u0107 od progu. W uzasadnionych przypadkach zaleca si\u0119 stosowanie znaku A-11a z tabliczk\u0105 T-2<\/p>\n\n\n\n<div class=\"product-small-box-content display-flex\">\n          <a href=\"https:\/\/www.znakowo.pl\/produkt\/znak-b-33-ograniczenie-predkosci-drogowy-zakazu,sfb-33,2310.html\" class=\"product-small\">\n          <div class=\"product-small-box\">\n              <div class=\"product-small-img\">\n                                    <img decoding=\"async\" src=\"https:\/\/tdc.znakowo.pl\/thumbs\/znak-b-33-ograniczenie-predkosci-drogowy-zakazu-6813-2310-160-160-0.jpg\" alt=\"Znak B-33 Ograniczenie pr\u0119dko\u015bci - drogowy zakazu - Oznakowanie prog\u00f3w zwalniaj\u0105cych\" title=\"Znak B-33 Ograniczenie pr\u0119dko\u015bci - drogowy zakazu - Oznakowanie prog\u00f3w zwalniaj\u0105cych\" \/>\n              <\/div>\n              <div class=\"product-small-title\">\n                  Znak B-33 Ograniczenie pr\u0119dko\u015bci - drogowy zakazu              <\/div>\n          <\/div>\n      <\/a>    \n            <a href=\"https:\/\/www.znakowo.pl\/produkt\/znak-t-1-odleglosc-znaku-ostrzegawczego-od-miejsca-niebezpiecznego-drogowy-tabliczka,sft-1,2481.html\" class=\"product-small\">\n          <div class=\"product-small-box\">\n              <div class=\"product-small-img\">\n                                    <img decoding=\"async\" src=\"https:\/\/tdc.znakowo.pl\/thumbs\/znak-t-1-odleglosc-znaku-ostrzegawczego-od-miejsca-niebezpiecznego-drogowy-tabliczka-24298-2481-160-160-0.jpg\" alt=\"Znak T-1 Odleg\u0142o\u015b\u0107 znaku ostrzegawczego od miejsca niebezpiecznego - drogowy tabliczka - Oznakowanie prog\u00f3w zwalniaj\u0105cych\" title=\"Znak T-1 Odleg\u0142o\u015b\u0107 znaku ostrzegawczego od miejsca niebezpiecznego - drogowy tabliczka - Oznakowanie prog\u00f3w zwalniaj\u0105cych\" \/>\n              <\/div>\n              <div class=\"product-small-title\">\n                  Znak T-1 Odleg\u0142o\u015b\u0107 znaku ostrzegawczego od miejsca niebezpiecznego - drogowy tabliczka              <\/div>\n          <\/div>\n      <\/a>    \n            <a href=\"https:\/\/www.znakowo.pl\/produkt\/znak-t-2-tabliczka-wskazujaca-dlugosc-odcinka-drogi-na-ktorym-powtarza-sie-lub-wystepuje-niebezpieczenstwo-drogowy,sft-2,2483.html\" class=\"product-small\">\n          <div class=\"product-small-box\">\n              <div class=\"product-small-img\">\n                                    <img decoding=\"async\" src=\"https:\/\/tdc.znakowo.pl\/thumbs\/znak-t-2-tabliczka-wskazujaca-dlugosc-odcinka-drogi-na-ktorym-powtarza-sie-lub-wystepuje-niebezpieczenstwo-drogowy-6958-2483-160-160-0.jpg\" alt=\"Znak T-2 Tabliczka wskazuj\u0105ca d\u0142ugo\u015b\u0107 odcinka drogi, na kt\u00f3rym powtarza si\u0119 lub wyst\u0119puje niebezpiecze\u0144stwo - drogowy - Oznakowanie prog\u00f3w zwalniaj\u0105cych\" title=\"Znak T-2 Tabliczka wskazuj\u0105ca d\u0142ugo\u015b\u0107 odcinka drogi, na kt\u00f3rym powtarza si\u0119 lub wyst\u0119puje niebezpiecze\u0144stwo - drogowy - Oznakowanie prog\u00f3w zwalniaj\u0105cych\" \/>\n              <\/div>\n              <div class=\"product-small-title\">\n                  Znak T-2 Tabliczka wskazuj\u0105ca d\u0142ugo\u015b\u0107 odcinka drogi, na kt\u00f3rym powtarza si\u0119 lub wyst\u0119puje niebezpiecze\u0144stwo - drogowy              <\/div>\n          <\/div>\n      <\/a>    \n        \n    <div class=\"clearfix\"><\/div>    \n<\/div>\n\n\n\n\n<h2 class=\"wp-block-heading\"><span class=\"ez-toc-section\" id=\"Oznakowanie_progow_zwalniajacych_%E2%80%93_znak_poziomy_P-25_i_elementy_odblaskowe\"><\/span>Oznakowanie prog\u00f3w zwalniaj\u0105cych \u2013 znak poziomy P-25 i elementy odblaskowe<span class=\"ez-toc-section-end\"><\/span><\/h2>\n\n\n\n<p>Prawid\u0142owe oznakowanie prog\u00f3w zwalniaj\u0105cych to nie tylko znaki pionowe, ale r\u00f3wnie\u017c poziome. W celu oznaczenia umieszczonego na jezdni progu stosuje si\u0119 znak P-25 \u201epr\u00f3g zwalniaj\u0105cy\u201d. Znak umieszcza si\u0119 na ca\u0142ej szeroko\u015bci powierzchni najazdowej i zjazdowej progu.<\/p>\n\n\n\n<div class=\"product-small-box-content display-flex\">\n          <a href=\"https:\/\/www.znakowo.pl\/produkt\/plytowy-wyspowy-prog-zwalniajacy-konfigurowalny-wymiar-drogowy-przejscie-dla-pieszych,o-pp-100,9235.html\" class=\"product-small\">\n          <div class=\"product-small-box\">\n              <div class=\"product-small-img\">\n                                    <img decoding=\"async\" src=\"https:\/\/tdc.znakowo.pl\/thumbs\/plytowy-wyspowy-prog-zwalniajacy-konfigurowalny-wymiar-drogowy-przejscie-dla-pieszych-22585-9235-160-160-0.jpg\" alt=\"P\u0142ytowy, wyspowy pr\u00f3g zwalniaj\u0105cy - konfigurowalny wymiar - drogowy, przej\u015bcie dla pieszych - Oznakowanie prog\u00f3w zwalniaj\u0105cych\" title=\"P\u0142ytowy, wyspowy pr\u00f3g zwalniaj\u0105cy - konfigurowalny wymiar - drogowy, przej\u015bcie dla pieszych - Oznakowanie prog\u00f3w zwalniaj\u0105cych\" \/>\n              <\/div>\n              <div class=\"product-small-title\">\n                  P\u0142ytowy, wyspowy pr\u00f3g zwalniaj\u0105cy - konfigurowalny wymiar - drogowy, przej\u015bcie dla pieszych              <\/div>\n          <\/div>\n      <\/a>    \n            <a href=\"https:\/\/www.znakowo.pl\/produkt\/prog-zwalniajacy-drogowy-liniowy-listwowy-5cm-najazd-90cm-u-16-pw-90,o-pz90,9593.html\" class=\"product-small\">\n          <div class=\"product-small-box\">\n              <div class=\"product-small-img\">\n                                    <img decoding=\"async\" src=\"https:\/\/tdc.znakowo.pl\/thumbs\/prog-zwalniajacy-drogowy-liniowy-listwowy-5cm-najazd-90cm-u-16-pw-90-24679-9593-160-160-0.jpg\" alt=\"Pr\u00f3g zwalniaj\u0105cy drogowy - liniowy, listwowy 5cm, najazd 90cm - U-16 PW-90 - Oznakowanie prog\u00f3w zwalniaj\u0105cych\" title=\"Pr\u00f3g zwalniaj\u0105cy drogowy - liniowy, listwowy 5cm, najazd 90cm - U-16 PW-90 - Oznakowanie prog\u00f3w zwalniaj\u0105cych\" \/>\n              <\/div>\n              <div class=\"product-small-title\">\n                  Pr\u00f3g zwalniaj\u0105cy drogowy - liniowy, listwowy 5cm, najazd 90cm - U-16 PW-90              <\/div>\n          <\/div>\n      <\/a>    \n            <a href=\"https:\/\/www.znakowo.pl\/produkt\/plytowy-wyspowy-prog-zwalniajacy-200x180x65cm-drogowy-isle-4,isle-4,9034.html\" class=\"product-small\">\n          <div class=\"product-small-box\">\n              <div class=\"product-small-img\">\n                                    <img decoding=\"async\" src=\"https:\/\/tdc.znakowo.pl\/thumbs\/plytowy-wyspowy-prog-zwalniajacy-200x180x65cm-drogowy-isle-4-22717-9034-160-160-0.jpg\" alt=\"P\u0142ytowy, wyspowy pr\u00f3g zwalniaj\u0105cy - 200x180x6,5cm - drogowy ISLE 4 - Oznakowanie prog\u00f3w zwalniaj\u0105cych\" title=\"P\u0142ytowy, wyspowy pr\u00f3g zwalniaj\u0105cy - 200x180x6,5cm - drogowy ISLE 4 - Oznakowanie prog\u00f3w zwalniaj\u0105cych\" \/>\n              <\/div>\n              <div class=\"product-small-title\">\n                  P\u0142ytowy, wyspowy pr\u00f3g zwalniaj\u0105cy - 200x180x6,5cm - drogowy ISLE 4              <\/div>\n          <\/div>\n      <\/a>    \n        \n    <div class=\"clearfix\"><\/div>    \n<\/div>\n\n\n\n\n<h3 class=\"wp-block-heading\"><span class=\"ez-toc-section\" id=\"Punktowe_elementy_odblaskowe\"><\/span>Punktowe elementy odblaskowe<span class=\"ez-toc-section-end\"><\/span><\/h3>\n\n\n\n<p>W celu zwi\u0119kszenia widoczno\u015bci urz\u0105dzenia spowalniaj\u0105cego mo\u017cna stosowa\u0107 bia\u0142e elementy odblaskowe (min. 4 elementy) \u2013 na nawierzchni jezdni, w odleg\u0142o\u015bci 1 m przed progiem. <a href=\"https:\/\/www.znakowo.pl\/kocie-oczka-drogowe-punktowe-elementy-odblaskowe-na-jezdnie\/\">Punktowe elementy odblaskowe<\/a> sytuuje si\u0119 liniowo, r\u00f3wnolegle do osi progu.<\/p>\n\n\n\n<h3 class=\"wp-block-heading\"><span class=\"ez-toc-section\" id=\"Oznakowanie_progow_zwalniajacych_na_ktorych_wyznaczono_przejscie_dla_pieszych\"><\/span>Oznakowanie prog\u00f3w zwalniaj\u0105cych, na kt\u00f3rych wyznaczono przej\u015bcie dla pieszych<span class=\"ez-toc-section-end\"><\/span><\/h3>\n\n\n\n<p>Je\u015bli na progu wyznaczono przej\u015bcie dla pieszych lub przejazd dla rowerzyst\u00f3w, na powierzchni progu umieszcza si\u0119 znak poziomy P-10 lub P-11. Zewn\u0119trzna kraw\u0119d\u017a znaku P-10 lub P-11 powinna w\u00f3wczas znajdowa\u0107 si\u0119 w odleg\u0142o\u015bci nie mniejszej ni\u017c 0,1 m od kraw\u0119dzi p\u0142askiej powierzchni tego progu.<\/p>\n","protected":false},"excerpt":{"rendered":"<p>Progi zwalniaj\u0105ce stosuje si\u0119 do wymuszenia ograniczenia pr\u0119dko\u015bci samochod\u00f3w. Sprawdzamy, jak powinno wygl\u0105da\u0107 prawid\u0142owe oznakowanie prog\u00f3w zwalniaj\u0105cych.<\/p>\n","protected":false},"author":3,"featured_media":5978,"comment_status":"closed","ping_status":"closed","sticky":false,"template":"","format":"standard","meta":{"_acf_changed":false,"footnotes":""},"categories":[657],"tags":[],"class_list":["post-5963","post","type-post","status-publish","format-standard","has-post-thumbnail","hentry","category-bezpieczenstwo-ruchu-drogowego"],"acf":[],"yoast_head":"<!-- This site is optimized with the Yoast SEO plugin v27.4 - https:\/\/yoast.com\/product\/yoast-seo-wordpress\/ -->\n<title>Oznakowanie prog\u00f3w zwalniaj\u0105cych<\/title>\n<meta name=\"description\" content=\"Prawid\u0142owe oznakowanie prog\u00f3w zwalniaj\u0105cych. Jakie znaki pionowe i jakie znaki poziome stosuje si\u0119 do oznakowania spowalniaczy?\" \/>\n<meta name=\"robots\" content=\"index, follow, max-snippet:-1, max-image-preview:large, max-video-preview:-1\" \/>\n<link rel=\"canonical\" href=\"https:\/\/www.znakowo.pl\/blog\/oznakowanie-progow-zwalniajacych\/\" \/>\n<meta property=\"og:locale\" content=\"pl_PL\" \/>\n<meta property=\"og:type\" content=\"article\" \/>\n<meta property=\"og:title\" content=\"Oznakowanie prog\u00f3w zwalniaj\u0105cych\" \/>\n<meta property=\"og:description\" content=\"Prawid\u0142owe oznakowanie prog\u00f3w zwalniaj\u0105cych. Jakie znaki pionowe i jakie znaki poziome stosuje si\u0119 do oznakowania spowalniaczy?\" \/>\n<meta property=\"og:url\" content=\"https:\/\/www.znakowo.pl\/blog\/oznakowanie-progow-zwalniajacych\/\" \/>\n<meta property=\"og:site_name\" content=\"Blog znakowo.pl\" \/>\n<meta property=\"article:publisher\" content=\"https:\/\/www.facebook.com\/Znakowo\/\" \/>\n<meta property=\"article:published_time\" content=\"2023-09-28T12:48:36+00:00\" \/>\n<meta property=\"article:modified_time\" content=\"2023-09-28T12:48:37+00:00\" \/>\n<meta property=\"og:image\" content=\"https:\/\/www.znakowo.pl\/blog\/wp-content\/uploads\/2023\/09\/car-artificial-unevenness-reduce-speed-road-scaled.jpg\" \/>\n\t<meta property=\"og:image:width\" content=\"2560\" \/>\n\t<meta property=\"og:image:height\" content=\"1707\" \/>\n\t<meta property=\"og:image:type\" content=\"image\/jpeg\" \/>\n<meta name=\"author\" content=\"Julita Krzemi\u0144ska\" \/>\n<meta name=\"twitter:card\" content=\"summary_large_image\" \/>\n<meta name=\"twitter:label1\" content=\"Napisane przez\" \/>\n\t<meta name=\"twitter:data1\" content=\"Julita Krzemi\u0144ska\" \/>\n\t<meta name=\"twitter:label2\" content=\"Szacowany czas czytania\" \/>\n\t<meta name=\"twitter:data2\" content=\"2 minuty\" \/>\n<script type=\"application\/ld+json\" class=\"yoast-schema-graph\">{\"@context\":\"https:\\\/\\\/schema.org\",\"@graph\":[{\"@type\":\"Article\",\"@id\":\"https:\\\/\\\/www.znakowo.pl\\\/blog\\\/oznakowanie-progow-zwalniajacych\\\/#article\",\"isPartOf\":{\"@id\":\"https:\\\/\\\/www.znakowo.pl\\\/blog\\\/oznakowanie-progow-zwalniajacych\\\/\"},\"author\":{\"name\":\"Julita Krzemi\u0144ska\",\"@id\":\"https:\\\/\\\/www.znakowo.pl\\\/blog\\\/#\\\/schema\\\/person\\\/a29ddb53515b4cfd337f1582146267d9\"},\"headline\":\"Oznakowanie prog\u00f3w zwalniaj\u0105cych\",\"datePublished\":\"2023-09-28T12:48:36+00:00\",\"dateModified\":\"2023-09-28T12:48:37+00:00\",\"mainEntityOfPage\":{\"@id\":\"https:\\\/\\\/www.znakowo.pl\\\/blog\\\/oznakowanie-progow-zwalniajacych\\\/\"},\"wordCount\":392,\"publisher\":{\"@id\":\"https:\\\/\\\/www.znakowo.pl\\\/blog\\\/#organization\"},\"image\":{\"@id\":\"https:\\\/\\\/www.znakowo.pl\\\/blog\\\/oznakowanie-progow-zwalniajacych\\\/#primaryimage\"},\"thumbnailUrl\":\"https:\\\/\\\/www.znakowo.pl\\\/blog\\\/wp-content\\\/uploads\\\/2023\\\/09\\\/car-artificial-unevenness-reduce-speed-road-scaled.jpg\",\"articleSection\":[\"Bezpiecze\u0144stwo ruchu drogowego\"],\"inLanguage\":\"pl-PL\"},{\"@type\":\"WebPage\",\"@id\":\"https:\\\/\\\/www.znakowo.pl\\\/blog\\\/oznakowanie-progow-zwalniajacych\\\/\",\"url\":\"https:\\\/\\\/www.znakowo.pl\\\/blog\\\/oznakowanie-progow-zwalniajacych\\\/\",\"name\":\"Oznakowanie prog\u00f3w zwalniaj\u0105cych\",\"isPartOf\":{\"@id\":\"https:\\\/\\\/www.znakowo.pl\\\/blog\\\/#website\"},\"primaryImageOfPage\":{\"@id\":\"https:\\\/\\\/www.znakowo.pl\\\/blog\\\/oznakowanie-progow-zwalniajacych\\\/#primaryimage\"},\"image\":{\"@id\":\"https:\\\/\\\/www.znakowo.pl\\\/blog\\\/oznakowanie-progow-zwalniajacych\\\/#primaryimage\"},\"thumbnailUrl\":\"https:\\\/\\\/www.znakowo.pl\\\/blog\\\/wp-content\\\/uploads\\\/2023\\\/09\\\/car-artificial-unevenness-reduce-speed-road-scaled.jpg\",\"datePublished\":\"2023-09-28T12:48:36+00:00\",\"dateModified\":\"2023-09-28T12:48:37+00:00\",\"description\":\"Prawid\u0142owe oznakowanie prog\u00f3w zwalniaj\u0105cych. Jakie znaki pionowe i jakie znaki poziome stosuje si\u0119 do oznakowania spowalniaczy?\",\"breadcrumb\":{\"@id\":\"https:\\\/\\\/www.znakowo.pl\\\/blog\\\/oznakowanie-progow-zwalniajacych\\\/#breadcrumb\"},\"inLanguage\":\"pl-PL\",\"potentialAction\":[{\"@type\":\"ReadAction\",\"target\":[\"https:\\\/\\\/www.znakowo.pl\\\/blog\\\/oznakowanie-progow-zwalniajacych\\\/\"]}]},{\"@type\":\"ImageObject\",\"inLanguage\":\"pl-PL\",\"@id\":\"https:\\\/\\\/www.znakowo.pl\\\/blog\\\/oznakowanie-progow-zwalniajacych\\\/#primaryimage\",\"url\":\"https:\\\/\\\/www.znakowo.pl\\\/blog\\\/wp-content\\\/uploads\\\/2023\\\/09\\\/car-artificial-unevenness-reduce-speed-road-scaled.jpg\",\"contentUrl\":\"https:\\\/\\\/www.znakowo.pl\\\/blog\\\/wp-content\\\/uploads\\\/2023\\\/09\\\/car-artificial-unevenness-reduce-speed-road-scaled.jpg\",\"width\":2560,\"height\":1707,\"caption\":\"Oznakowanie progow zwalniajacych\"},{\"@type\":\"BreadcrumbList\",\"@id\":\"https:\\\/\\\/www.znakowo.pl\\\/blog\\\/oznakowanie-progow-zwalniajacych\\\/#breadcrumb\",\"itemListElement\":[{\"@type\":\"ListItem\",\"position\":1,\"name\":\"Strona g\u0142\u00f3wna\",\"item\":\"https:\\\/\\\/www.znakowo.pl\\\/blog\\\/\"},{\"@type\":\"ListItem\",\"position\":2,\"name\":\"Oznakowanie prog\u00f3w zwalniaj\u0105cych\"}]},{\"@type\":\"WebSite\",\"@id\":\"https:\\\/\\\/www.znakowo.pl\\\/blog\\\/#website\",\"url\":\"https:\\\/\\\/www.znakowo.pl\\\/blog\\\/\",\"name\":\"Blog znakowo.pl\",\"description\":\"\",\"publisher\":{\"@id\":\"https:\\\/\\\/www.znakowo.pl\\\/blog\\\/#organization\"},\"potentialAction\":[{\"@type\":\"SearchAction\",\"target\":{\"@type\":\"EntryPoint\",\"urlTemplate\":\"https:\\\/\\\/www.znakowo.pl\\\/blog\\\/?s={search_term_string}\"},\"query-input\":{\"@type\":\"PropertyValueSpecification\",\"valueRequired\":true,\"valueName\":\"search_term_string\"}}],\"inLanguage\":\"pl-PL\"},{\"@type\":\"Organization\",\"@id\":\"https:\\\/\\\/www.znakowo.pl\\\/blog\\\/#organization\",\"name\":\"Znakowo.pl\",\"url\":\"https:\\\/\\\/www.znakowo.pl\\\/blog\\\/\",\"logo\":{\"@type\":\"ImageObject\",\"inLanguage\":\"pl-PL\",\"@id\":\"https:\\\/\\\/www.znakowo.pl\\\/blog\\\/#\\\/schema\\\/logo\\\/image\\\/\",\"url\":\"https:\\\/\\\/www.znakowo.pl\\\/blog\\\/wp-content\\\/uploads\\\/2017\\\/05\\\/logo_1.png\",\"contentUrl\":\"https:\\\/\\\/www.znakowo.pl\\\/blog\\\/wp-content\\\/uploads\\\/2017\\\/05\\\/logo_1.png\",\"width\":277,\"height\":94,\"caption\":\"Znakowo.pl\"},\"image\":{\"@id\":\"https:\\\/\\\/www.znakowo.pl\\\/blog\\\/#\\\/schema\\\/logo\\\/image\\\/\"},\"sameAs\":[\"https:\\\/\\\/www.facebook.com\\\/Znakowo\\\/\"]},{\"@type\":\"Person\",\"@id\":\"https:\\\/\\\/www.znakowo.pl\\\/blog\\\/#\\\/schema\\\/person\\\/a29ddb53515b4cfd337f1582146267d9\",\"name\":\"Julita Krzemi\u0144ska\",\"image\":{\"@type\":\"ImageObject\",\"inLanguage\":\"pl-PL\",\"@id\":\"https:\\\/\\\/secure.gravatar.com\\\/avatar\\\/e6adac54b1d18b21f8567cc6208ef43409e661f1070cf8be2e6912306b99d439?s=96&d=mm&r=g\",\"url\":\"https:\\\/\\\/secure.gravatar.com\\\/avatar\\\/e6adac54b1d18b21f8567cc6208ef43409e661f1070cf8be2e6912306b99d439?s=96&d=mm&r=g\",\"contentUrl\":\"https:\\\/\\\/secure.gravatar.com\\\/avatar\\\/e6adac54b1d18b21f8567cc6208ef43409e661f1070cf8be2e6912306b99d439?s=96&d=mm&r=g\",\"caption\":\"Julita Krzemi\u0144ska\"},\"url\":\"https:\\\/\\\/www.znakowo.pl\\\/blog\\\/author\\\/jkrzeminska\\\/\"}]}<\/script>\n<!-- \/ Yoast SEO plugin. -->","yoast_head_json":{"title":"Oznakowanie prog\u00f3w zwalniaj\u0105cych","description":"Prawid\u0142owe oznakowanie prog\u00f3w zwalniaj\u0105cych. Jakie znaki pionowe i jakie znaki poziome stosuje si\u0119 do oznakowania spowalniaczy?","robots":{"index":"index","follow":"follow","max-snippet":"max-snippet:-1","max-image-preview":"max-image-preview:large","max-video-preview":"max-video-preview:-1"},"canonical":"https:\/\/www.znakowo.pl\/blog\/oznakowanie-progow-zwalniajacych\/","og_locale":"pl_PL","og_type":"article","og_title":"Oznakowanie prog\u00f3w zwalniaj\u0105cych","og_description":"Prawid\u0142owe oznakowanie prog\u00f3w zwalniaj\u0105cych. Jakie znaki pionowe i jakie znaki poziome stosuje si\u0119 do oznakowania spowalniaczy?","og_url":"https:\/\/www.znakowo.pl\/blog\/oznakowanie-progow-zwalniajacych\/","og_site_name":"Blog znakowo.pl","article_publisher":"https:\/\/www.facebook.com\/Znakowo\/","article_published_time":"2023-09-28T12:48:36+00:00","article_modified_time":"2023-09-28T12:48:37+00:00","og_image":[{"width":2560,"height":1707,"url":"https:\/\/www.znakowo.pl\/blog\/wp-content\/uploads\/2023\/09\/car-artificial-unevenness-reduce-speed-road-scaled.jpg","type":"image\/jpeg"}],"author":"Julita Krzemi\u0144ska","twitter_card":"summary_large_image","twitter_misc":{"Napisane przez":"Julita Krzemi\u0144ska","Szacowany czas czytania":"2 minuty"},"schema":{"@context":"https:\/\/schema.org","@graph":[{"@type":"Article","@id":"https:\/\/www.znakowo.pl\/blog\/oznakowanie-progow-zwalniajacych\/#article","isPartOf":{"@id":"https:\/\/www.znakowo.pl\/blog\/oznakowanie-progow-zwalniajacych\/"},"author":{"name":"Julita Krzemi\u0144ska","@id":"https:\/\/www.znakowo.pl\/blog\/#\/schema\/person\/a29ddb53515b4cfd337f1582146267d9"},"headline":"Oznakowanie prog\u00f3w zwalniaj\u0105cych","datePublished":"2023-09-28T12:48:36+00:00","dateModified":"2023-09-28T12:48:37+00:00","mainEntityOfPage":{"@id":"https:\/\/www.znakowo.pl\/blog\/oznakowanie-progow-zwalniajacych\/"},"wordCount":392,"publisher":{"@id":"https:\/\/www.znakowo.pl\/blog\/#organization"},"image":{"@id":"https:\/\/www.znakowo.pl\/blog\/oznakowanie-progow-zwalniajacych\/#primaryimage"},"thumbnailUrl":"https:\/\/www.znakowo.pl\/blog\/wp-content\/uploads\/2023\/09\/car-artificial-unevenness-reduce-speed-road-scaled.jpg","articleSection":["Bezpiecze\u0144stwo ruchu drogowego"],"inLanguage":"pl-PL"},{"@type":"WebPage","@id":"https:\/\/www.znakowo.pl\/blog\/oznakowanie-progow-zwalniajacych\/","url":"https:\/\/www.znakowo.pl\/blog\/oznakowanie-progow-zwalniajacych\/","name":"Oznakowanie prog\u00f3w zwalniaj\u0105cych","isPartOf":{"@id":"https:\/\/www.znakowo.pl\/blog\/#website"},"primaryImageOfPage":{"@id":"https:\/\/www.znakowo.pl\/blog\/oznakowanie-progow-zwalniajacych\/#primaryimage"},"image":{"@id":"https:\/\/www.znakowo.pl\/blog\/oznakowanie-progow-zwalniajacych\/#primaryimage"},"thumbnailUrl":"https:\/\/www.znakowo.pl\/blog\/wp-content\/uploads\/2023\/09\/car-artificial-unevenness-reduce-speed-road-scaled.jpg","datePublished":"2023-09-28T12:48:36+00:00","dateModified":"2023-09-28T12:48:37+00:00","description":"Prawid\u0142owe oznakowanie prog\u00f3w zwalniaj\u0105cych. Jakie znaki pionowe i jakie znaki poziome stosuje si\u0119 do oznakowania spowalniaczy?","breadcrumb":{"@id":"https:\/\/www.znakowo.pl\/blog\/oznakowanie-progow-zwalniajacych\/#breadcrumb"},"inLanguage":"pl-PL","potentialAction":[{"@type":"ReadAction","target":["https:\/\/www.znakowo.pl\/blog\/oznakowanie-progow-zwalniajacych\/"]}]},{"@type":"ImageObject","inLanguage":"pl-PL","@id":"https:\/\/www.znakowo.pl\/blog\/oznakowanie-progow-zwalniajacych\/#primaryimage","url":"https:\/\/www.znakowo.pl\/blog\/wp-content\/uploads\/2023\/09\/car-artificial-unevenness-reduce-speed-road-scaled.jpg","contentUrl":"https:\/\/www.znakowo.pl\/blog\/wp-content\/uploads\/2023\/09\/car-artificial-unevenness-reduce-speed-road-scaled.jpg","width":2560,"height":1707,"caption":"Oznakowanie progow zwalniajacych"},{"@type":"BreadcrumbList","@id":"https:\/\/www.znakowo.pl\/blog\/oznakowanie-progow-zwalniajacych\/#breadcrumb","itemListElement":[{"@type":"ListItem","position":1,"name":"Strona g\u0142\u00f3wna","item":"https:\/\/www.znakowo.pl\/blog\/"},{"@type":"ListItem","position":2,"name":"Oznakowanie prog\u00f3w zwalniaj\u0105cych"}]},{"@type":"WebSite","@id":"https:\/\/www.znakowo.pl\/blog\/#website","url":"https:\/\/www.znakowo.pl\/blog\/","name":"Blog znakowo.pl","description":"","publisher":{"@id":"https:\/\/www.znakowo.pl\/blog\/#organization"},"potentialAction":[{"@type":"SearchAction","target":{"@type":"EntryPoint","urlTemplate":"https:\/\/www.znakowo.pl\/blog\/?s={search_term_string}"},"query-input":{"@type":"PropertyValueSpecification","valueRequired":true,"valueName":"search_term_string"}}],"inLanguage":"pl-PL"},{"@type":"Organization","@id":"https:\/\/www.znakowo.pl\/blog\/#organization","name":"Znakowo.pl","url":"https:\/\/www.znakowo.pl\/blog\/","logo":{"@type":"ImageObject","inLanguage":"pl-PL","@id":"https:\/\/www.znakowo.pl\/blog\/#\/schema\/logo\/image\/","url":"https:\/\/www.znakowo.pl\/blog\/wp-content\/uploads\/2017\/05\/logo_1.png","contentUrl":"https:\/\/www.znakowo.pl\/blog\/wp-content\/uploads\/2017\/05\/logo_1.png","width":277,"height":94,"caption":"Znakowo.pl"},"image":{"@id":"https:\/\/www.znakowo.pl\/blog\/#\/schema\/logo\/image\/"},"sameAs":["https:\/\/www.facebook.com\/Znakowo\/"]},{"@type":"Person","@id":"https:\/\/www.znakowo.pl\/blog\/#\/schema\/person\/a29ddb53515b4cfd337f1582146267d9","name":"Julita Krzemi\u0144ska","image":{"@type":"ImageObject","inLanguage":"pl-PL","@id":"https:\/\/secure.gravatar.com\/avatar\/e6adac54b1d18b21f8567cc6208ef43409e661f1070cf8be2e6912306b99d439?s=96&d=mm&r=g","url":"https:\/\/secure.gravatar.com\/avatar\/e6adac54b1d18b21f8567cc6208ef43409e661f1070cf8be2e6912306b99d439?s=96&d=mm&r=g","contentUrl":"https:\/\/secure.gravatar.com\/avatar\/e6adac54b1d18b21f8567cc6208ef43409e661f1070cf8be2e6912306b99d439?s=96&d=mm&r=g","caption":"Julita Krzemi\u0144ska"},"url":"https:\/\/www.znakowo.pl\/blog\/author\/jkrzeminska\/"}]}},"_links":{"self":[{"href":"https:\/\/www.znakowo.pl\/blog\/wp-json\/wp\/v2\/posts\/5963","targetHints":{"allow":["GET"]}}],"collection":[{"href":"https:\/\/www.znakowo.pl\/blog\/wp-json\/wp\/v2\/posts"}],"about":[{"href":"https:\/\/www.znakowo.pl\/blog\/wp-json\/wp\/v2\/types\/post"}],"author":[{"embeddable":true,"href":"https:\/\/www.znakowo.pl\/blog\/wp-json\/wp\/v2\/users\/3"}],"replies":[{"embeddable":true,"href":"https:\/\/www.znakowo.pl\/blog\/wp-json\/wp\/v2\/comments?post=5963"}],"version-history":[{"count":2,"href":"https:\/\/www.znakowo.pl\/blog\/wp-json\/wp\/v2\/posts\/5963\/revisions"}],"predecessor-version":[{"id":5965,"href":"https:\/\/www.znakowo.pl\/blog\/wp-json\/wp\/v2\/posts\/5963\/revisions\/5965"}],"wp:featuredmedia":[{"embeddable":true,"href":"https:\/\/www.znakowo.pl\/blog\/wp-json\/wp\/v2\/media\/5978"}],"wp:attachment":[{"href":"https:\/\/www.znakowo.pl\/blog\/wp-json\/wp\/v2\/media?parent=5963"}],"wp:term":[{"taxonomy":"category","embeddable":true,"href":"https:\/\/www.znakowo.pl\/blog\/wp-json\/wp\/v2\/categories?post=5963"},{"taxonomy":"post_tag","embeddable":true,"href":"https:\/\/www.znakowo.pl\/blog\/wp-json\/wp\/v2\/tags?post=5963"}],"curies":[{"name":"wp","href":"https:\/\/api.w.org\/{rel}","templated":true}]}}