{"id":6006,"date":"2023-10-18T16:18:12","date_gmt":"2023-10-18T14:18:12","guid":{"rendered":"https:\/\/www.znakowo.pl\/blog\/?p=6006"},"modified":"2023-10-23T09:31:30","modified_gmt":"2023-10-23T07:31:30","slug":"tasmy-odblaskowe-a-fotoluminescencyjne","status":"publish","type":"post","link":"https:\/\/www.znakowo.pl\/blog\/tasmy-odblaskowe-a-fotoluminescencyjne\/","title":{"rendered":"Ta\u015bmy odblaskowe a fotoluminescencyjne"},"content":{"rendered":"\n<p>Ta\u015bmy ostrzegawcze to uniwersalny produkt, kt\u00f3ry znajduje zastosowanie w r\u00f3\u017cnych miejscach i sytuacjach. Sprawdzamy, jakie s\u0105 rodzaje ta\u015bm ostrzegawczych BHP. Przygl\u0105damy si\u0119 r\u00f3wnie\u017c zagadnieniu: ta\u015bmy odblaskowe a fotoluminescencyjne. Sprawd\u017a, czym si\u0119 r\u00f3\u017cni\u0105.<\/p>\n\n\n<p><!--more--><\/p>\n\n\n<div id=\"ez-toc-container\" class=\"ez-toc-v2_0_82_2 counter-hierarchy ez-toc-counter ez-toc-grey ez-toc-container-direction\">\n<div class=\"ez-toc-title-container\">\n<p class=\"ez-toc-title\" style=\"cursor:inherit\">Spis tre\u015bci<\/p>\n<span class=\"ez-toc-title-toggle\"><a href=\"#\" class=\"ez-toc-pull-right ez-toc-btn ez-toc-btn-xs ez-toc-btn-default ez-toc-toggle\" aria-label=\"Prze\u0142\u0105cznik Spisu Tre\u015bci\"><span class=\"ez-toc-js-icon-con\"><span class=\"\"><span class=\"eztoc-hide\" style=\"display:none;\">Toggle<\/span><span class=\"ez-toc-icon-toggle-span\"><svg style=\"fill: #999;color:#999\" xmlns=\"http:\/\/www.w3.org\/2000\/svg\" class=\"list-377408\" width=\"20px\" height=\"20px\" viewBox=\"0 0 24 24\" fill=\"none\"><path d=\"M6 6H4v2h2V6zm14 0H8v2h12V6zM4 11h2v2H4v-2zm16 0H8v2h12v-2zM4 16h2v2H4v-2zm16 0H8v2h12v-2z\" fill=\"currentColor\"><\/path><\/svg><svg style=\"fill: #999;color:#999\" class=\"arrow-unsorted-368013\" xmlns=\"http:\/\/www.w3.org\/2000\/svg\" width=\"10px\" height=\"10px\" viewBox=\"0 0 24 24\" version=\"1.2\" baseProfile=\"tiny\"><path d=\"M18.2 9.3l-6.2-6.3-6.2 6.3c-.2.2-.3.4-.3.7s.1.5.3.7c.2.2.4.3.7.3h11c.3 0 .5-.1.7-.3.2-.2.3-.5.3-.7s-.1-.5-.3-.7zM5.8 14.7l6.2 6.3 6.2-6.3c.2-.2.3-.5.3-.7s-.1-.5-.3-.7c-.2-.2-.4-.3-.7-.3h-11c-.3 0-.5.1-.7.3-.2.2-.3.5-.3.7s.1.5.3.7z\"\/><\/svg><\/span><\/span><\/span><\/a><\/span><\/div>\n<nav><ul class='ez-toc-list ez-toc-list-level-1 ' ><li class='ez-toc-page-1 ez-toc-heading-level-2'><a class=\"ez-toc-link ez-toc-heading-1\" href=\"https:\/\/www.znakowo.pl\/blog\/tasmy-odblaskowe-a-fotoluminescencyjne\/#Rodzaje_i_zastosowanie_tasm_ostrzegawczych_BHP\" >Rodzaje i zastosowanie ta\u015bm ostrzegawczych BHP<\/a><\/li><li class='ez-toc-page-1 ez-toc-heading-level-2'><a class=\"ez-toc-link ez-toc-heading-2\" href=\"https:\/\/www.znakowo.pl\/blog\/tasmy-odblaskowe-a-fotoluminescencyjne\/#Tasmy_odblaskowe_a_fotoluminescencyjne_%E2%80%93_czym_sie_roznia\" >Ta\u015bmy odblaskowe a fotoluminescencyjne \u2013 czym si\u0119 r\u00f3\u017cni\u0105?<\/a><ul class='ez-toc-list-level-3' ><li class='ez-toc-heading-level-3'><a class=\"ez-toc-link ez-toc-heading-3\" href=\"https:\/\/www.znakowo.pl\/blog\/tasmy-odblaskowe-a-fotoluminescencyjne\/#Tasmy_odblaskowe\" >Ta\u015bmy odblaskowe<\/a><\/li><li class='ez-toc-page-1 ez-toc-heading-level-3'><a class=\"ez-toc-link ez-toc-heading-4\" href=\"https:\/\/www.znakowo.pl\/blog\/tasmy-odblaskowe-a-fotoluminescencyjne\/#Tasmy_fotoluminescencyjne\" >Ta\u015bmy fotoluminescencyjne<\/a><\/li><\/ul><\/li><\/ul><\/nav><\/div>\n<h2 class=\"wp-block-heading\"><span class=\"ez-toc-section\" id=\"Rodzaje_i_zastosowanie_tasm_ostrzegawczych_BHP\"><\/span>Rodzaje i zastosowanie ta\u015bm ostrzegawczych BHP<span class=\"ez-toc-section-end\"><\/span><\/h2>\n\n\n\n<p>Ta\u015bmy ostrzegawcze BHP stosowane s\u0105 w miejscach pracy, w przestrzeniach publicznych itp. Wykorzystywane s\u0105 przede wszystkim do oznaczania potencjalnych zagro\u017ce\u0144. Dzi\u0119ki temu obszary te s\u0105 dla u\u017cytkownik\u00f3w lepiej widoczne, co przyczynia si\u0119 do poprawy bezpiecze\u0144stwa. &nbsp;<\/p>\n\n\n\n<div class=\"product-small-box-content display-flex\">\n          <a href=\"https:\/\/www.znakowo.pl\/produkt\/tasma-antyposlizgowa-samoprzylepna-na-podloge-25510-cm-x-18m-bialo-czerwona,ep_ap9,10261.html\" class=\"product-small\">\n          <div class=\"product-small-box\">\n              <div class=\"product-small-img\">\n                                    <img decoding=\"async\" src=\"https:\/\/tdc.znakowo.pl\/thumbs\/tasma-antyposlizgowa-samoprzylepna-na-podloge-25510-cm-x-18m-bialo-czerwona-24075-10261-160-160-0.jpg\" alt=\"Ta\u015bma antypo\u015blizgowa samoprzylepna na pod\u0142og\u0119 2,5\/5\/10 cm x 18m - bia\u0142o-czerwona - Ta\u015bmy odblaskowe a fotoluminescencyjne\" title=\"Ta\u015bma antypo\u015blizgowa samoprzylepna na pod\u0142og\u0119 2,5\/5\/10 cm x 18m - bia\u0142o-czerwona - Ta\u015bmy odblaskowe a fotoluminescencyjne\" \/>\n              <\/div>\n              <div class=\"product-small-title\">\n                  Ta\u015bma antypo\u015blizgowa samoprzylepna na pod\u0142og\u0119 2,5\/5\/10 cm x 18m - bia\u0142o-czerwona              <\/div>\n          <\/div>\n      <\/a>    \n            <a href=\"https:\/\/www.znakowo.pl\/produkt\/tasma-samoprzylepna-na-podloge-510-cm-x-33m-zolto-czarna,ep_sp6,9959.html\" class=\"product-small\">\n          <div class=\"product-small-box\">\n              <div class=\"product-small-img\">\n                                    <img decoding=\"async\" src=\"https:\/\/tdc.znakowo.pl\/thumbs\/tasma-winylowa-zolto-czarna-24859-9959-160-160-0.jpg\" alt=\"Ta\u015bma samoprzylepna na pod\u0142og\u0119 5\/10 cm x 33m - \u017c\u00f3\u0142to-czarna - Ta\u015bmy odblaskowe a fotoluminescencyjne\" title=\"Ta\u015bma samoprzylepna na pod\u0142og\u0119 5\/10 cm x 33m - \u017c\u00f3\u0142to-czarna - Ta\u015bmy odblaskowe a fotoluminescencyjne\" \/>\n              <\/div>\n              <div class=\"product-small-title\">\n                  Ta\u015bma samoprzylepna na pod\u0142og\u0119 5\/10 cm x 33m - \u017c\u00f3\u0142to-czarna              <\/div>\n          <\/div>\n      <\/a>    \n            <a href=\"https:\/\/www.znakowo.pl\/produkt\/tasma-samoprzylepna-do-znakow-podlogowych-5cm-x-45m,zp-tasma,9379.html\" class=\"product-small\">\n          <div class=\"product-small-box\">\n              <div class=\"product-small-img\">\n                                    <img decoding=\"async\" src=\"https:\/\/tdc.znakowo.pl\/thumbs\/tasma-samoprzylepna-do-znakow-podlogowych-5cm-x-45m-21041-9379-160-160-0.jpg\" alt=\"Ta\u015bma samoprzylepna do znak\u00f3w pod\u0142ogowych 5cm x 45m - Ta\u015bmy odblaskowe a fotoluminescencyjne\" title=\"Ta\u015bma samoprzylepna do znak\u00f3w pod\u0142ogowych 5cm x 45m - Ta\u015bmy odblaskowe a fotoluminescencyjne\" \/>\n              <\/div>\n              <div class=\"product-small-title\">\n                  Ta\u015bma samoprzylepna do znak\u00f3w pod\u0142ogowych 5cm x 45m              <\/div>\n          <\/div>\n      <\/a>    \n        \n    <div class=\"clearfix\"><\/div>    \n<\/div>\n\n\n\n\n<p><strong>Ta\u015bmy ostrzegawcze sprawdzaj\u0105 si\u0119 m.in. do:<\/strong><\/p>\n\n\n\n<ul class=\"wp-block-list\">\n<li>oznaczania niebezpiecznych obszar\u00f3w, np. miejsc, w kt\u00f3rych istnieje ryzyko wypadk\u00f3w itp.,<\/li>\n\n\n\n<li>wygradzania obszar\u00f3w, na kt\u00f3rych prowadzone s\u0105 prace remontowe,<\/li>\n\n\n\n<li>wygradzania miejsc wy\u0142\u0105czonych z u\u017cytku lub w kt\u00f3rych obowi\u0105zuje ograniczony dost\u0119p, np. tylko dla personelu,<\/li>\n\n\n\n<li>wygradzania stref o okre\u015blonym przeznaczeniu, np. na imprezach,<\/li>\n\n\n\n<li>oznaczania stopni, schod\u00f3w, niskich strop\u00f3w i innych przeszk\u00f3d w ci\u0105gach komunikacyjnych.<\/li>\n<\/ul>\n\n\n\n<div class=\"product-small-box-content display-flex\">\n          <a href=\"https:\/\/www.znakowo.pl\/produkt\/tasma-odgradzajaca-jednostronna-dwustronna-85cm-x-100m-wlasny-wzor-tekst-grafika,ea999,2139.html\" class=\"product-small\">\n          <div class=\"product-small-box\">\n              <div class=\"product-small-img\">\n                                    <img decoding=\"async\" src=\"https:\/\/tdc.znakowo.pl\/thumbs\/tasma-odgradzajaca-jednostronna-dwustronna-85cm-x-100m-wlasny-wzor-tekst-grafika-22730-2139-160-160-0.jpg\" alt=\"Ta\u015bma odgradzaj\u0105ca, jednostronna \/ dwustronna 8,5cm x 100m - W\u0141ASNY WZ\u00d3R tekst grafika - Ta\u015bmy odblaskowe a fotoluminescencyjne\" title=\"Ta\u015bma odgradzaj\u0105ca, jednostronna \/ dwustronna 8,5cm x 100m - W\u0141ASNY WZ\u00d3R tekst grafika - Ta\u015bmy odblaskowe a fotoluminescencyjne\" \/>\n              <\/div>\n              <div class=\"product-small-title\">\n                  Ta\u015bma odgradzaj\u0105ca, jednostronna \/ dwustronna 8,5cm x 100m - W\u0141ASNY WZ\u00d3R tekst grafika              <\/div>\n          <\/div>\n      <\/a>    \n            <a href=\"https:\/\/www.znakowo.pl\/produkt\/tasma-antyposlizgowa-samoprzylepna-na-podloge-18m-marmurkowa-zielona,ep_ap_m_4,10281.html\" class=\"product-small\">\n          <div class=\"product-small-box\">\n              <div class=\"product-small-img\">\n                                    <img decoding=\"async\" src=\"https:\/\/tdc.znakowo.pl\/thumbs\/tasma-antyposlizgowa-samoprzylepna-na-podloge-18m-marmurkowa-zielona-24244-10281-160-160-0.jpg\" alt=\"Ta\u015bma antypo\u015blizgowa samoprzylepna na pod\u0142og\u0119 18m - marmurkowa, zielona - Ta\u015bmy odblaskowe a fotoluminescencyjne\" title=\"Ta\u015bma antypo\u015blizgowa samoprzylepna na pod\u0142og\u0119 18m - marmurkowa, zielona - Ta\u015bmy odblaskowe a fotoluminescencyjne\" \/>\n              <\/div>\n              <div class=\"product-small-title\">\n                  Ta\u015bma antypo\u015blizgowa samoprzylepna na pod\u0142og\u0119 18m - marmurkowa, zielona              <\/div>\n          <\/div>\n      <\/a>    \n            <a href=\"https:\/\/www.znakowo.pl\/produkt\/tasma-samoprzylepna-na-podloge-510-cm-x-33m-pomaranczowa,ep_sp12,10284.html\" class=\"product-small\">\n          <div class=\"product-small-box\">\n              <div class=\"product-small-img\">\n                                    <img decoding=\"async\" src=\"https:\/\/tdc.znakowo.pl\/thumbs\/tasma-samoprzylepna-na-podloge-510-cm-x-33m-pomaranczowa-24259-10284-160-160-0.jpg\" alt=\"Ta\u015bma samoprzylepna na pod\u0142og\u0119 5\/10 cm x 33m - pomara\u0144czowa - Ta\u015bmy odblaskowe a fotoluminescencyjne\" title=\"Ta\u015bma samoprzylepna na pod\u0142og\u0119 5\/10 cm x 33m - pomara\u0144czowa - Ta\u015bmy odblaskowe a fotoluminescencyjne\" \/>\n              <\/div>\n              <div class=\"product-small-title\">\n                  Ta\u015bma samoprzylepna na pod\u0142og\u0119 5\/10 cm x 33m - pomara\u0144czowa              <\/div>\n          <\/div>\n      <\/a>    \n        \n    <div class=\"clearfix\"><\/div>    \n<\/div>\n\n\n\n\n<p><strong>Rodzaje ta\u015bmy BHP:<\/strong><\/p>\n\n\n\n<ul class=\"wp-block-list\">\n<li>ta\u015bmy odgradzaj\u0105ce,<\/li>\n\n\n\n<li>ta\u015bmy samoprzylepne,<\/li>\n\n\n\n<li>ta\u015bmy antypo\u015blizgowe,<\/li>\n\n\n\n<li><a href=\"https:\/\/www.znakowo.pl\/tasmy-odblaskowe-samoprzylepne\/\">ta\u015bmy odblaskowe<\/a>,<\/li>\n\n\n\n<li>ta\u015bmy fotoluminescencyjne.<\/li>\n<\/ul>\n\n\n\n<p><strong>Bardzo cz\u0119sto ta\u015bmy odblaskowe mylone s\u0105 z ta\u015bmami fotoluminescencyjnymi. Warto podkre\u015bli\u0107, \u017ce s\u0105 to dwa rodzaje ta\u015bm o r\u00f3\u017cnych w\u0142a\u015bciwo\u015bciach, a w zwi\u0105zku z tym mog\u0105 mie\u0107 nieco inne zastosowanie.<\/strong><\/p>\n\n\n\n<h2 class=\"wp-block-heading\"><span class=\"ez-toc-section\" id=\"Tasmy_odblaskowe_a_fotoluminescencyjne_%E2%80%93_czym_sie_roznia\"><\/span>Ta\u015bmy odblaskowe a fotoluminescencyjne \u2013 czym si\u0119 r\u00f3\u017cni\u0105?<span class=\"ez-toc-section-end\"><\/span><\/h2>\n\n\n\n<h3 class=\"wp-block-heading\"><span class=\"ez-toc-section\" id=\"Tasmy_odblaskowe\"><\/span>Ta\u015bmy odblaskowe<span class=\"ez-toc-section-end\"><\/span><\/h3>\n\n\n\n<div class=\"product-small-box-content display-flex\">\n          <a href=\"https:\/\/www.znakowo.pl\/produkt\/tasma-odblaskowa-samoprzylepna-konturowa-mikropryzmatyczna-zolta,ep_odbl_7,10273.html\" class=\"product-small\">\n          <div class=\"product-small-box\">\n              <div class=\"product-small-img\">\n                                    <img decoding=\"async\" src=\"https:\/\/tdc.znakowo.pl\/thumbs\/tasma-odblaskowa-samoprzylepna-konturowa-mikropryzmatyczna-zolta-24156-10273-160-160-0.jpg\" alt=\"Ta\u015bma odblaskowa samoprzylepna konturowa-mikropryzmatyczna, \u017c\u00f3\u0142ta - Ta\u015bmy odblaskowe a fotoluminescencyjne\" title=\"Ta\u015bma odblaskowa samoprzylepna konturowa-mikropryzmatyczna, \u017c\u00f3\u0142ta - Ta\u015bmy odblaskowe a fotoluminescencyjne\" \/>\n              <\/div>\n              <div class=\"product-small-title\">\n                  Ta\u015bma odblaskowa samoprzylepna konturowa-mikropryzmatyczna, \u017c\u00f3\u0142ta              <\/div>\n          <\/div>\n      <\/a>    \n            <a href=\"https:\/\/www.znakowo.pl\/produkt\/tasma-ostrzegawcza-kierunkowa-odblaskowa-samoprzylepna-bialo-czerwona,ep_odbl_3,10269.html\" class=\"product-small\">\n          <div class=\"product-small-box\">\n              <div class=\"product-small-img\">\n                                    <img decoding=\"async\" src=\"https:\/\/tdc.znakowo.pl\/thumbs\/tasma-ostrzegawcza-kierunkowa-odblaskowa-samoprzylepna-bialo-czerwona-24122-10269-160-160-0.jpg\" alt=\"Ta\u015bma ostrzegawcza kierunkowa, odblaskowa, samoprzylepna, bia\u0142o-czerwona - Ta\u015bmy odblaskowe a fotoluminescencyjne\" title=\"Ta\u015bma ostrzegawcza kierunkowa, odblaskowa, samoprzylepna, bia\u0142o-czerwona - Ta\u015bmy odblaskowe a fotoluminescencyjne\" \/>\n              <\/div>\n              <div class=\"product-small-title\">\n                  Ta\u015bma ostrzegawcza kierunkowa, odblaskowa, samoprzylepna, bia\u0142o-czerwona              <\/div>\n          <\/div>\n      <\/a>    \n            <a href=\"https:\/\/www.znakowo.pl\/produkt\/tasma-ostrzegawcza-kierunkowa-odblaskowa-samoprzylepna-zolto-czarna,ep_odbl_4,10270.html\" class=\"product-small\">\n          <div class=\"product-small-box\">\n              <div class=\"product-small-img\">\n                                    <img decoding=\"async\" src=\"https:\/\/tdc.znakowo.pl\/thumbs\/tasma-ostrzegawcza-kierunkowa-odblaskowa-samoprzylepna-zolto-czarna-24131-10270-160-160-0.jpg\" alt=\"Ta\u015bma ostrzegawcza kierunkowa, odblaskowa, samoprzylepna, \u017c\u00f3\u0142to-czarna - Ta\u015bmy odblaskowe a fotoluminescencyjne\" title=\"Ta\u015bma ostrzegawcza kierunkowa, odblaskowa, samoprzylepna, \u017c\u00f3\u0142to-czarna - Ta\u015bmy odblaskowe a fotoluminescencyjne\" \/>\n              <\/div>\n              <div class=\"product-small-title\">\n                  Ta\u015bma ostrzegawcza kierunkowa, odblaskowa, samoprzylepna, \u017c\u00f3\u0142to-czarna              <\/div>\n          <\/div>\n      <\/a>    \n        \n    <div class=\"clearfix\"><\/div>    \n<\/div>\n\n\n\n\n<p>Ta\u015bmy odblaskowe wykonuje si\u0119 z materia\u0142\u00f3w o wysokim wsp\u00f3\u0142czynniku odbicia \u015bwiat\u0142a. Poniewa\u017c nie emituj\u0105 \u015bwiat\u0142a same z siebie, skuteczne s\u0105 w obecno\u015bci innych \u017ar\u00f3de\u0142 \u015bwiat\u0142a, takich jak np. reflektory samochodowe. Kiedy na ta\u015bm\u0119 pada \u015bwiat\u0142o, elementy odblaskowe odbijaj\u0105 je w kierunku jego \u017ar\u00f3d\u0142a. Obiekt oklejony tak\u0105 ta\u015bm\u0105 staje si\u0119 widoczny dla osoby znajduj\u0105cej si\u0119 w pobli\u017cu \u017ar\u00f3d\u0142a \u015bwiat\u0142a.<\/p>\n\n\n\n<p>Ta\u015bmy odblaskowe sprawdzaj\u0105 si\u0119 m.in. do oznaczania przeszk\u00f3d w ci\u0105gach komunikacyjnych i do oznaczania stref niebezpiecznych, np. w s\u0142abo o\u015bwietlonych magazynach, halach produkcyjnych. Stosowane s\u0105 r\u00f3wnie\u017c na parkingach i w gara\u017cach.<\/p>\n\n\n\n<h3 class=\"wp-block-heading\"><span class=\"ez-toc-section\" id=\"Tasmy_fotoluminescencyjne\"><\/span>Ta\u015bmy fotoluminescencyjne<span class=\"ez-toc-section-end\"><\/span><\/h3>\n\n\n\n<div class=\"product-small-box-content display-flex\">\n          <a href=\"https:\/\/www.znakowo.pl\/produkt\/tasma-antyposlizgowa-czarno-fotoluminescencyjna-10m,ep_ap_f_2,10282.html\" class=\"product-small\">\n          <div class=\"product-small-box\">\n              <div class=\"product-small-img\">\n                                    <img decoding=\"async\" src=\"https:\/\/tdc.znakowo.pl\/thumbs\/tasma-antyposlizgowa-czarno-fotoluminescencyjna-10m-24251-10282-160-160-0.jpg\" alt=\"Ta\u015bma antypo\u015blizgowa czarno-fotoluminescencyjna 10m - Ta\u015bmy odblaskowe a fotoluminescencyjne\" title=\"Ta\u015bma antypo\u015blizgowa czarno-fotoluminescencyjna 10m - Ta\u015bmy odblaskowe a fotoluminescencyjne\" \/>\n              <\/div>\n              <div class=\"product-small-title\">\n                  Ta\u015bma antypo\u015blizgowa czarno-fotoluminescencyjna 10m              <\/div>\n          <\/div>\n      <\/a>    \n            <a href=\"https:\/\/www.znakowo.pl\/produkt\/tasma-fotoluminescencyjna-ostrzegawcza-samoprzylepna-510cm-x-1m-zolta,eb003,8909.html\" class=\"product-small\">\n          <div class=\"product-small-box\">\n              <div class=\"product-small-img\">\n                                    <img decoding=\"async\" src=\"https:\/\/tdc.znakowo.pl\/thumbs\/tasma-fotoluminescencyjna-ostrzegawcza-samoprzylepna-510cm-x-1m-zolta-20543-8909-160-160-0.jpg\" alt=\"Ta\u015bma fotoluminescencyjna ostrzegawcza samoprzylepna 5\/10cm x 1m - \u017c\u00f3\u0142ta - Ta\u015bmy odblaskowe a fotoluminescencyjne\" title=\"Ta\u015bma fotoluminescencyjna ostrzegawcza samoprzylepna 5\/10cm x 1m - \u017c\u00f3\u0142ta - Ta\u015bmy odblaskowe a fotoluminescencyjne\" \/>\n              <\/div>\n              <div class=\"product-small-title\">\n                  Ta\u015bma fotoluminescencyjna ostrzegawcza samoprzylepna 5\/10cm x 1m - \u017c\u00f3\u0142ta              <\/div>\n          <\/div>\n      <\/a>    \n            <a href=\"https:\/\/www.znakowo.pl\/produkt\/tasma-fotoluminescencyjna-samoprzylepna-na-podloge,ep_sp_f_1,10285.html\" class=\"product-small\">\n          <div class=\"product-small-box\">\n              <div class=\"product-small-img\">\n                                    <img decoding=\"async\" src=\"https:\/\/tdc.znakowo.pl\/thumbs\/tasma-samoprzylepna-fosforescencyjna-24262-10285-160-160-0.jpg\" alt=\"Ta\u015bma fotoluminescencyjna samoprzylepna - na pod\u0142og\u0119 - Ta\u015bmy odblaskowe a fotoluminescencyjne\" title=\"Ta\u015bma fotoluminescencyjna samoprzylepna - na pod\u0142og\u0119 - Ta\u015bmy odblaskowe a fotoluminescencyjne\" \/>\n              <\/div>\n              <div class=\"product-small-title\">\n                  Ta\u015bma fotoluminescencyjna samoprzylepna - na pod\u0142og\u0119              <\/div>\n          <\/div>\n      <\/a>    \n        \n    <div class=\"clearfix\"><\/div>    \n<\/div>\n\n\n\n\n<p>Ta\u015bmy fotoluminescencyjne dzia\u0142aj\u0105 w inny spos\u00f3b. Produkowane s\u0105 z materia\u0142\u00f3w, kt\u00f3re absorbuj\u0105 \u015bwiat\u0142o (dzienne lub sztuczne). Je\u015bli z jakiego\u015b powodu wy\u0142\u0105czone zostanie \u017ar\u00f3d\u0142o \u015bwiat\u0142a, na\u015bwietlony wcze\u015bniej materia\u0142 fotoluminescencyjny uwalnia nagromadzon\u0105 energi\u0119 \u2013 w\u0142a\u015bnie w postaci \u015bwiat\u0142a.<\/p>\n\n\n\n<p>Ta\u015bmy fotoluminescencyjne daj\u0105 efekt \u015bwiecenia w ciemno\u015bciach. Doskonale sprawdzaj\u0105 si\u0119 do <a href=\"https:\/\/www.znakowo.pl\/blog\/oznakowanie-drog-ewakuacyjnych\/\">oznakowanie dr\u00f3g ewakuacyjnych<\/a> oraz znajduj\u0105cych si\u0119 na nich przeszk\u00f3d.<\/p>\n","protected":false},"excerpt":{"rendered":"<p>Ta\u015bmy ostrzegawcze to uniwersalny produkt, kt\u00f3ry znajduje zastosowanie w r\u00f3\u017cnych miejscach i sytuacjach. Sprawdzamy, jakie s\u0105 rodzaje ta\u015bm ostrzegawczych BHP. Przygl\u0105damy si\u0119 r\u00f3wnie\u017c zagadnieniu: ta\u015bmy odblaskowe a fotoluminescencyjne. Sprawd\u017a, czym si\u0119 r\u00f3\u017cni\u0105.<\/p>\n","protected":false},"author":3,"featured_media":6014,"comment_status":"closed","ping_status":"closed","sticky":false,"template":"","format":"standard","meta":{"_acf_changed":false,"footnotes":""},"categories":[118],"tags":[],"class_list":["post-6006","post","type-post","status-publish","format-standard","has-post-thumbnail","hentry","category-oznakowanie-obiektow"],"acf":[],"yoast_head":"<!-- This site is optimized with the Yoast SEO plugin v27.4 - https:\/\/yoast.com\/product\/yoast-seo-wordpress\/ -->\n<title>Ta\u015bmy odblaskowe a fotoluminescencyjne - r\u00f3\u017cnice i zastosowanie<\/title>\n<meta name=\"description\" content=\"Ta\u015bmy odblaskowe a fotoluminescencyjne. Sprawdzamy, jakie maj\u0105 w\u0142a\u015bciwo\u015bci, czym si\u0119 r\u00f3\u017cni\u0105 i gdzie znajduj\u0105 zastosowanie.\" \/>\n<meta name=\"robots\" content=\"index, follow, max-snippet:-1, max-image-preview:large, max-video-preview:-1\" \/>\n<link rel=\"canonical\" href=\"https:\/\/www.znakowo.pl\/blog\/tasmy-odblaskowe-a-fotoluminescencyjne\/\" \/>\n<meta property=\"og:locale\" content=\"pl_PL\" \/>\n<meta property=\"og:type\" content=\"article\" \/>\n<meta property=\"og:title\" content=\"Ta\u015bmy odblaskowe a fotoluminescencyjne - r\u00f3\u017cnice i zastosowanie\" \/>\n<meta property=\"og:description\" content=\"Ta\u015bmy odblaskowe a fotoluminescencyjne. Sprawdzamy, jakie maj\u0105 w\u0142a\u015bciwo\u015bci, czym si\u0119 r\u00f3\u017cni\u0105 i gdzie znajduj\u0105 zastosowanie.\" \/>\n<meta property=\"og:url\" content=\"https:\/\/www.znakowo.pl\/blog\/tasmy-odblaskowe-a-fotoluminescencyjne\/\" \/>\n<meta property=\"og:site_name\" content=\"Blog znakowo.pl\" \/>\n<meta property=\"article:publisher\" content=\"https:\/\/www.facebook.com\/Znakowo\/\" \/>\n<meta property=\"article:published_time\" content=\"2023-10-18T14:18:12+00:00\" \/>\n<meta property=\"article:modified_time\" content=\"2023-10-23T07:31:30+00:00\" \/>\n<meta property=\"og:image\" content=\"https:\/\/www.znakowo.pl\/blog\/wp-content\/uploads\/2023\/10\/closeup-ribbon-roll-isolated-white-background-scaled.jpg\" \/>\n\t<meta property=\"og:image:width\" content=\"2560\" \/>\n\t<meta property=\"og:image:height\" content=\"1709\" \/>\n\t<meta property=\"og:image:type\" content=\"image\/jpeg\" \/>\n<meta name=\"author\" content=\"Julita Krzemi\u0144ska\" \/>\n<meta name=\"twitter:card\" content=\"summary_large_image\" \/>\n<meta name=\"twitter:label1\" content=\"Napisane przez\" \/>\n\t<meta name=\"twitter:data1\" content=\"Julita Krzemi\u0144ska\" \/>\n<script type=\"application\/ld+json\" class=\"yoast-schema-graph\">{\"@context\":\"https:\\\/\\\/schema.org\",\"@graph\":[{\"@type\":\"Article\",\"@id\":\"https:\\\/\\\/www.znakowo.pl\\\/blog\\\/tasmy-odblaskowe-a-fotoluminescencyjne\\\/#article\",\"isPartOf\":{\"@id\":\"https:\\\/\\\/www.znakowo.pl\\\/blog\\\/tasmy-odblaskowe-a-fotoluminescencyjne\\\/\"},\"author\":{\"name\":\"Julita Krzemi\u0144ska\",\"@id\":\"https:\\\/\\\/www.znakowo.pl\\\/blog\\\/#\\\/schema\\\/person\\\/a29ddb53515b4cfd337f1582146267d9\"},\"headline\":\"Ta\u015bmy odblaskowe a fotoluminescencyjne\",\"datePublished\":\"2023-10-18T14:18:12+00:00\",\"dateModified\":\"2023-10-23T07:31:30+00:00\",\"mainEntityOfPage\":{\"@id\":\"https:\\\/\\\/www.znakowo.pl\\\/blog\\\/tasmy-odblaskowe-a-fotoluminescencyjne\\\/\"},\"wordCount\":453,\"publisher\":{\"@id\":\"https:\\\/\\\/www.znakowo.pl\\\/blog\\\/#organization\"},\"image\":{\"@id\":\"https:\\\/\\\/www.znakowo.pl\\\/blog\\\/tasmy-odblaskowe-a-fotoluminescencyjne\\\/#primaryimage\"},\"thumbnailUrl\":\"https:\\\/\\\/www.znakowo.pl\\\/blog\\\/wp-content\\\/uploads\\\/2023\\\/10\\\/closeup-ribbon-roll-isolated-white-background-scaled.jpg\",\"articleSection\":[\"Oznakowanie obiekt\u00f3w\"],\"inLanguage\":\"pl-PL\"},{\"@type\":\"WebPage\",\"@id\":\"https:\\\/\\\/www.znakowo.pl\\\/blog\\\/tasmy-odblaskowe-a-fotoluminescencyjne\\\/\",\"url\":\"https:\\\/\\\/www.znakowo.pl\\\/blog\\\/tasmy-odblaskowe-a-fotoluminescencyjne\\\/\",\"name\":\"Ta\u015bmy odblaskowe a fotoluminescencyjne - r\u00f3\u017cnice i zastosowanie\",\"isPartOf\":{\"@id\":\"https:\\\/\\\/www.znakowo.pl\\\/blog\\\/#website\"},\"primaryImageOfPage\":{\"@id\":\"https:\\\/\\\/www.znakowo.pl\\\/blog\\\/tasmy-odblaskowe-a-fotoluminescencyjne\\\/#primaryimage\"},\"image\":{\"@id\":\"https:\\\/\\\/www.znakowo.pl\\\/blog\\\/tasmy-odblaskowe-a-fotoluminescencyjne\\\/#primaryimage\"},\"thumbnailUrl\":\"https:\\\/\\\/www.znakowo.pl\\\/blog\\\/wp-content\\\/uploads\\\/2023\\\/10\\\/closeup-ribbon-roll-isolated-white-background-scaled.jpg\",\"datePublished\":\"2023-10-18T14:18:12+00:00\",\"dateModified\":\"2023-10-23T07:31:30+00:00\",\"description\":\"Ta\u015bmy odblaskowe a fotoluminescencyjne. Sprawdzamy, jakie maj\u0105 w\u0142a\u015bciwo\u015bci, czym si\u0119 r\u00f3\u017cni\u0105 i gdzie znajduj\u0105 zastosowanie.\",\"breadcrumb\":{\"@id\":\"https:\\\/\\\/www.znakowo.pl\\\/blog\\\/tasmy-odblaskowe-a-fotoluminescencyjne\\\/#breadcrumb\"},\"inLanguage\":\"pl-PL\",\"potentialAction\":[{\"@type\":\"ReadAction\",\"target\":[\"https:\\\/\\\/www.znakowo.pl\\\/blog\\\/tasmy-odblaskowe-a-fotoluminescencyjne\\\/\"]}]},{\"@type\":\"ImageObject\",\"inLanguage\":\"pl-PL\",\"@id\":\"https:\\\/\\\/www.znakowo.pl\\\/blog\\\/tasmy-odblaskowe-a-fotoluminescencyjne\\\/#primaryimage\",\"url\":\"https:\\\/\\\/www.znakowo.pl\\\/blog\\\/wp-content\\\/uploads\\\/2023\\\/10\\\/closeup-ribbon-roll-isolated-white-background-scaled.jpg\",\"contentUrl\":\"https:\\\/\\\/www.znakowo.pl\\\/blog\\\/wp-content\\\/uploads\\\/2023\\\/10\\\/closeup-ribbon-roll-isolated-white-background-scaled.jpg\",\"width\":2560,\"height\":1709,\"caption\":\"Tasmy odblaskowe a fotoluminescencyjne\"},{\"@type\":\"BreadcrumbList\",\"@id\":\"https:\\\/\\\/www.znakowo.pl\\\/blog\\\/tasmy-odblaskowe-a-fotoluminescencyjne\\\/#breadcrumb\",\"itemListElement\":[{\"@type\":\"ListItem\",\"position\":1,\"name\":\"Strona g\u0142\u00f3wna\",\"item\":\"https:\\\/\\\/www.znakowo.pl\\\/blog\\\/\"},{\"@type\":\"ListItem\",\"position\":2,\"name\":\"Ta\u015bmy odblaskowe a fotoluminescencyjne\"}]},{\"@type\":\"WebSite\",\"@id\":\"https:\\\/\\\/www.znakowo.pl\\\/blog\\\/#website\",\"url\":\"https:\\\/\\\/www.znakowo.pl\\\/blog\\\/\",\"name\":\"Blog znakowo.pl\",\"description\":\"\",\"publisher\":{\"@id\":\"https:\\\/\\\/www.znakowo.pl\\\/blog\\\/#organization\"},\"potentialAction\":[{\"@type\":\"SearchAction\",\"target\":{\"@type\":\"EntryPoint\",\"urlTemplate\":\"https:\\\/\\\/www.znakowo.pl\\\/blog\\\/?s={search_term_string}\"},\"query-input\":{\"@type\":\"PropertyValueSpecification\",\"valueRequired\":true,\"valueName\":\"search_term_string\"}}],\"inLanguage\":\"pl-PL\"},{\"@type\":\"Organization\",\"@id\":\"https:\\\/\\\/www.znakowo.pl\\\/blog\\\/#organization\",\"name\":\"Znakowo.pl\",\"url\":\"https:\\\/\\\/www.znakowo.pl\\\/blog\\\/\",\"logo\":{\"@type\":\"ImageObject\",\"inLanguage\":\"pl-PL\",\"@id\":\"https:\\\/\\\/www.znakowo.pl\\\/blog\\\/#\\\/schema\\\/logo\\\/image\\\/\",\"url\":\"https:\\\/\\\/www.znakowo.pl\\\/blog\\\/wp-content\\\/uploads\\\/2017\\\/05\\\/logo_1.png\",\"contentUrl\":\"https:\\\/\\\/www.znakowo.pl\\\/blog\\\/wp-content\\\/uploads\\\/2017\\\/05\\\/logo_1.png\",\"width\":277,\"height\":94,\"caption\":\"Znakowo.pl\"},\"image\":{\"@id\":\"https:\\\/\\\/www.znakowo.pl\\\/blog\\\/#\\\/schema\\\/logo\\\/image\\\/\"},\"sameAs\":[\"https:\\\/\\\/www.facebook.com\\\/Znakowo\\\/\"]},{\"@type\":\"Person\",\"@id\":\"https:\\\/\\\/www.znakowo.pl\\\/blog\\\/#\\\/schema\\\/person\\\/a29ddb53515b4cfd337f1582146267d9\",\"name\":\"Julita Krzemi\u0144ska\",\"image\":{\"@type\":\"ImageObject\",\"inLanguage\":\"pl-PL\",\"@id\":\"https:\\\/\\\/secure.gravatar.com\\\/avatar\\\/e6adac54b1d18b21f8567cc6208ef43409e661f1070cf8be2e6912306b99d439?s=96&d=mm&r=g\",\"url\":\"https:\\\/\\\/secure.gravatar.com\\\/avatar\\\/e6adac54b1d18b21f8567cc6208ef43409e661f1070cf8be2e6912306b99d439?s=96&d=mm&r=g\",\"contentUrl\":\"https:\\\/\\\/secure.gravatar.com\\\/avatar\\\/e6adac54b1d18b21f8567cc6208ef43409e661f1070cf8be2e6912306b99d439?s=96&d=mm&r=g\",\"caption\":\"Julita Krzemi\u0144ska\"},\"url\":\"https:\\\/\\\/www.znakowo.pl\\\/blog\\\/author\\\/jkrzeminska\\\/\"}]}<\/script>\n<!-- \/ Yoast SEO plugin. -->","yoast_head_json":{"title":"Ta\u015bmy odblaskowe a fotoluminescencyjne - r\u00f3\u017cnice i zastosowanie","description":"Ta\u015bmy odblaskowe a fotoluminescencyjne. Sprawdzamy, jakie maj\u0105 w\u0142a\u015bciwo\u015bci, czym si\u0119 r\u00f3\u017cni\u0105 i gdzie znajduj\u0105 zastosowanie.","robots":{"index":"index","follow":"follow","max-snippet":"max-snippet:-1","max-image-preview":"max-image-preview:large","max-video-preview":"max-video-preview:-1"},"canonical":"https:\/\/www.znakowo.pl\/blog\/tasmy-odblaskowe-a-fotoluminescencyjne\/","og_locale":"pl_PL","og_type":"article","og_title":"Ta\u015bmy odblaskowe a fotoluminescencyjne - r\u00f3\u017cnice i zastosowanie","og_description":"Ta\u015bmy odblaskowe a fotoluminescencyjne. Sprawdzamy, jakie maj\u0105 w\u0142a\u015bciwo\u015bci, czym si\u0119 r\u00f3\u017cni\u0105 i gdzie znajduj\u0105 zastosowanie.","og_url":"https:\/\/www.znakowo.pl\/blog\/tasmy-odblaskowe-a-fotoluminescencyjne\/","og_site_name":"Blog znakowo.pl","article_publisher":"https:\/\/www.facebook.com\/Znakowo\/","article_published_time":"2023-10-18T14:18:12+00:00","article_modified_time":"2023-10-23T07:31:30+00:00","og_image":[{"width":2560,"height":1709,"url":"https:\/\/www.znakowo.pl\/blog\/wp-content\/uploads\/2023\/10\/closeup-ribbon-roll-isolated-white-background-scaled.jpg","type":"image\/jpeg"}],"author":"Julita Krzemi\u0144ska","twitter_card":"summary_large_image","twitter_misc":{"Napisane przez":"Julita Krzemi\u0144ska"},"schema":{"@context":"https:\/\/schema.org","@graph":[{"@type":"Article","@id":"https:\/\/www.znakowo.pl\/blog\/tasmy-odblaskowe-a-fotoluminescencyjne\/#article","isPartOf":{"@id":"https:\/\/www.znakowo.pl\/blog\/tasmy-odblaskowe-a-fotoluminescencyjne\/"},"author":{"name":"Julita Krzemi\u0144ska","@id":"https:\/\/www.znakowo.pl\/blog\/#\/schema\/person\/a29ddb53515b4cfd337f1582146267d9"},"headline":"Ta\u015bmy odblaskowe a fotoluminescencyjne","datePublished":"2023-10-18T14:18:12+00:00","dateModified":"2023-10-23T07:31:30+00:00","mainEntityOfPage":{"@id":"https:\/\/www.znakowo.pl\/blog\/tasmy-odblaskowe-a-fotoluminescencyjne\/"},"wordCount":453,"publisher":{"@id":"https:\/\/www.znakowo.pl\/blog\/#organization"},"image":{"@id":"https:\/\/www.znakowo.pl\/blog\/tasmy-odblaskowe-a-fotoluminescencyjne\/#primaryimage"},"thumbnailUrl":"https:\/\/www.znakowo.pl\/blog\/wp-content\/uploads\/2023\/10\/closeup-ribbon-roll-isolated-white-background-scaled.jpg","articleSection":["Oznakowanie obiekt\u00f3w"],"inLanguage":"pl-PL"},{"@type":"WebPage","@id":"https:\/\/www.znakowo.pl\/blog\/tasmy-odblaskowe-a-fotoluminescencyjne\/","url":"https:\/\/www.znakowo.pl\/blog\/tasmy-odblaskowe-a-fotoluminescencyjne\/","name":"Ta\u015bmy odblaskowe a fotoluminescencyjne - r\u00f3\u017cnice i zastosowanie","isPartOf":{"@id":"https:\/\/www.znakowo.pl\/blog\/#website"},"primaryImageOfPage":{"@id":"https:\/\/www.znakowo.pl\/blog\/tasmy-odblaskowe-a-fotoluminescencyjne\/#primaryimage"},"image":{"@id":"https:\/\/www.znakowo.pl\/blog\/tasmy-odblaskowe-a-fotoluminescencyjne\/#primaryimage"},"thumbnailUrl":"https:\/\/www.znakowo.pl\/blog\/wp-content\/uploads\/2023\/10\/closeup-ribbon-roll-isolated-white-background-scaled.jpg","datePublished":"2023-10-18T14:18:12+00:00","dateModified":"2023-10-23T07:31:30+00:00","description":"Ta\u015bmy odblaskowe a fotoluminescencyjne. Sprawdzamy, jakie maj\u0105 w\u0142a\u015bciwo\u015bci, czym si\u0119 r\u00f3\u017cni\u0105 i gdzie znajduj\u0105 zastosowanie.","breadcrumb":{"@id":"https:\/\/www.znakowo.pl\/blog\/tasmy-odblaskowe-a-fotoluminescencyjne\/#breadcrumb"},"inLanguage":"pl-PL","potentialAction":[{"@type":"ReadAction","target":["https:\/\/www.znakowo.pl\/blog\/tasmy-odblaskowe-a-fotoluminescencyjne\/"]}]},{"@type":"ImageObject","inLanguage":"pl-PL","@id":"https:\/\/www.znakowo.pl\/blog\/tasmy-odblaskowe-a-fotoluminescencyjne\/#primaryimage","url":"https:\/\/www.znakowo.pl\/blog\/wp-content\/uploads\/2023\/10\/closeup-ribbon-roll-isolated-white-background-scaled.jpg","contentUrl":"https:\/\/www.znakowo.pl\/blog\/wp-content\/uploads\/2023\/10\/closeup-ribbon-roll-isolated-white-background-scaled.jpg","width":2560,"height":1709,"caption":"Tasmy odblaskowe a fotoluminescencyjne"},{"@type":"BreadcrumbList","@id":"https:\/\/www.znakowo.pl\/blog\/tasmy-odblaskowe-a-fotoluminescencyjne\/#breadcrumb","itemListElement":[{"@type":"ListItem","position":1,"name":"Strona g\u0142\u00f3wna","item":"https:\/\/www.znakowo.pl\/blog\/"},{"@type":"ListItem","position":2,"name":"Ta\u015bmy odblaskowe a fotoluminescencyjne"}]},{"@type":"WebSite","@id":"https:\/\/www.znakowo.pl\/blog\/#website","url":"https:\/\/www.znakowo.pl\/blog\/","name":"Blog znakowo.pl","description":"","publisher":{"@id":"https:\/\/www.znakowo.pl\/blog\/#organization"},"potentialAction":[{"@type":"SearchAction","target":{"@type":"EntryPoint","urlTemplate":"https:\/\/www.znakowo.pl\/blog\/?s={search_term_string}"},"query-input":{"@type":"PropertyValueSpecification","valueRequired":true,"valueName":"search_term_string"}}],"inLanguage":"pl-PL"},{"@type":"Organization","@id":"https:\/\/www.znakowo.pl\/blog\/#organization","name":"Znakowo.pl","url":"https:\/\/www.znakowo.pl\/blog\/","logo":{"@type":"ImageObject","inLanguage":"pl-PL","@id":"https:\/\/www.znakowo.pl\/blog\/#\/schema\/logo\/image\/","url":"https:\/\/www.znakowo.pl\/blog\/wp-content\/uploads\/2017\/05\/logo_1.png","contentUrl":"https:\/\/www.znakowo.pl\/blog\/wp-content\/uploads\/2017\/05\/logo_1.png","width":277,"height":94,"caption":"Znakowo.pl"},"image":{"@id":"https:\/\/www.znakowo.pl\/blog\/#\/schema\/logo\/image\/"},"sameAs":["https:\/\/www.facebook.com\/Znakowo\/"]},{"@type":"Person","@id":"https:\/\/www.znakowo.pl\/blog\/#\/schema\/person\/a29ddb53515b4cfd337f1582146267d9","name":"Julita Krzemi\u0144ska","image":{"@type":"ImageObject","inLanguage":"pl-PL","@id":"https:\/\/secure.gravatar.com\/avatar\/e6adac54b1d18b21f8567cc6208ef43409e661f1070cf8be2e6912306b99d439?s=96&d=mm&r=g","url":"https:\/\/secure.gravatar.com\/avatar\/e6adac54b1d18b21f8567cc6208ef43409e661f1070cf8be2e6912306b99d439?s=96&d=mm&r=g","contentUrl":"https:\/\/secure.gravatar.com\/avatar\/e6adac54b1d18b21f8567cc6208ef43409e661f1070cf8be2e6912306b99d439?s=96&d=mm&r=g","caption":"Julita Krzemi\u0144ska"},"url":"https:\/\/www.znakowo.pl\/blog\/author\/jkrzeminska\/"}]}},"_links":{"self":[{"href":"https:\/\/www.znakowo.pl\/blog\/wp-json\/wp\/v2\/posts\/6006","targetHints":{"allow":["GET"]}}],"collection":[{"href":"https:\/\/www.znakowo.pl\/blog\/wp-json\/wp\/v2\/posts"}],"about":[{"href":"https:\/\/www.znakowo.pl\/blog\/wp-json\/wp\/v2\/types\/post"}],"author":[{"embeddable":true,"href":"https:\/\/www.znakowo.pl\/blog\/wp-json\/wp\/v2\/users\/3"}],"replies":[{"embeddable":true,"href":"https:\/\/www.znakowo.pl\/blog\/wp-json\/wp\/v2\/comments?post=6006"}],"version-history":[{"count":2,"href":"https:\/\/www.znakowo.pl\/blog\/wp-json\/wp\/v2\/posts\/6006\/revisions"}],"predecessor-version":[{"id":6034,"href":"https:\/\/www.znakowo.pl\/blog\/wp-json\/wp\/v2\/posts\/6006\/revisions\/6034"}],"wp:featuredmedia":[{"embeddable":true,"href":"https:\/\/www.znakowo.pl\/blog\/wp-json\/wp\/v2\/media\/6014"}],"wp:attachment":[{"href":"https:\/\/www.znakowo.pl\/blog\/wp-json\/wp\/v2\/media?parent=6006"}],"wp:term":[{"taxonomy":"category","embeddable":true,"href":"https:\/\/www.znakowo.pl\/blog\/wp-json\/wp\/v2\/categories?post=6006"},{"taxonomy":"post_tag","embeddable":true,"href":"https:\/\/www.znakowo.pl\/blog\/wp-json\/wp\/v2\/tags?post=6006"}],"curies":[{"name":"wp","href":"https:\/\/api.w.org\/{rel}","templated":true}]}}