{"id":6111,"date":"2023-11-30T14:54:31","date_gmt":"2023-11-30T13:54:31","guid":{"rendered":"https:\/\/www.znakowo.pl\/blog\/?p=6111"},"modified":"2023-11-30T14:54:32","modified_gmt":"2023-11-30T13:54:32","slug":"pasy-transportowe","status":"publish","type":"post","link":"https:\/\/www.znakowo.pl\/blog\/pasy-transportowe\/","title":{"rendered":"Pasy transportowe do mocowania \u0142adunk\u00f3w \u2013 na co zwr\u00f3ci\u0107 uwag\u0119?"},"content":{"rendered":"\n<p>Pasty transportowe u\u017cywane s\u0105 do zabezpieczania \u0142adunk\u00f3w na pojazdach. Aby spe\u0142nia\u0142y swoje zadanie skutecznie i bezpiecznie, musz\u0105 spe\u0142nia\u0107 okre\u015blone wymagania. Na co zwr\u00f3ci\u0107 uwag\u0119, wybieraj\u0105c pas do mocowania \u0142adunk\u00f3w?<\/p>\n\n\n<p><!--more--><\/p>\n\n\n<div id=\"ez-toc-container\" class=\"ez-toc-v2_0_82_2 counter-hierarchy ez-toc-counter ez-toc-grey ez-toc-container-direction\">\n<div class=\"ez-toc-title-container\">\n<p class=\"ez-toc-title\" style=\"cursor:inherit\">Spis tre\u015bci<\/p>\n<span class=\"ez-toc-title-toggle\"><a href=\"#\" class=\"ez-toc-pull-right ez-toc-btn ez-toc-btn-xs ez-toc-btn-default ez-toc-toggle\" aria-label=\"Prze\u0142\u0105cznik Spisu Tre\u015bci\"><span class=\"ez-toc-js-icon-con\"><span class=\"\"><span class=\"eztoc-hide\" style=\"display:none;\">Toggle<\/span><span class=\"ez-toc-icon-toggle-span\"><svg style=\"fill: #999;color:#999\" xmlns=\"http:\/\/www.w3.org\/2000\/svg\" class=\"list-377408\" width=\"20px\" height=\"20px\" viewBox=\"0 0 24 24\" fill=\"none\"><path d=\"M6 6H4v2h2V6zm14 0H8v2h12V6zM4 11h2v2H4v-2zm16 0H8v2h12v-2zM4 16h2v2H4v-2zm16 0H8v2h12v-2z\" fill=\"currentColor\"><\/path><\/svg><svg style=\"fill: #999;color:#999\" class=\"arrow-unsorted-368013\" xmlns=\"http:\/\/www.w3.org\/2000\/svg\" width=\"10px\" height=\"10px\" viewBox=\"0 0 24 24\" version=\"1.2\" baseProfile=\"tiny\"><path d=\"M18.2 9.3l-6.2-6.3-6.2 6.3c-.2.2-.3.4-.3.7s.1.5.3.7c.2.2.4.3.7.3h11c.3 0 .5-.1.7-.3.2-.2.3-.5.3-.7s-.1-.5-.3-.7zM5.8 14.7l6.2 6.3 6.2-6.3c.2-.2.3-.5.3-.7s-.1-.5-.3-.7c-.2-.2-.4-.3-.7-.3h-11c-.3 0-.5.1-.7.3-.2.2-.3.5-.3.7s.1.5.3.7z\"\/><\/svg><\/span><\/span><\/span><\/a><\/span><\/div>\n<nav><ul class='ez-toc-list ez-toc-list-level-1 ' ><li class='ez-toc-page-1 ez-toc-heading-level-2'><a class=\"ez-toc-link ez-toc-heading-1\" href=\"https:\/\/www.znakowo.pl\/blog\/pasy-transportowe\/#Przepisy_dotyczace_przewozu_i_zabezpieczenia_ladunkow\" >Przepisy dotycz\u0105ce przewozu i zabezpieczenia \u0142adunk\u00f3w<\/a><\/li><li class='ez-toc-page-1 ez-toc-heading-level-2'><a class=\"ez-toc-link ez-toc-heading-2\" href=\"https:\/\/www.znakowo.pl\/blog\/pasy-transportowe\/#Pasy_transportowe_zgodne_z_norma_PN-EN_12195-2\" >Pasy transportowe zgodne z norm\u0105 PN-EN 12195-2<\/a><\/li><li class='ez-toc-page-1 ez-toc-heading-level-2'><a class=\"ez-toc-link ez-toc-heading-3\" href=\"https:\/\/www.znakowo.pl\/blog\/pasy-transportowe\/#Dlaczego_warto_postawic_na_transportowe_o_wlasciwych_parametrach\" >Dlaczego warto postawi\u0107 na transportowe o w\u0142a\u015bciwych parametrach?<\/a><\/li><\/ul><\/nav><\/div>\n<h2 class=\"wp-block-heading\"><span class=\"ez-toc-section\" id=\"Przepisy_dotyczace_przewozu_i_zabezpieczenia_ladunkow\"><\/span>Przepisy dotycz\u0105ce przewozu i zabezpieczenia \u0142adunk\u00f3w<span class=\"ez-toc-section-end\"><\/span><\/h2>\n\n\n\n<p>Zgodnie z Kodeksem drogowym \u0142adunek nie mo\u017ce powodowa\u0107 przekroczenia dopuszczalnej masy ca\u0142kowitej lub dopuszczalnej \u0142adowno\u015bci pojazdu. \u0141adunek na poje\u017adzie nie mo\u017ce:<\/p>\n\n\n\n<ul class=\"wp-block-list\">\n<li>powodowa\u0107 przekroczenia dopuszczalnych nacisk\u00f3w osi pojazdu na drog\u0119,<\/li>\n\n\n\n<li>narusza\u0107 stateczno\u015bci pojazdu,<\/li>\n\n\n\n<li>utrudnia\u0107 kierowania pojazdem,<\/li>\n\n\n\n<li>ogranicza\u0107 widoczno\u015bci drogi lub zas\u0142ania\u0107 \u015bwiate\u0142, urz\u0105dze\u0144 sygnalizacyjnych, tablic rejestracyjnych lub innych tablic albo znak\u00f3w, w kt\u00f3re jest wyposa\u017cony.<\/li>\n<\/ul>\n\n\n\n<div class=\"product-big\">\r\n    <div class=\"col-xs-12 col-md-5\">\r\n        <div class=\"product-big-img\"> \r\n                        <a href=\"https:\/\/www.znakowo.pl\/produkt\/pas-ladunkowy-10m-stf-500dan,kx-2969,10250.html\" \/><img decoding=\"async\" src=\"https:\/\/tdc.znakowo.pl\/thumbs\/pas-ladunkowy-10m-stf-500dan-23992-10250-500-500-0.jpg\" alt=\"Pas \u0142adunkowy 10m STF 500daN - Pasy transportowe do mocowania \u0142adunk\u00f3w \u2013 na co zwr\u00f3ci\u0107 uwag\u0119?\" title=\"Pas \u0142adunkowy 10m STF 500daN - Pasy transportowe do mocowania \u0142adunk\u00f3w \u2013 na co zwr\u00f3ci\u0107 uwag\u0119?\" \/><\/a>\r\n        <\/div>  \r\n    <\/div>    \r\n    <div class=\"col-xs-12 col-md-7\">\r\n        <div class=\"product-big-content\">\r\n            <div class=\"product-big-title\">\r\n                <a href=\"https:\/\/www.znakowo.pl\/produkt\/pas-ladunkowy-10m-stf-500dan,kx-2969,10250.html\">Pas \u0142adunkowy 10m STF 500daN<\/a>\r\n            <\/div>    \r\n            <div class=\"product-big-content\">\r\n                            <\/div>\r\n            <div class=\"product-buttons\">\r\n                                  <a class=\"product-price\">od <span>62,73<\/span> z\u0142<\/a>\r\n                                <a href=\"https:\/\/www.znakowo.pl\/produkt\/pas-ladunkowy-10m-stf-500dan,kx-2969,10250.html\" class=\"product-link\">Kup<\/a>\r\n            <\/div>\r\n        <\/div>\r\n    <\/div> \r\n    <div class=\"clearfix\"><\/div>  \r\n<\/div>\r\n\r\n\n\n\n\n<p>\u0141adunek powinien by\u0107 zabezpieczony przed zmian\u0105 po\u0142o\u017cenia lub wywo\u0142ywaniem nadmiernego ha\u0142asu. Co ciekawe, w Kodeksie drogowym znajduje si\u0119 tak\u017ce zapis m\u00f3wi\u0105cy, \u017ce \u0142adunek nie mo\u017ce mie\u0107 odra\u017caj\u0105cego wygl\u0105du lub wydziela\u0107 odra\u017caj\u0105cej woni.<\/p>\n\n\n\n<h2 class=\"wp-block-heading\"><span class=\"ez-toc-section\" id=\"Pasy_transportowe_zgodne_z_norma_PN-EN_12195-2\"><\/span>Pasy transportowe zgodne z norm\u0105 PN-EN 12195-2<span class=\"ez-toc-section-end\"><\/span><\/h2>\n\n\n\n<p>Wed\u0142ug przepis\u00f3w urz\u0105dzenia s\u0142u\u017c\u0105ce do mocowania \u0142adunku powinny by\u0107 zabezpieczone przed rozlu\u017anianiem si\u0119, swobodnym zwisaniem lub spadni\u0119ciem podczas jazdy. Jak wybra\u0107 odpowiednie pasy transportowe? Przede wszystkim warto postawi\u0107 na pasy zgodne z unijn\u0105 norm\u0105 PN-EN 12195-2. Nie tylko pozwol\u0105 bezpiecznie zamocowa\u0107 \u0142adunek, ale na ich etykietach b\u0119d\u0105 znajdowa\u0142y si\u0119 wszystkie wa\u017cne informacje.<\/p>\n\n\n\n<p><strong><u>Jakie informacje zawiera etykieta?<\/u><\/strong><\/p>\n\n\n\n<ul class=\"wp-block-list\">\n<li><strong>Nazwa producenta\/dystrybutora.<\/strong><\/li>\n\n\n\n<li><strong>Z czego wykonany jest pas <\/strong>\u2013 \u015bwiadczy o tym nie tylko oznaczenie, ale i kolor etykiety: kolor niebieski to PES (poliester), zielony \u2013 PA (poliamid), br\u0105zowy \u2013 PP (polipropylen).<\/li>\n\n\n\n<li><strong>Dopuszczalne wyd\u0142u\u017cenie pasa <\/strong>[%] \u2013 zgodnie z norm\u0105 PN-EN 12195-2 nie powinno przekracza\u0107 7%.<\/li>\n\n\n\n<li><strong>LC \u2013 zdolno\u015b\u0107 mocowania <\/strong>[daN] \u2013 maskymalne obci\u0105\u017cenie pasa, przy kt\u00f3rym nie ulegnie on zerwaniu; na etykiecie znajduj\u0105 si\u0119 dwie warto\u015bci: maksymalne obci\u0105\u017cenie w uk\u0142adzie prostym i maksymalne obci\u0105\u017cenie przy mocowaniu przez opasanie.<\/li>\n\n\n\n<li><strong>SHF \u2013 nominalna si\u0142a r\u0119czna <\/strong>[daN] \u2013 maksymalna si\u0142a, z jak\u0105 mo\u017cna napi\u0105\u0107 napinacz r\u0119czny.<\/li>\n\n\n\n<li><strong>STF &nbsp;&#8211; nominalna si\u0142a napi\u0119cia <\/strong>[daN] \u2013 si\u0142a, z jak\u0105 \u0142adunek b\u0119dzie doci\u015bni\u0119ty do pod\u0142o\u017ca.<\/li>\n\n\n\n<li><strong>D\u0142ugo\u015b\u0107 pasa <\/strong>[m].<\/li>\n<\/ul>\n\n\n\n<h2 class=\"wp-block-heading\"><span class=\"ez-toc-section\" id=\"Dlaczego_warto_postawic_na_transportowe_o_wlasciwych_parametrach\"><\/span>Dlaczego warto postawi\u0107 na transportowe o w\u0142a\u015bciwych parametrach?<span class=\"ez-toc-section-end\"><\/span><\/h2>\n\n\n\n<div class=\"product-big\">\r\n    <div class=\"col-xs-12 col-md-5\">\r\n        <div class=\"product-big-img\"> \r\n                        <a href=\"https:\/\/www.znakowo.pl\/produkt\/pas-ladunkowy-8m-stf-500dan,kx-4282,10249.html\" \/><img decoding=\"async\" src=\"https:\/\/tdc.znakowo.pl\/thumbs\/pas-ladunkowy-8m-stf-500dan-23988-10249-500-500-0.jpg\" alt=\"Pas \u0142adunkowy 8m STF 500daN - Pasy transportowe do mocowania \u0142adunk\u00f3w \u2013 na co zwr\u00f3ci\u0107 uwag\u0119?\" title=\"Pas \u0142adunkowy 8m STF 500daN - Pasy transportowe do mocowania \u0142adunk\u00f3w \u2013 na co zwr\u00f3ci\u0107 uwag\u0119?\" \/><\/a>\r\n        <\/div>  \r\n    <\/div>    \r\n    <div class=\"col-xs-12 col-md-7\">\r\n        <div class=\"product-big-content\">\r\n            <div class=\"product-big-title\">\r\n                <a href=\"https:\/\/www.znakowo.pl\/produkt\/pas-ladunkowy-8m-stf-500dan,kx-4282,10249.html\">Pas \u0142adunkowy 8m STF 500daN<\/a>\r\n            <\/div>    \r\n            <div class=\"product-big-content\">\r\n                            <\/div>\r\n            <div class=\"product-buttons\">\r\n                                  <a class=\"product-price\">od <span>60,27<\/span> z\u0142<\/a>\r\n                                <a href=\"https:\/\/www.znakowo.pl\/produkt\/pas-ladunkowy-8m-stf-500dan,kx-4282,10249.html\" class=\"product-link\">Kup<\/a>\r\n            <\/div>\r\n        <\/div>\r\n    <\/div> \r\n    <div class=\"clearfix\"><\/div>  \r\n<\/div>\r\n\r\n\n\n\n\n<p>Odpowiednie zamocowanie i zabezpieczenie \u0142adunku na samochodzie jest niezwykle wa\u017cne dla bezpiecze\u0144stwa podczas transportu. Niew\u0142a\u015bciwie zabezpieczony \u0142adunek mo\u017ce niekontrolowanie przemieszcza\u0107 si\u0119, naruszaj\u0105c stabilno\u015b\u0107 pojazdu, lub nawet spa\u015b\u0107 z pojazdu. W\u0142a\u015bciwe mocowanie pozwala tak\u017ce chroni\u0107 \u0142adunek przed uszkodzeniem w trakcie przewozu.<\/p>\n","protected":false},"excerpt":{"rendered":"<p>Pasty transportowe u\u017cywane s\u0105 do zabezpieczania \u0142adunk\u00f3w na pojazdach. Aby spe\u0142nia\u0142y swoje zadanie skutecznie i bezpiecznie, musz\u0105 spe\u0142nia\u0107 okre\u015blone wymagania. Na co zwr\u00f3ci\u0107 uwag\u0119, wybieraj\u0105c pas do mocowania \u0142adunk\u00f3w?<\/p>\n","protected":false},"author":3,"featured_media":6130,"comment_status":"closed","ping_status":"closed","sticky":false,"template":"","format":"standard","meta":{"_acf_changed":false,"footnotes":""},"categories":[1],"tags":[],"class_list":["post-6111","post","type-post","status-publish","format-standard","has-post-thumbnail","hentry","category-przepisy-ustawy"],"acf":[],"yoast_head":"<!-- This site is optimized with the Yoast SEO plugin v27.4 - https:\/\/yoast.com\/product\/yoast-seo-wordpress\/ -->\n<title>Pasy transportowe do mocowania \u0142adunk\u00f3w \u2013 na co zwr\u00f3ci\u0107 uwag\u0119?<\/title>\n<meta name=\"description\" content=\"W\u0142a\u015bciwe zabezpieczenie i zamocowanie jest bardzo istotne ze wzgl\u0119d\u00f3w bezpiecze\u0144stwa. Jakie pasy transportowe wybra\u0107 i na co zwr\u00f3ci\u0107 uwag\u0119?\" \/>\n<meta name=\"robots\" content=\"index, follow, max-snippet:-1, max-image-preview:large, max-video-preview:-1\" \/>\n<link rel=\"canonical\" href=\"https:\/\/www.znakowo.pl\/blog\/pasy-transportowe\/\" \/>\n<meta property=\"og:locale\" content=\"pl_PL\" \/>\n<meta property=\"og:type\" content=\"article\" \/>\n<meta property=\"og:title\" content=\"Pasy transportowe do mocowania \u0142adunk\u00f3w \u2013 na co zwr\u00f3ci\u0107 uwag\u0119?\" \/>\n<meta property=\"og:description\" content=\"W\u0142a\u015bciwe zabezpieczenie i zamocowanie jest bardzo istotne ze wzgl\u0119d\u00f3w bezpiecze\u0144stwa. Jakie pasy transportowe wybra\u0107 i na co zwr\u00f3ci\u0107 uwag\u0119?\" \/>\n<meta property=\"og:url\" content=\"https:\/\/www.znakowo.pl\/blog\/pasy-transportowe\/\" \/>\n<meta property=\"og:site_name\" content=\"Blog znakowo.pl\" \/>\n<meta property=\"article:publisher\" content=\"https:\/\/www.facebook.com\/Znakowo\/\" \/>\n<meta property=\"article:published_time\" content=\"2023-11-30T13:54:31+00:00\" \/>\n<meta property=\"article:modified_time\" content=\"2023-11-30T13:54:32+00:00\" \/>\n<meta property=\"og:image\" content=\"https:\/\/www.znakowo.pl\/blog\/wp-content\/uploads\/2023\/11\/front-view-christmas-gift-concept-scaled.jpg\" \/>\n\t<meta property=\"og:image:width\" content=\"1707\" \/>\n\t<meta property=\"og:image:height\" content=\"2560\" \/>\n\t<meta property=\"og:image:type\" content=\"image\/jpeg\" \/>\n<meta name=\"author\" content=\"Julita Krzemi\u0144ska\" \/>\n<meta name=\"twitter:card\" content=\"summary_large_image\" \/>\n<meta name=\"twitter:label1\" content=\"Napisane przez\" \/>\n\t<meta name=\"twitter:data1\" content=\"Julita Krzemi\u0144ska\" \/>\n\t<meta name=\"twitter:label2\" content=\"Szacowany czas czytania\" \/>\n\t<meta name=\"twitter:data2\" content=\"3 minuty\" \/>\n<script type=\"application\/ld+json\" class=\"yoast-schema-graph\">{\"@context\":\"https:\\\/\\\/schema.org\",\"@graph\":[{\"@type\":\"Article\",\"@id\":\"https:\\\/\\\/www.znakowo.pl\\\/blog\\\/pasy-transportowe\\\/#article\",\"isPartOf\":{\"@id\":\"https:\\\/\\\/www.znakowo.pl\\\/blog\\\/pasy-transportowe\\\/\"},\"author\":{\"name\":\"Julita Krzemi\u0144ska\",\"@id\":\"https:\\\/\\\/www.znakowo.pl\\\/blog\\\/#\\\/schema\\\/person\\\/a29ddb53515b4cfd337f1582146267d9\"},\"headline\":\"Pasy transportowe do mocowania \u0142adunk\u00f3w \u2013 na co zwr\u00f3ci\u0107 uwag\u0119?\",\"datePublished\":\"2023-11-30T13:54:31+00:00\",\"dateModified\":\"2023-11-30T13:54:32+00:00\",\"mainEntityOfPage\":{\"@id\":\"https:\\\/\\\/www.znakowo.pl\\\/blog\\\/pasy-transportowe\\\/\"},\"wordCount\":434,\"publisher\":{\"@id\":\"https:\\\/\\\/www.znakowo.pl\\\/blog\\\/#organization\"},\"image\":{\"@id\":\"https:\\\/\\\/www.znakowo.pl\\\/blog\\\/pasy-transportowe\\\/#primaryimage\"},\"thumbnailUrl\":\"https:\\\/\\\/www.znakowo.pl\\\/blog\\\/wp-content\\\/uploads\\\/2023\\\/11\\\/front-view-christmas-gift-concept-scaled.jpg\",\"articleSection\":[\"Przepisy, ustawy\"],\"inLanguage\":\"pl-PL\"},{\"@type\":\"WebPage\",\"@id\":\"https:\\\/\\\/www.znakowo.pl\\\/blog\\\/pasy-transportowe\\\/\",\"url\":\"https:\\\/\\\/www.znakowo.pl\\\/blog\\\/pasy-transportowe\\\/\",\"name\":\"Pasy transportowe do mocowania \u0142adunk\u00f3w \u2013 na co zwr\u00f3ci\u0107 uwag\u0119?\",\"isPartOf\":{\"@id\":\"https:\\\/\\\/www.znakowo.pl\\\/blog\\\/#website\"},\"primaryImageOfPage\":{\"@id\":\"https:\\\/\\\/www.znakowo.pl\\\/blog\\\/pasy-transportowe\\\/#primaryimage\"},\"image\":{\"@id\":\"https:\\\/\\\/www.znakowo.pl\\\/blog\\\/pasy-transportowe\\\/#primaryimage\"},\"thumbnailUrl\":\"https:\\\/\\\/www.znakowo.pl\\\/blog\\\/wp-content\\\/uploads\\\/2023\\\/11\\\/front-view-christmas-gift-concept-scaled.jpg\",\"datePublished\":\"2023-11-30T13:54:31+00:00\",\"dateModified\":\"2023-11-30T13:54:32+00:00\",\"description\":\"W\u0142a\u015bciwe zabezpieczenie i zamocowanie jest bardzo istotne ze wzgl\u0119d\u00f3w bezpiecze\u0144stwa. Jakie pasy transportowe wybra\u0107 i na co zwr\u00f3ci\u0107 uwag\u0119?\",\"breadcrumb\":{\"@id\":\"https:\\\/\\\/www.znakowo.pl\\\/blog\\\/pasy-transportowe\\\/#breadcrumb\"},\"inLanguage\":\"pl-PL\",\"potentialAction\":[{\"@type\":\"ReadAction\",\"target\":[\"https:\\\/\\\/www.znakowo.pl\\\/blog\\\/pasy-transportowe\\\/\"]}]},{\"@type\":\"ImageObject\",\"inLanguage\":\"pl-PL\",\"@id\":\"https:\\\/\\\/www.znakowo.pl\\\/blog\\\/pasy-transportowe\\\/#primaryimage\",\"url\":\"https:\\\/\\\/www.znakowo.pl\\\/blog\\\/wp-content\\\/uploads\\\/2023\\\/11\\\/front-view-christmas-gift-concept-scaled.jpg\",\"contentUrl\":\"https:\\\/\\\/www.znakowo.pl\\\/blog\\\/wp-content\\\/uploads\\\/2023\\\/11\\\/front-view-christmas-gift-concept-scaled.jpg\",\"width\":1707,\"height\":2560,\"caption\":\"Pasy transportowe\"},{\"@type\":\"BreadcrumbList\",\"@id\":\"https:\\\/\\\/www.znakowo.pl\\\/blog\\\/pasy-transportowe\\\/#breadcrumb\",\"itemListElement\":[{\"@type\":\"ListItem\",\"position\":1,\"name\":\"Strona g\u0142\u00f3wna\",\"item\":\"https:\\\/\\\/www.znakowo.pl\\\/blog\\\/\"},{\"@type\":\"ListItem\",\"position\":2,\"name\":\"Pasy transportowe do mocowania \u0142adunk\u00f3w \u2013 na co zwr\u00f3ci\u0107 uwag\u0119?\"}]},{\"@type\":\"WebSite\",\"@id\":\"https:\\\/\\\/www.znakowo.pl\\\/blog\\\/#website\",\"url\":\"https:\\\/\\\/www.znakowo.pl\\\/blog\\\/\",\"name\":\"Blog znakowo.pl\",\"description\":\"\",\"publisher\":{\"@id\":\"https:\\\/\\\/www.znakowo.pl\\\/blog\\\/#organization\"},\"potentialAction\":[{\"@type\":\"SearchAction\",\"target\":{\"@type\":\"EntryPoint\",\"urlTemplate\":\"https:\\\/\\\/www.znakowo.pl\\\/blog\\\/?s={search_term_string}\"},\"query-input\":{\"@type\":\"PropertyValueSpecification\",\"valueRequired\":true,\"valueName\":\"search_term_string\"}}],\"inLanguage\":\"pl-PL\"},{\"@type\":\"Organization\",\"@id\":\"https:\\\/\\\/www.znakowo.pl\\\/blog\\\/#organization\",\"name\":\"Znakowo.pl\",\"url\":\"https:\\\/\\\/www.znakowo.pl\\\/blog\\\/\",\"logo\":{\"@type\":\"ImageObject\",\"inLanguage\":\"pl-PL\",\"@id\":\"https:\\\/\\\/www.znakowo.pl\\\/blog\\\/#\\\/schema\\\/logo\\\/image\\\/\",\"url\":\"https:\\\/\\\/www.znakowo.pl\\\/blog\\\/wp-content\\\/uploads\\\/2017\\\/05\\\/logo_1.png\",\"contentUrl\":\"https:\\\/\\\/www.znakowo.pl\\\/blog\\\/wp-content\\\/uploads\\\/2017\\\/05\\\/logo_1.png\",\"width\":277,\"height\":94,\"caption\":\"Znakowo.pl\"},\"image\":{\"@id\":\"https:\\\/\\\/www.znakowo.pl\\\/blog\\\/#\\\/schema\\\/logo\\\/image\\\/\"},\"sameAs\":[\"https:\\\/\\\/www.facebook.com\\\/Znakowo\\\/\"]},{\"@type\":\"Person\",\"@id\":\"https:\\\/\\\/www.znakowo.pl\\\/blog\\\/#\\\/schema\\\/person\\\/a29ddb53515b4cfd337f1582146267d9\",\"name\":\"Julita Krzemi\u0144ska\",\"image\":{\"@type\":\"ImageObject\",\"inLanguage\":\"pl-PL\",\"@id\":\"https:\\\/\\\/secure.gravatar.com\\\/avatar\\\/e6adac54b1d18b21f8567cc6208ef43409e661f1070cf8be2e6912306b99d439?s=96&d=mm&r=g\",\"url\":\"https:\\\/\\\/secure.gravatar.com\\\/avatar\\\/e6adac54b1d18b21f8567cc6208ef43409e661f1070cf8be2e6912306b99d439?s=96&d=mm&r=g\",\"contentUrl\":\"https:\\\/\\\/secure.gravatar.com\\\/avatar\\\/e6adac54b1d18b21f8567cc6208ef43409e661f1070cf8be2e6912306b99d439?s=96&d=mm&r=g\",\"caption\":\"Julita Krzemi\u0144ska\"},\"url\":\"https:\\\/\\\/www.znakowo.pl\\\/blog\\\/author\\\/jkrzeminska\\\/\"}]}<\/script>\n<!-- \/ Yoast SEO plugin. -->","yoast_head_json":{"title":"Pasy transportowe do mocowania \u0142adunk\u00f3w \u2013 na co zwr\u00f3ci\u0107 uwag\u0119?","description":"W\u0142a\u015bciwe zabezpieczenie i zamocowanie jest bardzo istotne ze wzgl\u0119d\u00f3w bezpiecze\u0144stwa. Jakie pasy transportowe wybra\u0107 i na co zwr\u00f3ci\u0107 uwag\u0119?","robots":{"index":"index","follow":"follow","max-snippet":"max-snippet:-1","max-image-preview":"max-image-preview:large","max-video-preview":"max-video-preview:-1"},"canonical":"https:\/\/www.znakowo.pl\/blog\/pasy-transportowe\/","og_locale":"pl_PL","og_type":"article","og_title":"Pasy transportowe do mocowania \u0142adunk\u00f3w \u2013 na co zwr\u00f3ci\u0107 uwag\u0119?","og_description":"W\u0142a\u015bciwe zabezpieczenie i zamocowanie jest bardzo istotne ze wzgl\u0119d\u00f3w bezpiecze\u0144stwa. Jakie pasy transportowe wybra\u0107 i na co zwr\u00f3ci\u0107 uwag\u0119?","og_url":"https:\/\/www.znakowo.pl\/blog\/pasy-transportowe\/","og_site_name":"Blog znakowo.pl","article_publisher":"https:\/\/www.facebook.com\/Znakowo\/","article_published_time":"2023-11-30T13:54:31+00:00","article_modified_time":"2023-11-30T13:54:32+00:00","og_image":[{"width":1707,"height":2560,"url":"https:\/\/www.znakowo.pl\/blog\/wp-content\/uploads\/2023\/11\/front-view-christmas-gift-concept-scaled.jpg","type":"image\/jpeg"}],"author":"Julita Krzemi\u0144ska","twitter_card":"summary_large_image","twitter_misc":{"Napisane przez":"Julita Krzemi\u0144ska","Szacowany czas czytania":"3 minuty"},"schema":{"@context":"https:\/\/schema.org","@graph":[{"@type":"Article","@id":"https:\/\/www.znakowo.pl\/blog\/pasy-transportowe\/#article","isPartOf":{"@id":"https:\/\/www.znakowo.pl\/blog\/pasy-transportowe\/"},"author":{"name":"Julita Krzemi\u0144ska","@id":"https:\/\/www.znakowo.pl\/blog\/#\/schema\/person\/a29ddb53515b4cfd337f1582146267d9"},"headline":"Pasy transportowe do mocowania \u0142adunk\u00f3w \u2013 na co zwr\u00f3ci\u0107 uwag\u0119?","datePublished":"2023-11-30T13:54:31+00:00","dateModified":"2023-11-30T13:54:32+00:00","mainEntityOfPage":{"@id":"https:\/\/www.znakowo.pl\/blog\/pasy-transportowe\/"},"wordCount":434,"publisher":{"@id":"https:\/\/www.znakowo.pl\/blog\/#organization"},"image":{"@id":"https:\/\/www.znakowo.pl\/blog\/pasy-transportowe\/#primaryimage"},"thumbnailUrl":"https:\/\/www.znakowo.pl\/blog\/wp-content\/uploads\/2023\/11\/front-view-christmas-gift-concept-scaled.jpg","articleSection":["Przepisy, ustawy"],"inLanguage":"pl-PL"},{"@type":"WebPage","@id":"https:\/\/www.znakowo.pl\/blog\/pasy-transportowe\/","url":"https:\/\/www.znakowo.pl\/blog\/pasy-transportowe\/","name":"Pasy transportowe do mocowania \u0142adunk\u00f3w \u2013 na co zwr\u00f3ci\u0107 uwag\u0119?","isPartOf":{"@id":"https:\/\/www.znakowo.pl\/blog\/#website"},"primaryImageOfPage":{"@id":"https:\/\/www.znakowo.pl\/blog\/pasy-transportowe\/#primaryimage"},"image":{"@id":"https:\/\/www.znakowo.pl\/blog\/pasy-transportowe\/#primaryimage"},"thumbnailUrl":"https:\/\/www.znakowo.pl\/blog\/wp-content\/uploads\/2023\/11\/front-view-christmas-gift-concept-scaled.jpg","datePublished":"2023-11-30T13:54:31+00:00","dateModified":"2023-11-30T13:54:32+00:00","description":"W\u0142a\u015bciwe zabezpieczenie i zamocowanie jest bardzo istotne ze wzgl\u0119d\u00f3w bezpiecze\u0144stwa. Jakie pasy transportowe wybra\u0107 i na co zwr\u00f3ci\u0107 uwag\u0119?","breadcrumb":{"@id":"https:\/\/www.znakowo.pl\/blog\/pasy-transportowe\/#breadcrumb"},"inLanguage":"pl-PL","potentialAction":[{"@type":"ReadAction","target":["https:\/\/www.znakowo.pl\/blog\/pasy-transportowe\/"]}]},{"@type":"ImageObject","inLanguage":"pl-PL","@id":"https:\/\/www.znakowo.pl\/blog\/pasy-transportowe\/#primaryimage","url":"https:\/\/www.znakowo.pl\/blog\/wp-content\/uploads\/2023\/11\/front-view-christmas-gift-concept-scaled.jpg","contentUrl":"https:\/\/www.znakowo.pl\/blog\/wp-content\/uploads\/2023\/11\/front-view-christmas-gift-concept-scaled.jpg","width":1707,"height":2560,"caption":"Pasy transportowe"},{"@type":"BreadcrumbList","@id":"https:\/\/www.znakowo.pl\/blog\/pasy-transportowe\/#breadcrumb","itemListElement":[{"@type":"ListItem","position":1,"name":"Strona g\u0142\u00f3wna","item":"https:\/\/www.znakowo.pl\/blog\/"},{"@type":"ListItem","position":2,"name":"Pasy transportowe do mocowania \u0142adunk\u00f3w \u2013 na co zwr\u00f3ci\u0107 uwag\u0119?"}]},{"@type":"WebSite","@id":"https:\/\/www.znakowo.pl\/blog\/#website","url":"https:\/\/www.znakowo.pl\/blog\/","name":"Blog znakowo.pl","description":"","publisher":{"@id":"https:\/\/www.znakowo.pl\/blog\/#organization"},"potentialAction":[{"@type":"SearchAction","target":{"@type":"EntryPoint","urlTemplate":"https:\/\/www.znakowo.pl\/blog\/?s={search_term_string}"},"query-input":{"@type":"PropertyValueSpecification","valueRequired":true,"valueName":"search_term_string"}}],"inLanguage":"pl-PL"},{"@type":"Organization","@id":"https:\/\/www.znakowo.pl\/blog\/#organization","name":"Znakowo.pl","url":"https:\/\/www.znakowo.pl\/blog\/","logo":{"@type":"ImageObject","inLanguage":"pl-PL","@id":"https:\/\/www.znakowo.pl\/blog\/#\/schema\/logo\/image\/","url":"https:\/\/www.znakowo.pl\/blog\/wp-content\/uploads\/2017\/05\/logo_1.png","contentUrl":"https:\/\/www.znakowo.pl\/blog\/wp-content\/uploads\/2017\/05\/logo_1.png","width":277,"height":94,"caption":"Znakowo.pl"},"image":{"@id":"https:\/\/www.znakowo.pl\/blog\/#\/schema\/logo\/image\/"},"sameAs":["https:\/\/www.facebook.com\/Znakowo\/"]},{"@type":"Person","@id":"https:\/\/www.znakowo.pl\/blog\/#\/schema\/person\/a29ddb53515b4cfd337f1582146267d9","name":"Julita Krzemi\u0144ska","image":{"@type":"ImageObject","inLanguage":"pl-PL","@id":"https:\/\/secure.gravatar.com\/avatar\/e6adac54b1d18b21f8567cc6208ef43409e661f1070cf8be2e6912306b99d439?s=96&d=mm&r=g","url":"https:\/\/secure.gravatar.com\/avatar\/e6adac54b1d18b21f8567cc6208ef43409e661f1070cf8be2e6912306b99d439?s=96&d=mm&r=g","contentUrl":"https:\/\/secure.gravatar.com\/avatar\/e6adac54b1d18b21f8567cc6208ef43409e661f1070cf8be2e6912306b99d439?s=96&d=mm&r=g","caption":"Julita Krzemi\u0144ska"},"url":"https:\/\/www.znakowo.pl\/blog\/author\/jkrzeminska\/"}]}},"_links":{"self":[{"href":"https:\/\/www.znakowo.pl\/blog\/wp-json\/wp\/v2\/posts\/6111","targetHints":{"allow":["GET"]}}],"collection":[{"href":"https:\/\/www.znakowo.pl\/blog\/wp-json\/wp\/v2\/posts"}],"about":[{"href":"https:\/\/www.znakowo.pl\/blog\/wp-json\/wp\/v2\/types\/post"}],"author":[{"embeddable":true,"href":"https:\/\/www.znakowo.pl\/blog\/wp-json\/wp\/v2\/users\/3"}],"replies":[{"embeddable":true,"href":"https:\/\/www.znakowo.pl\/blog\/wp-json\/wp\/v2\/comments?post=6111"}],"version-history":[{"count":1,"href":"https:\/\/www.znakowo.pl\/blog\/wp-json\/wp\/v2\/posts\/6111\/revisions"}],"predecessor-version":[{"id":6112,"href":"https:\/\/www.znakowo.pl\/blog\/wp-json\/wp\/v2\/posts\/6111\/revisions\/6112"}],"wp:featuredmedia":[{"embeddable":true,"href":"https:\/\/www.znakowo.pl\/blog\/wp-json\/wp\/v2\/media\/6130"}],"wp:attachment":[{"href":"https:\/\/www.znakowo.pl\/blog\/wp-json\/wp\/v2\/media?parent=6111"}],"wp:term":[{"taxonomy":"category","embeddable":true,"href":"https:\/\/www.znakowo.pl\/blog\/wp-json\/wp\/v2\/categories?post=6111"},{"taxonomy":"post_tag","embeddable":true,"href":"https:\/\/www.znakowo.pl\/blog\/wp-json\/wp\/v2\/tags?post=6111"}],"curies":[{"name":"wp","href":"https:\/\/api.w.org\/{rel}","templated":true}]}}