{"id":6161,"date":"2023-12-21T13:00:00","date_gmt":"2023-12-21T12:00:00","guid":{"rendered":"https:\/\/www.znakowo.pl\/blog\/?p=6161"},"modified":"2024-03-13T19:46:43","modified_gmt":"2024-03-13T18:46:43","slug":"kontrapas-dla-rowerow","status":"publish","type":"post","link":"https:\/\/www.znakowo.pl\/blog\/kontrapas-dla-rowerow\/","title":{"rendered":"Co to jest kontrapas dla rower\u00f3w i jak powinien by\u0107 oznakowany?"},"content":{"rendered":"\n<p>Kontrapas dla rower\u00f3w \u2013&nbsp; sprawd\u017a, gdzie i na jakich zasadach mo\u017ce by\u0107 wyznaczony i jakie s\u0105 zasady jego oznakowania.<\/p>\n\n\n<p><!--more--><\/p>\n\n\n<div id=\"ez-toc-container\" class=\"ez-toc-v2_0_82_2 counter-hierarchy ez-toc-counter ez-toc-grey ez-toc-container-direction\">\n<div class=\"ez-toc-title-container\">\n<p class=\"ez-toc-title\" style=\"cursor:inherit\">Spis tre\u015bci<\/p>\n<span class=\"ez-toc-title-toggle\"><a href=\"#\" class=\"ez-toc-pull-right ez-toc-btn ez-toc-btn-xs ez-toc-btn-default ez-toc-toggle\" aria-label=\"Prze\u0142\u0105cznik Spisu Tre\u015bci\"><span class=\"ez-toc-js-icon-con\"><span class=\"\"><span class=\"eztoc-hide\" style=\"display:none;\">Toggle<\/span><span class=\"ez-toc-icon-toggle-span\"><svg style=\"fill: #999;color:#999\" xmlns=\"http:\/\/www.w3.org\/2000\/svg\" class=\"list-377408\" width=\"20px\" height=\"20px\" viewBox=\"0 0 24 24\" fill=\"none\"><path d=\"M6 6H4v2h2V6zm14 0H8v2h12V6zM4 11h2v2H4v-2zm16 0H8v2h12v-2zM4 16h2v2H4v-2zm16 0H8v2h12v-2z\" fill=\"currentColor\"><\/path><\/svg><svg style=\"fill: #999;color:#999\" class=\"arrow-unsorted-368013\" xmlns=\"http:\/\/www.w3.org\/2000\/svg\" width=\"10px\" height=\"10px\" viewBox=\"0 0 24 24\" version=\"1.2\" baseProfile=\"tiny\"><path d=\"M18.2 9.3l-6.2-6.3-6.2 6.3c-.2.2-.3.4-.3.7s.1.5.3.7c.2.2.4.3.7.3h11c.3 0 .5-.1.7-.3.2-.2.3-.5.3-.7s-.1-.5-.3-.7zM5.8 14.7l6.2 6.3 6.2-6.3c.2-.2.3-.5.3-.7s-.1-.5-.3-.7c-.2-.2-.4-.3-.7-.3h-11c-.3 0-.5.1-.7.3-.2.2-.3.5-.3.7s.1.5.3.7z\"\/><\/svg><\/span><\/span><\/span><\/a><\/span><\/div>\n<nav><ul class='ez-toc-list ez-toc-list-level-1 ' ><li class='ez-toc-page-1 ez-toc-heading-level-2'><a class=\"ez-toc-link ez-toc-heading-1\" href=\"https:\/\/www.znakowo.pl\/blog\/kontrapas-dla-rowerow\/#Kontrapas_dla_rowerow_a_przepisy\" >Kontrapas dla rower\u00f3w a przepisy<\/a><\/li><li class='ez-toc-page-1 ez-toc-heading-level-2'><a class=\"ez-toc-link ez-toc-heading-2\" href=\"https:\/\/www.znakowo.pl\/blog\/kontrapas-dla-rowerow\/#Co_to_jest_kontrapas_dla_rowerow\" >Co to jest kontrapas dla rower\u00f3w?<\/a><\/li><li class='ez-toc-page-1 ez-toc-heading-level-2'><a class=\"ez-toc-link ez-toc-heading-3\" href=\"https:\/\/www.znakowo.pl\/blog\/kontrapas-dla-rowerow\/#Oznakowanie_kontrapasow\" >Oznakowanie kontrapas\u00f3w<\/a><\/li><\/ul><\/nav><\/div>\n<h2 class=\"wp-block-heading\"><span class=\"ez-toc-section\" id=\"Kontrapas_dla_rowerow_a_przepisy\"><\/span>Kontrapas dla rower\u00f3w a przepisy<span class=\"ez-toc-section-end\"><\/span><\/h2>\n\n\n\n<p>Kodeks drogowy nie definiuje poj\u0119cia \u201ekontrapas dla rower\u00f3w\u201d. Oczywi\u015bcie, nie oznacza to, \u017ce kontrapasy istniej\u0105 wbrew przepisom. Czym zatem s\u0105 kontrapasy i na jakiej zasadzie mog\u0105 by\u0107 wyznaczane? Warto spojrze\u0107 na definicj\u0119 pasa ruchu dla rower\u00f3w. Zgodnie z zapisami ustawy to cz\u0119\u015b\u0107 jezdni, kt\u00f3ra przeznaczona jest do ruchu rower\u00f3w w jednym kierunku i kt\u00f3ra oznaczona jest odpowiednimi znakami drogowymi. Zapis reguluj\u0105cy kwesti\u0119 kontrapas\u00f3w znajduje si\u0119 w za\u0142\u0105czniku nr 2 do rozporz\u0105dzenia Ministra Infrastruktury w sprawie szczeg\u00f3\u0142owych warunk\u00f3w technicznych dla znak\u00f3w i sygna\u0142\u00f3w drogowych oraz urz\u0105dze\u0144 BRD i warunk\u00f3w umieszczania ich na drogach. W punkcie 7.11.1 wskazano, \u017ce na jezdni drogi jednokierunkowej w obszarze zabudowanym, na kt\u00f3rej dopuszczalna pr\u0119dko\u015b\u0107 pojazdu lub zespo\u0142u pojazd\u00f3w nie jest wy\u017csza ni\u017c pr\u0119dko\u015b\u0107 okre\u015blona w Kodeksie drogowym, dopuszcza si\u0119 lokalizowanie pasa ruchu dla rower\u00f3w w kierunku przeciwnym do kierunku wskazanego znakiem D-3.<\/p>\n\n\n\n<h2 class=\"wp-block-heading\"><span class=\"ez-toc-section\" id=\"Co_to_jest_kontrapas_dla_rowerow\"><\/span>Co to jest kontrapas dla rower\u00f3w?<span class=\"ez-toc-section-end\"><\/span><\/h2>\n\n\n\n<p>Kontrapas dla rower\u00f3w to pas ruchu:<\/p>\n\n\n\n<ul class=\"wp-block-list\">\n<li>wyznaczony na drodze jednokierunkowej,<\/li>\n\n\n\n<li>oznakowany odpowiednimi znakami pionowymi i poziomymi,<\/li>\n\n\n\n<li>przeznaczony do poruszania si\u0119 w kierunku przeciwnym ni\u017c kierunek ruchu obowi\u0105zuj\u0105cy na ulicy jednokierunkowej (rowerzy\u015bci jad\u0105 \u201epod pr\u0105d\u201d).<\/li>\n<\/ul>\n\n\n\n<p>Kontrapasy mog\u0105 by\u0107 wyznaczane na ulicach, na kt\u00f3rych dopuszczalna pr\u0119dko\u015b\u0107 nie jest wi\u0119ksza ni\u017c 50 km\/h.<\/p>\n\n\n\n<p>Warto pami\u0119ta\u0107, \u017ce kontrapas nie jest \u015bcie\u017ck\u0105 rowerow\u0105. Oznacza to, \u017ce rowerzy\u015bci mog\u0105 porusza\u0107 si\u0119 po kontrapasie tylko w jednym kierunku.<\/p>\n\n\n\n<div class=\"product-small-box-content display-flex\">\n          <a href=\"https:\/\/www.znakowo.pl\/produkt\/szablon-znaku-drogowego-p-23-droga-rowerowa,fr_464,8413.html\" class=\"product-small\">\n          <div class=\"product-small-box\">\n              <div class=\"product-small-img\">\n                                    <img decoding=\"async\" src=\"https:\/\/tdc.znakowo.pl\/thumbs\/szablon-znaku-drogowego-p-23-droga-rowerowa-22068-8413-160-160-0.jpg\" alt=\"Szablon znaku drogowego P-23 Droga rowerowa - Co to jest kontrapas dla rower\u00f3w i jak powinien by\u0107 oznakowany?\" title=\"Szablon znaku drogowego P-23 Droga rowerowa - Co to jest kontrapas dla rower\u00f3w i jak powinien by\u0107 oznakowany?\" \/>\n              <\/div>\n              <div class=\"product-small-title\">\n                  Szablon znaku drogowego P-23 Droga rowerowa              <\/div>\n          <\/div>\n      <\/a>    \n            <a href=\"https:\/\/www.znakowo.pl\/produkt\/szablon-znaku-drogowego-p-8a-strzalka-na-wprost,fr_472,8421.html\" class=\"product-small\">\n          <div class=\"product-small-box\">\n              <div class=\"product-small-img\">\n                                    <img decoding=\"async\" src=\"https:\/\/tdc.znakowo.pl\/thumbs\/szablon-znaku-drogowego-p-8a-strzalka-na-wprost-22076-8421-160-160-0.jpg\" alt=\"Szablon znaku drogowego P-8a Strza\u0142ka na wprost - Co to jest kontrapas dla rower\u00f3w i jak powinien by\u0107 oznakowany?\" title=\"Szablon znaku drogowego P-8a Strza\u0142ka na wprost - Co to jest kontrapas dla rower\u00f3w i jak powinien by\u0107 oznakowany?\" \/>\n              <\/div>\n              <div class=\"product-small-title\">\n                  Szablon znaku drogowego P-8a Strza\u0142ka na wprost              <\/div>\n          <\/div>\n      <\/a>    \n            <a href=\"https:\/\/www.znakowo.pl\/produkt\/farba-drogowa-bandax-sprint-530kg-biala,m-fd_bs-biala,9160.html\" class=\"product-small\">\n          <div class=\"product-small-box\">\n              <div class=\"product-small-img\">\n                                    <img decoding=\"async\" src=\"https:\/\/tdc.znakowo.pl\/thumbs\/farba-drogowa-bandax-sprint-530kg-biala-24976-9160-160-160-0.jpg\" alt=\"Farba drogowa Bandax Sprint 5\/30kg - bia\u0142a - Co to jest kontrapas dla rower\u00f3w i jak powinien by\u0107 oznakowany?\" title=\"Farba drogowa Bandax Sprint 5\/30kg - bia\u0142a - Co to jest kontrapas dla rower\u00f3w i jak powinien by\u0107 oznakowany?\" \/>\n              <\/div>\n              <div class=\"product-small-title\">\n                  Farba drogowa Bandax Sprint 5\/30kg - bia\u0142a              <\/div>\n          <\/div>\n      <\/a>    \n        \n    <div class=\"clearfix\"><\/div>    \n<\/div>\n\n\n\n\n<h2 class=\"wp-block-heading\"><span class=\"ez-toc-section\" id=\"Oznakowanie_kontrapasow\"><\/span>Oznakowanie kontrapas\u00f3w<span class=\"ez-toc-section-end\"><\/span><\/h2>\n\n\n\n<ul class=\"wp-block-list\">\n<li>Kontrapas na ca\u0142ej d\u0142ugo\u015bci jest wyznaczony i oddzielony od s\u0105siedniego pasa ruchu oznakowaniem poziomym \u2013 odpowiedni\u0105 lini\u0105 segregacyjn\u0105 P-1c, P-1e, P-2b, P-3b lub P-4.<\/li>\n\n\n\n<li>Wloty kontrapas\u00f3w mog\u0105 by\u0107 pomalowane na czerwono.<\/li>\n\n\n\n<li>Pas dla rower\u00f3w oznakowuje si\u0119 znakiem poziomym P-23.<\/li>\n\n\n\n<li>Aby wyeliminowa\u0107 w\u0105tpliwo\u015bci co do kierunku ruchu, cz\u0119sto na kontrapasie maluje si\u0119 odpowiednie strza\u0142ki.<\/li>\n\n\n\n<li>Na wlotach ulic jednokierunkowych, na kt\u00f3rych wyznaczone s\u0105 kontrapasy, ustawia si\u0119 <a href=\"https:\/\/www.znakowo.pl\/znaki-drogowe-zakazu-b\/\">znak zakazu<\/a> B-2 \u201eZakaz wjazdu\u201d oraz <a href=\"https:\/\/www.znakowo.pl\/znaki-tablice-informacyjne-drogowe-d\/\">znak informacyjny<\/a> D-3 \u201eDroga jednokierunkowa\u201d \u2013 oba z tabliczkami T-22 \u201eNie dotyczy\u201d z symbolem roweru.<\/li>\n<\/ul>\n\n\n\n<div class=\"product-small-box-content display-flex\">\n          <a href=\"https:\/\/www.znakowo.pl\/produkt\/znak-b-2-zakaz-wjazdu-drogowy-zakazu,sfb-2,2266.html\" class=\"product-small\">\n          <div class=\"product-small-box\">\n              <div class=\"product-small-img\">\n                                    <img decoding=\"async\" src=\"https:\/\/tdc.znakowo.pl\/thumbs\/znak-b-2-zakaz-wjazdu-drogowy-zakazu-6791-2266-160-160-0.jpg\" alt=\"Znak B-2 Zakaz wjazdu - drogowy zakazu - Co to jest kontrapas dla rower\u00f3w i jak powinien by\u0107 oznakowany?\" title=\"Znak B-2 Zakaz wjazdu - drogowy zakazu - Co to jest kontrapas dla rower\u00f3w i jak powinien by\u0107 oznakowany?\" \/>\n              <\/div>\n              <div class=\"product-small-title\">\n                  Znak B-2 Zakaz wjazdu - drogowy zakazu              <\/div>\n          <\/div>\n      <\/a>    \n            <a href=\"https:\/\/www.znakowo.pl\/produkt\/znak-d-3-droga-jednokierunkowa-drogowy-informacyjny,sfd-3,2346.html\" class=\"product-small\">\n          <div class=\"product-small-box\">\n              <div class=\"product-small-img\">\n                                    <img decoding=\"async\" src=\"https:\/\/tdc.znakowo.pl\/thumbs\/znak-d-3-droga-jednokierunkowa-drogowy-informacyjny-6901-2346-160-160-0.jpg\" alt=\"Znak D-3 Droga jednokierunkowa - drogowy informacyjny - Co to jest kontrapas dla rower\u00f3w i jak powinien by\u0107 oznakowany?\" title=\"Znak D-3 Droga jednokierunkowa - drogowy informacyjny - Co to jest kontrapas dla rower\u00f3w i jak powinien by\u0107 oznakowany?\" \/>\n              <\/div>\n              <div class=\"product-small-title\">\n                  Znak D-3 Droga jednokierunkowa - drogowy informacyjny              <\/div>\n          <\/div>\n      <\/a>    \n            <a href=\"https:\/\/www.znakowo.pl\/produkt\/znak-t-22-tabliczka-wskazujaca-ze-znak-nie-dotyczy-rowerow-jednosladowych-drogowy,sft-22,2506.html\" class=\"product-small\">\n          <div class=\"product-small-box\">\n              <div class=\"product-small-img\">\n                                    <img decoding=\"async\" src=\"https:\/\/tdc.znakowo.pl\/thumbs\/znak-t-22-tabliczka-wskazujaca-ze-znak-nie-dotyczy-rowerow-jednosladowych-drogowy-6961-2506-160-160-0.jpg\" alt=\"Znak T-22 Tabliczka wskazuj\u0105ca, \u017ce znak nie dotyczy rower\u00f3w jedno\u015bladowych - drogowy - Co to jest kontrapas dla rower\u00f3w i jak powinien by\u0107 oznakowany?\" title=\"Znak T-22 Tabliczka wskazuj\u0105ca, \u017ce znak nie dotyczy rower\u00f3w jedno\u015bladowych - drogowy - Co to jest kontrapas dla rower\u00f3w i jak powinien by\u0107 oznakowany?\" \/>\n              <\/div>\n              <div class=\"product-small-title\">\n                  Znak T-22 Tabliczka wskazuj\u0105ca, \u017ce znak nie dotyczy rower\u00f3w jedno\u015bladowych - drogowy              <\/div>\n          <\/div>\n      <\/a>    \n        \n    <div class=\"clearfix\"><\/div>    \n<\/div>\n\n","protected":false},"excerpt":{"rendered":"<p>Kontrapas dla rower\u00f3w \u2013&nbsp; sprawd\u017a, gdzie i na jakich zasadach mo\u017ce by\u0107 wyznaczony i jakie s\u0105 zasady jego oznakowania.<\/p>\n","protected":false},"author":3,"featured_media":6195,"comment_status":"closed","ping_status":"closed","sticky":false,"template":"","format":"standard","meta":{"_acf_changed":false,"footnotes":""},"categories":[657],"tags":[],"class_list":["post-6161","post","type-post","status-publish","format-standard","has-post-thumbnail","hentry","category-bezpieczenstwo-ruchu-drogowego"],"acf":[],"yoast_head":"<!-- This site is optimized with the Yoast SEO plugin v27.4 - https:\/\/yoast.com\/product\/yoast-seo-wordpress\/ -->\n<title>Co to jest kontrapas dla rower\u00f3w i jak powinien by\u0107 oznakowany?<\/title>\n<meta name=\"description\" content=\"Czy wiesz, co to jest kontrapas dla rower\u00f3w? Sprawdzamy, kiedy mo\u017ce by\u0107 wyznaczany, jak jest oznakowany i jak si\u0119 po nim porusza\u0107.\" \/>\n<meta name=\"robots\" content=\"index, follow, max-snippet:-1, max-image-preview:large, max-video-preview:-1\" \/>\n<link rel=\"canonical\" href=\"https:\/\/www.znakowo.pl\/blog\/kontrapas-dla-rowerow\/\" \/>\n<meta property=\"og:locale\" content=\"pl_PL\" \/>\n<meta property=\"og:type\" content=\"article\" \/>\n<meta property=\"og:title\" content=\"Co to jest kontrapas dla rower\u00f3w i jak powinien by\u0107 oznakowany?\" \/>\n<meta property=\"og:description\" content=\"Czy wiesz, co to jest kontrapas dla rower\u00f3w? Sprawdzamy, kiedy mo\u017ce by\u0107 wyznaczany, jak jest oznakowany i jak si\u0119 po nim porusza\u0107.\" \/>\n<meta property=\"og:url\" content=\"https:\/\/www.znakowo.pl\/blog\/kontrapas-dla-rowerow\/\" \/>\n<meta property=\"og:site_name\" content=\"Blog znakowo.pl\" \/>\n<meta property=\"article:publisher\" content=\"https:\/\/www.facebook.com\/Znakowo\/\" \/>\n<meta property=\"article:published_time\" content=\"2023-12-21T12:00:00+00:00\" \/>\n<meta property=\"article:modified_time\" content=\"2024-03-13T18:46:43+00:00\" \/>\n<meta property=\"og:image\" content=\"https:\/\/www.znakowo.pl\/blog\/wp-content\/uploads\/2023\/12\/overhead-view-cycle-shadow-asphalt-scaled.jpg\" \/>\n\t<meta property=\"og:image:width\" content=\"2560\" \/>\n\t<meta property=\"og:image:height\" content=\"1709\" \/>\n\t<meta property=\"og:image:type\" content=\"image\/jpeg\" \/>\n<meta name=\"author\" content=\"Julita Krzemi\u0144ska\" \/>\n<meta name=\"twitter:card\" content=\"summary_large_image\" \/>\n<meta name=\"twitter:label1\" content=\"Napisane przez\" \/>\n\t<meta name=\"twitter:data1\" content=\"Julita Krzemi\u0144ska\" \/>\n\t<meta name=\"twitter:label2\" content=\"Szacowany czas czytania\" \/>\n\t<meta name=\"twitter:data2\" content=\"3 minuty\" \/>\n<script type=\"application\/ld+json\" class=\"yoast-schema-graph\">{\"@context\":\"https:\\\/\\\/schema.org\",\"@graph\":[{\"@type\":\"Article\",\"@id\":\"https:\\\/\\\/www.znakowo.pl\\\/blog\\\/kontrapas-dla-rowerow\\\/#article\",\"isPartOf\":{\"@id\":\"https:\\\/\\\/www.znakowo.pl\\\/blog\\\/kontrapas-dla-rowerow\\\/\"},\"author\":{\"name\":\"Julita Krzemi\u0144ska\",\"@id\":\"https:\\\/\\\/www.znakowo.pl\\\/blog\\\/#\\\/schema\\\/person\\\/a29ddb53515b4cfd337f1582146267d9\"},\"headline\":\"Co to jest kontrapas dla rower\u00f3w i jak powinien by\u0107 oznakowany?\",\"datePublished\":\"2023-12-21T12:00:00+00:00\",\"dateModified\":\"2024-03-13T18:46:43+00:00\",\"mainEntityOfPage\":{\"@id\":\"https:\\\/\\\/www.znakowo.pl\\\/blog\\\/kontrapas-dla-rowerow\\\/\"},\"wordCount\":396,\"publisher\":{\"@id\":\"https:\\\/\\\/www.znakowo.pl\\\/blog\\\/#organization\"},\"image\":{\"@id\":\"https:\\\/\\\/www.znakowo.pl\\\/blog\\\/kontrapas-dla-rowerow\\\/#primaryimage\"},\"thumbnailUrl\":\"https:\\\/\\\/www.znakowo.pl\\\/blog\\\/wp-content\\\/uploads\\\/2023\\\/12\\\/overhead-view-cycle-shadow-asphalt-scaled.jpg\",\"articleSection\":[\"Bezpiecze\u0144stwo ruchu drogowego\"],\"inLanguage\":\"pl-PL\"},{\"@type\":\"WebPage\",\"@id\":\"https:\\\/\\\/www.znakowo.pl\\\/blog\\\/kontrapas-dla-rowerow\\\/\",\"url\":\"https:\\\/\\\/www.znakowo.pl\\\/blog\\\/kontrapas-dla-rowerow\\\/\",\"name\":\"Co to jest kontrapas dla rower\u00f3w i jak powinien by\u0107 oznakowany?\",\"isPartOf\":{\"@id\":\"https:\\\/\\\/www.znakowo.pl\\\/blog\\\/#website\"},\"primaryImageOfPage\":{\"@id\":\"https:\\\/\\\/www.znakowo.pl\\\/blog\\\/kontrapas-dla-rowerow\\\/#primaryimage\"},\"image\":{\"@id\":\"https:\\\/\\\/www.znakowo.pl\\\/blog\\\/kontrapas-dla-rowerow\\\/#primaryimage\"},\"thumbnailUrl\":\"https:\\\/\\\/www.znakowo.pl\\\/blog\\\/wp-content\\\/uploads\\\/2023\\\/12\\\/overhead-view-cycle-shadow-asphalt-scaled.jpg\",\"datePublished\":\"2023-12-21T12:00:00+00:00\",\"dateModified\":\"2024-03-13T18:46:43+00:00\",\"description\":\"Czy wiesz, co to jest kontrapas dla rower\u00f3w? Sprawdzamy, kiedy mo\u017ce by\u0107 wyznaczany, jak jest oznakowany i jak si\u0119 po nim porusza\u0107.\",\"breadcrumb\":{\"@id\":\"https:\\\/\\\/www.znakowo.pl\\\/blog\\\/kontrapas-dla-rowerow\\\/#breadcrumb\"},\"inLanguage\":\"pl-PL\",\"potentialAction\":[{\"@type\":\"ReadAction\",\"target\":[\"https:\\\/\\\/www.znakowo.pl\\\/blog\\\/kontrapas-dla-rowerow\\\/\"]}]},{\"@type\":\"ImageObject\",\"inLanguage\":\"pl-PL\",\"@id\":\"https:\\\/\\\/www.znakowo.pl\\\/blog\\\/kontrapas-dla-rowerow\\\/#primaryimage\",\"url\":\"https:\\\/\\\/www.znakowo.pl\\\/blog\\\/wp-content\\\/uploads\\\/2023\\\/12\\\/overhead-view-cycle-shadow-asphalt-scaled.jpg\",\"contentUrl\":\"https:\\\/\\\/www.znakowo.pl\\\/blog\\\/wp-content\\\/uploads\\\/2023\\\/12\\\/overhead-view-cycle-shadow-asphalt-scaled.jpg\",\"width\":2560,\"height\":1709,\"caption\":\"kontrapas dla rowerow\"},{\"@type\":\"BreadcrumbList\",\"@id\":\"https:\\\/\\\/www.znakowo.pl\\\/blog\\\/kontrapas-dla-rowerow\\\/#breadcrumb\",\"itemListElement\":[{\"@type\":\"ListItem\",\"position\":1,\"name\":\"Strona g\u0142\u00f3wna\",\"item\":\"https:\\\/\\\/www.znakowo.pl\\\/blog\\\/\"},{\"@type\":\"ListItem\",\"position\":2,\"name\":\"Co to jest kontrapas dla rower\u00f3w i jak powinien by\u0107 oznakowany?\"}]},{\"@type\":\"WebSite\",\"@id\":\"https:\\\/\\\/www.znakowo.pl\\\/blog\\\/#website\",\"url\":\"https:\\\/\\\/www.znakowo.pl\\\/blog\\\/\",\"name\":\"Blog znakowo.pl\",\"description\":\"\",\"publisher\":{\"@id\":\"https:\\\/\\\/www.znakowo.pl\\\/blog\\\/#organization\"},\"potentialAction\":[{\"@type\":\"SearchAction\",\"target\":{\"@type\":\"EntryPoint\",\"urlTemplate\":\"https:\\\/\\\/www.znakowo.pl\\\/blog\\\/?s={search_term_string}\"},\"query-input\":{\"@type\":\"PropertyValueSpecification\",\"valueRequired\":true,\"valueName\":\"search_term_string\"}}],\"inLanguage\":\"pl-PL\"},{\"@type\":\"Organization\",\"@id\":\"https:\\\/\\\/www.znakowo.pl\\\/blog\\\/#organization\",\"name\":\"Znakowo.pl\",\"url\":\"https:\\\/\\\/www.znakowo.pl\\\/blog\\\/\",\"logo\":{\"@type\":\"ImageObject\",\"inLanguage\":\"pl-PL\",\"@id\":\"https:\\\/\\\/www.znakowo.pl\\\/blog\\\/#\\\/schema\\\/logo\\\/image\\\/\",\"url\":\"https:\\\/\\\/www.znakowo.pl\\\/blog\\\/wp-content\\\/uploads\\\/2017\\\/05\\\/logo_1.png\",\"contentUrl\":\"https:\\\/\\\/www.znakowo.pl\\\/blog\\\/wp-content\\\/uploads\\\/2017\\\/05\\\/logo_1.png\",\"width\":277,\"height\":94,\"caption\":\"Znakowo.pl\"},\"image\":{\"@id\":\"https:\\\/\\\/www.znakowo.pl\\\/blog\\\/#\\\/schema\\\/logo\\\/image\\\/\"},\"sameAs\":[\"https:\\\/\\\/www.facebook.com\\\/Znakowo\\\/\"]},{\"@type\":\"Person\",\"@id\":\"https:\\\/\\\/www.znakowo.pl\\\/blog\\\/#\\\/schema\\\/person\\\/a29ddb53515b4cfd337f1582146267d9\",\"name\":\"Julita Krzemi\u0144ska\",\"image\":{\"@type\":\"ImageObject\",\"inLanguage\":\"pl-PL\",\"@id\":\"https:\\\/\\\/secure.gravatar.com\\\/avatar\\\/e6adac54b1d18b21f8567cc6208ef43409e661f1070cf8be2e6912306b99d439?s=96&d=mm&r=g\",\"url\":\"https:\\\/\\\/secure.gravatar.com\\\/avatar\\\/e6adac54b1d18b21f8567cc6208ef43409e661f1070cf8be2e6912306b99d439?s=96&d=mm&r=g\",\"contentUrl\":\"https:\\\/\\\/secure.gravatar.com\\\/avatar\\\/e6adac54b1d18b21f8567cc6208ef43409e661f1070cf8be2e6912306b99d439?s=96&d=mm&r=g\",\"caption\":\"Julita Krzemi\u0144ska\"},\"url\":\"https:\\\/\\\/www.znakowo.pl\\\/blog\\\/author\\\/jkrzeminska\\\/\"}]}<\/script>\n<!-- \/ Yoast SEO plugin. -->","yoast_head_json":{"title":"Co to jest kontrapas dla rower\u00f3w i jak powinien by\u0107 oznakowany?","description":"Czy wiesz, co to jest kontrapas dla rower\u00f3w? Sprawdzamy, kiedy mo\u017ce by\u0107 wyznaczany, jak jest oznakowany i jak si\u0119 po nim porusza\u0107.","robots":{"index":"index","follow":"follow","max-snippet":"max-snippet:-1","max-image-preview":"max-image-preview:large","max-video-preview":"max-video-preview:-1"},"canonical":"https:\/\/www.znakowo.pl\/blog\/kontrapas-dla-rowerow\/","og_locale":"pl_PL","og_type":"article","og_title":"Co to jest kontrapas dla rower\u00f3w i jak powinien by\u0107 oznakowany?","og_description":"Czy wiesz, co to jest kontrapas dla rower\u00f3w? Sprawdzamy, kiedy mo\u017ce by\u0107 wyznaczany, jak jest oznakowany i jak si\u0119 po nim porusza\u0107.","og_url":"https:\/\/www.znakowo.pl\/blog\/kontrapas-dla-rowerow\/","og_site_name":"Blog znakowo.pl","article_publisher":"https:\/\/www.facebook.com\/Znakowo\/","article_published_time":"2023-12-21T12:00:00+00:00","article_modified_time":"2024-03-13T18:46:43+00:00","og_image":[{"width":2560,"height":1709,"url":"https:\/\/www.znakowo.pl\/blog\/wp-content\/uploads\/2023\/12\/overhead-view-cycle-shadow-asphalt-scaled.jpg","type":"image\/jpeg"}],"author":"Julita Krzemi\u0144ska","twitter_card":"summary_large_image","twitter_misc":{"Napisane przez":"Julita Krzemi\u0144ska","Szacowany czas czytania":"3 minuty"},"schema":{"@context":"https:\/\/schema.org","@graph":[{"@type":"Article","@id":"https:\/\/www.znakowo.pl\/blog\/kontrapas-dla-rowerow\/#article","isPartOf":{"@id":"https:\/\/www.znakowo.pl\/blog\/kontrapas-dla-rowerow\/"},"author":{"name":"Julita Krzemi\u0144ska","@id":"https:\/\/www.znakowo.pl\/blog\/#\/schema\/person\/a29ddb53515b4cfd337f1582146267d9"},"headline":"Co to jest kontrapas dla rower\u00f3w i jak powinien by\u0107 oznakowany?","datePublished":"2023-12-21T12:00:00+00:00","dateModified":"2024-03-13T18:46:43+00:00","mainEntityOfPage":{"@id":"https:\/\/www.znakowo.pl\/blog\/kontrapas-dla-rowerow\/"},"wordCount":396,"publisher":{"@id":"https:\/\/www.znakowo.pl\/blog\/#organization"},"image":{"@id":"https:\/\/www.znakowo.pl\/blog\/kontrapas-dla-rowerow\/#primaryimage"},"thumbnailUrl":"https:\/\/www.znakowo.pl\/blog\/wp-content\/uploads\/2023\/12\/overhead-view-cycle-shadow-asphalt-scaled.jpg","articleSection":["Bezpiecze\u0144stwo ruchu drogowego"],"inLanguage":"pl-PL"},{"@type":"WebPage","@id":"https:\/\/www.znakowo.pl\/blog\/kontrapas-dla-rowerow\/","url":"https:\/\/www.znakowo.pl\/blog\/kontrapas-dla-rowerow\/","name":"Co to jest kontrapas dla rower\u00f3w i jak powinien by\u0107 oznakowany?","isPartOf":{"@id":"https:\/\/www.znakowo.pl\/blog\/#website"},"primaryImageOfPage":{"@id":"https:\/\/www.znakowo.pl\/blog\/kontrapas-dla-rowerow\/#primaryimage"},"image":{"@id":"https:\/\/www.znakowo.pl\/blog\/kontrapas-dla-rowerow\/#primaryimage"},"thumbnailUrl":"https:\/\/www.znakowo.pl\/blog\/wp-content\/uploads\/2023\/12\/overhead-view-cycle-shadow-asphalt-scaled.jpg","datePublished":"2023-12-21T12:00:00+00:00","dateModified":"2024-03-13T18:46:43+00:00","description":"Czy wiesz, co to jest kontrapas dla rower\u00f3w? Sprawdzamy, kiedy mo\u017ce by\u0107 wyznaczany, jak jest oznakowany i jak si\u0119 po nim porusza\u0107.","breadcrumb":{"@id":"https:\/\/www.znakowo.pl\/blog\/kontrapas-dla-rowerow\/#breadcrumb"},"inLanguage":"pl-PL","potentialAction":[{"@type":"ReadAction","target":["https:\/\/www.znakowo.pl\/blog\/kontrapas-dla-rowerow\/"]}]},{"@type":"ImageObject","inLanguage":"pl-PL","@id":"https:\/\/www.znakowo.pl\/blog\/kontrapas-dla-rowerow\/#primaryimage","url":"https:\/\/www.znakowo.pl\/blog\/wp-content\/uploads\/2023\/12\/overhead-view-cycle-shadow-asphalt-scaled.jpg","contentUrl":"https:\/\/www.znakowo.pl\/blog\/wp-content\/uploads\/2023\/12\/overhead-view-cycle-shadow-asphalt-scaled.jpg","width":2560,"height":1709,"caption":"kontrapas dla rowerow"},{"@type":"BreadcrumbList","@id":"https:\/\/www.znakowo.pl\/blog\/kontrapas-dla-rowerow\/#breadcrumb","itemListElement":[{"@type":"ListItem","position":1,"name":"Strona g\u0142\u00f3wna","item":"https:\/\/www.znakowo.pl\/blog\/"},{"@type":"ListItem","position":2,"name":"Co to jest kontrapas dla rower\u00f3w i jak powinien by\u0107 oznakowany?"}]},{"@type":"WebSite","@id":"https:\/\/www.znakowo.pl\/blog\/#website","url":"https:\/\/www.znakowo.pl\/blog\/","name":"Blog znakowo.pl","description":"","publisher":{"@id":"https:\/\/www.znakowo.pl\/blog\/#organization"},"potentialAction":[{"@type":"SearchAction","target":{"@type":"EntryPoint","urlTemplate":"https:\/\/www.znakowo.pl\/blog\/?s={search_term_string}"},"query-input":{"@type":"PropertyValueSpecification","valueRequired":true,"valueName":"search_term_string"}}],"inLanguage":"pl-PL"},{"@type":"Organization","@id":"https:\/\/www.znakowo.pl\/blog\/#organization","name":"Znakowo.pl","url":"https:\/\/www.znakowo.pl\/blog\/","logo":{"@type":"ImageObject","inLanguage":"pl-PL","@id":"https:\/\/www.znakowo.pl\/blog\/#\/schema\/logo\/image\/","url":"https:\/\/www.znakowo.pl\/blog\/wp-content\/uploads\/2017\/05\/logo_1.png","contentUrl":"https:\/\/www.znakowo.pl\/blog\/wp-content\/uploads\/2017\/05\/logo_1.png","width":277,"height":94,"caption":"Znakowo.pl"},"image":{"@id":"https:\/\/www.znakowo.pl\/blog\/#\/schema\/logo\/image\/"},"sameAs":["https:\/\/www.facebook.com\/Znakowo\/"]},{"@type":"Person","@id":"https:\/\/www.znakowo.pl\/blog\/#\/schema\/person\/a29ddb53515b4cfd337f1582146267d9","name":"Julita Krzemi\u0144ska","image":{"@type":"ImageObject","inLanguage":"pl-PL","@id":"https:\/\/secure.gravatar.com\/avatar\/e6adac54b1d18b21f8567cc6208ef43409e661f1070cf8be2e6912306b99d439?s=96&d=mm&r=g","url":"https:\/\/secure.gravatar.com\/avatar\/e6adac54b1d18b21f8567cc6208ef43409e661f1070cf8be2e6912306b99d439?s=96&d=mm&r=g","contentUrl":"https:\/\/secure.gravatar.com\/avatar\/e6adac54b1d18b21f8567cc6208ef43409e661f1070cf8be2e6912306b99d439?s=96&d=mm&r=g","caption":"Julita Krzemi\u0144ska"},"url":"https:\/\/www.znakowo.pl\/blog\/author\/jkrzeminska\/"}]}},"_links":{"self":[{"href":"https:\/\/www.znakowo.pl\/blog\/wp-json\/wp\/v2\/posts\/6161","targetHints":{"allow":["GET"]}}],"collection":[{"href":"https:\/\/www.znakowo.pl\/blog\/wp-json\/wp\/v2\/posts"}],"about":[{"href":"https:\/\/www.znakowo.pl\/blog\/wp-json\/wp\/v2\/types\/post"}],"author":[{"embeddable":true,"href":"https:\/\/www.znakowo.pl\/blog\/wp-json\/wp\/v2\/users\/3"}],"replies":[{"embeddable":true,"href":"https:\/\/www.znakowo.pl\/blog\/wp-json\/wp\/v2\/comments?post=6161"}],"version-history":[{"count":2,"href":"https:\/\/www.znakowo.pl\/blog\/wp-json\/wp\/v2\/posts\/6161\/revisions"}],"predecessor-version":[{"id":6457,"href":"https:\/\/www.znakowo.pl\/blog\/wp-json\/wp\/v2\/posts\/6161\/revisions\/6457"}],"wp:featuredmedia":[{"embeddable":true,"href":"https:\/\/www.znakowo.pl\/blog\/wp-json\/wp\/v2\/media\/6195"}],"wp:attachment":[{"href":"https:\/\/www.znakowo.pl\/blog\/wp-json\/wp\/v2\/media?parent=6161"}],"wp:term":[{"taxonomy":"category","embeddable":true,"href":"https:\/\/www.znakowo.pl\/blog\/wp-json\/wp\/v2\/categories?post=6161"},{"taxonomy":"post_tag","embeddable":true,"href":"https:\/\/www.znakowo.pl\/blog\/wp-json\/wp\/v2\/tags?post=6161"}],"curies":[{"name":"wp","href":"https:\/\/api.w.org\/{rel}","templated":true}]}}