{"id":6451,"date":"2024-03-14T14:38:21","date_gmt":"2024-03-14T13:38:21","guid":{"rendered":"https:\/\/www.znakowo.pl\/blog\/?p=6451"},"modified":"2024-03-14T14:38:21","modified_gmt":"2024-03-14T13:38:21","slug":"zakaz-sprzedazy-napojow-energetycznych","status":"publish","type":"post","link":"https:\/\/www.znakowo.pl\/blog\/zakaz-sprzedazy-napojow-energetycznych\/","title":{"rendered":"Zakaz sprzeda\u017cy napoj\u00f3w energetycznych \u2013 oznakowanie"},"content":{"rendered":"\n<p>Od 1 stycznia 2024 r. w Polsce obowi\u0105zuje zakaz sprzeda\u017cy napoj\u00f3w energetycznych nieletnim. Sprawdzamy, o jakie napoje chodzi i w jakich miejscach nie mog\u0105 by\u0107 sprzedawane. Podpowiadamy tak\u017ce, jakie <a href=\"https:\/\/www.znakowo.pl\/blog\/oznakowanie-do-sklepu\/\">tabliczki sklepowe<\/a> mog\u0105 by\u0107 przydatne w zwi\u0105zku z nowymi przepisami.<\/p>\n\n<p><!--more--><\/p>\n\n<div id=\"ez-toc-container\" class=\"ez-toc-v2_0_82_2 counter-hierarchy ez-toc-counter ez-toc-grey ez-toc-container-direction\">\n<div class=\"ez-toc-title-container\">\n<p class=\"ez-toc-title\" style=\"cursor:inherit\">Spis tre\u015bci<\/p>\n<span class=\"ez-toc-title-toggle\"><a href=\"#\" class=\"ez-toc-pull-right ez-toc-btn ez-toc-btn-xs ez-toc-btn-default ez-toc-toggle\" aria-label=\"Prze\u0142\u0105cznik Spisu Tre\u015bci\"><span class=\"ez-toc-js-icon-con\"><span class=\"\"><span class=\"eztoc-hide\" style=\"display:none;\">Toggle<\/span><span class=\"ez-toc-icon-toggle-span\"><svg style=\"fill: #999;color:#999\" xmlns=\"http:\/\/www.w3.org\/2000\/svg\" class=\"list-377408\" width=\"20px\" height=\"20px\" viewBox=\"0 0 24 24\" fill=\"none\"><path d=\"M6 6H4v2h2V6zm14 0H8v2h12V6zM4 11h2v2H4v-2zm16 0H8v2h12v-2zM4 16h2v2H4v-2zm16 0H8v2h12v-2z\" fill=\"currentColor\"><\/path><\/svg><svg style=\"fill: #999;color:#999\" class=\"arrow-unsorted-368013\" xmlns=\"http:\/\/www.w3.org\/2000\/svg\" width=\"10px\" height=\"10px\" viewBox=\"0 0 24 24\" version=\"1.2\" baseProfile=\"tiny\"><path d=\"M18.2 9.3l-6.2-6.3-6.2 6.3c-.2.2-.3.4-.3.7s.1.5.3.7c.2.2.4.3.7.3h11c.3 0 .5-.1.7-.3.2-.2.3-.5.3-.7s-.1-.5-.3-.7zM5.8 14.7l6.2 6.3 6.2-6.3c.2-.2.3-.5.3-.7s-.1-.5-.3-.7c-.2-.2-.4-.3-.7-.3h-11c-.3 0-.5.1-.7.3-.2.2-.3.5-.3.7s.1.5.3.7z\"\/><\/svg><\/span><\/span><\/span><\/a><\/span><\/div>\n<nav><ul class='ez-toc-list ez-toc-list-level-1 ' ><li class='ez-toc-page-1 ez-toc-heading-level-2'><a class=\"ez-toc-link ez-toc-heading-1\" href=\"https:\/\/www.znakowo.pl\/blog\/zakaz-sprzedazy-napojow-energetycznych\/#Napoje_energetyczne_w_swietle_ustawy\" >Napoje energetyczne w \u015bwietle ustawy<\/a><\/li><li class='ez-toc-page-1 ez-toc-heading-level-2'><a class=\"ez-toc-link ez-toc-heading-2\" href=\"https:\/\/www.znakowo.pl\/blog\/zakaz-sprzedazy-napojow-energetycznych\/#Gdzie_obowiazuje_zakaz_sprzedazy_napojow_energetycznych\" >Gdzie obowi\u0105zuje zakaz sprzeda\u017cy napoj\u00f3w energetycznych?<\/a><\/li><li class='ez-toc-page-1 ez-toc-heading-level-2'><a class=\"ez-toc-link ez-toc-heading-3\" href=\"https:\/\/www.znakowo.pl\/blog\/zakaz-sprzedazy-napojow-energetycznych\/#Zakaz_sprzedazy_napojow_energetycznych_nieletnim_%E2%80%93_oznakowanie\" >Zakaz sprzeda\u017cy napoj\u00f3w energetycznych nieletnim \u2013 oznakowanie<\/a><\/li><\/ul><\/nav><\/div>\n<h2 class=\"wp-block-heading\"><span class=\"ez-toc-section\" id=\"Napoje_energetyczne_w_swietle_ustawy\"><\/span>Napoje energetyczne w \u015bwietle ustawy<span class=\"ez-toc-section-end\"><\/span><\/h2>\n\n\n\n<div class=\"product-big\">\r\n    <div class=\"col-xs-12 col-md-5\">\r\n        <div class=\"product-big-img\"> \r\n                        <a href=\"https:\/\/www.znakowo.pl\/produkt\/znak-zakaz-sprzedazy-napojow-energetycznych-osobom-nieletnim,ne036,10361.html\" \/><img decoding=\"async\" src=\"https:\/\/tdc.znakowo.pl\/thumbs\/znak-zakaz-sprzedazy-napojow-energetycznych-osobom-nieletnim-24742-10361-500-500-0.jpg\" alt=\"Znak - Zakaz sprzeda\u017cy napoj\u00f3w energetycznych osobom nieletnim - Zakaz sprzeda\u017cy napoj\u00f3w energetycznych \u2013 oznakowanie\" title=\"Znak - Zakaz sprzeda\u017cy napoj\u00f3w energetycznych osobom nieletnim - Zakaz sprzeda\u017cy napoj\u00f3w energetycznych \u2013 oznakowanie\" \/><\/a>\r\n        <\/div>  \r\n    <\/div>    \r\n    <div class=\"col-xs-12 col-md-7\">\r\n        <div class=\"product-big-content\">\r\n            <div class=\"product-big-title\">\r\n                <a href=\"https:\/\/www.znakowo.pl\/produkt\/znak-zakaz-sprzedazy-napojow-energetycznych-osobom-nieletnim,ne036,10361.html\">Znak - Zakaz sprzeda\u017cy napoj\u00f3w energetycznych osobom nieletnim<\/a>\r\n            <\/div>    \r\n            <div class=\"product-big-content\">\r\n                            <\/div>\r\n            <div class=\"product-buttons\">\r\n                                  <a class=\"product-price\">od <span>11,78<\/span> z\u0142<\/a>\r\n                                <a href=\"https:\/\/www.znakowo.pl\/produkt\/znak-zakaz-sprzedazy-napojow-energetycznych-osobom-nieletnim,ne036,10361.html\" class=\"product-link\">Kup<\/a>\r\n            <\/div>\r\n        <\/div>\r\n    <\/div> \r\n    <div class=\"clearfix\"><\/div>  \r\n<\/div>\r\n\r\n\n\n\n\n<p>Zakaz sprzeda\u017cy napoj\u00f3w energetycznych osobom poni\u017cej 18 roku \u017cycia zosta\u0142 wprowadzony na mocy nowelizacji ustawy o zdrowiu publicznym. Ustawa z dnia 17 sierpnia 2023 r. o zmianie ustawy o zdrowiu publicznym oraz niekt\u00f3rych innych ustaw precyzuje, czym s\u0105 napoje energetyczne obj\u0119te tym zakazem. Zgodnie z jej zapisami nap\u00f3j z dodatkiem kofeiny lub tauryny to wyr\u00f3b w postaci napoju b\u0119d\u0105cy \u015brodkiem spo\u017cywczym (uj\u0119ty w PKWiU w klasie 10.89 oraz w dziale 11), <strong>w kt\u00f3rego sk\u0142adzie znajduje si\u0119 kofeina w proporcji przewy\u017cszaj\u0105cej 150 mg\/l lub tauryna, z wy\u0142\u0105czeniem substancji wyst\u0119puj\u0105cych w nim naturalnie<\/strong>. W zwi\u0105zku z tym zakaz nie dotyczy np. sprzeda\u017cy kawy, w kt\u00f3rej to kofeina wyst\u0119puje naturalnie.<\/p>\n\n\n\n<h2 class=\"wp-block-heading\"><span class=\"ez-toc-section\" id=\"Gdzie_obowiazuje_zakaz_sprzedazy_napojow_energetycznych\"><\/span>Gdzie obowi\u0105zuje zakaz sprzeda\u017cy napoj\u00f3w energetycznych?<span class=\"ez-toc-section-end\"><\/span><\/h2>\n\n\n\n<p>Napoje z dodatkiem z dodatkiem kofeiny lub tauryny nie mog\u0105 by\u0107 sprzedawane:<\/p>\n\n\n\n<ul class=\"wp-block-list\">\n<li>na terenie szk\u00f3\u0142 (podstawowych i ponadpodstawowych) oraz innych jednostek systemu o\u015bwiaty, wymienionych w art. 2 ustawy z dnia 14 grudnia 2026 r. \u2013 Prawo o\u015bwiatowe (to m.in. plac\u00f3wki kszta\u0142cenia ustawicznego, szkolne schroniska m\u0142odzie\u017cowe, o\u015brodki dokszta\u0142cania i doskonalenia zawodowego),<\/li>\n\n\n\n<li>w automatach.<\/li>\n<\/ul>\n\n\n\n<p>Zgodnie z ustaw\u0105, je\u015bli sprzedawca ma w\u0105tpliwo\u015bci co do pe\u0142noletno\u015bci kupuj\u0105cego, mo\u017ce za\u017c\u0105da\u0107 okazania dokumentu potwierdzaj\u0105cego wiek kupuj\u0105cego. Za z\u0142amanie zakazu sprzeda\u017cy energetyk\u00f3w nieletnim grozi grzywna do 2000 z\u0142.<\/p>\n\n\n\n<div class=\"product-small-box-content display-flex\">\n          <a href=\"https:\/\/www.znakowo.pl\/produkt\/znak-zakaz-sprzedazy-napojow-energetycznych-osobom-do-lat-18,pc613,10360.html\" class=\"product-small\">\n          <div class=\"product-small-box\">\n              <div class=\"product-small-img\">\n                                    <img decoding=\"async\" src=\"https:\/\/tdc.znakowo.pl\/thumbs\/znak-zakaz-sprzedazy-napojow-energetycznych-osobom-do-lat-18-24741-10360-160-160-0.jpg\" alt=\"Znak - Zakaz sprzeda\u017cy napoj\u00f3w energetycznych osobom do lat 18 - Zakaz sprzeda\u017cy napoj\u00f3w energetycznych \u2013 oznakowanie\" title=\"Znak - Zakaz sprzeda\u017cy napoj\u00f3w energetycznych osobom do lat 18 - Zakaz sprzeda\u017cy napoj\u00f3w energetycznych \u2013 oznakowanie\" \/>\n              <\/div>\n              <div class=\"product-small-title\">\n                  Znak - Zakaz sprzeda\u017cy napoj\u00f3w energetycznych osobom do lat 18              <\/div>\n          <\/div>\n      <\/a>    \n            <a href=\"https:\/\/www.znakowo.pl\/produkt\/znak-zakaz-sprzedazy-napojow-energetycznych-osobom-do-lat-18,gb045,10362.html\" class=\"product-small\">\n          <div class=\"product-small-box\">\n              <div class=\"product-small-img\">\n                                    <img decoding=\"async\" src=\"https:\/\/tdc.znakowo.pl\/thumbs\/znak-zakaz-sprzedazy-napojow-energetycznych-osobom-do-lat-18-24743-10362-160-160-0.jpg\" alt=\"Znak - Zakaz sprzeda\u017cy napoj\u00f3w energetycznych osobom do lat 18 - Zakaz sprzeda\u017cy napoj\u00f3w energetycznych \u2013 oznakowanie\" title=\"Znak - Zakaz sprzeda\u017cy napoj\u00f3w energetycznych osobom do lat 18 - Zakaz sprzeda\u017cy napoj\u00f3w energetycznych \u2013 oznakowanie\" \/>\n              <\/div>\n              <div class=\"product-small-title\">\n                  Znak - Zakaz sprzeda\u017cy napoj\u00f3w energetycznych osobom do lat 18              <\/div>\n          <\/div>\n      <\/a>    \n            <a href=\"https:\/\/www.znakowo.pl\/produkt\/zakaz-sprzedazy-napojow-energetycznych-osobom-do-lat-18,gc102,10363.html\" class=\"product-small\">\n          <div class=\"product-small-box\">\n              <div class=\"product-small-img\">\n                                    <img decoding=\"async\" src=\"https:\/\/tdc.znakowo.pl\/thumbs\/zakaz-sprzedazy-napojow-energetycznych-osobom-do-lat-18-24744-10363-160-160-0.jpg\" alt=\"Zakaz sprzeda\u017cy napoj\u00f3w energetycznych osobom do lat 18 - Zakaz sprzeda\u017cy napoj\u00f3w energetycznych \u2013 oznakowanie\" title=\"Zakaz sprzeda\u017cy napoj\u00f3w energetycznych osobom do lat 18 - Zakaz sprzeda\u017cy napoj\u00f3w energetycznych \u2013 oznakowanie\" \/>\n              <\/div>\n              <div class=\"product-small-title\">\n                  Zakaz sprzeda\u017cy napoj\u00f3w energetycznych osobom do lat 18              <\/div>\n          <\/div>\n      <\/a>    \n        \n    <div class=\"clearfix\"><\/div>    \n<\/div>\n\n\n\n\n<h2 class=\"wp-block-heading\"><span class=\"ez-toc-section\" id=\"Zakaz_sprzedazy_napojow_energetycznych_nieletnim_%E2%80%93_oznakowanie\"><\/span>Zakaz sprzeda\u017cy napoj\u00f3w energetycznych nieletnim \u2013 oznakowanie<span class=\"ez-toc-section-end\"><\/span><\/h2>\n\n\n\n<p>Chocia\u017c przepisy nie nak\u0142adaj\u0105 obowi\u0105zku umieszczania tabliczek informuj\u0105cych o zakazie sprzeda\u017cy energetyk\u00f3w dzieciom i m\u0142odzie\u017cy poni\u017cej 18 roku \u017cycia, warto zaopatrzy\u0107 si\u0119 w odpowiednie oznakowanie. Mo\u017cna postawi\u0107 np. na uniwersalne <a href=\"https:\/\/www.znakowo.pl\/znaki-zakazu-bhp\/\">znaki zakazu BHP<\/a>, typowe tabliczki sklepowe czy znaki realistyczne. Najwa\u017cniejsze, by wyra\u017anie wskazywa\u0142y o obowi\u0105zuj\u0105cych regulacjach. Tabliczki sprawdz\u0105 si\u0119 w sklepach, na stoiskach gastronomicznych, np. podczas imprez plenerowych, w punktach gastronomicznych, a tak\u017ce w innych miejscach, w kt\u00f3rych dost\u0119pne s\u0105 napoje z dodatkiem kofeiny lub tauryny.<\/p>\n","protected":false},"excerpt":{"rendered":"<p>Od 1 stycznia 2024 r. w Polsce obowi\u0105zuje zakaz sprzeda\u017cy napoj\u00f3w energetycznych nieletnim. Sprawdzamy, o jakie napoje chodzi i w jakich miejscach nie mog\u0105 by\u0107 sprzedawane. Podpowiadamy tak\u017ce, jakie tabliczki sklepowe mog\u0105 by\u0107 przydatne w zwi\u0105zku z nowymi przepisami.<\/p>\n","protected":false},"author":3,"featured_media":6458,"comment_status":"closed","ping_status":"closed","sticky":false,"template":"","format":"standard","meta":{"_acf_changed":false,"footnotes":""},"categories":[118,1],"tags":[],"class_list":["post-6451","post","type-post","status-publish","format-standard","has-post-thumbnail","hentry","category-oznakowanie-obiektow","category-przepisy-ustawy"],"acf":[],"yoast_head":"<!-- This site is optimized with the Yoast SEO plugin v27.4 - https:\/\/yoast.com\/product\/yoast-seo-wordpress\/ -->\n<title>Zakaz sprzeda\u017cy napoj\u00f3w energetycznych \u2013 oznakowanie<\/title>\n<meta name=\"description\" content=\"Od 1 stycznia 2024 r. obowi\u0105zuje zakaz sprzeda\u017cy napoj\u00f3w energetycznych nieletnim. Warto zaopatrzy\u0107 si\u0119 w odpowiednie oznakowanie - sprawd\u017a!\" \/>\n<meta name=\"robots\" content=\"index, follow, max-snippet:-1, max-image-preview:large, max-video-preview:-1\" \/>\n<link rel=\"canonical\" href=\"https:\/\/www.znakowo.pl\/blog\/zakaz-sprzedazy-napojow-energetycznych\/\" \/>\n<meta property=\"og:locale\" content=\"pl_PL\" \/>\n<meta property=\"og:type\" content=\"article\" \/>\n<meta property=\"og:title\" content=\"Zakaz sprzeda\u017cy napoj\u00f3w energetycznych \u2013 oznakowanie\" \/>\n<meta property=\"og:description\" content=\"Od 1 stycznia 2024 r. obowi\u0105zuje zakaz sprzeda\u017cy napoj\u00f3w energetycznych nieletnim. Warto zaopatrzy\u0107 si\u0119 w odpowiednie oznakowanie - sprawd\u017a!\" \/>\n<meta property=\"og:url\" content=\"https:\/\/www.znakowo.pl\/blog\/zakaz-sprzedazy-napojow-energetycznych\/\" \/>\n<meta property=\"og:site_name\" content=\"Blog znakowo.pl\" \/>\n<meta property=\"article:publisher\" content=\"https:\/\/www.facebook.com\/Znakowo\/\" \/>\n<meta property=\"article:published_time\" content=\"2024-03-14T13:38:21+00:00\" \/>\n<meta property=\"og:image\" content=\"https:\/\/www.znakowo.pl\/blog\/wp-content\/uploads\/2024\/03\/supermarket-convenience-store-refrigerators-with-soft-drink-bottles-shelves-abstract-blur-background.jpg\" \/>\n\t<meta property=\"og:image:width\" content=\"1000\" \/>\n\t<meta property=\"og:image:height\" content=\"667\" \/>\n\t<meta property=\"og:image:type\" content=\"image\/jpeg\" \/>\n<meta name=\"author\" content=\"Julita Krzemi\u0144ska\" \/>\n<meta name=\"twitter:card\" content=\"summary_large_image\" \/>\n<meta name=\"twitter:label1\" content=\"Napisane przez\" \/>\n\t<meta name=\"twitter:data1\" content=\"Julita Krzemi\u0144ska\" \/>\n\t<meta name=\"twitter:label2\" content=\"Szacowany czas czytania\" \/>\n\t<meta name=\"twitter:data2\" content=\"3 minuty\" \/>\n<script type=\"application\/ld+json\" class=\"yoast-schema-graph\">{\"@context\":\"https:\\\/\\\/schema.org\",\"@graph\":[{\"@type\":\"Article\",\"@id\":\"https:\\\/\\\/www.znakowo.pl\\\/blog\\\/zakaz-sprzedazy-napojow-energetycznych\\\/#article\",\"isPartOf\":{\"@id\":\"https:\\\/\\\/www.znakowo.pl\\\/blog\\\/zakaz-sprzedazy-napojow-energetycznych\\\/\"},\"author\":{\"name\":\"Julita Krzemi\u0144ska\",\"@id\":\"https:\\\/\\\/www.znakowo.pl\\\/blog\\\/#\\\/schema\\\/person\\\/a29ddb53515b4cfd337f1582146267d9\"},\"headline\":\"Zakaz sprzeda\u017cy napoj\u00f3w energetycznych \u2013 oznakowanie\",\"datePublished\":\"2024-03-14T13:38:21+00:00\",\"mainEntityOfPage\":{\"@id\":\"https:\\\/\\\/www.znakowo.pl\\\/blog\\\/zakaz-sprzedazy-napojow-energetycznych\\\/\"},\"wordCount\":393,\"publisher\":{\"@id\":\"https:\\\/\\\/www.znakowo.pl\\\/blog\\\/#organization\"},\"image\":{\"@id\":\"https:\\\/\\\/www.znakowo.pl\\\/blog\\\/zakaz-sprzedazy-napojow-energetycznych\\\/#primaryimage\"},\"thumbnailUrl\":\"https:\\\/\\\/www.znakowo.pl\\\/blog\\\/wp-content\\\/uploads\\\/2024\\\/03\\\/supermarket-convenience-store-refrigerators-with-soft-drink-bottles-shelves-abstract-blur-background.jpg\",\"articleSection\":[\"Oznakowanie obiekt\u00f3w\",\"Przepisy, ustawy\"],\"inLanguage\":\"pl-PL\"},{\"@type\":\"WebPage\",\"@id\":\"https:\\\/\\\/www.znakowo.pl\\\/blog\\\/zakaz-sprzedazy-napojow-energetycznych\\\/\",\"url\":\"https:\\\/\\\/www.znakowo.pl\\\/blog\\\/zakaz-sprzedazy-napojow-energetycznych\\\/\",\"name\":\"Zakaz sprzeda\u017cy napoj\u00f3w energetycznych \u2013 oznakowanie\",\"isPartOf\":{\"@id\":\"https:\\\/\\\/www.znakowo.pl\\\/blog\\\/#website\"},\"primaryImageOfPage\":{\"@id\":\"https:\\\/\\\/www.znakowo.pl\\\/blog\\\/zakaz-sprzedazy-napojow-energetycznych\\\/#primaryimage\"},\"image\":{\"@id\":\"https:\\\/\\\/www.znakowo.pl\\\/blog\\\/zakaz-sprzedazy-napojow-energetycznych\\\/#primaryimage\"},\"thumbnailUrl\":\"https:\\\/\\\/www.znakowo.pl\\\/blog\\\/wp-content\\\/uploads\\\/2024\\\/03\\\/supermarket-convenience-store-refrigerators-with-soft-drink-bottles-shelves-abstract-blur-background.jpg\",\"datePublished\":\"2024-03-14T13:38:21+00:00\",\"description\":\"Od 1 stycznia 2024 r. obowi\u0105zuje zakaz sprzeda\u017cy napoj\u00f3w energetycznych nieletnim. Warto zaopatrzy\u0107 si\u0119 w odpowiednie oznakowanie - sprawd\u017a!\",\"breadcrumb\":{\"@id\":\"https:\\\/\\\/www.znakowo.pl\\\/blog\\\/zakaz-sprzedazy-napojow-energetycznych\\\/#breadcrumb\"},\"inLanguage\":\"pl-PL\",\"potentialAction\":[{\"@type\":\"ReadAction\",\"target\":[\"https:\\\/\\\/www.znakowo.pl\\\/blog\\\/zakaz-sprzedazy-napojow-energetycznych\\\/\"]}]},{\"@type\":\"ImageObject\",\"inLanguage\":\"pl-PL\",\"@id\":\"https:\\\/\\\/www.znakowo.pl\\\/blog\\\/zakaz-sprzedazy-napojow-energetycznych\\\/#primaryimage\",\"url\":\"https:\\\/\\\/www.znakowo.pl\\\/blog\\\/wp-content\\\/uploads\\\/2024\\\/03\\\/supermarket-convenience-store-refrigerators-with-soft-drink-bottles-shelves-abstract-blur-background.jpg\",\"contentUrl\":\"https:\\\/\\\/www.znakowo.pl\\\/blog\\\/wp-content\\\/uploads\\\/2024\\\/03\\\/supermarket-convenience-store-refrigerators-with-soft-drink-bottles-shelves-abstract-blur-background.jpg\",\"width\":1000,\"height\":667,\"caption\":\"Zakaz sprzedazy napojow energetycznych\"},{\"@type\":\"BreadcrumbList\",\"@id\":\"https:\\\/\\\/www.znakowo.pl\\\/blog\\\/zakaz-sprzedazy-napojow-energetycznych\\\/#breadcrumb\",\"itemListElement\":[{\"@type\":\"ListItem\",\"position\":1,\"name\":\"Strona g\u0142\u00f3wna\",\"item\":\"https:\\\/\\\/www.znakowo.pl\\\/blog\\\/\"},{\"@type\":\"ListItem\",\"position\":2,\"name\":\"Zakaz sprzeda\u017cy napoj\u00f3w energetycznych \u2013 oznakowanie\"}]},{\"@type\":\"WebSite\",\"@id\":\"https:\\\/\\\/www.znakowo.pl\\\/blog\\\/#website\",\"url\":\"https:\\\/\\\/www.znakowo.pl\\\/blog\\\/\",\"name\":\"Blog znakowo.pl\",\"description\":\"\",\"publisher\":{\"@id\":\"https:\\\/\\\/www.znakowo.pl\\\/blog\\\/#organization\"},\"potentialAction\":[{\"@type\":\"SearchAction\",\"target\":{\"@type\":\"EntryPoint\",\"urlTemplate\":\"https:\\\/\\\/www.znakowo.pl\\\/blog\\\/?s={search_term_string}\"},\"query-input\":{\"@type\":\"PropertyValueSpecification\",\"valueRequired\":true,\"valueName\":\"search_term_string\"}}],\"inLanguage\":\"pl-PL\"},{\"@type\":\"Organization\",\"@id\":\"https:\\\/\\\/www.znakowo.pl\\\/blog\\\/#organization\",\"name\":\"Znakowo.pl\",\"url\":\"https:\\\/\\\/www.znakowo.pl\\\/blog\\\/\",\"logo\":{\"@type\":\"ImageObject\",\"inLanguage\":\"pl-PL\",\"@id\":\"https:\\\/\\\/www.znakowo.pl\\\/blog\\\/#\\\/schema\\\/logo\\\/image\\\/\",\"url\":\"https:\\\/\\\/www.znakowo.pl\\\/blog\\\/wp-content\\\/uploads\\\/2017\\\/05\\\/logo_1.png\",\"contentUrl\":\"https:\\\/\\\/www.znakowo.pl\\\/blog\\\/wp-content\\\/uploads\\\/2017\\\/05\\\/logo_1.png\",\"width\":277,\"height\":94,\"caption\":\"Znakowo.pl\"},\"image\":{\"@id\":\"https:\\\/\\\/www.znakowo.pl\\\/blog\\\/#\\\/schema\\\/logo\\\/image\\\/\"},\"sameAs\":[\"https:\\\/\\\/www.facebook.com\\\/Znakowo\\\/\"]},{\"@type\":\"Person\",\"@id\":\"https:\\\/\\\/www.znakowo.pl\\\/blog\\\/#\\\/schema\\\/person\\\/a29ddb53515b4cfd337f1582146267d9\",\"name\":\"Julita Krzemi\u0144ska\",\"image\":{\"@type\":\"ImageObject\",\"inLanguage\":\"pl-PL\",\"@id\":\"https:\\\/\\\/secure.gravatar.com\\\/avatar\\\/e6adac54b1d18b21f8567cc6208ef43409e661f1070cf8be2e6912306b99d439?s=96&d=mm&r=g\",\"url\":\"https:\\\/\\\/secure.gravatar.com\\\/avatar\\\/e6adac54b1d18b21f8567cc6208ef43409e661f1070cf8be2e6912306b99d439?s=96&d=mm&r=g\",\"contentUrl\":\"https:\\\/\\\/secure.gravatar.com\\\/avatar\\\/e6adac54b1d18b21f8567cc6208ef43409e661f1070cf8be2e6912306b99d439?s=96&d=mm&r=g\",\"caption\":\"Julita Krzemi\u0144ska\"},\"url\":\"https:\\\/\\\/www.znakowo.pl\\\/blog\\\/author\\\/jkrzeminska\\\/\"}]}<\/script>\n<!-- \/ Yoast SEO plugin. -->","yoast_head_json":{"title":"Zakaz sprzeda\u017cy napoj\u00f3w energetycznych \u2013 oznakowanie","description":"Od 1 stycznia 2024 r. obowi\u0105zuje zakaz sprzeda\u017cy napoj\u00f3w energetycznych nieletnim. Warto zaopatrzy\u0107 si\u0119 w odpowiednie oznakowanie - sprawd\u017a!","robots":{"index":"index","follow":"follow","max-snippet":"max-snippet:-1","max-image-preview":"max-image-preview:large","max-video-preview":"max-video-preview:-1"},"canonical":"https:\/\/www.znakowo.pl\/blog\/zakaz-sprzedazy-napojow-energetycznych\/","og_locale":"pl_PL","og_type":"article","og_title":"Zakaz sprzeda\u017cy napoj\u00f3w energetycznych \u2013 oznakowanie","og_description":"Od 1 stycznia 2024 r. obowi\u0105zuje zakaz sprzeda\u017cy napoj\u00f3w energetycznych nieletnim. Warto zaopatrzy\u0107 si\u0119 w odpowiednie oznakowanie - sprawd\u017a!","og_url":"https:\/\/www.znakowo.pl\/blog\/zakaz-sprzedazy-napojow-energetycznych\/","og_site_name":"Blog znakowo.pl","article_publisher":"https:\/\/www.facebook.com\/Znakowo\/","article_published_time":"2024-03-14T13:38:21+00:00","og_image":[{"width":1000,"height":667,"url":"https:\/\/www.znakowo.pl\/blog\/wp-content\/uploads\/2024\/03\/supermarket-convenience-store-refrigerators-with-soft-drink-bottles-shelves-abstract-blur-background.jpg","type":"image\/jpeg"}],"author":"Julita Krzemi\u0144ska","twitter_card":"summary_large_image","twitter_misc":{"Napisane przez":"Julita Krzemi\u0144ska","Szacowany czas czytania":"3 minuty"},"schema":{"@context":"https:\/\/schema.org","@graph":[{"@type":"Article","@id":"https:\/\/www.znakowo.pl\/blog\/zakaz-sprzedazy-napojow-energetycznych\/#article","isPartOf":{"@id":"https:\/\/www.znakowo.pl\/blog\/zakaz-sprzedazy-napojow-energetycznych\/"},"author":{"name":"Julita Krzemi\u0144ska","@id":"https:\/\/www.znakowo.pl\/blog\/#\/schema\/person\/a29ddb53515b4cfd337f1582146267d9"},"headline":"Zakaz sprzeda\u017cy napoj\u00f3w energetycznych \u2013 oznakowanie","datePublished":"2024-03-14T13:38:21+00:00","mainEntityOfPage":{"@id":"https:\/\/www.znakowo.pl\/blog\/zakaz-sprzedazy-napojow-energetycznych\/"},"wordCount":393,"publisher":{"@id":"https:\/\/www.znakowo.pl\/blog\/#organization"},"image":{"@id":"https:\/\/www.znakowo.pl\/blog\/zakaz-sprzedazy-napojow-energetycznych\/#primaryimage"},"thumbnailUrl":"https:\/\/www.znakowo.pl\/blog\/wp-content\/uploads\/2024\/03\/supermarket-convenience-store-refrigerators-with-soft-drink-bottles-shelves-abstract-blur-background.jpg","articleSection":["Oznakowanie obiekt\u00f3w","Przepisy, ustawy"],"inLanguage":"pl-PL"},{"@type":"WebPage","@id":"https:\/\/www.znakowo.pl\/blog\/zakaz-sprzedazy-napojow-energetycznych\/","url":"https:\/\/www.znakowo.pl\/blog\/zakaz-sprzedazy-napojow-energetycznych\/","name":"Zakaz sprzeda\u017cy napoj\u00f3w energetycznych \u2013 oznakowanie","isPartOf":{"@id":"https:\/\/www.znakowo.pl\/blog\/#website"},"primaryImageOfPage":{"@id":"https:\/\/www.znakowo.pl\/blog\/zakaz-sprzedazy-napojow-energetycznych\/#primaryimage"},"image":{"@id":"https:\/\/www.znakowo.pl\/blog\/zakaz-sprzedazy-napojow-energetycznych\/#primaryimage"},"thumbnailUrl":"https:\/\/www.znakowo.pl\/blog\/wp-content\/uploads\/2024\/03\/supermarket-convenience-store-refrigerators-with-soft-drink-bottles-shelves-abstract-blur-background.jpg","datePublished":"2024-03-14T13:38:21+00:00","description":"Od 1 stycznia 2024 r. obowi\u0105zuje zakaz sprzeda\u017cy napoj\u00f3w energetycznych nieletnim. Warto zaopatrzy\u0107 si\u0119 w odpowiednie oznakowanie - sprawd\u017a!","breadcrumb":{"@id":"https:\/\/www.znakowo.pl\/blog\/zakaz-sprzedazy-napojow-energetycznych\/#breadcrumb"},"inLanguage":"pl-PL","potentialAction":[{"@type":"ReadAction","target":["https:\/\/www.znakowo.pl\/blog\/zakaz-sprzedazy-napojow-energetycznych\/"]}]},{"@type":"ImageObject","inLanguage":"pl-PL","@id":"https:\/\/www.znakowo.pl\/blog\/zakaz-sprzedazy-napojow-energetycznych\/#primaryimage","url":"https:\/\/www.znakowo.pl\/blog\/wp-content\/uploads\/2024\/03\/supermarket-convenience-store-refrigerators-with-soft-drink-bottles-shelves-abstract-blur-background.jpg","contentUrl":"https:\/\/www.znakowo.pl\/blog\/wp-content\/uploads\/2024\/03\/supermarket-convenience-store-refrigerators-with-soft-drink-bottles-shelves-abstract-blur-background.jpg","width":1000,"height":667,"caption":"Zakaz sprzedazy napojow energetycznych"},{"@type":"BreadcrumbList","@id":"https:\/\/www.znakowo.pl\/blog\/zakaz-sprzedazy-napojow-energetycznych\/#breadcrumb","itemListElement":[{"@type":"ListItem","position":1,"name":"Strona g\u0142\u00f3wna","item":"https:\/\/www.znakowo.pl\/blog\/"},{"@type":"ListItem","position":2,"name":"Zakaz sprzeda\u017cy napoj\u00f3w energetycznych \u2013 oznakowanie"}]},{"@type":"WebSite","@id":"https:\/\/www.znakowo.pl\/blog\/#website","url":"https:\/\/www.znakowo.pl\/blog\/","name":"Blog znakowo.pl","description":"","publisher":{"@id":"https:\/\/www.znakowo.pl\/blog\/#organization"},"potentialAction":[{"@type":"SearchAction","target":{"@type":"EntryPoint","urlTemplate":"https:\/\/www.znakowo.pl\/blog\/?s={search_term_string}"},"query-input":{"@type":"PropertyValueSpecification","valueRequired":true,"valueName":"search_term_string"}}],"inLanguage":"pl-PL"},{"@type":"Organization","@id":"https:\/\/www.znakowo.pl\/blog\/#organization","name":"Znakowo.pl","url":"https:\/\/www.znakowo.pl\/blog\/","logo":{"@type":"ImageObject","inLanguage":"pl-PL","@id":"https:\/\/www.znakowo.pl\/blog\/#\/schema\/logo\/image\/","url":"https:\/\/www.znakowo.pl\/blog\/wp-content\/uploads\/2017\/05\/logo_1.png","contentUrl":"https:\/\/www.znakowo.pl\/blog\/wp-content\/uploads\/2017\/05\/logo_1.png","width":277,"height":94,"caption":"Znakowo.pl"},"image":{"@id":"https:\/\/www.znakowo.pl\/blog\/#\/schema\/logo\/image\/"},"sameAs":["https:\/\/www.facebook.com\/Znakowo\/"]},{"@type":"Person","@id":"https:\/\/www.znakowo.pl\/blog\/#\/schema\/person\/a29ddb53515b4cfd337f1582146267d9","name":"Julita Krzemi\u0144ska","image":{"@type":"ImageObject","inLanguage":"pl-PL","@id":"https:\/\/secure.gravatar.com\/avatar\/e6adac54b1d18b21f8567cc6208ef43409e661f1070cf8be2e6912306b99d439?s=96&d=mm&r=g","url":"https:\/\/secure.gravatar.com\/avatar\/e6adac54b1d18b21f8567cc6208ef43409e661f1070cf8be2e6912306b99d439?s=96&d=mm&r=g","contentUrl":"https:\/\/secure.gravatar.com\/avatar\/e6adac54b1d18b21f8567cc6208ef43409e661f1070cf8be2e6912306b99d439?s=96&d=mm&r=g","caption":"Julita Krzemi\u0144ska"},"url":"https:\/\/www.znakowo.pl\/blog\/author\/jkrzeminska\/"}]}},"_links":{"self":[{"href":"https:\/\/www.znakowo.pl\/blog\/wp-json\/wp\/v2\/posts\/6451","targetHints":{"allow":["GET"]}}],"collection":[{"href":"https:\/\/www.znakowo.pl\/blog\/wp-json\/wp\/v2\/posts"}],"about":[{"href":"https:\/\/www.znakowo.pl\/blog\/wp-json\/wp\/v2\/types\/post"}],"author":[{"embeddable":true,"href":"https:\/\/www.znakowo.pl\/blog\/wp-json\/wp\/v2\/users\/3"}],"replies":[{"embeddable":true,"href":"https:\/\/www.znakowo.pl\/blog\/wp-json\/wp\/v2\/comments?post=6451"}],"version-history":[{"count":1,"href":"https:\/\/www.znakowo.pl\/blog\/wp-json\/wp\/v2\/posts\/6451\/revisions"}],"predecessor-version":[{"id":6452,"href":"https:\/\/www.znakowo.pl\/blog\/wp-json\/wp\/v2\/posts\/6451\/revisions\/6452"}],"wp:featuredmedia":[{"embeddable":true,"href":"https:\/\/www.znakowo.pl\/blog\/wp-json\/wp\/v2\/media\/6458"}],"wp:attachment":[{"href":"https:\/\/www.znakowo.pl\/blog\/wp-json\/wp\/v2\/media?parent=6451"}],"wp:term":[{"taxonomy":"category","embeddable":true,"href":"https:\/\/www.znakowo.pl\/blog\/wp-json\/wp\/v2\/categories?post=6451"},{"taxonomy":"post_tag","embeddable":true,"href":"https:\/\/www.znakowo.pl\/blog\/wp-json\/wp\/v2\/tags?post=6451"}],"curies":[{"name":"wp","href":"https:\/\/api.w.org\/{rel}","templated":true}]}}