{"id":6789,"date":"2024-05-23T12:30:00","date_gmt":"2024-05-23T10:30:00","guid":{"rendered":"https:\/\/www.znakowo.pl\/blog\/?p=6789"},"modified":"2024-05-16T16:29:27","modified_gmt":"2024-05-16T14:29:27","slug":"znak-poziomy-p-14","status":"publish","type":"post","link":"https:\/\/www.znakowo.pl\/blog\/znak-poziomy-p-14\/","title":{"rendered":"Znak poziomy P-24 \u2013 symbol osoby niepe\u0142nosprawnej"},"content":{"rendered":"\n<p>Znak poziomy P-24 \u2013 co oznacza i kiedy jest stosowany symbol osoby niepe\u0142nosprawnej?<\/p>\n\n<p><!--more--><\/p>\n\n<div id=\"ez-toc-container\" class=\"ez-toc-v2_0_82_2 counter-hierarchy ez-toc-counter ez-toc-grey ez-toc-container-direction\">\n<div class=\"ez-toc-title-container\">\n<p class=\"ez-toc-title\" style=\"cursor:inherit\">Spis tre\u015bci<\/p>\n<span class=\"ez-toc-title-toggle\"><a href=\"#\" class=\"ez-toc-pull-right ez-toc-btn ez-toc-btn-xs ez-toc-btn-default ez-toc-toggle\" aria-label=\"Prze\u0142\u0105cznik Spisu Tre\u015bci\"><span class=\"ez-toc-js-icon-con\"><span class=\"\"><span class=\"eztoc-hide\" style=\"display:none;\">Toggle<\/span><span class=\"ez-toc-icon-toggle-span\"><svg style=\"fill: #999;color:#999\" xmlns=\"http:\/\/www.w3.org\/2000\/svg\" class=\"list-377408\" width=\"20px\" height=\"20px\" viewBox=\"0 0 24 24\" fill=\"none\"><path d=\"M6 6H4v2h2V6zm14 0H8v2h12V6zM4 11h2v2H4v-2zm16 0H8v2h12v-2zM4 16h2v2H4v-2zm16 0H8v2h12v-2z\" fill=\"currentColor\"><\/path><\/svg><svg style=\"fill: #999;color:#999\" class=\"arrow-unsorted-368013\" xmlns=\"http:\/\/www.w3.org\/2000\/svg\" width=\"10px\" height=\"10px\" viewBox=\"0 0 24 24\" version=\"1.2\" baseProfile=\"tiny\"><path d=\"M18.2 9.3l-6.2-6.3-6.2 6.3c-.2.2-.3.4-.3.7s.1.5.3.7c.2.2.4.3.7.3h11c.3 0 .5-.1.7-.3.2-.2.3-.5.3-.7s-.1-.5-.3-.7zM5.8 14.7l6.2 6.3 6.2-6.3c.2-.2.3-.5.3-.7s-.1-.5-.3-.7c-.2-.2-.4-.3-.7-.3h-11c-.3 0-.5.1-.7.3-.2.2-.3.5-.3.7s.1.5.3.7z\"\/><\/svg><\/span><\/span><\/span><\/a><\/span><\/div>\n<nav><ul class='ez-toc-list ez-toc-list-level-1 ' ><li class='ez-toc-page-1 ez-toc-heading-level-2'><a class=\"ez-toc-link ez-toc-heading-1\" href=\"https:\/\/www.znakowo.pl\/blog\/znak-poziomy-p-14\/#Znak_poziomy_P-24\" >Znak poziomy P-24<\/a><ul class='ez-toc-list-level-3' ><li class='ez-toc-heading-level-3'><a class=\"ez-toc-link ez-toc-heading-2\" href=\"https:\/\/www.znakowo.pl\/blog\/znak-poziomy-p-14\/#Miejsce_dla_pojazdu_osoby_niepelnosprawnej\" >Miejsce dla pojazdu osoby niepe\u0142nosprawnej<\/a><\/li><li class='ez-toc-page-1 ez-toc-heading-level-3'><a class=\"ez-toc-link ez-toc-heading-3\" href=\"https:\/\/www.znakowo.pl\/blog\/znak-poziomy-p-14\/#Symbol_osoby_niepelnosprawnej_%E2%80%93_inne_zastosowanie\" >Symbol osoby niepe\u0142nosprawnej \u2013 inne zastosowanie<\/a><\/li><\/ul><\/li><li class='ez-toc-page-1 ez-toc-heading-level-2'><a class=\"ez-toc-link ez-toc-heading-4\" href=\"https:\/\/www.znakowo.pl\/blog\/znak-poziomy-p-14\/#Parkowanie_na_znaku_P-24_%E2%80%93_jaki_mandat\" >Parkowanie na znaku P-24 \u2013 jaki mandat?<\/a><\/li><\/ul><\/nav><\/div>\n<h2 class=\"wp-block-heading\"><span class=\"ez-toc-section\" id=\"Znak_poziomy_P-24\"><\/span>Znak poziomy P-24<span class=\"ez-toc-section-end\"><\/span><\/h2>\n\n\n\n<div class=\"product-big\">\r\n    <div class=\"col-xs-12 col-md-5\">\r\n        <div class=\"product-big-img\"> \r\n                        <a href=\"https:\/\/www.znakowo.pl\/produkt\/szablon-znaku-drogowego-p-24-miejsce-dla-osoby-niepelnosprawnej-inwalida,fr_380,8407.html\" \/><img decoding=\"async\" src=\"https:\/\/tdc.znakowo.pl\/thumbs\/szablon-znaku-drogowego-p-24-miejsce-dla-osoby-niepelnosprawnej-inwalida-22056-8407-500-500-0.jpg\" alt=\"Szablon znaku drogowego P-24 Miejsce dla osoby niepe\u0142nosprawnej. Inwalida - Znak poziomy P-24 \u2013 symbol osoby niepe\u0142nosprawnej\" title=\"Szablon znaku drogowego P-24 Miejsce dla osoby niepe\u0142nosprawnej. Inwalida - Znak poziomy P-24 \u2013 symbol osoby niepe\u0142nosprawnej\" \/><\/a>\r\n        <\/div>  \r\n    <\/div>    \r\n    <div class=\"col-xs-12 col-md-7\">\r\n        <div class=\"product-big-content\">\r\n            <div class=\"product-big-title\">\r\n                <a href=\"https:\/\/www.znakowo.pl\/produkt\/szablon-znaku-drogowego-p-24-miejsce-dla-osoby-niepelnosprawnej-inwalida,fr_380,8407.html\">Szablon znaku drogowego P-24 Miejsce dla osoby niepe\u0142nosprawnej. Inwalida<\/a>\r\n            <\/div>    \r\n            <div class=\"product-big-content\">\r\n                            <\/div>\r\n            <div class=\"product-buttons\">\r\n                                  <a class=\"product-price\">od <span>151,50<\/span> z\u0142<\/a>\r\n                                <a href=\"https:\/\/www.znakowo.pl\/produkt\/szablon-znaku-drogowego-p-24-miejsce-dla-osoby-niepelnosprawnej-inwalida,fr_380,8407.html\" class=\"product-link\">Kup<\/a>\r\n            <\/div>\r\n        <\/div>\r\n    <\/div> \r\n    <div class=\"clearfix\"><\/div>  \r\n<\/div>\r\n\r\n\n\n\n\n<h3 class=\"wp-block-heading\"><span class=\"ez-toc-section\" id=\"Miejsce_dla_pojazdu_osoby_niepelnosprawnej\"><\/span>Miejsce dla pojazdu osoby niepe\u0142nosprawnej<span class=\"ez-toc-section-end\"><\/span><\/h3>\n\n\n\n<p>Znak P-24 \u201emiejsce dla pojazdu osoby niepe\u0142nosprawnej\u201d stosuje si\u0119 do oznakowania stanowiska postojowego przeznaczonego dla os\u00f3b, o kt\u00f3rych mowa w art. 8 ust. 1 i 2 ustawy Prawo o ruchu drogowym. Chodzi o:<\/p>\n\n\n\n<ul class=\"wp-block-list\">\n<li>osoby niepe\u0142nosprawne legitymuj\u0105ce si\u0119 kart\u0105 parkingow\u0105, kieruj\u0105ce pojazdami samochodowymi oznaczonymi tak\u0105 kart\u0105;<\/li>\n\n\n\n<li>kieruj\u0105cych pojazdami, kt\u00f3rzy przewo\u017c\u0105 osoby niepe\u0142nosprawne legitymuj\u0105ce si\u0119 kart\u0105 parkingow\u0105;<\/li>\n\n\n\n<li>kieruj\u0105cych pojazdami nale\u017c\u0105cymi do plac\u00f3wek zajmuj\u0105cych si\u0119 opiek\u0105, rehabilitacj\u0105 lub edukacj\u0105 os\u00f3b niepe\u0142nosprawnych, kt\u00f3rzy przewo\u017c\u0105 osoby maj\u0105ce znacznie ograniczone mo\u017cliwo\u015bci samodzielnego poruszania si\u0119, pozostaj\u0105ce pod opiek\u0105 takich plac\u00f3wek.<\/li>\n<\/ul>\n\n\n\n<h4 class=\"wp-block-heading\">Spos\u00f3b umieszczania znaku P-24<\/h4>\n\n\n\n<ul class=\"wp-block-list\">\n<li>Znak poziomy P-24 umieszcza si\u0119 na nawierzchni barwy niebieskiej.<\/li>\n\n\n\n<li>Znak P-24 stosuje si\u0119 jako uzupe\u0142nienie znaku poziomego P-18 \u201estanowisko postojowe\u201d lub P-20 \u201ekoperta\u201d.<\/li>\n<\/ul>\n\n\n\n<h3 class=\"wp-block-heading\"><span class=\"ez-toc-section\" id=\"Symbol_osoby_niepelnosprawnej_%E2%80%93_inne_zastosowanie\"><\/span>Symbol osoby niepe\u0142nosprawnej \u2013 inne zastosowanie<span class=\"ez-toc-section-end\"><\/span><\/h3>\n\n\n\n<p>Jak wskazuj\u0105 przepisy, dopuszczalne jest u\u017cywanie symbolu osoby niepe\u0142nosprawnej do wskazywania ci\u0105g\u00f3w pieszych przystosowanych do obs\u0142ugi os\u00f3b niepe\u0142nosprawnych, np. w miejscowo\u015bciach uzdrowiskowych itp.<\/p>\n\n\n\n<h2 class=\"wp-block-heading\"><span class=\"ez-toc-section\" id=\"Parkowanie_na_znaku_P-24_%E2%80%93_jaki_mandat\"><\/span>Parkowanie na znaku P-24 \u2013 jaki mandat?<span class=\"ez-toc-section-end\"><\/span><\/h2>\n\n\n\n<div class=\"product-small-box-content display-flex\">\n          <a href=\"https:\/\/www.znakowo.pl\/produkt\/znak-t-29-miejsce-przeznaczone-dla-pojazdu-samochodu-osoby-niepelnosprawnej-drogowy,sft-29,2524.html\" class=\"product-small\">\n          <div class=\"product-small-box\">\n              <div class=\"product-small-img\">\n                                    <img decoding=\"async\" src=\"https:\/\/tdc.znakowo.pl\/thumbs\/znak-t-29-miejsce-przeznaczone-dla-pojazdu-samochodu-osoby-niepelnosprawnej-drogowy-6981-2524-160-160-0.jpg\" alt=\"Znak T-29 Miejsce przeznaczone dla pojazdu samochodu osoby niepe\u0142nosprawnej - drogowy - Znak poziomy P-24 \u2013 symbol osoby niepe\u0142nosprawnej\" title=\"Znak T-29 Miejsce przeznaczone dla pojazdu samochodu osoby niepe\u0142nosprawnej - drogowy - Znak poziomy P-24 \u2013 symbol osoby niepe\u0142nosprawnej\" \/>\n              <\/div>\n              <div class=\"product-small-title\">\n                  Znak T-29 Miejsce przeznaczone dla pojazdu samochodu osoby niepe\u0142nosprawnej - drogowy              <\/div>\n          <\/div>\n      <\/a>    \n            <a href=\"https:\/\/www.znakowo.pl\/produkt\/znak-d-18a-parking-miejsce-zastrzezone-koperta-drogowy-informacyjny,sfd-18a,2365.html\" class=\"product-small\">\n          <div class=\"product-small-box\">\n              <div class=\"product-small-img\">\n                                    <img decoding=\"async\" src=\"https:\/\/tdc.znakowo.pl\/thumbs\/znak-d-18a-parking-miejsce-zastrzezone-koperta-drogowy-informacyjny-6874-2365-160-160-0.jpg\" alt=\"Znak D-18a Parking-miejsce zastrze\u017cone, koperta - drogowy informacyjny - Znak poziomy P-24 \u2013 symbol osoby niepe\u0142nosprawnej\" title=\"Znak D-18a Parking-miejsce zastrze\u017cone, koperta - drogowy informacyjny - Znak poziomy P-24 \u2013 symbol osoby niepe\u0142nosprawnej\" \/>\n              <\/div>\n              <div class=\"product-small-title\">\n                  Znak D-18a Parking-miejsce zastrze\u017cone, koperta - drogowy informacyjny              <\/div>\n          <\/div>\n      <\/a>    \n            <a href=\"https:\/\/www.znakowo.pl\/produkt\/znak-d-18-parking-drogowy-informacyjny,sfd-18,2364.html\" class=\"product-small\">\n          <div class=\"product-small-box\">\n              <div class=\"product-small-img\">\n                                    <img decoding=\"async\" src=\"https:\/\/tdc.znakowo.pl\/thumbs\/znak-d-18-parking-drogowy-informacyjny-6872-2364-160-160-0.jpg\" alt=\"Znak D-18 Parking - drogowy informacyjny - Znak poziomy P-24 \u2013 symbol osoby niepe\u0142nosprawnej\" title=\"Znak D-18 Parking - drogowy informacyjny - Znak poziomy P-24 \u2013 symbol osoby niepe\u0142nosprawnej\" \/>\n              <\/div>\n              <div class=\"product-small-title\">\n                  Znak D-18 Parking - drogowy informacyjny              <\/div>\n          <\/div>\n      <\/a>    \n        \n    <div class=\"clearfix\"><\/div>    \n<\/div>\n\n\n\n\n<p>Miejsca parkingowe oznaczone znakiem P-24 przeznaczone s\u0105 dla os\u00f3b, kt\u00f3re ze wzgl\u0119du na trudno\u015bci z poruszaniem si\u0119 potrzebuj\u0105 \u0142atwiejszego dost\u0119pu do miejsc publicznych itp. Za parkowanie na miejscach przeznaczonych dla pojazd\u00f3w os\u00f3b niepe\u0142nosprawnych mo\u017cna dosta\u0107 mandat.<\/p>\n\n\n\n<ul class=\"wp-block-list\">\n<li>Za pos\u0142ugiwanie si\u0119 przez osob\u0119 do tego nieuprawnion\u0105 kar\u0105 parkingow\u0105, o kt\u00f3rej mowa w art. 8 ustawy z dnia 20 czerwca 1997 r. \u2013 Prawo o ruchu drogowym, i jednocze\u015bnie niestosowanie si\u0119 do znak\u00f3w drogowych: P-18 \u201estanowisko postojowe\u201d i P-24 \u201emiejsce dla pojazdu osoby niepe\u0142nosprawnej\u201d albo P-20 \u201ekoperta\u201d i P-24 \u201emiejsce postojowe dla pojazdu osoby niepe\u0142nosprawnej\u201d, umieszczonego samodzielnie bez znaku pionowego D-18, D-18a lub D-18b grozi <strong>mandat w wysoko\u015bci 1200 z\u0142 i 6 punkt\u00f3w karnych<\/strong>.<\/li>\n\n\n\n<li>Taki sam mandat i tyle samo punkt\u00f3w karnych grozi za niestosowanie si\u0119 do znak\u00f3w D-18 \u201eparking\u201d lub D-18b \u201eparking zadaszony\u201d z umieszczon\u0105 pod znakiem tabliczk\u0105 T-29 albo D-18a \u201eparking \u2013 miejsce zastrze\u017cone\u201d z umieszczon\u0105 pod znakiem tabliczk\u0105 T-29.<\/li>\n<\/ul>\n","protected":false},"excerpt":{"rendered":"<p>Znak poziomy P-24 \u2013 co oznacza i kiedy jest stosowany symbol osoby niepe\u0142nosprawnej?<\/p>\n","protected":false},"author":3,"featured_media":6810,"comment_status":"closed","ping_status":"closed","sticky":false,"template":"","format":"standard","meta":{"_acf_changed":false,"footnotes":""},"categories":[657],"tags":[],"class_list":["post-6789","post","type-post","status-publish","format-standard","has-post-thumbnail","hentry","category-bezpieczenstwo-ruchu-drogowego"],"acf":[],"yoast_head":"<!-- This site is optimized with the Yoast SEO plugin v27.4 - https:\/\/yoast.com\/product\/yoast-seo-wordpress\/ -->\n<title>Znak poziomy P-24 \u2013 symbol osoby niepe\u0142nosprawnej<\/title>\n<meta name=\"description\" content=\"Znak poziomy P-24 (symbol osoby niepe\u0142nosprawnej). Sprawd\u017a, co oznacza, kiedy jest stosowany i jaki mandat grozi za parkowanie na znaku P-24.\" \/>\n<meta name=\"robots\" content=\"index, follow, max-snippet:-1, max-image-preview:large, max-video-preview:-1\" \/>\n<link rel=\"canonical\" href=\"https:\/\/www.znakowo.pl\/blog\/znak-poziomy-p-14\/\" \/>\n<meta property=\"og:locale\" content=\"pl_PL\" \/>\n<meta property=\"og:type\" content=\"article\" \/>\n<meta property=\"og:title\" content=\"Znak poziomy P-24 \u2013 symbol osoby niepe\u0142nosprawnej\" \/>\n<meta property=\"og:description\" content=\"Znak poziomy P-24 (symbol osoby niepe\u0142nosprawnej). Sprawd\u017a, co oznacza, kiedy jest stosowany i jaki mandat grozi za parkowanie na znaku P-24.\" \/>\n<meta property=\"og:url\" content=\"https:\/\/www.znakowo.pl\/blog\/znak-poziomy-p-14\/\" \/>\n<meta property=\"og:site_name\" content=\"Blog znakowo.pl\" \/>\n<meta property=\"article:publisher\" content=\"https:\/\/www.facebook.com\/Znakowo\/\" \/>\n<meta property=\"article:published_time\" content=\"2024-05-23T10:30:00+00:00\" \/>\n<meta property=\"og:image\" content=\"https:\/\/www.znakowo.pl\/blog\/wp-content\/uploads\/2024\/05\/30864211.jpg\" \/>\n\t<meta property=\"og:image:width\" content=\"1000\" \/>\n\t<meta property=\"og:image:height\" content=\"668\" \/>\n\t<meta property=\"og:image:type\" content=\"image\/jpeg\" \/>\n<meta name=\"author\" content=\"Julita Krzemi\u0144ska\" \/>\n<meta name=\"twitter:card\" content=\"summary_large_image\" \/>\n<meta name=\"twitter:label1\" content=\"Napisane przez\" \/>\n\t<meta name=\"twitter:data1\" content=\"Julita Krzemi\u0144ska\" \/>\n\t<meta name=\"twitter:label2\" content=\"Szacowany czas czytania\" \/>\n\t<meta name=\"twitter:data2\" content=\"3 minuty\" \/>\n<script type=\"application\/ld+json\" class=\"yoast-schema-graph\">{\"@context\":\"https:\\\/\\\/schema.org\",\"@graph\":[{\"@type\":\"Article\",\"@id\":\"https:\\\/\\\/www.znakowo.pl\\\/blog\\\/znak-poziomy-p-14\\\/#article\",\"isPartOf\":{\"@id\":\"https:\\\/\\\/www.znakowo.pl\\\/blog\\\/znak-poziomy-p-14\\\/\"},\"author\":{\"name\":\"Julita Krzemi\u0144ska\",\"@id\":\"https:\\\/\\\/www.znakowo.pl\\\/blog\\\/#\\\/schema\\\/person\\\/a29ddb53515b4cfd337f1582146267d9\"},\"headline\":\"Znak poziomy P-24 \u2013 symbol osoby niepe\u0142nosprawnej\",\"datePublished\":\"2024-05-23T10:30:00+00:00\",\"mainEntityOfPage\":{\"@id\":\"https:\\\/\\\/www.znakowo.pl\\\/blog\\\/znak-poziomy-p-14\\\/\"},\"wordCount\":377,\"publisher\":{\"@id\":\"https:\\\/\\\/www.znakowo.pl\\\/blog\\\/#organization\"},\"image\":{\"@id\":\"https:\\\/\\\/www.znakowo.pl\\\/blog\\\/znak-poziomy-p-14\\\/#primaryimage\"},\"thumbnailUrl\":\"https:\\\/\\\/www.znakowo.pl\\\/blog\\\/wp-content\\\/uploads\\\/2024\\\/05\\\/30864211.jpg\",\"articleSection\":[\"Bezpiecze\u0144stwo ruchu drogowego\"],\"inLanguage\":\"pl-PL\"},{\"@type\":\"WebPage\",\"@id\":\"https:\\\/\\\/www.znakowo.pl\\\/blog\\\/znak-poziomy-p-14\\\/\",\"url\":\"https:\\\/\\\/www.znakowo.pl\\\/blog\\\/znak-poziomy-p-14\\\/\",\"name\":\"Znak poziomy P-24 \u2013 symbol osoby niepe\u0142nosprawnej\",\"isPartOf\":{\"@id\":\"https:\\\/\\\/www.znakowo.pl\\\/blog\\\/#website\"},\"primaryImageOfPage\":{\"@id\":\"https:\\\/\\\/www.znakowo.pl\\\/blog\\\/znak-poziomy-p-14\\\/#primaryimage\"},\"image\":{\"@id\":\"https:\\\/\\\/www.znakowo.pl\\\/blog\\\/znak-poziomy-p-14\\\/#primaryimage\"},\"thumbnailUrl\":\"https:\\\/\\\/www.znakowo.pl\\\/blog\\\/wp-content\\\/uploads\\\/2024\\\/05\\\/30864211.jpg\",\"datePublished\":\"2024-05-23T10:30:00+00:00\",\"description\":\"Znak poziomy P-24 (symbol osoby niepe\u0142nosprawnej). Sprawd\u017a, co oznacza, kiedy jest stosowany i jaki mandat grozi za parkowanie na znaku P-24.\",\"breadcrumb\":{\"@id\":\"https:\\\/\\\/www.znakowo.pl\\\/blog\\\/znak-poziomy-p-14\\\/#breadcrumb\"},\"inLanguage\":\"pl-PL\",\"potentialAction\":[{\"@type\":\"ReadAction\",\"target\":[\"https:\\\/\\\/www.znakowo.pl\\\/blog\\\/znak-poziomy-p-14\\\/\"]}]},{\"@type\":\"ImageObject\",\"inLanguage\":\"pl-PL\",\"@id\":\"https:\\\/\\\/www.znakowo.pl\\\/blog\\\/znak-poziomy-p-14\\\/#primaryimage\",\"url\":\"https:\\\/\\\/www.znakowo.pl\\\/blog\\\/wp-content\\\/uploads\\\/2024\\\/05\\\/30864211.jpg\",\"contentUrl\":\"https:\\\/\\\/www.znakowo.pl\\\/blog\\\/wp-content\\\/uploads\\\/2024\\\/05\\\/30864211.jpg\",\"width\":1000,\"height\":668,\"caption\":\"Znak poziomy P-24 \u2013 symbol osoby niepe\u0142nosprawnej\"},{\"@type\":\"BreadcrumbList\",\"@id\":\"https:\\\/\\\/www.znakowo.pl\\\/blog\\\/znak-poziomy-p-14\\\/#breadcrumb\",\"itemListElement\":[{\"@type\":\"ListItem\",\"position\":1,\"name\":\"Strona g\u0142\u00f3wna\",\"item\":\"https:\\\/\\\/www.znakowo.pl\\\/blog\\\/\"},{\"@type\":\"ListItem\",\"position\":2,\"name\":\"Znak poziomy P-24 \u2013 symbol osoby niepe\u0142nosprawnej\"}]},{\"@type\":\"WebSite\",\"@id\":\"https:\\\/\\\/www.znakowo.pl\\\/blog\\\/#website\",\"url\":\"https:\\\/\\\/www.znakowo.pl\\\/blog\\\/\",\"name\":\"Blog znakowo.pl\",\"description\":\"\",\"publisher\":{\"@id\":\"https:\\\/\\\/www.znakowo.pl\\\/blog\\\/#organization\"},\"potentialAction\":[{\"@type\":\"SearchAction\",\"target\":{\"@type\":\"EntryPoint\",\"urlTemplate\":\"https:\\\/\\\/www.znakowo.pl\\\/blog\\\/?s={search_term_string}\"},\"query-input\":{\"@type\":\"PropertyValueSpecification\",\"valueRequired\":true,\"valueName\":\"search_term_string\"}}],\"inLanguage\":\"pl-PL\"},{\"@type\":\"Organization\",\"@id\":\"https:\\\/\\\/www.znakowo.pl\\\/blog\\\/#organization\",\"name\":\"Znakowo.pl\",\"url\":\"https:\\\/\\\/www.znakowo.pl\\\/blog\\\/\",\"logo\":{\"@type\":\"ImageObject\",\"inLanguage\":\"pl-PL\",\"@id\":\"https:\\\/\\\/www.znakowo.pl\\\/blog\\\/#\\\/schema\\\/logo\\\/image\\\/\",\"url\":\"https:\\\/\\\/www.znakowo.pl\\\/blog\\\/wp-content\\\/uploads\\\/2017\\\/05\\\/logo_1.png\",\"contentUrl\":\"https:\\\/\\\/www.znakowo.pl\\\/blog\\\/wp-content\\\/uploads\\\/2017\\\/05\\\/logo_1.png\",\"width\":277,\"height\":94,\"caption\":\"Znakowo.pl\"},\"image\":{\"@id\":\"https:\\\/\\\/www.znakowo.pl\\\/blog\\\/#\\\/schema\\\/logo\\\/image\\\/\"},\"sameAs\":[\"https:\\\/\\\/www.facebook.com\\\/Znakowo\\\/\"]},{\"@type\":\"Person\",\"@id\":\"https:\\\/\\\/www.znakowo.pl\\\/blog\\\/#\\\/schema\\\/person\\\/a29ddb53515b4cfd337f1582146267d9\",\"name\":\"Julita Krzemi\u0144ska\",\"image\":{\"@type\":\"ImageObject\",\"inLanguage\":\"pl-PL\",\"@id\":\"https:\\\/\\\/secure.gravatar.com\\\/avatar\\\/e6adac54b1d18b21f8567cc6208ef43409e661f1070cf8be2e6912306b99d439?s=96&d=mm&r=g\",\"url\":\"https:\\\/\\\/secure.gravatar.com\\\/avatar\\\/e6adac54b1d18b21f8567cc6208ef43409e661f1070cf8be2e6912306b99d439?s=96&d=mm&r=g\",\"contentUrl\":\"https:\\\/\\\/secure.gravatar.com\\\/avatar\\\/e6adac54b1d18b21f8567cc6208ef43409e661f1070cf8be2e6912306b99d439?s=96&d=mm&r=g\",\"caption\":\"Julita Krzemi\u0144ska\"},\"url\":\"https:\\\/\\\/www.znakowo.pl\\\/blog\\\/author\\\/jkrzeminska\\\/\"}]}<\/script>\n<!-- \/ Yoast SEO plugin. -->","yoast_head_json":{"title":"Znak poziomy P-24 \u2013 symbol osoby niepe\u0142nosprawnej","description":"Znak poziomy P-24 (symbol osoby niepe\u0142nosprawnej). Sprawd\u017a, co oznacza, kiedy jest stosowany i jaki mandat grozi za parkowanie na znaku P-24.","robots":{"index":"index","follow":"follow","max-snippet":"max-snippet:-1","max-image-preview":"max-image-preview:large","max-video-preview":"max-video-preview:-1"},"canonical":"https:\/\/www.znakowo.pl\/blog\/znak-poziomy-p-14\/","og_locale":"pl_PL","og_type":"article","og_title":"Znak poziomy P-24 \u2013 symbol osoby niepe\u0142nosprawnej","og_description":"Znak poziomy P-24 (symbol osoby niepe\u0142nosprawnej). Sprawd\u017a, co oznacza, kiedy jest stosowany i jaki mandat grozi za parkowanie na znaku P-24.","og_url":"https:\/\/www.znakowo.pl\/blog\/znak-poziomy-p-14\/","og_site_name":"Blog znakowo.pl","article_publisher":"https:\/\/www.facebook.com\/Znakowo\/","article_published_time":"2024-05-23T10:30:00+00:00","og_image":[{"width":1000,"height":668,"url":"https:\/\/www.znakowo.pl\/blog\/wp-content\/uploads\/2024\/05\/30864211.jpg","type":"image\/jpeg"}],"author":"Julita Krzemi\u0144ska","twitter_card":"summary_large_image","twitter_misc":{"Napisane przez":"Julita Krzemi\u0144ska","Szacowany czas czytania":"3 minuty"},"schema":{"@context":"https:\/\/schema.org","@graph":[{"@type":"Article","@id":"https:\/\/www.znakowo.pl\/blog\/znak-poziomy-p-14\/#article","isPartOf":{"@id":"https:\/\/www.znakowo.pl\/blog\/znak-poziomy-p-14\/"},"author":{"name":"Julita Krzemi\u0144ska","@id":"https:\/\/www.znakowo.pl\/blog\/#\/schema\/person\/a29ddb53515b4cfd337f1582146267d9"},"headline":"Znak poziomy P-24 \u2013 symbol osoby niepe\u0142nosprawnej","datePublished":"2024-05-23T10:30:00+00:00","mainEntityOfPage":{"@id":"https:\/\/www.znakowo.pl\/blog\/znak-poziomy-p-14\/"},"wordCount":377,"publisher":{"@id":"https:\/\/www.znakowo.pl\/blog\/#organization"},"image":{"@id":"https:\/\/www.znakowo.pl\/blog\/znak-poziomy-p-14\/#primaryimage"},"thumbnailUrl":"https:\/\/www.znakowo.pl\/blog\/wp-content\/uploads\/2024\/05\/30864211.jpg","articleSection":["Bezpiecze\u0144stwo ruchu drogowego"],"inLanguage":"pl-PL"},{"@type":"WebPage","@id":"https:\/\/www.znakowo.pl\/blog\/znak-poziomy-p-14\/","url":"https:\/\/www.znakowo.pl\/blog\/znak-poziomy-p-14\/","name":"Znak poziomy P-24 \u2013 symbol osoby niepe\u0142nosprawnej","isPartOf":{"@id":"https:\/\/www.znakowo.pl\/blog\/#website"},"primaryImageOfPage":{"@id":"https:\/\/www.znakowo.pl\/blog\/znak-poziomy-p-14\/#primaryimage"},"image":{"@id":"https:\/\/www.znakowo.pl\/blog\/znak-poziomy-p-14\/#primaryimage"},"thumbnailUrl":"https:\/\/www.znakowo.pl\/blog\/wp-content\/uploads\/2024\/05\/30864211.jpg","datePublished":"2024-05-23T10:30:00+00:00","description":"Znak poziomy P-24 (symbol osoby niepe\u0142nosprawnej). Sprawd\u017a, co oznacza, kiedy jest stosowany i jaki mandat grozi za parkowanie na znaku P-24.","breadcrumb":{"@id":"https:\/\/www.znakowo.pl\/blog\/znak-poziomy-p-14\/#breadcrumb"},"inLanguage":"pl-PL","potentialAction":[{"@type":"ReadAction","target":["https:\/\/www.znakowo.pl\/blog\/znak-poziomy-p-14\/"]}]},{"@type":"ImageObject","inLanguage":"pl-PL","@id":"https:\/\/www.znakowo.pl\/blog\/znak-poziomy-p-14\/#primaryimage","url":"https:\/\/www.znakowo.pl\/blog\/wp-content\/uploads\/2024\/05\/30864211.jpg","contentUrl":"https:\/\/www.znakowo.pl\/blog\/wp-content\/uploads\/2024\/05\/30864211.jpg","width":1000,"height":668,"caption":"Znak poziomy P-24 \u2013 symbol osoby niepe\u0142nosprawnej"},{"@type":"BreadcrumbList","@id":"https:\/\/www.znakowo.pl\/blog\/znak-poziomy-p-14\/#breadcrumb","itemListElement":[{"@type":"ListItem","position":1,"name":"Strona g\u0142\u00f3wna","item":"https:\/\/www.znakowo.pl\/blog\/"},{"@type":"ListItem","position":2,"name":"Znak poziomy P-24 \u2013 symbol osoby niepe\u0142nosprawnej"}]},{"@type":"WebSite","@id":"https:\/\/www.znakowo.pl\/blog\/#website","url":"https:\/\/www.znakowo.pl\/blog\/","name":"Blog znakowo.pl","description":"","publisher":{"@id":"https:\/\/www.znakowo.pl\/blog\/#organization"},"potentialAction":[{"@type":"SearchAction","target":{"@type":"EntryPoint","urlTemplate":"https:\/\/www.znakowo.pl\/blog\/?s={search_term_string}"},"query-input":{"@type":"PropertyValueSpecification","valueRequired":true,"valueName":"search_term_string"}}],"inLanguage":"pl-PL"},{"@type":"Organization","@id":"https:\/\/www.znakowo.pl\/blog\/#organization","name":"Znakowo.pl","url":"https:\/\/www.znakowo.pl\/blog\/","logo":{"@type":"ImageObject","inLanguage":"pl-PL","@id":"https:\/\/www.znakowo.pl\/blog\/#\/schema\/logo\/image\/","url":"https:\/\/www.znakowo.pl\/blog\/wp-content\/uploads\/2017\/05\/logo_1.png","contentUrl":"https:\/\/www.znakowo.pl\/blog\/wp-content\/uploads\/2017\/05\/logo_1.png","width":277,"height":94,"caption":"Znakowo.pl"},"image":{"@id":"https:\/\/www.znakowo.pl\/blog\/#\/schema\/logo\/image\/"},"sameAs":["https:\/\/www.facebook.com\/Znakowo\/"]},{"@type":"Person","@id":"https:\/\/www.znakowo.pl\/blog\/#\/schema\/person\/a29ddb53515b4cfd337f1582146267d9","name":"Julita Krzemi\u0144ska","image":{"@type":"ImageObject","inLanguage":"pl-PL","@id":"https:\/\/secure.gravatar.com\/avatar\/e6adac54b1d18b21f8567cc6208ef43409e661f1070cf8be2e6912306b99d439?s=96&d=mm&r=g","url":"https:\/\/secure.gravatar.com\/avatar\/e6adac54b1d18b21f8567cc6208ef43409e661f1070cf8be2e6912306b99d439?s=96&d=mm&r=g","contentUrl":"https:\/\/secure.gravatar.com\/avatar\/e6adac54b1d18b21f8567cc6208ef43409e661f1070cf8be2e6912306b99d439?s=96&d=mm&r=g","caption":"Julita Krzemi\u0144ska"},"url":"https:\/\/www.znakowo.pl\/blog\/author\/jkrzeminska\/"}]}},"_links":{"self":[{"href":"https:\/\/www.znakowo.pl\/blog\/wp-json\/wp\/v2\/posts\/6789","targetHints":{"allow":["GET"]}}],"collection":[{"href":"https:\/\/www.znakowo.pl\/blog\/wp-json\/wp\/v2\/posts"}],"about":[{"href":"https:\/\/www.znakowo.pl\/blog\/wp-json\/wp\/v2\/types\/post"}],"author":[{"embeddable":true,"href":"https:\/\/www.znakowo.pl\/blog\/wp-json\/wp\/v2\/users\/3"}],"replies":[{"embeddable":true,"href":"https:\/\/www.znakowo.pl\/blog\/wp-json\/wp\/v2\/comments?post=6789"}],"version-history":[{"count":1,"href":"https:\/\/www.znakowo.pl\/blog\/wp-json\/wp\/v2\/posts\/6789\/revisions"}],"predecessor-version":[{"id":6790,"href":"https:\/\/www.znakowo.pl\/blog\/wp-json\/wp\/v2\/posts\/6789\/revisions\/6790"}],"wp:featuredmedia":[{"embeddable":true,"href":"https:\/\/www.znakowo.pl\/blog\/wp-json\/wp\/v2\/media\/6810"}],"wp:attachment":[{"href":"https:\/\/www.znakowo.pl\/blog\/wp-json\/wp\/v2\/media?parent=6789"}],"wp:term":[{"taxonomy":"category","embeddable":true,"href":"https:\/\/www.znakowo.pl\/blog\/wp-json\/wp\/v2\/categories?post=6789"},{"taxonomy":"post_tag","embeddable":true,"href":"https:\/\/www.znakowo.pl\/blog\/wp-json\/wp\/v2\/tags?post=6789"}],"curies":[{"name":"wp","href":"https:\/\/api.w.org\/{rel}","templated":true}]}}