{"id":6923,"date":"2024-07-11T13:10:24","date_gmt":"2024-07-11T11:10:24","guid":{"rendered":"https:\/\/www.znakowo.pl\/blog\/?p=6923"},"modified":"2024-07-12T10:32:24","modified_gmt":"2024-07-12T08:32:24","slug":"bezpieczna-droga-wewnatrzzakladowa","status":"publish","type":"post","link":"https:\/\/www.znakowo.pl\/blog\/bezpieczna-droga-wewnatrzzakladowa\/","title":{"rendered":"Bezpieczna droga wewn\u0105trzzak\u0142adowa"},"content":{"rendered":"\n<p>Bezpieczna droga wewn\u0105trzzak\u0142adowa \u2013 przydatne elementy, o kt\u00f3rych warto pami\u0119ta\u0107 przy organizacji transportu wewn\u0119trznego w magazynach, przestrzeniach przemys\u0142owych itp.<\/p>\n\n\n<p><!--more--><\/p>\n\n<div id=\"ez-toc-container\" class=\"ez-toc-v2_0_82_2 counter-hierarchy ez-toc-counter ez-toc-grey ez-toc-container-direction\">\n<div class=\"ez-toc-title-container\">\n<p class=\"ez-toc-title\" style=\"cursor:inherit\">Spis tre\u015bci<\/p>\n<span class=\"ez-toc-title-toggle\"><a href=\"#\" class=\"ez-toc-pull-right ez-toc-btn ez-toc-btn-xs ez-toc-btn-default ez-toc-toggle\" aria-label=\"Prze\u0142\u0105cznik Spisu Tre\u015bci\"><span class=\"ez-toc-js-icon-con\"><span class=\"\"><span class=\"eztoc-hide\" style=\"display:none;\">Toggle<\/span><span class=\"ez-toc-icon-toggle-span\"><svg style=\"fill: #999;color:#999\" xmlns=\"http:\/\/www.w3.org\/2000\/svg\" class=\"list-377408\" width=\"20px\" height=\"20px\" viewBox=\"0 0 24 24\" fill=\"none\"><path d=\"M6 6H4v2h2V6zm14 0H8v2h12V6zM4 11h2v2H4v-2zm16 0H8v2h12v-2zM4 16h2v2H4v-2zm16 0H8v2h12v-2z\" fill=\"currentColor\"><\/path><\/svg><svg style=\"fill: #999;color:#999\" class=\"arrow-unsorted-368013\" xmlns=\"http:\/\/www.w3.org\/2000\/svg\" width=\"10px\" height=\"10px\" viewBox=\"0 0 24 24\" version=\"1.2\" baseProfile=\"tiny\"><path d=\"M18.2 9.3l-6.2-6.3-6.2 6.3c-.2.2-.3.4-.3.7s.1.5.3.7c.2.2.4.3.7.3h11c.3 0 .5-.1.7-.3.2-.2.3-.5.3-.7s-.1-.5-.3-.7zM5.8 14.7l6.2 6.3 6.2-6.3c.2-.2.3-.5.3-.7s-.1-.5-.3-.7c-.2-.2-.4-.3-.7-.3h-11c-.3 0-.5.1-.7.3-.2.2-.3.5-.3.7s.1.5.3.7z\"\/><\/svg><\/span><\/span><\/span><\/a><\/span><\/div>\n<nav><ul class='ez-toc-list ez-toc-list-level-1 ' ><li class='ez-toc-page-1 ez-toc-heading-level-2'><a class=\"ez-toc-link ez-toc-heading-1\" href=\"https:\/\/www.znakowo.pl\/blog\/bezpieczna-droga-wewnatrzzakladowa\/#Bezpieczna_droga_wewnatrzzakladowa_%E2%80%93_cztery_przydatne_elementy\" >Bezpieczna droga wewn\u0105trzzak\u0142adowa \u2013 cztery przydatne elementy<\/a><ul class='ez-toc-list-level-3' ><li class='ez-toc-heading-level-3'><a class=\"ez-toc-link ez-toc-heading-2\" href=\"https:\/\/www.znakowo.pl\/blog\/bezpieczna-droga-wewnatrzzakladowa\/#Odbojnice_przemyslowe\" >Odbojnice przemys\u0142owe<\/a><\/li><li class='ez-toc-page-1 ez-toc-heading-level-3'><a class=\"ez-toc-link ez-toc-heading-3\" href=\"https:\/\/www.znakowo.pl\/blog\/bezpieczna-droga-wewnatrzzakladowa\/#Profile_ochronne\" >Profile ochronne<\/a><\/li><li class='ez-toc-page-1 ez-toc-heading-level-3'><a class=\"ez-toc-link ez-toc-heading-4\" href=\"https:\/\/www.znakowo.pl\/blog\/bezpieczna-droga-wewnatrzzakladowa\/#Progi_kablowe\" >Progi kablowe<\/a><\/li><li class='ez-toc-page-1 ez-toc-heading-level-3'><a class=\"ez-toc-link ez-toc-heading-5\" href=\"https:\/\/www.znakowo.pl\/blog\/bezpieczna-droga-wewnatrzzakladowa\/#Lustra_sferyczne_i_magazynowe\" >Lustra sferyczne i magazynowe<\/a><\/li><\/ul><\/li><\/ul><\/nav><\/div>\n<h2 class=\"wp-block-heading\"><span class=\"ez-toc-section\" id=\"Bezpieczna_droga_wewnatrzzakladowa_%E2%80%93_cztery_przydatne_elementy\"><\/span>Bezpieczna droga wewn\u0105trzzak\u0142adowa \u2013 cztery przydatne elementy<span class=\"ez-toc-section-end\"><\/span><\/h2>\n\n\n\n<h3 class=\"wp-block-heading\"><span class=\"ez-toc-section\" id=\"Odbojnice_przemyslowe\"><\/span>Odbojnice przemys\u0142owe<span class=\"ez-toc-section-end\"><\/span><\/h3>\n\n\n\n<p>Na drogach magazynowych itp. z pewno\u015bci\u0105 nie powinno zabrakn\u0105\u0107 odbojnic przemys\u0142owych. S\u0105 jednym z wa\u017cniejszych element\u00f3w, je\u015bli chodzi o bezpiecze\u0144stwo. Odbojnice instaluje si\u0119 przy \u015bcianach, s\u0142upach, rega\u0142ach i innych elementach infrastruktury, wok\u00f3\u0142 stref, w kt\u00f3rych znajduj\u0105 si\u0119 maszyny, towary itp. Skutecznie chroni\u0105 przed uszkodzeniami, kt\u00f3re mog\u0105 spowodowa\u0107 manewruj\u0105ce w\u00f3zki wid\u0142owe i inne pojazdy. Najcz\u0119\u015bciej malowane s\u0105 w jaskrawe kolory, co poprawia ich widoczno\u015b\u0107. Dzi\u0119ki temu kierowcy mog\u0105 szybciej zauwa\u017cy\u0107 przeszkody i unikn\u0105\u0107 kolizji.<\/p>\n\n\n\n<div class=\"product-small-box-content display-flex\">\n          <a href=\"https:\/\/www.znakowo.pl\/produkt\/odbojnica-przemyslowa-magazynowa-typu-u,odb-u,10152.html\" class=\"product-small\">\n          <div class=\"product-small-box\">\n              <div class=\"product-small-img\">\n                                    <img decoding=\"async\" src=\"https:\/\/tdc.znakowo.pl\/thumbs\/odbojnica-przemyslowa-magazynowa-typu-u-23540-10152-160-160-0.jpg\" alt=\"Odbojnica przemys\u0142owa magazynowa - typu U - Bezpieczna droga wewn\u0105trzzak\u0142adowa\" title=\"Odbojnica przemys\u0142owa magazynowa - typu U - Bezpieczna droga wewn\u0105trzzak\u0142adowa\" \/>\n              <\/div>\n              <div class=\"product-small-title\">\n                  Odbojnica przemys\u0142owa magazynowa - typu U              <\/div>\n          <\/div>\n      <\/a>    \n            <a href=\"https:\/\/www.znakowo.pl\/produkt\/odbojnica-przemyslowa-magazynowa-przypodlogowa-wozkowa-liniowa-typu-p-prosta,odb-p,10154.html\" class=\"product-small\">\n          <div class=\"product-small-box\">\n              <div class=\"product-small-img\">\n                                    <img decoding=\"async\" src=\"https:\/\/tdc.znakowo.pl\/thumbs\/odbojnica-przemyslowa-magazynowa-przypodlogowa-wozkowa-liniowa-typu-p-prosta-23591-10154-160-160-0.jpg\" alt=\"Odbojnica przemys\u0142owa magazynowa - przypod\u0142ogowa, w\u00f3zkowa, liniowa - typu P prosta - Bezpieczna droga wewn\u0105trzzak\u0142adowa\" title=\"Odbojnica przemys\u0142owa magazynowa - przypod\u0142ogowa, w\u00f3zkowa, liniowa - typu P prosta - Bezpieczna droga wewn\u0105trzzak\u0142adowa\" \/>\n              <\/div>\n              <div class=\"product-small-title\">\n                  Odbojnica przemys\u0142owa magazynowa - przypod\u0142ogowa, w\u00f3zkowa, liniowa - typu P prosta              <\/div>\n          <\/div>\n      <\/a>    \n            <a href=\"https:\/\/www.znakowo.pl\/produkt\/odbojnica-przemyslowa-magazynowa-liniowa-typu-i-prosta,odb-i,10150.html\" class=\"product-small\">\n          <div class=\"product-small-box\">\n              <div class=\"product-small-img\">\n                                    <img decoding=\"async\" src=\"https:\/\/tdc.znakowo.pl\/thumbs\/odbojnica-przemyslowa-magazynowa-liniowa-typu-i-prosta-22839-10150-160-160-0.jpg\" alt=\"Odbojnica przemys\u0142owa magazynowa - liniowa - typu I prosta - Bezpieczna droga wewn\u0105trzzak\u0142adowa\" title=\"Odbojnica przemys\u0142owa magazynowa - liniowa - typu I prosta - Bezpieczna droga wewn\u0105trzzak\u0142adowa\" \/>\n              <\/div>\n              <div class=\"product-small-title\">\n                  Odbojnica przemys\u0142owa magazynowa - liniowa - typu I prosta              <\/div>\n          <\/div>\n      <\/a>    \n        \n    <div class=\"clearfix\"><\/div>    \n<\/div>\n\n\n\n\n<h3 class=\"wp-block-heading\"><span class=\"ez-toc-section\" id=\"Profile_ochronne\"><\/span>Profile ochronne<span class=\"ez-toc-section-end\"><\/span><\/h3>\n\n\n\n<p>Na drogach wewn\u0105trzzak\u0142adowych sprawdz\u0105 si\u0119 tak\u017ce profile ochronne. S\u0142u\u017c\u0105 do zabezpieczania miejsc, w kt\u00f3rych istnieje ryzyko kolizji z elementami infrastruktury lub wyposa\u017cenia. Pe\u0142ni\u0105 podobn\u0105 funkcj\u0119 co odbojnice, chocia\u017c sprawdzaj\u0105 si\u0119 raczej w miejscach o mniejszym ryzyku ci\u0119\u017ckich uszkodze\u0144. Profile wykonane s\u0105 z elastycznych materia\u0142\u00f3w. Absorbuj\u0105 uderzenia i chroni\u0105 (maszyn, elewacje, konstrukcje itp.) przed skutkami uderze\u0144, np. zarysowaniami i innymi uszkodzeniami mechanicznymi. Tak jak i odbojnice, tak i profile ochronne najcz\u0119\u015bciej maj\u0105 jaskrawe kolory \u2013 stanowi\u0105 dla kierowc\u00f3w punkt odniesienia, u\u0142atwiaj\u0105cy kierowcom zorientowanie si\u0119, w jakiej odleg\u0142o\u015bci znajduje si\u0119 przeszkoda.<\/p>\n\n\n\n<div class=\"product-small-box-content display-flex\">\n          <a href=\"https:\/\/www.znakowo.pl\/produkt\/elastyczny-profil-ochronny-zolto-czarny-typ-ud,wp_ud,10347.html\" class=\"product-small\">\n          <div class=\"product-small-box\">\n              <div class=\"product-small-img\">\n                                    <img decoding=\"async\" src=\"https:\/\/tdc.znakowo.pl\/thumbs\/elastyczny-profil-ochronny-zolto-czarny-typ-ud-24621-10347-160-160-0.jpg\" alt=\"Elastyczny profil ochronny \u017c\u00f3\u0142to-czarny typ Ud - Bezpieczna droga wewn\u0105trzzak\u0142adowa\" title=\"Elastyczny profil ochronny \u017c\u00f3\u0142to-czarny typ Ud - Bezpieczna droga wewn\u0105trzzak\u0142adowa\" \/>\n              <\/div>\n              <div class=\"product-small-title\">\n                  Elastyczny profil ochronny \u017c\u00f3\u0142to-czarny typ Ud              <\/div>\n          <\/div>\n      <\/a>    \n            <a href=\"https:\/\/www.znakowo.pl\/produkt\/profil-ochronny-ostrzegawczy-czerwono-zolty,ac251,2902.html\" class=\"product-small\">\n          <div class=\"product-small-box\">\n              <div class=\"product-small-img\">\n                                    <img decoding=\"async\" src=\"https:\/\/tdc.znakowo.pl\/thumbs\/profil-ochronny-ostrzegawczy-czerwono-zolty-9118-2902-160-160-0.jpg\" alt=\"Profil ochronny ostrzegawczy czerwono - \u017c\u00f3\u0142ty - Bezpieczna droga wewn\u0105trzzak\u0142adowa\" title=\"Profil ochronny ostrzegawczy czerwono - \u017c\u00f3\u0142ty - Bezpieczna droga wewn\u0105trzzak\u0142adowa\" \/>\n              <\/div>\n              <div class=\"product-small-title\">\n                  Profil ochronny ostrzegawczy czerwono - \u017c\u00f3\u0142ty              <\/div>\n          <\/div>\n      <\/a>    \n            <a href=\"https:\/\/www.znakowo.pl\/produkt\/profil-ochronny-ostrzegawczy-czarno-zolty,ac262,2910.html\" class=\"product-small\">\n          <div class=\"product-small-box\">\n              <div class=\"product-small-img\">\n                                    <img decoding=\"async\" src=\"https:\/\/tdc.znakowo.pl\/thumbs\/profil-ochronny-ostrzegawczy-czarno-zolty-2877-2910-160-160-0.jpg\" alt=\"Profil ochronny ostrzegawczy czarno - \u017c\u00f3\u0142ty - Bezpieczna droga wewn\u0105trzzak\u0142adowa\" title=\"Profil ochronny ostrzegawczy czarno - \u017c\u00f3\u0142ty - Bezpieczna droga wewn\u0105trzzak\u0142adowa\" \/>\n              <\/div>\n              <div class=\"product-small-title\">\n                  Profil ochronny ostrzegawczy czarno - \u017c\u00f3\u0142ty              <\/div>\n          <\/div>\n      <\/a>    \n        \n    <div class=\"clearfix\"><\/div>    \n<\/div>\n\n\n\n\n<h3 class=\"wp-block-heading\"><span class=\"ez-toc-section\" id=\"Progi_kablowe\"><\/span>Progi kablowe<span class=\"ez-toc-section-end\"><\/span><\/h3>\n\n\n\n<p>Kable le\u017c\u0105ce na pod\u0142odze mog\u0105 stanowi\u0107 potencjalne zagro\u017cenie dla pieszych \u2013 \u0142atwo si\u0119 o nie potkn\u0105\u0107 i upa\u015b\u0107. Z kolei maszyny poruszaj\u0105ce si\u0119 po drodze wewn\u0105trzzak\u0142adowej mog\u0105 \u0142atwo zniszczy\u0107 pozostawione luzem okablowanie. Rozwi\u0105zaniem s\u0105 progi kablowe. To specjalne profile, wewn\u0105trz kt\u00f3rych znajduj\u0105 si\u0119 kana\u0142y na przewody. Progi zabezpieczaj\u0105 kable przed przypadkowym przeci\u0119ciem, zerwaniem itp., zwi\u0119kszaj\u0105 bezpiecze\u0144stwo os\u00f3b poruszaj\u0105cych si\u0119 po danej przestrzeni, a dodatkowo porz\u0105dkuj\u0105 przestrze\u0144.<\/p>\n\n\n\n<div class=\"product-small-box-content display-flex\">\n          <a href=\"https:\/\/www.znakowo.pl\/produkt\/najazd-kablowy-prog-najazd-na-kable-2-kanalowy-drogowy-101x25x5-cm,kbl-bud-2,10295.html\" class=\"product-small\">\n          <div class=\"product-small-box\">\n              <div class=\"product-small-img\">\n                                    <img decoding=\"async\" src=\"https:\/\/tdc.znakowo.pl\/thumbs\/najazd-kablowy-prog-najazd-na-kable-2-kanalowy-drogowy-101x25x5-cm-24373-10295-160-160-0.jpg\" alt=\"Najazd kablowy, pr\u00f3g, najazd na kable - 2 kana\u0142owy drogowy 101x25x5 cm - Bezpieczna droga wewn\u0105trzzak\u0142adowa\" title=\"Najazd kablowy, pr\u00f3g, najazd na kable - 2 kana\u0142owy drogowy 101x25x5 cm - Bezpieczna droga wewn\u0105trzzak\u0142adowa\" \/>\n              <\/div>\n              <div class=\"product-small-title\">\n                  Najazd kablowy, pr\u00f3g, najazd na kable - 2 kana\u0142owy drogowy 101x25x5 cm              <\/div>\n          <\/div>\n      <\/a>    \n            <a href=\"https:\/\/www.znakowo.pl\/produkt\/najazd-kablowy-prog-najazd-na-kable-2-kanalowy-drogowy-100x24x4-cm,kbl-05,9039.html\" class=\"product-small\">\n          <div class=\"product-small-box\">\n              <div class=\"product-small-img\">\n                                    <img decoding=\"async\" src=\"https:\/\/tdc.znakowo.pl\/thumbs\/najazd-kablowy-prog-najazd-na-kable-2-kanalowy-drogowy-100x24x4-cm-24335-9039-160-160-0.jpg\" alt=\"Najazd kablowy, pr\u00f3g, najazd na kable - 2 kana\u0142owy drogowy 100x24x4 cm - Bezpieczna droga wewn\u0105trzzak\u0142adowa\" title=\"Najazd kablowy, pr\u00f3g, najazd na kable - 2 kana\u0142owy drogowy 100x24x4 cm - Bezpieczna droga wewn\u0105trzzak\u0142adowa\" \/>\n              <\/div>\n              <div class=\"product-small-title\">\n                  Najazd kablowy, pr\u00f3g, najazd na kable - 2 kana\u0142owy drogowy 100x24x4 cm              <\/div>\n          <\/div>\n      <\/a>    \n            <a href=\"https:\/\/www.znakowo.pl\/produkt\/najazd-kablowy-prog-najazd-na-kable-gumowy-drogowy-120x21x65-cm-zabezpieczenie-oslona-zolta,kbl-09,9041.html\" class=\"product-small\">\n          <div class=\"product-small-box\">\n              <div class=\"product-small-img\">\n                                    <img decoding=\"async\" src=\"https:\/\/tdc.znakowo.pl\/thumbs\/najazd-kablowy-prog-najazd-na-kable-gumowy-drogowy-120x21x65-cm-zabezpieczenie-oslona-zolta-23778-9041-160-160-0.jpg\" alt=\"Najazd kablowy, pr\u00f3g, najazd na kable gumowy drogowy 120x21x6,5 cm, zabezpieczenie os\u0142ona - \u017c\u00f3\u0142ta - Bezpieczna droga wewn\u0105trzzak\u0142adowa\" title=\"Najazd kablowy, pr\u00f3g, najazd na kable gumowy drogowy 120x21x6,5 cm, zabezpieczenie os\u0142ona - \u017c\u00f3\u0142ta - Bezpieczna droga wewn\u0105trzzak\u0142adowa\" \/>\n              <\/div>\n              <div class=\"product-small-title\">\n                  Najazd kablowy, pr\u00f3g, najazd na kable gumowy drogowy 120x21x6,5 cm, zabezpieczenie os\u0142ona - \u017c\u00f3\u0142ta              <\/div>\n          <\/div>\n      <\/a>    \n        \n    <div class=\"clearfix\"><\/div>    \n<\/div>\n\n\n\n\n<h3 class=\"wp-block-heading\"><span class=\"ez-toc-section\" id=\"Lustra_sferyczne_i_magazynowe\"><\/span>Lustra sferyczne i magazynowe<span class=\"ez-toc-section-end\"><\/span><\/h3>\n\n\n\n<p>Bezpieczna droga wewn\u0105trzzak\u0142adowa nie mo\u017ce obej\u015b\u0107 si\u0119 bez luster, kt\u00f3re eliminuj\u0105 martwe punktu i poprawiaj\u0105 widoczno\u015b\u0107. Dzi\u0119ki swojej konstrukcji zapewniaj\u0105 szerszy k\u0105t widzenia, umo\u017cliwiaj\u0105c kierowcom i pieszym odpowiednio wcze\u015bnie dostrzec nadje\u017cd\u017caj\u0105ce pojazdy. Zamontowane w miejscach o ograniczonej widoczno\u015bci (np. zakr\u0119ty, skrzy\u017cowania, w\u0105skie alejki), minimalizuj\u0105 ryzyko kolizji.<\/p>\n\n\n\n<div class=\"product-small-box-content display-flex\">\n          <a href=\"https:\/\/www.znakowo.pl\/produkt\/lustro-sferyczne-14-kuli-\u2013-przemyslowe-magazynowe-akrylowe,u-18s-d14,6012.html\" class=\"product-small\">\n          <div class=\"product-small-box\">\n              <div class=\"product-small-img\">\n                                    <img decoding=\"async\" src=\"https:\/\/tdc.znakowo.pl\/thumbs\/lustro-sferyczne-14-kuli-\u2013-przemyslowe-magazynowe-akrylowe-23548-6012-160-160-0.jpg\" alt=\"Lustro sferyczne 1\/4 kuli \u2013 przemys\u0142owe magazynowe, akrylowe - Bezpieczna droga wewn\u0105trzzak\u0142adowa\" title=\"Lustro sferyczne 1\/4 kuli \u2013 przemys\u0142owe magazynowe, akrylowe - Bezpieczna droga wewn\u0105trzzak\u0142adowa\" \/>\n              <\/div>\n              <div class=\"product-small-title\">\n                  Lustro sferyczne 1\/4 kuli \u2013 przemys\u0142owe magazynowe, akrylowe              <\/div>\n          <\/div>\n      <\/a>    \n            <a href=\"https:\/\/www.znakowo.pl\/produkt\/lustro-przemyslowe-magazynowe-prostokatne-z-rama-ostrzegawcza-akrylowe,u-18b-vp,6015.html\" class=\"product-small\">\n          <div class=\"product-small-box\">\n              <div class=\"product-small-img\">\n                                    <img decoding=\"async\" src=\"https:\/\/tdc.znakowo.pl\/thumbs\/lustro-przemyslowe-magazynowe-prostokatne-z-rama-ostrzegawcza-akrylowe-23546-6015-160-160-0.jpg\" alt=\"Lustro przemys\u0142owe magazynowe - prostok\u0105tne z ram\u0105 ostrzegawcz\u0105, akrylowe - Bezpieczna droga wewn\u0105trzzak\u0142adowa\" title=\"Lustro przemys\u0142owe magazynowe - prostok\u0105tne z ram\u0105 ostrzegawcz\u0105, akrylowe - Bezpieczna droga wewn\u0105trzzak\u0142adowa\" \/>\n              <\/div>\n              <div class=\"product-small-title\">\n                  Lustro przemys\u0142owe magazynowe - prostok\u0105tne z ram\u0105 ostrzegawcz\u0105, akrylowe              <\/div>\n          <\/div>\n      <\/a>    \n            <a href=\"https:\/\/www.znakowo.pl\/produkt\/lustro-sferyczne-18-kuli-\u2013-przemyslowe-magazynowe-akrylowe,u-18s-d18,6013.html\" class=\"product-small\">\n          <div class=\"product-small-box\">\n              <div class=\"product-small-img\">\n                                    <img decoding=\"async\" src=\"https:\/\/tdc.znakowo.pl\/thumbs\/lustro-sferyczne-18-kuli-\u2013-przemyslowe-magazynowe-akrylowe-23549-6013-160-160-0.jpg\" alt=\"Lustro sferyczne 1\/8 kuli \u2013 przemys\u0142owe magazynowe, akrylowe - Bezpieczna droga wewn\u0105trzzak\u0142adowa\" title=\"Lustro sferyczne 1\/8 kuli \u2013 przemys\u0142owe magazynowe, akrylowe - Bezpieczna droga wewn\u0105trzzak\u0142adowa\" \/>\n              <\/div>\n              <div class=\"product-small-title\">\n                  Lustro sferyczne 1\/8 kuli \u2013 przemys\u0142owe magazynowe, akrylowe              <\/div>\n          <\/div>\n      <\/a>    \n        \n    <div class=\"clearfix\"><\/div>    \n<\/div>\n\n","protected":false},"excerpt":{"rendered":"<p>Bezpieczna droga wewn\u0105trzzak\u0142adowa \u2013 przydatne elementy, o kt\u00f3rych warto pami\u0119ta\u0107 przy organizacji transportu wewn\u0119trznego w magazynach, przestrzeniach przemys\u0142owych itp.<\/p>\n","protected":false},"author":3,"featured_media":6962,"comment_status":"closed","ping_status":"closed","sticky":false,"template":"","format":"standard","meta":{"_acf_changed":false,"footnotes":""},"categories":[118],"tags":[],"class_list":["post-6923","post","type-post","status-publish","format-standard","has-post-thumbnail","hentry","category-oznakowanie-obiektow"],"acf":[],"yoast_head":"<!-- This site is optimized with the Yoast SEO plugin v27.4 - https:\/\/yoast.com\/product\/yoast-seo-wordpress\/ -->\n<title>Bezpieczna droga wewn\u0105trzzak\u0142adowa<\/title>\n<meta name=\"description\" content=\"Bezpieczna droga wewn\u0105trzzak\u0142adowa. Elementy, o kt\u00f3rych warto pami\u0119ta\u0107, organizuj\u0105c drogi magazynach i przestrzeniach przemys\u0142owych.\" \/>\n<meta name=\"robots\" content=\"index, follow, max-snippet:-1, max-image-preview:large, max-video-preview:-1\" \/>\n<link rel=\"canonical\" href=\"https:\/\/www.znakowo.pl\/blog\/bezpieczna-droga-wewnatrzzakladowa\/\" \/>\n<meta property=\"og:locale\" content=\"pl_PL\" \/>\n<meta property=\"og:type\" content=\"article\" \/>\n<meta property=\"og:title\" content=\"Bezpieczna droga wewn\u0105trzzak\u0142adowa\" \/>\n<meta property=\"og:description\" content=\"Bezpieczna droga wewn\u0105trzzak\u0142adowa. Elementy, o kt\u00f3rych warto pami\u0119ta\u0107, organizuj\u0105c drogi magazynach i przestrzeniach przemys\u0142owych.\" \/>\n<meta property=\"og:url\" content=\"https:\/\/www.znakowo.pl\/blog\/bezpieczna-droga-wewnatrzzakladowa\/\" \/>\n<meta property=\"og:site_name\" content=\"Blog znakowo.pl\" \/>\n<meta property=\"article:publisher\" content=\"https:\/\/www.facebook.com\/Znakowo\/\" \/>\n<meta property=\"article:published_time\" content=\"2024-07-11T11:10:24+00:00\" \/>\n<meta property=\"article:modified_time\" content=\"2024-07-12T08:32:24+00:00\" \/>\n<meta property=\"og:image\" content=\"https:\/\/www.znakowo.pl\/blog\/wp-content\/uploads\/2024\/07\/2148902541.jpg\" \/>\n\t<meta property=\"og:image:width\" content=\"1000\" \/>\n\t<meta property=\"og:image:height\" content=\"665\" \/>\n\t<meta property=\"og:image:type\" content=\"image\/jpeg\" \/>\n<meta name=\"author\" content=\"Julita Krzemi\u0144ska\" \/>\n<meta name=\"twitter:card\" content=\"summary_large_image\" \/>\n<meta name=\"twitter:label1\" content=\"Napisane przez\" \/>\n\t<meta name=\"twitter:data1\" content=\"Julita Krzemi\u0144ska\" \/>\n\t<meta name=\"twitter:label2\" content=\"Szacowany czas czytania\" \/>\n\t<meta name=\"twitter:data2\" content=\"3 minuty\" \/>\n<script type=\"application\/ld+json\" class=\"yoast-schema-graph\">{\"@context\":\"https:\\\/\\\/schema.org\",\"@graph\":[{\"@type\":\"Article\",\"@id\":\"https:\\\/\\\/www.znakowo.pl\\\/blog\\\/bezpieczna-droga-wewnatrzzakladowa\\\/#article\",\"isPartOf\":{\"@id\":\"https:\\\/\\\/www.znakowo.pl\\\/blog\\\/bezpieczna-droga-wewnatrzzakladowa\\\/\"},\"author\":{\"name\":\"Julita Krzemi\u0144ska\",\"@id\":\"https:\\\/\\\/www.znakowo.pl\\\/blog\\\/#\\\/schema\\\/person\\\/a29ddb53515b4cfd337f1582146267d9\"},\"headline\":\"Bezpieczna droga wewn\u0105trzzak\u0142adowa\",\"datePublished\":\"2024-07-11T11:10:24+00:00\",\"dateModified\":\"2024-07-12T08:32:24+00:00\",\"mainEntityOfPage\":{\"@id\":\"https:\\\/\\\/www.znakowo.pl\\\/blog\\\/bezpieczna-droga-wewnatrzzakladowa\\\/\"},\"wordCount\":399,\"publisher\":{\"@id\":\"https:\\\/\\\/www.znakowo.pl\\\/blog\\\/#organization\"},\"image\":{\"@id\":\"https:\\\/\\\/www.znakowo.pl\\\/blog\\\/bezpieczna-droga-wewnatrzzakladowa\\\/#primaryimage\"},\"thumbnailUrl\":\"https:\\\/\\\/www.znakowo.pl\\\/blog\\\/wp-content\\\/uploads\\\/2024\\\/07\\\/2148902541.jpg\",\"articleSection\":[\"Oznakowanie obiekt\u00f3w\"],\"inLanguage\":\"pl-PL\"},{\"@type\":\"WebPage\",\"@id\":\"https:\\\/\\\/www.znakowo.pl\\\/blog\\\/bezpieczna-droga-wewnatrzzakladowa\\\/\",\"url\":\"https:\\\/\\\/www.znakowo.pl\\\/blog\\\/bezpieczna-droga-wewnatrzzakladowa\\\/\",\"name\":\"Bezpieczna droga wewn\u0105trzzak\u0142adowa\",\"isPartOf\":{\"@id\":\"https:\\\/\\\/www.znakowo.pl\\\/blog\\\/#website\"},\"primaryImageOfPage\":{\"@id\":\"https:\\\/\\\/www.znakowo.pl\\\/blog\\\/bezpieczna-droga-wewnatrzzakladowa\\\/#primaryimage\"},\"image\":{\"@id\":\"https:\\\/\\\/www.znakowo.pl\\\/blog\\\/bezpieczna-droga-wewnatrzzakladowa\\\/#primaryimage\"},\"thumbnailUrl\":\"https:\\\/\\\/www.znakowo.pl\\\/blog\\\/wp-content\\\/uploads\\\/2024\\\/07\\\/2148902541.jpg\",\"datePublished\":\"2024-07-11T11:10:24+00:00\",\"dateModified\":\"2024-07-12T08:32:24+00:00\",\"description\":\"Bezpieczna droga wewn\u0105trzzak\u0142adowa. Elementy, o kt\u00f3rych warto pami\u0119ta\u0107, organizuj\u0105c drogi magazynach i przestrzeniach przemys\u0142owych.\",\"breadcrumb\":{\"@id\":\"https:\\\/\\\/www.znakowo.pl\\\/blog\\\/bezpieczna-droga-wewnatrzzakladowa\\\/#breadcrumb\"},\"inLanguage\":\"pl-PL\",\"potentialAction\":[{\"@type\":\"ReadAction\",\"target\":[\"https:\\\/\\\/www.znakowo.pl\\\/blog\\\/bezpieczna-droga-wewnatrzzakladowa\\\/\"]}]},{\"@type\":\"ImageObject\",\"inLanguage\":\"pl-PL\",\"@id\":\"https:\\\/\\\/www.znakowo.pl\\\/blog\\\/bezpieczna-droga-wewnatrzzakladowa\\\/#primaryimage\",\"url\":\"https:\\\/\\\/www.znakowo.pl\\\/blog\\\/wp-content\\\/uploads\\\/2024\\\/07\\\/2148902541.jpg\",\"contentUrl\":\"https:\\\/\\\/www.znakowo.pl\\\/blog\\\/wp-content\\\/uploads\\\/2024\\\/07\\\/2148902541.jpg\",\"width\":1000,\"height\":665,\"caption\":\"Bezpieczna droga wewn\u0105arzzak\u0142adowa\"},{\"@type\":\"BreadcrumbList\",\"@id\":\"https:\\\/\\\/www.znakowo.pl\\\/blog\\\/bezpieczna-droga-wewnatrzzakladowa\\\/#breadcrumb\",\"itemListElement\":[{\"@type\":\"ListItem\",\"position\":1,\"name\":\"Strona g\u0142\u00f3wna\",\"item\":\"https:\\\/\\\/www.znakowo.pl\\\/blog\\\/\"},{\"@type\":\"ListItem\",\"position\":2,\"name\":\"Bezpieczna droga wewn\u0105trzzak\u0142adowa\"}]},{\"@type\":\"WebSite\",\"@id\":\"https:\\\/\\\/www.znakowo.pl\\\/blog\\\/#website\",\"url\":\"https:\\\/\\\/www.znakowo.pl\\\/blog\\\/\",\"name\":\"Blog znakowo.pl\",\"description\":\"\",\"publisher\":{\"@id\":\"https:\\\/\\\/www.znakowo.pl\\\/blog\\\/#organization\"},\"potentialAction\":[{\"@type\":\"SearchAction\",\"target\":{\"@type\":\"EntryPoint\",\"urlTemplate\":\"https:\\\/\\\/www.znakowo.pl\\\/blog\\\/?s={search_term_string}\"},\"query-input\":{\"@type\":\"PropertyValueSpecification\",\"valueRequired\":true,\"valueName\":\"search_term_string\"}}],\"inLanguage\":\"pl-PL\"},{\"@type\":\"Organization\",\"@id\":\"https:\\\/\\\/www.znakowo.pl\\\/blog\\\/#organization\",\"name\":\"Znakowo.pl\",\"url\":\"https:\\\/\\\/www.znakowo.pl\\\/blog\\\/\",\"logo\":{\"@type\":\"ImageObject\",\"inLanguage\":\"pl-PL\",\"@id\":\"https:\\\/\\\/www.znakowo.pl\\\/blog\\\/#\\\/schema\\\/logo\\\/image\\\/\",\"url\":\"https:\\\/\\\/www.znakowo.pl\\\/blog\\\/wp-content\\\/uploads\\\/2017\\\/05\\\/logo_1.png\",\"contentUrl\":\"https:\\\/\\\/www.znakowo.pl\\\/blog\\\/wp-content\\\/uploads\\\/2017\\\/05\\\/logo_1.png\",\"width\":277,\"height\":94,\"caption\":\"Znakowo.pl\"},\"image\":{\"@id\":\"https:\\\/\\\/www.znakowo.pl\\\/blog\\\/#\\\/schema\\\/logo\\\/image\\\/\"},\"sameAs\":[\"https:\\\/\\\/www.facebook.com\\\/Znakowo\\\/\"]},{\"@type\":\"Person\",\"@id\":\"https:\\\/\\\/www.znakowo.pl\\\/blog\\\/#\\\/schema\\\/person\\\/a29ddb53515b4cfd337f1582146267d9\",\"name\":\"Julita Krzemi\u0144ska\",\"image\":{\"@type\":\"ImageObject\",\"inLanguage\":\"pl-PL\",\"@id\":\"https:\\\/\\\/secure.gravatar.com\\\/avatar\\\/e6adac54b1d18b21f8567cc6208ef43409e661f1070cf8be2e6912306b99d439?s=96&d=mm&r=g\",\"url\":\"https:\\\/\\\/secure.gravatar.com\\\/avatar\\\/e6adac54b1d18b21f8567cc6208ef43409e661f1070cf8be2e6912306b99d439?s=96&d=mm&r=g\",\"contentUrl\":\"https:\\\/\\\/secure.gravatar.com\\\/avatar\\\/e6adac54b1d18b21f8567cc6208ef43409e661f1070cf8be2e6912306b99d439?s=96&d=mm&r=g\",\"caption\":\"Julita Krzemi\u0144ska\"},\"url\":\"https:\\\/\\\/www.znakowo.pl\\\/blog\\\/author\\\/jkrzeminska\\\/\"}]}<\/script>\n<!-- \/ Yoast SEO plugin. -->","yoast_head_json":{"title":"Bezpieczna droga wewn\u0105trzzak\u0142adowa","description":"Bezpieczna droga wewn\u0105trzzak\u0142adowa. Elementy, o kt\u00f3rych warto pami\u0119ta\u0107, organizuj\u0105c drogi magazynach i przestrzeniach przemys\u0142owych.","robots":{"index":"index","follow":"follow","max-snippet":"max-snippet:-1","max-image-preview":"max-image-preview:large","max-video-preview":"max-video-preview:-1"},"canonical":"https:\/\/www.znakowo.pl\/blog\/bezpieczna-droga-wewnatrzzakladowa\/","og_locale":"pl_PL","og_type":"article","og_title":"Bezpieczna droga wewn\u0105trzzak\u0142adowa","og_description":"Bezpieczna droga wewn\u0105trzzak\u0142adowa. Elementy, o kt\u00f3rych warto pami\u0119ta\u0107, organizuj\u0105c drogi magazynach i przestrzeniach przemys\u0142owych.","og_url":"https:\/\/www.znakowo.pl\/blog\/bezpieczna-droga-wewnatrzzakladowa\/","og_site_name":"Blog znakowo.pl","article_publisher":"https:\/\/www.facebook.com\/Znakowo\/","article_published_time":"2024-07-11T11:10:24+00:00","article_modified_time":"2024-07-12T08:32:24+00:00","og_image":[{"width":1000,"height":665,"url":"https:\/\/www.znakowo.pl\/blog\/wp-content\/uploads\/2024\/07\/2148902541.jpg","type":"image\/jpeg"}],"author":"Julita Krzemi\u0144ska","twitter_card":"summary_large_image","twitter_misc":{"Napisane przez":"Julita Krzemi\u0144ska","Szacowany czas czytania":"3 minuty"},"schema":{"@context":"https:\/\/schema.org","@graph":[{"@type":"Article","@id":"https:\/\/www.znakowo.pl\/blog\/bezpieczna-droga-wewnatrzzakladowa\/#article","isPartOf":{"@id":"https:\/\/www.znakowo.pl\/blog\/bezpieczna-droga-wewnatrzzakladowa\/"},"author":{"name":"Julita Krzemi\u0144ska","@id":"https:\/\/www.znakowo.pl\/blog\/#\/schema\/person\/a29ddb53515b4cfd337f1582146267d9"},"headline":"Bezpieczna droga wewn\u0105trzzak\u0142adowa","datePublished":"2024-07-11T11:10:24+00:00","dateModified":"2024-07-12T08:32:24+00:00","mainEntityOfPage":{"@id":"https:\/\/www.znakowo.pl\/blog\/bezpieczna-droga-wewnatrzzakladowa\/"},"wordCount":399,"publisher":{"@id":"https:\/\/www.znakowo.pl\/blog\/#organization"},"image":{"@id":"https:\/\/www.znakowo.pl\/blog\/bezpieczna-droga-wewnatrzzakladowa\/#primaryimage"},"thumbnailUrl":"https:\/\/www.znakowo.pl\/blog\/wp-content\/uploads\/2024\/07\/2148902541.jpg","articleSection":["Oznakowanie obiekt\u00f3w"],"inLanguage":"pl-PL"},{"@type":"WebPage","@id":"https:\/\/www.znakowo.pl\/blog\/bezpieczna-droga-wewnatrzzakladowa\/","url":"https:\/\/www.znakowo.pl\/blog\/bezpieczna-droga-wewnatrzzakladowa\/","name":"Bezpieczna droga wewn\u0105trzzak\u0142adowa","isPartOf":{"@id":"https:\/\/www.znakowo.pl\/blog\/#website"},"primaryImageOfPage":{"@id":"https:\/\/www.znakowo.pl\/blog\/bezpieczna-droga-wewnatrzzakladowa\/#primaryimage"},"image":{"@id":"https:\/\/www.znakowo.pl\/blog\/bezpieczna-droga-wewnatrzzakladowa\/#primaryimage"},"thumbnailUrl":"https:\/\/www.znakowo.pl\/blog\/wp-content\/uploads\/2024\/07\/2148902541.jpg","datePublished":"2024-07-11T11:10:24+00:00","dateModified":"2024-07-12T08:32:24+00:00","description":"Bezpieczna droga wewn\u0105trzzak\u0142adowa. Elementy, o kt\u00f3rych warto pami\u0119ta\u0107, organizuj\u0105c drogi magazynach i przestrzeniach przemys\u0142owych.","breadcrumb":{"@id":"https:\/\/www.znakowo.pl\/blog\/bezpieczna-droga-wewnatrzzakladowa\/#breadcrumb"},"inLanguage":"pl-PL","potentialAction":[{"@type":"ReadAction","target":["https:\/\/www.znakowo.pl\/blog\/bezpieczna-droga-wewnatrzzakladowa\/"]}]},{"@type":"ImageObject","inLanguage":"pl-PL","@id":"https:\/\/www.znakowo.pl\/blog\/bezpieczna-droga-wewnatrzzakladowa\/#primaryimage","url":"https:\/\/www.znakowo.pl\/blog\/wp-content\/uploads\/2024\/07\/2148902541.jpg","contentUrl":"https:\/\/www.znakowo.pl\/blog\/wp-content\/uploads\/2024\/07\/2148902541.jpg","width":1000,"height":665,"caption":"Bezpieczna droga wewn\u0105arzzak\u0142adowa"},{"@type":"BreadcrumbList","@id":"https:\/\/www.znakowo.pl\/blog\/bezpieczna-droga-wewnatrzzakladowa\/#breadcrumb","itemListElement":[{"@type":"ListItem","position":1,"name":"Strona g\u0142\u00f3wna","item":"https:\/\/www.znakowo.pl\/blog\/"},{"@type":"ListItem","position":2,"name":"Bezpieczna droga wewn\u0105trzzak\u0142adowa"}]},{"@type":"WebSite","@id":"https:\/\/www.znakowo.pl\/blog\/#website","url":"https:\/\/www.znakowo.pl\/blog\/","name":"Blog znakowo.pl","description":"","publisher":{"@id":"https:\/\/www.znakowo.pl\/blog\/#organization"},"potentialAction":[{"@type":"SearchAction","target":{"@type":"EntryPoint","urlTemplate":"https:\/\/www.znakowo.pl\/blog\/?s={search_term_string}"},"query-input":{"@type":"PropertyValueSpecification","valueRequired":true,"valueName":"search_term_string"}}],"inLanguage":"pl-PL"},{"@type":"Organization","@id":"https:\/\/www.znakowo.pl\/blog\/#organization","name":"Znakowo.pl","url":"https:\/\/www.znakowo.pl\/blog\/","logo":{"@type":"ImageObject","inLanguage":"pl-PL","@id":"https:\/\/www.znakowo.pl\/blog\/#\/schema\/logo\/image\/","url":"https:\/\/www.znakowo.pl\/blog\/wp-content\/uploads\/2017\/05\/logo_1.png","contentUrl":"https:\/\/www.znakowo.pl\/blog\/wp-content\/uploads\/2017\/05\/logo_1.png","width":277,"height":94,"caption":"Znakowo.pl"},"image":{"@id":"https:\/\/www.znakowo.pl\/blog\/#\/schema\/logo\/image\/"},"sameAs":["https:\/\/www.facebook.com\/Znakowo\/"]},{"@type":"Person","@id":"https:\/\/www.znakowo.pl\/blog\/#\/schema\/person\/a29ddb53515b4cfd337f1582146267d9","name":"Julita Krzemi\u0144ska","image":{"@type":"ImageObject","inLanguage":"pl-PL","@id":"https:\/\/secure.gravatar.com\/avatar\/e6adac54b1d18b21f8567cc6208ef43409e661f1070cf8be2e6912306b99d439?s=96&d=mm&r=g","url":"https:\/\/secure.gravatar.com\/avatar\/e6adac54b1d18b21f8567cc6208ef43409e661f1070cf8be2e6912306b99d439?s=96&d=mm&r=g","contentUrl":"https:\/\/secure.gravatar.com\/avatar\/e6adac54b1d18b21f8567cc6208ef43409e661f1070cf8be2e6912306b99d439?s=96&d=mm&r=g","caption":"Julita Krzemi\u0144ska"},"url":"https:\/\/www.znakowo.pl\/blog\/author\/jkrzeminska\/"}]}},"_links":{"self":[{"href":"https:\/\/www.znakowo.pl\/blog\/wp-json\/wp\/v2\/posts\/6923","targetHints":{"allow":["GET"]}}],"collection":[{"href":"https:\/\/www.znakowo.pl\/blog\/wp-json\/wp\/v2\/posts"}],"about":[{"href":"https:\/\/www.znakowo.pl\/blog\/wp-json\/wp\/v2\/types\/post"}],"author":[{"embeddable":true,"href":"https:\/\/www.znakowo.pl\/blog\/wp-json\/wp\/v2\/users\/3"}],"replies":[{"embeddable":true,"href":"https:\/\/www.znakowo.pl\/blog\/wp-json\/wp\/v2\/comments?post=6923"}],"version-history":[{"count":1,"href":"https:\/\/www.znakowo.pl\/blog\/wp-json\/wp\/v2\/posts\/6923\/revisions"}],"predecessor-version":[{"id":6924,"href":"https:\/\/www.znakowo.pl\/blog\/wp-json\/wp\/v2\/posts\/6923\/revisions\/6924"}],"wp:featuredmedia":[{"embeddable":true,"href":"https:\/\/www.znakowo.pl\/blog\/wp-json\/wp\/v2\/media\/6962"}],"wp:attachment":[{"href":"https:\/\/www.znakowo.pl\/blog\/wp-json\/wp\/v2\/media?parent=6923"}],"wp:term":[{"taxonomy":"category","embeddable":true,"href":"https:\/\/www.znakowo.pl\/blog\/wp-json\/wp\/v2\/categories?post=6923"},{"taxonomy":"post_tag","embeddable":true,"href":"https:\/\/www.znakowo.pl\/blog\/wp-json\/wp\/v2\/tags?post=6923"}],"curies":[{"name":"wp","href":"https:\/\/api.w.org\/{rel}","templated":true}]}}