{"id":7045,"date":"2024-08-08T11:24:50","date_gmt":"2024-08-08T09:24:50","guid":{"rendered":"https:\/\/www.znakowo.pl\/blog\/?p=7045"},"modified":"2025-08-16T23:54:33","modified_gmt":"2025-08-16T21:54:33","slug":"mandat-za-zle-parkowanie","status":"publish","type":"post","link":"https:\/\/www.znakowo.pl\/blog\/mandat-za-zle-parkowanie\/","title":{"rendered":"Mandat za z\u0142e parkowanie"},"content":{"rendered":"\n<p>Mandat za z\u0142e parkowanie \u2013 ile mo\u017ce kosztowa\u0107 post\u00f3j w niew\u0142a\u015bciwym miejscu?<\/p>\n\n\n<p><!--more--><\/p>\n\n\n<div id=\"ez-toc-container\" class=\"ez-toc-v2_0_82_2 counter-hierarchy ez-toc-counter ez-toc-grey ez-toc-container-direction\">\n<div class=\"ez-toc-title-container\">\n<p class=\"ez-toc-title\" style=\"cursor:inherit\">Spis tre\u015bci<\/p>\n<span class=\"ez-toc-title-toggle\"><a href=\"#\" class=\"ez-toc-pull-right ez-toc-btn ez-toc-btn-xs ez-toc-btn-default ez-toc-toggle\" aria-label=\"Prze\u0142\u0105cznik Spisu Tre\u015bci\"><span class=\"ez-toc-js-icon-con\"><span class=\"\"><span class=\"eztoc-hide\" style=\"display:none;\">Toggle<\/span><span class=\"ez-toc-icon-toggle-span\"><svg style=\"fill: #999;color:#999\" xmlns=\"http:\/\/www.w3.org\/2000\/svg\" class=\"list-377408\" width=\"20px\" height=\"20px\" viewBox=\"0 0 24 24\" fill=\"none\"><path d=\"M6 6H4v2h2V6zm14 0H8v2h12V6zM4 11h2v2H4v-2zm16 0H8v2h12v-2zM4 16h2v2H4v-2zm16 0H8v2h12v-2z\" fill=\"currentColor\"><\/path><\/svg><svg style=\"fill: #999;color:#999\" class=\"arrow-unsorted-368013\" xmlns=\"http:\/\/www.w3.org\/2000\/svg\" width=\"10px\" height=\"10px\" viewBox=\"0 0 24 24\" version=\"1.2\" baseProfile=\"tiny\"><path d=\"M18.2 9.3l-6.2-6.3-6.2 6.3c-.2.2-.3.4-.3.7s.1.5.3.7c.2.2.4.3.7.3h11c.3 0 .5-.1.7-.3.2-.2.3-.5.3-.7s-.1-.5-.3-.7zM5.8 14.7l6.2 6.3 6.2-6.3c.2-.2.3-.5.3-.7s-.1-.5-.3-.7c-.2-.2-.4-.3-.7-.3h-11c-.3 0-.5.1-.7.3-.2.2-.3.5-.3.7s.1.5.3.7z\"\/><\/svg><\/span><\/span><\/span><\/a><\/span><\/div>\n<nav><ul class='ez-toc-list ez-toc-list-level-1 ' ><li class='ez-toc-page-1 ez-toc-heading-level-2'><a class=\"ez-toc-link ez-toc-heading-1\" href=\"https:\/\/www.znakowo.pl\/blog\/mandat-za-zle-parkowanie\/#Jaki_mandat_za_zle_parkowanie\" >Jaki mandat za z\u0142e parkowanie?<\/a><\/li><li class='ez-toc-page-1 ez-toc-heading-level-2'><a class=\"ez-toc-link ez-toc-heading-2\" href=\"https:\/\/www.znakowo.pl\/blog\/mandat-za-zle-parkowanie\/#Mandat_za_zle_parkowanie_%E2%80%93_niestosowanie_sie_do_znakow\" >Mandat za z\u0142e parkowanie \u2013 niestosowanie si\u0119 do znak\u00f3w<\/a><\/li><li class='ez-toc-page-1 ez-toc-heading-level-2'><a class=\"ez-toc-link ez-toc-heading-3\" href=\"https:\/\/www.znakowo.pl\/blog\/mandat-za-zle-parkowanie\/#Nieuprawnione_poslugiwanie_sie_karta_parkingowa\" >Nieuprawnione pos\u0142ugiwanie si\u0119 kart\u0105 parkingow\u0105<\/a><\/li><li class='ez-toc-page-1 ez-toc-heading-level-2'><a class=\"ez-toc-link ez-toc-heading-4\" href=\"https:\/\/www.znakowo.pl\/blog\/mandat-za-zle-parkowanie\/#Mandat_za_zle_parkowanie_%E2%80%93_FAQ\" >Mandat za z\u0142e parkowanie \u2013 FAQ<\/a><\/li><\/ul><\/nav><\/div>\n<h2 class=\"wp-block-heading\"><span class=\"ez-toc-section\" id=\"Jaki_mandat_za_zle_parkowanie\"><\/span>Jaki mandat za z\u0142e parkowanie?<span class=\"ez-toc-section-end\"><\/span><\/h2>\n\n\n\n<div class=\"product-small-box-content display-flex\">\n          <a href=\"https:\/\/www.znakowo.pl\/produkt\/znak-b-35-zakaz-postoju-drogowy-zakazu,sfb-35,2312.html\" class=\"product-small\">\n          <div class=\"product-small-box\">\n              <div class=\"product-small-img\">\n                                    <img decoding=\"async\" src=\"https:\/\/tdc.znakowo.pl\/thumbs\/znak-b-35-zakaz-postoju-drogowy-zakazu-6815-2312-160-160-0.jpg\" alt=\"Znak B-35 Zakaz postoju - drogowy zakazu - Mandat za z\u0142e parkowanie\" title=\"Znak B-35 Zakaz postoju - drogowy zakazu - Mandat za z\u0142e parkowanie\" \/>\n              <\/div>\n              <div class=\"product-small-title\">\n                  Znak B-35 Zakaz postoju - drogowy zakazu              <\/div>\n          <\/div>\n      <\/a>    \n            <a href=\"https:\/\/www.znakowo.pl\/produkt\/znak-b-36-zakaz-zatrzymywania-sie-drogowy-zakazu,sfb-36,2314.html\" class=\"product-small\">\n          <div class=\"product-small-box\">\n              <div class=\"product-small-img\">\n                                    <img decoding=\"async\" src=\"https:\/\/tdc.znakowo.pl\/thumbs\/znak-b-36-zakaz-zatrzymywania-sie-drogowy-zakazu-6817-2314-160-160-0.jpg\" alt=\"Znak B-36 Zakaz zatrzymywania si\u0119 - drogowy zakazu - Mandat za z\u0142e parkowanie\" title=\"Znak B-36 Zakaz zatrzymywania si\u0119 - drogowy zakazu - Mandat za z\u0142e parkowanie\" \/>\n              <\/div>\n              <div class=\"product-small-title\">\n                  Znak B-36 Zakaz zatrzymywania si\u0119 - drogowy zakazu              <\/div>\n          <\/div>\n      <\/a>    \n            <a href=\"https:\/\/www.znakowo.pl\/produkt\/znak-b-39-strefa-ograniczonego-postoju-drogowy-zakazu,sfb-39,2317.html\" class=\"product-small\">\n          <div class=\"product-small-box\">\n              <div class=\"product-small-img\">\n                                    <img decoding=\"async\" src=\"https:\/\/tdc.znakowo.pl\/thumbs\/znak-b-39-strefa-ograniczonego-postoju-drogowy-zakazu-6820-2317-160-160-0.jpg\" alt=\"Znak B-39 Strefa ograniczonego postoju - drogowy zakazu - Mandat za z\u0142e parkowanie\" title=\"Znak B-39 Strefa ograniczonego postoju - drogowy zakazu - Mandat za z\u0142e parkowanie\" \/>\n              <\/div>\n              <div class=\"product-small-title\">\n                  Znak B-39 Strefa ograniczonego postoju - drogowy zakazu              <\/div>\n          <\/div>\n      <\/a>    \n        \n    <div class=\"clearfix\"><\/div>    \n<\/div>\n\n\n\n\n<figure class=\"wp-block-table is-style-stripes\"><table class=\"has-fixed-layout\"><tbody><tr><td><strong>Naruszenie<\/strong><\/td><td class=\"has-text-align-center\" data-align=\"center\"><strong>Grzywna<\/strong><\/td><\/tr><tr><td>Zatrzymanie lub post\u00f3j pojazdu w warunkach, w kt\u00f3rych nie jest on z dostatecznej odleg\u0142o\u015bci widoczny dla innych kieruj\u0105cych lub powoduje utrudnienie ruchu.<\/td><td class=\"has-text-align-center\" data-align=\"center\">100\u2013300 z\u0142<\/td><\/tr><tr><td>Naruszenie obowi\u0105zku umieszczania pojazdu (z wyj\u0105tkiem pojazdu zaprz\u0119gowego) poza jezdni\u0105 w czasie postoju na drodze poza obszarem zabudowanym.<\/td><td class=\"has-text-align-center\" data-align=\"center\">150\u2013300 z\u0142<\/td><\/tr><tr><td>Naruszenie warunk\u00f3w dopuszczalno\u015bci zatrzymania lub postoju pojazdu na chodniku.<\/td><td class=\"has-text-align-center\" data-align=\"center\">100 z\u0142<\/td><\/tr><tr><td>Naruszenie zakazu postoju w miejscach utrudniaj\u0105cych wjazd lub wyjazd.<\/td><td class=\"has-text-align-center\" data-align=\"center\">100 z\u0142<\/td><\/tr><tr><td>Naruszenie zakazu postoju w miejscach utrudniaj\u0105cych dost\u0119p do innego prawid\u0142owo zaparkowanego pojazdu lub wyjazd tego pojazdu.<\/td><td class=\"has-text-align-center\" data-align=\"center\">100 z\u0142<\/td><\/tr><tr><td>Naruszenie zakazu postoju przed lub za przejazdem kolejowym na odcinku od przejazdu do s\u0142upka wska\u017anikowego z jedn\u0105 kresk\u0105.<\/td><td class=\"has-text-align-center\" data-align=\"center\">100 z\u0142<\/td><\/tr><tr><td>Naruszenie zakazu postoju w strefie zamieszkania w miejscach innych ni\u017c wyznaczone.<\/td><td class=\"has-text-align-center\" data-align=\"center\">100 z\u0142<\/td><\/tr><tr><td>Naruszenie zakazu postoju na obszarze zabudowanym pojazdu lub zespo\u0142u pojazd\u00f3w o dopuszczalnej masie ca\u0142kowitej przekraczaj\u0105cej 16 ton lub o d\u0142ugo\u015bci przekraczaj\u0105cej 12 m.<\/td><td class=\"has-text-align-center\" data-align=\"center\">100 z\u0142<\/td><\/tr><tr><td>Brak sygnalizowania lub niew\u0142a\u015bciwe <a href=\"https:\/\/www.znakowo.pl\/blog\/trojkat-ostrzegawczy\/\">sygnalizowanie postoju pojazdu z powodu uszkodzenia lub wypadku<\/a>.<\/td><td class=\"has-text-align-center\" data-align=\"center\">150 z\u0142<\/td><\/tr><\/tbody><\/table><\/figure>\n\n\n\n<h2 class=\"wp-block-heading\"><span class=\"ez-toc-section\" id=\"Mandat_za_zle_parkowanie_%E2%80%93_niestosowanie_sie_do_znakow\"><\/span>Mandat za z\u0142e parkowanie \u2013 niestosowanie si\u0119 do znak\u00f3w<span class=\"ez-toc-section-end\"><\/span><\/h2>\n\n\n\n<div class=\"product-small-box-content display-flex\">\n          <a href=\"https:\/\/www.znakowo.pl\/produkt\/znak-b-37-zakaz-zatrzymywania-sie-w-dni-nieparzyste-drogowy-zakazu,sfb-37,2315.html\" class=\"product-small\">\n          <div class=\"product-small-box\">\n              <div class=\"product-small-img\">\n                                    <img decoding=\"async\" src=\"https:\/\/tdc.znakowo.pl\/thumbs\/znak-b-37-zakaz-zatrzymywania-sie-w-dni-nieparzyste-drogowy-zakazu-6818-2315-160-160-0.jpg\" alt=\"Znak B-37 Zakaz zatrzymywania si\u0119 w dni nieparzyste - drogowy zakazu - Mandat za z\u0142e parkowanie\" title=\"Znak B-37 Zakaz zatrzymywania si\u0119 w dni nieparzyste - drogowy zakazu - Mandat za z\u0142e parkowanie\" \/>\n              <\/div>\n              <div class=\"product-small-title\">\n                  Znak B-37 Zakaz zatrzymywania si\u0119 w dni nieparzyste - drogowy zakazu              <\/div>\n          <\/div>\n      <\/a>    \n            <a href=\"https:\/\/www.znakowo.pl\/produkt\/znak-b-38-zakaz-zatrzymywania-sie-w-dni-parzyste-drogowy-zakazu,sfb-38,2316.html\" class=\"product-small\">\n          <div class=\"product-small-box\">\n              <div class=\"product-small-img\">\n                                    <img decoding=\"async\" src=\"https:\/\/tdc.znakowo.pl\/thumbs\/znak-b-38-zakaz-zatrzymywania-sie-w-dni-parzyste-drogowy-zakazu-6819-2316-160-160-0.jpg\" alt=\"Znak B-38 Zakaz zatrzymywania si\u0119 w dni parzyste - drogowy zakazu - Mandat za z\u0142e parkowanie\" title=\"Znak B-38 Zakaz zatrzymywania si\u0119 w dni parzyste - drogowy zakazu - Mandat za z\u0142e parkowanie\" \/>\n              <\/div>\n              <div class=\"product-small-title\">\n                  Znak B-38 Zakaz zatrzymywania si\u0119 w dni parzyste - drogowy zakazu              <\/div>\n          <\/div>\n      <\/a>    \n            <a href=\"https:\/\/www.znakowo.pl\/produkt\/znak-t-24-tabliczka-wskazujaca-ze-pozostawiony-pojazd-zostanie-usuniety-na-koszt-wlasciciela-drogowy,sft-24,2517.html\" class=\"product-small\">\n          <div class=\"product-small-box\">\n              <div class=\"product-small-img\">\n                                    <img decoding=\"async\" src=\"https:\/\/tdc.znakowo.pl\/thumbs\/znak-t-24-tabliczka-wskazujaca-ze-pozostawiony-pojazd-zostanie-usuniety-na-koszt-wlasciciela-drogowy-6973-2517-160-160-0.jpg\" alt=\"Znak T-24 Tabliczka wskazuj\u0105ca, \u017ce pozostawiony pojazd zostanie usuni\u0119ty na koszt w\u0142a\u015bciciela - drogowy - Mandat za z\u0142e parkowanie\" title=\"Znak T-24 Tabliczka wskazuj\u0105ca, \u017ce pozostawiony pojazd zostanie usuni\u0119ty na koszt w\u0142a\u015bciciela - drogowy - Mandat za z\u0142e parkowanie\" \/>\n              <\/div>\n              <div class=\"product-small-title\">\n                  Znak T-24 Tabliczka wskazuj\u0105ca, \u017ce pozostawiony pojazd zostanie usuni\u0119ty na koszt w\u0142a\u015bciciela - drogowy              <\/div>\n          <\/div>\n      <\/a>    \n        \n    <div class=\"clearfix\"><\/div>    \n<\/div>\n\n\n\n\n<figure class=\"wp-block-table is-style-stripes\"><table class=\"has-fixed-layout\"><tbody><tr><td>Niestosowanie si\u0119 do znak\u00f3w: B-35 \u201ezakaz postoju&#8221;, B-36 \u201ezakaz zatrzymywania si\u0119&#8221;, B-37 i B-38 \u201ezakaz postoju w dni\u2026\u201d, B-39 \u201estrefa ograniczonego postoju\u201d.<\/td><td class=\"has-text-align-center\" data-align=\"center\">100 z\u0142<\/td><\/tr><tr><td>Niestosowanie si\u0119 do znak\u00f3w: D-18 \u201eparking&#8221;, D-18a \u201eparking \u2013 miejsce zastrze\u017cone&#8221; lub D-18b \u201eparking zadaszony&#8221;.<\/td><td class=\"has-text-align-center\" data-align=\"center\">100 z\u0142<\/td><\/tr><tr><td>Niestosowanie si\u0119 do znak\u00f3w: D-18 \u201eparking&#8221; lub D-18b \u201eparking zadaszony&#8221;, z umieszczon\u0105 pod znakiem tabliczk\u0105 T-29, albo D-18a \u201eparking \u2013 miejsce zastrze\u017cone&#8221;, z umieszczon\u0105 pod znakiem <a href=\"https:\/\/www.znakowo.pl\/produkt\/znak-t-29-miejsce-przeznaczone-dla-pojazdu-samochodu-osoby-niepelnosprawnej-drogowy,sft-29,2524.html\">tabliczk\u0105 T-29<\/a>.<\/td><td class=\"has-text-align-center\" data-align=\"center\">800 z\u0142<\/td><\/tr><tr><td>Niestosowanie si\u0119 do znak\u00f3w: P-18 \u201estanowisko postojowe&#8221; i P-24 \u201emiejsce dla pojazdu osoby niepe\u0142nosprawnej&#8221; albo P-20 \u201ekoperta&#8221; i P-24 \u201emiejsce dla pojazdu osoby niepe\u0142nosprawnej&#8221;, umieszczonego samodzielnie bez znaku pionowego D-18, D-18a lub D-18b.<\/td><td class=\"has-text-align-center\" data-align=\"center\">800 z\u0142<\/td><\/tr><tr><td>Niestosowanie si\u0119 do znaku D-19 \u201epost\u00f3j taks\u00f3wek&#8221;.<\/td><td class=\"has-text-align-center\" data-align=\"center\">100 z\u0142<\/td><\/tr><tr><td>Niestosowanie si\u0119 do znak\u00f3w: P-18 \u201estanowisko postojowe&#8221;, P-19 \u201elinia wyznaczaj\u0105ca pas postojowy&#8221;, P-20 \u201ekoperta&#8221;.<\/td><td class=\"has-text-align-center\" data-align=\"center\">100 z\u0142<\/td><\/tr><\/tbody><\/table><\/figure>\n\n\n\n<h2 class=\"wp-block-heading\"><span class=\"ez-toc-section\" id=\"Nieuprawnione_poslugiwanie_sie_karta_parkingowa\"><\/span>Nieuprawnione pos\u0142ugiwanie si\u0119 kart\u0105 parkingow\u0105<span class=\"ez-toc-section-end\"><\/span><\/h2>\n\n\n\n<p>Za pos\u0142ugiwanie si\u0119 kart\u0105 parkingow\u0105 przez osob\u0119 nieuprawnion\u0105 grozi mandat 400 z\u0142.<\/p>\n\n\n\n<p>Pos\u0142ugiwanie si\u0119 kart\u0105 parkingow\u0105 przez osob\u0119 nieuprawnion\u0105 i jednocze\u015bnie niestosowanie si\u0119 do znak\u00f3w drogowych:<\/p>\n\n\n\n<ul class=\"wp-block-list\">\n<li>B-35 \u201ezakaz postoju&#8221;, B-37 lub B-38 \u201ezakaz postoju w dni&#8230; &#8221; \u2013 500 z\u0142;<\/li>\n\n\n\n<li>B-39 \u201estrefa ograniczonego postoju\u201d \u2013 500 z\u0142;<\/li>\n\n\n\n<li>D-18 \u201eparking&#8221; lub D-18b \u201eparking zadaszony&#8221;, z umieszczon\u0105 pod znakiem tabliczk\u0105 T-29, albo D-18a \u201eparking \u2013 miejsce zastrze\u017cone&#8221;, z umieszczon\u0105 pod znakiem tabliczk\u0105 T-29 \u2013 1200 z\u0142;<\/li>\n\n\n\n<li>P-18 \u201estanowisko postojowe&#8221; i P-24 \u201emiejsce dla pojazdu osoby niepe\u0142nosprawnej&#8221; albo P-20 \u201ekoperta&#8221; i P-24 \u201emiejsce dla pojazdu osoby niepe\u0142nosprawnej&#8221;, umieszczonego samodzielnie bez znaku pionowego D-18, D-18a lub D-18b \u2013 1200 z\u0142.<\/li>\n<\/ul>\n\n\n\n<h2 class=\"wp-block-heading\"><span class=\"ez-toc-section\" id=\"Mandat_za_zle_parkowanie_%E2%80%93_FAQ\"><\/span>Mandat za z\u0142e parkowanie \u2013 FAQ<span class=\"ez-toc-section-end\"><\/span><\/h2>\n\n\n\n<div class=\"schema-faq wp-block-yoast-faq-block\"><div class=\"schema-faq-section\" id=\"faq-question-1755381229087\"><strong class=\"schema-faq-question\"><strong>Czy maj\u0105c czyj\u0105\u015b kart\u0119 parkingow\u0105, mo\u017cna zaparkowa\u0107 na miejscu dla niepe\u0142nosprawnych?<\/strong><\/strong> <p class=\"schema-faq-answer\">Nie. Za pos\u0142ugiwanie kart\u0105 parkingow\u0105 przez osob\u0119 do tego nieuprawnion\u0105 i zaparkowanie na miejscu postojowym wyznaczonym dla osoby niepe\u0142nosprawnej grozi mandat w wysoko\u015bci 1200 z\u0142.<\/p> <\/div> <div class=\"schema-faq-section\" id=\"faq-question-1755381242740\"><strong class=\"schema-faq-question\"><strong>Czy za zaparkowanie w niedozwolonym miejscu grozi odholowanie pojazdu?<\/strong><\/strong> <p class=\"schema-faq-answer\">Je\u015bli pod znakiem B-35 lub B-36 umieszczona jest tabliczka T-24, kierowca musi si\u0119 liczy\u0107, \u017ce pojazd mo\u017ce zosta\u0107 usuni\u0119ty na jego koszt.<\/p> <\/div> <div class=\"schema-faq-section\" id=\"faq-question-1755381255504\"><strong class=\"schema-faq-question\"><strong>Czy za z\u0142e parkowanie mo\u017cna dosta\u0107 punkty karne?<\/strong><\/strong> <p class=\"schema-faq-answer\">Tak za z\u0142e parkowanie, opr\u00f3cz mandatu, mo\u017cna dosta\u0107 punkty karne. Niestosowanie si\u0119 do znak\u00f3w B-35, B-36, B-37, B-38 lub B-39 \u2013 1 punkt karny. Parkowanie na miejscu postojowym dla osoby niepe\u0142nosprawnej \u2013 6 punkt\u00f3w karnych.<\/p> <\/div> <\/div>\n","protected":false},"excerpt":{"rendered":"<p>Mandat za z\u0142e parkowanie \u2013 ile mo\u017ce kosztowa\u0107 post\u00f3j w niew\u0142a\u015bciwym miejscu?<\/p>\n","protected":false},"author":3,"featured_media":7052,"comment_status":"closed","ping_status":"closed","sticky":false,"template":"","format":"standard","meta":{"_acf_changed":false,"footnotes":""},"categories":[657,1],"tags":[],"class_list":["post-7045","post","type-post","status-publish","format-standard","has-post-thumbnail","hentry","category-bezpieczenstwo-ruchu-drogowego","category-przepisy-ustawy"],"acf":[],"yoast_head":"<!-- This site is optimized with the Yoast SEO plugin v27.4 - https:\/\/yoast.com\/product\/yoast-seo-wordpress\/ -->\n<title>Mandat za z\u0142e parkowanie<\/title>\n<meta name=\"description\" content=\"Mandat za z\u0142e parkowanie. Sprawd\u017a, ile mo\u017ce kosztowa\u0107 post\u00f3j w niew\u0142a\u015bciwym miejscu.\" \/>\n<meta name=\"robots\" content=\"index, follow, max-snippet:-1, max-image-preview:large, max-video-preview:-1\" \/>\n<link rel=\"canonical\" href=\"https:\/\/www.znakowo.pl\/blog\/mandat-za-zle-parkowanie\/\" \/>\n<meta property=\"og:locale\" content=\"pl_PL\" \/>\n<meta property=\"og:type\" content=\"article\" \/>\n<meta property=\"og:title\" content=\"Mandat za z\u0142e parkowanie\" \/>\n<meta property=\"og:description\" content=\"Mandat za z\u0142e parkowanie. Sprawd\u017a, ile mo\u017ce kosztowa\u0107 post\u00f3j w niew\u0142a\u015bciwym miejscu.\" \/>\n<meta property=\"og:url\" content=\"https:\/\/www.znakowo.pl\/blog\/mandat-za-zle-parkowanie\/\" \/>\n<meta property=\"og:site_name\" content=\"Blog znakowo.pl\" \/>\n<meta property=\"article:publisher\" content=\"https:\/\/www.facebook.com\/Znakowo\/\" \/>\n<meta property=\"article:published_time\" content=\"2024-08-08T09:24:50+00:00\" \/>\n<meta property=\"article:modified_time\" content=\"2025-08-16T21:54:33+00:00\" \/>\n<meta property=\"og:image\" content=\"https:\/\/www.znakowo.pl\/blog\/wp-content\/uploads\/2024\/08\/13870737.jpg\" \/>\n\t<meta property=\"og:image:width\" content=\"1000\" \/>\n\t<meta property=\"og:image:height\" content=\"750\" \/>\n\t<meta property=\"og:image:type\" content=\"image\/jpeg\" \/>\n<meta name=\"author\" content=\"Julita Krzemi\u0144ska\" \/>\n<meta name=\"twitter:card\" content=\"summary_large_image\" \/>\n<meta name=\"twitter:label1\" content=\"Napisane przez\" \/>\n\t<meta name=\"twitter:data1\" content=\"Julita Krzemi\u0144ska\" \/>\n\t<meta name=\"twitter:label2\" content=\"Szacowany czas czytania\" \/>\n\t<meta name=\"twitter:data2\" content=\"4 minuty\" \/>\n<script type=\"application\/ld+json\" class=\"yoast-schema-graph\">{\"@context\":\"https:\\\/\\\/schema.org\",\"@graph\":[{\"@type\":\"Article\",\"@id\":\"https:\\\/\\\/www.znakowo.pl\\\/blog\\\/mandat-za-zle-parkowanie\\\/#article\",\"isPartOf\":{\"@id\":\"https:\\\/\\\/www.znakowo.pl\\\/blog\\\/mandat-za-zle-parkowanie\\\/\"},\"author\":{\"name\":\"Julita Krzemi\u0144ska\",\"@id\":\"https:\\\/\\\/www.znakowo.pl\\\/blog\\\/#\\\/schema\\\/person\\\/a29ddb53515b4cfd337f1582146267d9\"},\"headline\":\"Mandat za z\u0142e parkowanie\",\"datePublished\":\"2024-08-08T09:24:50+00:00\",\"dateModified\":\"2025-08-16T21:54:33+00:00\",\"mainEntityOfPage\":{\"@id\":\"https:\\\/\\\/www.znakowo.pl\\\/blog\\\/mandat-za-zle-parkowanie\\\/\"},\"wordCount\":598,\"publisher\":{\"@id\":\"https:\\\/\\\/www.znakowo.pl\\\/blog\\\/#organization\"},\"image\":{\"@id\":\"https:\\\/\\\/www.znakowo.pl\\\/blog\\\/mandat-za-zle-parkowanie\\\/#primaryimage\"},\"thumbnailUrl\":\"https:\\\/\\\/www.znakowo.pl\\\/blog\\\/wp-content\\\/uploads\\\/2024\\\/08\\\/13870737.jpg\",\"articleSection\":[\"Bezpiecze\u0144stwo ruchu drogowego\",\"Przepisy, ustawy\"],\"inLanguage\":\"pl-PL\"},{\"@type\":[\"WebPage\",\"FAQPage\"],\"@id\":\"https:\\\/\\\/www.znakowo.pl\\\/blog\\\/mandat-za-zle-parkowanie\\\/\",\"url\":\"https:\\\/\\\/www.znakowo.pl\\\/blog\\\/mandat-za-zle-parkowanie\\\/\",\"name\":\"Mandat za z\u0142e parkowanie\",\"isPartOf\":{\"@id\":\"https:\\\/\\\/www.znakowo.pl\\\/blog\\\/#website\"},\"primaryImageOfPage\":{\"@id\":\"https:\\\/\\\/www.znakowo.pl\\\/blog\\\/mandat-za-zle-parkowanie\\\/#primaryimage\"},\"image\":{\"@id\":\"https:\\\/\\\/www.znakowo.pl\\\/blog\\\/mandat-za-zle-parkowanie\\\/#primaryimage\"},\"thumbnailUrl\":\"https:\\\/\\\/www.znakowo.pl\\\/blog\\\/wp-content\\\/uploads\\\/2024\\\/08\\\/13870737.jpg\",\"datePublished\":\"2024-08-08T09:24:50+00:00\",\"dateModified\":\"2025-08-16T21:54:33+00:00\",\"description\":\"Mandat za z\u0142e parkowanie. Sprawd\u017a, ile mo\u017ce kosztowa\u0107 post\u00f3j w niew\u0142a\u015bciwym miejscu.\",\"breadcrumb\":{\"@id\":\"https:\\\/\\\/www.znakowo.pl\\\/blog\\\/mandat-za-zle-parkowanie\\\/#breadcrumb\"},\"mainEntity\":[{\"@id\":\"https:\\\/\\\/www.znakowo.pl\\\/blog\\\/mandat-za-zle-parkowanie\\\/#faq-question-1755381229087\"},{\"@id\":\"https:\\\/\\\/www.znakowo.pl\\\/blog\\\/mandat-za-zle-parkowanie\\\/#faq-question-1755381242740\"},{\"@id\":\"https:\\\/\\\/www.znakowo.pl\\\/blog\\\/mandat-za-zle-parkowanie\\\/#faq-question-1755381255504\"}],\"inLanguage\":\"pl-PL\",\"potentialAction\":[{\"@type\":\"ReadAction\",\"target\":[\"https:\\\/\\\/www.znakowo.pl\\\/blog\\\/mandat-za-zle-parkowanie\\\/\"]}]},{\"@type\":\"ImageObject\",\"inLanguage\":\"pl-PL\",\"@id\":\"https:\\\/\\\/www.znakowo.pl\\\/blog\\\/mandat-za-zle-parkowanie\\\/#primaryimage\",\"url\":\"https:\\\/\\\/www.znakowo.pl\\\/blog\\\/wp-content\\\/uploads\\\/2024\\\/08\\\/13870737.jpg\",\"contentUrl\":\"https:\\\/\\\/www.znakowo.pl\\\/blog\\\/wp-content\\\/uploads\\\/2024\\\/08\\\/13870737.jpg\",\"width\":1000,\"height\":750,\"caption\":\"Mandat za zle parkowanie\"},{\"@type\":\"BreadcrumbList\",\"@id\":\"https:\\\/\\\/www.znakowo.pl\\\/blog\\\/mandat-za-zle-parkowanie\\\/#breadcrumb\",\"itemListElement\":[{\"@type\":\"ListItem\",\"position\":1,\"name\":\"Strona g\u0142\u00f3wna\",\"item\":\"https:\\\/\\\/www.znakowo.pl\\\/blog\\\/\"},{\"@type\":\"ListItem\",\"position\":2,\"name\":\"Mandat za z\u0142e parkowanie\"}]},{\"@type\":\"WebSite\",\"@id\":\"https:\\\/\\\/www.znakowo.pl\\\/blog\\\/#website\",\"url\":\"https:\\\/\\\/www.znakowo.pl\\\/blog\\\/\",\"name\":\"Blog znakowo.pl\",\"description\":\"\",\"publisher\":{\"@id\":\"https:\\\/\\\/www.znakowo.pl\\\/blog\\\/#organization\"},\"potentialAction\":[{\"@type\":\"SearchAction\",\"target\":{\"@type\":\"EntryPoint\",\"urlTemplate\":\"https:\\\/\\\/www.znakowo.pl\\\/blog\\\/?s={search_term_string}\"},\"query-input\":{\"@type\":\"PropertyValueSpecification\",\"valueRequired\":true,\"valueName\":\"search_term_string\"}}],\"inLanguage\":\"pl-PL\"},{\"@type\":\"Organization\",\"@id\":\"https:\\\/\\\/www.znakowo.pl\\\/blog\\\/#organization\",\"name\":\"Znakowo.pl\",\"url\":\"https:\\\/\\\/www.znakowo.pl\\\/blog\\\/\",\"logo\":{\"@type\":\"ImageObject\",\"inLanguage\":\"pl-PL\",\"@id\":\"https:\\\/\\\/www.znakowo.pl\\\/blog\\\/#\\\/schema\\\/logo\\\/image\\\/\",\"url\":\"https:\\\/\\\/www.znakowo.pl\\\/blog\\\/wp-content\\\/uploads\\\/2017\\\/05\\\/logo_1.png\",\"contentUrl\":\"https:\\\/\\\/www.znakowo.pl\\\/blog\\\/wp-content\\\/uploads\\\/2017\\\/05\\\/logo_1.png\",\"width\":277,\"height\":94,\"caption\":\"Znakowo.pl\"},\"image\":{\"@id\":\"https:\\\/\\\/www.znakowo.pl\\\/blog\\\/#\\\/schema\\\/logo\\\/image\\\/\"},\"sameAs\":[\"https:\\\/\\\/www.facebook.com\\\/Znakowo\\\/\"]},{\"@type\":\"Person\",\"@id\":\"https:\\\/\\\/www.znakowo.pl\\\/blog\\\/#\\\/schema\\\/person\\\/a29ddb53515b4cfd337f1582146267d9\",\"name\":\"Julita Krzemi\u0144ska\",\"image\":{\"@type\":\"ImageObject\",\"inLanguage\":\"pl-PL\",\"@id\":\"https:\\\/\\\/secure.gravatar.com\\\/avatar\\\/e6adac54b1d18b21f8567cc6208ef43409e661f1070cf8be2e6912306b99d439?s=96&d=mm&r=g\",\"url\":\"https:\\\/\\\/secure.gravatar.com\\\/avatar\\\/e6adac54b1d18b21f8567cc6208ef43409e661f1070cf8be2e6912306b99d439?s=96&d=mm&r=g\",\"contentUrl\":\"https:\\\/\\\/secure.gravatar.com\\\/avatar\\\/e6adac54b1d18b21f8567cc6208ef43409e661f1070cf8be2e6912306b99d439?s=96&d=mm&r=g\",\"caption\":\"Julita Krzemi\u0144ska\"},\"url\":\"https:\\\/\\\/www.znakowo.pl\\\/blog\\\/author\\\/jkrzeminska\\\/\"},{\"@type\":\"Question\",\"@id\":\"https:\\\/\\\/www.znakowo.pl\\\/blog\\\/mandat-za-zle-parkowanie\\\/#faq-question-1755381229087\",\"position\":1,\"url\":\"https:\\\/\\\/www.znakowo.pl\\\/blog\\\/mandat-za-zle-parkowanie\\\/#faq-question-1755381229087\",\"name\":\"Czy maj\u0105c czyj\u0105\u015b kart\u0119 parkingow\u0105, mo\u017cna zaparkowa\u0107 na miejscu dla niepe\u0142nosprawnych?\",\"answerCount\":1,\"acceptedAnswer\":{\"@type\":\"Answer\",\"text\":\"Nie. Za pos\u0142ugiwanie kart\u0105 parkingow\u0105 przez osob\u0119 do tego nieuprawnion\u0105 i zaparkowanie na miejscu postojowym wyznaczonym dla osoby niepe\u0142nosprawnej grozi mandat w wysoko\u015bci 1200 z\u0142.\",\"inLanguage\":\"pl-PL\"},\"inLanguage\":\"pl-PL\"},{\"@type\":\"Question\",\"@id\":\"https:\\\/\\\/www.znakowo.pl\\\/blog\\\/mandat-za-zle-parkowanie\\\/#faq-question-1755381242740\",\"position\":2,\"url\":\"https:\\\/\\\/www.znakowo.pl\\\/blog\\\/mandat-za-zle-parkowanie\\\/#faq-question-1755381242740\",\"name\":\"Czy za zaparkowanie w niedozwolonym miejscu grozi odholowanie pojazdu?\",\"answerCount\":1,\"acceptedAnswer\":{\"@type\":\"Answer\",\"text\":\"Je\u015bli pod znakiem B-35 lub B-36 umieszczona jest tabliczka T-24, kierowca musi si\u0119 liczy\u0107, \u017ce pojazd mo\u017ce zosta\u0107 usuni\u0119ty na jego koszt.\",\"inLanguage\":\"pl-PL\"},\"inLanguage\":\"pl-PL\"},{\"@type\":\"Question\",\"@id\":\"https:\\\/\\\/www.znakowo.pl\\\/blog\\\/mandat-za-zle-parkowanie\\\/#faq-question-1755381255504\",\"position\":3,\"url\":\"https:\\\/\\\/www.znakowo.pl\\\/blog\\\/mandat-za-zle-parkowanie\\\/#faq-question-1755381255504\",\"name\":\"Czy za z\u0142e parkowanie mo\u017cna dosta\u0107 punkty karne?\",\"answerCount\":1,\"acceptedAnswer\":{\"@type\":\"Answer\",\"text\":\"Tak za z\u0142e parkowanie, opr\u00f3cz mandatu, mo\u017cna dosta\u0107 punkty karne. Niestosowanie si\u0119 do znak\u00f3w B-35, B-36, B-37, B-38 lub B-39 \u2013 1 punkt karny. Parkowanie na miejscu postojowym dla osoby niepe\u0142nosprawnej \u2013 6 punkt\u00f3w karnych.\",\"inLanguage\":\"pl-PL\"},\"inLanguage\":\"pl-PL\"}]}<\/script>\n<!-- \/ Yoast SEO plugin. -->","yoast_head_json":{"title":"Mandat za z\u0142e parkowanie","description":"Mandat za z\u0142e parkowanie. Sprawd\u017a, ile mo\u017ce kosztowa\u0107 post\u00f3j w niew\u0142a\u015bciwym miejscu.","robots":{"index":"index","follow":"follow","max-snippet":"max-snippet:-1","max-image-preview":"max-image-preview:large","max-video-preview":"max-video-preview:-1"},"canonical":"https:\/\/www.znakowo.pl\/blog\/mandat-za-zle-parkowanie\/","og_locale":"pl_PL","og_type":"article","og_title":"Mandat za z\u0142e parkowanie","og_description":"Mandat za z\u0142e parkowanie. Sprawd\u017a, ile mo\u017ce kosztowa\u0107 post\u00f3j w niew\u0142a\u015bciwym miejscu.","og_url":"https:\/\/www.znakowo.pl\/blog\/mandat-za-zle-parkowanie\/","og_site_name":"Blog znakowo.pl","article_publisher":"https:\/\/www.facebook.com\/Znakowo\/","article_published_time":"2024-08-08T09:24:50+00:00","article_modified_time":"2025-08-16T21:54:33+00:00","og_image":[{"width":1000,"height":750,"url":"https:\/\/www.znakowo.pl\/blog\/wp-content\/uploads\/2024\/08\/13870737.jpg","type":"image\/jpeg"}],"author":"Julita Krzemi\u0144ska","twitter_card":"summary_large_image","twitter_misc":{"Napisane przez":"Julita Krzemi\u0144ska","Szacowany czas czytania":"4 minuty"},"schema":{"@context":"https:\/\/schema.org","@graph":[{"@type":"Article","@id":"https:\/\/www.znakowo.pl\/blog\/mandat-za-zle-parkowanie\/#article","isPartOf":{"@id":"https:\/\/www.znakowo.pl\/blog\/mandat-za-zle-parkowanie\/"},"author":{"name":"Julita Krzemi\u0144ska","@id":"https:\/\/www.znakowo.pl\/blog\/#\/schema\/person\/a29ddb53515b4cfd337f1582146267d9"},"headline":"Mandat za z\u0142e parkowanie","datePublished":"2024-08-08T09:24:50+00:00","dateModified":"2025-08-16T21:54:33+00:00","mainEntityOfPage":{"@id":"https:\/\/www.znakowo.pl\/blog\/mandat-za-zle-parkowanie\/"},"wordCount":598,"publisher":{"@id":"https:\/\/www.znakowo.pl\/blog\/#organization"},"image":{"@id":"https:\/\/www.znakowo.pl\/blog\/mandat-za-zle-parkowanie\/#primaryimage"},"thumbnailUrl":"https:\/\/www.znakowo.pl\/blog\/wp-content\/uploads\/2024\/08\/13870737.jpg","articleSection":["Bezpiecze\u0144stwo ruchu drogowego","Przepisy, ustawy"],"inLanguage":"pl-PL"},{"@type":["WebPage","FAQPage"],"@id":"https:\/\/www.znakowo.pl\/blog\/mandat-za-zle-parkowanie\/","url":"https:\/\/www.znakowo.pl\/blog\/mandat-za-zle-parkowanie\/","name":"Mandat za z\u0142e parkowanie","isPartOf":{"@id":"https:\/\/www.znakowo.pl\/blog\/#website"},"primaryImageOfPage":{"@id":"https:\/\/www.znakowo.pl\/blog\/mandat-za-zle-parkowanie\/#primaryimage"},"image":{"@id":"https:\/\/www.znakowo.pl\/blog\/mandat-za-zle-parkowanie\/#primaryimage"},"thumbnailUrl":"https:\/\/www.znakowo.pl\/blog\/wp-content\/uploads\/2024\/08\/13870737.jpg","datePublished":"2024-08-08T09:24:50+00:00","dateModified":"2025-08-16T21:54:33+00:00","description":"Mandat za z\u0142e parkowanie. Sprawd\u017a, ile mo\u017ce kosztowa\u0107 post\u00f3j w niew\u0142a\u015bciwym miejscu.","breadcrumb":{"@id":"https:\/\/www.znakowo.pl\/blog\/mandat-za-zle-parkowanie\/#breadcrumb"},"mainEntity":[{"@id":"https:\/\/www.znakowo.pl\/blog\/mandat-za-zle-parkowanie\/#faq-question-1755381229087"},{"@id":"https:\/\/www.znakowo.pl\/blog\/mandat-za-zle-parkowanie\/#faq-question-1755381242740"},{"@id":"https:\/\/www.znakowo.pl\/blog\/mandat-za-zle-parkowanie\/#faq-question-1755381255504"}],"inLanguage":"pl-PL","potentialAction":[{"@type":"ReadAction","target":["https:\/\/www.znakowo.pl\/blog\/mandat-za-zle-parkowanie\/"]}]},{"@type":"ImageObject","inLanguage":"pl-PL","@id":"https:\/\/www.znakowo.pl\/blog\/mandat-za-zle-parkowanie\/#primaryimage","url":"https:\/\/www.znakowo.pl\/blog\/wp-content\/uploads\/2024\/08\/13870737.jpg","contentUrl":"https:\/\/www.znakowo.pl\/blog\/wp-content\/uploads\/2024\/08\/13870737.jpg","width":1000,"height":750,"caption":"Mandat za zle parkowanie"},{"@type":"BreadcrumbList","@id":"https:\/\/www.znakowo.pl\/blog\/mandat-za-zle-parkowanie\/#breadcrumb","itemListElement":[{"@type":"ListItem","position":1,"name":"Strona g\u0142\u00f3wna","item":"https:\/\/www.znakowo.pl\/blog\/"},{"@type":"ListItem","position":2,"name":"Mandat za z\u0142e parkowanie"}]},{"@type":"WebSite","@id":"https:\/\/www.znakowo.pl\/blog\/#website","url":"https:\/\/www.znakowo.pl\/blog\/","name":"Blog znakowo.pl","description":"","publisher":{"@id":"https:\/\/www.znakowo.pl\/blog\/#organization"},"potentialAction":[{"@type":"SearchAction","target":{"@type":"EntryPoint","urlTemplate":"https:\/\/www.znakowo.pl\/blog\/?s={search_term_string}"},"query-input":{"@type":"PropertyValueSpecification","valueRequired":true,"valueName":"search_term_string"}}],"inLanguage":"pl-PL"},{"@type":"Organization","@id":"https:\/\/www.znakowo.pl\/blog\/#organization","name":"Znakowo.pl","url":"https:\/\/www.znakowo.pl\/blog\/","logo":{"@type":"ImageObject","inLanguage":"pl-PL","@id":"https:\/\/www.znakowo.pl\/blog\/#\/schema\/logo\/image\/","url":"https:\/\/www.znakowo.pl\/blog\/wp-content\/uploads\/2017\/05\/logo_1.png","contentUrl":"https:\/\/www.znakowo.pl\/blog\/wp-content\/uploads\/2017\/05\/logo_1.png","width":277,"height":94,"caption":"Znakowo.pl"},"image":{"@id":"https:\/\/www.znakowo.pl\/blog\/#\/schema\/logo\/image\/"},"sameAs":["https:\/\/www.facebook.com\/Znakowo\/"]},{"@type":"Person","@id":"https:\/\/www.znakowo.pl\/blog\/#\/schema\/person\/a29ddb53515b4cfd337f1582146267d9","name":"Julita Krzemi\u0144ska","image":{"@type":"ImageObject","inLanguage":"pl-PL","@id":"https:\/\/secure.gravatar.com\/avatar\/e6adac54b1d18b21f8567cc6208ef43409e661f1070cf8be2e6912306b99d439?s=96&d=mm&r=g","url":"https:\/\/secure.gravatar.com\/avatar\/e6adac54b1d18b21f8567cc6208ef43409e661f1070cf8be2e6912306b99d439?s=96&d=mm&r=g","contentUrl":"https:\/\/secure.gravatar.com\/avatar\/e6adac54b1d18b21f8567cc6208ef43409e661f1070cf8be2e6912306b99d439?s=96&d=mm&r=g","caption":"Julita Krzemi\u0144ska"},"url":"https:\/\/www.znakowo.pl\/blog\/author\/jkrzeminska\/"},{"@type":"Question","@id":"https:\/\/www.znakowo.pl\/blog\/mandat-za-zle-parkowanie\/#faq-question-1755381229087","position":1,"url":"https:\/\/www.znakowo.pl\/blog\/mandat-za-zle-parkowanie\/#faq-question-1755381229087","name":"Czy maj\u0105c czyj\u0105\u015b kart\u0119 parkingow\u0105, mo\u017cna zaparkowa\u0107 na miejscu dla niepe\u0142nosprawnych?","answerCount":1,"acceptedAnswer":{"@type":"Answer","text":"Nie. Za pos\u0142ugiwanie kart\u0105 parkingow\u0105 przez osob\u0119 do tego nieuprawnion\u0105 i zaparkowanie na miejscu postojowym wyznaczonym dla osoby niepe\u0142nosprawnej grozi mandat w wysoko\u015bci 1200 z\u0142.","inLanguage":"pl-PL"},"inLanguage":"pl-PL"},{"@type":"Question","@id":"https:\/\/www.znakowo.pl\/blog\/mandat-za-zle-parkowanie\/#faq-question-1755381242740","position":2,"url":"https:\/\/www.znakowo.pl\/blog\/mandat-za-zle-parkowanie\/#faq-question-1755381242740","name":"Czy za zaparkowanie w niedozwolonym miejscu grozi odholowanie pojazdu?","answerCount":1,"acceptedAnswer":{"@type":"Answer","text":"Je\u015bli pod znakiem B-35 lub B-36 umieszczona jest tabliczka T-24, kierowca musi si\u0119 liczy\u0107, \u017ce pojazd mo\u017ce zosta\u0107 usuni\u0119ty na jego koszt.","inLanguage":"pl-PL"},"inLanguage":"pl-PL"},{"@type":"Question","@id":"https:\/\/www.znakowo.pl\/blog\/mandat-za-zle-parkowanie\/#faq-question-1755381255504","position":3,"url":"https:\/\/www.znakowo.pl\/blog\/mandat-za-zle-parkowanie\/#faq-question-1755381255504","name":"Czy za z\u0142e parkowanie mo\u017cna dosta\u0107 punkty karne?","answerCount":1,"acceptedAnswer":{"@type":"Answer","text":"Tak za z\u0142e parkowanie, opr\u00f3cz mandatu, mo\u017cna dosta\u0107 punkty karne. Niestosowanie si\u0119 do znak\u00f3w B-35, B-36, B-37, B-38 lub B-39 \u2013 1 punkt karny. Parkowanie na miejscu postojowym dla osoby niepe\u0142nosprawnej \u2013 6 punkt\u00f3w karnych.","inLanguage":"pl-PL"},"inLanguage":"pl-PL"}]}},"_links":{"self":[{"href":"https:\/\/www.znakowo.pl\/blog\/wp-json\/wp\/v2\/posts\/7045","targetHints":{"allow":["GET"]}}],"collection":[{"href":"https:\/\/www.znakowo.pl\/blog\/wp-json\/wp\/v2\/posts"}],"about":[{"href":"https:\/\/www.znakowo.pl\/blog\/wp-json\/wp\/v2\/types\/post"}],"author":[{"embeddable":true,"href":"https:\/\/www.znakowo.pl\/blog\/wp-json\/wp\/v2\/users\/3"}],"replies":[{"embeddable":true,"href":"https:\/\/www.znakowo.pl\/blog\/wp-json\/wp\/v2\/comments?post=7045"}],"version-history":[{"count":5,"href":"https:\/\/www.znakowo.pl\/blog\/wp-json\/wp\/v2\/posts\/7045\/revisions"}],"predecessor-version":[{"id":8114,"href":"https:\/\/www.znakowo.pl\/blog\/wp-json\/wp\/v2\/posts\/7045\/revisions\/8114"}],"wp:featuredmedia":[{"embeddable":true,"href":"https:\/\/www.znakowo.pl\/blog\/wp-json\/wp\/v2\/media\/7052"}],"wp:attachment":[{"href":"https:\/\/www.znakowo.pl\/blog\/wp-json\/wp\/v2\/media?parent=7045"}],"wp:term":[{"taxonomy":"category","embeddable":true,"href":"https:\/\/www.znakowo.pl\/blog\/wp-json\/wp\/v2\/categories?post=7045"},{"taxonomy":"post_tag","embeddable":true,"href":"https:\/\/www.znakowo.pl\/blog\/wp-json\/wp\/v2\/tags?post=7045"}],"curies":[{"name":"wp","href":"https:\/\/api.w.org\/{rel}","templated":true}]}}