{"id":7105,"date":"2024-09-05T12:02:19","date_gmt":"2024-09-05T10:02:19","guid":{"rendered":"https:\/\/www.znakowo.pl\/blog\/?p=7105"},"modified":"2024-09-09T09:57:40","modified_gmt":"2024-09-09T07:57:40","slug":"oznakowanie-fotolumienscencyjne","status":"publish","type":"post","link":"https:\/\/www.znakowo.pl\/blog\/oznakowanie-fotolumienscencyjne\/","title":{"rendered":"Oznakowanie fotoluminescencyjne \u2013 w\u0142a\u015bciwo\u015bci i zastosowanie"},"content":{"rendered":"\n<p>Sprawdzamy, czym charakteryzuj\u0105 si\u0119 znaki fotoluminescencyjne, gdzie znajduj\u0105 zastosowanie i czym r\u00f3\u017cni\u0105 si\u0119 od oznakowania odblaskowego.<\/p>\n\n\n<p><!--more--><\/p>\n\n\n<div id=\"ez-toc-container\" class=\"ez-toc-v2_0_82_2 counter-hierarchy ez-toc-counter ez-toc-grey ez-toc-container-direction\">\n<div class=\"ez-toc-title-container\">\n<p class=\"ez-toc-title\" style=\"cursor:inherit\">Spis tre\u015bci<\/p>\n<span class=\"ez-toc-title-toggle\"><a href=\"#\" class=\"ez-toc-pull-right ez-toc-btn ez-toc-btn-xs ez-toc-btn-default ez-toc-toggle\" aria-label=\"Prze\u0142\u0105cznik Spisu Tre\u015bci\"><span class=\"ez-toc-js-icon-con\"><span class=\"\"><span class=\"eztoc-hide\" style=\"display:none;\">Toggle<\/span><span class=\"ez-toc-icon-toggle-span\"><svg style=\"fill: #999;color:#999\" xmlns=\"http:\/\/www.w3.org\/2000\/svg\" class=\"list-377408\" width=\"20px\" height=\"20px\" viewBox=\"0 0 24 24\" fill=\"none\"><path d=\"M6 6H4v2h2V6zm14 0H8v2h12V6zM4 11h2v2H4v-2zm16 0H8v2h12v-2zM4 16h2v2H4v-2zm16 0H8v2h12v-2z\" fill=\"currentColor\"><\/path><\/svg><svg style=\"fill: #999;color:#999\" class=\"arrow-unsorted-368013\" xmlns=\"http:\/\/www.w3.org\/2000\/svg\" width=\"10px\" height=\"10px\" viewBox=\"0 0 24 24\" version=\"1.2\" baseProfile=\"tiny\"><path d=\"M18.2 9.3l-6.2-6.3-6.2 6.3c-.2.2-.3.4-.3.7s.1.5.3.7c.2.2.4.3.7.3h11c.3 0 .5-.1.7-.3.2-.2.3-.5.3-.7s-.1-.5-.3-.7zM5.8 14.7l6.2 6.3 6.2-6.3c.2-.2.3-.5.3-.7s-.1-.5-.3-.7c-.2-.2-.4-.3-.7-.3h-11c-.3 0-.5.1-.7.3-.2.2-.3.5-.3.7s.1.5.3.7z\"\/><\/svg><\/span><\/span><\/span><\/a><\/span><\/div>\n<nav><ul class='ez-toc-list ez-toc-list-level-1 ' ><li class='ez-toc-page-1 ez-toc-heading-level-2'><a class=\"ez-toc-link ez-toc-heading-1\" href=\"https:\/\/www.znakowo.pl\/blog\/oznakowanie-fotolumienscencyjne\/#_Jak_dzialaja_i_czym_charakteryzuja_sie_znaki_fotoluminescencyjne\" >&nbsp;Jak dzia\u0142aj\u0105 i czym charakteryzuj\u0105 si\u0119 znaki fotoluminescencyjne?<\/a><\/li><li class='ez-toc-page-1 ez-toc-heading-level-2'><a class=\"ez-toc-link ez-toc-heading-2\" href=\"https:\/\/www.znakowo.pl\/blog\/oznakowanie-fotolumienscencyjne\/#Oznakowanie_fotoluminescencyjne_a_odblaskowe\" >Oznakowanie fotoluminescencyjne a odblaskowe<\/a><\/li><li class='ez-toc-page-1 ez-toc-heading-level-2'><a class=\"ez-toc-link ez-toc-heading-3\" href=\"https:\/\/www.znakowo.pl\/blog\/oznakowanie-fotolumienscencyjne\/#Zastosowanie_oznakowania_fotoluminescencyjnego\" >Zastosowanie oznakowania fotoluminescencyjnego<\/a><\/li><\/ul><\/nav><\/div>\n<h2 class=\"wp-block-heading\"><span class=\"ez-toc-section\" id=\"_Jak_dzialaja_i_czym_charakteryzuja_sie_znaki_fotoluminescencyjne\"><\/span>&nbsp;Jak dzia\u0142aj\u0105 i czym charakteryzuj\u0105 si\u0119 znaki fotoluminescencyjne?<span class=\"ez-toc-section-end\"><\/span><\/h2>\n\n\n\n<div class=\"product-small-box-content display-flex\">\n          <a href=\"https:\/\/www.znakowo.pl\/produkt\/kierunek-do-wyjscia-ewakuacyjnego-w-gore-lewostronny-znak-ewakuacyjny-aae100,aae100,3734.html\" class=\"product-small\">\n          <div class=\"product-small-box\">\n              <div class=\"product-small-img\">\n                                    <img decoding=\"async\" src=\"https:\/\/tdc.znakowo.pl\/thumbs\/kierunek-do-wyjscia-ewakuacyjnego-w-gore-lewostronny-znak-ewakuacyjny-aae100-4588-3734-160-160-0.jpg\" alt=\"Kierunek do wyj\u015bcia ewakuacyjnego - w g\u00f3r\u0119 (lewostronny) - znak ewakuacyjny - AAE100 - Oznakowanie fotoluminescencyjne \u2013 w\u0142a\u015bciwo\u015bci i zastosowanie\" title=\"Kierunek do wyj\u015bcia ewakuacyjnego - w g\u00f3r\u0119 (lewostronny) - znak ewakuacyjny - AAE100 - Oznakowanie fotoluminescencyjne \u2013 w\u0142a\u015bciwo\u015bci i zastosowanie\" \/>\n              <\/div>\n              <div class=\"product-small-title\">\n                  Kierunek do wyj\u015bcia ewakuacyjnego - w g\u00f3r\u0119 (lewostronny) - znak ewakuacyjny - AAE100              <\/div>\n          <\/div>\n      <\/a>    \n            <a href=\"https:\/\/www.znakowo.pl\/produkt\/wyjscie-ewakuacyjne-prawostronne-znak-ewakuacyjny-aae002,aae002,3602.html\" class=\"product-small\">\n          <div class=\"product-small-box\">\n              <div class=\"product-small-img\">\n                                    <img decoding=\"async\" src=\"https:\/\/tdc.znakowo.pl\/thumbs\/wyjscie-ewakuacyjne-prawostronne-znak-ewakuacyjny-aae002-4569-3602-160-160-0.jpg\" alt=\"Wyj\u015bcie ewakuacyjne (prawostronne) - znak ewakuacyjny - AAE002 - Oznakowanie fotoluminescencyjne \u2013 w\u0142a\u015bciwo\u015bci i zastosowanie\" title=\"Wyj\u015bcie ewakuacyjne (prawostronne) - znak ewakuacyjny - AAE002 - Oznakowanie fotoluminescencyjne \u2013 w\u0142a\u015bciwo\u015bci i zastosowanie\" \/>\n              <\/div>\n              <div class=\"product-small-title\">\n                  Wyj\u015bcie ewakuacyjne (prawostronne) - znak ewakuacyjny - AAE002              <\/div>\n          <\/div>\n      <\/a>    \n            <a href=\"https:\/\/www.znakowo.pl\/produkt\/miejsce-zbiorki-do-ewakuacji-znak-ewakuacyjny-aae007,aae007,3605.html\" class=\"product-small\">\n          <div class=\"product-small-box\">\n              <div class=\"product-small-img\">\n                                    <img decoding=\"async\" src=\"https:\/\/tdc.znakowo.pl\/thumbs\/miejsce-zbiorki-do-ewakuacji-znak-ewakuacyjny-aae007-4572-3605-160-160-0.jpg\" alt=\"Miejsce zbi\u00f3rki do ewakuacji - znak ewakuacyjny - AAE007 - Oznakowanie fotoluminescencyjne \u2013 w\u0142a\u015bciwo\u015bci i zastosowanie\" title=\"Miejsce zbi\u00f3rki do ewakuacji - znak ewakuacyjny - AAE007 - Oznakowanie fotoluminescencyjne \u2013 w\u0142a\u015bciwo\u015bci i zastosowanie\" \/>\n              <\/div>\n              <div class=\"product-small-title\">\n                  Miejsce zbi\u00f3rki do ewakuacji - znak ewakuacyjny - AAE007              <\/div>\n          <\/div>\n      <\/a>    \n        \n    <div class=\"clearfix\"><\/div>    \n<\/div>\n\n\n\n\n<p>Najpro\u015bciej m\u00f3wi\u0105c, znaki fotoluminescencyjne to znaki, kt\u00f3re \u015bwiec\u0105 w ciemno\u015bci i nie wymagaj\u0105 przy tym zasilania. Ta ich w\u0142a\u015bciwo\u015b\u0107 powoduje, \u017ce znajduj\u0105 szerokie zastosowanie w budynkach u\u017cyteczno\u015bci publicznej i nie tylko, przede wszystkim je\u015bli chodzi o oznakowanie bezpiecze\u0144stwa. Dlaczego znaki \u015bwiec\u0105? Wykonywane s\u0105 z materia\u0142\u00f3w fotoluminescencyjnych, kt\u00f3re poch\u0142aniaj\u0105 \u015bwiat\u0142o dzienne lub sztuczne, a nast\u0119pnie wypromieniowuj\u0105 t\u0119 energi\u0119 w postaci \u015bwiat\u0142a widzialnego. Znaki widoczne s\u0105 zar\u00f3wno w o\u015bwietleniu, jak i w\u00f3wczas, gdy o\u015bwietlenia brak. Rodzaj zastosowanego materia\u0142u fotoluminescencyjnego mo\u017ce wp\u0142ywa\u0107 na to, jak d\u0142ugo \u015bwiec\u0105 znaki po zaniku \u017ar\u00f3d\u0142a \u015bwiat\u0142a. &nbsp;<\/p>\n\n\n\n<h2 class=\"wp-block-heading\"><span class=\"ez-toc-section\" id=\"Oznakowanie_fotoluminescencyjne_a_odblaskowe\"><\/span>Oznakowanie fotoluminescencyjne a odblaskowe<span class=\"ez-toc-section-end\"><\/span><\/h2>\n\n\n\n<div class=\"product-small-box-content display-flex\">\n          <a href=\"https:\/\/www.znakowo.pl\/produkt\/drzwi-przeciwpozarowe-znak-przeciwpozarowy-ppoz-baf007,baf007,5353.html\" class=\"product-small\">\n          <div class=\"product-small-box\">\n              <div class=\"product-small-img\">\n                                    <img decoding=\"async\" src=\"https:\/\/tdc.znakowo.pl\/thumbs\/drzwi-przeciwpozarowe-znak-przeciwpozarowy-ppoz-baf007-12092-5353-160-160-0.jpg\" alt=\"Drzwi przeciwpo\u017carowe - znak przeciwpo\u017carowy ppo\u017c - BAF007 - Oznakowanie fotoluminescencyjne \u2013 w\u0142a\u015bciwo\u015bci i zastosowanie\" title=\"Drzwi przeciwpo\u017carowe - znak przeciwpo\u017carowy ppo\u017c - BAF007 - Oznakowanie fotoluminescencyjne \u2013 w\u0142a\u015bciwo\u015bci i zastosowanie\" \/>\n              <\/div>\n              <div class=\"product-small-title\">\n                  Drzwi przeciwpo\u017carowe - znak przeciwpo\u017carowy ppo\u017c - BAF007              <\/div>\n          <\/div>\n      <\/a>    \n            <a href=\"https:\/\/www.znakowo.pl\/produkt\/telefon-alarmowania-pozarowego-znak-przeciwpozarowy-ppoz-baf006,baf006,3600.html\" class=\"product-small\">\n          <div class=\"product-small-box\">\n              <div class=\"product-small-img\">\n                                    <img decoding=\"async\" src=\"https:\/\/tdc.znakowo.pl\/thumbs\/telefon-alarmowania-pozarowego-znak-przeciwpozarowy-ppoz-baf006-4815-3600-160-160-0.jpg\" alt=\"Telefon alarmowania po\u017carowego - znak przeciwpo\u017carowy ppo\u017c - BAF006 - Oznakowanie fotoluminescencyjne \u2013 w\u0142a\u015bciwo\u015bci i zastosowanie\" title=\"Telefon alarmowania po\u017carowego - znak przeciwpo\u017carowy ppo\u017c - BAF006 - Oznakowanie fotoluminescencyjne \u2013 w\u0142a\u015bciwo\u015bci i zastosowanie\" \/>\n              <\/div>\n              <div class=\"product-small-title\">\n                  Telefon alarmowania po\u017carowego - znak przeciwpo\u017carowy ppo\u017c - BAF006              <\/div>\n          <\/div>\n      <\/a>    \n            <a href=\"https:\/\/www.znakowo.pl\/produkt\/znak-przeciwpozarowy-winda-strazacka,baf017,10356.html\" class=\"product-small\">\n          <div class=\"product-small-box\">\n              <div class=\"product-small-img\">\n                                    <img decoding=\"async\" src=\"https:\/\/tdc.znakowo.pl\/thumbs\/znak-przeciwpozarowy-winda-strazacka-24733-10356-160-160-0.jpg\" alt=\"Znak przeciwpo\u017carowy - Winda stra\u017cacka - Oznakowanie fotoluminescencyjne \u2013 w\u0142a\u015bciwo\u015bci i zastosowanie\" title=\"Znak przeciwpo\u017carowy - Winda stra\u017cacka - Oznakowanie fotoluminescencyjne \u2013 w\u0142a\u015bciwo\u015bci i zastosowanie\" \/>\n              <\/div>\n              <div class=\"product-small-title\">\n                  Znak przeciwpo\u017carowy - Winda stra\u017cacka              <\/div>\n          <\/div>\n      <\/a>    \n        \n    <div class=\"clearfix\"><\/div>    \n<\/div>\n\n\n\n\n<p>Fotoluminescencja jest do\u015b\u0107 cz\u0119sto mylona z odblaskowo\u015bci\u0105. Warto zapami\u0119ta\u0107, \u017ce s\u0105 to dwa r\u00f3\u017cne typy znak\u00f3w. Oznakowanie fotoluminescencyjne produkuje si\u0119 z materia\u0142\u00f3w absorbuj\u0105cych energi\u0119 \u015bwietln\u0105. Takie znaki mog\u0105 \u015bwieci\u0107 przez pewien czas po zaprzestaniu dzia\u0142ania \u017ar\u00f3d\u0142a \u015bwiat\u0142a. Tymczasem znaki odblaskowe wykonuje si\u0119 z materia\u0142\u00f3w, kt\u00f3re odbijaj\u0105 \u015bwiat\u0142o padaj\u0105ce na ich powierzchni\u0119. W odr\u00f3\u017cnieniu od znak\u00f3w fotoluminescencyjnych, znaki odblaskowe nie s\u0105 widoczne w ca\u0142kowitej ciemno\u015bci, kiedy nie ma \u017ar\u00f3d\u0142a o\u015bwietlaj\u0105cego.<\/p>\n\n\n\n<h2 class=\"wp-block-heading\"><span class=\"ez-toc-section\" id=\"Zastosowanie_oznakowania_fotoluminescencyjnego\"><\/span>Zastosowanie oznakowania fotoluminescencyjnego<span class=\"ez-toc-section-end\"><\/span><\/h2>\n\n\n\n<div class=\"product-small-box-content display-flex\">\n          <a href=\"https:\/\/www.znakowo.pl\/produkt\/tasma-fotoluminescencyjna-samoprzylepna-na-podloge,ep_sp_f_1,10285.html\" class=\"product-small\">\n          <div class=\"product-small-box\">\n              <div class=\"product-small-img\">\n                                    <img decoding=\"async\" src=\"https:\/\/tdc.znakowo.pl\/thumbs\/tasma-samoprzylepna-fosforescencyjna-24262-10285-160-160-0.jpg\" alt=\"Ta\u015bma fotoluminescencyjna samoprzylepna - na pod\u0142og\u0119 - Oznakowanie fotoluminescencyjne \u2013 w\u0142a\u015bciwo\u015bci i zastosowanie\" title=\"Ta\u015bma fotoluminescencyjna samoprzylepna - na pod\u0142og\u0119 - Oznakowanie fotoluminescencyjne \u2013 w\u0142a\u015bciwo\u015bci i zastosowanie\" \/>\n              <\/div>\n              <div class=\"product-small-title\">\n                  Ta\u015bma fotoluminescencyjna samoprzylepna - na pod\u0142og\u0119              <\/div>\n          <\/div>\n      <\/a>    \n            <a href=\"https:\/\/www.znakowo.pl\/produkt\/tasma-antyposlizgowa-czarno-fotoluminescencyjna-10m,ep_ap_f_2,10282.html\" class=\"product-small\">\n          <div class=\"product-small-box\">\n              <div class=\"product-small-img\">\n                                    <img decoding=\"async\" src=\"https:\/\/tdc.znakowo.pl\/thumbs\/tasma-antyposlizgowa-czarno-fotoluminescencyjna-10m-24251-10282-160-160-0.jpg\" alt=\"Ta\u015bma antypo\u015blizgowa czarno-fotoluminescencyjna 10m - Oznakowanie fotoluminescencyjne \u2013 w\u0142a\u015bciwo\u015bci i zastosowanie\" title=\"Ta\u015bma antypo\u015blizgowa czarno-fotoluminescencyjna 10m - Oznakowanie fotoluminescencyjne \u2013 w\u0142a\u015bciwo\u015bci i zastosowanie\" \/>\n              <\/div>\n              <div class=\"product-small-title\">\n                  Ta\u015bma antypo\u015blizgowa czarno-fotoluminescencyjna 10m              <\/div>\n          <\/div>\n      <\/a>    \n            <a href=\"https:\/\/www.znakowo.pl\/produkt\/tasma-fotoluminescencyjna-ostrzegawcza-samoprzylepna-510cm-x-1m-czerwono-zolta,eb001,8907.html\" class=\"product-small\">\n          <div class=\"product-small-box\">\n              <div class=\"product-small-img\">\n                                    <img decoding=\"async\" src=\"https:\/\/tdc.znakowo.pl\/thumbs\/tasma-fotoluminescencyjna-ostrzegawcza-samoprzylepna-510cm-x-1m-czerwono-zolta-20539-8907-160-160-0.jpg\" alt=\"Ta\u015bma fotoluminescencyjna ostrzegawcza samoprzylepna 5\/10cm x 1m - czerwono-\u017c\u00f3\u0142ta - Oznakowanie fotoluminescencyjne \u2013 w\u0142a\u015bciwo\u015bci i zastosowanie\" title=\"Ta\u015bma fotoluminescencyjna ostrzegawcza samoprzylepna 5\/10cm x 1m - czerwono-\u017c\u00f3\u0142ta - Oznakowanie fotoluminescencyjne \u2013 w\u0142a\u015bciwo\u015bci i zastosowanie\" \/>\n              <\/div>\n              <div class=\"product-small-title\">\n                  Ta\u015bma fotoluminescencyjna ostrzegawcza samoprzylepna 5\/10cm x 1m - czerwono-\u017c\u00f3\u0142ta              <\/div>\n          <\/div>\n      <\/a>    \n        \n    <div class=\"clearfix\"><\/div>    \n<\/div>\n\n\n\n\n<p>Oznakowanie fotoluminescencyjne pe\u0142ni wa\u017cn\u0105 rol\u0119 w zapewnieniu bezpiecze\u0144stwa w r\u00f3\u017cnego rodzaju budynkach i na statkach. Stosowane jest m.in. w miejscach pracy, w zak\u0142adach przemys\u0142owych, w urz\u0119dach, szpitalach, szko\u0142ach, centrach handlowych, hotelach, muzeach, kinach itp.<\/p>\n\n\n\n<ul class=\"wp-block-list\">\n<li>Z materia\u0142\u00f3w fotoluminescencyjnych wykonuje si\u0119 <a href=\"https:\/\/www.znakowo.pl\/znaki-ewakuacyjne-pn-en-iso-7010\/\">znaki ewakuacyjne<\/a> (strza\u0142ki kierunkowe, oznakowanie wyj\u015b\u0107 ewakuacyjnych, schod\u00f3w ewakuacyjnych, sprz\u0119tu ratunkowego itp.). W sytuacji awaryjnej znaki umo\u017cliwiaj\u0105 bezpieczne wydostanie si\u0119 z zagro\u017conego miejsca i lokalizacj\u0119 wa\u017cnych punkt\u00f3w oraz sprz\u0119tu ewakuacyjnego \u2013 szczeg\u00f3lnie w ciemno\u015bci, przy braku zasilania lub w przypadku zadymienia.<\/li>\n\n\n\n<li>Powszechnie stosowane s\u0105 tak\u017ce <a href=\"https:\/\/www.znakowo.pl\/znaki-ochrony-przeciwpozarowej-pn-en-iso-7010\/\">fotoluminescencyjne znaki ochrony ppo\u017c.<\/a>, kt\u00f3re u\u0142atwiaj\u0105 szybk\u0105 lokalizacj\u0119 sprz\u0119tu i urz\u0105dze\u0144 ga\u015bniczych.<\/li>\n\n\n\n<li>Do oznakowania r\u00f3\u017cnych budynk\u00f3w i obiekt\u00f3w stosuje si\u0119 ta\u015bmy fotoluminescencyjne \u2013 dzi\u0119ki nim w prosty spos\u00f3b mo\u017cna oznakowa\u0107 przeszkody na drodze ewakuacyjnej (niskie stropy, schody, stopnie, wystaj\u0105ce elementy itp.).<\/li>\n<\/ul>\n","protected":false},"excerpt":{"rendered":"<p>Sprawdzamy, czym charakteryzuj\u0105 si\u0119 znaki fotoluminescencyjne, gdzie znajduj\u0105 zastosowanie i czym r\u00f3\u017cni\u0105 si\u0119 od oznakowania odblaskowego.<\/p>\n","protected":false},"author":3,"featured_media":7114,"comment_status":"closed","ping_status":"closed","sticky":false,"template":"","format":"standard","meta":{"_acf_changed":false,"footnotes":""},"categories":[118],"tags":[],"class_list":["post-7105","post","type-post","status-publish","format-standard","has-post-thumbnail","hentry","category-oznakowanie-obiektow"],"acf":[],"yoast_head":"<!-- This site is optimized with the Yoast SEO plugin v27.4 - https:\/\/yoast.com\/product\/yoast-seo-wordpress\/ -->\n<title>Oznakowanie fotoluminescencyjne \u2013 w\u0142a\u015bciwo\u015bci i zastosowanie<\/title>\n<meta name=\"description\" content=\"Oznakowanie fotoluminescencyjne. Sprawdzamy, czym s\u0105 znaki fotoluminescencyjne i gdzie znajduj\u0105 zastosowanie.\" \/>\n<meta name=\"robots\" content=\"index, follow, max-snippet:-1, max-image-preview:large, max-video-preview:-1\" \/>\n<link rel=\"canonical\" href=\"https:\/\/www.znakowo.pl\/blog\/oznakowanie-fotolumienscencyjne\/\" \/>\n<meta property=\"og:locale\" content=\"pl_PL\" \/>\n<meta property=\"og:type\" content=\"article\" \/>\n<meta property=\"og:title\" content=\"Oznakowanie fotoluminescencyjne \u2013 w\u0142a\u015bciwo\u015bci i zastosowanie\" \/>\n<meta property=\"og:description\" content=\"Oznakowanie fotoluminescencyjne. Sprawdzamy, czym s\u0105 znaki fotoluminescencyjne i gdzie znajduj\u0105 zastosowanie.\" \/>\n<meta property=\"og:url\" content=\"https:\/\/www.znakowo.pl\/blog\/oznakowanie-fotolumienscencyjne\/\" \/>\n<meta property=\"og:site_name\" content=\"Blog znakowo.pl\" \/>\n<meta property=\"article:publisher\" content=\"https:\/\/www.facebook.com\/Znakowo\/\" \/>\n<meta property=\"article:published_time\" content=\"2024-09-05T10:02:19+00:00\" \/>\n<meta property=\"article:modified_time\" content=\"2024-09-09T07:57:40+00:00\" \/>\n<meta property=\"og:image\" content=\"https:\/\/www.znakowo.pl\/blog\/wp-content\/uploads\/2024\/09\/3213379_456142-PFM2EK-300.jpg\" \/>\n\t<meta property=\"og:image:width\" content=\"2000\" \/>\n\t<meta property=\"og:image:height\" content=\"2000\" \/>\n\t<meta property=\"og:image:type\" content=\"image\/jpeg\" \/>\n<meta name=\"author\" content=\"Julita Krzemi\u0144ska\" \/>\n<meta name=\"twitter:card\" content=\"summary_large_image\" \/>\n<meta name=\"twitter:label1\" content=\"Napisane przez\" \/>\n\t<meta name=\"twitter:data1\" content=\"Julita Krzemi\u0144ska\" \/>\n\t<meta name=\"twitter:label2\" content=\"Szacowany czas czytania\" \/>\n\t<meta name=\"twitter:data2\" content=\"3 minuty\" \/>\n<script type=\"application\/ld+json\" class=\"yoast-schema-graph\">{\"@context\":\"https:\\\/\\\/schema.org\",\"@graph\":[{\"@type\":\"Article\",\"@id\":\"https:\\\/\\\/www.znakowo.pl\\\/blog\\\/oznakowanie-fotolumienscencyjne\\\/#article\",\"isPartOf\":{\"@id\":\"https:\\\/\\\/www.znakowo.pl\\\/blog\\\/oznakowanie-fotolumienscencyjne\\\/\"},\"author\":{\"name\":\"Julita Krzemi\u0144ska\",\"@id\":\"https:\\\/\\\/www.znakowo.pl\\\/blog\\\/#\\\/schema\\\/person\\\/a29ddb53515b4cfd337f1582146267d9\"},\"headline\":\"Oznakowanie fotoluminescencyjne \u2013 w\u0142a\u015bciwo\u015bci i zastosowanie\",\"datePublished\":\"2024-09-05T10:02:19+00:00\",\"dateModified\":\"2024-09-09T07:57:40+00:00\",\"mainEntityOfPage\":{\"@id\":\"https:\\\/\\\/www.znakowo.pl\\\/blog\\\/oznakowanie-fotolumienscencyjne\\\/\"},\"wordCount\":421,\"publisher\":{\"@id\":\"https:\\\/\\\/www.znakowo.pl\\\/blog\\\/#organization\"},\"image\":{\"@id\":\"https:\\\/\\\/www.znakowo.pl\\\/blog\\\/oznakowanie-fotolumienscencyjne\\\/#primaryimage\"},\"thumbnailUrl\":\"https:\\\/\\\/www.znakowo.pl\\\/blog\\\/wp-content\\\/uploads\\\/2024\\\/09\\\/3213379_456142-PFM2EK-300.jpg\",\"articleSection\":[\"Oznakowanie obiekt\u00f3w\"],\"inLanguage\":\"pl-PL\"},{\"@type\":\"WebPage\",\"@id\":\"https:\\\/\\\/www.znakowo.pl\\\/blog\\\/oznakowanie-fotolumienscencyjne\\\/\",\"url\":\"https:\\\/\\\/www.znakowo.pl\\\/blog\\\/oznakowanie-fotolumienscencyjne\\\/\",\"name\":\"Oznakowanie fotoluminescencyjne \u2013 w\u0142a\u015bciwo\u015bci i zastosowanie\",\"isPartOf\":{\"@id\":\"https:\\\/\\\/www.znakowo.pl\\\/blog\\\/#website\"},\"primaryImageOfPage\":{\"@id\":\"https:\\\/\\\/www.znakowo.pl\\\/blog\\\/oznakowanie-fotolumienscencyjne\\\/#primaryimage\"},\"image\":{\"@id\":\"https:\\\/\\\/www.znakowo.pl\\\/blog\\\/oznakowanie-fotolumienscencyjne\\\/#primaryimage\"},\"thumbnailUrl\":\"https:\\\/\\\/www.znakowo.pl\\\/blog\\\/wp-content\\\/uploads\\\/2024\\\/09\\\/3213379_456142-PFM2EK-300.jpg\",\"datePublished\":\"2024-09-05T10:02:19+00:00\",\"dateModified\":\"2024-09-09T07:57:40+00:00\",\"description\":\"Oznakowanie fotoluminescencyjne. Sprawdzamy, czym s\u0105 znaki fotoluminescencyjne i gdzie znajduj\u0105 zastosowanie.\",\"breadcrumb\":{\"@id\":\"https:\\\/\\\/www.znakowo.pl\\\/blog\\\/oznakowanie-fotolumienscencyjne\\\/#breadcrumb\"},\"inLanguage\":\"pl-PL\",\"potentialAction\":[{\"@type\":\"ReadAction\",\"target\":[\"https:\\\/\\\/www.znakowo.pl\\\/blog\\\/oznakowanie-fotolumienscencyjne\\\/\"]}]},{\"@type\":\"ImageObject\",\"inLanguage\":\"pl-PL\",\"@id\":\"https:\\\/\\\/www.znakowo.pl\\\/blog\\\/oznakowanie-fotolumienscencyjne\\\/#primaryimage\",\"url\":\"https:\\\/\\\/www.znakowo.pl\\\/blog\\\/wp-content\\\/uploads\\\/2024\\\/09\\\/3213379_456142-PFM2EK-300.jpg\",\"contentUrl\":\"https:\\\/\\\/www.znakowo.pl\\\/blog\\\/wp-content\\\/uploads\\\/2024\\\/09\\\/3213379_456142-PFM2EK-300.jpg\",\"width\":2000,\"height\":2000,\"caption\":\"Oznakowanie fotoluminescencyjne \u2013 w\u0142a\u015bciwo\u015bci i zastosowanie\"},{\"@type\":\"BreadcrumbList\",\"@id\":\"https:\\\/\\\/www.znakowo.pl\\\/blog\\\/oznakowanie-fotolumienscencyjne\\\/#breadcrumb\",\"itemListElement\":[{\"@type\":\"ListItem\",\"position\":1,\"name\":\"Strona g\u0142\u00f3wna\",\"item\":\"https:\\\/\\\/www.znakowo.pl\\\/blog\\\/\"},{\"@type\":\"ListItem\",\"position\":2,\"name\":\"Oznakowanie fotoluminescencyjne \u2013 w\u0142a\u015bciwo\u015bci i zastosowanie\"}]},{\"@type\":\"WebSite\",\"@id\":\"https:\\\/\\\/www.znakowo.pl\\\/blog\\\/#website\",\"url\":\"https:\\\/\\\/www.znakowo.pl\\\/blog\\\/\",\"name\":\"Blog znakowo.pl\",\"description\":\"\",\"publisher\":{\"@id\":\"https:\\\/\\\/www.znakowo.pl\\\/blog\\\/#organization\"},\"potentialAction\":[{\"@type\":\"SearchAction\",\"target\":{\"@type\":\"EntryPoint\",\"urlTemplate\":\"https:\\\/\\\/www.znakowo.pl\\\/blog\\\/?s={search_term_string}\"},\"query-input\":{\"@type\":\"PropertyValueSpecification\",\"valueRequired\":true,\"valueName\":\"search_term_string\"}}],\"inLanguage\":\"pl-PL\"},{\"@type\":\"Organization\",\"@id\":\"https:\\\/\\\/www.znakowo.pl\\\/blog\\\/#organization\",\"name\":\"Znakowo.pl\",\"url\":\"https:\\\/\\\/www.znakowo.pl\\\/blog\\\/\",\"logo\":{\"@type\":\"ImageObject\",\"inLanguage\":\"pl-PL\",\"@id\":\"https:\\\/\\\/www.znakowo.pl\\\/blog\\\/#\\\/schema\\\/logo\\\/image\\\/\",\"url\":\"https:\\\/\\\/www.znakowo.pl\\\/blog\\\/wp-content\\\/uploads\\\/2017\\\/05\\\/logo_1.png\",\"contentUrl\":\"https:\\\/\\\/www.znakowo.pl\\\/blog\\\/wp-content\\\/uploads\\\/2017\\\/05\\\/logo_1.png\",\"width\":277,\"height\":94,\"caption\":\"Znakowo.pl\"},\"image\":{\"@id\":\"https:\\\/\\\/www.znakowo.pl\\\/blog\\\/#\\\/schema\\\/logo\\\/image\\\/\"},\"sameAs\":[\"https:\\\/\\\/www.facebook.com\\\/Znakowo\\\/\"]},{\"@type\":\"Person\",\"@id\":\"https:\\\/\\\/www.znakowo.pl\\\/blog\\\/#\\\/schema\\\/person\\\/a29ddb53515b4cfd337f1582146267d9\",\"name\":\"Julita Krzemi\u0144ska\",\"image\":{\"@type\":\"ImageObject\",\"inLanguage\":\"pl-PL\",\"@id\":\"https:\\\/\\\/secure.gravatar.com\\\/avatar\\\/e6adac54b1d18b21f8567cc6208ef43409e661f1070cf8be2e6912306b99d439?s=96&d=mm&r=g\",\"url\":\"https:\\\/\\\/secure.gravatar.com\\\/avatar\\\/e6adac54b1d18b21f8567cc6208ef43409e661f1070cf8be2e6912306b99d439?s=96&d=mm&r=g\",\"contentUrl\":\"https:\\\/\\\/secure.gravatar.com\\\/avatar\\\/e6adac54b1d18b21f8567cc6208ef43409e661f1070cf8be2e6912306b99d439?s=96&d=mm&r=g\",\"caption\":\"Julita Krzemi\u0144ska\"},\"url\":\"https:\\\/\\\/www.znakowo.pl\\\/blog\\\/author\\\/jkrzeminska\\\/\"}]}<\/script>\n<!-- \/ Yoast SEO plugin. -->","yoast_head_json":{"title":"Oznakowanie fotoluminescencyjne \u2013 w\u0142a\u015bciwo\u015bci i zastosowanie","description":"Oznakowanie fotoluminescencyjne. Sprawdzamy, czym s\u0105 znaki fotoluminescencyjne i gdzie znajduj\u0105 zastosowanie.","robots":{"index":"index","follow":"follow","max-snippet":"max-snippet:-1","max-image-preview":"max-image-preview:large","max-video-preview":"max-video-preview:-1"},"canonical":"https:\/\/www.znakowo.pl\/blog\/oznakowanie-fotolumienscencyjne\/","og_locale":"pl_PL","og_type":"article","og_title":"Oznakowanie fotoluminescencyjne \u2013 w\u0142a\u015bciwo\u015bci i zastosowanie","og_description":"Oznakowanie fotoluminescencyjne. Sprawdzamy, czym s\u0105 znaki fotoluminescencyjne i gdzie znajduj\u0105 zastosowanie.","og_url":"https:\/\/www.znakowo.pl\/blog\/oznakowanie-fotolumienscencyjne\/","og_site_name":"Blog znakowo.pl","article_publisher":"https:\/\/www.facebook.com\/Znakowo\/","article_published_time":"2024-09-05T10:02:19+00:00","article_modified_time":"2024-09-09T07:57:40+00:00","og_image":[{"width":2000,"height":2000,"url":"https:\/\/www.znakowo.pl\/blog\/wp-content\/uploads\/2024\/09\/3213379_456142-PFM2EK-300.jpg","type":"image\/jpeg"}],"author":"Julita Krzemi\u0144ska","twitter_card":"summary_large_image","twitter_misc":{"Napisane przez":"Julita Krzemi\u0144ska","Szacowany czas czytania":"3 minuty"},"schema":{"@context":"https:\/\/schema.org","@graph":[{"@type":"Article","@id":"https:\/\/www.znakowo.pl\/blog\/oznakowanie-fotolumienscencyjne\/#article","isPartOf":{"@id":"https:\/\/www.znakowo.pl\/blog\/oznakowanie-fotolumienscencyjne\/"},"author":{"name":"Julita Krzemi\u0144ska","@id":"https:\/\/www.znakowo.pl\/blog\/#\/schema\/person\/a29ddb53515b4cfd337f1582146267d9"},"headline":"Oznakowanie fotoluminescencyjne \u2013 w\u0142a\u015bciwo\u015bci i zastosowanie","datePublished":"2024-09-05T10:02:19+00:00","dateModified":"2024-09-09T07:57:40+00:00","mainEntityOfPage":{"@id":"https:\/\/www.znakowo.pl\/blog\/oznakowanie-fotolumienscencyjne\/"},"wordCount":421,"publisher":{"@id":"https:\/\/www.znakowo.pl\/blog\/#organization"},"image":{"@id":"https:\/\/www.znakowo.pl\/blog\/oznakowanie-fotolumienscencyjne\/#primaryimage"},"thumbnailUrl":"https:\/\/www.znakowo.pl\/blog\/wp-content\/uploads\/2024\/09\/3213379_456142-PFM2EK-300.jpg","articleSection":["Oznakowanie obiekt\u00f3w"],"inLanguage":"pl-PL"},{"@type":"WebPage","@id":"https:\/\/www.znakowo.pl\/blog\/oznakowanie-fotolumienscencyjne\/","url":"https:\/\/www.znakowo.pl\/blog\/oznakowanie-fotolumienscencyjne\/","name":"Oznakowanie fotoluminescencyjne \u2013 w\u0142a\u015bciwo\u015bci i zastosowanie","isPartOf":{"@id":"https:\/\/www.znakowo.pl\/blog\/#website"},"primaryImageOfPage":{"@id":"https:\/\/www.znakowo.pl\/blog\/oznakowanie-fotolumienscencyjne\/#primaryimage"},"image":{"@id":"https:\/\/www.znakowo.pl\/blog\/oznakowanie-fotolumienscencyjne\/#primaryimage"},"thumbnailUrl":"https:\/\/www.znakowo.pl\/blog\/wp-content\/uploads\/2024\/09\/3213379_456142-PFM2EK-300.jpg","datePublished":"2024-09-05T10:02:19+00:00","dateModified":"2024-09-09T07:57:40+00:00","description":"Oznakowanie fotoluminescencyjne. Sprawdzamy, czym s\u0105 znaki fotoluminescencyjne i gdzie znajduj\u0105 zastosowanie.","breadcrumb":{"@id":"https:\/\/www.znakowo.pl\/blog\/oznakowanie-fotolumienscencyjne\/#breadcrumb"},"inLanguage":"pl-PL","potentialAction":[{"@type":"ReadAction","target":["https:\/\/www.znakowo.pl\/blog\/oznakowanie-fotolumienscencyjne\/"]}]},{"@type":"ImageObject","inLanguage":"pl-PL","@id":"https:\/\/www.znakowo.pl\/blog\/oznakowanie-fotolumienscencyjne\/#primaryimage","url":"https:\/\/www.znakowo.pl\/blog\/wp-content\/uploads\/2024\/09\/3213379_456142-PFM2EK-300.jpg","contentUrl":"https:\/\/www.znakowo.pl\/blog\/wp-content\/uploads\/2024\/09\/3213379_456142-PFM2EK-300.jpg","width":2000,"height":2000,"caption":"Oznakowanie fotoluminescencyjne \u2013 w\u0142a\u015bciwo\u015bci i zastosowanie"},{"@type":"BreadcrumbList","@id":"https:\/\/www.znakowo.pl\/blog\/oznakowanie-fotolumienscencyjne\/#breadcrumb","itemListElement":[{"@type":"ListItem","position":1,"name":"Strona g\u0142\u00f3wna","item":"https:\/\/www.znakowo.pl\/blog\/"},{"@type":"ListItem","position":2,"name":"Oznakowanie fotoluminescencyjne \u2013 w\u0142a\u015bciwo\u015bci i zastosowanie"}]},{"@type":"WebSite","@id":"https:\/\/www.znakowo.pl\/blog\/#website","url":"https:\/\/www.znakowo.pl\/blog\/","name":"Blog znakowo.pl","description":"","publisher":{"@id":"https:\/\/www.znakowo.pl\/blog\/#organization"},"potentialAction":[{"@type":"SearchAction","target":{"@type":"EntryPoint","urlTemplate":"https:\/\/www.znakowo.pl\/blog\/?s={search_term_string}"},"query-input":{"@type":"PropertyValueSpecification","valueRequired":true,"valueName":"search_term_string"}}],"inLanguage":"pl-PL"},{"@type":"Organization","@id":"https:\/\/www.znakowo.pl\/blog\/#organization","name":"Znakowo.pl","url":"https:\/\/www.znakowo.pl\/blog\/","logo":{"@type":"ImageObject","inLanguage":"pl-PL","@id":"https:\/\/www.znakowo.pl\/blog\/#\/schema\/logo\/image\/","url":"https:\/\/www.znakowo.pl\/blog\/wp-content\/uploads\/2017\/05\/logo_1.png","contentUrl":"https:\/\/www.znakowo.pl\/blog\/wp-content\/uploads\/2017\/05\/logo_1.png","width":277,"height":94,"caption":"Znakowo.pl"},"image":{"@id":"https:\/\/www.znakowo.pl\/blog\/#\/schema\/logo\/image\/"},"sameAs":["https:\/\/www.facebook.com\/Znakowo\/"]},{"@type":"Person","@id":"https:\/\/www.znakowo.pl\/blog\/#\/schema\/person\/a29ddb53515b4cfd337f1582146267d9","name":"Julita Krzemi\u0144ska","image":{"@type":"ImageObject","inLanguage":"pl-PL","@id":"https:\/\/secure.gravatar.com\/avatar\/e6adac54b1d18b21f8567cc6208ef43409e661f1070cf8be2e6912306b99d439?s=96&d=mm&r=g","url":"https:\/\/secure.gravatar.com\/avatar\/e6adac54b1d18b21f8567cc6208ef43409e661f1070cf8be2e6912306b99d439?s=96&d=mm&r=g","contentUrl":"https:\/\/secure.gravatar.com\/avatar\/e6adac54b1d18b21f8567cc6208ef43409e661f1070cf8be2e6912306b99d439?s=96&d=mm&r=g","caption":"Julita Krzemi\u0144ska"},"url":"https:\/\/www.znakowo.pl\/blog\/author\/jkrzeminska\/"}]}},"_links":{"self":[{"href":"https:\/\/www.znakowo.pl\/blog\/wp-json\/wp\/v2\/posts\/7105","targetHints":{"allow":["GET"]}}],"collection":[{"href":"https:\/\/www.znakowo.pl\/blog\/wp-json\/wp\/v2\/posts"}],"about":[{"href":"https:\/\/www.znakowo.pl\/blog\/wp-json\/wp\/v2\/types\/post"}],"author":[{"embeddable":true,"href":"https:\/\/www.znakowo.pl\/blog\/wp-json\/wp\/v2\/users\/3"}],"replies":[{"embeddable":true,"href":"https:\/\/www.znakowo.pl\/blog\/wp-json\/wp\/v2\/comments?post=7105"}],"version-history":[{"count":2,"href":"https:\/\/www.znakowo.pl\/blog\/wp-json\/wp\/v2\/posts\/7105\/revisions"}],"predecessor-version":[{"id":7117,"href":"https:\/\/www.znakowo.pl\/blog\/wp-json\/wp\/v2\/posts\/7105\/revisions\/7117"}],"wp:featuredmedia":[{"embeddable":true,"href":"https:\/\/www.znakowo.pl\/blog\/wp-json\/wp\/v2\/media\/7114"}],"wp:attachment":[{"href":"https:\/\/www.znakowo.pl\/blog\/wp-json\/wp\/v2\/media?parent=7105"}],"wp:term":[{"taxonomy":"category","embeddable":true,"href":"https:\/\/www.znakowo.pl\/blog\/wp-json\/wp\/v2\/categories?post=7105"},{"taxonomy":"post_tag","embeddable":true,"href":"https:\/\/www.znakowo.pl\/blog\/wp-json\/wp\/v2\/tags?post=7105"}],"curies":[{"name":"wp","href":"https:\/\/api.w.org\/{rel}","templated":true}]}}