{"id":735,"date":"2018-01-15T13:23:53","date_gmt":"2018-01-15T12:23:53","guid":{"rendered":"https:\/\/www.znakowo.pl\/blog\/?p=735"},"modified":"2020-05-13T13:49:28","modified_gmt":"2020-05-13T11:49:28","slug":"odpowiednio-dobrac-srodki-ochrony-drog-oddechowych","status":"publish","type":"post","link":"https:\/\/www.znakowo.pl\/blog\/odpowiednio-dobrac-srodki-ochrony-drog-oddechowych\/","title":{"rendered":"Jak odpowiednio dobra\u0107 \u015brodki ochrony dr\u00f3g oddechowych?"},"content":{"rendered":"<p>\u015arodki <a href=\"https:\/\/www.znakowo.pl\/blog\/ochrona-drog-oddechowych\/\">ochrony dr\u00f3g oddechowych<\/a> powinny zapewnia\u0107 bezpiecze\u0144stwo pracownikom, kt\u00f3rzy nara\u017ceni s\u0105 w\u00a0miejscu pracy na oddzia\u0142ywanie czynnik\u00f3w niebezpiecznych albo szkodliwych dla uk\u0142adu oddechowego (zanieczyszczenia powietrza, np. py\u0142ami lub oparami dra\u017cni\u0105cych substancji, niedob\u00f3r tlenu). Odpowiednio dobrany sprz\u0119t zapobiega m.in. zatruciom, uszkodzeniom p\u0142uc czy alergiom i\u00a0chorobom.<\/p>\n<p><!--more--><\/p>\n<div id=\"ez-toc-container\" class=\"ez-toc-v2_0_82_2 counter-hierarchy ez-toc-counter ez-toc-grey ez-toc-container-direction\">\n<div class=\"ez-toc-title-container\">\n<p class=\"ez-toc-title\" style=\"cursor:inherit\">Spis tre\u015bci<\/p>\n<span class=\"ez-toc-title-toggle\"><a href=\"#\" class=\"ez-toc-pull-right ez-toc-btn ez-toc-btn-xs ez-toc-btn-default ez-toc-toggle\" aria-label=\"Prze\u0142\u0105cznik Spisu Tre\u015bci\"><span class=\"ez-toc-js-icon-con\"><span class=\"\"><span class=\"eztoc-hide\" style=\"display:none;\">Toggle<\/span><span class=\"ez-toc-icon-toggle-span\"><svg style=\"fill: #999;color:#999\" xmlns=\"http:\/\/www.w3.org\/2000\/svg\" class=\"list-377408\" width=\"20px\" height=\"20px\" viewBox=\"0 0 24 24\" fill=\"none\"><path d=\"M6 6H4v2h2V6zm14 0H8v2h12V6zM4 11h2v2H4v-2zm16 0H8v2h12v-2zM4 16h2v2H4v-2zm16 0H8v2h12v-2z\" fill=\"currentColor\"><\/path><\/svg><svg style=\"fill: #999;color:#999\" class=\"arrow-unsorted-368013\" xmlns=\"http:\/\/www.w3.org\/2000\/svg\" width=\"10px\" height=\"10px\" viewBox=\"0 0 24 24\" version=\"1.2\" baseProfile=\"tiny\"><path d=\"M18.2 9.3l-6.2-6.3-6.2 6.3c-.2.2-.3.4-.3.7s.1.5.3.7c.2.2.4.3.7.3h11c.3 0 .5-.1.7-.3.2-.2.3-.5.3-.7s-.1-.5-.3-.7zM5.8 14.7l6.2 6.3 6.2-6.3c.2-.2.3-.5.3-.7s-.1-.5-.3-.7c-.2-.2-.4-.3-.7-.3h-11c-.3 0-.5.1-.7.3-.2.2-.3.5-.3.7s.1.5.3.7z\"\/><\/svg><\/span><\/span><\/span><\/a><\/span><\/div>\n<nav><ul class='ez-toc-list ez-toc-list-level-1 ' ><li class='ez-toc-page-1 ez-toc-heading-level-2'><a class=\"ez-toc-link ez-toc-heading-1\" href=\"https:\/\/www.znakowo.pl\/blog\/odpowiednio-dobrac-srodki-ochrony-drog-oddechowych\/#Dobor_srodkow_ochrony_drog_oddechowych\" >Dob\u00f3r \u015brodk\u00f3w ochrony dr\u00f3g oddechowych<\/a><ul class='ez-toc-list-level-3' ><li class='ez-toc-heading-level-3'><a class=\"ez-toc-link ez-toc-heading-2\" href=\"https:\/\/www.znakowo.pl\/blog\/odpowiednio-dobrac-srodki-ochrony-drog-oddechowych\/#Rodzaj_substancji_i_forma_zagrozenia\" >Rodzaj substancji i\u00a0forma zagro\u017cenia<\/a><\/li><li class='ez-toc-page-1 ez-toc-heading-level-3'><a class=\"ez-toc-link ez-toc-heading-3\" href=\"https:\/\/www.znakowo.pl\/blog\/odpowiednio-dobrac-srodki-ochrony-drog-oddechowych\/#Ryzyko_niedotlenienia\" >Ryzyko niedotlenienia<\/a><\/li><li class='ez-toc-page-1 ez-toc-heading-level-3'><a class=\"ez-toc-link ez-toc-heading-4\" href=\"https:\/\/www.znakowo.pl\/blog\/odpowiednio-dobrac-srodki-ochrony-drog-oddechowych\/#Czynniki_klimatyczne\" >Czynniki klimatyczne<\/a><\/li><li class='ez-toc-page-1 ez-toc-heading-level-3'><a class=\"ez-toc-link ez-toc-heading-5\" href=\"https:\/\/www.znakowo.pl\/blog\/odpowiednio-dobrac-srodki-ochrony-drog-oddechowych\/#Swoboda_ruchow_widocznosc_i_mozliwosc_porozumiewania_sie\" >Swoboda ruch\u00f3w, widoczno\u015b\u0107 i\u00a0mo\u017cliwo\u015b\u0107 porozumiewania si\u0119<\/a><\/li><li class='ez-toc-page-1 ez-toc-heading-level-3'><a class=\"ez-toc-link ez-toc-heading-6\" href=\"https:\/\/www.znakowo.pl\/blog\/odpowiednio-dobrac-srodki-ochrony-drog-oddechowych\/#Czas_pracy\" >Czas pracy<\/a><\/li><\/ul><\/li><li class='ez-toc-page-1 ez-toc-heading-level-2'><a class=\"ez-toc-link ez-toc-heading-7\" href=\"https:\/\/www.znakowo.pl\/blog\/odpowiednio-dobrac-srodki-ochrony-drog-oddechowych\/#Srodki_ochrony_drog_oddechowych_%E2%80%93_uzytkowanie\" >\u015arodki ochrony dr\u00f3g oddechowych \u2013 u\u017cytkowanie<\/a><\/li><\/ul><\/nav><\/div>\n<h2><span class=\"ez-toc-section\" id=\"Dobor_srodkow_ochrony_drog_oddechowych\"><\/span>Dob\u00f3r \u015brodk\u00f3w ochrony dr\u00f3g oddechowych<span class=\"ez-toc-section-end\"><\/span><\/h2>\n<p>Dob\u00f3r sprz\u0119tu powinien opiera\u0107 si\u0119 na szczeg\u00f3\u0142owej analizie zagro\u017ce\u0144 dla uk\u0142adu oddechowego, np. czy istnieje ryzyko niedotlenienia w\u00a0miejscu pracy, czy zagro\u017cenie stanowi\u0105 cia\u0142a sta\u0142e (np. py\u0142y) czy gazy i\u00a0jakiej jest st\u0119\u017cenie substancji szkodliwych i\u00a0niebezpiecznych. Wybieraj\u0105c \u015brodki ochrony dr\u00f3g oddechowych nale\u017cy r\u00f3wnie\u017c wzi\u0105\u0107 pod uwag\u0119 warunki w\u00a0miejscu pracy (m.in. czas pracy, czynniki klimatyczne) oraz indywidualne predyspozycje pracownik\u00f3w.<\/p>\n<h3><span class=\"ez-toc-section\" id=\"Rodzaj_substancji_i_forma_zagrozenia\"><\/span>Rodzaj substancji i\u00a0forma zagro\u017cenia<span class=\"ez-toc-section-end\"><\/span><\/h3>\n<p>W\u00a0pierwszej kolejno\u015bci nale\u017cy zidentyfikowa\u0107 substancje, kt\u00f3re stanowi\u0105 zagro\u017cenie dla zdrowia pracownik\u00f3w oraz okre\u015bli\u0107, w\u00a0jakiej wyst\u0119puj\u0105 postaci. Mog\u0105 to by\u0107\u00a0 gazy, py\u0142y, pary lub wyst\u0119powa\u0107\u00a0 w\u00a0postaci mieszanej. W\u00a0zale\u017cno\u015bci od tego stosuje si\u0119 inne \u015brodki ochrony dr\u00f3g oddechowych (sprz\u0119t izoluj\u0105cy lub oczyszczaj\u0105cy, poch\u0142aniacze, filtry do cz\u0105stek sta\u0142ych, filtry do cieczy lub filtropoch\u0142aniacze). Konieczne jest r\u00f3wnie\u017c okre\u015blenie, w\u00a0jakich st\u0119\u017ceniach wyst\u0119puj\u0105 zanieczyszczenia lub substancje toksyczne i\u00a0jaka jest ich warto\u015b\u0107 Najwy\u017cszego Dopuszczalnego St\u0119\u017cenia (NDS). Przy doborze sprz\u0119tu nale\u017cy tak\u017ce wzi\u0105\u0107 pod uwag\u0119, czy niebezpieczne substancje, wyst\u0119puj\u0105ce w\u00a0powietrzu, charakteryzuj\u0105 si\u0119 w\u0142a\u015bciwo\u015bciami, takimi jak wo\u0144 i\/lub smak, kt\u00f3re umo\u017cliwia\u0142yby ich rozpoznanie.<\/p>\n<h3><span class=\"ez-toc-section\" id=\"Ryzyko_niedotlenienia\"><\/span>Ryzyko niedotlenienia<span class=\"ez-toc-section-end\"><\/span><\/h3>\n<p>Je\u017celi zawarto\u015b\u0107 tlenu w\u00a0wydychanym powietrzu jest ni\u017csza ni\u017c 17% jego sk\u0142adu (lub istnieje ryzyko przekroczenia tej granicy), stosuje si\u0119 sprz\u0119t izoluj\u0105cy. Zapewnia on dop\u0142yw \u015bwie\u017cego powietrza z\u00a0niezale\u017cnego \u017ar\u00f3d\u0142a.<\/p>\n<h3><span class=\"ez-toc-section\" id=\"Czynniki_klimatyczne\"><\/span>Czynniki klimatyczne<span class=\"ez-toc-section-end\"><\/span><\/h3>\n<p>Warunki eksploatacji sprz\u0119tu, m.in. wysoka lub niska temperatura, maj\u0105 wp\u0142yw na jego stan techniczny. Nale\u017cy pami\u0119ta\u0107 np. o\u00a0tym, \u017ce przy niskich temperaturach \u015brodki ochrony dr\u00f3g oddechowych zasilane bateriami b\u0119d\u0105 mia\u0142y kr\u00f3tszy czas u\u017cytkowania. Skrajne temperatury lub wy\u017csza wilgotno\u015b\u0107 powietrza mog\u0105 wp\u0142ywa\u0107 na okres przydatno\u015bci filtr\u00f3w przeciwgazowych.<\/p>\n<h3><span class=\"ez-toc-section\" id=\"Swoboda_ruchow_widocznosc_i_mozliwosc_porozumiewania_sie\"><\/span>Swoboda ruch\u00f3w, widoczno\u015b\u0107 i\u00a0mo\u017cliwo\u015b\u0107 porozumiewania si\u0119<span class=\"ez-toc-section-end\"><\/span><\/h3>\n<p>Warto pami\u0119ta\u0107, \u017ce niekt\u00f3re maski mog\u0105 ogranicza\u0107 swobod\u0119 ruch\u00f3w, widoczno\u015b\u0107 i\u00a0zaw\u0119\u017ca\u0107 pole widzenia. Mo\u017ce to wp\u0142ywa\u0107 negatywnie na bezpiecze\u0144stwo pracownika (mo\u017cliwo\u015b\u0107 upadku, potkni\u0119\u0107). Wi\u0119kszo\u015b\u0107 urz\u0105dze\u0144 oczyszczaj\u0105cych i\u00a0przeno\u015bnych aparat\u00f3w powietrznych tylko minimalnie ogranicza swobod\u0119 ruch\u00f3w.<\/p>\n<p>Na niekt\u00f3rych stanowiskach niezb\u0119dna jest komunikacja mi\u0119dzy pracownikami. W\u00a0niekt\u00f3rych przypadkach sprz\u0119t ochrony dr\u00f3g oddechowych wyposa\u017cony jest w\u00a0membrany g\u0142osowe, kt\u00f3re t\u0105 komunikacj\u0119 u\u0142atwiaj\u0105.<\/p>\n<h3><span class=\"ez-toc-section\" id=\"Czas_pracy\"><\/span>Czas pracy<span class=\"ez-toc-section-end\"><\/span><\/h3>\n<p>Stosowanie urz\u0105dze\u0144 ochrony dr\u00f3g oddechowych wi\u0105\u017ce si\u0119 niekiedy z\u00a0limitami czasowymi, np. zwi\u0105zanymi z\u00a0ograniczon\u0105 ilo\u015bci\u0105 powietrza do oddychania w\u00a0butli lub gdy zanieczyszczenia s\u0105 tak silne, \u017ce dzia\u0142anie filtr\u00f3w i\u00a0poch\u0142aniaczy jest bardzo ograniczone w\u00a0czasie. Nale\u017cy r\u00f3wnie\u017c wzi\u0105\u0107 pod uwag\u0119 rodzaj czynno\u015bci zawodowych (rodzaj prac). Mo\u017cemy wyr\u00f3\u017cni\u0107 sprz\u0119t do wykonywania lekkiej pracy (mo\u017cna go stosowa\u0107 przez 8-godzinny dzie\u0144 pracy) i\u00a0sprz\u0119t do wykonywania ci\u0119\u017ckiej pracy (do 2\u00a0godzin ci\u0105g\u0142ej pracy).<\/p>\n<h2><span class=\"ez-toc-section\" id=\"Srodki_ochrony_drog_oddechowych_%E2%80%93_uzytkowanie\"><\/span>\u015arodki ochrony dr\u00f3g oddechowych \u2013 u\u017cytkowanie<span class=\"ez-toc-section-end\"><\/span><\/h2>\n<p>Pracownicy, kt\u00f3rzy korzystaj\u0105 z\u00a0\u015brodk\u00f3w ochrony dr\u00f3g oddechowych powinni odby\u0107 specjalne przeszkolenie, dotycz\u0105ce u\u017cytkowania sprz\u0119tu oraz sytuacji, kt\u00f3re mog\u0105 wyst\u0119powa\u0107 podczas pracy w\u00a0sprz\u0119cie. Niezb\u0119dne jest zaznajomienie si\u0119 z\u00a0instrukcj\u0105 u\u017cytkowania, kt\u00f3r\u0105 musi za\u0142\u0105czy\u0107 producent. Nale\u017cy r\u00f3wnie\u017c sprawdzi\u0107, czy sprz\u0119t nie przekroczy\u0142 daty wa\u017cno\u015bci okre\u015blonej przez producenta \u2013 po up\u0142yni\u0119ciu daty wa\u017cno\u015bci \u015brodki ochrony dr\u00f3g oddechowych mog\u0105 nie by\u0107 skuteczne. Urz\u0105dzenia powinny by\u0107 poddawane systematycznym kontrolom stanu technicznego.<\/p>\n<p>Osoby, kt\u00f3re korzystaj\u0105 z\u00a0urz\u0105dze\u0144 ochrony dr\u00f3g oddechowych powinni przechodzi\u0107 regularne badania lekarskie:<\/p>\n<p>\u2013 co trzy lata \u2013 dla pracownik\u00f3w do 35 lat;<\/p>\n<p>\u2013 co dwa lata \u2013 dla pracownik\u00f3w w\u00a0wielu od 35 do 45 lat;<\/p>\n<p>\u2013 co roku \u2013 dla pracownik\u00f3w powy\u017cej 45 lat.<\/p>\n","protected":false},"excerpt":{"rendered":"<p>\u015arodki ochrony dr\u00f3g oddechowych powinny zapewnia\u0107 bezpiecze\u0144stwo pracownikom, kt\u00f3rzy nara\u017ceni s\u0105 w\u00a0miejscu pracy na oddzia\u0142ywanie czynnik\u00f3w niebezpiecznych albo szkodliwych dla uk\u0142adu oddechowego (zanieczyszczenia powietrza, np. py\u0142ami lub oparami dra\u017cni\u0105cych substancji, niedob\u00f3r tlenu). Odpowiednio dobrany sprz\u0119t zapobiega m.in. zatruciom, uszkodzeniom p\u0142uc czy alergiom i\u00a0chorobom.<\/p>\n","protected":false},"author":3,"featured_media":745,"comment_status":"closed","ping_status":"closed","sticky":false,"template":"","format":"standard","meta":{"_acf_changed":false,"footnotes":""},"categories":[413],"tags":[],"class_list":["post-735","post","type-post","status-publish","format-standard","has-post-thumbnail","hentry","category-odziez-ochronna-i-bhp"],"acf":[],"yoast_head":"<!-- This site is optimized with the Yoast SEO plugin v27.4 - https:\/\/yoast.com\/product\/yoast-seo-wordpress\/ -->\n<title>Jak odpowiednio dobra\u0107 \u015brodki ochrony dr\u00f3g oddechowych? - Blog znakowo.pl<\/title>\n<meta name=\"description\" content=\"\u015arodki ochrony dr\u00f3g oddechowych - jak dobra\u0107 odpowiedni\u0105 i skuteczn\u0105 ochron\u0119 dla pracownik\u00f3w nara\u017conych na wdychanie szkodliwych substancji?\" \/>\n<meta name=\"robots\" content=\"index, follow, max-snippet:-1, max-image-preview:large, max-video-preview:-1\" \/>\n<link rel=\"canonical\" href=\"https:\/\/www.znakowo.pl\/blog\/odpowiednio-dobrac-srodki-ochrony-drog-oddechowych\/\" \/>\n<meta property=\"og:locale\" content=\"pl_PL\" \/>\n<meta property=\"og:type\" content=\"article\" \/>\n<meta property=\"og:title\" content=\"Jak odpowiednio dobra\u0107 \u015brodki ochrony dr\u00f3g oddechowych? - Blog znakowo.pl\" \/>\n<meta property=\"og:description\" content=\"\u015arodki ochrony dr\u00f3g oddechowych - jak dobra\u0107 odpowiedni\u0105 i skuteczn\u0105 ochron\u0119 dla pracownik\u00f3w nara\u017conych na wdychanie szkodliwych substancji?\" \/>\n<meta property=\"og:url\" content=\"https:\/\/www.znakowo.pl\/blog\/odpowiednio-dobrac-srodki-ochrony-drog-oddechowych\/\" \/>\n<meta property=\"og:site_name\" content=\"Blog znakowo.pl\" \/>\n<meta property=\"article:publisher\" content=\"https:\/\/www.facebook.com\/Znakowo\/\" \/>\n<meta property=\"article:published_time\" content=\"2018-01-15T12:23:53+00:00\" \/>\n<meta property=\"article:modified_time\" content=\"2020-05-13T11:49:28+00:00\" \/>\n<meta property=\"og:image\" content=\"https:\/\/www.znakowo.pl\/blog\/wp-content\/uploads\/2018\/01\/Depositphotos_15876453_xl-2015_preview.jpeg\" \/>\n\t<meta property=\"og:image:width\" content=\"1280\" \/>\n\t<meta property=\"og:image:height\" content=\"853\" \/>\n\t<meta property=\"og:image:type\" content=\"image\/jpeg\" \/>\n<meta name=\"author\" content=\"Julita Krzemi\u0144ska\" \/>\n<meta name=\"twitter:card\" content=\"summary_large_image\" \/>\n<meta name=\"twitter:label1\" content=\"Napisane przez\" \/>\n\t<meta name=\"twitter:data1\" content=\"Julita Krzemi\u0144ska\" \/>\n\t<meta name=\"twitter:label2\" content=\"Szacowany czas czytania\" \/>\n\t<meta name=\"twitter:data2\" content=\"4 minuty\" \/>\n<script type=\"application\/ld+json\" class=\"yoast-schema-graph\">{\"@context\":\"https:\\\/\\\/schema.org\",\"@graph\":[{\"@type\":\"Article\",\"@id\":\"https:\\\/\\\/www.znakowo.pl\\\/blog\\\/odpowiednio-dobrac-srodki-ochrony-drog-oddechowych\\\/#article\",\"isPartOf\":{\"@id\":\"https:\\\/\\\/www.znakowo.pl\\\/blog\\\/odpowiednio-dobrac-srodki-ochrony-drog-oddechowych\\\/\"},\"author\":{\"name\":\"Julita Krzemi\u0144ska\",\"@id\":\"https:\\\/\\\/www.znakowo.pl\\\/blog\\\/#\\\/schema\\\/person\\\/a29ddb53515b4cfd337f1582146267d9\"},\"headline\":\"Jak odpowiednio dobra\u0107 \u015brodki ochrony dr\u00f3g oddechowych?\",\"datePublished\":\"2018-01-15T12:23:53+00:00\",\"dateModified\":\"2020-05-13T11:49:28+00:00\",\"mainEntityOfPage\":{\"@id\":\"https:\\\/\\\/www.znakowo.pl\\\/blog\\\/odpowiednio-dobrac-srodki-ochrony-drog-oddechowych\\\/\"},\"wordCount\":726,\"publisher\":{\"@id\":\"https:\\\/\\\/www.znakowo.pl\\\/blog\\\/#organization\"},\"image\":{\"@id\":\"https:\\\/\\\/www.znakowo.pl\\\/blog\\\/odpowiednio-dobrac-srodki-ochrony-drog-oddechowych\\\/#primaryimage\"},\"thumbnailUrl\":\"https:\\\/\\\/www.znakowo.pl\\\/blog\\\/wp-content\\\/uploads\\\/2018\\\/01\\\/Depositphotos_15876453_xl-2015_preview.jpeg\",\"articleSection\":[\"Odzie\u017c ochronna i BHP\"],\"inLanguage\":\"pl-PL\"},{\"@type\":\"WebPage\",\"@id\":\"https:\\\/\\\/www.znakowo.pl\\\/blog\\\/odpowiednio-dobrac-srodki-ochrony-drog-oddechowych\\\/\",\"url\":\"https:\\\/\\\/www.znakowo.pl\\\/blog\\\/odpowiednio-dobrac-srodki-ochrony-drog-oddechowych\\\/\",\"name\":\"Jak odpowiednio dobra\u0107 \u015brodki ochrony dr\u00f3g oddechowych? - Blog znakowo.pl\",\"isPartOf\":{\"@id\":\"https:\\\/\\\/www.znakowo.pl\\\/blog\\\/#website\"},\"primaryImageOfPage\":{\"@id\":\"https:\\\/\\\/www.znakowo.pl\\\/blog\\\/odpowiednio-dobrac-srodki-ochrony-drog-oddechowych\\\/#primaryimage\"},\"image\":{\"@id\":\"https:\\\/\\\/www.znakowo.pl\\\/blog\\\/odpowiednio-dobrac-srodki-ochrony-drog-oddechowych\\\/#primaryimage\"},\"thumbnailUrl\":\"https:\\\/\\\/www.znakowo.pl\\\/blog\\\/wp-content\\\/uploads\\\/2018\\\/01\\\/Depositphotos_15876453_xl-2015_preview.jpeg\",\"datePublished\":\"2018-01-15T12:23:53+00:00\",\"dateModified\":\"2020-05-13T11:49:28+00:00\",\"description\":\"\u015arodki ochrony dr\u00f3g oddechowych - jak dobra\u0107 odpowiedni\u0105 i skuteczn\u0105 ochron\u0119 dla pracownik\u00f3w nara\u017conych na wdychanie szkodliwych substancji?\",\"breadcrumb\":{\"@id\":\"https:\\\/\\\/www.znakowo.pl\\\/blog\\\/odpowiednio-dobrac-srodki-ochrony-drog-oddechowych\\\/#breadcrumb\"},\"inLanguage\":\"pl-PL\",\"potentialAction\":[{\"@type\":\"ReadAction\",\"target\":[\"https:\\\/\\\/www.znakowo.pl\\\/blog\\\/odpowiednio-dobrac-srodki-ochrony-drog-oddechowych\\\/\"]}]},{\"@type\":\"ImageObject\",\"inLanguage\":\"pl-PL\",\"@id\":\"https:\\\/\\\/www.znakowo.pl\\\/blog\\\/odpowiednio-dobrac-srodki-ochrony-drog-oddechowych\\\/#primaryimage\",\"url\":\"https:\\\/\\\/www.znakowo.pl\\\/blog\\\/wp-content\\\/uploads\\\/2018\\\/01\\\/Depositphotos_15876453_xl-2015_preview.jpeg\",\"contentUrl\":\"https:\\\/\\\/www.znakowo.pl\\\/blog\\\/wp-content\\\/uploads\\\/2018\\\/01\\\/Depositphotos_15876453_xl-2015_preview.jpeg\",\"width\":1280,\"height\":853,\"caption\":\"Jak odpowiednio dobra\u0107 \u015brodki ochrony dr\u00f3g oddechowych?\"},{\"@type\":\"BreadcrumbList\",\"@id\":\"https:\\\/\\\/www.znakowo.pl\\\/blog\\\/odpowiednio-dobrac-srodki-ochrony-drog-oddechowych\\\/#breadcrumb\",\"itemListElement\":[{\"@type\":\"ListItem\",\"position\":1,\"name\":\"Strona g\u0142\u00f3wna\",\"item\":\"https:\\\/\\\/www.znakowo.pl\\\/blog\\\/\"},{\"@type\":\"ListItem\",\"position\":2,\"name\":\"Jak odpowiednio dobra\u0107 \u015brodki ochrony dr\u00f3g oddechowych?\"}]},{\"@type\":\"WebSite\",\"@id\":\"https:\\\/\\\/www.znakowo.pl\\\/blog\\\/#website\",\"url\":\"https:\\\/\\\/www.znakowo.pl\\\/blog\\\/\",\"name\":\"Blog znakowo.pl\",\"description\":\"\",\"publisher\":{\"@id\":\"https:\\\/\\\/www.znakowo.pl\\\/blog\\\/#organization\"},\"potentialAction\":[{\"@type\":\"SearchAction\",\"target\":{\"@type\":\"EntryPoint\",\"urlTemplate\":\"https:\\\/\\\/www.znakowo.pl\\\/blog\\\/?s={search_term_string}\"},\"query-input\":{\"@type\":\"PropertyValueSpecification\",\"valueRequired\":true,\"valueName\":\"search_term_string\"}}],\"inLanguage\":\"pl-PL\"},{\"@type\":\"Organization\",\"@id\":\"https:\\\/\\\/www.znakowo.pl\\\/blog\\\/#organization\",\"name\":\"Znakowo.pl\",\"url\":\"https:\\\/\\\/www.znakowo.pl\\\/blog\\\/\",\"logo\":{\"@type\":\"ImageObject\",\"inLanguage\":\"pl-PL\",\"@id\":\"https:\\\/\\\/www.znakowo.pl\\\/blog\\\/#\\\/schema\\\/logo\\\/image\\\/\",\"url\":\"https:\\\/\\\/www.znakowo.pl\\\/blog\\\/wp-content\\\/uploads\\\/2017\\\/05\\\/logo_1.png\",\"contentUrl\":\"https:\\\/\\\/www.znakowo.pl\\\/blog\\\/wp-content\\\/uploads\\\/2017\\\/05\\\/logo_1.png\",\"width\":277,\"height\":94,\"caption\":\"Znakowo.pl\"},\"image\":{\"@id\":\"https:\\\/\\\/www.znakowo.pl\\\/blog\\\/#\\\/schema\\\/logo\\\/image\\\/\"},\"sameAs\":[\"https:\\\/\\\/www.facebook.com\\\/Znakowo\\\/\"]},{\"@type\":\"Person\",\"@id\":\"https:\\\/\\\/www.znakowo.pl\\\/blog\\\/#\\\/schema\\\/person\\\/a29ddb53515b4cfd337f1582146267d9\",\"name\":\"Julita Krzemi\u0144ska\",\"image\":{\"@type\":\"ImageObject\",\"inLanguage\":\"pl-PL\",\"@id\":\"https:\\\/\\\/secure.gravatar.com\\\/avatar\\\/e6adac54b1d18b21f8567cc6208ef43409e661f1070cf8be2e6912306b99d439?s=96&d=mm&r=g\",\"url\":\"https:\\\/\\\/secure.gravatar.com\\\/avatar\\\/e6adac54b1d18b21f8567cc6208ef43409e661f1070cf8be2e6912306b99d439?s=96&d=mm&r=g\",\"contentUrl\":\"https:\\\/\\\/secure.gravatar.com\\\/avatar\\\/e6adac54b1d18b21f8567cc6208ef43409e661f1070cf8be2e6912306b99d439?s=96&d=mm&r=g\",\"caption\":\"Julita Krzemi\u0144ska\"},\"url\":\"https:\\\/\\\/www.znakowo.pl\\\/blog\\\/author\\\/jkrzeminska\\\/\"}]}<\/script>\n<!-- \/ Yoast SEO plugin. -->","yoast_head_json":{"title":"Jak odpowiednio dobra\u0107 \u015brodki ochrony dr\u00f3g oddechowych? - Blog znakowo.pl","description":"\u015arodki ochrony dr\u00f3g oddechowych - jak dobra\u0107 odpowiedni\u0105 i skuteczn\u0105 ochron\u0119 dla pracownik\u00f3w nara\u017conych na wdychanie szkodliwych substancji?","robots":{"index":"index","follow":"follow","max-snippet":"max-snippet:-1","max-image-preview":"max-image-preview:large","max-video-preview":"max-video-preview:-1"},"canonical":"https:\/\/www.znakowo.pl\/blog\/odpowiednio-dobrac-srodki-ochrony-drog-oddechowych\/","og_locale":"pl_PL","og_type":"article","og_title":"Jak odpowiednio dobra\u0107 \u015brodki ochrony dr\u00f3g oddechowych? - Blog znakowo.pl","og_description":"\u015arodki ochrony dr\u00f3g oddechowych - jak dobra\u0107 odpowiedni\u0105 i skuteczn\u0105 ochron\u0119 dla pracownik\u00f3w nara\u017conych na wdychanie szkodliwych substancji?","og_url":"https:\/\/www.znakowo.pl\/blog\/odpowiednio-dobrac-srodki-ochrony-drog-oddechowych\/","og_site_name":"Blog znakowo.pl","article_publisher":"https:\/\/www.facebook.com\/Znakowo\/","article_published_time":"2018-01-15T12:23:53+00:00","article_modified_time":"2020-05-13T11:49:28+00:00","og_image":[{"width":1280,"height":853,"url":"https:\/\/www.znakowo.pl\/blog\/wp-content\/uploads\/2018\/01\/Depositphotos_15876453_xl-2015_preview.jpeg","type":"image\/jpeg"}],"author":"Julita Krzemi\u0144ska","twitter_card":"summary_large_image","twitter_misc":{"Napisane przez":"Julita Krzemi\u0144ska","Szacowany czas czytania":"4 minuty"},"schema":{"@context":"https:\/\/schema.org","@graph":[{"@type":"Article","@id":"https:\/\/www.znakowo.pl\/blog\/odpowiednio-dobrac-srodki-ochrony-drog-oddechowych\/#article","isPartOf":{"@id":"https:\/\/www.znakowo.pl\/blog\/odpowiednio-dobrac-srodki-ochrony-drog-oddechowych\/"},"author":{"name":"Julita Krzemi\u0144ska","@id":"https:\/\/www.znakowo.pl\/blog\/#\/schema\/person\/a29ddb53515b4cfd337f1582146267d9"},"headline":"Jak odpowiednio dobra\u0107 \u015brodki ochrony dr\u00f3g oddechowych?","datePublished":"2018-01-15T12:23:53+00:00","dateModified":"2020-05-13T11:49:28+00:00","mainEntityOfPage":{"@id":"https:\/\/www.znakowo.pl\/blog\/odpowiednio-dobrac-srodki-ochrony-drog-oddechowych\/"},"wordCount":726,"publisher":{"@id":"https:\/\/www.znakowo.pl\/blog\/#organization"},"image":{"@id":"https:\/\/www.znakowo.pl\/blog\/odpowiednio-dobrac-srodki-ochrony-drog-oddechowych\/#primaryimage"},"thumbnailUrl":"https:\/\/www.znakowo.pl\/blog\/wp-content\/uploads\/2018\/01\/Depositphotos_15876453_xl-2015_preview.jpeg","articleSection":["Odzie\u017c ochronna i BHP"],"inLanguage":"pl-PL"},{"@type":"WebPage","@id":"https:\/\/www.znakowo.pl\/blog\/odpowiednio-dobrac-srodki-ochrony-drog-oddechowych\/","url":"https:\/\/www.znakowo.pl\/blog\/odpowiednio-dobrac-srodki-ochrony-drog-oddechowych\/","name":"Jak odpowiednio dobra\u0107 \u015brodki ochrony dr\u00f3g oddechowych? - Blog znakowo.pl","isPartOf":{"@id":"https:\/\/www.znakowo.pl\/blog\/#website"},"primaryImageOfPage":{"@id":"https:\/\/www.znakowo.pl\/blog\/odpowiednio-dobrac-srodki-ochrony-drog-oddechowych\/#primaryimage"},"image":{"@id":"https:\/\/www.znakowo.pl\/blog\/odpowiednio-dobrac-srodki-ochrony-drog-oddechowych\/#primaryimage"},"thumbnailUrl":"https:\/\/www.znakowo.pl\/blog\/wp-content\/uploads\/2018\/01\/Depositphotos_15876453_xl-2015_preview.jpeg","datePublished":"2018-01-15T12:23:53+00:00","dateModified":"2020-05-13T11:49:28+00:00","description":"\u015arodki ochrony dr\u00f3g oddechowych - jak dobra\u0107 odpowiedni\u0105 i skuteczn\u0105 ochron\u0119 dla pracownik\u00f3w nara\u017conych na wdychanie szkodliwych substancji?","breadcrumb":{"@id":"https:\/\/www.znakowo.pl\/blog\/odpowiednio-dobrac-srodki-ochrony-drog-oddechowych\/#breadcrumb"},"inLanguage":"pl-PL","potentialAction":[{"@type":"ReadAction","target":["https:\/\/www.znakowo.pl\/blog\/odpowiednio-dobrac-srodki-ochrony-drog-oddechowych\/"]}]},{"@type":"ImageObject","inLanguage":"pl-PL","@id":"https:\/\/www.znakowo.pl\/blog\/odpowiednio-dobrac-srodki-ochrony-drog-oddechowych\/#primaryimage","url":"https:\/\/www.znakowo.pl\/blog\/wp-content\/uploads\/2018\/01\/Depositphotos_15876453_xl-2015_preview.jpeg","contentUrl":"https:\/\/www.znakowo.pl\/blog\/wp-content\/uploads\/2018\/01\/Depositphotos_15876453_xl-2015_preview.jpeg","width":1280,"height":853,"caption":"Jak odpowiednio dobra\u0107 \u015brodki ochrony dr\u00f3g oddechowych?"},{"@type":"BreadcrumbList","@id":"https:\/\/www.znakowo.pl\/blog\/odpowiednio-dobrac-srodki-ochrony-drog-oddechowych\/#breadcrumb","itemListElement":[{"@type":"ListItem","position":1,"name":"Strona g\u0142\u00f3wna","item":"https:\/\/www.znakowo.pl\/blog\/"},{"@type":"ListItem","position":2,"name":"Jak odpowiednio dobra\u0107 \u015brodki ochrony dr\u00f3g oddechowych?"}]},{"@type":"WebSite","@id":"https:\/\/www.znakowo.pl\/blog\/#website","url":"https:\/\/www.znakowo.pl\/blog\/","name":"Blog znakowo.pl","description":"","publisher":{"@id":"https:\/\/www.znakowo.pl\/blog\/#organization"},"potentialAction":[{"@type":"SearchAction","target":{"@type":"EntryPoint","urlTemplate":"https:\/\/www.znakowo.pl\/blog\/?s={search_term_string}"},"query-input":{"@type":"PropertyValueSpecification","valueRequired":true,"valueName":"search_term_string"}}],"inLanguage":"pl-PL"},{"@type":"Organization","@id":"https:\/\/www.znakowo.pl\/blog\/#organization","name":"Znakowo.pl","url":"https:\/\/www.znakowo.pl\/blog\/","logo":{"@type":"ImageObject","inLanguage":"pl-PL","@id":"https:\/\/www.znakowo.pl\/blog\/#\/schema\/logo\/image\/","url":"https:\/\/www.znakowo.pl\/blog\/wp-content\/uploads\/2017\/05\/logo_1.png","contentUrl":"https:\/\/www.znakowo.pl\/blog\/wp-content\/uploads\/2017\/05\/logo_1.png","width":277,"height":94,"caption":"Znakowo.pl"},"image":{"@id":"https:\/\/www.znakowo.pl\/blog\/#\/schema\/logo\/image\/"},"sameAs":["https:\/\/www.facebook.com\/Znakowo\/"]},{"@type":"Person","@id":"https:\/\/www.znakowo.pl\/blog\/#\/schema\/person\/a29ddb53515b4cfd337f1582146267d9","name":"Julita Krzemi\u0144ska","image":{"@type":"ImageObject","inLanguage":"pl-PL","@id":"https:\/\/secure.gravatar.com\/avatar\/e6adac54b1d18b21f8567cc6208ef43409e661f1070cf8be2e6912306b99d439?s=96&d=mm&r=g","url":"https:\/\/secure.gravatar.com\/avatar\/e6adac54b1d18b21f8567cc6208ef43409e661f1070cf8be2e6912306b99d439?s=96&d=mm&r=g","contentUrl":"https:\/\/secure.gravatar.com\/avatar\/e6adac54b1d18b21f8567cc6208ef43409e661f1070cf8be2e6912306b99d439?s=96&d=mm&r=g","caption":"Julita Krzemi\u0144ska"},"url":"https:\/\/www.znakowo.pl\/blog\/author\/jkrzeminska\/"}]}},"_links":{"self":[{"href":"https:\/\/www.znakowo.pl\/blog\/wp-json\/wp\/v2\/posts\/735","targetHints":{"allow":["GET"]}}],"collection":[{"href":"https:\/\/www.znakowo.pl\/blog\/wp-json\/wp\/v2\/posts"}],"about":[{"href":"https:\/\/www.znakowo.pl\/blog\/wp-json\/wp\/v2\/types\/post"}],"author":[{"embeddable":true,"href":"https:\/\/www.znakowo.pl\/blog\/wp-json\/wp\/v2\/users\/3"}],"replies":[{"embeddable":true,"href":"https:\/\/www.znakowo.pl\/blog\/wp-json\/wp\/v2\/comments?post=735"}],"version-history":[{"count":6,"href":"https:\/\/www.znakowo.pl\/blog\/wp-json\/wp\/v2\/posts\/735\/revisions"}],"predecessor-version":[{"id":2577,"href":"https:\/\/www.znakowo.pl\/blog\/wp-json\/wp\/v2\/posts\/735\/revisions\/2577"}],"wp:featuredmedia":[{"embeddable":true,"href":"https:\/\/www.znakowo.pl\/blog\/wp-json\/wp\/v2\/media\/745"}],"wp:attachment":[{"href":"https:\/\/www.znakowo.pl\/blog\/wp-json\/wp\/v2\/media?parent=735"}],"wp:term":[{"taxonomy":"category","embeddable":true,"href":"https:\/\/www.znakowo.pl\/blog\/wp-json\/wp\/v2\/categories?post=735"},{"taxonomy":"post_tag","embeddable":true,"href":"https:\/\/www.znakowo.pl\/blog\/wp-json\/wp\/v2\/tags?post=735"}],"curies":[{"name":"wp","href":"https:\/\/api.w.org\/{rel}","templated":true}]}}