{"id":7393,"date":"2025-02-13T14:37:47","date_gmt":"2025-02-13T13:37:47","guid":{"rendered":"https:\/\/www.znakowo.pl\/blog\/?p=7393"},"modified":"2025-02-13T14:41:31","modified_gmt":"2025-02-13T13:41:31","slug":"gdzie-wyrzucac-odpady-tekstylne","status":"publish","type":"post","link":"https:\/\/www.znakowo.pl\/blog\/gdzie-wyrzucac-odpady-tekstylne\/","title":{"rendered":"Odpady tekstylne \u2013 zmiany w segregacji odpad\u00f3w 2025"},"content":{"rendered":"\n<p>Od pierwszego stycznia 2025 r. obowi\u0105zuj\u0105 nowe zasady segregacji odpad\u00f3w. Wprowadzona zosta\u0142a nowa frakcja \u2013 odpady tekstylne. Gdzie nale\u017cy wyrzuca\u0107 star\u0105 odzie\u017c?<\/p>\n\n\n<p><!--more--><\/p>\n\n\n<p>Od kilku lat obowi\u0105zuje w Polsce Wsp\u00f3lny System Segregacji Odpad\u00f3w (WSSO). Zgodnie z tym systemem dzielimy odpady na pi\u0119\u0107 frakcji:<\/p>\n\n\n\n<ul class=\"wp-block-list\">\n<li>metale i tworzywa sztuczne,<\/li>\n\n\n\n<li>szk\u0142o,<\/li>\n\n\n\n<li>papier,<\/li>\n\n\n\n<li>odpady biodegradowalne,<\/li>\n\n\n\n<li>odpady zmieszane.<\/li>\n<\/ul>\n\n\n\n<p>Na czym polegaj\u0105 zmiany obowi\u0105zuj\u0105ce od tego roku? Czy konieczna b\u0119dzie wymiana oznakowania kub\u0142\u00f3w i koszy na \u015bmieci? Na szcz\u0119\u015bcie nie \u2013 zmiany dotycz\u0105 tylko tekstyli\u00f3w. Oznacza to, \u017ce dotychczasowe <a href=\"https:\/\/www.znakowo.pl\/oznaczenia-odpadow-znaki-smieci\/\">oznaczenia segregacji \u015bmieci<\/a> pozostaj\u0105 takie same.<\/p>\n\n\n\n<div id=\"ez-toc-container\" class=\"ez-toc-v2_0_82_2 counter-hierarchy ez-toc-counter ez-toc-grey ez-toc-container-direction\">\n<div class=\"ez-toc-title-container\">\n<p class=\"ez-toc-title\" style=\"cursor:inherit\">Spis tre\u015bci<\/p>\n<span class=\"ez-toc-title-toggle\"><a href=\"#\" class=\"ez-toc-pull-right ez-toc-btn ez-toc-btn-xs ez-toc-btn-default ez-toc-toggle\" aria-label=\"Prze\u0142\u0105cznik Spisu Tre\u015bci\"><span class=\"ez-toc-js-icon-con\"><span class=\"\"><span class=\"eztoc-hide\" style=\"display:none;\">Toggle<\/span><span class=\"ez-toc-icon-toggle-span\"><svg style=\"fill: #999;color:#999\" xmlns=\"http:\/\/www.w3.org\/2000\/svg\" class=\"list-377408\" width=\"20px\" height=\"20px\" viewBox=\"0 0 24 24\" fill=\"none\"><path d=\"M6 6H4v2h2V6zm14 0H8v2h12V6zM4 11h2v2H4v-2zm16 0H8v2h12v-2zM4 16h2v2H4v-2zm16 0H8v2h12v-2z\" fill=\"currentColor\"><\/path><\/svg><svg style=\"fill: #999;color:#999\" class=\"arrow-unsorted-368013\" xmlns=\"http:\/\/www.w3.org\/2000\/svg\" width=\"10px\" height=\"10px\" viewBox=\"0 0 24 24\" version=\"1.2\" baseProfile=\"tiny\"><path d=\"M18.2 9.3l-6.2-6.3-6.2 6.3c-.2.2-.3.4-.3.7s.1.5.3.7c.2.2.4.3.7.3h11c.3 0 .5-.1.7-.3.2-.2.3-.5.3-.7s-.1-.5-.3-.7zM5.8 14.7l6.2 6.3 6.2-6.3c.2-.2.3-.5.3-.7s-.1-.5-.3-.7c-.2-.2-.4-.3-.7-.3h-11c-.3 0-.5.1-.7.3-.2.2-.3.5-.3.7s.1.5.3.7z\"\/><\/svg><\/span><\/span><\/span><\/a><\/span><\/div>\n<nav><ul class='ez-toc-list ez-toc-list-level-1 ' ><li class='ez-toc-page-1 ez-toc-heading-level-2'><a class=\"ez-toc-link ez-toc-heading-1\" href=\"https:\/\/www.znakowo.pl\/blog\/gdzie-wyrzucac-odpady-tekstylne\/#Oznaczenia_na_kubach_i_koszach_a_frakcje_odpadow\" >Oznaczenia na kubach i koszach a frakcje odpad\u00f3w<\/a><ul class='ez-toc-list-level-3' ><li class='ez-toc-heading-level-3'><a class=\"ez-toc-link ez-toc-heading-2\" href=\"https:\/\/www.znakowo.pl\/blog\/gdzie-wyrzucac-odpady-tekstylne\/#Metale_i_tworzywa_sztuczne_%E2%80%93_kolor_zolty\" >Metale i tworzywa sztuczne \u2013 kolor \u017c\u00f3\u0142ty<\/a><\/li><li class='ez-toc-page-1 ez-toc-heading-level-3'><a class=\"ez-toc-link ez-toc-heading-3\" href=\"https:\/\/www.znakowo.pl\/blog\/gdzie-wyrzucac-odpady-tekstylne\/#Szklo_%E2%80%93_kolor_zielony\" >Szk\u0142o \u2013 kolor zielony<\/a><\/li><li class='ez-toc-page-1 ez-toc-heading-level-3'><a class=\"ez-toc-link ez-toc-heading-4\" href=\"https:\/\/www.znakowo.pl\/blog\/gdzie-wyrzucac-odpady-tekstylne\/#Papier_%E2%80%93_kolor_niebieski\" >Papier \u2013 kolor niebieski<\/a><\/li><li class='ez-toc-page-1 ez-toc-heading-level-3'><a class=\"ez-toc-link ez-toc-heading-5\" href=\"https:\/\/www.znakowo.pl\/blog\/gdzie-wyrzucac-odpady-tekstylne\/#Odpady_biodegradowalne_%E2%80%93_kolor_brazowy\" >Odpady biodegradowalne \u2013 kolor br\u0105zowy<\/a><\/li><li class='ez-toc-page-1 ez-toc-heading-level-3'><a class=\"ez-toc-link ez-toc-heading-6\" href=\"https:\/\/www.znakowo.pl\/blog\/gdzie-wyrzucac-odpady-tekstylne\/#Odpady_zmieszane_inne_%E2%80%93_kolor_czarny\" >Odpady zmieszane (inne) \u2013 kolor czarny<\/a><\/li><\/ul><\/li><li class='ez-toc-page-1 ez-toc-heading-level-2'><a class=\"ez-toc-link ez-toc-heading-7\" href=\"https:\/\/www.znakowo.pl\/blog\/gdzie-wyrzucac-odpady-tekstylne\/#Co_to_sa_odpady_tekstylne\" >Co to s\u0105 odpady tekstylne?<\/a><\/li><li class='ez-toc-page-1 ez-toc-heading-level-2'><a class=\"ez-toc-link ez-toc-heading-8\" href=\"https:\/\/www.znakowo.pl\/blog\/gdzie-wyrzucac-odpady-tekstylne\/#Gdzie_wyrzucac_odpady_tekstylne\" >Gdzie wyrzuca\u0107 odpady tekstylne?<\/a><\/li><\/ul><\/nav><\/div>\n<h2 class=\"wp-block-heading\"><span class=\"ez-toc-section\" id=\"Oznaczenia_na_kubach_i_koszach_a_frakcje_odpadow\"><\/span>Oznaczenia na kubach i koszach a frakcje odpad\u00f3w<span class=\"ez-toc-section-end\"><\/span><\/h2>\n\n\n\n<h3 class=\"wp-block-heading\"><span class=\"ez-toc-section\" id=\"Metale_i_tworzywa_sztuczne_%E2%80%93_kolor_zolty\"><\/span>Metale i tworzywa sztuczne \u2013 kolor \u017c\u00f3\u0142ty<span class=\"ez-toc-section-end\"><\/span><\/h3>\n\n\n\n<div class=\"product-small-box-content display-flex\">\n          <a href=\"https:\/\/www.znakowo.pl\/produkt\/metale-i-tworzywa-sztuczne-1-znak-informacyjny-segregacja-smieci-pa062,pa062,4333.html\" class=\"product-small\">\n          <div class=\"product-small-box\">\n              <div class=\"product-small-img\">\n                                    <img decoding=\"async\" src=\"https:\/\/tdc.znakowo.pl\/thumbs\/metale-i-tworzywa-sztuczne-1-znak-informacyjny-segregacja-smieci-pa062-9860-4333-160-160-0.jpg\" alt=\"Metale i tworzywa sztuczne 1 - znak informacyjny, segregacja \u015bmieci - PA062 - Odpady tekstylne \u2013 zmiany w segregacji odpad\u00f3w 2025\" title=\"Metale i tworzywa sztuczne 1 - znak informacyjny, segregacja \u015bmieci - PA062 - Odpady tekstylne \u2013 zmiany w segregacji odpad\u00f3w 2025\" \/>\n              <\/div>\n              <div class=\"product-small-title\">\n                  Metale i tworzywa sztuczne 1 - znak informacyjny, segregacja \u015bmieci - PA062              <\/div>\n          <\/div>\n      <\/a>    \n            <a href=\"https:\/\/www.znakowo.pl\/produkt\/metale-i-tworzywa-sztuczne-2-znak-informacyjny-segregacja-smieci-pa081,pa081,4337.html\" class=\"product-small\">\n          <div class=\"product-small-box\">\n              <div class=\"product-small-img\">\n                                    <img decoding=\"async\" src=\"https:\/\/tdc.znakowo.pl\/thumbs\/metale-i-tworzywa-sztuczne-2-znak-informacyjny-segregacja-smieci-pa081-9864-4337-160-160-0.jpg\" alt=\"Metale i tworzywa sztuczne 2 - znak informacyjny, segregacja \u015bmieci - PA081 - Odpady tekstylne \u2013 zmiany w segregacji odpad\u00f3w 2025\" title=\"Metale i tworzywa sztuczne 2 - znak informacyjny, segregacja \u015bmieci - PA081 - Odpady tekstylne \u2013 zmiany w segregacji odpad\u00f3w 2025\" \/>\n              <\/div>\n              <div class=\"product-small-title\">\n                  Metale i tworzywa sztuczne 2 - znak informacyjny, segregacja \u015bmieci - PA081              <\/div>\n          <\/div>\n      <\/a>    \n        \n    <div class=\"clearfix\"><\/div>    \n<\/div>\n\n\n\n\n<p>\u017b\u00f3\u0142te pojemniki przeznaczone s\u0105 na:<\/p>\n\n\n\n<ul class=\"wp-block-list\">\n<li>odpady metalowe (np. puszki aluminiowe po napojach, kapsle, zakr\u0119tki od s\u0142oik\u00f3w, puszki po konserwach, folia aluminiowa),u<\/li>\n\n\n\n<li>odpady z tworzyw sztucznych (np. butelki po napojach, reklam\u00f3wki, opakowania plastikowe po \u015brodkach czysto\u015bci, kosmetykach i produktach spo\u017cywczych),<\/li>\n\n\n\n<li>odpady opakowaniowe wielomateria\u0142owe (np. kartony po sokach i mleku).<\/li>\n<\/ul>\n\n\n\n<h3 class=\"wp-block-heading\"><span class=\"ez-toc-section\" id=\"Szklo_%E2%80%93_kolor_zielony\"><\/span>Szk\u0142o \u2013 kolor zielony<span class=\"ez-toc-section-end\"><\/span><\/h3>\n\n\n\n<div class=\"product-small-box-content display-flex\">\n          <a href=\"https:\/\/www.znakowo.pl\/produkt\/szklo-1-znak-informacyjny-segregacja-smieci-pa052,pa052,3942.html\" class=\"product-small\">\n          <div class=\"product-small-box\">\n              <div class=\"product-small-img\">\n                                    <img decoding=\"async\" src=\"https:\/\/tdc.znakowo.pl\/thumbs\/szklo-1-znak-informacyjny-segregacja-smieci-pa052-5976-3942-160-160-0.jpg\" alt=\"Szk\u0142o 1 - znak informacyjny, segregacja \u015bmieci - PA052 - Odpady tekstylne \u2013 zmiany w segregacji odpad\u00f3w 2025\" title=\"Szk\u0142o 1 - znak informacyjny, segregacja \u015bmieci - PA052 - Odpady tekstylne \u2013 zmiany w segregacji odpad\u00f3w 2025\" \/>\n              <\/div>\n              <div class=\"product-small-title\">\n                  Szk\u0142o 1 - znak informacyjny, segregacja \u015bmieci - PA052              <\/div>\n          <\/div>\n      <\/a>    \n            <a href=\"https:\/\/www.znakowo.pl\/produkt\/szklo-2-znak-informacyjny-segregacja-smieci-pa071,pa071,4018.html\" class=\"product-small\">\n          <div class=\"product-small-box\">\n              <div class=\"product-small-img\">\n                                    <img decoding=\"async\" src=\"https:\/\/tdc.znakowo.pl\/thumbs\/szklo-2-znak-informacyjny-segregacja-smieci-pa071-7120-4018-160-160-0.jpg\" alt=\"Szk\u0142o 2 - znak informacyjny, segregacja \u015bmieci - PA071 - Odpady tekstylne \u2013 zmiany w segregacji odpad\u00f3w 2025\" title=\"Szk\u0142o 2 - znak informacyjny, segregacja \u015bmieci - PA071 - Odpady tekstylne \u2013 zmiany w segregacji odpad\u00f3w 2025\" \/>\n              <\/div>\n              <div class=\"product-small-title\">\n                  Szk\u0142o 2 - znak informacyjny, segregacja \u015bmieci - PA071              <\/div>\n          <\/div>\n      <\/a>    \n        \n    <div class=\"clearfix\"><\/div>    \n<\/div>\n\n\n\n\n<p>Zielone pojemniki przeznaczone s\u0105 na odpady ze szk\u0142a (np. butelki i s\u0142oiki po napojach i \u017cywno\u015bci, szklane opakowania po kosmetykach).<\/p>\n\n\n\n<p>Niekiedy mo\u017cna spotka\u0107 si\u0119 z podzia\u0142em odpad\u00f3w szklanych na:<\/p>\n\n\n\n<ul class=\"wp-block-list\">\n<li>szk\u0142o bezbarwne \u2013 pojemniki bia\u0142e,<\/li>\n<\/ul>\n\n\n\n<div class=\"product-small-box-content display-flex\">\n          <a href=\"https:\/\/www.znakowo.pl\/produkt\/szklo-bezbarwne-1-znak-informacyjny-segregacja-smieci-pa060,pa060,4331.html\" class=\"product-small\">\n          <div class=\"product-small-box\">\n              <div class=\"product-small-img\">\n                                    <img decoding=\"async\" src=\"https:\/\/tdc.znakowo.pl\/thumbs\/szklo-bezbarwne-1-znak-informacyjny-segregacja-smieci-pa060-9858-4331-160-160-0.jpg\" alt=\"Szk\u0142o bezbarwne 1 - znak informacyjny, segregacja \u015bmieci - PA060 - Odpady tekstylne \u2013 zmiany w segregacji odpad\u00f3w 2025\" title=\"Szk\u0142o bezbarwne 1 - znak informacyjny, segregacja \u015bmieci - PA060 - Odpady tekstylne \u2013 zmiany w segregacji odpad\u00f3w 2025\" \/>\n              <\/div>\n              <div class=\"product-small-title\">\n                  Szk\u0142o bezbarwne 1 - znak informacyjny, segregacja \u015bmieci - PA060              <\/div>\n          <\/div>\n      <\/a>    \n            <a href=\"https:\/\/www.znakowo.pl\/produkt\/szklo-bezbarwne-2-znak-informacyjny-segregacja-smieci-pa079,pa079,4335.html\" class=\"product-small\">\n          <div class=\"product-small-box\">\n              <div class=\"product-small-img\">\n                                    <img decoding=\"async\" src=\"https:\/\/tdc.znakowo.pl\/thumbs\/szklo-bezbarwne-2-znak-informacyjny-segregacja-smieci-pa079-9862-4335-160-160-0.jpg\" alt=\"Szk\u0142o bezbarwne 2 - znak informacyjny, segregacja \u015bmieci - PA079 - Odpady tekstylne \u2013 zmiany w segregacji odpad\u00f3w 2025\" title=\"Szk\u0142o bezbarwne 2 - znak informacyjny, segregacja \u015bmieci - PA079 - Odpady tekstylne \u2013 zmiany w segregacji odpad\u00f3w 2025\" \/>\n              <\/div>\n              <div class=\"product-small-title\">\n                  Szk\u0142o bezbarwne 2 - znak informacyjny, segregacja \u015bmieci - PA079              <\/div>\n          <\/div>\n      <\/a>    \n        \n    <div class=\"clearfix\"><\/div>    \n<\/div>\n\n\n\n\n<ul class=\"wp-block-list\">\n<li>szk\u0142o kolorowe \u2013 pojemniki zielone.<\/li>\n<\/ul>\n\n\n\n<div class=\"product-small-box-content display-flex\">\n          <a href=\"https:\/\/www.znakowo.pl\/produkt\/szklo-kolorowe-1-znak-informacyjny-segregacja-smieci-pa061,pa061,4332.html\" class=\"product-small\">\n          <div class=\"product-small-box\">\n              <div class=\"product-small-img\">\n                                    <img decoding=\"async\" src=\"https:\/\/tdc.znakowo.pl\/thumbs\/szklo-kolorowe-1-znak-informacyjny-segregacja-smieci-pa061-9859-4332-160-160-0.jpg\" alt=\"Szk\u0142o kolorowe 1 - znak informacyjny, segregacja \u015bmieci - PA061 - Odpady tekstylne \u2013 zmiany w segregacji odpad\u00f3w 2025\" title=\"Szk\u0142o kolorowe 1 - znak informacyjny, segregacja \u015bmieci - PA061 - Odpady tekstylne \u2013 zmiany w segregacji odpad\u00f3w 2025\" \/>\n              <\/div>\n              <div class=\"product-small-title\">\n                  Szk\u0142o kolorowe 1 - znak informacyjny, segregacja \u015bmieci - PA061              <\/div>\n          <\/div>\n      <\/a>    \n            <a href=\"https:\/\/www.znakowo.pl\/produkt\/szklo-kolorowe-2-znak-informacyjny-segregacja-smieci-pa080,pa080,4336.html\" class=\"product-small\">\n          <div class=\"product-small-box\">\n              <div class=\"product-small-img\">\n                                    <img decoding=\"async\" src=\"https:\/\/tdc.znakowo.pl\/thumbs\/szklo-kolorowe-2-znak-informacyjny-segregacja-smieci-pa080-9863-4336-160-160-0.jpg\" alt=\"Szk\u0142o kolorowe 2 - znak informacyjny, segregacja \u015bmieci - PA080 - Odpady tekstylne \u2013 zmiany w segregacji odpad\u00f3w 2025\" title=\"Szk\u0142o kolorowe 2 - znak informacyjny, segregacja \u015bmieci - PA080 - Odpady tekstylne \u2013 zmiany w segregacji odpad\u00f3w 2025\" \/>\n              <\/div>\n              <div class=\"product-small-title\">\n                  Szk\u0142o kolorowe 2 - znak informacyjny, segregacja \u015bmieci - PA080              <\/div>\n          <\/div>\n      <\/a>    \n        \n    <div class=\"clearfix\"><\/div>    \n<\/div>\n\n\n\n\n<h3 class=\"wp-block-heading\"><span class=\"ez-toc-section\" id=\"Papier_%E2%80%93_kolor_niebieski\"><\/span>Papier \u2013 kolor niebieski<span class=\"ez-toc-section-end\"><\/span><\/h3>\n\n\n\n<div class=\"product-small-box-content display-flex\">\n          <a href=\"https:\/\/www.znakowo.pl\/produkt\/papier-1-znak-informacyjny-segregacja-smieci-pa051,pa051,3941.html\" class=\"product-small\">\n          <div class=\"product-small-box\">\n              <div class=\"product-small-img\">\n                                    <img decoding=\"async\" src=\"https:\/\/tdc.znakowo.pl\/thumbs\/papier-1-znak-informacyjny-segregacja-smieci-pa051-5975-3941-160-160-0.jpg\" alt=\"Papier 1 - znak informacyjny, segregacja \u015bmieci - PA051 - Odpady tekstylne \u2013 zmiany w segregacji odpad\u00f3w 2025\" title=\"Papier 1 - znak informacyjny, segregacja \u015bmieci - PA051 - Odpady tekstylne \u2013 zmiany w segregacji odpad\u00f3w 2025\" \/>\n              <\/div>\n              <div class=\"product-small-title\">\n                  Papier 1 - znak informacyjny, segregacja \u015bmieci - PA051              <\/div>\n          <\/div>\n      <\/a>    \n            <a href=\"https:\/\/www.znakowo.pl\/produkt\/papier-2-znak-informacyjny-segregacja-smieci-pa070,pa070,4017.html\" class=\"product-small\">\n          <div class=\"product-small-box\">\n              <div class=\"product-small-img\">\n                                    <img decoding=\"async\" src=\"https:\/\/tdc.znakowo.pl\/thumbs\/papier-2-znak-informacyjny-segregacja-smieci-pa070-7119-4017-160-160-0.jpg\" alt=\"Papier 2 - znak informacyjny, segregacja \u015bmieci - PA070 - Odpady tekstylne \u2013 zmiany w segregacji odpad\u00f3w 2025\" title=\"Papier 2 - znak informacyjny, segregacja \u015bmieci - PA070 - Odpady tekstylne \u2013 zmiany w segregacji odpad\u00f3w 2025\" \/>\n              <\/div>\n              <div class=\"product-small-title\">\n                  Papier 2 - znak informacyjny, segregacja \u015bmieci - PA070              <\/div>\n          <\/div>\n      <\/a>    \n        \n    <div class=\"clearfix\"><\/div>    \n<\/div>\n\n\n\n\n<p>Niebieskie pojemniki przeznaczone s\u0105 na odpady z papieru i odpady z tektury (np. papierowe i tekturowe opakowania, ksi\u0105\u017cki i zeszyty, czasopisma, gazety, papier biurowy i szkolny).<\/p>\n\n\n\n<h3 class=\"wp-block-heading\"><span class=\"ez-toc-section\" id=\"Odpady_biodegradowalne_%E2%80%93_kolor_brazowy\"><\/span>Odpady biodegradowalne \u2013 kolor br\u0105zowy<span class=\"ez-toc-section-end\"><\/span><\/h3>\n\n\n\n<div class=\"product-small-box-content display-flex\">\n          <a href=\"https:\/\/www.znakowo.pl\/produkt\/bio-1-znak-informacyjny-segregacja-smieci-pa063,pa063,4334.html\" class=\"product-small\">\n          <div class=\"product-small-box\">\n              <div class=\"product-small-img\">\n                                    <img decoding=\"async\" src=\"https:\/\/tdc.znakowo.pl\/thumbs\/bio-1-znak-informacyjny-segregacja-smieci-pa063-9861-4334-160-160-0.jpg\" alt=\"Bio 1 - znak informacyjny, segregacja \u015bmieci - PA063 - Odpady tekstylne \u2013 zmiany w segregacji odpad\u00f3w 2025\" title=\"Bio 1 - znak informacyjny, segregacja \u015bmieci - PA063 - Odpady tekstylne \u2013 zmiany w segregacji odpad\u00f3w 2025\" \/>\n              <\/div>\n              <div class=\"product-small-title\">\n                  Bio 1 - znak informacyjny, segregacja \u015bmieci - PA063              <\/div>\n          <\/div>\n      <\/a>    \n            <a href=\"https:\/\/www.znakowo.pl\/produkt\/bio-2-znak-informacyjny-segregacja-smieci-pa082,pa082,4338.html\" class=\"product-small\">\n          <div class=\"product-small-box\">\n              <div class=\"product-small-img\">\n                                    <img decoding=\"async\" src=\"https:\/\/tdc.znakowo.pl\/thumbs\/bio-2-znak-informacyjny-segregacja-smieci-pa082-9865-4338-160-160-0.jpg\" alt=\"Bio 2 - znak informacyjny, segregacja \u015bmieci - PA082 - Odpady tekstylne \u2013 zmiany w segregacji odpad\u00f3w 2025\" title=\"Bio 2 - znak informacyjny, segregacja \u015bmieci - PA082 - Odpady tekstylne \u2013 zmiany w segregacji odpad\u00f3w 2025\" \/>\n              <\/div>\n              <div class=\"product-small-title\">\n                  Bio 2 - znak informacyjny, segregacja \u015bmieci - PA082              <\/div>\n          <\/div>\n      <\/a>    \n        \n    <div class=\"clearfix\"><\/div>    \n<\/div>\n\n\n\n\n<p>Br\u0105zowe pojemniki przeznaczone s\u0105 na odpady bio (np. resztki jedzenia, obierki oraz inne odpadki warzywne i owocowe, niezaimpregnowane drewno, trociny, li\u015bcie, skoszona trawa).<\/p>\n\n\n\n<h3 class=\"wp-block-heading\"><span class=\"ez-toc-section\" id=\"Odpady_zmieszane_inne_%E2%80%93_kolor_czarny\"><\/span>Odpady zmieszane (inne) \u2013 kolor czarny<span class=\"ez-toc-section-end\"><\/span><\/h3>\n\n\n\n<div class=\"product-small-box-content display-flex\">\n          <a href=\"https:\/\/www.znakowo.pl\/produkt\/inne-1-znak-informacyjny-segregacja-smieci-pa055,pa055,3945.html\" class=\"product-small\">\n          <div class=\"product-small-box\">\n              <div class=\"product-small-img\">\n                                    <img decoding=\"async\" src=\"https:\/\/tdc.znakowo.pl\/thumbs\/inne-1-znak-informacyjny-segregacja-smieci-pa055-5982-3945-160-160-0.jpg\" alt=\"Inne 1 - znak informacyjny, segregacja \u015bmieci - PA055 - Odpady tekstylne \u2013 zmiany w segregacji odpad\u00f3w 2025\" title=\"Inne 1 - znak informacyjny, segregacja \u015bmieci - PA055 - Odpady tekstylne \u2013 zmiany w segregacji odpad\u00f3w 2025\" \/>\n              <\/div>\n              <div class=\"product-small-title\">\n                  Inne 1 - znak informacyjny, segregacja \u015bmieci - PA055              <\/div>\n          <\/div>\n      <\/a>    \n            <a href=\"https:\/\/www.znakowo.pl\/produkt\/inne-2-znak-informacyjny-segregacja-smieci-pa074,pa074,4021.html\" class=\"product-small\">\n          <div class=\"product-small-box\">\n              <div class=\"product-small-img\">\n                                    <img decoding=\"async\" src=\"https:\/\/tdc.znakowo.pl\/thumbs\/inne-2-znak-informacyjny-segregacja-smieci-pa074-7123-4021-160-160-0.jpg\" alt=\"Inne 2 - znak informacyjny, segregacja \u015bmieci - PA074 - Odpady tekstylne \u2013 zmiany w segregacji odpad\u00f3w 2025\" title=\"Inne 2 - znak informacyjny, segregacja \u015bmieci - PA074 - Odpady tekstylne \u2013 zmiany w segregacji odpad\u00f3w 2025\" \/>\n              <\/div>\n              <div class=\"product-small-title\">\n                  Inne 2 - znak informacyjny, segregacja \u015bmieci - PA074              <\/div>\n          <\/div>\n      <\/a>    \n        \n    <div class=\"clearfix\"><\/div>    \n<\/div>\n\n\n\n\n<p>Czarne pojemniki przeznaczone s\u0105 na odpady, kt\u00f3rych nie mo\u017cna podda\u0107 recyklingowi. Nie dotyczy to odpad\u00f3w niebezpiecznych, np. elektro\u015bmieci, a od stycznia 2025 r. \u2013 tak\u017ce tekstyli\u00f3w.<\/p>\n\n\n\n<h2 class=\"wp-block-heading\"><span class=\"ez-toc-section\" id=\"Co_to_sa_odpady_tekstylne\"><\/span>Co to s\u0105 odpady tekstylne?<span class=\"ez-toc-section-end\"><\/span><\/h2>\n\n\n\n<p>Odpady tekstylne to m.in.:<\/p>\n\n\n\n<ul class=\"wp-block-list\">\n<li>odzie\u017c,<\/li>\n\n\n\n<li>bielizna,<\/li>\n\n\n\n<li>kurtki,<\/li>\n\n\n\n<li>galanteria sk\u00f3rzana,<\/li>\n\n\n\n<li>torebki i plecaki,<\/li>\n\n\n\n<li>pluszowe zabawki,<\/li>\n\n\n\n<li>portfele,<\/li>\n\n\n\n<li>dywany,<\/li>\n\n\n\n<li>po\u015bciele,<\/li>\n\n\n\n<li>tekstylia domowe, np. \u015bcierki, r\u0119czniki, firany, obrusy.<\/li>\n<\/ul>\n\n\n\n<h2 class=\"wp-block-heading\"><span class=\"ez-toc-section\" id=\"Gdzie_wyrzucac_odpady_tekstylne\"><\/span>Gdzie wyrzuca\u0107 odpady tekstylne?<span class=\"ez-toc-section-end\"><\/span><\/h2>\n\n\n\n<p>Ze wzgl\u0119du na obowi\u0105zek selektywnego zbierania tekstyli\u00f3w, tego typu odpady nie powinny by\u0107 wrzucane do pojemnika z odpadami zmieszanymi. Jednocze\u015bnie nie przewiduje si\u0119, by w altankach \u015bmietnikowych pojawi\u0142y si\u0119 kub\u0142y na now\u0105 frakcj\u0119. <strong>Co wi\u0119c zrobi\u0107 o ze star\u0105 odzie\u017c\u0105 lub butami?<\/strong><\/p>\n\n\n\n<ul class=\"wp-block-list\">\n<li>Bezp\u0142atnie odda\u0107 do PSZOK-u (Punktu Selektywnego Zbierania Odpad\u00f3w).<\/li>\n\n\n\n<li>Wrzuci\u0107 do specjalnego kontenera na tekstylia (je\u015bli takowe znajduj\u0105 si\u0119&nbsp;na terenie miasta\/gminy \u2013 warto sprawdzi\u0107 to na stronie internetowej).<\/li>\n\n\n\n<li>Zostawi\u0107 wybranych sklepach odzie\u017cowych.<\/li>\n\n\n\n<li>Odda\u0107 na cele charytatywne (o ile odzie\u017c jest niezniszczona).<\/li>\n<\/ul>\n","protected":false},"excerpt":{"rendered":"<p>Od pierwszego stycznia 2025 r. obowi\u0105zuj\u0105 nowe zasady segregacji odpad\u00f3w. Wprowadzona zosta\u0142a nowa frakcja \u2013 odpady tekstylne. Gdzie nale\u017cy wyrzuca\u0107 star\u0105 odzie\u017c?<\/p>\n","protected":false},"author":3,"featured_media":7408,"comment_status":"closed","ping_status":"closed","sticky":false,"template":"","format":"standard","meta":{"_acf_changed":false,"footnotes":""},"categories":[1],"tags":[],"class_list":["post-7393","post","type-post","status-publish","format-standard","has-post-thumbnail","hentry","category-przepisy-ustawy"],"acf":[],"yoast_head":"<!-- This site is optimized with the Yoast SEO plugin v27.4 - https:\/\/yoast.com\/product\/yoast-seo-wordpress\/ -->\n<title>Gdzie wyrzuca\u0107 odpady tekstylne - zmiany w segregacji odpad\u00f3w<\/title>\n<meta name=\"description\" content=\"Zmiany w segregacji odpad\u00f3w 2025: sprawd\u017a, gdzie nale\u017cy wyrzuca\u0107 odpady tekstylne, w tym star\u0105 odzie\u017c i obuwie.\" \/>\n<meta name=\"robots\" content=\"index, follow, max-snippet:-1, max-image-preview:large, max-video-preview:-1\" \/>\n<link rel=\"canonical\" href=\"https:\/\/www.znakowo.pl\/blog\/gdzie-wyrzucac-odpady-tekstylne\/\" \/>\n<meta property=\"og:locale\" content=\"pl_PL\" \/>\n<meta property=\"og:type\" content=\"article\" \/>\n<meta property=\"og:title\" content=\"Gdzie wyrzuca\u0107 odpady tekstylne - zmiany w segregacji odpad\u00f3w\" \/>\n<meta property=\"og:description\" content=\"Zmiany w segregacji odpad\u00f3w 2025: sprawd\u017a, gdzie nale\u017cy wyrzuca\u0107 odpady tekstylne, w tym star\u0105 odzie\u017c i obuwie.\" \/>\n<meta property=\"og:url\" content=\"https:\/\/www.znakowo.pl\/blog\/gdzie-wyrzucac-odpady-tekstylne\/\" \/>\n<meta property=\"og:site_name\" content=\"Blog znakowo.pl\" \/>\n<meta property=\"article:publisher\" content=\"https:\/\/www.facebook.com\/Znakowo\/\" \/>\n<meta property=\"article:published_time\" content=\"2025-02-13T13:37:47+00:00\" \/>\n<meta property=\"article:modified_time\" content=\"2025-02-13T13:41:31+00:00\" \/>\n<meta property=\"og:image\" content=\"https:\/\/www.znakowo.pl\/blog\/wp-content\/uploads\/2025\/02\/recycling-symbol-made-from-jeans-scaled.jpg\" \/>\n\t<meta property=\"og:image:width\" content=\"2560\" \/>\n\t<meta property=\"og:image:height\" content=\"1707\" \/>\n\t<meta property=\"og:image:type\" content=\"image\/jpeg\" \/>\n<meta name=\"author\" content=\"Julita Krzemi\u0144ska\" \/>\n<meta name=\"twitter:card\" content=\"summary_large_image\" \/>\n<meta name=\"twitter:label1\" content=\"Napisane przez\" \/>\n\t<meta name=\"twitter:data1\" content=\"Julita Krzemi\u0144ska\" \/>\n\t<meta name=\"twitter:label2\" content=\"Szacowany czas czytania\" \/>\n\t<meta name=\"twitter:data2\" content=\"3 minuty\" \/>\n<script type=\"application\/ld+json\" class=\"yoast-schema-graph\">{\"@context\":\"https:\\\/\\\/schema.org\",\"@graph\":[{\"@type\":\"Article\",\"@id\":\"https:\\\/\\\/www.znakowo.pl\\\/blog\\\/gdzie-wyrzucac-odpady-tekstylne\\\/#article\",\"isPartOf\":{\"@id\":\"https:\\\/\\\/www.znakowo.pl\\\/blog\\\/gdzie-wyrzucac-odpady-tekstylne\\\/\"},\"author\":{\"name\":\"Julita Krzemi\u0144ska\",\"@id\":\"https:\\\/\\\/www.znakowo.pl\\\/blog\\\/#\\\/schema\\\/person\\\/a29ddb53515b4cfd337f1582146267d9\"},\"headline\":\"Odpady tekstylne \u2013 zmiany w segregacji odpad\u00f3w 2025\",\"datePublished\":\"2025-02-13T13:37:47+00:00\",\"dateModified\":\"2025-02-13T13:41:31+00:00\",\"mainEntityOfPage\":{\"@id\":\"https:\\\/\\\/www.znakowo.pl\\\/blog\\\/gdzie-wyrzucac-odpady-tekstylne\\\/\"},\"wordCount\":482,\"publisher\":{\"@id\":\"https:\\\/\\\/www.znakowo.pl\\\/blog\\\/#organization\"},\"image\":{\"@id\":\"https:\\\/\\\/www.znakowo.pl\\\/blog\\\/gdzie-wyrzucac-odpady-tekstylne\\\/#primaryimage\"},\"thumbnailUrl\":\"https:\\\/\\\/www.znakowo.pl\\\/blog\\\/wp-content\\\/uploads\\\/2025\\\/02\\\/recycling-symbol-made-from-jeans-scaled.jpg\",\"articleSection\":[\"Przepisy, ustawy\"],\"inLanguage\":\"pl-PL\"},{\"@type\":\"WebPage\",\"@id\":\"https:\\\/\\\/www.znakowo.pl\\\/blog\\\/gdzie-wyrzucac-odpady-tekstylne\\\/\",\"url\":\"https:\\\/\\\/www.znakowo.pl\\\/blog\\\/gdzie-wyrzucac-odpady-tekstylne\\\/\",\"name\":\"Gdzie wyrzuca\u0107 odpady tekstylne - zmiany w segregacji odpad\u00f3w\",\"isPartOf\":{\"@id\":\"https:\\\/\\\/www.znakowo.pl\\\/blog\\\/#website\"},\"primaryImageOfPage\":{\"@id\":\"https:\\\/\\\/www.znakowo.pl\\\/blog\\\/gdzie-wyrzucac-odpady-tekstylne\\\/#primaryimage\"},\"image\":{\"@id\":\"https:\\\/\\\/www.znakowo.pl\\\/blog\\\/gdzie-wyrzucac-odpady-tekstylne\\\/#primaryimage\"},\"thumbnailUrl\":\"https:\\\/\\\/www.znakowo.pl\\\/blog\\\/wp-content\\\/uploads\\\/2025\\\/02\\\/recycling-symbol-made-from-jeans-scaled.jpg\",\"datePublished\":\"2025-02-13T13:37:47+00:00\",\"dateModified\":\"2025-02-13T13:41:31+00:00\",\"description\":\"Zmiany w segregacji odpad\u00f3w 2025: sprawd\u017a, gdzie nale\u017cy wyrzuca\u0107 odpady tekstylne, w tym star\u0105 odzie\u017c i obuwie.\",\"breadcrumb\":{\"@id\":\"https:\\\/\\\/www.znakowo.pl\\\/blog\\\/gdzie-wyrzucac-odpady-tekstylne\\\/#breadcrumb\"},\"inLanguage\":\"pl-PL\",\"potentialAction\":[{\"@type\":\"ReadAction\",\"target\":[\"https:\\\/\\\/www.znakowo.pl\\\/blog\\\/gdzie-wyrzucac-odpady-tekstylne\\\/\"]}]},{\"@type\":\"ImageObject\",\"inLanguage\":\"pl-PL\",\"@id\":\"https:\\\/\\\/www.znakowo.pl\\\/blog\\\/gdzie-wyrzucac-odpady-tekstylne\\\/#primaryimage\",\"url\":\"https:\\\/\\\/www.znakowo.pl\\\/blog\\\/wp-content\\\/uploads\\\/2025\\\/02\\\/recycling-symbol-made-from-jeans-scaled.jpg\",\"contentUrl\":\"https:\\\/\\\/www.znakowo.pl\\\/blog\\\/wp-content\\\/uploads\\\/2025\\\/02\\\/recycling-symbol-made-from-jeans-scaled.jpg\",\"width\":2560,\"height\":1707,\"caption\":\"Odpady tekstylne \u2013 zmiany w segregacji odpadow 2025\"},{\"@type\":\"BreadcrumbList\",\"@id\":\"https:\\\/\\\/www.znakowo.pl\\\/blog\\\/gdzie-wyrzucac-odpady-tekstylne\\\/#breadcrumb\",\"itemListElement\":[{\"@type\":\"ListItem\",\"position\":1,\"name\":\"Strona g\u0142\u00f3wna\",\"item\":\"https:\\\/\\\/www.znakowo.pl\\\/blog\\\/\"},{\"@type\":\"ListItem\",\"position\":2,\"name\":\"Odpady tekstylne \u2013 zmiany w segregacji odpad\u00f3w 2025\"}]},{\"@type\":\"WebSite\",\"@id\":\"https:\\\/\\\/www.znakowo.pl\\\/blog\\\/#website\",\"url\":\"https:\\\/\\\/www.znakowo.pl\\\/blog\\\/\",\"name\":\"Blog znakowo.pl\",\"description\":\"\",\"publisher\":{\"@id\":\"https:\\\/\\\/www.znakowo.pl\\\/blog\\\/#organization\"},\"potentialAction\":[{\"@type\":\"SearchAction\",\"target\":{\"@type\":\"EntryPoint\",\"urlTemplate\":\"https:\\\/\\\/www.znakowo.pl\\\/blog\\\/?s={search_term_string}\"},\"query-input\":{\"@type\":\"PropertyValueSpecification\",\"valueRequired\":true,\"valueName\":\"search_term_string\"}}],\"inLanguage\":\"pl-PL\"},{\"@type\":\"Organization\",\"@id\":\"https:\\\/\\\/www.znakowo.pl\\\/blog\\\/#organization\",\"name\":\"Znakowo.pl\",\"url\":\"https:\\\/\\\/www.znakowo.pl\\\/blog\\\/\",\"logo\":{\"@type\":\"ImageObject\",\"inLanguage\":\"pl-PL\",\"@id\":\"https:\\\/\\\/www.znakowo.pl\\\/blog\\\/#\\\/schema\\\/logo\\\/image\\\/\",\"url\":\"https:\\\/\\\/www.znakowo.pl\\\/blog\\\/wp-content\\\/uploads\\\/2017\\\/05\\\/logo_1.png\",\"contentUrl\":\"https:\\\/\\\/www.znakowo.pl\\\/blog\\\/wp-content\\\/uploads\\\/2017\\\/05\\\/logo_1.png\",\"width\":277,\"height\":94,\"caption\":\"Znakowo.pl\"},\"image\":{\"@id\":\"https:\\\/\\\/www.znakowo.pl\\\/blog\\\/#\\\/schema\\\/logo\\\/image\\\/\"},\"sameAs\":[\"https:\\\/\\\/www.facebook.com\\\/Znakowo\\\/\"]},{\"@type\":\"Person\",\"@id\":\"https:\\\/\\\/www.znakowo.pl\\\/blog\\\/#\\\/schema\\\/person\\\/a29ddb53515b4cfd337f1582146267d9\",\"name\":\"Julita Krzemi\u0144ska\",\"image\":{\"@type\":\"ImageObject\",\"inLanguage\":\"pl-PL\",\"@id\":\"https:\\\/\\\/secure.gravatar.com\\\/avatar\\\/e6adac54b1d18b21f8567cc6208ef43409e661f1070cf8be2e6912306b99d439?s=96&d=mm&r=g\",\"url\":\"https:\\\/\\\/secure.gravatar.com\\\/avatar\\\/e6adac54b1d18b21f8567cc6208ef43409e661f1070cf8be2e6912306b99d439?s=96&d=mm&r=g\",\"contentUrl\":\"https:\\\/\\\/secure.gravatar.com\\\/avatar\\\/e6adac54b1d18b21f8567cc6208ef43409e661f1070cf8be2e6912306b99d439?s=96&d=mm&r=g\",\"caption\":\"Julita Krzemi\u0144ska\"},\"url\":\"https:\\\/\\\/www.znakowo.pl\\\/blog\\\/author\\\/jkrzeminska\\\/\"}]}<\/script>\n<!-- \/ Yoast SEO plugin. -->","yoast_head_json":{"title":"Gdzie wyrzuca\u0107 odpady tekstylne - zmiany w segregacji odpad\u00f3w","description":"Zmiany w segregacji odpad\u00f3w 2025: sprawd\u017a, gdzie nale\u017cy wyrzuca\u0107 odpady tekstylne, w tym star\u0105 odzie\u017c i obuwie.","robots":{"index":"index","follow":"follow","max-snippet":"max-snippet:-1","max-image-preview":"max-image-preview:large","max-video-preview":"max-video-preview:-1"},"canonical":"https:\/\/www.znakowo.pl\/blog\/gdzie-wyrzucac-odpady-tekstylne\/","og_locale":"pl_PL","og_type":"article","og_title":"Gdzie wyrzuca\u0107 odpady tekstylne - zmiany w segregacji odpad\u00f3w","og_description":"Zmiany w segregacji odpad\u00f3w 2025: sprawd\u017a, gdzie nale\u017cy wyrzuca\u0107 odpady tekstylne, w tym star\u0105 odzie\u017c i obuwie.","og_url":"https:\/\/www.znakowo.pl\/blog\/gdzie-wyrzucac-odpady-tekstylne\/","og_site_name":"Blog znakowo.pl","article_publisher":"https:\/\/www.facebook.com\/Znakowo\/","article_published_time":"2025-02-13T13:37:47+00:00","article_modified_time":"2025-02-13T13:41:31+00:00","og_image":[{"width":2560,"height":1707,"url":"https:\/\/www.znakowo.pl\/blog\/wp-content\/uploads\/2025\/02\/recycling-symbol-made-from-jeans-scaled.jpg","type":"image\/jpeg"}],"author":"Julita Krzemi\u0144ska","twitter_card":"summary_large_image","twitter_misc":{"Napisane przez":"Julita Krzemi\u0144ska","Szacowany czas czytania":"3 minuty"},"schema":{"@context":"https:\/\/schema.org","@graph":[{"@type":"Article","@id":"https:\/\/www.znakowo.pl\/blog\/gdzie-wyrzucac-odpady-tekstylne\/#article","isPartOf":{"@id":"https:\/\/www.znakowo.pl\/blog\/gdzie-wyrzucac-odpady-tekstylne\/"},"author":{"name":"Julita Krzemi\u0144ska","@id":"https:\/\/www.znakowo.pl\/blog\/#\/schema\/person\/a29ddb53515b4cfd337f1582146267d9"},"headline":"Odpady tekstylne \u2013 zmiany w segregacji odpad\u00f3w 2025","datePublished":"2025-02-13T13:37:47+00:00","dateModified":"2025-02-13T13:41:31+00:00","mainEntityOfPage":{"@id":"https:\/\/www.znakowo.pl\/blog\/gdzie-wyrzucac-odpady-tekstylne\/"},"wordCount":482,"publisher":{"@id":"https:\/\/www.znakowo.pl\/blog\/#organization"},"image":{"@id":"https:\/\/www.znakowo.pl\/blog\/gdzie-wyrzucac-odpady-tekstylne\/#primaryimage"},"thumbnailUrl":"https:\/\/www.znakowo.pl\/blog\/wp-content\/uploads\/2025\/02\/recycling-symbol-made-from-jeans-scaled.jpg","articleSection":["Przepisy, ustawy"],"inLanguage":"pl-PL"},{"@type":"WebPage","@id":"https:\/\/www.znakowo.pl\/blog\/gdzie-wyrzucac-odpady-tekstylne\/","url":"https:\/\/www.znakowo.pl\/blog\/gdzie-wyrzucac-odpady-tekstylne\/","name":"Gdzie wyrzuca\u0107 odpady tekstylne - zmiany w segregacji odpad\u00f3w","isPartOf":{"@id":"https:\/\/www.znakowo.pl\/blog\/#website"},"primaryImageOfPage":{"@id":"https:\/\/www.znakowo.pl\/blog\/gdzie-wyrzucac-odpady-tekstylne\/#primaryimage"},"image":{"@id":"https:\/\/www.znakowo.pl\/blog\/gdzie-wyrzucac-odpady-tekstylne\/#primaryimage"},"thumbnailUrl":"https:\/\/www.znakowo.pl\/blog\/wp-content\/uploads\/2025\/02\/recycling-symbol-made-from-jeans-scaled.jpg","datePublished":"2025-02-13T13:37:47+00:00","dateModified":"2025-02-13T13:41:31+00:00","description":"Zmiany w segregacji odpad\u00f3w 2025: sprawd\u017a, gdzie nale\u017cy wyrzuca\u0107 odpady tekstylne, w tym star\u0105 odzie\u017c i obuwie.","breadcrumb":{"@id":"https:\/\/www.znakowo.pl\/blog\/gdzie-wyrzucac-odpady-tekstylne\/#breadcrumb"},"inLanguage":"pl-PL","potentialAction":[{"@type":"ReadAction","target":["https:\/\/www.znakowo.pl\/blog\/gdzie-wyrzucac-odpady-tekstylne\/"]}]},{"@type":"ImageObject","inLanguage":"pl-PL","@id":"https:\/\/www.znakowo.pl\/blog\/gdzie-wyrzucac-odpady-tekstylne\/#primaryimage","url":"https:\/\/www.znakowo.pl\/blog\/wp-content\/uploads\/2025\/02\/recycling-symbol-made-from-jeans-scaled.jpg","contentUrl":"https:\/\/www.znakowo.pl\/blog\/wp-content\/uploads\/2025\/02\/recycling-symbol-made-from-jeans-scaled.jpg","width":2560,"height":1707,"caption":"Odpady tekstylne \u2013 zmiany w segregacji odpadow 2025"},{"@type":"BreadcrumbList","@id":"https:\/\/www.znakowo.pl\/blog\/gdzie-wyrzucac-odpady-tekstylne\/#breadcrumb","itemListElement":[{"@type":"ListItem","position":1,"name":"Strona g\u0142\u00f3wna","item":"https:\/\/www.znakowo.pl\/blog\/"},{"@type":"ListItem","position":2,"name":"Odpady tekstylne \u2013 zmiany w segregacji odpad\u00f3w 2025"}]},{"@type":"WebSite","@id":"https:\/\/www.znakowo.pl\/blog\/#website","url":"https:\/\/www.znakowo.pl\/blog\/","name":"Blog znakowo.pl","description":"","publisher":{"@id":"https:\/\/www.znakowo.pl\/blog\/#organization"},"potentialAction":[{"@type":"SearchAction","target":{"@type":"EntryPoint","urlTemplate":"https:\/\/www.znakowo.pl\/blog\/?s={search_term_string}"},"query-input":{"@type":"PropertyValueSpecification","valueRequired":true,"valueName":"search_term_string"}}],"inLanguage":"pl-PL"},{"@type":"Organization","@id":"https:\/\/www.znakowo.pl\/blog\/#organization","name":"Znakowo.pl","url":"https:\/\/www.znakowo.pl\/blog\/","logo":{"@type":"ImageObject","inLanguage":"pl-PL","@id":"https:\/\/www.znakowo.pl\/blog\/#\/schema\/logo\/image\/","url":"https:\/\/www.znakowo.pl\/blog\/wp-content\/uploads\/2017\/05\/logo_1.png","contentUrl":"https:\/\/www.znakowo.pl\/blog\/wp-content\/uploads\/2017\/05\/logo_1.png","width":277,"height":94,"caption":"Znakowo.pl"},"image":{"@id":"https:\/\/www.znakowo.pl\/blog\/#\/schema\/logo\/image\/"},"sameAs":["https:\/\/www.facebook.com\/Znakowo\/"]},{"@type":"Person","@id":"https:\/\/www.znakowo.pl\/blog\/#\/schema\/person\/a29ddb53515b4cfd337f1582146267d9","name":"Julita Krzemi\u0144ska","image":{"@type":"ImageObject","inLanguage":"pl-PL","@id":"https:\/\/secure.gravatar.com\/avatar\/e6adac54b1d18b21f8567cc6208ef43409e661f1070cf8be2e6912306b99d439?s=96&d=mm&r=g","url":"https:\/\/secure.gravatar.com\/avatar\/e6adac54b1d18b21f8567cc6208ef43409e661f1070cf8be2e6912306b99d439?s=96&d=mm&r=g","contentUrl":"https:\/\/secure.gravatar.com\/avatar\/e6adac54b1d18b21f8567cc6208ef43409e661f1070cf8be2e6912306b99d439?s=96&d=mm&r=g","caption":"Julita Krzemi\u0144ska"},"url":"https:\/\/www.znakowo.pl\/blog\/author\/jkrzeminska\/"}]}},"_links":{"self":[{"href":"https:\/\/www.znakowo.pl\/blog\/wp-json\/wp\/v2\/posts\/7393","targetHints":{"allow":["GET"]}}],"collection":[{"href":"https:\/\/www.znakowo.pl\/blog\/wp-json\/wp\/v2\/posts"}],"about":[{"href":"https:\/\/www.znakowo.pl\/blog\/wp-json\/wp\/v2\/types\/post"}],"author":[{"embeddable":true,"href":"https:\/\/www.znakowo.pl\/blog\/wp-json\/wp\/v2\/users\/3"}],"replies":[{"embeddable":true,"href":"https:\/\/www.znakowo.pl\/blog\/wp-json\/wp\/v2\/comments?post=7393"}],"version-history":[{"count":4,"href":"https:\/\/www.znakowo.pl\/blog\/wp-json\/wp\/v2\/posts\/7393\/revisions"}],"predecessor-version":[{"id":7412,"href":"https:\/\/www.znakowo.pl\/blog\/wp-json\/wp\/v2\/posts\/7393\/revisions\/7412"}],"wp:featuredmedia":[{"embeddable":true,"href":"https:\/\/www.znakowo.pl\/blog\/wp-json\/wp\/v2\/media\/7408"}],"wp:attachment":[{"href":"https:\/\/www.znakowo.pl\/blog\/wp-json\/wp\/v2\/media?parent=7393"}],"wp:term":[{"taxonomy":"category","embeddable":true,"href":"https:\/\/www.znakowo.pl\/blog\/wp-json\/wp\/v2\/categories?post=7393"},{"taxonomy":"post_tag","embeddable":true,"href":"https:\/\/www.znakowo.pl\/blog\/wp-json\/wp\/v2\/tags?post=7393"}],"curies":[{"name":"wp","href":"https:\/\/api.w.org\/{rel}","templated":true}]}}