{"id":7736,"date":"2025-04-24T15:14:45","date_gmt":"2025-04-24T13:14:45","guid":{"rendered":"https:\/\/www.znakowo.pl\/blog\/?p=7736"},"modified":"2025-05-07T13:54:11","modified_gmt":"2025-05-07T11:54:11","slug":"ostrzezenie-przed-promieniowaniem-optycznym","status":"publish","type":"post","link":"https:\/\/www.znakowo.pl\/blog\/ostrzezenie-przed-promieniowaniem-optycznym\/","title":{"rendered":"Ostrze\u017cenie przed promieniowaniem optycznym \u2013 oznakowanie"},"content":{"rendered":"\n<p>Ostrze\u017cenie przed promieniowaniem optycznym \u2013 jaki znak BHP ostrzega przed zagro\u017ceniem zwi\u0105zanym z ryzykiem ekspozycji na promieniowanie optyczne?<\/p>\n\n\n<p><!--more--><\/p>\n\n\n<p>Promieniowanie optyczne to promieniowanie elektromagnetyczne o d\u0142ugo\u015bci fali w przedziale od 100 nm do 1mm. Wyst\u0119puje jako:<\/p>\n\n\n\n<ul class=\"wp-block-list\">\n<li>promieniowanie nadfioletowe (UV): od 100 do 400 nm;<\/li>\n\n\n\n<li>promieniowanie widzialne (VIS), czyli \u015bwiat\u0142o: od 380 do 780 nm;<\/li>\n\n\n\n<li>promieniowanie podczerwone (IR): od 780 nm do 1mm.<\/li>\n<\/ul>\n\n\n\n<div id=\"ez-toc-container\" class=\"ez-toc-v2_0_82_2 counter-hierarchy ez-toc-counter ez-toc-grey ez-toc-container-direction\">\n<div class=\"ez-toc-title-container\">\n<p class=\"ez-toc-title\" style=\"cursor:inherit\">Spis tre\u015bci<\/p>\n<span class=\"ez-toc-title-toggle\"><a href=\"#\" class=\"ez-toc-pull-right ez-toc-btn ez-toc-btn-xs ez-toc-btn-default ez-toc-toggle\" aria-label=\"Prze\u0142\u0105cznik Spisu Tre\u015bci\"><span class=\"ez-toc-js-icon-con\"><span class=\"\"><span class=\"eztoc-hide\" style=\"display:none;\">Toggle<\/span><span class=\"ez-toc-icon-toggle-span\"><svg style=\"fill: #999;color:#999\" xmlns=\"http:\/\/www.w3.org\/2000\/svg\" class=\"list-377408\" width=\"20px\" height=\"20px\" viewBox=\"0 0 24 24\" fill=\"none\"><path d=\"M6 6H4v2h2V6zm14 0H8v2h12V6zM4 11h2v2H4v-2zm16 0H8v2h12v-2zM4 16h2v2H4v-2zm16 0H8v2h12v-2z\" fill=\"currentColor\"><\/path><\/svg><svg style=\"fill: #999;color:#999\" class=\"arrow-unsorted-368013\" xmlns=\"http:\/\/www.w3.org\/2000\/svg\" width=\"10px\" height=\"10px\" viewBox=\"0 0 24 24\" version=\"1.2\" baseProfile=\"tiny\"><path d=\"M18.2 9.3l-6.2-6.3-6.2 6.3c-.2.2-.3.4-.3.7s.1.5.3.7c.2.2.4.3.7.3h11c.3 0 .5-.1.7-.3.2-.2.3-.5.3-.7s-.1-.5-.3-.7zM5.8 14.7l6.2 6.3 6.2-6.3c.2-.2.3-.5.3-.7s-.1-.5-.3-.7c-.2-.2-.4-.3-.7-.3h-11c-.3 0-.5.1-.7.3-.2.2-.3.5-.3.7s.1.5.3.7z\"\/><\/svg><\/span><\/span><\/span><\/a><\/span><\/div>\n<nav><ul class='ez-toc-list ez-toc-list-level-1 ' ><li class='ez-toc-page-1 ez-toc-heading-level-2'><a class=\"ez-toc-link ez-toc-heading-1\" href=\"https:\/\/www.znakowo.pl\/blog\/ostrzezenie-przed-promieniowaniem-optycznym\/#Zrodla_promieniowania_optycznego\" >\u0179r\u00f3d\u0142a promieniowania optycznego<\/a><\/li><li class='ez-toc-page-1 ez-toc-heading-level-2'><a class=\"ez-toc-link ez-toc-heading-2\" href=\"https:\/\/www.znakowo.pl\/blog\/ostrzezenie-przed-promieniowaniem-optycznym\/#Zagrozenie_promieniowaniem_optycznym\" >Zagro\u017cenie promieniowaniem optycznym<\/a><\/li><li class='ez-toc-page-1 ez-toc-heading-level-2'><a class=\"ez-toc-link ez-toc-heading-3\" href=\"https:\/\/www.znakowo.pl\/blog\/ostrzezenie-przed-promieniowaniem-optycznym\/#Ostrzezenie_przed_promieniowaniem_optycznym_%E2%80%93_znaki_BHP\" >Ostrze\u017cenie przed promieniowaniem optycznym \u2013 znaki BHP<\/a><ul class='ez-toc-list-level-3' ><li class='ez-toc-heading-level-3'><a class=\"ez-toc-link ez-toc-heading-4\" href=\"https:\/\/www.znakowo.pl\/blog\/ostrzezenie-przed-promieniowaniem-optycznym\/#Promieniowanie_optyczne\" >Promieniowanie optyczne<\/a><\/li><li class='ez-toc-page-1 ez-toc-heading-level-3'><a class=\"ez-toc-link ez-toc-heading-5\" href=\"https:\/\/www.znakowo.pl\/blog\/ostrzezenie-przed-promieniowaniem-optycznym\/#Promieniowanie_UV\" >Promieniowanie UV<\/a><\/li><\/ul><\/li><\/ul><\/nav><\/div>\n<h2 class=\"wp-block-heading\"><span class=\"ez-toc-section\" id=\"Zrodla_promieniowania_optycznego\"><\/span>\u0179r\u00f3d\u0142a promieniowania optycznego<span class=\"ez-toc-section-end\"><\/span><\/h2>\n\n\n\n<p>Zgodnie z rozporz\u0105dzeniem dotycz\u0105cym bezpiecze\u0144stwa i higieny pracy przy pracach zwi\u0105zanych z ekspozycj\u0105 na promieniowanie optyczne za \u017ar\u00f3d\u0142a promieniowania optycznego \u2013 w przypadku promieniowania nielaserowego \u2013 uznaje si\u0119:<\/p>\n\n\n\n<ul class=\"wp-block-list\">\n<li>\u017ar\u00f3d\u0142a elektryczne \u2013 w szczeg\u00f3lno\u015bci promienniki nadfioletu (UV), podczerwieni (IR), \u017car\u00f3wki, \u015bwietl\u00f3wki, lampy metalohalogenkowe, rt\u0119ciowe, ksenonowe, deuterowe i inne;<\/li>\n\n\n\n<li>\u017ar\u00f3d\u0142a luminescencyjne i termiczne, kt\u00f3re emituj\u0105 promieniowanie optyczne jako produkt uboczny wykonywanego procesu technologicznego \u2013 w szczeg\u00f3lno\u015bci \u0142uki elektryczne, palniki plazmowe i gazowe, paleniska, piece, roztopione metale lub inne materia\u0142y oraz wszelkie obiekt rozgrzane do wysokiej temperatury.<\/li>\n<\/ul>\n\n\n\n<h2 class=\"wp-block-heading\"><span class=\"ez-toc-section\" id=\"Zagrozenie_promieniowaniem_optycznym\"><\/span>Zagro\u017cenie promieniowaniem optycznym<span class=\"ez-toc-section-end\"><\/span><\/h2>\n\n\n\n<p>Promieniowanie optyczne jest powszechnie stosowane w r\u00f3\u017cnych bran\u017cach. Znajduje zastosowanie m.in. w przemy\u015ble, medycynie, kosmetyce. &nbsp;Mo\u017ce jednak stanowi\u0107 zagro\u017cenie dla zdrowia \u2013 szczeg\u00f3lnie w przypadku d\u0142ugotrwa\u0142ej lub intensywnej ekspozycji. W zale\u017cno\u015bci od r\u00f3\u017cnych czynnik\u00f3w (m.in. poziomu promieniowania, d\u0142ugo\u015bci fali promieniowania, czasu ekspozycji na promieniowanie) mo\u017ce powodowa\u0107 uszkodzenia oczu lub sk\u00f3ry (m.in. poparzenia, za\u0107ma fotochemiczna, zapalenie spoj\u00f3wek, fotochemiczne uszkodzenia siatk\u00f3wki).<\/p>\n\n\n\n<p>Przy pracach zwi\u0105zanych z ekspozycj\u0105 na promieniowanie optyczne wa\u017cne jest przestrzeganie norm BHP, stosowanie odpowiednich \u015brodk\u00f3w ochrony, a tak\u017ce stosowanie odpowiednich znak\u00f3w wyra\u017caj\u0105cych ostrze\u017cenie przed promieniowaniem optycznym.<\/p>\n\n\n\n<h2 class=\"wp-block-heading\"><span class=\"ez-toc-section\" id=\"Ostrzezenie_przed_promieniowaniem_optycznym_%E2%80%93_znaki_BHP\"><\/span>Ostrze\u017cenie przed promieniowaniem optycznym \u2013 znaki BHP<span class=\"ez-toc-section-end\"><\/span><\/h2>\n\n\n\n<p>Znaki ostrzegawcze BHP wskazuj\u0105 na wyst\u0119puj\u0105ce lub mog\u0105ce wyst\u0119powa\u0107 w danym miejscu zagro\u017cenie, dzi\u0119ki czemu pracownicy i osoby przebywaj\u0105ce w strefie zagro\u017cenia mog\u0105 podj\u0105\u0107 odpowiednie \u015brodki ostro\u017cno\u015bci.<\/p>\n\n\n\n<h3 class=\"wp-block-heading\"><span class=\"ez-toc-section\" id=\"Promieniowanie_optyczne\"><\/span>Promieniowanie optyczne<span class=\"ez-toc-section-end\"><\/span><\/h3>\n\n\n\n<div class=\"product-small-box-content display-flex\">\n          <a href=\"https:\/\/www.znakowo.pl\/produkt\/ostrzezenie-przed-promieniowaniem-optycznym-znak-bhp-ostrzegajacy-gdw027,gdw027,3720.html\" class=\"product-small\">\n          <div class=\"product-small-box\">\n              <div class=\"product-small-img\">\n                                    <img decoding=\"async\" src=\"https:\/\/tdc.znakowo.pl\/thumbs\/ostrzezenie-przed-promieniowaniem-optycznym-znak-bhp-ostrzegajacy-gdw027-4465-3720-160-160-0.jpg\" alt=\"Ostrze\u017cenie przed promieniowaniem optycznym - znak bhp ostrzegaj\u0105cy - GDW027 - Ostrze\u017cenie przed promieniowaniem optycznym \u2013 oznakowanie\" title=\"Ostrze\u017cenie przed promieniowaniem optycznym - znak bhp ostrzegaj\u0105cy - GDW027 - Ostrze\u017cenie przed promieniowaniem optycznym \u2013 oznakowanie\" \/>\n              <\/div>\n              <div class=\"product-small-title\">\n                  Ostrze\u017cenie przed promieniowaniem optycznym - znak bhp ostrzegaj\u0105cy - GDW027              <\/div>\n          <\/div>\n      <\/a>    \n            <a href=\"https:\/\/www.znakowo.pl\/produkt\/uwaga-promieniowanie-optyczne-znak-bhp-ostrzegajacy-informujacy-gf063,gf063,3926.html\" class=\"product-small\">\n          <div class=\"product-small-box\">\n              <div class=\"product-small-img\">\n                                    <img decoding=\"async\" src=\"https:\/\/tdc.znakowo.pl\/thumbs\/uwaga-promieniowanie-optyczne-znak-bhp-ostrzegajacy-informujacy-gf063-7550-3926-160-160-0.jpg\" alt=\"Uwaga! Promieniowanie optyczne - znak bhp ostrzegaj\u0105cy, informuj\u0105cy - GF063 - Ostrze\u017cenie przed promieniowaniem optycznym \u2013 oznakowanie\" title=\"Uwaga! Promieniowanie optyczne - znak bhp ostrzegaj\u0105cy, informuj\u0105cy - GF063 - Ostrze\u017cenie przed promieniowaniem optycznym \u2013 oznakowanie\" \/>\n              <\/div>\n              <div class=\"product-small-title\">\n                  Uwaga! Promieniowanie optyczne - znak bhp ostrzegaj\u0105cy, informuj\u0105cy - GF063              <\/div>\n          <\/div>\n      <\/a>    \n        \n    <div class=\"clearfix\"><\/div>    \n<\/div>\n\n\n\n\n<p>Znak BHP wyra\u017caj\u0105cy ostrze\u017cenie przed promieniowaniem optycznym to \u017c\u00f3\u0142ty tr\u00f3jk\u0105t z czarn\u0105 obw\u00f3dk\u0105 i czarnym piktogramem \u2013 grafika przedstawia punkt emituj\u0105cy promienie rozchodz\u0105ce si\u0119 na boki (przypomina s\u0142o\u0144ce). Znak mo\u017ce wyst\u0119powa\u0107 w wersji z opisem \u2013 w\u00f3wczas pod tr\u00f3jk\u0105tem z piktogramem znajduje si\u0119 dodatkowo kr\u00f3tka informacja s\u0142owna (Uwaga! Promieniowanie optyczne).<\/p>\n\n\n\n<h3 class=\"wp-block-heading\"><span class=\"ez-toc-section\" id=\"Promieniowanie_UV\"><\/span>Promieniowanie UV<span class=\"ez-toc-section-end\"><\/span><\/h3>\n\n\n\n<div class=\"product-small-box-content display-flex\">\n          <a href=\"https:\/\/www.znakowo.pl\/produkt\/uwaga-promieniowanie-nadfioletowe-znak-bhp-ostrzegajacy-informujacy-ge018,ge018,2796.html\" class=\"product-small\">\n          <div class=\"product-small-box\">\n              <div class=\"product-small-img\">\n                                    <img decoding=\"async\" src=\"https:\/\/tdc.znakowo.pl\/thumbs\/uwaga-promieniowanie-nadfioletowe-znak-bhp-ostrzegajacy-informujacy-ge018-2729-2796-160-160-0.jpg\" alt=\"Uwaga ! Promieniowanie nadfioletowe - znak bhp ostrzegaj\u0105cy, informuj\u0105cy - GE018 - Ostrze\u017cenie przed promieniowaniem optycznym \u2013 oznakowanie\" title=\"Uwaga ! Promieniowanie nadfioletowe - znak bhp ostrzegaj\u0105cy, informuj\u0105cy - GE018 - Ostrze\u017cenie przed promieniowaniem optycznym \u2013 oznakowanie\" \/>\n              <\/div>\n              <div class=\"product-small-title\">\n                  Uwaga ! Promieniowanie nadfioletowe - znak bhp ostrzegaj\u0105cy, informuj\u0105cy - GE018              <\/div>\n          <\/div>\n      <\/a>    \n            <a href=\"https:\/\/www.znakowo.pl\/produkt\/uwaga-promieniowanie-nadfioletowe-znak-bhp-ostrzegajacy-informujacy-gf048,gf048,2804.html\" class=\"product-small\">\n          <div class=\"product-small-box\">\n              <div class=\"product-small-img\">\n                                    <img decoding=\"async\" src=\"https:\/\/tdc.znakowo.pl\/thumbs\/uwaga-promieniowanie-nadfioletowe-znak-bhp-ostrzegajacy-informujacy-gf048-7545-2804-160-160-0.jpg\" alt=\"Uwaga ! Promieniowanie nadfioletowe - znak bhp ostrzegaj\u0105cy, informuj\u0105cy - GF048 - Ostrze\u017cenie przed promieniowaniem optycznym \u2013 oznakowanie\" title=\"Uwaga ! Promieniowanie nadfioletowe - znak bhp ostrzegaj\u0105cy, informuj\u0105cy - GF048 - Ostrze\u017cenie przed promieniowaniem optycznym \u2013 oznakowanie\" \/>\n              <\/div>\n              <div class=\"product-small-title\">\n                  Uwaga ! Promieniowanie nadfioletowe - znak bhp ostrzegaj\u0105cy, informuj\u0105cy - GF048              <\/div>\n          <\/div>\n      <\/a>    \n        \n    <div class=\"clearfix\"><\/div>    \n<\/div>\n\n\n\n\n<p>W miejscach, w kt\u00f3rych wyst\u0119puje zagro\u017cenie zwi\u0105zane z promieniowaniem ultrafioletowym, stosuje si\u0119 znak ostrzegaj\u0105cy przed tym konkretnym typem promieniowania. To tak\u017ce, jak pozosta\u0142e <a href=\"https:\/\/www.znakowo.pl\/znaki-ostrzegawcze-bhp\/\">znaki ostrzegawcze BHP<\/a>, \u017c\u00f3\u0142ty tr\u00f3jk\u0105t z czarn\u0105 obw\u00f3dk\u0105 i czarnym piktogramem. Na znaku znajduje si\u0119 symbol promieniowania, czyli litery UV. R\u00f3wnie\u017c znak ostrzegaj\u0105cy przed promieniowaniem UV mo\u017ce wyst\u0119powa\u0107 w wersji z opisem.<\/p>\n","protected":false},"excerpt":{"rendered":"<p>Ostrze\u017cenie przed promieniowaniem optycznym \u2013 jaki znak BHP ostrzega przed zagro\u017ceniem zwi\u0105zanym z ryzykiem ekspozycji na promieniowanie optyczne?<\/p>\n","protected":false},"author":3,"featured_media":7740,"comment_status":"closed","ping_status":"closed","sticky":false,"template":"","format":"standard","meta":{"_acf_changed":false,"footnotes":""},"categories":[118],"tags":[],"class_list":["post-7736","post","type-post","status-publish","format-standard","has-post-thumbnail","hentry","category-oznakowanie-obiektow"],"acf":[],"yoast_head":"<!-- This site is optimized with the Yoast SEO plugin v27.4 - https:\/\/yoast.com\/product\/yoast-seo-wordpress\/ -->\n<title>Ostrze\u017cenie przed promieniowaniem optycznym \u2013 oznakowanie<\/title>\n<meta name=\"description\" content=\"Ostrze\u017cenie przed promieniowaniem optycznym: jakie znaki BHP ostrzegaj\u0105 przed zagro\u017ceniem zwi\u0105zanym z ekspozycj\u0105 na promieniowanie optyczne?\" \/>\n<meta name=\"robots\" content=\"index, follow, max-snippet:-1, max-image-preview:large, max-video-preview:-1\" \/>\n<link rel=\"canonical\" href=\"https:\/\/www.znakowo.pl\/blog\/ostrzezenie-przed-promieniowaniem-optycznym\/\" \/>\n<meta property=\"og:locale\" content=\"pl_PL\" \/>\n<meta property=\"og:type\" content=\"article\" \/>\n<meta property=\"og:title\" content=\"Ostrze\u017cenie przed promieniowaniem optycznym \u2013 oznakowanie\" \/>\n<meta property=\"og:description\" content=\"Ostrze\u017cenie przed promieniowaniem optycznym: jakie znaki BHP ostrzegaj\u0105 przed zagro\u017ceniem zwi\u0105zanym z ekspozycj\u0105 na promieniowanie optyczne?\" \/>\n<meta property=\"og:url\" content=\"https:\/\/www.znakowo.pl\/blog\/ostrzezenie-przed-promieniowaniem-optycznym\/\" \/>\n<meta property=\"og:site_name\" content=\"Blog znakowo.pl\" \/>\n<meta property=\"article:publisher\" content=\"https:\/\/www.facebook.com\/Znakowo\/\" \/>\n<meta property=\"article:published_time\" content=\"2025-04-24T13:14:45+00:00\" \/>\n<meta property=\"article:modified_time\" content=\"2025-05-07T11:54:11+00:00\" \/>\n<meta property=\"og:image\" content=\"https:\/\/www.znakowo.pl\/blog\/wp-content\/uploads\/2025\/04\/406779404_1252bf33-f52f-49aa-9c17-87fb7325b5d8-scaled.jpg\" \/>\n\t<meta property=\"og:image:width\" content=\"2560\" \/>\n\t<meta property=\"og:image:height\" content=\"1283\" \/>\n\t<meta property=\"og:image:type\" content=\"image\/jpeg\" \/>\n<meta name=\"author\" content=\"Julita Krzemi\u0144ska\" \/>\n<meta name=\"twitter:card\" content=\"summary_large_image\" \/>\n<meta name=\"twitter:label1\" content=\"Napisane przez\" \/>\n\t<meta name=\"twitter:data1\" content=\"Julita Krzemi\u0144ska\" \/>\n\t<meta name=\"twitter:label2\" content=\"Szacowany czas czytania\" \/>\n\t<meta name=\"twitter:data2\" content=\"3 minuty\" \/>\n<script type=\"application\/ld+json\" class=\"yoast-schema-graph\">{\"@context\":\"https:\\\/\\\/schema.org\",\"@graph\":[{\"@type\":\"Article\",\"@id\":\"https:\\\/\\\/www.znakowo.pl\\\/blog\\\/ostrzezenie-przed-promieniowaniem-optycznym\\\/#article\",\"isPartOf\":{\"@id\":\"https:\\\/\\\/www.znakowo.pl\\\/blog\\\/ostrzezenie-przed-promieniowaniem-optycznym\\\/\"},\"author\":{\"name\":\"Julita Krzemi\u0144ska\",\"@id\":\"https:\\\/\\\/www.znakowo.pl\\\/blog\\\/#\\\/schema\\\/person\\\/a29ddb53515b4cfd337f1582146267d9\"},\"headline\":\"Ostrze\u017cenie przed promieniowaniem optycznym \u2013 oznakowanie\",\"datePublished\":\"2025-04-24T13:14:45+00:00\",\"dateModified\":\"2025-05-07T11:54:11+00:00\",\"mainEntityOfPage\":{\"@id\":\"https:\\\/\\\/www.znakowo.pl\\\/blog\\\/ostrzezenie-przed-promieniowaniem-optycznym\\\/\"},\"wordCount\":481,\"publisher\":{\"@id\":\"https:\\\/\\\/www.znakowo.pl\\\/blog\\\/#organization\"},\"image\":{\"@id\":\"https:\\\/\\\/www.znakowo.pl\\\/blog\\\/ostrzezenie-przed-promieniowaniem-optycznym\\\/#primaryimage\"},\"thumbnailUrl\":\"https:\\\/\\\/www.znakowo.pl\\\/blog\\\/wp-content\\\/uploads\\\/2025\\\/04\\\/406779404_1252bf33-f52f-49aa-9c17-87fb7325b5d8-scaled.jpg\",\"articleSection\":[\"Oznakowanie obiekt\u00f3w\"],\"inLanguage\":\"pl-PL\"},{\"@type\":\"WebPage\",\"@id\":\"https:\\\/\\\/www.znakowo.pl\\\/blog\\\/ostrzezenie-przed-promieniowaniem-optycznym\\\/\",\"url\":\"https:\\\/\\\/www.znakowo.pl\\\/blog\\\/ostrzezenie-przed-promieniowaniem-optycznym\\\/\",\"name\":\"Ostrze\u017cenie przed promieniowaniem optycznym \u2013 oznakowanie\",\"isPartOf\":{\"@id\":\"https:\\\/\\\/www.znakowo.pl\\\/blog\\\/#website\"},\"primaryImageOfPage\":{\"@id\":\"https:\\\/\\\/www.znakowo.pl\\\/blog\\\/ostrzezenie-przed-promieniowaniem-optycznym\\\/#primaryimage\"},\"image\":{\"@id\":\"https:\\\/\\\/www.znakowo.pl\\\/blog\\\/ostrzezenie-przed-promieniowaniem-optycznym\\\/#primaryimage\"},\"thumbnailUrl\":\"https:\\\/\\\/www.znakowo.pl\\\/blog\\\/wp-content\\\/uploads\\\/2025\\\/04\\\/406779404_1252bf33-f52f-49aa-9c17-87fb7325b5d8-scaled.jpg\",\"datePublished\":\"2025-04-24T13:14:45+00:00\",\"dateModified\":\"2025-05-07T11:54:11+00:00\",\"description\":\"Ostrze\u017cenie przed promieniowaniem optycznym: jakie znaki BHP ostrzegaj\u0105 przed zagro\u017ceniem zwi\u0105zanym z ekspozycj\u0105 na promieniowanie optyczne?\",\"breadcrumb\":{\"@id\":\"https:\\\/\\\/www.znakowo.pl\\\/blog\\\/ostrzezenie-przed-promieniowaniem-optycznym\\\/#breadcrumb\"},\"inLanguage\":\"pl-PL\",\"potentialAction\":[{\"@type\":\"ReadAction\",\"target\":[\"https:\\\/\\\/www.znakowo.pl\\\/blog\\\/ostrzezenie-przed-promieniowaniem-optycznym\\\/\"]}]},{\"@type\":\"ImageObject\",\"inLanguage\":\"pl-PL\",\"@id\":\"https:\\\/\\\/www.znakowo.pl\\\/blog\\\/ostrzezenie-przed-promieniowaniem-optycznym\\\/#primaryimage\",\"url\":\"https:\\\/\\\/www.znakowo.pl\\\/blog\\\/wp-content\\\/uploads\\\/2025\\\/04\\\/406779404_1252bf33-f52f-49aa-9c17-87fb7325b5d8-scaled.jpg\",\"contentUrl\":\"https:\\\/\\\/www.znakowo.pl\\\/blog\\\/wp-content\\\/uploads\\\/2025\\\/04\\\/406779404_1252bf33-f52f-49aa-9c17-87fb7325b5d8-scaled.jpg\",\"width\":2560,\"height\":1283,\"caption\":\"Ostrzezenie przed promieniowaniem optycznym \u2013 oznakowanie\"},{\"@type\":\"BreadcrumbList\",\"@id\":\"https:\\\/\\\/www.znakowo.pl\\\/blog\\\/ostrzezenie-przed-promieniowaniem-optycznym\\\/#breadcrumb\",\"itemListElement\":[{\"@type\":\"ListItem\",\"position\":1,\"name\":\"Strona g\u0142\u00f3wna\",\"item\":\"https:\\\/\\\/www.znakowo.pl\\\/blog\\\/\"},{\"@type\":\"ListItem\",\"position\":2,\"name\":\"Ostrze\u017cenie przed promieniowaniem optycznym \u2013 oznakowanie\"}]},{\"@type\":\"WebSite\",\"@id\":\"https:\\\/\\\/www.znakowo.pl\\\/blog\\\/#website\",\"url\":\"https:\\\/\\\/www.znakowo.pl\\\/blog\\\/\",\"name\":\"Blog znakowo.pl\",\"description\":\"\",\"publisher\":{\"@id\":\"https:\\\/\\\/www.znakowo.pl\\\/blog\\\/#organization\"},\"potentialAction\":[{\"@type\":\"SearchAction\",\"target\":{\"@type\":\"EntryPoint\",\"urlTemplate\":\"https:\\\/\\\/www.znakowo.pl\\\/blog\\\/?s={search_term_string}\"},\"query-input\":{\"@type\":\"PropertyValueSpecification\",\"valueRequired\":true,\"valueName\":\"search_term_string\"}}],\"inLanguage\":\"pl-PL\"},{\"@type\":\"Organization\",\"@id\":\"https:\\\/\\\/www.znakowo.pl\\\/blog\\\/#organization\",\"name\":\"Znakowo.pl\",\"url\":\"https:\\\/\\\/www.znakowo.pl\\\/blog\\\/\",\"logo\":{\"@type\":\"ImageObject\",\"inLanguage\":\"pl-PL\",\"@id\":\"https:\\\/\\\/www.znakowo.pl\\\/blog\\\/#\\\/schema\\\/logo\\\/image\\\/\",\"url\":\"https:\\\/\\\/www.znakowo.pl\\\/blog\\\/wp-content\\\/uploads\\\/2017\\\/05\\\/logo_1.png\",\"contentUrl\":\"https:\\\/\\\/www.znakowo.pl\\\/blog\\\/wp-content\\\/uploads\\\/2017\\\/05\\\/logo_1.png\",\"width\":277,\"height\":94,\"caption\":\"Znakowo.pl\"},\"image\":{\"@id\":\"https:\\\/\\\/www.znakowo.pl\\\/blog\\\/#\\\/schema\\\/logo\\\/image\\\/\"},\"sameAs\":[\"https:\\\/\\\/www.facebook.com\\\/Znakowo\\\/\"]},{\"@type\":\"Person\",\"@id\":\"https:\\\/\\\/www.znakowo.pl\\\/blog\\\/#\\\/schema\\\/person\\\/a29ddb53515b4cfd337f1582146267d9\",\"name\":\"Julita Krzemi\u0144ska\",\"image\":{\"@type\":\"ImageObject\",\"inLanguage\":\"pl-PL\",\"@id\":\"https:\\\/\\\/secure.gravatar.com\\\/avatar\\\/e6adac54b1d18b21f8567cc6208ef43409e661f1070cf8be2e6912306b99d439?s=96&d=mm&r=g\",\"url\":\"https:\\\/\\\/secure.gravatar.com\\\/avatar\\\/e6adac54b1d18b21f8567cc6208ef43409e661f1070cf8be2e6912306b99d439?s=96&d=mm&r=g\",\"contentUrl\":\"https:\\\/\\\/secure.gravatar.com\\\/avatar\\\/e6adac54b1d18b21f8567cc6208ef43409e661f1070cf8be2e6912306b99d439?s=96&d=mm&r=g\",\"caption\":\"Julita Krzemi\u0144ska\"},\"url\":\"https:\\\/\\\/www.znakowo.pl\\\/blog\\\/author\\\/jkrzeminska\\\/\"}]}<\/script>\n<!-- \/ Yoast SEO plugin. -->","yoast_head_json":{"title":"Ostrze\u017cenie przed promieniowaniem optycznym \u2013 oznakowanie","description":"Ostrze\u017cenie przed promieniowaniem optycznym: jakie znaki BHP ostrzegaj\u0105 przed zagro\u017ceniem zwi\u0105zanym z ekspozycj\u0105 na promieniowanie optyczne?","robots":{"index":"index","follow":"follow","max-snippet":"max-snippet:-1","max-image-preview":"max-image-preview:large","max-video-preview":"max-video-preview:-1"},"canonical":"https:\/\/www.znakowo.pl\/blog\/ostrzezenie-przed-promieniowaniem-optycznym\/","og_locale":"pl_PL","og_type":"article","og_title":"Ostrze\u017cenie przed promieniowaniem optycznym \u2013 oznakowanie","og_description":"Ostrze\u017cenie przed promieniowaniem optycznym: jakie znaki BHP ostrzegaj\u0105 przed zagro\u017ceniem zwi\u0105zanym z ekspozycj\u0105 na promieniowanie optyczne?","og_url":"https:\/\/www.znakowo.pl\/blog\/ostrzezenie-przed-promieniowaniem-optycznym\/","og_site_name":"Blog znakowo.pl","article_publisher":"https:\/\/www.facebook.com\/Znakowo\/","article_published_time":"2025-04-24T13:14:45+00:00","article_modified_time":"2025-05-07T11:54:11+00:00","og_image":[{"width":2560,"height":1283,"url":"https:\/\/www.znakowo.pl\/blog\/wp-content\/uploads\/2025\/04\/406779404_1252bf33-f52f-49aa-9c17-87fb7325b5d8-scaled.jpg","type":"image\/jpeg"}],"author":"Julita Krzemi\u0144ska","twitter_card":"summary_large_image","twitter_misc":{"Napisane przez":"Julita Krzemi\u0144ska","Szacowany czas czytania":"3 minuty"},"schema":{"@context":"https:\/\/schema.org","@graph":[{"@type":"Article","@id":"https:\/\/www.znakowo.pl\/blog\/ostrzezenie-przed-promieniowaniem-optycznym\/#article","isPartOf":{"@id":"https:\/\/www.znakowo.pl\/blog\/ostrzezenie-przed-promieniowaniem-optycznym\/"},"author":{"name":"Julita Krzemi\u0144ska","@id":"https:\/\/www.znakowo.pl\/blog\/#\/schema\/person\/a29ddb53515b4cfd337f1582146267d9"},"headline":"Ostrze\u017cenie przed promieniowaniem optycznym \u2013 oznakowanie","datePublished":"2025-04-24T13:14:45+00:00","dateModified":"2025-05-07T11:54:11+00:00","mainEntityOfPage":{"@id":"https:\/\/www.znakowo.pl\/blog\/ostrzezenie-przed-promieniowaniem-optycznym\/"},"wordCount":481,"publisher":{"@id":"https:\/\/www.znakowo.pl\/blog\/#organization"},"image":{"@id":"https:\/\/www.znakowo.pl\/blog\/ostrzezenie-przed-promieniowaniem-optycznym\/#primaryimage"},"thumbnailUrl":"https:\/\/www.znakowo.pl\/blog\/wp-content\/uploads\/2025\/04\/406779404_1252bf33-f52f-49aa-9c17-87fb7325b5d8-scaled.jpg","articleSection":["Oznakowanie obiekt\u00f3w"],"inLanguage":"pl-PL"},{"@type":"WebPage","@id":"https:\/\/www.znakowo.pl\/blog\/ostrzezenie-przed-promieniowaniem-optycznym\/","url":"https:\/\/www.znakowo.pl\/blog\/ostrzezenie-przed-promieniowaniem-optycznym\/","name":"Ostrze\u017cenie przed promieniowaniem optycznym \u2013 oznakowanie","isPartOf":{"@id":"https:\/\/www.znakowo.pl\/blog\/#website"},"primaryImageOfPage":{"@id":"https:\/\/www.znakowo.pl\/blog\/ostrzezenie-przed-promieniowaniem-optycznym\/#primaryimage"},"image":{"@id":"https:\/\/www.znakowo.pl\/blog\/ostrzezenie-przed-promieniowaniem-optycznym\/#primaryimage"},"thumbnailUrl":"https:\/\/www.znakowo.pl\/blog\/wp-content\/uploads\/2025\/04\/406779404_1252bf33-f52f-49aa-9c17-87fb7325b5d8-scaled.jpg","datePublished":"2025-04-24T13:14:45+00:00","dateModified":"2025-05-07T11:54:11+00:00","description":"Ostrze\u017cenie przed promieniowaniem optycznym: jakie znaki BHP ostrzegaj\u0105 przed zagro\u017ceniem zwi\u0105zanym z ekspozycj\u0105 na promieniowanie optyczne?","breadcrumb":{"@id":"https:\/\/www.znakowo.pl\/blog\/ostrzezenie-przed-promieniowaniem-optycznym\/#breadcrumb"},"inLanguage":"pl-PL","potentialAction":[{"@type":"ReadAction","target":["https:\/\/www.znakowo.pl\/blog\/ostrzezenie-przed-promieniowaniem-optycznym\/"]}]},{"@type":"ImageObject","inLanguage":"pl-PL","@id":"https:\/\/www.znakowo.pl\/blog\/ostrzezenie-przed-promieniowaniem-optycznym\/#primaryimage","url":"https:\/\/www.znakowo.pl\/blog\/wp-content\/uploads\/2025\/04\/406779404_1252bf33-f52f-49aa-9c17-87fb7325b5d8-scaled.jpg","contentUrl":"https:\/\/www.znakowo.pl\/blog\/wp-content\/uploads\/2025\/04\/406779404_1252bf33-f52f-49aa-9c17-87fb7325b5d8-scaled.jpg","width":2560,"height":1283,"caption":"Ostrzezenie przed promieniowaniem optycznym \u2013 oznakowanie"},{"@type":"BreadcrumbList","@id":"https:\/\/www.znakowo.pl\/blog\/ostrzezenie-przed-promieniowaniem-optycznym\/#breadcrumb","itemListElement":[{"@type":"ListItem","position":1,"name":"Strona g\u0142\u00f3wna","item":"https:\/\/www.znakowo.pl\/blog\/"},{"@type":"ListItem","position":2,"name":"Ostrze\u017cenie przed promieniowaniem optycznym \u2013 oznakowanie"}]},{"@type":"WebSite","@id":"https:\/\/www.znakowo.pl\/blog\/#website","url":"https:\/\/www.znakowo.pl\/blog\/","name":"Blog znakowo.pl","description":"","publisher":{"@id":"https:\/\/www.znakowo.pl\/blog\/#organization"},"potentialAction":[{"@type":"SearchAction","target":{"@type":"EntryPoint","urlTemplate":"https:\/\/www.znakowo.pl\/blog\/?s={search_term_string}"},"query-input":{"@type":"PropertyValueSpecification","valueRequired":true,"valueName":"search_term_string"}}],"inLanguage":"pl-PL"},{"@type":"Organization","@id":"https:\/\/www.znakowo.pl\/blog\/#organization","name":"Znakowo.pl","url":"https:\/\/www.znakowo.pl\/blog\/","logo":{"@type":"ImageObject","inLanguage":"pl-PL","@id":"https:\/\/www.znakowo.pl\/blog\/#\/schema\/logo\/image\/","url":"https:\/\/www.znakowo.pl\/blog\/wp-content\/uploads\/2017\/05\/logo_1.png","contentUrl":"https:\/\/www.znakowo.pl\/blog\/wp-content\/uploads\/2017\/05\/logo_1.png","width":277,"height":94,"caption":"Znakowo.pl"},"image":{"@id":"https:\/\/www.znakowo.pl\/blog\/#\/schema\/logo\/image\/"},"sameAs":["https:\/\/www.facebook.com\/Znakowo\/"]},{"@type":"Person","@id":"https:\/\/www.znakowo.pl\/blog\/#\/schema\/person\/a29ddb53515b4cfd337f1582146267d9","name":"Julita Krzemi\u0144ska","image":{"@type":"ImageObject","inLanguage":"pl-PL","@id":"https:\/\/secure.gravatar.com\/avatar\/e6adac54b1d18b21f8567cc6208ef43409e661f1070cf8be2e6912306b99d439?s=96&d=mm&r=g","url":"https:\/\/secure.gravatar.com\/avatar\/e6adac54b1d18b21f8567cc6208ef43409e661f1070cf8be2e6912306b99d439?s=96&d=mm&r=g","contentUrl":"https:\/\/secure.gravatar.com\/avatar\/e6adac54b1d18b21f8567cc6208ef43409e661f1070cf8be2e6912306b99d439?s=96&d=mm&r=g","caption":"Julita Krzemi\u0144ska"},"url":"https:\/\/www.znakowo.pl\/blog\/author\/jkrzeminska\/"}]}},"_links":{"self":[{"href":"https:\/\/www.znakowo.pl\/blog\/wp-json\/wp\/v2\/posts\/7736","targetHints":{"allow":["GET"]}}],"collection":[{"href":"https:\/\/www.znakowo.pl\/blog\/wp-json\/wp\/v2\/posts"}],"about":[{"href":"https:\/\/www.znakowo.pl\/blog\/wp-json\/wp\/v2\/types\/post"}],"author":[{"embeddable":true,"href":"https:\/\/www.znakowo.pl\/blog\/wp-json\/wp\/v2\/users\/3"}],"replies":[{"embeddable":true,"href":"https:\/\/www.znakowo.pl\/blog\/wp-json\/wp\/v2\/comments?post=7736"}],"version-history":[{"count":2,"href":"https:\/\/www.znakowo.pl\/blog\/wp-json\/wp\/v2\/posts\/7736\/revisions"}],"predecessor-version":[{"id":7746,"href":"https:\/\/www.znakowo.pl\/blog\/wp-json\/wp\/v2\/posts\/7736\/revisions\/7746"}],"wp:featuredmedia":[{"embeddable":true,"href":"https:\/\/www.znakowo.pl\/blog\/wp-json\/wp\/v2\/media\/7740"}],"wp:attachment":[{"href":"https:\/\/www.znakowo.pl\/blog\/wp-json\/wp\/v2\/media?parent=7736"}],"wp:term":[{"taxonomy":"category","embeddable":true,"href":"https:\/\/www.znakowo.pl\/blog\/wp-json\/wp\/v2\/categories?post=7736"},{"taxonomy":"post_tag","embeddable":true,"href":"https:\/\/www.znakowo.pl\/blog\/wp-json\/wp\/v2\/tags?post=7736"}],"curies":[{"name":"wp","href":"https:\/\/api.w.org\/{rel}","templated":true}]}}