{"id":8007,"date":"2025-07-31T12:20:00","date_gmt":"2025-07-31T10:20:00","guid":{"rendered":"https:\/\/www.znakowo.pl\/blog\/?p=8007"},"modified":"2025-07-10T13:51:14","modified_gmt":"2025-07-10T11:51:14","slug":"zolto-czarna-tasma-ostrzegawcza-rodzaje-i-zastosowanie","status":"publish","type":"post","link":"https:\/\/www.znakowo.pl\/blog\/zolto-czarna-tasma-ostrzegawcza-rodzaje-i-zastosowanie\/","title":{"rendered":"\u017b\u00f3\u0142to-czarna ta\u015bma ostrzegawcza \u2013 rodzaje i zastosowanie"},"content":{"rendered":"\n<p>Co oznacza \u017c\u00f3\u0142to-czarna ta\u015bma ostrzegawcza? Zastosowanie i rodzaje ta\u015bm w \u017c\u00f3\u0142te i czarne pasy.<\/p>\n\n<p><!--more--><\/p>\n\n<div id=\"ez-toc-container\" class=\"ez-toc-v2_0_82_2 counter-hierarchy ez-toc-counter ez-toc-grey ez-toc-container-direction\">\n<div class=\"ez-toc-title-container\">\n<p class=\"ez-toc-title\" style=\"cursor:inherit\">Spis tre\u015bci<\/p>\n<span class=\"ez-toc-title-toggle\"><a href=\"#\" class=\"ez-toc-pull-right ez-toc-btn ez-toc-btn-xs ez-toc-btn-default ez-toc-toggle\" aria-label=\"Prze\u0142\u0105cznik Spisu Tre\u015bci\"><span class=\"ez-toc-js-icon-con\"><span class=\"\"><span class=\"eztoc-hide\" style=\"display:none;\">Toggle<\/span><span class=\"ez-toc-icon-toggle-span\"><svg style=\"fill: #999;color:#999\" xmlns=\"http:\/\/www.w3.org\/2000\/svg\" class=\"list-377408\" width=\"20px\" height=\"20px\" viewBox=\"0 0 24 24\" fill=\"none\"><path d=\"M6 6H4v2h2V6zm14 0H8v2h12V6zM4 11h2v2H4v-2zm16 0H8v2h12v-2zM4 16h2v2H4v-2zm16 0H8v2h12v-2z\" fill=\"currentColor\"><\/path><\/svg><svg style=\"fill: #999;color:#999\" class=\"arrow-unsorted-368013\" xmlns=\"http:\/\/www.w3.org\/2000\/svg\" width=\"10px\" height=\"10px\" viewBox=\"0 0 24 24\" version=\"1.2\" baseProfile=\"tiny\"><path d=\"M18.2 9.3l-6.2-6.3-6.2 6.3c-.2.2-.3.4-.3.7s.1.5.3.7c.2.2.4.3.7.3h11c.3 0 .5-.1.7-.3.2-.2.3-.5.3-.7s-.1-.5-.3-.7zM5.8 14.7l6.2 6.3 6.2-6.3c.2-.2.3-.5.3-.7s-.1-.5-.3-.7c-.2-.2-.4-.3-.7-.3h-11c-.3 0-.5.1-.7.3-.2.2-.3.5-.3.7s.1.5.3.7z\"\/><\/svg><\/span><\/span><\/span><\/a><\/span><\/div>\n<nav><ul class='ez-toc-list ez-toc-list-level-1 ' ><li class='ez-toc-page-1 ez-toc-heading-level-2'><a class=\"ez-toc-link ez-toc-heading-1\" href=\"https:\/\/www.znakowo.pl\/blog\/zolto-czarna-tasma-ostrzegawcza-rodzaje-i-zastosowanie\/#Co_oznacza_zolto-czarna_tasma_ostrzegawcza\" >Co oznacza \u017c\u00f3\u0142to-czarna ta\u015bma ostrzegawcza?<\/a><\/li><li class='ez-toc-page-1 ez-toc-heading-level-2'><a class=\"ez-toc-link ez-toc-heading-2\" href=\"https:\/\/www.znakowo.pl\/blog\/zolto-czarna-tasma-ostrzegawcza-rodzaje-i-zastosowanie\/#Rodzaje_i_zastosowanie_tasm_ostrzegawczych\" >Rodzaje i zastosowanie ta\u015bm ostrzegawczych<\/a><ul class='ez-toc-list-level-3' ><li class='ez-toc-heading-level-3'><a class=\"ez-toc-link ez-toc-heading-3\" href=\"https:\/\/www.znakowo.pl\/blog\/zolto-czarna-tasma-ostrzegawcza-rodzaje-i-zastosowanie\/#Tasmy_odgradzajace\" >Ta\u015bmy odgradzaj\u0105ce<\/a><\/li><li class='ez-toc-page-1 ez-toc-heading-level-3'><a class=\"ez-toc-link ez-toc-heading-4\" href=\"https:\/\/www.znakowo.pl\/blog\/zolto-czarna-tasma-ostrzegawcza-rodzaje-i-zastosowanie\/#Tasmy_samoprzylepne\" >Ta\u015bmy samoprzylepne<\/a><\/li><li class='ez-toc-page-1 ez-toc-heading-level-3'><a class=\"ez-toc-link ez-toc-heading-5\" href=\"https:\/\/www.znakowo.pl\/blog\/zolto-czarna-tasma-ostrzegawcza-rodzaje-i-zastosowanie\/#Tasmy_antyposlizgowe\" >Ta\u015bmy antypo\u015blizgowe<\/a><\/li><li class='ez-toc-page-1 ez-toc-heading-level-3'><a class=\"ez-toc-link ez-toc-heading-6\" href=\"https:\/\/www.znakowo.pl\/blog\/zolto-czarna-tasma-ostrzegawcza-rodzaje-i-zastosowanie\/#Tasmy_odblaskowe_i_fotoluminescencyjne\" >Ta\u015bmy odblaskowe i fotoluminescencyjne<\/a><\/li><\/ul><\/li><li class='ez-toc-page-1 ez-toc-heading-level-2'><a class=\"ez-toc-link ez-toc-heading-7\" href=\"https:\/\/www.znakowo.pl\/blog\/zolto-czarna-tasma-ostrzegawcza-rodzaje-i-zastosowanie\/#Zolto-czarna_tasma_ostrzegawcza_%E2%80%93_FAQ\" >\u017b\u00f3\u0142to-czarna ta\u015bma ostrzegawcza \u2013 FAQ<\/a><\/li><\/ul><\/nav><\/div>\n<h2 class=\"wp-block-heading\"><span class=\"ez-toc-section\" id=\"Co_oznacza_zolto-czarna_tasma_ostrzegawcza\"><\/span>Co oznacza \u017c\u00f3\u0142to-czarna ta\u015bma ostrzegawcza?<span class=\"ez-toc-section-end\"><\/span><\/h2>\n\n\n\n<p>\u017b\u00f3\u0142to-czarna ta\u015bma s\u0142u\u017cy przede wszystkim do oznaczania miejsc, w kt\u00f3rych istnieje ryzyko wypadku lub urazu, np. obszar\u00f3w roboczych, i stref o ograniczonym dost\u0119pie. Jej obecno\u015b\u0107 to wyra\u017any sygna\u0142 dla u\u017cytkownika: \u201ezachowaj ostro\u017cno\u015b\u0107\u201d, \u201enie wchod\u017a bez upowa\u017cnienia\u201d. Stosowanie ta\u015bm w czarne i \u017c\u00f3\u0142te pasy mo\u017ce by\u0107 w niekt\u00f3rych sytuacjach konieczne ze&nbsp; wzgl\u0119du na przepisy BHP. Zgodnie z nimi miejsca w zak\u0142adzie pracy, do kt\u00f3rych pracownicy maj\u0105 dost\u0119p podczas pracy, a w kt\u00f3rych istnieje ryzyko kolizji z przeszkodami, upadku lub spadania przedmiot\u00f3w, powinny by\u0107 oznakowane sko\u015bnymi pasami: na przemian \u017c\u00f3\u0142tymi i czarnymi lub czerwonymi i bia\u0142ymi.<\/p>\n\n\n\n<h2 class=\"wp-block-heading\"><span class=\"ez-toc-section\" id=\"Rodzaje_i_zastosowanie_tasm_ostrzegawczych\"><\/span>Rodzaje i zastosowanie ta\u015bm ostrzegawczych<span class=\"ez-toc-section-end\"><\/span><\/h2>\n\n\n\n<p>Ta\u015bmy ostrzegawcze maj\u0105 szerokie zastosowanie \u2013 wykorzystywane s\u0105 w r\u00f3\u017cnych bran\u017cach i sytuacjach, m.in. w halach, magazynach, zak\u0142adach produkcyjnych, na placach budowy, a tak\u017ce w przestrzeni publicznej. Mog\u0105 s\u0142u\u017cy\u0107 np. do wyznaczania ci\u0105g\u00f3w komunikacyjnych, stref pracy maszyn, zabezpieczania niebezpiecznych obszar\u00f3w.<\/p>\n\n\n\n<h3 class=\"wp-block-heading\"><span class=\"ez-toc-section\" id=\"Tasmy_odgradzajace\"><\/span>Ta\u015bmy odgradzaj\u0105ce<span class=\"ez-toc-section-end\"><\/span><\/h3>\n\n\n\n<div class=\"product-small-box-content display-flex\">\n          <a href=\"https:\/\/www.znakowo.pl\/produkt\/tasma-odgradzajaca-jednostronna-zolto-czarna,ep_odg_4,10277.html\" class=\"product-small\">\n          <div class=\"product-small-box\">\n              <div class=\"product-small-img\">\n                                    <img decoding=\"async\" src=\"https:\/\/tdc.znakowo.pl\/thumbs\/tasma-odgradzajaca-jednostronna-zolto-czarna-24191-10277-160-160-0.jpg\" alt=\"Ta\u015bma odgradzaj\u0105ca jednostronna \u017c\u00f3\u0142to-czarna - \u017b\u00f3\u0142to-czarna ta\u015bma ostrzegawcza \u2013 rodzaje i zastosowanie\" title=\"Ta\u015bma odgradzaj\u0105ca jednostronna \u017c\u00f3\u0142to-czarna - \u017b\u00f3\u0142to-czarna ta\u015bma ostrzegawcza \u2013 rodzaje i zastosowanie\" \/>\n              <\/div>\n              <div class=\"product-small-title\">\n                  Ta\u015bma odgradzaj\u0105ca jednostronna \u017c\u00f3\u0142to-czarna              <\/div>\n          <\/div>\n      <\/a>    \n            <a href=\"https:\/\/www.znakowo.pl\/produkt\/tasma-odgradzajaca-jednostronna-7cm-x-500m-u-22-zolto-czarna-super-mocna,u-22-cz-z,9193.html\" class=\"product-small\">\n          <div class=\"product-small-box\">\n              <div class=\"product-small-img\">\n                                    <img decoding=\"async\" src=\"https:\/\/tdc.znakowo.pl\/thumbs\/tasma-odgradzajaca-jednostronna-7cm-x-500m-u-22-zolto-czarna-super-mocna-18238-9193-160-160-0.jpg\" alt=\"Ta\u015bma odgradzaj\u0105ca, jednostronna 7cm x 500m - U-22, \u017c\u00f3\u0142to-czarna, super mocna - \u017b\u00f3\u0142to-czarna ta\u015bma ostrzegawcza \u2013 rodzaje i zastosowanie\" title=\"Ta\u015bma odgradzaj\u0105ca, jednostronna 7cm x 500m - U-22, \u017c\u00f3\u0142to-czarna, super mocna - \u017b\u00f3\u0142to-czarna ta\u015bma ostrzegawcza \u2013 rodzaje i zastosowanie\" \/>\n              <\/div>\n              <div class=\"product-small-title\">\n                  Ta\u015bma odgradzaj\u0105ca, jednostronna 7cm x 500m - U-22, \u017c\u00f3\u0142to-czarna, super mocna              <\/div>\n          <\/div>\n      <\/a>    \n            <a href=\"https:\/\/www.znakowo.pl\/produkt\/kaseta-z-tasma-odgradzajaca-4m-automatycznie-zwijana,st-g1,8920.html\" class=\"product-small\">\n          <div class=\"product-small-box\">\n              <div class=\"product-small-img\">\n                                    <img decoding=\"async\" src=\"https:\/\/tdc.znakowo.pl\/thumbs\/kaseta-z-tasma-odgradzajaca-4m-automatycznie-zwijana-17493-8920-160-160-0.jpg\" alt=\"Kaseta z ta\u015bm\u0105 odgradzaj\u0105c\u0105 4m - automatycznie zwijana - \u017b\u00f3\u0142to-czarna ta\u015bma ostrzegawcza \u2013 rodzaje i zastosowanie\" title=\"Kaseta z ta\u015bm\u0105 odgradzaj\u0105c\u0105 4m - automatycznie zwijana - \u017b\u00f3\u0142to-czarna ta\u015bma ostrzegawcza \u2013 rodzaje i zastosowanie\" \/>\n              <\/div>\n              <div class=\"product-small-title\">\n                  Kaseta z ta\u015bm\u0105 odgradzaj\u0105c\u0105 4m - automatycznie zwijana              <\/div>\n          <\/div>\n      <\/a>    \n        \n    <div class=\"clearfix\"><\/div>    \n<\/div>\n\n\n\n\n<p>G\u0142\u00f3wn\u0105 funkcj\u0105 \u017c\u00f3\u0142to-czarnych <a href=\"https:\/\/www.znakowo.pl\/tasmy-odgradzajace\/\">ta\u015bm odgradzaj\u0105cych<\/a> jest tymczasowe wygradzanie stref niedost\u0119pnych lub niebezpiecznych, np. miejsca awarii, miejsca, w kt\u00f3rych prowadzone s\u0105 prace remontowe itp. Dzi\u0119ki kontrastowym pasom oznakowanie jest dobrze widoczne. Ta\u015bmy odgradzaj\u0105ce s\u0105 zazwyczaj wykonane z lekkiego, ale do\u015b\u0107 odpornego tworzywa sztucznego. S\u0105 bardzo \u0142atwe w u\u017cyciu \u2013 wystarczy rozwin\u0105\u0107 ta\u015bm\u0119, by wygrodzi\u0107 teren. Ich uniwersalno\u015b\u0107 sprawia, \u017ce znajduj\u0105 zastosowanie w wielu sektorach (m.in. przemys\u0142, budownictwo, wydarzenia masowe, imprezy sportowe).<\/p>\n\n\n\n<h3 class=\"wp-block-heading\"><span class=\"ez-toc-section\" id=\"Tasmy_samoprzylepne\"><\/span>Ta\u015bmy samoprzylepne<span class=\"ez-toc-section-end\"><\/span><\/h3>\n\n\n\n<div class=\"product-small-box-content display-flex\">\n          <a href=\"https:\/\/www.znakowo.pl\/produkt\/tasma-samoprzylepna-na-podloge-510-cm-x-33m-zolto-czarna,ep_sp6,9959.html\" class=\"product-small\">\n          <div class=\"product-small-box\">\n              <div class=\"product-small-img\">\n                                    <img decoding=\"async\" src=\"https:\/\/tdc.znakowo.pl\/thumbs\/tasma-winylowa-zolto-czarna-24859-9959-160-160-0.jpg\" alt=\"Ta\u015bma samoprzylepna na pod\u0142og\u0119 5\/10 cm x 33m - \u017c\u00f3\u0142to-czarna - \u017b\u00f3\u0142to-czarna ta\u015bma ostrzegawcza \u2013 rodzaje i zastosowanie\" title=\"Ta\u015bma samoprzylepna na pod\u0142og\u0119 5\/10 cm x 33m - \u017c\u00f3\u0142to-czarna - \u017b\u00f3\u0142to-czarna ta\u015bma ostrzegawcza \u2013 rodzaje i zastosowanie\" \/>\n              <\/div>\n              <div class=\"product-small-title\">\n                  Ta\u015bma samoprzylepna na pod\u0142og\u0119 5\/10 cm x 33m - \u017c\u00f3\u0142to-czarna              <\/div>\n          <\/div>\n      <\/a>    \n        \n    <div class=\"clearfix\"><\/div>    \n<\/div>\n\n\n\n\n<p>Praktycznym i wygodnym w u\u017cytkowaniu wariantem czarno-\u017c\u00f3\u0142tych ta\u015bm ostrzegawczych s\u0105 <a href=\"https:\/\/www.znakowo.pl\/tasmy-samoprzylepne-podlogowe-i-do-scian\/\">ta\u015bmy samoprzylepne<\/a>. Warstwa samoprzylepna umo\u017cliwia przymocowanie ta\u015bmy do r\u00f3\u017cnorodnych powierzchni \u2013 pod\u0142\u00f3g, \u015bcian, element\u00f3w maszyn. \u015awietnie sprawdzaj\u0105 si\u0119 np. do wyznaczania stref niebezpiecznych, ci\u0105g\u00f3w komunikacyjnych, p\u00f3l odk\u0142adczych. Dzi\u0119ki odporno\u015bci na \u015bcieranie, wilgo\u0107 i dzia\u0142anie \u015brodk\u00f3w chemicznych, ta\u015bmy te sprawdzaj\u0105 si\u0119 nawet w wymagaj\u0105cych warunkach. Klej jest na tyle mocny, \u017ce ta\u015bma nie odchodzi, co gwarantuje trwa\u0142o\u015b\u0107 oznakowania. Jednocze\u015bnie, w razie potrzeby, ta\u015bm\u0119 mo\u017cna \u0142atwo usun\u0105\u0107.<\/p>\n\n\n\n<h3 class=\"wp-block-heading\"><span class=\"ez-toc-section\" id=\"Tasmy_antyposlizgowe\"><\/span>Ta\u015bmy antypo\u015blizgowe<span class=\"ez-toc-section-end\"><\/span><\/h3>\n\n\n\n<div class=\"product-small-box-content display-flex\">\n          <a href=\"https:\/\/www.znakowo.pl\/produkt\/tasma-antyposlizgowa-samoprzylepna-na-podloge-2551015-cm-x-18m-zolto-czarna,ep_ap3,9962.html\" class=\"product-small\">\n          <div class=\"product-small-box\">\n              <div class=\"product-small-img\">\n                                    <img decoding=\"async\" src=\"https:\/\/tdc.znakowo.pl\/thumbs\/tasma-antyposlizgowa-samoprzylepna-na-podloge-2551015-cm-x-18m-zolto-czarna-25280-9962-160-160-0.jpg\" alt=\"Ta\u015bma antypo\u015blizgowa samoprzylepna na pod\u0142og\u0119 2,5\/5\/10\/15 cm x 18m - \u017c\u00f3\u0142to-czarna - \u017b\u00f3\u0142to-czarna ta\u015bma ostrzegawcza \u2013 rodzaje i zastosowanie\" title=\"Ta\u015bma antypo\u015blizgowa samoprzylepna na pod\u0142og\u0119 2,5\/5\/10\/15 cm x 18m - \u017c\u00f3\u0142to-czarna - \u017b\u00f3\u0142to-czarna ta\u015bma ostrzegawcza \u2013 rodzaje i zastosowanie\" \/>\n              <\/div>\n              <div class=\"product-small-title\">\n                  Ta\u015bma antypo\u015blizgowa samoprzylepna na pod\u0142og\u0119 2,5\/5\/10\/15 cm x 18m - \u017c\u00f3\u0142to-czarna              <\/div>\n          <\/div>\n      <\/a>    \n        \n    <div class=\"clearfix\"><\/div>    \n<\/div>\n\n\n\n\n<p>W miejscach, gdzie istnieje ryzyko po\u015blizgni\u0119cia si\u0119 (np. schody, rampy za\u0142adunkowe, podjazdy), <a href=\"https:\/\/www.znakowo.pl\/tasmy-antyposlizgowe\/\">ta\u015bmy antypo\u015blizgowe<\/a> stanowi\u0105 niezast\u0105pione rozwi\u0105zanie. \u017b\u00f3\u0142to-czarne pasy sygnalizuj\u0105 miejsce niebezpieczne. Specjalna, szorstka warstwa o w\u0142a\u015bciwo\u015bciach zwi\u0119kszaj\u0105cych tarcie, skutecznie minimalizuje ryzyko wypadk\u00f3w, poprawiaj\u0105c przyczepno\u015b\u0107 obuwia do pod\u0142o\u017ca. Tego rodzaju ta\u015bmy maj\u0105 warstw\u0119 samoprzylepn\u0105, dzi\u0119ki czemu \u0142atwo zamontowa\u0107 je na r\u00f3\u017cnych nawierzchniach. Dobrej jako\u015bci ta\u015bmy s\u0105 odporne na \u015bcieranie, wilgo\u0107 i dzia\u0142anie czynnik\u00f3w atmosferycznych, co sprawia, \u017ce mog\u0105 by\u0107 stosowane zar\u00f3wno wewn\u0105trz, jak i na zewn\u0105trz budynk\u00f3w.<\/p>\n\n\n\n<h3 class=\"wp-block-heading\"><span class=\"ez-toc-section\" id=\"Tasmy_odblaskowe_i_fotoluminescencyjne\"><\/span>Ta\u015bmy odblaskowe i fotoluminescencyjne<span class=\"ez-toc-section-end\"><\/span><\/h3>\n\n\n\n<div class=\"product-small-box-content display-flex\">\n          <a href=\"https:\/\/www.znakowo.pl\/produkt\/tasma-ostrzegawcza-kierunkowa-odblaskowa-samoprzylepna-zolto-czarna,ep_odbl_4,10270.html\" class=\"product-small\">\n          <div class=\"product-small-box\">\n              <div class=\"product-small-img\">\n                                    <img decoding=\"async\" src=\"https:\/\/tdc.znakowo.pl\/thumbs\/tasma-ostrzegawcza-kierunkowa-odblaskowa-samoprzylepna-zolto-czarna-24131-10270-160-160-0.jpg\" alt=\"Ta\u015bma ostrzegawcza kierunkowa, odblaskowa, samoprzylepna, \u017c\u00f3\u0142to-czarna - \u017b\u00f3\u0142to-czarna ta\u015bma ostrzegawcza \u2013 rodzaje i zastosowanie\" title=\"Ta\u015bma ostrzegawcza kierunkowa, odblaskowa, samoprzylepna, \u017c\u00f3\u0142to-czarna - \u017b\u00f3\u0142to-czarna ta\u015bma ostrzegawcza \u2013 rodzaje i zastosowanie\" \/>\n              <\/div>\n              <div class=\"product-small-title\">\n                  Ta\u015bma ostrzegawcza kierunkowa, odblaskowa, samoprzylepna, \u017c\u00f3\u0142to-czarna              <\/div>\n          <\/div>\n      <\/a>    \n            <a href=\"https:\/\/www.znakowo.pl\/produkt\/tasma-antyposlizgowa-czarno-fotoluminescencyjna-10m,ep_ap_f_2,10282.html\" class=\"product-small\">\n          <div class=\"product-small-box\">\n              <div class=\"product-small-img\">\n                                    <img decoding=\"async\" src=\"https:\/\/tdc.znakowo.pl\/thumbs\/tasma-antyposlizgowa-czarno-fotoluminescencyjna-10m-24251-10282-160-160-0.jpg\" alt=\"Ta\u015bma antypo\u015blizgowa czarno-fotoluminescencyjna 10m - \u017b\u00f3\u0142to-czarna ta\u015bma ostrzegawcza \u2013 rodzaje i zastosowanie\" title=\"Ta\u015bma antypo\u015blizgowa czarno-fotoluminescencyjna 10m - \u017b\u00f3\u0142to-czarna ta\u015bma ostrzegawcza \u2013 rodzaje i zastosowanie\" \/>\n              <\/div>\n              <div class=\"product-small-title\">\n                  Ta\u015bma antypo\u015blizgowa czarno-fotoluminescencyjna 10m              <\/div>\n          <\/div>\n      <\/a>    \n            <a href=\"https:\/\/www.znakowo.pl\/produkt\/tasma-fotoluminescencyjna-ostrzegawcza-samoprzylepna-510cm-x-1m-czarno-zolta,eb002,8908.html\" class=\"product-small\">\n          <div class=\"product-small-box\">\n              <div class=\"product-small-img\">\n                                    <img decoding=\"async\" src=\"https:\/\/tdc.znakowo.pl\/thumbs\/tasma-fotoluminescencyjna-ostrzegawcza-samoprzylepna-510cm-x-1m-czarno-zolta-20545-8908-160-160-0.jpg\" alt=\"Ta\u015bma fotoluminescencyjna ostrzegawcza samoprzylepna 5\/10cm x 1m - czarno-\u017c\u00f3\u0142ta - \u017b\u00f3\u0142to-czarna ta\u015bma ostrzegawcza \u2013 rodzaje i zastosowanie\" title=\"Ta\u015bma fotoluminescencyjna ostrzegawcza samoprzylepna 5\/10cm x 1m - czarno-\u017c\u00f3\u0142ta - \u017b\u00f3\u0142to-czarna ta\u015bma ostrzegawcza \u2013 rodzaje i zastosowanie\" \/>\n              <\/div>\n              <div class=\"product-small-title\">\n                  Ta\u015bma fotoluminescencyjna ostrzegawcza samoprzylepna 5\/10cm x 1m - czarno-\u017c\u00f3\u0142ta              <\/div>\n          <\/div>\n      <\/a>    \n        \n    <div class=\"clearfix\"><\/div>    \n<\/div>\n\n\n\n\n<p>W miejscach, w kt\u00f3rych konieczne jest zapewnienie dobrej widoczno\u015bci oznakowania, np. ze wzgl\u0119du na niedostateczne o\u015bwietlenie, doskonale sprawdzaj\u0105 si\u0119 <a href=\"https:\/\/www.znakowo.pl\/tasmy-odblaskowe-samoprzylepne\/\">ta\u015bmy odblaskowe i fotoluminescencyjne<\/a>. Wa\u017cne jest dobranie odpowiedniego rodzaju ta\u015bm. Ta\u015bmy odblaskowe odbijaj\u0105 \u015bwiat\u0142o \u2013 s\u0105 widoczne w \u015bwietle latarki, reflektor\u00f3w pojazd\u00f3w czy lamp przemys\u0142owych. Mog\u0105 by\u0107 stosowane np. do oznakowania gara\u017c\u00f3w podzienych. Ta\u015bmy fotoluminescencyjne \u201emagazynuj\u0105\u201d \u015bwiat\u0142o (dzienne i sztuczne). Gdy zanika \u017ar\u00f3d\u0142o \u015bwiat\u0142a, oddaj\u0105 zmagazynowan\u0105 energi\u0119 i \u015bwiec\u0105 w ciemno\u015bci \u2013 tego typu oznakowanie doskonale sprawdza si\u0119 w razie awarii o\u015bwietlenia czy ewakuacji. Ta\u015bmy te cz\u0119sto stosowane s\u0105 w tunelach, na klatkach schodowych, na drogach ewakuacyjnych.<\/p>\n\n\n\n<h2 class=\"wp-block-heading\"><span class=\"ez-toc-section\" id=\"Zolto-czarna_tasma_ostrzegawcza_%E2%80%93_FAQ\"><\/span>\u017b\u00f3\u0142to-czarna ta\u015bma ostrzegawcza \u2013 FAQ<span class=\"ez-toc-section-end\"><\/span><\/h2>\n\n\n\n<div class=\"schema-faq wp-block-yoast-faq-block\"><div class=\"schema-faq-section\" id=\"faq-question-1752054473425\"><strong class=\"schema-faq-question\"><strong>Czy \u017c\u00f3\u0142to-czarne ta\u015bmy ostrzegawcze s\u0105 zgodne z przepisami BHP?<\/strong><\/strong> <p class=\"schema-faq-answer\">Tak, stosowanie ta\u015bm ostrzegawczych w \u017c\u00f3\u0142te i czarne pasy wpisuje si\u0119 w zasady widocznego oznakowania miejsc, w kt\u00f3rych istnieje ryzyko upadku, kolizji z przedmiotami, spadania przedmiot\u00f3w, z obowi\u0105zuj\u0105cymi przepisami BHP.<\/p> <\/div> <div class=\"schema-faq-section\" id=\"faq-question-1752054489333\"><strong class=\"schema-faq-question\"><strong>Jakie s\u0105 dost\u0119pne rodzaje \u017c\u00f3\u0142to-czarnych ta\u015bm ostrzegawczych?<\/strong><\/strong> <p class=\"schema-faq-answer\">Na rynku dost\u0119pne s\u0105 r\u00f3\u017cne rodzaje ta\u015bm ostrzegawczych w \u017c\u00f3\u0142to-czarne pasy: ta\u015bmy odgradzaj\u0105ce, ta\u015bmy samoprzylepne, samoprzylepne ta\u015bmy antypo\u015blizgowe, ta\u015bmy odblaskowe i ta\u015bmy fotoluminescencyjne.<\/p> <\/div> <div class=\"schema-faq-section\" id=\"faq-question-1752054509308\"><strong class=\"schema-faq-question\"><strong>Czy \u017c\u00f3\u0142to-czarne ta\u015bmy antypo\u015blizgowe mo\u017cna stosowa\u0107 na zewn\u0105trz?<\/strong><\/strong> <p class=\"schema-faq-answer\">Wi\u0119kszo\u015b\u0107 ta\u015bm, szczeg\u00f3lnie odgradzaj\u0105cych i antypo\u015blizgowych, jest odporna na warunki atmosferyczne, co sprawia, \u017ce nadaj\u0105 si\u0119 do stosowania wewn\u0105trz i na zewn\u0105trz budynk\u00f3w.<\/p> <\/div> <div class=\"schema-faq-section\" id=\"faq-question-1752054523969\"><strong class=\"schema-faq-question\"><strong>Czym r\u00f3\u017cni si\u0119 ta\u015bma odblaskowa od fotoluminescencyjnej?<\/strong><\/strong> <p class=\"schema-faq-answer\">Ta\u015bma odblaskowa odbija \u015bwiat\u0142o, widoczna jest tylko wtedy, gdy zostanie o\u015bwietlona. Ta\u015bma fotoluminescencyjna magazynuje energi\u0119 \u015bwietln\u0105, po zaniku \u017ar\u00f3d\u0142a \u015bwiat\u0142a \u015bwieci w ciemno\u015bci \u2013 bez potrzeby dodatkowego \u017ar\u00f3d\u0142a \u015bwiat\u0142a.<\/p> <\/div> <\/div>\n","protected":false},"excerpt":{"rendered":"<p>Co oznacza \u017c\u00f3\u0142to-czarna ta\u015bma ostrzegawcza? Zastosowanie i rodzaje ta\u015bm w \u017c\u00f3\u0142te i czarne pasy.<\/p>\n","protected":false},"author":3,"featured_media":8024,"comment_status":"closed","ping_status":"closed","sticky":false,"template":"","format":"standard","meta":{"_acf_changed":false,"footnotes":""},"categories":[118],"tags":[],"class_list":["post-8007","post","type-post","status-publish","format-standard","has-post-thumbnail","hentry","category-oznakowanie-obiektow"],"acf":[],"yoast_head":"<!-- This site is optimized with the Yoast SEO plugin v27.4 - https:\/\/yoast.com\/product\/yoast-seo-wordpress\/ -->\n<title>\u017b\u00f3\u0142to-czarna ta\u015bma ostrzegawcza \u2013 rodzaje i zastosowanie<\/title>\n<meta name=\"description\" content=\"\u017b\u00f3\u0142to-czarna ta\u015bma ostrzegawcza do oznakowania miejsc, w kt\u00f3rych istnieje ryzyko wypadku. Jakie s\u0105 rodzaje ta\u015bm w czarne i \u017c\u00f3\u0142te pasy?\" \/>\n<meta name=\"robots\" content=\"index, follow, max-snippet:-1, max-image-preview:large, max-video-preview:-1\" \/>\n<link rel=\"canonical\" href=\"https:\/\/www.znakowo.pl\/blog\/zolto-czarna-tasma-ostrzegawcza-rodzaje-i-zastosowanie\/\" \/>\n<meta property=\"og:locale\" content=\"pl_PL\" \/>\n<meta property=\"og:type\" content=\"article\" \/>\n<meta property=\"og:title\" content=\"\u017b\u00f3\u0142to-czarna ta\u015bma ostrzegawcza \u2013 rodzaje i zastosowanie\" \/>\n<meta property=\"og:description\" content=\"\u017b\u00f3\u0142to-czarna ta\u015bma ostrzegawcza do oznakowania miejsc, w kt\u00f3rych istnieje ryzyko wypadku. Jakie s\u0105 rodzaje ta\u015bm w czarne i \u017c\u00f3\u0142te pasy?\" \/>\n<meta property=\"og:url\" content=\"https:\/\/www.znakowo.pl\/blog\/zolto-czarna-tasma-ostrzegawcza-rodzaje-i-zastosowanie\/\" \/>\n<meta property=\"og:site_name\" content=\"Blog znakowo.pl\" \/>\n<meta property=\"article:publisher\" content=\"https:\/\/www.facebook.com\/Znakowo\/\" \/>\n<meta property=\"article:published_time\" content=\"2025-07-31T10:20:00+00:00\" \/>\n<meta property=\"og:image\" content=\"https:\/\/www.znakowo.pl\/blog\/wp-content\/uploads\/2025\/07\/443201.jpg\" \/>\n\t<meta property=\"og:image:width\" content=\"1000\" \/>\n\t<meta property=\"og:image:height\" content=\"667\" \/>\n\t<meta property=\"og:image:type\" content=\"image\/jpeg\" \/>\n<meta name=\"author\" content=\"Julita Krzemi\u0144ska\" \/>\n<meta name=\"twitter:card\" content=\"summary_large_image\" \/>\n<meta name=\"twitter:label1\" content=\"Napisane przez\" \/>\n\t<meta name=\"twitter:data1\" content=\"Julita Krzemi\u0144ska\" \/>\n\t<meta name=\"twitter:label2\" content=\"Szacowany czas czytania\" \/>\n\t<meta name=\"twitter:data2\" content=\"5 minut\" \/>\n<script type=\"application\/ld+json\" class=\"yoast-schema-graph\">{\"@context\":\"https:\\\/\\\/schema.org\",\"@graph\":[{\"@type\":\"Article\",\"@id\":\"https:\\\/\\\/www.znakowo.pl\\\/blog\\\/zolto-czarna-tasma-ostrzegawcza-rodzaje-i-zastosowanie\\\/#article\",\"isPartOf\":{\"@id\":\"https:\\\/\\\/www.znakowo.pl\\\/blog\\\/zolto-czarna-tasma-ostrzegawcza-rodzaje-i-zastosowanie\\\/\"},\"author\":{\"name\":\"Julita Krzemi\u0144ska\",\"@id\":\"https:\\\/\\\/www.znakowo.pl\\\/blog\\\/#\\\/schema\\\/person\\\/a29ddb53515b4cfd337f1582146267d9\"},\"headline\":\"\u017b\u00f3\u0142to-czarna ta\u015bma ostrzegawcza \u2013 rodzaje i zastosowanie\",\"datePublished\":\"2025-07-31T10:20:00+00:00\",\"mainEntityOfPage\":{\"@id\":\"https:\\\/\\\/www.znakowo.pl\\\/blog\\\/zolto-czarna-tasma-ostrzegawcza-rodzaje-i-zastosowanie\\\/\"},\"wordCount\":814,\"publisher\":{\"@id\":\"https:\\\/\\\/www.znakowo.pl\\\/blog\\\/#organization\"},\"image\":{\"@id\":\"https:\\\/\\\/www.znakowo.pl\\\/blog\\\/zolto-czarna-tasma-ostrzegawcza-rodzaje-i-zastosowanie\\\/#primaryimage\"},\"thumbnailUrl\":\"https:\\\/\\\/www.znakowo.pl\\\/blog\\\/wp-content\\\/uploads\\\/2025\\\/07\\\/443201.jpg\",\"articleSection\":[\"Oznakowanie obiekt\u00f3w\"],\"inLanguage\":\"pl-PL\"},{\"@type\":[\"WebPage\",\"FAQPage\"],\"@id\":\"https:\\\/\\\/www.znakowo.pl\\\/blog\\\/zolto-czarna-tasma-ostrzegawcza-rodzaje-i-zastosowanie\\\/\",\"url\":\"https:\\\/\\\/www.znakowo.pl\\\/blog\\\/zolto-czarna-tasma-ostrzegawcza-rodzaje-i-zastosowanie\\\/\",\"name\":\"\u017b\u00f3\u0142to-czarna ta\u015bma ostrzegawcza \u2013 rodzaje i zastosowanie\",\"isPartOf\":{\"@id\":\"https:\\\/\\\/www.znakowo.pl\\\/blog\\\/#website\"},\"primaryImageOfPage\":{\"@id\":\"https:\\\/\\\/www.znakowo.pl\\\/blog\\\/zolto-czarna-tasma-ostrzegawcza-rodzaje-i-zastosowanie\\\/#primaryimage\"},\"image\":{\"@id\":\"https:\\\/\\\/www.znakowo.pl\\\/blog\\\/zolto-czarna-tasma-ostrzegawcza-rodzaje-i-zastosowanie\\\/#primaryimage\"},\"thumbnailUrl\":\"https:\\\/\\\/www.znakowo.pl\\\/blog\\\/wp-content\\\/uploads\\\/2025\\\/07\\\/443201.jpg\",\"datePublished\":\"2025-07-31T10:20:00+00:00\",\"description\":\"\u017b\u00f3\u0142to-czarna ta\u015bma ostrzegawcza do oznakowania miejsc, w kt\u00f3rych istnieje ryzyko wypadku. Jakie s\u0105 rodzaje ta\u015bm w czarne i \u017c\u00f3\u0142te pasy?\",\"breadcrumb\":{\"@id\":\"https:\\\/\\\/www.znakowo.pl\\\/blog\\\/zolto-czarna-tasma-ostrzegawcza-rodzaje-i-zastosowanie\\\/#breadcrumb\"},\"mainEntity\":[{\"@id\":\"https:\\\/\\\/www.znakowo.pl\\\/blog\\\/zolto-czarna-tasma-ostrzegawcza-rodzaje-i-zastosowanie\\\/#faq-question-1752054473425\"},{\"@id\":\"https:\\\/\\\/www.znakowo.pl\\\/blog\\\/zolto-czarna-tasma-ostrzegawcza-rodzaje-i-zastosowanie\\\/#faq-question-1752054489333\"},{\"@id\":\"https:\\\/\\\/www.znakowo.pl\\\/blog\\\/zolto-czarna-tasma-ostrzegawcza-rodzaje-i-zastosowanie\\\/#faq-question-1752054509308\"},{\"@id\":\"https:\\\/\\\/www.znakowo.pl\\\/blog\\\/zolto-czarna-tasma-ostrzegawcza-rodzaje-i-zastosowanie\\\/#faq-question-1752054523969\"}],\"inLanguage\":\"pl-PL\",\"potentialAction\":[{\"@type\":\"ReadAction\",\"target\":[\"https:\\\/\\\/www.znakowo.pl\\\/blog\\\/zolto-czarna-tasma-ostrzegawcza-rodzaje-i-zastosowanie\\\/\"]}]},{\"@type\":\"ImageObject\",\"inLanguage\":\"pl-PL\",\"@id\":\"https:\\\/\\\/www.znakowo.pl\\\/blog\\\/zolto-czarna-tasma-ostrzegawcza-rodzaje-i-zastosowanie\\\/#primaryimage\",\"url\":\"https:\\\/\\\/www.znakowo.pl\\\/blog\\\/wp-content\\\/uploads\\\/2025\\\/07\\\/443201.jpg\",\"contentUrl\":\"https:\\\/\\\/www.znakowo.pl\\\/blog\\\/wp-content\\\/uploads\\\/2025\\\/07\\\/443201.jpg\",\"width\":1000,\"height\":667,\"caption\":\"Zolto-czarna tasma ostrzegawcza \u2013 rodzaje i zastosowanie\"},{\"@type\":\"BreadcrumbList\",\"@id\":\"https:\\\/\\\/www.znakowo.pl\\\/blog\\\/zolto-czarna-tasma-ostrzegawcza-rodzaje-i-zastosowanie\\\/#breadcrumb\",\"itemListElement\":[{\"@type\":\"ListItem\",\"position\":1,\"name\":\"Strona g\u0142\u00f3wna\",\"item\":\"https:\\\/\\\/www.znakowo.pl\\\/blog\\\/\"},{\"@type\":\"ListItem\",\"position\":2,\"name\":\"\u017b\u00f3\u0142to-czarna ta\u015bma ostrzegawcza \u2013 rodzaje i zastosowanie\"}]},{\"@type\":\"WebSite\",\"@id\":\"https:\\\/\\\/www.znakowo.pl\\\/blog\\\/#website\",\"url\":\"https:\\\/\\\/www.znakowo.pl\\\/blog\\\/\",\"name\":\"Blog znakowo.pl\",\"description\":\"\",\"publisher\":{\"@id\":\"https:\\\/\\\/www.znakowo.pl\\\/blog\\\/#organization\"},\"potentialAction\":[{\"@type\":\"SearchAction\",\"target\":{\"@type\":\"EntryPoint\",\"urlTemplate\":\"https:\\\/\\\/www.znakowo.pl\\\/blog\\\/?s={search_term_string}\"},\"query-input\":{\"@type\":\"PropertyValueSpecification\",\"valueRequired\":true,\"valueName\":\"search_term_string\"}}],\"inLanguage\":\"pl-PL\"},{\"@type\":\"Organization\",\"@id\":\"https:\\\/\\\/www.znakowo.pl\\\/blog\\\/#organization\",\"name\":\"Znakowo.pl\",\"url\":\"https:\\\/\\\/www.znakowo.pl\\\/blog\\\/\",\"logo\":{\"@type\":\"ImageObject\",\"inLanguage\":\"pl-PL\",\"@id\":\"https:\\\/\\\/www.znakowo.pl\\\/blog\\\/#\\\/schema\\\/logo\\\/image\\\/\",\"url\":\"https:\\\/\\\/www.znakowo.pl\\\/blog\\\/wp-content\\\/uploads\\\/2017\\\/05\\\/logo_1.png\",\"contentUrl\":\"https:\\\/\\\/www.znakowo.pl\\\/blog\\\/wp-content\\\/uploads\\\/2017\\\/05\\\/logo_1.png\",\"width\":277,\"height\":94,\"caption\":\"Znakowo.pl\"},\"image\":{\"@id\":\"https:\\\/\\\/www.znakowo.pl\\\/blog\\\/#\\\/schema\\\/logo\\\/image\\\/\"},\"sameAs\":[\"https:\\\/\\\/www.facebook.com\\\/Znakowo\\\/\"]},{\"@type\":\"Person\",\"@id\":\"https:\\\/\\\/www.znakowo.pl\\\/blog\\\/#\\\/schema\\\/person\\\/a29ddb53515b4cfd337f1582146267d9\",\"name\":\"Julita Krzemi\u0144ska\",\"image\":{\"@type\":\"ImageObject\",\"inLanguage\":\"pl-PL\",\"@id\":\"https:\\\/\\\/secure.gravatar.com\\\/avatar\\\/e6adac54b1d18b21f8567cc6208ef43409e661f1070cf8be2e6912306b99d439?s=96&d=mm&r=g\",\"url\":\"https:\\\/\\\/secure.gravatar.com\\\/avatar\\\/e6adac54b1d18b21f8567cc6208ef43409e661f1070cf8be2e6912306b99d439?s=96&d=mm&r=g\",\"contentUrl\":\"https:\\\/\\\/secure.gravatar.com\\\/avatar\\\/e6adac54b1d18b21f8567cc6208ef43409e661f1070cf8be2e6912306b99d439?s=96&d=mm&r=g\",\"caption\":\"Julita Krzemi\u0144ska\"},\"url\":\"https:\\\/\\\/www.znakowo.pl\\\/blog\\\/author\\\/jkrzeminska\\\/\"},{\"@type\":\"Question\",\"@id\":\"https:\\\/\\\/www.znakowo.pl\\\/blog\\\/zolto-czarna-tasma-ostrzegawcza-rodzaje-i-zastosowanie\\\/#faq-question-1752054473425\",\"position\":1,\"url\":\"https:\\\/\\\/www.znakowo.pl\\\/blog\\\/zolto-czarna-tasma-ostrzegawcza-rodzaje-i-zastosowanie\\\/#faq-question-1752054473425\",\"name\":\"Czy \u017c\u00f3\u0142to-czarne ta\u015bmy ostrzegawcze s\u0105 zgodne z przepisami BHP?\",\"answerCount\":1,\"acceptedAnswer\":{\"@type\":\"Answer\",\"text\":\"Tak, stosowanie ta\u015bm ostrzegawczych w \u017c\u00f3\u0142te i czarne pasy wpisuje si\u0119 w zasady widocznego oznakowania miejsc, w kt\u00f3rych istnieje ryzyko upadku, kolizji z przedmiotami, spadania przedmiot\u00f3w, z obowi\u0105zuj\u0105cymi przepisami BHP.\",\"inLanguage\":\"pl-PL\"},\"inLanguage\":\"pl-PL\"},{\"@type\":\"Question\",\"@id\":\"https:\\\/\\\/www.znakowo.pl\\\/blog\\\/zolto-czarna-tasma-ostrzegawcza-rodzaje-i-zastosowanie\\\/#faq-question-1752054489333\",\"position\":2,\"url\":\"https:\\\/\\\/www.znakowo.pl\\\/blog\\\/zolto-czarna-tasma-ostrzegawcza-rodzaje-i-zastosowanie\\\/#faq-question-1752054489333\",\"name\":\"Jakie s\u0105 dost\u0119pne rodzaje \u017c\u00f3\u0142to-czarnych ta\u015bm ostrzegawczych?\",\"answerCount\":1,\"acceptedAnswer\":{\"@type\":\"Answer\",\"text\":\"Na rynku dost\u0119pne s\u0105 r\u00f3\u017cne rodzaje ta\u015bm ostrzegawczych w \u017c\u00f3\u0142to-czarne pasy: ta\u015bmy odgradzaj\u0105ce, ta\u015bmy samoprzylepne, samoprzylepne ta\u015bmy antypo\u015blizgowe, ta\u015bmy odblaskowe i ta\u015bmy fotoluminescencyjne.\",\"inLanguage\":\"pl-PL\"},\"inLanguage\":\"pl-PL\"},{\"@type\":\"Question\",\"@id\":\"https:\\\/\\\/www.znakowo.pl\\\/blog\\\/zolto-czarna-tasma-ostrzegawcza-rodzaje-i-zastosowanie\\\/#faq-question-1752054509308\",\"position\":3,\"url\":\"https:\\\/\\\/www.znakowo.pl\\\/blog\\\/zolto-czarna-tasma-ostrzegawcza-rodzaje-i-zastosowanie\\\/#faq-question-1752054509308\",\"name\":\"Czy \u017c\u00f3\u0142to-czarne ta\u015bmy antypo\u015blizgowe mo\u017cna stosowa\u0107 na zewn\u0105trz?\",\"answerCount\":1,\"acceptedAnswer\":{\"@type\":\"Answer\",\"text\":\"Wi\u0119kszo\u015b\u0107 ta\u015bm, szczeg\u00f3lnie odgradzaj\u0105cych i antypo\u015blizgowych, jest odporna na warunki atmosferyczne, co sprawia, \u017ce nadaj\u0105 si\u0119 do stosowania wewn\u0105trz i na zewn\u0105trz budynk\u00f3w.\",\"inLanguage\":\"pl-PL\"},\"inLanguage\":\"pl-PL\"},{\"@type\":\"Question\",\"@id\":\"https:\\\/\\\/www.znakowo.pl\\\/blog\\\/zolto-czarna-tasma-ostrzegawcza-rodzaje-i-zastosowanie\\\/#faq-question-1752054523969\",\"position\":4,\"url\":\"https:\\\/\\\/www.znakowo.pl\\\/blog\\\/zolto-czarna-tasma-ostrzegawcza-rodzaje-i-zastosowanie\\\/#faq-question-1752054523969\",\"name\":\"Czym r\u00f3\u017cni si\u0119 ta\u015bma odblaskowa od fotoluminescencyjnej?\",\"answerCount\":1,\"acceptedAnswer\":{\"@type\":\"Answer\",\"text\":\"Ta\u015bma odblaskowa odbija \u015bwiat\u0142o, widoczna jest tylko wtedy, gdy zostanie o\u015bwietlona. Ta\u015bma fotoluminescencyjna magazynuje energi\u0119 \u015bwietln\u0105, po zaniku \u017ar\u00f3d\u0142a \u015bwiat\u0142a \u015bwieci w ciemno\u015bci \u2013 bez potrzeby dodatkowego \u017ar\u00f3d\u0142a \u015bwiat\u0142a.\",\"inLanguage\":\"pl-PL\"},\"inLanguage\":\"pl-PL\"}]}<\/script>\n<!-- \/ Yoast SEO plugin. -->","yoast_head_json":{"title":"\u017b\u00f3\u0142to-czarna ta\u015bma ostrzegawcza \u2013 rodzaje i zastosowanie","description":"\u017b\u00f3\u0142to-czarna ta\u015bma ostrzegawcza do oznakowania miejsc, w kt\u00f3rych istnieje ryzyko wypadku. Jakie s\u0105 rodzaje ta\u015bm w czarne i \u017c\u00f3\u0142te pasy?","robots":{"index":"index","follow":"follow","max-snippet":"max-snippet:-1","max-image-preview":"max-image-preview:large","max-video-preview":"max-video-preview:-1"},"canonical":"https:\/\/www.znakowo.pl\/blog\/zolto-czarna-tasma-ostrzegawcza-rodzaje-i-zastosowanie\/","og_locale":"pl_PL","og_type":"article","og_title":"\u017b\u00f3\u0142to-czarna ta\u015bma ostrzegawcza \u2013 rodzaje i zastosowanie","og_description":"\u017b\u00f3\u0142to-czarna ta\u015bma ostrzegawcza do oznakowania miejsc, w kt\u00f3rych istnieje ryzyko wypadku. Jakie s\u0105 rodzaje ta\u015bm w czarne i \u017c\u00f3\u0142te pasy?","og_url":"https:\/\/www.znakowo.pl\/blog\/zolto-czarna-tasma-ostrzegawcza-rodzaje-i-zastosowanie\/","og_site_name":"Blog znakowo.pl","article_publisher":"https:\/\/www.facebook.com\/Znakowo\/","article_published_time":"2025-07-31T10:20:00+00:00","og_image":[{"width":1000,"height":667,"url":"https:\/\/www.znakowo.pl\/blog\/wp-content\/uploads\/2025\/07\/443201.jpg","type":"image\/jpeg"}],"author":"Julita Krzemi\u0144ska","twitter_card":"summary_large_image","twitter_misc":{"Napisane przez":"Julita Krzemi\u0144ska","Szacowany czas czytania":"5 minut"},"schema":{"@context":"https:\/\/schema.org","@graph":[{"@type":"Article","@id":"https:\/\/www.znakowo.pl\/blog\/zolto-czarna-tasma-ostrzegawcza-rodzaje-i-zastosowanie\/#article","isPartOf":{"@id":"https:\/\/www.znakowo.pl\/blog\/zolto-czarna-tasma-ostrzegawcza-rodzaje-i-zastosowanie\/"},"author":{"name":"Julita Krzemi\u0144ska","@id":"https:\/\/www.znakowo.pl\/blog\/#\/schema\/person\/a29ddb53515b4cfd337f1582146267d9"},"headline":"\u017b\u00f3\u0142to-czarna ta\u015bma ostrzegawcza \u2013 rodzaje i zastosowanie","datePublished":"2025-07-31T10:20:00+00:00","mainEntityOfPage":{"@id":"https:\/\/www.znakowo.pl\/blog\/zolto-czarna-tasma-ostrzegawcza-rodzaje-i-zastosowanie\/"},"wordCount":814,"publisher":{"@id":"https:\/\/www.znakowo.pl\/blog\/#organization"},"image":{"@id":"https:\/\/www.znakowo.pl\/blog\/zolto-czarna-tasma-ostrzegawcza-rodzaje-i-zastosowanie\/#primaryimage"},"thumbnailUrl":"https:\/\/www.znakowo.pl\/blog\/wp-content\/uploads\/2025\/07\/443201.jpg","articleSection":["Oznakowanie obiekt\u00f3w"],"inLanguage":"pl-PL"},{"@type":["WebPage","FAQPage"],"@id":"https:\/\/www.znakowo.pl\/blog\/zolto-czarna-tasma-ostrzegawcza-rodzaje-i-zastosowanie\/","url":"https:\/\/www.znakowo.pl\/blog\/zolto-czarna-tasma-ostrzegawcza-rodzaje-i-zastosowanie\/","name":"\u017b\u00f3\u0142to-czarna ta\u015bma ostrzegawcza \u2013 rodzaje i zastosowanie","isPartOf":{"@id":"https:\/\/www.znakowo.pl\/blog\/#website"},"primaryImageOfPage":{"@id":"https:\/\/www.znakowo.pl\/blog\/zolto-czarna-tasma-ostrzegawcza-rodzaje-i-zastosowanie\/#primaryimage"},"image":{"@id":"https:\/\/www.znakowo.pl\/blog\/zolto-czarna-tasma-ostrzegawcza-rodzaje-i-zastosowanie\/#primaryimage"},"thumbnailUrl":"https:\/\/www.znakowo.pl\/blog\/wp-content\/uploads\/2025\/07\/443201.jpg","datePublished":"2025-07-31T10:20:00+00:00","description":"\u017b\u00f3\u0142to-czarna ta\u015bma ostrzegawcza do oznakowania miejsc, w kt\u00f3rych istnieje ryzyko wypadku. Jakie s\u0105 rodzaje ta\u015bm w czarne i \u017c\u00f3\u0142te pasy?","breadcrumb":{"@id":"https:\/\/www.znakowo.pl\/blog\/zolto-czarna-tasma-ostrzegawcza-rodzaje-i-zastosowanie\/#breadcrumb"},"mainEntity":[{"@id":"https:\/\/www.znakowo.pl\/blog\/zolto-czarna-tasma-ostrzegawcza-rodzaje-i-zastosowanie\/#faq-question-1752054473425"},{"@id":"https:\/\/www.znakowo.pl\/blog\/zolto-czarna-tasma-ostrzegawcza-rodzaje-i-zastosowanie\/#faq-question-1752054489333"},{"@id":"https:\/\/www.znakowo.pl\/blog\/zolto-czarna-tasma-ostrzegawcza-rodzaje-i-zastosowanie\/#faq-question-1752054509308"},{"@id":"https:\/\/www.znakowo.pl\/blog\/zolto-czarna-tasma-ostrzegawcza-rodzaje-i-zastosowanie\/#faq-question-1752054523969"}],"inLanguage":"pl-PL","potentialAction":[{"@type":"ReadAction","target":["https:\/\/www.znakowo.pl\/blog\/zolto-czarna-tasma-ostrzegawcza-rodzaje-i-zastosowanie\/"]}]},{"@type":"ImageObject","inLanguage":"pl-PL","@id":"https:\/\/www.znakowo.pl\/blog\/zolto-czarna-tasma-ostrzegawcza-rodzaje-i-zastosowanie\/#primaryimage","url":"https:\/\/www.znakowo.pl\/blog\/wp-content\/uploads\/2025\/07\/443201.jpg","contentUrl":"https:\/\/www.znakowo.pl\/blog\/wp-content\/uploads\/2025\/07\/443201.jpg","width":1000,"height":667,"caption":"Zolto-czarna tasma ostrzegawcza \u2013 rodzaje i zastosowanie"},{"@type":"BreadcrumbList","@id":"https:\/\/www.znakowo.pl\/blog\/zolto-czarna-tasma-ostrzegawcza-rodzaje-i-zastosowanie\/#breadcrumb","itemListElement":[{"@type":"ListItem","position":1,"name":"Strona g\u0142\u00f3wna","item":"https:\/\/www.znakowo.pl\/blog\/"},{"@type":"ListItem","position":2,"name":"\u017b\u00f3\u0142to-czarna ta\u015bma ostrzegawcza \u2013 rodzaje i zastosowanie"}]},{"@type":"WebSite","@id":"https:\/\/www.znakowo.pl\/blog\/#website","url":"https:\/\/www.znakowo.pl\/blog\/","name":"Blog znakowo.pl","description":"","publisher":{"@id":"https:\/\/www.znakowo.pl\/blog\/#organization"},"potentialAction":[{"@type":"SearchAction","target":{"@type":"EntryPoint","urlTemplate":"https:\/\/www.znakowo.pl\/blog\/?s={search_term_string}"},"query-input":{"@type":"PropertyValueSpecification","valueRequired":true,"valueName":"search_term_string"}}],"inLanguage":"pl-PL"},{"@type":"Organization","@id":"https:\/\/www.znakowo.pl\/blog\/#organization","name":"Znakowo.pl","url":"https:\/\/www.znakowo.pl\/blog\/","logo":{"@type":"ImageObject","inLanguage":"pl-PL","@id":"https:\/\/www.znakowo.pl\/blog\/#\/schema\/logo\/image\/","url":"https:\/\/www.znakowo.pl\/blog\/wp-content\/uploads\/2017\/05\/logo_1.png","contentUrl":"https:\/\/www.znakowo.pl\/blog\/wp-content\/uploads\/2017\/05\/logo_1.png","width":277,"height":94,"caption":"Znakowo.pl"},"image":{"@id":"https:\/\/www.znakowo.pl\/blog\/#\/schema\/logo\/image\/"},"sameAs":["https:\/\/www.facebook.com\/Znakowo\/"]},{"@type":"Person","@id":"https:\/\/www.znakowo.pl\/blog\/#\/schema\/person\/a29ddb53515b4cfd337f1582146267d9","name":"Julita Krzemi\u0144ska","image":{"@type":"ImageObject","inLanguage":"pl-PL","@id":"https:\/\/secure.gravatar.com\/avatar\/e6adac54b1d18b21f8567cc6208ef43409e661f1070cf8be2e6912306b99d439?s=96&d=mm&r=g","url":"https:\/\/secure.gravatar.com\/avatar\/e6adac54b1d18b21f8567cc6208ef43409e661f1070cf8be2e6912306b99d439?s=96&d=mm&r=g","contentUrl":"https:\/\/secure.gravatar.com\/avatar\/e6adac54b1d18b21f8567cc6208ef43409e661f1070cf8be2e6912306b99d439?s=96&d=mm&r=g","caption":"Julita Krzemi\u0144ska"},"url":"https:\/\/www.znakowo.pl\/blog\/author\/jkrzeminska\/"},{"@type":"Question","@id":"https:\/\/www.znakowo.pl\/blog\/zolto-czarna-tasma-ostrzegawcza-rodzaje-i-zastosowanie\/#faq-question-1752054473425","position":1,"url":"https:\/\/www.znakowo.pl\/blog\/zolto-czarna-tasma-ostrzegawcza-rodzaje-i-zastosowanie\/#faq-question-1752054473425","name":"Czy \u017c\u00f3\u0142to-czarne ta\u015bmy ostrzegawcze s\u0105 zgodne z przepisami BHP?","answerCount":1,"acceptedAnswer":{"@type":"Answer","text":"Tak, stosowanie ta\u015bm ostrzegawczych w \u017c\u00f3\u0142te i czarne pasy wpisuje si\u0119 w zasady widocznego oznakowania miejsc, w kt\u00f3rych istnieje ryzyko upadku, kolizji z przedmiotami, spadania przedmiot\u00f3w, z obowi\u0105zuj\u0105cymi przepisami BHP.","inLanguage":"pl-PL"},"inLanguage":"pl-PL"},{"@type":"Question","@id":"https:\/\/www.znakowo.pl\/blog\/zolto-czarna-tasma-ostrzegawcza-rodzaje-i-zastosowanie\/#faq-question-1752054489333","position":2,"url":"https:\/\/www.znakowo.pl\/blog\/zolto-czarna-tasma-ostrzegawcza-rodzaje-i-zastosowanie\/#faq-question-1752054489333","name":"Jakie s\u0105 dost\u0119pne rodzaje \u017c\u00f3\u0142to-czarnych ta\u015bm ostrzegawczych?","answerCount":1,"acceptedAnswer":{"@type":"Answer","text":"Na rynku dost\u0119pne s\u0105 r\u00f3\u017cne rodzaje ta\u015bm ostrzegawczych w \u017c\u00f3\u0142to-czarne pasy: ta\u015bmy odgradzaj\u0105ce, ta\u015bmy samoprzylepne, samoprzylepne ta\u015bmy antypo\u015blizgowe, ta\u015bmy odblaskowe i ta\u015bmy fotoluminescencyjne.","inLanguage":"pl-PL"},"inLanguage":"pl-PL"},{"@type":"Question","@id":"https:\/\/www.znakowo.pl\/blog\/zolto-czarna-tasma-ostrzegawcza-rodzaje-i-zastosowanie\/#faq-question-1752054509308","position":3,"url":"https:\/\/www.znakowo.pl\/blog\/zolto-czarna-tasma-ostrzegawcza-rodzaje-i-zastosowanie\/#faq-question-1752054509308","name":"Czy \u017c\u00f3\u0142to-czarne ta\u015bmy antypo\u015blizgowe mo\u017cna stosowa\u0107 na zewn\u0105trz?","answerCount":1,"acceptedAnswer":{"@type":"Answer","text":"Wi\u0119kszo\u015b\u0107 ta\u015bm, szczeg\u00f3lnie odgradzaj\u0105cych i antypo\u015blizgowych, jest odporna na warunki atmosferyczne, co sprawia, \u017ce nadaj\u0105 si\u0119 do stosowania wewn\u0105trz i na zewn\u0105trz budynk\u00f3w.","inLanguage":"pl-PL"},"inLanguage":"pl-PL"},{"@type":"Question","@id":"https:\/\/www.znakowo.pl\/blog\/zolto-czarna-tasma-ostrzegawcza-rodzaje-i-zastosowanie\/#faq-question-1752054523969","position":4,"url":"https:\/\/www.znakowo.pl\/blog\/zolto-czarna-tasma-ostrzegawcza-rodzaje-i-zastosowanie\/#faq-question-1752054523969","name":"Czym r\u00f3\u017cni si\u0119 ta\u015bma odblaskowa od fotoluminescencyjnej?","answerCount":1,"acceptedAnswer":{"@type":"Answer","text":"Ta\u015bma odblaskowa odbija \u015bwiat\u0142o, widoczna jest tylko wtedy, gdy zostanie o\u015bwietlona. Ta\u015bma fotoluminescencyjna magazynuje energi\u0119 \u015bwietln\u0105, po zaniku \u017ar\u00f3d\u0142a \u015bwiat\u0142a \u015bwieci w ciemno\u015bci \u2013 bez potrzeby dodatkowego \u017ar\u00f3d\u0142a \u015bwiat\u0142a.","inLanguage":"pl-PL"},"inLanguage":"pl-PL"}]}},"_links":{"self":[{"href":"https:\/\/www.znakowo.pl\/blog\/wp-json\/wp\/v2\/posts\/8007","targetHints":{"allow":["GET"]}}],"collection":[{"href":"https:\/\/www.znakowo.pl\/blog\/wp-json\/wp\/v2\/posts"}],"about":[{"href":"https:\/\/www.znakowo.pl\/blog\/wp-json\/wp\/v2\/types\/post"}],"author":[{"embeddable":true,"href":"https:\/\/www.znakowo.pl\/blog\/wp-json\/wp\/v2\/users\/3"}],"replies":[{"embeddable":true,"href":"https:\/\/www.znakowo.pl\/blog\/wp-json\/wp\/v2\/comments?post=8007"}],"version-history":[{"count":1,"href":"https:\/\/www.znakowo.pl\/blog\/wp-json\/wp\/v2\/posts\/8007\/revisions"}],"predecessor-version":[{"id":8008,"href":"https:\/\/www.znakowo.pl\/blog\/wp-json\/wp\/v2\/posts\/8007\/revisions\/8008"}],"wp:featuredmedia":[{"embeddable":true,"href":"https:\/\/www.znakowo.pl\/blog\/wp-json\/wp\/v2\/media\/8024"}],"wp:attachment":[{"href":"https:\/\/www.znakowo.pl\/blog\/wp-json\/wp\/v2\/media?parent=8007"}],"wp:term":[{"taxonomy":"category","embeddable":true,"href":"https:\/\/www.znakowo.pl\/blog\/wp-json\/wp\/v2\/categories?post=8007"},{"taxonomy":"post_tag","embeddable":true,"href":"https:\/\/www.znakowo.pl\/blog\/wp-json\/wp\/v2\/tags?post=8007"}],"curies":[{"name":"wp","href":"https:\/\/api.w.org\/{rel}","templated":true}]}}