{"id":8264,"date":"2025-10-30T11:17:17","date_gmt":"2025-10-30T10:17:17","guid":{"rendered":"https:\/\/www.znakowo.pl\/blog\/?p=8264"},"modified":"2025-10-30T11:17:18","modified_gmt":"2025-10-30T10:17:18","slug":"samoprzylepne-tasmy-podlogowe","status":"publish","type":"post","link":"https:\/\/www.znakowo.pl\/blog\/samoprzylepne-tasmy-podlogowe\/","title":{"rendered":"Samoprzylepne ta\u015bmy pod\u0142ogowe"},"content":{"rendered":"\n<p>W\u0142a\u015bciwe oznakowanie miejsca pracy wp\u0142ywa na bezpiecze\u0144stwo i poprawia funkcjonalno\u015b\u0107 przestrzeni. Gdzie sprawdz\u0105 si\u0119 samoprzylepne ta\u015bmy pod\u0142ogowe i kiedy warto je stosowa\u0107?<\/p>\n\n<p><!--more--><\/p>\n\n<div id=\"ez-toc-container\" class=\"ez-toc-v2_0_82_2 counter-hierarchy ez-toc-counter ez-toc-grey ez-toc-container-direction\">\n<div class=\"ez-toc-title-container\">\n<p class=\"ez-toc-title\" style=\"cursor:inherit\">Spis tre\u015bci<\/p>\n<span class=\"ez-toc-title-toggle\"><a href=\"#\" class=\"ez-toc-pull-right ez-toc-btn ez-toc-btn-xs ez-toc-btn-default ez-toc-toggle\" aria-label=\"Prze\u0142\u0105cznik Spisu Tre\u015bci\"><span class=\"ez-toc-js-icon-con\"><span class=\"\"><span class=\"eztoc-hide\" style=\"display:none;\">Toggle<\/span><span class=\"ez-toc-icon-toggle-span\"><svg style=\"fill: #999;color:#999\" xmlns=\"http:\/\/www.w3.org\/2000\/svg\" class=\"list-377408\" width=\"20px\" height=\"20px\" viewBox=\"0 0 24 24\" fill=\"none\"><path d=\"M6 6H4v2h2V6zm14 0H8v2h12V6zM4 11h2v2H4v-2zm16 0H8v2h12v-2zM4 16h2v2H4v-2zm16 0H8v2h12v-2z\" fill=\"currentColor\"><\/path><\/svg><svg style=\"fill: #999;color:#999\" class=\"arrow-unsorted-368013\" xmlns=\"http:\/\/www.w3.org\/2000\/svg\" width=\"10px\" height=\"10px\" viewBox=\"0 0 24 24\" version=\"1.2\" baseProfile=\"tiny\"><path d=\"M18.2 9.3l-6.2-6.3-6.2 6.3c-.2.2-.3.4-.3.7s.1.5.3.7c.2.2.4.3.7.3h11c.3 0 .5-.1.7-.3.2-.2.3-.5.3-.7s-.1-.5-.3-.7zM5.8 14.7l6.2 6.3 6.2-6.3c.2-.2.3-.5.3-.7s-.1-.5-.3-.7c-.2-.2-.4-.3-.7-.3h-11c-.3 0-.5.1-.7.3-.2.2-.3.5-.3.7s.1.5.3.7z\"\/><\/svg><\/span><\/span><\/span><\/a><\/span><\/div>\n<nav><ul class='ez-toc-list ez-toc-list-level-1 ' ><li class='ez-toc-page-1 ez-toc-heading-level-2'><a class=\"ez-toc-link ez-toc-heading-1\" href=\"https:\/\/www.znakowo.pl\/blog\/samoprzylepne-tasmy-podlogowe\/#Samoprzylepne_tasmy_podlogowe_%E2%80%94_praktyczny_i_wygodny_sposob_na_oznakowanie_przestrzeni\" >Samoprzylepne ta\u015bmy pod\u0142ogowe \u2014 praktyczny i wygodny spos\u00f3b na oznakowanie przestrzeni<\/a><\/li><li class='ez-toc-page-1 ez-toc-heading-level-2'><a class=\"ez-toc-link ez-toc-heading-2\" href=\"https:\/\/www.znakowo.pl\/blog\/samoprzylepne-tasmy-podlogowe\/#Rodzaje_tasm_samoprzylepnych\" >Rodzaje ta\u015bm samoprzylepnych<\/a><ul class='ez-toc-list-level-3' ><li class='ez-toc-heading-level-3'><a class=\"ez-toc-link ez-toc-heading-3\" href=\"https:\/\/www.znakowo.pl\/blog\/samoprzylepne-tasmy-podlogowe\/#Samoprzylepne_tamy_oznaczeniowe\" >Samoprzylepne tamy oznaczeniowe<\/a><\/li><li class='ez-toc-page-1 ez-toc-heading-level-3'><a class=\"ez-toc-link ez-toc-heading-4\" href=\"https:\/\/www.znakowo.pl\/blog\/samoprzylepne-tasmy-podlogowe\/#Tasmy_antyposlizgowe\" >Ta\u015bmy antypo\u015blizgowe<\/a><\/li><li class='ez-toc-page-1 ez-toc-heading-level-3'><a class=\"ez-toc-link ez-toc-heading-5\" href=\"https:\/\/www.znakowo.pl\/blog\/samoprzylepne-tasmy-podlogowe\/#Tasmy_samoprzylepne_fotoluminescencyjne_i_odblaskowe\" >Ta\u015bmy samoprzylepne fotoluminescencyjne i odblaskowe<\/a><\/li><\/ul><\/li><li class='ez-toc-page-1 ez-toc-heading-level-2'><a class=\"ez-toc-link ez-toc-heading-6\" href=\"https:\/\/www.znakowo.pl\/blog\/samoprzylepne-tasmy-podlogowe\/#Zastosowanie_tasm_podlogowych\" >Zastosowanie ta\u015bm pod\u0142ogowych<\/a><\/li><li class='ez-toc-page-1 ez-toc-heading-level-2'><a class=\"ez-toc-link ez-toc-heading-7\" href=\"https:\/\/www.znakowo.pl\/blog\/samoprzylepne-tasmy-podlogowe\/#Zalety_samoprzylepnych_tasm_podlogowych\" >Zalety samoprzylepnych ta\u015bm pod\u0142ogowych<\/a><\/li><li class='ez-toc-page-1 ez-toc-heading-level-2'><a class=\"ez-toc-link ez-toc-heading-8\" href=\"https:\/\/www.znakowo.pl\/blog\/samoprzylepne-tasmy-podlogowe\/#Samoprzylepne_tasmy_podlogowe_%E2%80%94_FAQ\" >Samoprzylepne ta\u015bmy pod\u0142ogowe \u2014 FAQ<\/a><\/li><\/ul><\/nav><\/div>\n<h2 class=\"wp-block-heading\"><span class=\"ez-toc-section\" id=\"Samoprzylepne_tasmy_podlogowe_%E2%80%94_praktyczny_i_wygodny_sposob_na_oznakowanie_przestrzeni\"><\/span>Samoprzylepne ta\u015bmy pod\u0142ogowe \u2014 praktyczny i wygodny spos\u00f3b na oznakowanie przestrzeni<span class=\"ez-toc-section-end\"><\/span><\/h2>\n\n\n\n<p>Samoprzylepne ta\u015bmy pod\u0142ogowe wykorzystuje si\u0119 w r\u00f3\u017cnych miejscach do oznakowania przestrzeni. S\u0105 odpowiednie zar\u00f3wno do oznakowania tymczasowego, jak i sta\u0142ego. Bardzo cz\u0119sto stosowane s\u0105 w magazynach, zak\u0142adach produkcyjnych, ale te\u017c w budynkach u\u017cyteczno\u015bci publicznej, m.in. do wyznaczania r\u00f3\u017cnych stref i ci\u0105g\u00f3w komunikacyjnych. Ta\u015bmy z warstw\u0105 klej\u0105c\u0105 sprawdzaj\u0105 si\u0119 nie tylko przy oznakowaniu pod\u0142ogowym. Mog\u0105 by\u0107 przyklejane r\u00f3wnie\u017c na inne g\u0142adkie nawierzchnie, np. na \u015bciany czy maszyny, co sprawia, \u017ce s\u0105 bardzo uniwersalne.<\/p>\n\n\n\n<div class=\"product-small-box-content display-flex\">\n          <a href=\"https:\/\/www.znakowo.pl\/produkt\/tasma-samoprzylepna-na-podloge-510-cm-x-33m-zielona,ep_sp2,9955.html\" class=\"product-small\">\n          <div class=\"product-small-box\">\n              <div class=\"product-small-img\">\n                                    <img decoding=\"async\" src=\"https:\/\/tdc.znakowo.pl\/thumbs\/tasma-samoprzylepna-na-podloge-510-cm-x-33m-zielona-24853-9955-160-160-0.jpg\" alt=\"Ta\u015bma samoprzylepna na pod\u0142og\u0119 5\/10 cm x 33m - zielona - Samoprzylepne ta\u015bmy pod\u0142ogowe\" title=\"Ta\u015bma samoprzylepna na pod\u0142og\u0119 5\/10 cm x 33m - zielona - Samoprzylepne ta\u015bmy pod\u0142ogowe\" \/>\n              <\/div>\n              <div class=\"product-small-title\">\n                  Ta\u015bma samoprzylepna na pod\u0142og\u0119 5\/10 cm x 33m - zielona              <\/div>\n          <\/div>\n      <\/a>    \n            <a href=\"https:\/\/www.znakowo.pl\/produkt\/tasma-samoprzylepna-na-podloge-510-cm-x-33m-pomaranczowa,ep_sp12,10284.html\" class=\"product-small\">\n          <div class=\"product-small-box\">\n              <div class=\"product-small-img\">\n                                    <img decoding=\"async\" src=\"https:\/\/tdc.znakowo.pl\/thumbs\/tasma-samoprzylepna-na-podloge-510-cm-x-33m-pomaranczowa-24259-10284-160-160-0.jpg\" alt=\"Ta\u015bma samoprzylepna na pod\u0142og\u0119 5\/10 cm x 33m - pomara\u0144czowa - Samoprzylepne ta\u015bmy pod\u0142ogowe\" title=\"Ta\u015bma samoprzylepna na pod\u0142og\u0119 5\/10 cm x 33m - pomara\u0144czowa - Samoprzylepne ta\u015bmy pod\u0142ogowe\" \/>\n              <\/div>\n              <div class=\"product-small-title\">\n                  Ta\u015bma samoprzylepna na pod\u0142og\u0119 5\/10 cm x 33m - pomara\u0144czowa              <\/div>\n          <\/div>\n      <\/a>    \n            <a href=\"https:\/\/www.znakowo.pl\/produkt\/tasma-samoprzylepna-na-podloge-510-cm-x-33m-zolta,ep_sp1,9954.html\" class=\"product-small\">\n          <div class=\"product-small-box\">\n              <div class=\"product-small-img\">\n                                    <img decoding=\"async\" src=\"https:\/\/tdc.znakowo.pl\/thumbs\/tasma-samoprzylepna-na-podloge-510-cm-x-33m-zolta-24852-9954-160-160-0.jpg\" alt=\"Ta\u015bma samoprzylepna na pod\u0142og\u0119 5\/10 cm x 33m - \u017c\u00f3\u0142ta - Samoprzylepne ta\u015bmy pod\u0142ogowe\" title=\"Ta\u015bma samoprzylepna na pod\u0142og\u0119 5\/10 cm x 33m - \u017c\u00f3\u0142ta - Samoprzylepne ta\u015bmy pod\u0142ogowe\" \/>\n              <\/div>\n              <div class=\"product-small-title\">\n                  Ta\u015bma samoprzylepna na pod\u0142og\u0119 5\/10 cm x 33m - \u017c\u00f3\u0142ta              <\/div>\n          <\/div>\n      <\/a>    \n        \n    <div class=\"clearfix\"><\/div>    \n<\/div>\n\n\n\n\n<p>W niekt\u00f3rych miejscach zastosowanie ta\u015bm mo\u017ce by\u0107 bardziej praktyczne ni\u017c malowanie linii. Ta\u015bmy s\u0105 szybkie w monta\u017cu, a ich aplikacja nie wymaga specjalnych umiej\u0119tno\u015bci ani u\u017cycia dodatkowego sprz\u0119tu (<a href=\"https:\/\/www.znakowo.pl\/wozki-do-malowania-linii\/\">w\u00f3zki do malowania linii<\/a>, p\u0119dzle, farby, lakiery itp.). <strong>Klej trzyma si\u0119 dobrze pod\u0142o\u017ca, dzi\u0119ki czemu ta\u015bma pozostaje na swoim miejscu przez ca\u0142y czas eksploatacji, ale jednocze\u015bnie \u2014 gdy oznakowanie nie jest ju\u017c potrzebne \u2014 do\u015b\u0107 \u0142atwo mo\u017cna je usun\u0105\u0107<\/strong>. Po zdj\u0119ciu ta\u015bm klej nie zostawia nieestetycznych \u015blad\u00f3w. Ta\u015bmy stanowi\u0105 wi\u0119c praktyczn\u0105 metod\u0119 znakowania pod\u0142\u00f3g w miejscach, w kt\u00f3rych cz\u0119sto zmienia si\u0119 organizacja przestrzeni. Dodatkowo, w odr\u00f3\u017cnieniu od farb, nie wymagaj\u0105 wy\u0142\u0105czenia powierzchni z u\u017cytku, aby znaki mog\u0142y wyschn\u0105\u0107. Po aplikacji ta\u015bm w\u0142a\u015bciwie od razu mo\u017cna korzysta\u0107 z przestrzeni, co zapobiega przestojom w pracy.<\/p>\n\n\n\n<p>Standardowe ta\u015bmy samoprzylepne wykonuje si\u0119 z najcz\u0119\u015bciej z tworzywa PCV, kt\u00f3re charakteryzuje si\u0119 odpowiedni\u0105 wytrzyma\u0142o\u015bci\u0105 i odporno\u015bci\u0105 na \u015bcieranie, dzia\u0142anie wilgoci, wahania temperatur. <strong>Warstw\u0119 klej\u0105c\u0105 stanowi klej o bardzo dobrych parametrach, je\u015bli chodzi o przyczepno\u015b\u0107<\/strong>.<\/p>\n\n\n\n<p>Samoprzylepne ta\u015bmy pod\u0142ogowe dost\u0119pne s\u0105 w r\u00f3\u017cnych wariantach kolorystycznych (jednolite kolory i kontrastuj\u0105ce pasy) i w r\u00f3\u017cnych szeroko\u015bciach, co pozwala \u0142atwo dopasowa\u0107 je do konkretnego miejsca i zastosowania.<\/p>\n\n\n\n<h2 class=\"wp-block-heading\"><span class=\"ez-toc-section\" id=\"Rodzaje_tasm_samoprzylepnych\"><\/span>Rodzaje ta\u015bm samoprzylepnych<span class=\"ez-toc-section-end\"><\/span><\/h2>\n\n\n\n<div class=\"product-small-box-content display-flex\">\n          <a href=\"https:\/\/www.znakowo.pl\/produkt\/tasma-samoprzylepna-na-podloge-510-cm-x-33m-bialo-czerwona,ep_sp7,10263.html\" class=\"product-small\">\n          <div class=\"product-small-box\">\n              <div class=\"product-small-img\">\n                                    <img decoding=\"async\" src=\"https:\/\/tdc.znakowo.pl\/thumbs\/tasma-bialo-czerwona-24099-10263-160-160-0.jpg\" alt=\"Ta\u015bma samoprzylepna na pod\u0142og\u0119 5\/10 cm x 33m - bia\u0142o-czerwona - Samoprzylepne ta\u015bmy pod\u0142ogowe\" title=\"Ta\u015bma samoprzylepna na pod\u0142og\u0119 5\/10 cm x 33m - bia\u0142o-czerwona - Samoprzylepne ta\u015bmy pod\u0142ogowe\" \/>\n              <\/div>\n              <div class=\"product-small-title\">\n                  Ta\u015bma samoprzylepna na pod\u0142og\u0119 5\/10 cm x 33m - bia\u0142o-czerwona              <\/div>\n          <\/div>\n      <\/a>    \n            <a href=\"https:\/\/www.znakowo.pl\/produkt\/tasma-samoprzylepna-na-podloge-510-cm-x-33m-zolto-czarna,ep_sp6,9959.html\" class=\"product-small\">\n          <div class=\"product-small-box\">\n              <div class=\"product-small-img\">\n                                    <img decoding=\"async\" src=\"https:\/\/tdc.znakowo.pl\/thumbs\/tasma-winylowa-zolto-czarna-24859-9959-160-160-0.jpg\" alt=\"Ta\u015bma samoprzylepna na pod\u0142og\u0119 5\/10 cm x 33m - \u017c\u00f3\u0142to-czarna - Samoprzylepne ta\u015bmy pod\u0142ogowe\" title=\"Ta\u015bma samoprzylepna na pod\u0142og\u0119 5\/10 cm x 33m - \u017c\u00f3\u0142to-czarna - Samoprzylepne ta\u015bmy pod\u0142ogowe\" \/>\n              <\/div>\n              <div class=\"product-small-title\">\n                  Ta\u015bma samoprzylepna na pod\u0142og\u0119 5\/10 cm x 33m - \u017c\u00f3\u0142to-czarna              <\/div>\n          <\/div>\n      <\/a>    \n            <a href=\"https:\/\/www.znakowo.pl\/produkt\/tasma-samoprzylepna-na-podloge-510-cm-x-33m-bialo-niebieska,ep_sp13,10373.html\" class=\"product-small\">\n          <div class=\"product-small-box\">\n              <div class=\"product-small-img\">\n                                    <img decoding=\"async\" src=\"https:\/\/tdc.znakowo.pl\/thumbs\/tasma-samoprzylepna-na-podloge-510-cm-x-33m-bialo-niebieska-24865-10373-160-160-0.jpg\" alt=\"Ta\u015bma samoprzylepna na pod\u0142og\u0119 5\/10 cm x 33m - bia\u0142o-niebieska - Samoprzylepne ta\u015bmy pod\u0142ogowe\" title=\"Ta\u015bma samoprzylepna na pod\u0142og\u0119 5\/10 cm x 33m - bia\u0142o-niebieska - Samoprzylepne ta\u015bmy pod\u0142ogowe\" \/>\n              <\/div>\n              <div class=\"product-small-title\">\n                  Ta\u015bma samoprzylepna na pod\u0142og\u0119 5\/10 cm x 33m - bia\u0142o-niebieska              <\/div>\n          <\/div>\n      <\/a>    \n        \n    <div class=\"clearfix\"><\/div>    \n<\/div>\n\n\n\n\n<p>Ta\u015bmy pod\u0142ogowe z warstw\u0105 samoprzylepn\u0105 wyst\u0119puj\u0105 w r\u00f3\u017cnych odmianach \u2014 \u0142atwo dobra\u0107 w\u0142a\u015bciw\u0105 ta\u015bm\u0119 w zale\u017cno\u015bci od funkcji, jak\u0105 ma pe\u0142ni\u0107, oraz warunk\u00f3w panuj\u0105cych w danym miejscu. Najcz\u0119\u015bciej spotykane typy ta\u015bm samoprzylepnych to: standardowe ta\u015bmy oznaczeniowe, ta\u015bmy fotoluminescencyjne i odblaskowe, ta\u015bmy antypo\u015blizgowe. Czym si\u0119 charakteryzuj\u0105?<\/p>\n\n\n\n<h3 class=\"wp-block-heading\"><span class=\"ez-toc-section\" id=\"Samoprzylepne_tamy_oznaczeniowe\"><\/span>Samoprzylepne tamy oznaczeniowe<span class=\"ez-toc-section-end\"><\/span><\/h3>\n\n\n\n<p><a href=\"https:\/\/www.znakowo.pl\/tasmy-samoprzylepne-podlogowe-i-do-scian\/\">Ta\u015bmy oznaczeniowe z wytrzyma\u0142ego PCV<\/a> to najpopularniejszy rodzaj ta\u015bm pod\u0142ogowych. S\u0142u\u017c\u0105 przede wszystkim do organizacji przestrzeni roboczej &#8211; mog\u0105 np. wyznacza\u0107 ci\u0105gi komunikacyjne, strefy bezpiecze\u0144stwa, pola odk\u0142adcze. Stosowane s\u0105 tak\u017ce jako oznakowanie ostrzegawcze.<\/p>\n\n\n\n<p>Samoprzylepne ta\u015bmy oznaczeniowe wyst\u0119puj\u0105 w r\u00f3\u017cnych kolorach \u2014 jednolitych i w pasy. Umo\u017cliwia to dopasowanie ich do okre\u015blonego zastosowania zgodnie z zasadami BHP, ale tak\u017ce wyznaczanie na jednej przestrzeni stref o r\u00f3\u017cnym przeznaczeniu.<\/p>\n\n\n\n<p>Ta\u015bmy PCV s\u0105 wytrzyma\u0142e i elastyczne. Dobrze przylegaj\u0105 do r\u00f3\u017cnych powierzchni, a ich aplikacja jest szybka i bezproblemowa.<\/p>\n\n\n\n<h3 class=\"wp-block-heading\"><span class=\"ez-toc-section\" id=\"Tasmy_antyposlizgowe\"><\/span>Ta\u015bmy antypo\u015blizgowe<span class=\"ez-toc-section-end\"><\/span><\/h3>\n\n\n\n<div class=\"product-small-box-content display-flex\">\n          <a href=\"https:\/\/www.znakowo.pl\/produkt\/tasma-antyposlizgowa-samoprzylepna-na-podloge-2551015-cm-x-18m-zolto-czarna,ep_ap3,9962.html\" class=\"product-small\">\n          <div class=\"product-small-box\">\n              <div class=\"product-small-img\">\n                                    <img decoding=\"async\" src=\"https:\/\/tdc.znakowo.pl\/thumbs\/tasma-antyposlizgowa-samoprzylepna-na-podloge-2551015-cm-x-18m-zolto-czarna-25280-9962-160-160-0.jpg\" alt=\"Ta\u015bma antypo\u015blizgowa samoprzylepna na pod\u0142og\u0119 2,5\/5\/10\/15 cm x 18m - \u017c\u00f3\u0142to-czarna - Samoprzylepne ta\u015bmy pod\u0142ogowe\" title=\"Ta\u015bma antypo\u015blizgowa samoprzylepna na pod\u0142og\u0119 2,5\/5\/10\/15 cm x 18m - \u017c\u00f3\u0142to-czarna - Samoprzylepne ta\u015bmy pod\u0142ogowe\" \/>\n              <\/div>\n              <div class=\"product-small-title\">\n                  Ta\u015bma antypo\u015blizgowa samoprzylepna na pod\u0142og\u0119 2,5\/5\/10\/15 cm x 18m - \u017c\u00f3\u0142to-czarna              <\/div>\n          <\/div>\n      <\/a>    \n            <a href=\"https:\/\/www.znakowo.pl\/produkt\/tasma-antyposlizgowa-samoprzylepna-na-podloge-25510-cm-x-18m-bialo-czerwona,ep_ap9,10261.html\" class=\"product-small\">\n          <div class=\"product-small-box\">\n              <div class=\"product-small-img\">\n                                    <img decoding=\"async\" src=\"https:\/\/tdc.znakowo.pl\/thumbs\/tasma-antyposlizgowa-samoprzylepna-na-podloge-25510-cm-x-18m-bialo-czerwona-24075-10261-160-160-0.jpg\" alt=\"Ta\u015bma antypo\u015blizgowa samoprzylepna na pod\u0142og\u0119 2,5\/5\/10 cm x 18m - bia\u0142o-czerwona - Samoprzylepne ta\u015bmy pod\u0142ogowe\" title=\"Ta\u015bma antypo\u015blizgowa samoprzylepna na pod\u0142og\u0119 2,5\/5\/10 cm x 18m - bia\u0142o-czerwona - Samoprzylepne ta\u015bmy pod\u0142ogowe\" \/>\n              <\/div>\n              <div class=\"product-small-title\">\n                  Ta\u015bma antypo\u015blizgowa samoprzylepna na pod\u0142og\u0119 2,5\/5\/10 cm x 18m - bia\u0142o-czerwona              <\/div>\n          <\/div>\n      <\/a>    \n            <a href=\"https:\/\/www.znakowo.pl\/produkt\/tasma-antyposlizgowa-samoprzylepna-na-podloge-25510-cm-x-18m-czerwona,ep_ap7,10259.html\" class=\"product-small\">\n          <div class=\"product-small-box\">\n              <div class=\"product-small-img\">\n                                    <img decoding=\"async\" src=\"https:\/\/tdc.znakowo.pl\/thumbs\/tasma-antyposlizgowa-samoprzylepna-na-podloge-25510-cm-x-18m-czerwona-24061-10259-160-160-0.jpg\" alt=\"Ta\u015bma antypo\u015blizgowa samoprzylepna na pod\u0142og\u0119 2,5\/5\/10 cm x 18m - czerwona - Samoprzylepne ta\u015bmy pod\u0142ogowe\" title=\"Ta\u015bma antypo\u015blizgowa samoprzylepna na pod\u0142og\u0119 2,5\/5\/10 cm x 18m - czerwona - Samoprzylepne ta\u015bmy pod\u0142ogowe\" \/>\n              <\/div>\n              <div class=\"product-small-title\">\n                  Ta\u015bma antypo\u015blizgowa samoprzylepna na pod\u0142og\u0119 2,5\/5\/10 cm x 18m - czerwona              <\/div>\n          <\/div>\n      <\/a>    \n        \n    <div class=\"clearfix\"><\/div>    \n<\/div>\n\n\n\n\n<p><a href=\"https:\/\/www.znakowo.pl\/tasmy-antyposlizgowe\/\">Ta\u015bmy antypo\u015blizgowe<\/a> wyr\u00f3\u017cniaj\u0105 si\u0119 chropowat\u0105 powierzchni\u0105, kt\u00f3ra przypomina papier \u015bcierny. Warstwa o wysokim wsp\u00f3\u0142czynniku tarcia zwi\u0119ksza przyczepno\u015b\u0107 obuwia do pod\u0142o\u017ca i zapobiega po\u015blizgni\u0119ciom. S\u0142u\u017c\u0105 nie tylko do oznakowania przestrzeni \u2014 stosowanie ta\u015bmy antypo\u015blizgowych mo\u017ce minimalizowa\u0107 ryzyko wypadk\u00f3w w pracy. Mog\u0105 by\u0107 one&nbsp;wykorzystywane do oznakowania pod\u0142ogowego w miejscach niebezpiecznych, np. na stopniach schod\u00f3w, na progach i w miejscach, w kt\u00f3rych pracownicy nara\u017ceni s\u0105 na upadki. Tamy antypo\u015blizgowe bardzo cz\u0119sto nakleja si\u0119 na stopnie drabin. R\u00f3wnie\u017c wyst\u0119puj\u0105 w r\u00f3\u017cnych wariantach kolorystycznych, dost\u0119pne s\u0105 tak\u017ce jako ta\u015bmy fotoluminescencyjne.<\/p>\n\n\n\n<h3 class=\"wp-block-heading\"><span class=\"ez-toc-section\" id=\"Tasmy_samoprzylepne_fotoluminescencyjne_i_odblaskowe\"><\/span>Ta\u015bmy samoprzylepne fotoluminescencyjne i odblaskowe<span class=\"ez-toc-section-end\"><\/span><\/h3>\n\n\n\n<div class=\"product-small-box-content display-flex\">\n          <a href=\"https:\/\/www.znakowo.pl\/produkt\/tasma-antyposlizgowa-czarno-fotoluminescencyjna-10m,ep_ap_f_2,10282.html\" class=\"product-small\">\n          <div class=\"product-small-box\">\n              <div class=\"product-small-img\">\n                                    <img decoding=\"async\" src=\"https:\/\/tdc.znakowo.pl\/thumbs\/tasma-antyposlizgowa-czarno-fotoluminescencyjna-10m-24251-10282-160-160-0.jpg\" alt=\"Ta\u015bma antypo\u015blizgowa czarno-fotoluminescencyjna 10m - Samoprzylepne ta\u015bmy pod\u0142ogowe\" title=\"Ta\u015bma antypo\u015blizgowa czarno-fotoluminescencyjna 10m - Samoprzylepne ta\u015bmy pod\u0142ogowe\" \/>\n              <\/div>\n              <div class=\"product-small-title\">\n                  Ta\u015bma antypo\u015blizgowa czarno-fotoluminescencyjna 10m              <\/div>\n          <\/div>\n      <\/a>    \n            <a href=\"https:\/\/www.znakowo.pl\/produkt\/tasma-odblaskowa-samoprzylepna-mikropryzmatyczna-bialo-czerwona-ukosne-pasy,ep_odbl_10,10412.html\" class=\"product-small\">\n          <div class=\"product-small-box\">\n              <div class=\"product-small-img\">\n                                    <img decoding=\"async\" src=\"https:\/\/tdc.znakowo.pl\/thumbs\/tasma-odblaskowa-samoprzylepna-mikropryzmatyczna-bialo-czerwona-ukosne-pasy-25309-10412-160-160-0.jpg\" alt=\"Ta\u015bma odblaskowa samoprzylepna mikropryzmatyczna, bia\u0142o-czerwona uko\u015bne pasy - Samoprzylepne ta\u015bmy pod\u0142ogowe\" title=\"Ta\u015bma odblaskowa samoprzylepna mikropryzmatyczna, bia\u0142o-czerwona uko\u015bne pasy - Samoprzylepne ta\u015bmy pod\u0142ogowe\" \/>\n              <\/div>\n              <div class=\"product-small-title\">\n                  Ta\u015bma odblaskowa samoprzylepna mikropryzmatyczna, bia\u0142o-czerwona uko\u015bne pasy              <\/div>\n          <\/div>\n      <\/a>    \n            <a href=\"https:\/\/www.znakowo.pl\/produkt\/tasma-odblaskowa-samoprzylepna-konturowa-mikropryzmatyczna-zolta-neon,ep_odbl_9,10375.html\" class=\"product-small\">\n          <div class=\"product-small-box\">\n              <div class=\"product-small-img\">\n                                    <img decoding=\"async\" src=\"https:\/\/tdc.znakowo.pl\/thumbs\/tasma-odblaskowa-samoprzylepna-konturowa-mikropryzmatyczna-zolta-neon-24881-10375-160-160-0.jpg\" alt=\"Ta\u015bma odblaskowa samoprzylepna konturowa-mikropryzmatyczna, \u017c\u00f3\u0142ta, neon - Samoprzylepne ta\u015bmy pod\u0142ogowe\" title=\"Ta\u015bma odblaskowa samoprzylepna konturowa-mikropryzmatyczna, \u017c\u00f3\u0142ta, neon - Samoprzylepne ta\u015bmy pod\u0142ogowe\" \/>\n              <\/div>\n              <div class=\"product-small-title\">\n                  Ta\u015bma odblaskowa samoprzylepna konturowa-mikropryzmatyczna, \u017c\u00f3\u0142ta, neon              <\/div>\n          <\/div>\n      <\/a>    \n        \n    <div class=\"clearfix\"><\/div>    \n<\/div>\n\n\n\n\n<p><a href=\"https:\/\/www.znakowo.pl\/tasmy-odblaskowe-samoprzylepne\/\">Ta\u015bmy pod\u0142ogowe fotoluminescencyjne i odblaskowe<\/a> sprawdzaj\u0105 si\u0119 w miejscach o s\u0142abym o\u015bwietleniu i w sytuacjach awaryjnych. Oba rodzaje poprawiaj\u0105 bezpiecze\u0144stwo w miejscach niedo\u015bwietlonych, ale dzia\u0142aj\u0105 na innej zasadzie. Gdzie sprawdzaj\u0105 si\u0119 ta\u015bmy fotoluminescencyjne, a gdzie odblaskowe?<\/p>\n\n\n\n<p>Ta\u015bmy fotoluminescencyjne magazynuj\u0105 energi\u0119 \u015bwietln\u0105 (\u015bwiat\u0142o s\u0142oneczne, \u015bwiat\u0142o sztuczne), a gdy \u017ar\u00f3d\u0142o \u015bwiat\u0142a zanika \u2014 emituj\u0105 zmagazynowan\u0105 energi\u0119 w postaci \u015bwiat\u0142a. Widoczne s\u0105 w ciemno\u015bci, dlatego znajduj\u0105 zastosowanie do oznaczania dr\u00f3g ewakuacyjnych, wyj\u015b\u0107 ewakuacyjnych, kraw\u0119dzi stopni itp.<\/p>\n\n\n\n<p>Ta\u015bmy odblaskowe odbijaj\u0105 \u015bwiat\u0142o pochodz\u0105ce z zewn\u0119trznych \u017ar\u00f3de\u0142, np. latarek czy reflektor\u00f3w pojazd\u00f3w. Stosowane s\u0105 zw\u0142aszcza w miejscach s\u0142abo o\u015bwietlonych, m.in. w gara\u017cach, magazynach, halach produkcyjnych, po kt\u00f3rych poruszaj\u0105 si\u0119 pojazdy. S\u0105 znacznie lepiej widoczne ni\u017c standardowe oznakowanie. Tego typu ta\u015bmy, tak jak ta\u015bmy oznaczeniowe, dost\u0119pne s\u0105 w r\u00f3\u017cnych wariantach kolorystycznych.<\/p>\n\n\n\n<h2 class=\"wp-block-heading\"><span class=\"ez-toc-section\" id=\"Zastosowanie_tasm_podlogowych\"><\/span>Zastosowanie ta\u015bm pod\u0142ogowych<span class=\"ez-toc-section-end\"><\/span><\/h2>\n\n\n\n<p>Pod\u0142ogowe ta\u015bmy samoprzylepne pozwalaj\u0105 szybko i bezproblemowo oznakowa\u0107 i uporz\u0105dkowa\u0107 przestrze\u0144. Widoczne oznakowanie mo\u017ce wp\u0142ywa\u0107 nie tylko na bezpiecze\u0144stwo, ale tak\u017ce na usprawnienie organizacji i proces\u00f3w w miejscu pracy. Ta\u015bmy znajduj\u0105 szerokie zastosowanie w r\u00f3\u017cnych \u015brodowiskach \u2014 w halach przemys\u0142owych, magazynach, biurach, sklepach, budynkach u\u017cyteczno\u015bci publicznej i nie tylko.<\/p>\n\n\n\n<p>W halach przemys\u0142owych i w magazynach stosowane s\u0105 przede wszystkim do:<\/p>\n\n\n\n<ul class=\"wp-block-list\">\n<li>wyznaczania ci\u0105g\u00f3w komunikacyjnych (dla pieszych, w\u00f3zk\u00f3w wid\u0142owych itp.),<\/li>\n\n\n\n<li>wyznaczania obszar\u00f3w roboczych,<\/li>\n\n\n\n<li>oznaczania miejsc sk\u0142adowania towar\u00f3w (p\u00f3l odk\u0142adczych),<\/li>\n\n\n\n<li>wyznaczania stref o r\u00f3\u017cnym przeznaczeniu (np. stanowisk pracy, stref wy\u0142\u0105czonych z ruchu, stref bezpiecze\u0144stwa przy urz\u0105dzeniach).<\/li>\n<\/ul>\n\n\n\n<p>W budynkach u\u017cyteczno\u015bci publicznej, w galeriach handlowych czy marketach pe\u0142ni\u0105 przede wszystkim funkcj\u0119 organizacyjn\u0105 i informacyjn\u0105. Mog\u0105 wyznacza\u0107 strefy poruszania si\u0119 lub pomaga\u0107 w zarz\u0105dzaniu ruchem klient\u00f3w.<\/p>\n\n\n\n<p>Ta\u015bmy samoprzylepne sprawdz\u0105 si\u0119 jako oznakowanie bezpiecze\u0144stwa. Warto przypomnie\u0107, \u017ce zgodnie z rozporz\u0105dzeniem w sprawie og\u00f3lnych przepis\u00f3w BHP:<\/p>\n\n\n\n<ul class=\"wp-block-list\">\n<li><em>miejsca w zak\u0142adzie pracy, w kt\u00f3rych istnieje ryzyko kolizji z przeszkodami, upadku lub spadania przedmiot\u00f3w, powinny by\u0107 oznakowane sko\u015bnymi pasami \u2014 na przemian \u017c\u00f3\u0142tymi i czarnymi lub czerwonymi i bia\u0142ymi;<\/em><\/li>\n\n\n\n<li><em>drogi w budynkach powinny by\u0107 wyra\u017anie wyznaczone za pomoc\u0105 ci\u0105g\u0142ych pas\u00f3w o dobrze widocznej barwy (z uwzgl\u0119dnieniem barwy pod\u0142o\u017ca) \u2014 najlepiej \u017c\u00f3\u0142tej lub bia\u0142ej.<\/em><\/li>\n<\/ul>\n\n\n\n<h2 class=\"wp-block-heading\"><span class=\"ez-toc-section\" id=\"Zalety_samoprzylepnych_tasm_podlogowych\"><\/span>Zalety samoprzylepnych ta\u015bm pod\u0142ogowych<span class=\"ez-toc-section-end\"><\/span><\/h2>\n\n\n\n<ul class=\"wp-block-list\">\n<li><strong>\u0141atwa i szybka aplikacja bez zabrudze\u0144.<\/strong> Aby nanie\u015b\u0107 oznakowanie, wystarczy przyklei\u0107 ta\u015bm\u0119 w odpowiednim miejscu. Nawierzchnia, na kt\u00f3r\u0105 aplikowana jest ta\u015bma, nie wymaga skomplikowanego przygotowania, jednak powinna by\u0107 sucha i oczyszczona.<\/li>\n\n\n\n<li><strong>\u0141atwe usuwanie. <\/strong>W razie potrzeby ta\u015bm\u0119 mo\u017cna \u0142atwo i bezpiecznie usun\u0105\u0107, delikatnie odklejaj\u0105c j\u0105 od pod\u0142o\u017ca.<\/li>\n\n\n\n<li><strong>Ograniczenie przestoj\u00f3w w pracy. <\/strong>Po aplikacji ta\u015bmy przestrze\u0144 nie musi by\u0107 wy\u0142\u0105czona z ruchu, tak jak np. po malowaniu oznakowania.<\/li>\n\n\n\n<li><strong>Elastyczno\u015b\u0107 oznakowania.<\/strong> Gdy ta\u015bmy nie s\u0105 ju\u017c potrzebne w danym miejscu, \u0142atwo je usun\u0105\u0107. Oznakowanie \u0142atwo wymieni\u0107, np. gdy zmienia si\u0119 uk\u0142ad stanowisk lub organizacja przestrzeni.<\/li>\n\n\n\n<li><strong>Trwa\u0142o\u015b\u0107 i odporno\u015b\u0107 na r\u00f3\u017cne warunki. <\/strong>Ta\u015bmy z PCV s\u0105 elastyczne, odporne na zabrudzenia i wilgo\u0107. Dobrze przylegaj\u0105 do powierzchni i nie odklejaj\u0105 si\u0119.<\/li>\n\n\n\n<li><strong>Czytelne oznakowanie. <\/strong>Odpowiednie oznakowanie stref roboczych i ci\u0105g\u00f3w komunikacyjnych sprzyja bezpiecze\u0144stwu i lepszej organizacji pracy.<\/li>\n\n\n\n<li><strong>R\u00f3\u017cne warianty kolorystyczne. <\/strong>Oznaczenia \u0142atwo dopasowa\u0107 do wymog\u00f3w BHP, kolorowe ta\u015bmy mog\u0105 s\u0142u\u017cy\u0107 do oznakowania stref o r\u00f3\u017cnym przeznaczeniu.<\/li>\n\n\n\n<li><strong>Poprawa bezpiecze\u0144stwa. <\/strong>Stosowanie ta\u015bm fotoluminescencyjnych, odblaskowych i antypo\u015blizgowych mo\u017ce zwi\u0119ksza\u0107 bezpiecze\u0144stwo u\u017cytkownik\u00f3w.<\/li>\n<\/ul>\n\n\n\n<h2 class=\"wp-block-heading\"><span class=\"ez-toc-section\" id=\"Samoprzylepne_tasmy_podlogowe_%E2%80%94_FAQ\"><\/span>Samoprzylepne ta\u015bmy pod\u0142ogowe \u2014 FAQ<span class=\"ez-toc-section-end\"><\/span><\/h2>\n\n\n\n<div class=\"schema-faq wp-block-yoast-faq-block\"><div class=\"schema-faq-section\" id=\"faq-question-1760994929710\"><strong class=\"schema-faq-question\"><strong>Czy ta\u015bmy samoprzylepne mog\u0105 zast\u0105pi\u0107 malowanie linii?<\/strong><\/strong> <p class=\"schema-faq-answer\">Tak. W wielu przypadkach aplikacja ta\u015bm jest o wiele praktyczniejsza i wygodniejsza ni\u017c malowanie linii. Ta\u015bmy wystarczy naklei\u0107 w odpowiednim miejscu. Nanoszenie takiego oznakowania nie wymaga dodatkowego sprz\u0119tu, a powierzchnia nie musi by\u0107 wy\u0142\u0105czona z ruchu \u2013 jak w przypadku farby, kt\u00f3ra musi wyschn\u0105\u0107.<\/p> <\/div> <div class=\"schema-faq-section\" id=\"faq-question-1760994944115\"><strong class=\"schema-faq-question\"><strong>Czy ta\u015bmy mo\u017cna usun\u0105\u0107 bez uszkodzenia pod\u0142o\u017ca?<\/strong><\/strong> <p class=\"schema-faq-answer\">Tak. Jedn\u0105 z zalet pod\u0142ogowych ta\u015bm samoprzylepnych jest mo\u017cliwo\u015b\u0107 bezproblemowego usuni\u0119cia oznakowania. Przy ostro\u017cnym odklejeniu ta\u015bmy, klej nie powinien zostawi\u0107 \u015blad\u00f3w ani uszkodzi\u0107 nawierzchni.<\/p> <\/div> <\/div>\n","protected":false},"excerpt":{"rendered":"<p>W\u0142a\u015bciwe oznakowanie miejsca pracy wp\u0142ywa na bezpiecze\u0144stwo i poprawia funkcjonalno\u015b\u0107 przestrzeni. Gdzie sprawdz\u0105 si\u0119 samoprzylepne ta\u015bmy pod\u0142ogowe i kiedy warto je stosowa\u0107?<\/p>\n","protected":false},"author":3,"featured_media":8276,"comment_status":"closed","ping_status":"closed","sticky":false,"template":"","format":"standard","meta":{"_acf_changed":false,"footnotes":""},"categories":[118],"tags":[],"class_list":["post-8264","post","type-post","status-publish","format-standard","has-post-thumbnail","hentry","category-oznakowanie-obiektow"],"acf":[],"yoast_head":"<!-- This site is optimized with the Yoast SEO plugin v27.4 - https:\/\/yoast.com\/product\/yoast-seo-wordpress\/ -->\n<title>Samoprzylepne ta\u015bmy pod\u0142ogowe<\/title>\n<meta name=\"description\" content=\"Samoprzylepne ta\u015bmy pod\u0142ogowe: jakie s\u0105 rodzaje ta\u015bm samoprzylepnych, gdzie si\u0119 sprawdzaj\u0105 i dlaczego warto je stosowa\u0107?\" \/>\n<meta name=\"robots\" content=\"index, follow, max-snippet:-1, max-image-preview:large, max-video-preview:-1\" \/>\n<link rel=\"canonical\" href=\"https:\/\/www.znakowo.pl\/blog\/samoprzylepne-tasmy-podlogowe\/\" \/>\n<meta property=\"og:locale\" content=\"pl_PL\" \/>\n<meta property=\"og:type\" content=\"article\" \/>\n<meta property=\"og:title\" content=\"Samoprzylepne ta\u015bmy pod\u0142ogowe\" \/>\n<meta property=\"og:description\" content=\"Samoprzylepne ta\u015bmy pod\u0142ogowe: jakie s\u0105 rodzaje ta\u015bm samoprzylepnych, gdzie si\u0119 sprawdzaj\u0105 i dlaczego warto je stosowa\u0107?\" \/>\n<meta property=\"og:url\" content=\"https:\/\/www.znakowo.pl\/blog\/samoprzylepne-tasmy-podlogowe\/\" \/>\n<meta property=\"og:site_name\" content=\"Blog znakowo.pl\" \/>\n<meta property=\"article:publisher\" content=\"https:\/\/www.facebook.com\/Znakowo\/\" \/>\n<meta property=\"article:published_time\" content=\"2025-10-30T10:17:17+00:00\" \/>\n<meta property=\"article:modified_time\" content=\"2025-10-30T10:17:18+00:00\" \/>\n<meta property=\"og:image\" content=\"https:\/\/www.znakowo.pl\/blog\/wp-content\/uploads\/2025\/10\/2148863826.jpg\" \/>\n\t<meta property=\"og:image:width\" content=\"1000\" \/>\n\t<meta property=\"og:image:height\" content=\"667\" \/>\n\t<meta property=\"og:image:type\" content=\"image\/jpeg\" \/>\n<meta name=\"author\" content=\"Julita Krzemi\u0144ska\" \/>\n<meta name=\"twitter:card\" content=\"summary_large_image\" \/>\n<meta name=\"twitter:label1\" content=\"Napisane przez\" \/>\n\t<meta name=\"twitter:data1\" content=\"Julita Krzemi\u0144ska\" \/>\n\t<meta name=\"twitter:label2\" content=\"Szacowany czas czytania\" \/>\n\t<meta name=\"twitter:data2\" content=\"7 minut\" \/>\n<script type=\"application\/ld+json\" class=\"yoast-schema-graph\">{\"@context\":\"https:\\\/\\\/schema.org\",\"@graph\":[{\"@type\":\"Article\",\"@id\":\"https:\\\/\\\/www.znakowo.pl\\\/blog\\\/samoprzylepne-tasmy-podlogowe\\\/#article\",\"isPartOf\":{\"@id\":\"https:\\\/\\\/www.znakowo.pl\\\/blog\\\/samoprzylepne-tasmy-podlogowe\\\/\"},\"author\":{\"name\":\"Julita Krzemi\u0144ska\",\"@id\":\"https:\\\/\\\/www.znakowo.pl\\\/blog\\\/#\\\/schema\\\/person\\\/a29ddb53515b4cfd337f1582146267d9\"},\"headline\":\"Samoprzylepne ta\u015bmy pod\u0142ogowe\",\"datePublished\":\"2025-10-30T10:17:17+00:00\",\"dateModified\":\"2025-10-30T10:17:18+00:00\",\"mainEntityOfPage\":{\"@id\":\"https:\\\/\\\/www.znakowo.pl\\\/blog\\\/samoprzylepne-tasmy-podlogowe\\\/\"},\"wordCount\":1389,\"publisher\":{\"@id\":\"https:\\\/\\\/www.znakowo.pl\\\/blog\\\/#organization\"},\"image\":{\"@id\":\"https:\\\/\\\/www.znakowo.pl\\\/blog\\\/samoprzylepne-tasmy-podlogowe\\\/#primaryimage\"},\"thumbnailUrl\":\"https:\\\/\\\/www.znakowo.pl\\\/blog\\\/wp-content\\\/uploads\\\/2025\\\/10\\\/2148863826.jpg\",\"articleSection\":[\"Oznakowanie obiekt\u00f3w\"],\"inLanguage\":\"pl-PL\"},{\"@type\":[\"WebPage\",\"FAQPage\"],\"@id\":\"https:\\\/\\\/www.znakowo.pl\\\/blog\\\/samoprzylepne-tasmy-podlogowe\\\/\",\"url\":\"https:\\\/\\\/www.znakowo.pl\\\/blog\\\/samoprzylepne-tasmy-podlogowe\\\/\",\"name\":\"Samoprzylepne ta\u015bmy pod\u0142ogowe\",\"isPartOf\":{\"@id\":\"https:\\\/\\\/www.znakowo.pl\\\/blog\\\/#website\"},\"primaryImageOfPage\":{\"@id\":\"https:\\\/\\\/www.znakowo.pl\\\/blog\\\/samoprzylepne-tasmy-podlogowe\\\/#primaryimage\"},\"image\":{\"@id\":\"https:\\\/\\\/www.znakowo.pl\\\/blog\\\/samoprzylepne-tasmy-podlogowe\\\/#primaryimage\"},\"thumbnailUrl\":\"https:\\\/\\\/www.znakowo.pl\\\/blog\\\/wp-content\\\/uploads\\\/2025\\\/10\\\/2148863826.jpg\",\"datePublished\":\"2025-10-30T10:17:17+00:00\",\"dateModified\":\"2025-10-30T10:17:18+00:00\",\"description\":\"Samoprzylepne ta\u015bmy pod\u0142ogowe: jakie s\u0105 rodzaje ta\u015bm samoprzylepnych, gdzie si\u0119 sprawdzaj\u0105 i dlaczego warto je stosowa\u0107?\",\"breadcrumb\":{\"@id\":\"https:\\\/\\\/www.znakowo.pl\\\/blog\\\/samoprzylepne-tasmy-podlogowe\\\/#breadcrumb\"},\"mainEntity\":[{\"@id\":\"https:\\\/\\\/www.znakowo.pl\\\/blog\\\/samoprzylepne-tasmy-podlogowe\\\/#faq-question-1760994929710\"},{\"@id\":\"https:\\\/\\\/www.znakowo.pl\\\/blog\\\/samoprzylepne-tasmy-podlogowe\\\/#faq-question-1760994944115\"}],\"inLanguage\":\"pl-PL\",\"potentialAction\":[{\"@type\":\"ReadAction\",\"target\":[\"https:\\\/\\\/www.znakowo.pl\\\/blog\\\/samoprzylepne-tasmy-podlogowe\\\/\"]}]},{\"@type\":\"ImageObject\",\"inLanguage\":\"pl-PL\",\"@id\":\"https:\\\/\\\/www.znakowo.pl\\\/blog\\\/samoprzylepne-tasmy-podlogowe\\\/#primaryimage\",\"url\":\"https:\\\/\\\/www.znakowo.pl\\\/blog\\\/wp-content\\\/uploads\\\/2025\\\/10\\\/2148863826.jpg\",\"contentUrl\":\"https:\\\/\\\/www.znakowo.pl\\\/blog\\\/wp-content\\\/uploads\\\/2025\\\/10\\\/2148863826.jpg\",\"width\":1000,\"height\":667,\"caption\":\"Samoprzylepne tasmy podlogowe\"},{\"@type\":\"BreadcrumbList\",\"@id\":\"https:\\\/\\\/www.znakowo.pl\\\/blog\\\/samoprzylepne-tasmy-podlogowe\\\/#breadcrumb\",\"itemListElement\":[{\"@type\":\"ListItem\",\"position\":1,\"name\":\"Strona g\u0142\u00f3wna\",\"item\":\"https:\\\/\\\/www.znakowo.pl\\\/blog\\\/\"},{\"@type\":\"ListItem\",\"position\":2,\"name\":\"Samoprzylepne ta\u015bmy pod\u0142ogowe\"}]},{\"@type\":\"WebSite\",\"@id\":\"https:\\\/\\\/www.znakowo.pl\\\/blog\\\/#website\",\"url\":\"https:\\\/\\\/www.znakowo.pl\\\/blog\\\/\",\"name\":\"Blog znakowo.pl\",\"description\":\"\",\"publisher\":{\"@id\":\"https:\\\/\\\/www.znakowo.pl\\\/blog\\\/#organization\"},\"potentialAction\":[{\"@type\":\"SearchAction\",\"target\":{\"@type\":\"EntryPoint\",\"urlTemplate\":\"https:\\\/\\\/www.znakowo.pl\\\/blog\\\/?s={search_term_string}\"},\"query-input\":{\"@type\":\"PropertyValueSpecification\",\"valueRequired\":true,\"valueName\":\"search_term_string\"}}],\"inLanguage\":\"pl-PL\"},{\"@type\":\"Organization\",\"@id\":\"https:\\\/\\\/www.znakowo.pl\\\/blog\\\/#organization\",\"name\":\"Znakowo.pl\",\"url\":\"https:\\\/\\\/www.znakowo.pl\\\/blog\\\/\",\"logo\":{\"@type\":\"ImageObject\",\"inLanguage\":\"pl-PL\",\"@id\":\"https:\\\/\\\/www.znakowo.pl\\\/blog\\\/#\\\/schema\\\/logo\\\/image\\\/\",\"url\":\"https:\\\/\\\/www.znakowo.pl\\\/blog\\\/wp-content\\\/uploads\\\/2017\\\/05\\\/logo_1.png\",\"contentUrl\":\"https:\\\/\\\/www.znakowo.pl\\\/blog\\\/wp-content\\\/uploads\\\/2017\\\/05\\\/logo_1.png\",\"width\":277,\"height\":94,\"caption\":\"Znakowo.pl\"},\"image\":{\"@id\":\"https:\\\/\\\/www.znakowo.pl\\\/blog\\\/#\\\/schema\\\/logo\\\/image\\\/\"},\"sameAs\":[\"https:\\\/\\\/www.facebook.com\\\/Znakowo\\\/\"]},{\"@type\":\"Person\",\"@id\":\"https:\\\/\\\/www.znakowo.pl\\\/blog\\\/#\\\/schema\\\/person\\\/a29ddb53515b4cfd337f1582146267d9\",\"name\":\"Julita Krzemi\u0144ska\",\"image\":{\"@type\":\"ImageObject\",\"inLanguage\":\"pl-PL\",\"@id\":\"https:\\\/\\\/secure.gravatar.com\\\/avatar\\\/e6adac54b1d18b21f8567cc6208ef43409e661f1070cf8be2e6912306b99d439?s=96&d=mm&r=g\",\"url\":\"https:\\\/\\\/secure.gravatar.com\\\/avatar\\\/e6adac54b1d18b21f8567cc6208ef43409e661f1070cf8be2e6912306b99d439?s=96&d=mm&r=g\",\"contentUrl\":\"https:\\\/\\\/secure.gravatar.com\\\/avatar\\\/e6adac54b1d18b21f8567cc6208ef43409e661f1070cf8be2e6912306b99d439?s=96&d=mm&r=g\",\"caption\":\"Julita Krzemi\u0144ska\"},\"url\":\"https:\\\/\\\/www.znakowo.pl\\\/blog\\\/author\\\/jkrzeminska\\\/\"},{\"@type\":\"Question\",\"@id\":\"https:\\\/\\\/www.znakowo.pl\\\/blog\\\/samoprzylepne-tasmy-podlogowe\\\/#faq-question-1760994929710\",\"position\":1,\"url\":\"https:\\\/\\\/www.znakowo.pl\\\/blog\\\/samoprzylepne-tasmy-podlogowe\\\/#faq-question-1760994929710\",\"name\":\"Czy ta\u015bmy samoprzylepne mog\u0105 zast\u0105pi\u0107 malowanie linii?\",\"answerCount\":1,\"acceptedAnswer\":{\"@type\":\"Answer\",\"text\":\"Tak. W wielu przypadkach aplikacja ta\u015bm jest o wiele praktyczniejsza i wygodniejsza ni\u017c malowanie linii. Ta\u015bmy wystarczy naklei\u0107 w odpowiednim miejscu. Nanoszenie takiego oznakowania nie wymaga dodatkowego sprz\u0119tu, a powierzchnia nie musi by\u0107 wy\u0142\u0105czona z ruchu \u2013 jak w przypadku farby, kt\u00f3ra musi wyschn\u0105\u0107.\",\"inLanguage\":\"pl-PL\"},\"inLanguage\":\"pl-PL\"},{\"@type\":\"Question\",\"@id\":\"https:\\\/\\\/www.znakowo.pl\\\/blog\\\/samoprzylepne-tasmy-podlogowe\\\/#faq-question-1760994944115\",\"position\":2,\"url\":\"https:\\\/\\\/www.znakowo.pl\\\/blog\\\/samoprzylepne-tasmy-podlogowe\\\/#faq-question-1760994944115\",\"name\":\"Czy ta\u015bmy mo\u017cna usun\u0105\u0107 bez uszkodzenia pod\u0142o\u017ca?\",\"answerCount\":1,\"acceptedAnswer\":{\"@type\":\"Answer\",\"text\":\"Tak. Jedn\u0105 z zalet pod\u0142ogowych ta\u015bm samoprzylepnych jest mo\u017cliwo\u015b\u0107 bezproblemowego usuni\u0119cia oznakowania. Przy ostro\u017cnym odklejeniu ta\u015bmy, klej nie powinien zostawi\u0107 \u015blad\u00f3w ani uszkodzi\u0107 nawierzchni.\",\"inLanguage\":\"pl-PL\"},\"inLanguage\":\"pl-PL\"}]}<\/script>\n<!-- \/ Yoast SEO plugin. -->","yoast_head_json":{"title":"Samoprzylepne ta\u015bmy pod\u0142ogowe","description":"Samoprzylepne ta\u015bmy pod\u0142ogowe: jakie s\u0105 rodzaje ta\u015bm samoprzylepnych, gdzie si\u0119 sprawdzaj\u0105 i dlaczego warto je stosowa\u0107?","robots":{"index":"index","follow":"follow","max-snippet":"max-snippet:-1","max-image-preview":"max-image-preview:large","max-video-preview":"max-video-preview:-1"},"canonical":"https:\/\/www.znakowo.pl\/blog\/samoprzylepne-tasmy-podlogowe\/","og_locale":"pl_PL","og_type":"article","og_title":"Samoprzylepne ta\u015bmy pod\u0142ogowe","og_description":"Samoprzylepne ta\u015bmy pod\u0142ogowe: jakie s\u0105 rodzaje ta\u015bm samoprzylepnych, gdzie si\u0119 sprawdzaj\u0105 i dlaczego warto je stosowa\u0107?","og_url":"https:\/\/www.znakowo.pl\/blog\/samoprzylepne-tasmy-podlogowe\/","og_site_name":"Blog znakowo.pl","article_publisher":"https:\/\/www.facebook.com\/Znakowo\/","article_published_time":"2025-10-30T10:17:17+00:00","article_modified_time":"2025-10-30T10:17:18+00:00","og_image":[{"width":1000,"height":667,"url":"https:\/\/www.znakowo.pl\/blog\/wp-content\/uploads\/2025\/10\/2148863826.jpg","type":"image\/jpeg"}],"author":"Julita Krzemi\u0144ska","twitter_card":"summary_large_image","twitter_misc":{"Napisane przez":"Julita Krzemi\u0144ska","Szacowany czas czytania":"7 minut"},"schema":{"@context":"https:\/\/schema.org","@graph":[{"@type":"Article","@id":"https:\/\/www.znakowo.pl\/blog\/samoprzylepne-tasmy-podlogowe\/#article","isPartOf":{"@id":"https:\/\/www.znakowo.pl\/blog\/samoprzylepne-tasmy-podlogowe\/"},"author":{"name":"Julita Krzemi\u0144ska","@id":"https:\/\/www.znakowo.pl\/blog\/#\/schema\/person\/a29ddb53515b4cfd337f1582146267d9"},"headline":"Samoprzylepne ta\u015bmy pod\u0142ogowe","datePublished":"2025-10-30T10:17:17+00:00","dateModified":"2025-10-30T10:17:18+00:00","mainEntityOfPage":{"@id":"https:\/\/www.znakowo.pl\/blog\/samoprzylepne-tasmy-podlogowe\/"},"wordCount":1389,"publisher":{"@id":"https:\/\/www.znakowo.pl\/blog\/#organization"},"image":{"@id":"https:\/\/www.znakowo.pl\/blog\/samoprzylepne-tasmy-podlogowe\/#primaryimage"},"thumbnailUrl":"https:\/\/www.znakowo.pl\/blog\/wp-content\/uploads\/2025\/10\/2148863826.jpg","articleSection":["Oznakowanie obiekt\u00f3w"],"inLanguage":"pl-PL"},{"@type":["WebPage","FAQPage"],"@id":"https:\/\/www.znakowo.pl\/blog\/samoprzylepne-tasmy-podlogowe\/","url":"https:\/\/www.znakowo.pl\/blog\/samoprzylepne-tasmy-podlogowe\/","name":"Samoprzylepne ta\u015bmy pod\u0142ogowe","isPartOf":{"@id":"https:\/\/www.znakowo.pl\/blog\/#website"},"primaryImageOfPage":{"@id":"https:\/\/www.znakowo.pl\/blog\/samoprzylepne-tasmy-podlogowe\/#primaryimage"},"image":{"@id":"https:\/\/www.znakowo.pl\/blog\/samoprzylepne-tasmy-podlogowe\/#primaryimage"},"thumbnailUrl":"https:\/\/www.znakowo.pl\/blog\/wp-content\/uploads\/2025\/10\/2148863826.jpg","datePublished":"2025-10-30T10:17:17+00:00","dateModified":"2025-10-30T10:17:18+00:00","description":"Samoprzylepne ta\u015bmy pod\u0142ogowe: jakie s\u0105 rodzaje ta\u015bm samoprzylepnych, gdzie si\u0119 sprawdzaj\u0105 i dlaczego warto je stosowa\u0107?","breadcrumb":{"@id":"https:\/\/www.znakowo.pl\/blog\/samoprzylepne-tasmy-podlogowe\/#breadcrumb"},"mainEntity":[{"@id":"https:\/\/www.znakowo.pl\/blog\/samoprzylepne-tasmy-podlogowe\/#faq-question-1760994929710"},{"@id":"https:\/\/www.znakowo.pl\/blog\/samoprzylepne-tasmy-podlogowe\/#faq-question-1760994944115"}],"inLanguage":"pl-PL","potentialAction":[{"@type":"ReadAction","target":["https:\/\/www.znakowo.pl\/blog\/samoprzylepne-tasmy-podlogowe\/"]}]},{"@type":"ImageObject","inLanguage":"pl-PL","@id":"https:\/\/www.znakowo.pl\/blog\/samoprzylepne-tasmy-podlogowe\/#primaryimage","url":"https:\/\/www.znakowo.pl\/blog\/wp-content\/uploads\/2025\/10\/2148863826.jpg","contentUrl":"https:\/\/www.znakowo.pl\/blog\/wp-content\/uploads\/2025\/10\/2148863826.jpg","width":1000,"height":667,"caption":"Samoprzylepne tasmy podlogowe"},{"@type":"BreadcrumbList","@id":"https:\/\/www.znakowo.pl\/blog\/samoprzylepne-tasmy-podlogowe\/#breadcrumb","itemListElement":[{"@type":"ListItem","position":1,"name":"Strona g\u0142\u00f3wna","item":"https:\/\/www.znakowo.pl\/blog\/"},{"@type":"ListItem","position":2,"name":"Samoprzylepne ta\u015bmy pod\u0142ogowe"}]},{"@type":"WebSite","@id":"https:\/\/www.znakowo.pl\/blog\/#website","url":"https:\/\/www.znakowo.pl\/blog\/","name":"Blog znakowo.pl","description":"","publisher":{"@id":"https:\/\/www.znakowo.pl\/blog\/#organization"},"potentialAction":[{"@type":"SearchAction","target":{"@type":"EntryPoint","urlTemplate":"https:\/\/www.znakowo.pl\/blog\/?s={search_term_string}"},"query-input":{"@type":"PropertyValueSpecification","valueRequired":true,"valueName":"search_term_string"}}],"inLanguage":"pl-PL"},{"@type":"Organization","@id":"https:\/\/www.znakowo.pl\/blog\/#organization","name":"Znakowo.pl","url":"https:\/\/www.znakowo.pl\/blog\/","logo":{"@type":"ImageObject","inLanguage":"pl-PL","@id":"https:\/\/www.znakowo.pl\/blog\/#\/schema\/logo\/image\/","url":"https:\/\/www.znakowo.pl\/blog\/wp-content\/uploads\/2017\/05\/logo_1.png","contentUrl":"https:\/\/www.znakowo.pl\/blog\/wp-content\/uploads\/2017\/05\/logo_1.png","width":277,"height":94,"caption":"Znakowo.pl"},"image":{"@id":"https:\/\/www.znakowo.pl\/blog\/#\/schema\/logo\/image\/"},"sameAs":["https:\/\/www.facebook.com\/Znakowo\/"]},{"@type":"Person","@id":"https:\/\/www.znakowo.pl\/blog\/#\/schema\/person\/a29ddb53515b4cfd337f1582146267d9","name":"Julita Krzemi\u0144ska","image":{"@type":"ImageObject","inLanguage":"pl-PL","@id":"https:\/\/secure.gravatar.com\/avatar\/e6adac54b1d18b21f8567cc6208ef43409e661f1070cf8be2e6912306b99d439?s=96&d=mm&r=g","url":"https:\/\/secure.gravatar.com\/avatar\/e6adac54b1d18b21f8567cc6208ef43409e661f1070cf8be2e6912306b99d439?s=96&d=mm&r=g","contentUrl":"https:\/\/secure.gravatar.com\/avatar\/e6adac54b1d18b21f8567cc6208ef43409e661f1070cf8be2e6912306b99d439?s=96&d=mm&r=g","caption":"Julita Krzemi\u0144ska"},"url":"https:\/\/www.znakowo.pl\/blog\/author\/jkrzeminska\/"},{"@type":"Question","@id":"https:\/\/www.znakowo.pl\/blog\/samoprzylepne-tasmy-podlogowe\/#faq-question-1760994929710","position":1,"url":"https:\/\/www.znakowo.pl\/blog\/samoprzylepne-tasmy-podlogowe\/#faq-question-1760994929710","name":"Czy ta\u015bmy samoprzylepne mog\u0105 zast\u0105pi\u0107 malowanie linii?","answerCount":1,"acceptedAnswer":{"@type":"Answer","text":"Tak. W wielu przypadkach aplikacja ta\u015bm jest o wiele praktyczniejsza i wygodniejsza ni\u017c malowanie linii. Ta\u015bmy wystarczy naklei\u0107 w odpowiednim miejscu. Nanoszenie takiego oznakowania nie wymaga dodatkowego sprz\u0119tu, a powierzchnia nie musi by\u0107 wy\u0142\u0105czona z ruchu \u2013 jak w przypadku farby, kt\u00f3ra musi wyschn\u0105\u0107.","inLanguage":"pl-PL"},"inLanguage":"pl-PL"},{"@type":"Question","@id":"https:\/\/www.znakowo.pl\/blog\/samoprzylepne-tasmy-podlogowe\/#faq-question-1760994944115","position":2,"url":"https:\/\/www.znakowo.pl\/blog\/samoprzylepne-tasmy-podlogowe\/#faq-question-1760994944115","name":"Czy ta\u015bmy mo\u017cna usun\u0105\u0107 bez uszkodzenia pod\u0142o\u017ca?","answerCount":1,"acceptedAnswer":{"@type":"Answer","text":"Tak. Jedn\u0105 z zalet pod\u0142ogowych ta\u015bm samoprzylepnych jest mo\u017cliwo\u015b\u0107 bezproblemowego usuni\u0119cia oznakowania. Przy ostro\u017cnym odklejeniu ta\u015bmy, klej nie powinien zostawi\u0107 \u015blad\u00f3w ani uszkodzi\u0107 nawierzchni.","inLanguage":"pl-PL"},"inLanguage":"pl-PL"}]}},"_links":{"self":[{"href":"https:\/\/www.znakowo.pl\/blog\/wp-json\/wp\/v2\/posts\/8264","targetHints":{"allow":["GET"]}}],"collection":[{"href":"https:\/\/www.znakowo.pl\/blog\/wp-json\/wp\/v2\/posts"}],"about":[{"href":"https:\/\/www.znakowo.pl\/blog\/wp-json\/wp\/v2\/types\/post"}],"author":[{"embeddable":true,"href":"https:\/\/www.znakowo.pl\/blog\/wp-json\/wp\/v2\/users\/3"}],"replies":[{"embeddable":true,"href":"https:\/\/www.znakowo.pl\/blog\/wp-json\/wp\/v2\/comments?post=8264"}],"version-history":[{"count":2,"href":"https:\/\/www.znakowo.pl\/blog\/wp-json\/wp\/v2\/posts\/8264\/revisions"}],"predecessor-version":[{"id":8266,"href":"https:\/\/www.znakowo.pl\/blog\/wp-json\/wp\/v2\/posts\/8264\/revisions\/8266"}],"wp:featuredmedia":[{"embeddable":true,"href":"https:\/\/www.znakowo.pl\/blog\/wp-json\/wp\/v2\/media\/8276"}],"wp:attachment":[{"href":"https:\/\/www.znakowo.pl\/blog\/wp-json\/wp\/v2\/media?parent=8264"}],"wp:term":[{"taxonomy":"category","embeddable":true,"href":"https:\/\/www.znakowo.pl\/blog\/wp-json\/wp\/v2\/categories?post=8264"},{"taxonomy":"post_tag","embeddable":true,"href":"https:\/\/www.znakowo.pl\/blog\/wp-json\/wp\/v2\/tags?post=8264"}],"curies":[{"name":"wp","href":"https:\/\/api.w.org\/{rel}","templated":true}]}}